{"id":72913,"date":"2018-05-09T00:03:36","date_gmt":"2018-05-09T05:03:36","guid":{"rendered":"http:\/\/www.reconoce.mx\/?p=72913"},"modified":"2018-05-09T09:58:32","modified_gmt":"2018-05-09T14:58:32","slug":"tu-mama-no-me-quiere-de-vago","status":"publish","type":"post","link":"https:\/\/www.reconoce.mx\/?p=72913","title":{"rendered":"&#8216;Tu mam\u00e1 no me quiere&#8217;, de Vago"},"content":{"rendered":"<p><a href=\"http:\/\/www.reconoce.mx\/category\/cultura\/musica\/miercoles-nostalgico\/\"><img loading=\"lazy\" decoding=\"async\" class=\"aligncenter size-full wp-image-38360\" src=\"http:\/\/www.reconoce.mx\/wp-content\/uploads\/2015\/06\/Miercoles.png\" alt=\"Martes\" width=\"550\" height=\"70\" \/><\/a><strong><br \/>\nPor <a title=\"@AsfaltosTweets\" href=\"http:\/\/twitter.com\/AsfaltosTweets\" target=\"_blank\" rel=\"noopener\">Asfaltos<\/a><\/strong>.<\/p>\n<p>Si los brit\u00e1nicos tienen a Mick Jagger, \u00a1en M\u00e9xico tenemos a <strong>Charlie Monttana<\/strong>! S\u00ed, claro que <strong>Alex Lora<\/strong> es tambi\u00e9n una de las figuras relevantes del rock nacional, pero <strong>Charlie Monttana<\/strong> es quien vive quiz\u00e1 m\u00e1s al extremo su realidad como rockero. S\u00ed, con una vida en familia, <strong>Charlie Monttana<\/strong> por lo pronto en los shows contin\u00faa esa imagen cl\u00e1sica de lo que es para alguien un rockero en tiempo y forma.<\/p>\n<style>.embed-container { position: relative; padding-bottom: 56.25%; height: 0; overflow: hidden; max-width: 100%; } .embed-container iframe, .embed-container object, .embed-container embed { position: absolute; top: 0; left: 0; width: 100%; height: 100%; }<\/style>\n<div class=\"embed-container\"><iframe loading=\"lazy\" src=\"https:\/\/www.youtube.com\/embed\/QtFSpB68P4M\" width=\"300\" height=\"150\" frameborder=\"0\" allowfullscreen=\"allowfullscreen\"><\/iframe><\/div>\n<p>&nbsp;<\/p>\n<p>La historia de Monttana inicia en Tampico, de donde posteriormente llega a vivir en Ciudad de M\u00e9xico. En la d\u00e9cada de los 80 forma parte de <strong>Perro Negro<\/strong>, grupo que en sus inicios abri\u00f3 los conciertos de <strong>Vago<\/strong>. <strong>Vago<\/strong>, con un recorrido mayor a <strong>Perro Negro<\/strong>, se encontr\u00f3 con Charlie y le coquete\u00f3. Dos etapas con <strong>Vago<\/strong> forman parte del pasado de Monttana, quien posteriormente se convirti\u00f3 en el exitoso solista que contin\u00faa siendo hoy d\u00eda.<\/p>\n<p>\u00abTu mam\u00e1 no me quiere, dice que soy un vago, dice que soy un pelado, dice que soy un pelado y un barbaj\u00e1n\u00bb, se deja escuchar en voz de<strong> Charlie Monttana<\/strong> en \u00abTu mam\u00e1 no me quiere\u00bb de <strong>Vago<\/strong>. Porque s\u00ed, \u00abora que se viene el D\u00eda de las Madres\u00bb, tambi\u00e9n est\u00e1n esas otras mam\u00e1s, las suegras, con las que uno a veces tiene que lidiar porque \u00abluego a uno no lo quieren\u00bb. \u00abPor qu\u00e9 ser\u00e1 tan mala, por qu\u00e9 ser\u00e1 tan cerrada, por qu\u00e9 ser\u00e1 que no entiende, que soy as\u00ed, que yo soy as\u00ed, es que solo se trata de vivir \u00ab.<\/p>\n<p>Tambi\u00e9n conocido como \u00abel novio de M\u00e9xico\u00bb, Monttana sigui\u00f3 interpretando \u00abTu mam\u00e1 no me quiere\u00bb en sus conciertos como solista. El p\u00fablico, obviamente, se lo agradec\u00eda. \u00abTu mam\u00e1 no me quiere\u00bb forma parte de \u00abSuicida\u00bb, \u00e1lbum de <strong>Vago<\/strong> que contiene otras bellezas como \u00abAnis amigo del mico\u00bb, \u00abNo sabes chupar\u00bb y mi favorita: \u00abReina est\u00e1s bien rica\u00bb.<\/p>\n<p>\u00a1Feliz pr\u00f3ximo D\u00eda de las Madres! Tambi\u00e9n a usted, suegra&#8230; \u00bfY ustedes, c\u00f3mo se llevan con sus suegras? \u00bfSu mam\u00e1 no les quiere?<\/p>\n<p>&nbsp;<\/p>\n<p>&nbsp;<\/p>\n","protected":false},"excerpt":{"rendered":"<p>Si los brit\u00e1nicos tienen a Mick Jagger, \u00a1en M\u00e9xico tenemos a Charlie Monttana! S\u00ed, claro que Alex Lora es tambi\u00e9n una de las figuras relevantes del rock nacional, pero Charlie Monttana es quien vive quiz\u00e1 m\u00e1s al extremo su realidad como rockero.<\/p>\n","protected":false},"author":2,"featured_media":72914,"comment_status":"open","ping_status":"open","sticky":false,"template":"","format":"standard","meta":{"footnotes":""},"categories":[1,2580,18,17],"tags":[],"class_list":["post-72913","post","type-post","status-publish","format-standard","has-post-thumbnail","hentry","category-cultura","category-miercoles-nostalgico","category-musica","category-principal"],"yoast_head":"<!-- This site is optimized with the Yoast SEO plugin v24.7 - https:\/\/yoast.com\/wordpress\/plugins\/seo\/ -->\n<title>&#039;Tu mam\u00e1 no me quiere&#039;, de Vago &#171; Reconoce MX<\/title>\n<meta name=\"robots\" content=\"index, follow, max-snippet:-1, max-image-preview:large, max-video-preview:-1\" \/>\n<link rel=\"canonical\" href=\"https:\/\/www.reconoce.mx\/?p=72913\" \/>\n<meta property=\"og:locale\" content=\"es_ES\" \/>\n<meta property=\"og:type\" content=\"article\" \/>\n<meta property=\"og:title\" content=\"&#039;Tu mam\u00e1 no me quiere&#039;, de Vago &#171; Reconoce MX\" \/>\n<meta property=\"og:description\" content=\"Si los brit\u00e1nicos tienen a Mick Jagger, \u00a1en M\u00e9xico tenemos a Charlie Monttana! S\u00ed, claro que Alex Lora es tambi\u00e9n una de las figuras relevantes del rock nacional, pero Charlie Monttana es quien vive quiz\u00e1 m\u00e1s al extremo su realidad como rockero.\" \/>\n<meta property=\"og:url\" content=\"https:\/\/www.reconoce.mx\/?p=72913\" \/>\n<meta property=\"og:site_name\" content=\"Reconoce MX\" \/>\n<meta property=\"article:publisher\" content=\"https:\/\/es-la.facebook.com\/ReconoceMX\/\" \/>\n<meta property=\"article:published_time\" content=\"2018-05-09T05:03:36+00:00\" \/>\n<meta property=\"article:modified_time\" content=\"2018-05-09T14:58:32+00:00\" \/>\n<meta property=\"og:image\" content=\"https:\/\/www.reconoce.mx\/wp-content\/uploads\/2018\/05\/vago-suicida.jpg\" \/>\n\t<meta property=\"og:image:width\" content=\"590\" \/>\n\t<meta property=\"og:image:height\" content=\"381\" \/>\n\t<meta property=\"og:image:type\" content=\"image\/jpeg\" \/>\n<meta name=\"author\" content=\"Reconoce MX\" \/>\n<meta name=\"twitter:card\" content=\"summary_large_image\" \/>\n<meta name=\"twitter:creator\" content=\"@reconocemx\" \/>\n<meta name=\"twitter:site\" content=\"@reconocemx\" \/>\n<meta name=\"twitter:label1\" content=\"Escrito por\" \/>\n\t<meta name=\"twitter:data1\" content=\"Reconoce MX\" \/>\n\t<meta name=\"twitter:label2\" content=\"Tiempo de lectura\" \/>\n\t<meta name=\"twitter:data2\" content=\"2 minutos\" \/>\n<script type=\"application\/ld+json\" class=\"yoast-schema-graph\">{\"@context\":\"https:\/\/schema.org\",\"@graph\":[{\"@type\":\"Article\",\"@id\":\"https:\/\/www.reconoce.mx\/?p=72913#article\",\"isPartOf\":{\"@id\":\"https:\/\/www.reconoce.mx\/?p=72913\"},\"author\":{\"name\":\"Reconoce MX\",\"@id\":\"http:\/\/www.reconoce.mx\/#\/schema\/person\/2117e997d7051dc15d6880eaf9bca0b2\"},\"headline\":\"&#8216;Tu mam\u00e1 no me quiere&#8217;, de Vago\",\"datePublished\":\"2018-05-09T05:03:36+00:00\",\"dateModified\":\"2018-05-09T14:58:32+00:00\",\"mainEntityOfPage\":{\"@id\":\"https:\/\/www.reconoce.mx\/?p=72913\"},\"wordCount\":366,\"commentCount\":0,\"publisher\":{\"@id\":\"http:\/\/www.reconoce.mx\/#organization\"},\"image\":{\"@id\":\"https:\/\/www.reconoce.mx\/?p=72913#primaryimage\"},\"thumbnailUrl\":\"https:\/\/www.reconoce.mx\/wp-content\/uploads\/2018\/05\/vago-suicida.jpg\",\"articleSection\":[\"Cultura\",\"Mi\u00e9rcoles nost\u00e1lgico\",\"M\u00fasica\",\"Principal\"],\"inLanguage\":\"es\",\"potentialAction\":[{\"@type\":\"CommentAction\",\"name\":\"Comment\",\"target\":[\"https:\/\/www.reconoce.mx\/?p=72913#respond\"]}]},{\"@type\":\"WebPage\",\"@id\":\"https:\/\/www.reconoce.mx\/?p=72913\",\"url\":\"https:\/\/www.reconoce.mx\/?p=72913\",\"name\":\"'Tu mam\u00e1 no me quiere', de Vago &#171; Reconoce MX\",\"isPartOf\":{\"@id\":\"http:\/\/www.reconoce.mx\/#website\"},\"primaryImageOfPage\":{\"@id\":\"https:\/\/www.reconoce.mx\/?p=72913#primaryimage\"},\"image\":{\"@id\":\"https:\/\/www.reconoce.mx\/?p=72913#primaryimage\"},\"thumbnailUrl\":\"https:\/\/www.reconoce.mx\/wp-content\/uploads\/2018\/05\/vago-suicida.jpg\",\"datePublished\":\"2018-05-09T05:03:36+00:00\",\"dateModified\":\"2018-05-09T14:58:32+00:00\",\"breadcrumb\":{\"@id\":\"https:\/\/www.reconoce.mx\/?p=72913#breadcrumb\"},\"inLanguage\":\"es\",\"potentialAction\":[{\"@type\":\"ReadAction\",\"target\":[\"https:\/\/www.reconoce.mx\/?p=72913\"]}]},{\"@type\":\"ImageObject\",\"inLanguage\":\"es\",\"@id\":\"https:\/\/www.reconoce.mx\/?p=72913#primaryimage\",\"url\":\"https:\/\/www.reconoce.mx\/wp-content\/uploads\/2018\/05\/vago-suicida.jpg\",\"contentUrl\":\"https:\/\/www.reconoce.mx\/wp-content\/uploads\/2018\/05\/vago-suicida.jpg\",\"width\":590,\"height\":381},{\"@type\":\"BreadcrumbList\",\"@id\":\"https:\/\/www.reconoce.mx\/?p=72913#breadcrumb\",\"itemListElement\":[{\"@type\":\"ListItem\",\"position\":1,\"name\":\"Portada\",\"item\":\"http:\/\/www.reconoce.mx\/\"},{\"@type\":\"ListItem\",\"position\":2,\"name\":\"&#8216;Tu mam\u00e1 no me quiere&#8217;, de Vago\"}]},{\"@type\":\"WebSite\",\"@id\":\"http:\/\/www.reconoce.mx\/#website\",\"url\":\"http:\/\/www.reconoce.mx\/\",\"name\":\"Reconoce MX\",\"description\":\"En Reconoce MX difundimos arte, cultura y conciencia social en M\u00e9xico. Tu ciudad en otra perspectiva.\",\"publisher\":{\"@id\":\"http:\/\/www.reconoce.mx\/#organization\"},\"potentialAction\":[{\"@type\":\"SearchAction\",\"target\":{\"@type\":\"EntryPoint\",\"urlTemplate\":\"http:\/\/www.reconoce.mx\/?s={search_term_string}\"},\"query-input\":{\"@type\":\"PropertyValueSpecification\",\"valueRequired\":true,\"valueName\":\"search_term_string\"}}],\"inLanguage\":\"es\"},{\"@type\":\"Organization\",\"@id\":\"http:\/\/www.reconoce.mx\/#organization\",\"name\":\"Reconoce MX\",\"url\":\"http:\/\/www.reconoce.mx\/\",\"logo\":{\"@type\":\"ImageObject\",\"inLanguage\":\"es\",\"@id\":\"http:\/\/www.reconoce.mx\/#\/schema\/logo\/image\/\",\"url\":\"https:\/\/www.reconoce.mx\/wp-content\/uploads\/2019\/03\/logorcmx-good-1.png\",\"contentUrl\":\"https:\/\/www.reconoce.mx\/wp-content\/uploads\/2019\/03\/logorcmx-good-1.png\",\"width\":280,\"height\":90,\"caption\":\"Reconoce MX\"},\"image\":{\"@id\":\"http:\/\/www.reconoce.mx\/#\/schema\/logo\/image\/\"},\"sameAs\":[\"https:\/\/es-la.facebook.com\/ReconoceMX\/\",\"https:\/\/x.com\/reconocemx\",\"http:\/\/@reconocemx\"]},{\"@type\":\"Person\",\"@id\":\"http:\/\/www.reconoce.mx\/#\/schema\/person\/2117e997d7051dc15d6880eaf9bca0b2\",\"name\":\"Reconoce MX\",\"image\":{\"@type\":\"ImageObject\",\"inLanguage\":\"es\",\"@id\":\"http:\/\/www.reconoce.mx\/#\/schema\/person\/image\/\",\"url\":\"https:\/\/secure.gravatar.com\/avatar\/6c8d4dc7569ca1c90c5fdcc349f839d5ddef6fe1e70b4337ead2ef1a4c43fc3a?s=96&d=identicon&r=g\",\"contentUrl\":\"https:\/\/secure.gravatar.com\/avatar\/6c8d4dc7569ca1c90c5fdcc349f839d5ddef6fe1e70b4337ead2ef1a4c43fc3a?s=96&d=identicon&r=g\",\"caption\":\"Reconoce MX\"},\"description\":\"Reconoce MX es un proyecto de difusi\u00f3n art\u00edstica, cultural y de conciencia social que est\u00e1 enfocado a difundir y fomentar el entretenimiento alternativo de calidad para todo el p\u00fablico que comparta el mismo entusiasmo.\",\"sameAs\":[\"http:\/\/www.reconoce.mx\"],\"url\":\"https:\/\/www.reconoce.mx\/?author=2\"}]}<\/script>\n<!-- \/ Yoast SEO plugin. -->","yoast_head_json":{"title":"'Tu mam\u00e1 no me quiere', de Vago &#171; Reconoce MX","robots":{"index":"index","follow":"follow","max-snippet":"max-snippet:-1","max-image-preview":"max-image-preview:large","max-video-preview":"max-video-preview:-1"},"canonical":"https:\/\/www.reconoce.mx\/?p=72913","og_locale":"es_ES","og_type":"article","og_title":"'Tu mam\u00e1 no me quiere', de Vago &#171; Reconoce MX","og_description":"Si los brit\u00e1nicos tienen a Mick Jagger, \u00a1en M\u00e9xico tenemos a Charlie Monttana! S\u00ed, claro que Alex Lora es tambi\u00e9n una de las figuras relevantes del rock nacional, pero Charlie Monttana es quien vive quiz\u00e1 m\u00e1s al extremo su realidad como rockero.","og_url":"https:\/\/www.reconoce.mx\/?p=72913","og_site_name":"Reconoce MX","article_publisher":"https:\/\/es-la.facebook.com\/ReconoceMX\/","article_published_time":"2018-05-09T05:03:36+00:00","article_modified_time":"2018-05-09T14:58:32+00:00","og_image":[{"width":590,"height":381,"url":"https:\/\/www.reconoce.mx\/wp-content\/uploads\/2018\/05\/vago-suicida.jpg","type":"image\/jpeg"}],"author":"Reconoce MX","twitter_card":"summary_large_image","twitter_creator":"@reconocemx","twitter_site":"@reconocemx","twitter_misc":{"Escrito por":"Reconoce MX","Tiempo de lectura":"2 minutos"},"schema":{"@context":"https:\/\/schema.org","@graph":[{"@type":"Article","@id":"https:\/\/www.reconoce.mx\/?p=72913#article","isPartOf":{"@id":"https:\/\/www.reconoce.mx\/?p=72913"},"author":{"name":"Reconoce MX","@id":"http:\/\/www.reconoce.mx\/#\/schema\/person\/2117e997d7051dc15d6880eaf9bca0b2"},"headline":"&#8216;Tu mam\u00e1 no me quiere&#8217;, de Vago","datePublished":"2018-05-09T05:03:36+00:00","dateModified":"2018-05-09T14:58:32+00:00","mainEntityOfPage":{"@id":"https:\/\/www.reconoce.mx\/?p=72913"},"wordCount":366,"commentCount":0,"publisher":{"@id":"http:\/\/www.reconoce.mx\/#organization"},"image":{"@id":"https:\/\/www.reconoce.mx\/?p=72913#primaryimage"},"thumbnailUrl":"https:\/\/www.reconoce.mx\/wp-content\/uploads\/2018\/05\/vago-suicida.jpg","articleSection":["Cultura","Mi\u00e9rcoles nost\u00e1lgico","M\u00fasica","Principal"],"inLanguage":"es","potentialAction":[{"@type":"CommentAction","name":"Comment","target":["https:\/\/www.reconoce.mx\/?p=72913#respond"]}]},{"@type":"WebPage","@id":"https:\/\/www.reconoce.mx\/?p=72913","url":"https:\/\/www.reconoce.mx\/?p=72913","name":"'Tu mam\u00e1 no me quiere', de Vago &#171; Reconoce MX","isPartOf":{"@id":"http:\/\/www.reconoce.mx\/#website"},"primaryImageOfPage":{"@id":"https:\/\/www.reconoce.mx\/?p=72913#primaryimage"},"image":{"@id":"https:\/\/www.reconoce.mx\/?p=72913#primaryimage"},"thumbnailUrl":"https:\/\/www.reconoce.mx\/wp-content\/uploads\/2018\/05\/vago-suicida.jpg","datePublished":"2018-05-09T05:03:36+00:00","dateModified":"2018-05-09T14:58:32+00:00","breadcrumb":{"@id":"https:\/\/www.reconoce.mx\/?p=72913#breadcrumb"},"inLanguage":"es","potentialAction":[{"@type":"ReadAction","target":["https:\/\/www.reconoce.mx\/?p=72913"]}]},{"@type":"ImageObject","inLanguage":"es","@id":"https:\/\/www.reconoce.mx\/?p=72913#primaryimage","url":"https:\/\/www.reconoce.mx\/wp-content\/uploads\/2018\/05\/vago-suicida.jpg","contentUrl":"https:\/\/www.reconoce.mx\/wp-content\/uploads\/2018\/05\/vago-suicida.jpg","width":590,"height":381},{"@type":"BreadcrumbList","@id":"https:\/\/www.reconoce.mx\/?p=72913#breadcrumb","itemListElement":[{"@type":"ListItem","position":1,"name":"Portada","item":"http:\/\/www.reconoce.mx\/"},{"@type":"ListItem","position":2,"name":"&#8216;Tu mam\u00e1 no me quiere&#8217;, de Vago"}]},{"@type":"WebSite","@id":"http:\/\/www.reconoce.mx\/#website","url":"http:\/\/www.reconoce.mx\/","name":"Reconoce MX","description":"En Reconoce MX difundimos arte, cultura y conciencia social en M\u00e9xico. Tu ciudad en otra perspectiva.","publisher":{"@id":"http:\/\/www.reconoce.mx\/#organization"},"potentialAction":[{"@type":"SearchAction","target":{"@type":"EntryPoint","urlTemplate":"http:\/\/www.reconoce.mx\/?s={search_term_string}"},"query-input":{"@type":"PropertyValueSpecification","valueRequired":true,"valueName":"search_term_string"}}],"inLanguage":"es"},{"@type":"Organization","@id":"http:\/\/www.reconoce.mx\/#organization","name":"Reconoce MX","url":"http:\/\/www.reconoce.mx\/","logo":{"@type":"ImageObject","inLanguage":"es","@id":"http:\/\/www.reconoce.mx\/#\/schema\/logo\/image\/","url":"https:\/\/www.reconoce.mx\/wp-content\/uploads\/2019\/03\/logorcmx-good-1.png","contentUrl":"https:\/\/www.reconoce.mx\/wp-content\/uploads\/2019\/03\/logorcmx-good-1.png","width":280,"height":90,"caption":"Reconoce MX"},"image":{"@id":"http:\/\/www.reconoce.mx\/#\/schema\/logo\/image\/"},"sameAs":["https:\/\/es-la.facebook.com\/ReconoceMX\/","https:\/\/x.com\/reconocemx","http:\/\/@reconocemx"]},{"@type":"Person","@id":"http:\/\/www.reconoce.mx\/#\/schema\/person\/2117e997d7051dc15d6880eaf9bca0b2","name":"Reconoce MX","image":{"@type":"ImageObject","inLanguage":"es","@id":"http:\/\/www.reconoce.mx\/#\/schema\/person\/image\/","url":"https:\/\/secure.gravatar.com\/avatar\/6c8d4dc7569ca1c90c5fdcc349f839d5ddef6fe1e70b4337ead2ef1a4c43fc3a?s=96&d=identicon&r=g","contentUrl":"https:\/\/secure.gravatar.com\/avatar\/6c8d4dc7569ca1c90c5fdcc349f839d5ddef6fe1e70b4337ead2ef1a4c43fc3a?s=96&d=identicon&r=g","caption":"Reconoce MX"},"description":"Reconoce MX es un proyecto de difusi\u00f3n art\u00edstica, cultural y de conciencia social que est\u00e1 enfocado a difundir y fomentar el entretenimiento alternativo de calidad para todo el p\u00fablico que comparta el mismo entusiasmo.","sameAs":["http:\/\/www.reconoce.mx"],"url":"https:\/\/www.reconoce.mx\/?author=2"}]}},"_links":{"self":[{"href":"https:\/\/www.reconoce.mx\/index.php?rest_route=\/wp\/v2\/posts\/72913","targetHints":{"allow":["GET"]}}],"collection":[{"href":"https:\/\/www.reconoce.mx\/index.php?rest_route=\/wp\/v2\/posts"}],"about":[{"href":"https:\/\/www.reconoce.mx\/index.php?rest_route=\/wp\/v2\/types\/post"}],"author":[{"embeddable":true,"href":"https:\/\/www.reconoce.mx\/index.php?rest_route=\/wp\/v2\/users\/2"}],"replies":[{"embeddable":true,"href":"https:\/\/www.reconoce.mx\/index.php?rest_route=%2Fwp%2Fv2%2Fcomments&post=72913"}],"version-history":[{"count":1,"href":"https:\/\/www.reconoce.mx\/index.php?rest_route=\/wp\/v2\/posts\/72913\/revisions"}],"predecessor-version":[{"id":72915,"href":"https:\/\/www.reconoce.mx\/index.php?rest_route=\/wp\/v2\/posts\/72913\/revisions\/72915"}],"wp:featuredmedia":[{"embeddable":true,"href":"https:\/\/www.reconoce.mx\/index.php?rest_route=\/wp\/v2\/media\/72914"}],"wp:attachment":[{"href":"https:\/\/www.reconoce.mx\/index.php?rest_route=%2Fwp%2Fv2%2Fmedia&parent=72913"}],"wp:term":[{"taxonomy":"category","embeddable":true,"href":"https:\/\/www.reconoce.mx\/index.php?rest_route=%2Fwp%2Fv2%2Fcategories&post=72913"},{"taxonomy":"post_tag","embeddable":true,"href":"https:\/\/www.reconoce.mx\/index.php?rest_route=%2Fwp%2Fv2%2Ftags&post=72913"}],"curies":[{"name":"wp","href":"https:\/\/api.w.org\/{rel}","templated":true}]}}