{"id":72946,"date":"2018-05-09T00:01:42","date_gmt":"2018-05-09T05:01:42","guid":{"rendered":"http:\/\/www.reconoce.mx\/?p=72946"},"modified":"2018-05-09T09:56:25","modified_gmt":"2018-05-09T14:56:25","slug":"la-ruta-cultura-profetica-llega-a-ciudad-de-mexico","status":"publish","type":"post","link":"https:\/\/www.reconoce.mx\/?p=72946","title":{"rendered":"\u00abLa Ruta Cultura Prof\u00e9tica\u00bb llega a Ciudad de M\u00e9xico"},"content":{"rendered":"<p><strong>Por <a href=\"https:\/\/twitter.com\/Diana_Go08\" target=\"_blank\" rel=\"noopener noreferrer\">Diana Vel\u00e1zquez Gonz\u00e1lez<\/a><\/strong>.<\/p>\n<p>Una de las bandas m\u00e1s queridas en Latinoam\u00e9rica y en M\u00e9xico, y una de nuestras consentidas es <strong>Cultura Prof\u00e9tica.<\/strong> <a href=\"http:\/\/www.reconoce.mx\/?s=cultura+prof%C3%A9tica\" target=\"_blank\" rel=\"noopener\">Recordar\u00e1n que los hemos seguido por toda su ruta en Ciudad de M\u00e9xico<\/a>. En esta ocasi\u00f3n se presentar\u00e1n en el <strong>Auditorio BlackBerry<\/strong> el d\u00eda 6 de julio de 2018.<\/p>\n<p>Cada presentaci\u00f3n es \u00fanica, llena de intimidad y conexi\u00f3n con la gente; esta banda de reggae inici\u00f3 en 1996 en su natal Puerto Rico. Adem\u00e1s de cantarle al amor, le cantan a la sociedad, a las reglas y al mundo.<\/p>\n<p>En febrero de 2015 los puertorrique\u00f1os se presentaron por primera vez en el <strong>Festival de Vi\u00f1a del Mar<\/strong> en Chile, llev\u00e1ndose as\u00ed las Gaviota de Plata y Gaviota de Oro. Esto es solo una parte de todos los logros que han tenido, la \u00faltima vez que se presentaron en Ciudad de M\u00e9xico fue en octubre, eran parte del cartel del <a href=\"http:\/\/www.reconoce.mx\/asi-vivimos-el-reggae-latino-2017\/\" target=\"_blank\" rel=\"noopener\"><strong>Festival Reggae Latino 2017<\/strong><\/a>, en el cual compartieron escenario con <strong>La Comuna<\/strong>, <strong>VibraMuch\u00e1<\/strong>, <strong>La Bendita<\/strong>, <strong>Todos Somos Uno Dread Mar I<\/strong> y <strong>Rawayana<\/strong>.<\/p>\n<p>Si no los conoc\u00edas, no esperes m\u00e1s y velos en vivo haciendo magia el viernes 6 de julio en el <strong>Auditorio BlackBerry<\/strong> en punto de las 21:00 horas. <a href=\"http:\/\/www.ticketmaster.com.mx\/cultura-profetica-mexico-distrito-federal-06-07-2018\/event\/14005492D510CAE3?artistid=1138470&amp;majorcatid=10001&amp;minorcatid=825&amp;bba=1\" target=\"_blank\" rel=\"noopener\">Compra tus boletos aqu\u00ed<\/a>.<\/p>\n<p>&nbsp;<\/p>\n<p>&nbsp;<\/p>\n","protected":false},"excerpt":{"rendered":"<p> Una de las bandas m\u00e1s queridas en Latinoam\u00e9rica y en M\u00e9xico, y una de nuestras consentidas es Cultura Prof\u00e9tica. Recordar\u00e1n que los hemos seguido por toda su ruta en Ciudad de M\u00e9xico. En esta ocasi\u00f3n se presentar\u00e1n en el Auditorio BlackBerry el d\u00eda 6 de julio de 2018.<\/p>\n","protected":false},"author":2,"featured_media":72947,"comment_status":"open","ping_status":"open","sticky":false,"template":"","format":"standard","meta":{"footnotes":""},"categories":[1,18,17],"tags":[],"class_list":["post-72946","post","type-post","status-publish","format-standard","has-post-thumbnail","hentry","category-cultura","category-musica","category-principal"],"yoast_head":"<!-- This site is optimized with the Yoast SEO plugin v24.7 - https:\/\/yoast.com\/wordpress\/plugins\/seo\/ -->\n<title>&quot;La Ruta Cultura Prof\u00e9tica&quot; llega a Ciudad de M\u00e9xico &#171; Reconoce MX<\/title>\n<meta name=\"robots\" content=\"index, follow, max-snippet:-1, max-image-preview:large, max-video-preview:-1\" \/>\n<link rel=\"canonical\" href=\"https:\/\/www.reconoce.mx\/?p=72946\" \/>\n<meta property=\"og:locale\" content=\"es_ES\" \/>\n<meta property=\"og:type\" content=\"article\" \/>\n<meta property=\"og:title\" content=\"&quot;La Ruta Cultura Prof\u00e9tica&quot; llega a Ciudad de M\u00e9xico &#171; Reconoce MX\" \/>\n<meta property=\"og:description\" content=\"Una de las bandas m\u00e1s queridas en Latinoam\u00e9rica y en M\u00e9xico, y una de nuestras consentidas es Cultura Prof\u00e9tica. Recordar\u00e1n que los hemos seguido por toda su ruta en Ciudad de M\u00e9xico. En esta ocasi\u00f3n se presentar\u00e1n en el Auditorio BlackBerry el d\u00eda 6 de julio de 2018.\" \/>\n<meta property=\"og:url\" content=\"https:\/\/www.reconoce.mx\/?p=72946\" \/>\n<meta property=\"og:site_name\" content=\"Reconoce MX\" \/>\n<meta property=\"article:publisher\" content=\"https:\/\/es-la.facebook.com\/ReconoceMX\/\" \/>\n<meta property=\"article:published_time\" content=\"2018-05-09T05:01:42+00:00\" \/>\n<meta property=\"article:modified_time\" content=\"2018-05-09T14:56:25+00:00\" \/>\n<meta property=\"og:image\" content=\"https:\/\/www.reconoce.mx\/wp-content\/uploads\/2018\/05\/cultura-profetica-auditorio-blackberry.jpg\" \/>\n\t<meta property=\"og:image:width\" content=\"590\" \/>\n\t<meta property=\"og:image:height\" content=\"380\" \/>\n\t<meta property=\"og:image:type\" content=\"image\/jpeg\" \/>\n<meta name=\"author\" content=\"Reconoce MX\" \/>\n<meta name=\"twitter:card\" content=\"summary_large_image\" \/>\n<meta name=\"twitter:creator\" content=\"@reconocemx\" \/>\n<meta name=\"twitter:site\" content=\"@reconocemx\" \/>\n<meta name=\"twitter:label1\" content=\"Escrito por\" \/>\n\t<meta name=\"twitter:data1\" content=\"Reconoce MX\" \/>\n\t<meta name=\"twitter:label2\" content=\"Tiempo de lectura\" \/>\n\t<meta name=\"twitter:data2\" content=\"1 minuto\" \/>\n<script type=\"application\/ld+json\" class=\"yoast-schema-graph\">{\"@context\":\"https:\/\/schema.org\",\"@graph\":[{\"@type\":\"Article\",\"@id\":\"https:\/\/www.reconoce.mx\/?p=72946#article\",\"isPartOf\":{\"@id\":\"https:\/\/www.reconoce.mx\/?p=72946\"},\"author\":{\"name\":\"Reconoce MX\",\"@id\":\"http:\/\/www.reconoce.mx\/#\/schema\/person\/2117e997d7051dc15d6880eaf9bca0b2\"},\"headline\":\"\u00abLa Ruta Cultura Prof\u00e9tica\u00bb llega a Ciudad de M\u00e9xico\",\"datePublished\":\"2018-05-09T05:01:42+00:00\",\"dateModified\":\"2018-05-09T14:56:25+00:00\",\"mainEntityOfPage\":{\"@id\":\"https:\/\/www.reconoce.mx\/?p=72946\"},\"wordCount\":233,\"commentCount\":0,\"publisher\":{\"@id\":\"http:\/\/www.reconoce.mx\/#organization\"},\"image\":{\"@id\":\"https:\/\/www.reconoce.mx\/?p=72946#primaryimage\"},\"thumbnailUrl\":\"https:\/\/www.reconoce.mx\/wp-content\/uploads\/2018\/05\/cultura-profetica-auditorio-blackberry.jpg\",\"articleSection\":[\"Cultura\",\"M\u00fasica\",\"Principal\"],\"inLanguage\":\"es\",\"potentialAction\":[{\"@type\":\"CommentAction\",\"name\":\"Comment\",\"target\":[\"https:\/\/www.reconoce.mx\/?p=72946#respond\"]}]},{\"@type\":\"WebPage\",\"@id\":\"https:\/\/www.reconoce.mx\/?p=72946\",\"url\":\"https:\/\/www.reconoce.mx\/?p=72946\",\"name\":\"\\\"La Ruta Cultura Prof\u00e9tica\\\" llega a Ciudad de M\u00e9xico &#171; Reconoce MX\",\"isPartOf\":{\"@id\":\"http:\/\/www.reconoce.mx\/#website\"},\"primaryImageOfPage\":{\"@id\":\"https:\/\/www.reconoce.mx\/?p=72946#primaryimage\"},\"image\":{\"@id\":\"https:\/\/www.reconoce.mx\/?p=72946#primaryimage\"},\"thumbnailUrl\":\"https:\/\/www.reconoce.mx\/wp-content\/uploads\/2018\/05\/cultura-profetica-auditorio-blackberry.jpg\",\"datePublished\":\"2018-05-09T05:01:42+00:00\",\"dateModified\":\"2018-05-09T14:56:25+00:00\",\"breadcrumb\":{\"@id\":\"https:\/\/www.reconoce.mx\/?p=72946#breadcrumb\"},\"inLanguage\":\"es\",\"potentialAction\":[{\"@type\":\"ReadAction\",\"target\":[\"https:\/\/www.reconoce.mx\/?p=72946\"]}]},{\"@type\":\"ImageObject\",\"inLanguage\":\"es\",\"@id\":\"https:\/\/www.reconoce.mx\/?p=72946#primaryimage\",\"url\":\"https:\/\/www.reconoce.mx\/wp-content\/uploads\/2018\/05\/cultura-profetica-auditorio-blackberry.jpg\",\"contentUrl\":\"https:\/\/www.reconoce.mx\/wp-content\/uploads\/2018\/05\/cultura-profetica-auditorio-blackberry.jpg\",\"width\":590,\"height\":380},{\"@type\":\"BreadcrumbList\",\"@id\":\"https:\/\/www.reconoce.mx\/?p=72946#breadcrumb\",\"itemListElement\":[{\"@type\":\"ListItem\",\"position\":1,\"name\":\"Portada\",\"item\":\"http:\/\/www.reconoce.mx\/\"},{\"@type\":\"ListItem\",\"position\":2,\"name\":\"\u00abLa Ruta Cultura Prof\u00e9tica\u00bb llega a Ciudad de M\u00e9xico\"}]},{\"@type\":\"WebSite\",\"@id\":\"http:\/\/www.reconoce.mx\/#website\",\"url\":\"http:\/\/www.reconoce.mx\/\",\"name\":\"Reconoce MX\",\"description\":\"En Reconoce MX difundimos arte, cultura y conciencia social en M\u00e9xico. Tu ciudad en otra perspectiva.\",\"publisher\":{\"@id\":\"http:\/\/www.reconoce.mx\/#organization\"},\"potentialAction\":[{\"@type\":\"SearchAction\",\"target\":{\"@type\":\"EntryPoint\",\"urlTemplate\":\"http:\/\/www.reconoce.mx\/?s={search_term_string}\"},\"query-input\":{\"@type\":\"PropertyValueSpecification\",\"valueRequired\":true,\"valueName\":\"search_term_string\"}}],\"inLanguage\":\"es\"},{\"@type\":\"Organization\",\"@id\":\"http:\/\/www.reconoce.mx\/#organization\",\"name\":\"Reconoce MX\",\"url\":\"http:\/\/www.reconoce.mx\/\",\"logo\":{\"@type\":\"ImageObject\",\"inLanguage\":\"es\",\"@id\":\"http:\/\/www.reconoce.mx\/#\/schema\/logo\/image\/\",\"url\":\"https:\/\/www.reconoce.mx\/wp-content\/uploads\/2019\/03\/logorcmx-good-1.png\",\"contentUrl\":\"https:\/\/www.reconoce.mx\/wp-content\/uploads\/2019\/03\/logorcmx-good-1.png\",\"width\":280,\"height\":90,\"caption\":\"Reconoce MX\"},\"image\":{\"@id\":\"http:\/\/www.reconoce.mx\/#\/schema\/logo\/image\/\"},\"sameAs\":[\"https:\/\/es-la.facebook.com\/ReconoceMX\/\",\"https:\/\/x.com\/reconocemx\",\"http:\/\/@reconocemx\"]},{\"@type\":\"Person\",\"@id\":\"http:\/\/www.reconoce.mx\/#\/schema\/person\/2117e997d7051dc15d6880eaf9bca0b2\",\"name\":\"Reconoce MX\",\"image\":{\"@type\":\"ImageObject\",\"inLanguage\":\"es\",\"@id\":\"http:\/\/www.reconoce.mx\/#\/schema\/person\/image\/\",\"url\":\"https:\/\/secure.gravatar.com\/avatar\/6c8d4dc7569ca1c90c5fdcc349f839d5ddef6fe1e70b4337ead2ef1a4c43fc3a?s=96&d=identicon&r=g\",\"contentUrl\":\"https:\/\/secure.gravatar.com\/avatar\/6c8d4dc7569ca1c90c5fdcc349f839d5ddef6fe1e70b4337ead2ef1a4c43fc3a?s=96&d=identicon&r=g\",\"caption\":\"Reconoce MX\"},\"description\":\"Reconoce MX es un proyecto de difusi\u00f3n art\u00edstica, cultural y de conciencia social que est\u00e1 enfocado a difundir y fomentar el entretenimiento alternativo de calidad para todo el p\u00fablico que comparta el mismo entusiasmo.\",\"sameAs\":[\"http:\/\/www.reconoce.mx\"],\"url\":\"https:\/\/www.reconoce.mx\/?author=2\"}]}<\/script>\n<!-- \/ Yoast SEO plugin. -->","yoast_head_json":{"title":"\"La Ruta Cultura Prof\u00e9tica\" llega a Ciudad de M\u00e9xico &#171; Reconoce MX","robots":{"index":"index","follow":"follow","max-snippet":"max-snippet:-1","max-image-preview":"max-image-preview:large","max-video-preview":"max-video-preview:-1"},"canonical":"https:\/\/www.reconoce.mx\/?p=72946","og_locale":"es_ES","og_type":"article","og_title":"\"La Ruta Cultura Prof\u00e9tica\" llega a Ciudad de M\u00e9xico &#171; Reconoce MX","og_description":"Una de las bandas m\u00e1s queridas en Latinoam\u00e9rica y en M\u00e9xico, y una de nuestras consentidas es Cultura Prof\u00e9tica. Recordar\u00e1n que los hemos seguido por toda su ruta en Ciudad de M\u00e9xico. En esta ocasi\u00f3n se presentar\u00e1n en el Auditorio BlackBerry el d\u00eda 6 de julio de 2018.","og_url":"https:\/\/www.reconoce.mx\/?p=72946","og_site_name":"Reconoce MX","article_publisher":"https:\/\/es-la.facebook.com\/ReconoceMX\/","article_published_time":"2018-05-09T05:01:42+00:00","article_modified_time":"2018-05-09T14:56:25+00:00","og_image":[{"width":590,"height":380,"url":"https:\/\/www.reconoce.mx\/wp-content\/uploads\/2018\/05\/cultura-profetica-auditorio-blackberry.jpg","type":"image\/jpeg"}],"author":"Reconoce MX","twitter_card":"summary_large_image","twitter_creator":"@reconocemx","twitter_site":"@reconocemx","twitter_misc":{"Escrito por":"Reconoce MX","Tiempo de lectura":"1 minuto"},"schema":{"@context":"https:\/\/schema.org","@graph":[{"@type":"Article","@id":"https:\/\/www.reconoce.mx\/?p=72946#article","isPartOf":{"@id":"https:\/\/www.reconoce.mx\/?p=72946"},"author":{"name":"Reconoce MX","@id":"http:\/\/www.reconoce.mx\/#\/schema\/person\/2117e997d7051dc15d6880eaf9bca0b2"},"headline":"\u00abLa Ruta Cultura Prof\u00e9tica\u00bb llega a Ciudad de M\u00e9xico","datePublished":"2018-05-09T05:01:42+00:00","dateModified":"2018-05-09T14:56:25+00:00","mainEntityOfPage":{"@id":"https:\/\/www.reconoce.mx\/?p=72946"},"wordCount":233,"commentCount":0,"publisher":{"@id":"http:\/\/www.reconoce.mx\/#organization"},"image":{"@id":"https:\/\/www.reconoce.mx\/?p=72946#primaryimage"},"thumbnailUrl":"https:\/\/www.reconoce.mx\/wp-content\/uploads\/2018\/05\/cultura-profetica-auditorio-blackberry.jpg","articleSection":["Cultura","M\u00fasica","Principal"],"inLanguage":"es","potentialAction":[{"@type":"CommentAction","name":"Comment","target":["https:\/\/www.reconoce.mx\/?p=72946#respond"]}]},{"@type":"WebPage","@id":"https:\/\/www.reconoce.mx\/?p=72946","url":"https:\/\/www.reconoce.mx\/?p=72946","name":"\"La Ruta Cultura Prof\u00e9tica\" llega a Ciudad de M\u00e9xico &#171; Reconoce MX","isPartOf":{"@id":"http:\/\/www.reconoce.mx\/#website"},"primaryImageOfPage":{"@id":"https:\/\/www.reconoce.mx\/?p=72946#primaryimage"},"image":{"@id":"https:\/\/www.reconoce.mx\/?p=72946#primaryimage"},"thumbnailUrl":"https:\/\/www.reconoce.mx\/wp-content\/uploads\/2018\/05\/cultura-profetica-auditorio-blackberry.jpg","datePublished":"2018-05-09T05:01:42+00:00","dateModified":"2018-05-09T14:56:25+00:00","breadcrumb":{"@id":"https:\/\/www.reconoce.mx\/?p=72946#breadcrumb"},"inLanguage":"es","potentialAction":[{"@type":"ReadAction","target":["https:\/\/www.reconoce.mx\/?p=72946"]}]},{"@type":"ImageObject","inLanguage":"es","@id":"https:\/\/www.reconoce.mx\/?p=72946#primaryimage","url":"https:\/\/www.reconoce.mx\/wp-content\/uploads\/2018\/05\/cultura-profetica-auditorio-blackberry.jpg","contentUrl":"https:\/\/www.reconoce.mx\/wp-content\/uploads\/2018\/05\/cultura-profetica-auditorio-blackberry.jpg","width":590,"height":380},{"@type":"BreadcrumbList","@id":"https:\/\/www.reconoce.mx\/?p=72946#breadcrumb","itemListElement":[{"@type":"ListItem","position":1,"name":"Portada","item":"http:\/\/www.reconoce.mx\/"},{"@type":"ListItem","position":2,"name":"\u00abLa Ruta Cultura Prof\u00e9tica\u00bb llega a Ciudad de M\u00e9xico"}]},{"@type":"WebSite","@id":"http:\/\/www.reconoce.mx\/#website","url":"http:\/\/www.reconoce.mx\/","name":"Reconoce MX","description":"En Reconoce MX difundimos arte, cultura y conciencia social en M\u00e9xico. Tu ciudad en otra perspectiva.","publisher":{"@id":"http:\/\/www.reconoce.mx\/#organization"},"potentialAction":[{"@type":"SearchAction","target":{"@type":"EntryPoint","urlTemplate":"http:\/\/www.reconoce.mx\/?s={search_term_string}"},"query-input":{"@type":"PropertyValueSpecification","valueRequired":true,"valueName":"search_term_string"}}],"inLanguage":"es"},{"@type":"Organization","@id":"http:\/\/www.reconoce.mx\/#organization","name":"Reconoce MX","url":"http:\/\/www.reconoce.mx\/","logo":{"@type":"ImageObject","inLanguage":"es","@id":"http:\/\/www.reconoce.mx\/#\/schema\/logo\/image\/","url":"https:\/\/www.reconoce.mx\/wp-content\/uploads\/2019\/03\/logorcmx-good-1.png","contentUrl":"https:\/\/www.reconoce.mx\/wp-content\/uploads\/2019\/03\/logorcmx-good-1.png","width":280,"height":90,"caption":"Reconoce MX"},"image":{"@id":"http:\/\/www.reconoce.mx\/#\/schema\/logo\/image\/"},"sameAs":["https:\/\/es-la.facebook.com\/ReconoceMX\/","https:\/\/x.com\/reconocemx","http:\/\/@reconocemx"]},{"@type":"Person","@id":"http:\/\/www.reconoce.mx\/#\/schema\/person\/2117e997d7051dc15d6880eaf9bca0b2","name":"Reconoce MX","image":{"@type":"ImageObject","inLanguage":"es","@id":"http:\/\/www.reconoce.mx\/#\/schema\/person\/image\/","url":"https:\/\/secure.gravatar.com\/avatar\/6c8d4dc7569ca1c90c5fdcc349f839d5ddef6fe1e70b4337ead2ef1a4c43fc3a?s=96&d=identicon&r=g","contentUrl":"https:\/\/secure.gravatar.com\/avatar\/6c8d4dc7569ca1c90c5fdcc349f839d5ddef6fe1e70b4337ead2ef1a4c43fc3a?s=96&d=identicon&r=g","caption":"Reconoce MX"},"description":"Reconoce MX es un proyecto de difusi\u00f3n art\u00edstica, cultural y de conciencia social que est\u00e1 enfocado a difundir y fomentar el entretenimiento alternativo de calidad para todo el p\u00fablico que comparta el mismo entusiasmo.","sameAs":["http:\/\/www.reconoce.mx"],"url":"https:\/\/www.reconoce.mx\/?author=2"}]}},"_links":{"self":[{"href":"https:\/\/www.reconoce.mx\/index.php?rest_route=\/wp\/v2\/posts\/72946","targetHints":{"allow":["GET"]}}],"collection":[{"href":"https:\/\/www.reconoce.mx\/index.php?rest_route=\/wp\/v2\/posts"}],"about":[{"href":"https:\/\/www.reconoce.mx\/index.php?rest_route=\/wp\/v2\/types\/post"}],"author":[{"embeddable":true,"href":"https:\/\/www.reconoce.mx\/index.php?rest_route=\/wp\/v2\/users\/2"}],"replies":[{"embeddable":true,"href":"https:\/\/www.reconoce.mx\/index.php?rest_route=%2Fwp%2Fv2%2Fcomments&post=72946"}],"version-history":[{"count":1,"href":"https:\/\/www.reconoce.mx\/index.php?rest_route=\/wp\/v2\/posts\/72946\/revisions"}],"predecessor-version":[{"id":72948,"href":"https:\/\/www.reconoce.mx\/index.php?rest_route=\/wp\/v2\/posts\/72946\/revisions\/72948"}],"wp:featuredmedia":[{"embeddable":true,"href":"https:\/\/www.reconoce.mx\/index.php?rest_route=\/wp\/v2\/media\/72947"}],"wp:attachment":[{"href":"https:\/\/www.reconoce.mx\/index.php?rest_route=%2Fwp%2Fv2%2Fmedia&parent=72946"}],"wp:term":[{"taxonomy":"category","embeddable":true,"href":"https:\/\/www.reconoce.mx\/index.php?rest_route=%2Fwp%2Fv2%2Fcategories&post=72946"},{"taxonomy":"post_tag","embeddable":true,"href":"https:\/\/www.reconoce.mx\/index.php?rest_route=%2Fwp%2Fv2%2Ftags&post=72946"}],"curies":[{"name":"wp","href":"https:\/\/api.w.org\/{rel}","templated":true}]}}