{"id":72949,"date":"2018-05-11T00:05:48","date_gmt":"2018-05-11T05:05:48","guid":{"rendered":"http:\/\/www.reconoce.mx\/?p=72949"},"modified":"2018-05-11T08:49:15","modified_gmt":"2018-05-11T13:49:15","slug":"la-mediocracia-y-la-educacion-de-los-ninos","status":"publish","type":"post","link":"https:\/\/www.reconoce.mx\/?p=72949","title":{"rendered":"La mediocracia y la educaci\u00f3n de los ni\u00f1os"},"content":{"rendered":"<p><strong>Por <a title=\"@danielhiga_al\" href=\"https:\/\/twitter.com\/danielhiga_al\" target=\"_blank\" rel=\"noopener noreferrer\">Daniel Higa Alquicira<\/a><\/strong>.<\/p>\n<p>En temporada electoral, todo es sospechoso y todo tiene un fin. Siempre me ha parecido ilusorio tratar de comparar a <strong>Andr\u00e9s Manuel L\u00f3pez Obrador<\/strong> (AMLO) con <strong>Hugo Ch\u00e1vez<\/strong> o <strong>Nicol\u00e1s Maduro<\/strong>, ya que en todo caso, el candidato de la coalici\u00f3n \u00abJuntos haremos historia\u00bb se colocar\u00eda m\u00e1s en el centro ideol\u00f3gico que cualquier otra cosa (\u00e9sto derivado de su formaci\u00f3n pol\u00edtica y su manera de gobernar). Pero sus discursos cargados de adjetivos clasistas han provocado esto, que en periodos electorales sus contrincantes utilicen sus palabras como un arma muy filosa en su contra.<\/p>\n<p>Esto sale a tema debido a que se transmitir\u00eda una serie titulada el \u00abPopulismo en Am\u00e9rica Latina\u00bb, donde adem\u00e1s de <strong>AMLO<\/strong>, tambi\u00e9n se dedicar\u00e1n cap\u00edtulos especiales a <strong>Hugo Ch\u00e1vez<\/strong>, <strong>Juan Domingo Per\u00f3n<\/strong> y <strong>Lula da Silva<\/strong>, ex presidentes de Venezuela, Argentina y Brasil respectivamente; as\u00ed como Putin de Rusia y Donald Trump de Estados Unidos.<\/p>\n<p>Pr\u00e1cticamente todos ellos son vistos a nivel mundial como el engendro del mal. \u00bfQu\u00e9 efecto puede tener en los electores? Habr\u00e1 que esperar para comprobar \u00e9sto, pero lo cierto es que desde siempre \u2013me refiero a su consolidaci\u00f3n como un artefacto de uso com\u00fan\u2013, la televisi\u00f3n se ha convertido en la principal fuente de informaci\u00f3n de un gran sector de la sociedad mexicana. Y tal vez en todo el mundo, ya que como lo asegura el fil\u00f3sofo y acad\u00e9mico, <strong>Karl Raimund Popper<\/strong>, \u00absucede que la televisi\u00f3n se ha convertido en un poder pol\u00edtico colosal, se podr\u00eda decir que potencialmente, el m\u00e1s importante de todos, como si fuera Dios mismo el que habla\u00bb.<\/p>\n<p>Entonces aquella frase de que \u00ablo vi en la televisi\u00f3n\u00bb es la sentencia de que es una verdad cuasi absoluta. Y a\u00fan en el momento actual, con todas las posibilidades de educaci\u00f3n, conocimiento y cultura \u2013mucha de ella gratuita\u2013 que existe en internet, la televisi\u00f3n sigue siendo la reina entre las reinas.<\/p>\n<p>Y lo m\u00e1s grave es que si en la \u00e9poca de pleno autoritarismo pri\u00edsta -en aquel M\u00e9xico que quiero creer que ya no existe, aunque la realidad demuestra lo contrario- Chespirito, el Chavo del Ocho y los noticieros de <strong>Televisa<\/strong> fueron los que marcaron a muchas generaciones, ahora las cosas no son diferentes.<\/p>\n<p>De acuerdo con el estudio sobre \u00abOferta y Consumo de Programaci\u00f3n para P\u00fablico Infantil en Radio, Televisi\u00f3n Radiodifundida y Restringida\u00bb, elaborado por el <strong>Instituto Federal de Telecomunicaciones<\/strong> (Ifetel), los ni\u00f1os pasan cuatro horas 46 minutos frente al televisor, pero lo m\u00e1s graves es lo que ven.<\/p>\n<p>Los programas favoritos de los menores son \u00abComo dice el dicho\u00bb y \u00abLa rosa de Guadalupe\u00bb, seguidas por las telenovelas, con lo cual \u00ablos ni\u00f1os mexicanos consumen contenidos televisivos atemporales para la etapa de vida que \u00e9stos atraviesan\u00bb.<\/p>\n<p>Entonces si la poblaci\u00f3n infantil ve esos programas y se forma un marco moral, \u00e9tico y de valores a partir de esas historias donde todo est\u00e1 polarizado, adem\u00e1s de que se crea la idea de que la felicidad es inalcanzable para ciertos sectores y todo est\u00e1 inundado de miedos y prejuicios, ser\u00e1 muy f\u00e1cil dominar su conciencia pol\u00edtica electoral una vez que tengan edad para votar.<\/p>\n<p>Y es que por m\u00e1s que lo nieguen, la educaci\u00f3n acad\u00e9mica no basta para borrar o modificar esta carga cultural que impera en los hogares, por lo que ahora es muy f\u00e1cil someter con miedo psicol\u00f3gico a estas personas en un proceso electoral y puede ser desde la derecha, la izquierda o los radicales.<\/p>\n<p>\u00bfSe acuerdan de aquel slogan de \u00abun peligro para M\u00e9xico\u00bb? No es mas que un manejo de estos miedos sociales que se forman a partir de los modelos que transmiten las telenovelas y esos programas que ahora son los favoritos de los ni\u00f1os.<\/p>\n<p>As\u00ed, la mediocracia se convierte en un aliado muy poderoso a la hora de convencer a los votantes, ya que al fin de cuentas, algunos de ellos siguen viviendo un mundo donde creen que lo pasa en las telenovelas, tambi\u00e9n sucede en la realidad y no hay manera de modificar esto.<\/p>\n<p style=\"text-align: right;\">Foto: <strong>Chris Tengi<\/strong>.<\/p>\n<p>&nbsp;<\/p>\n<p>&nbsp;<\/p>\n","protected":false},"excerpt":{"rendered":"<p>En temporada electoral, todo es sospechoso y todo tiene un fin. Siempre me ha parecido ilusorio tratar de comparar a Andr\u00e9s Manuel L\u00f3pez Obrador (AMLO) con Hugo Ch\u00e1vez o Nicol\u00e1s Maduro, ya que en todo caso, el candidato de la coalici\u00f3n \u00abJuntos haremos historia\u00bb se colocar\u00eda m\u00e1s en el centro ideol\u00f3gico que cualquier otra cosa (\u00e9sto derivado de su formaci\u00f3n pol\u00edtica y su manera de gobernar).<\/p>\n","protected":false},"author":2,"featured_media":72950,"comment_status":"open","ping_status":"open","sticky":false,"template":"","format":"standard","meta":{"footnotes":""},"categories":[43,169,17],"tags":[],"class_list":["post-72949","post","type-post","status-publish","format-standard","has-post-thumbnail","hentry","category-conciencia","category-politica-entorno","category-principal"],"yoast_head":"<!-- This site is optimized with the Yoast SEO plugin v24.7 - https:\/\/yoast.com\/wordpress\/plugins\/seo\/ -->\n<title>La mediocracia y la educaci\u00f3n de los ni\u00f1os &#171; Reconoce MX<\/title>\n<meta name=\"robots\" content=\"index, follow, max-snippet:-1, max-image-preview:large, max-video-preview:-1\" \/>\n<link rel=\"canonical\" href=\"https:\/\/www.reconoce.mx\/?p=72949\" \/>\n<meta property=\"og:locale\" content=\"es_ES\" \/>\n<meta property=\"og:type\" content=\"article\" \/>\n<meta property=\"og:title\" content=\"La mediocracia y la educaci\u00f3n de los ni\u00f1os &#171; Reconoce MX\" \/>\n<meta property=\"og:description\" content=\"En temporada electoral, todo es sospechoso y todo tiene un fin. Siempre me ha parecido ilusorio tratar de comparar a Andr\u00e9s Manuel L\u00f3pez Obrador (AMLO) con Hugo Ch\u00e1vez o Nicol\u00e1s Maduro, ya que en todo caso, el candidato de la coalici\u00f3n &quot;Juntos haremos historia&quot; se colocar\u00eda m\u00e1s en el centro ideol\u00f3gico que cualquier otra cosa (\u00e9sto derivado de su formaci\u00f3n pol\u00edtica y su manera de gobernar).\" \/>\n<meta property=\"og:url\" content=\"https:\/\/www.reconoce.mx\/?p=72949\" \/>\n<meta property=\"og:site_name\" content=\"Reconoce MX\" \/>\n<meta property=\"article:publisher\" content=\"https:\/\/es-la.facebook.com\/ReconoceMX\/\" \/>\n<meta property=\"article:published_time\" content=\"2018-05-11T05:05:48+00:00\" \/>\n<meta property=\"article:modified_time\" content=\"2018-05-11T13:49:15+00:00\" \/>\n<meta property=\"og:image\" content=\"https:\/\/www.reconoce.mx\/wp-content\/uploads\/2018\/05\/television.jpg\" \/>\n\t<meta property=\"og:image:width\" content=\"590\" \/>\n\t<meta property=\"og:image:height\" content=\"380\" \/>\n\t<meta property=\"og:image:type\" content=\"image\/jpeg\" \/>\n<meta name=\"author\" content=\"Reconoce MX\" \/>\n<meta name=\"twitter:card\" content=\"summary_large_image\" \/>\n<meta name=\"twitter:creator\" content=\"@reconocemx\" \/>\n<meta name=\"twitter:site\" content=\"@reconocemx\" \/>\n<meta name=\"twitter:label1\" content=\"Escrito por\" \/>\n\t<meta name=\"twitter:data1\" content=\"Reconoce MX\" \/>\n\t<meta name=\"twitter:label2\" content=\"Tiempo de lectura\" \/>\n\t<meta name=\"twitter:data2\" content=\"4 minutos\" \/>\n<script type=\"application\/ld+json\" class=\"yoast-schema-graph\">{\"@context\":\"https:\/\/schema.org\",\"@graph\":[{\"@type\":\"Article\",\"@id\":\"https:\/\/www.reconoce.mx\/?p=72949#article\",\"isPartOf\":{\"@id\":\"https:\/\/www.reconoce.mx\/?p=72949\"},\"author\":{\"name\":\"Reconoce MX\",\"@id\":\"http:\/\/www.reconoce.mx\/#\/schema\/person\/2117e997d7051dc15d6880eaf9bca0b2\"},\"headline\":\"La mediocracia y la educaci\u00f3n de los ni\u00f1os\",\"datePublished\":\"2018-05-11T05:05:48+00:00\",\"dateModified\":\"2018-05-11T13:49:15+00:00\",\"mainEntityOfPage\":{\"@id\":\"https:\/\/www.reconoce.mx\/?p=72949\"},\"wordCount\":735,\"commentCount\":0,\"publisher\":{\"@id\":\"http:\/\/www.reconoce.mx\/#organization\"},\"image\":{\"@id\":\"https:\/\/www.reconoce.mx\/?p=72949#primaryimage\"},\"thumbnailUrl\":\"https:\/\/www.reconoce.mx\/wp-content\/uploads\/2018\/05\/television.jpg\",\"articleSection\":[\"Conciencia\",\"Pol\u00edtica\",\"Principal\"],\"inLanguage\":\"es\",\"potentialAction\":[{\"@type\":\"CommentAction\",\"name\":\"Comment\",\"target\":[\"https:\/\/www.reconoce.mx\/?p=72949#respond\"]}]},{\"@type\":\"WebPage\",\"@id\":\"https:\/\/www.reconoce.mx\/?p=72949\",\"url\":\"https:\/\/www.reconoce.mx\/?p=72949\",\"name\":\"La mediocracia y la educaci\u00f3n de los ni\u00f1os &#171; Reconoce MX\",\"isPartOf\":{\"@id\":\"http:\/\/www.reconoce.mx\/#website\"},\"primaryImageOfPage\":{\"@id\":\"https:\/\/www.reconoce.mx\/?p=72949#primaryimage\"},\"image\":{\"@id\":\"https:\/\/www.reconoce.mx\/?p=72949#primaryimage\"},\"thumbnailUrl\":\"https:\/\/www.reconoce.mx\/wp-content\/uploads\/2018\/05\/television.jpg\",\"datePublished\":\"2018-05-11T05:05:48+00:00\",\"dateModified\":\"2018-05-11T13:49:15+00:00\",\"breadcrumb\":{\"@id\":\"https:\/\/www.reconoce.mx\/?p=72949#breadcrumb\"},\"inLanguage\":\"es\",\"potentialAction\":[{\"@type\":\"ReadAction\",\"target\":[\"https:\/\/www.reconoce.mx\/?p=72949\"]}]},{\"@type\":\"ImageObject\",\"inLanguage\":\"es\",\"@id\":\"https:\/\/www.reconoce.mx\/?p=72949#primaryimage\",\"url\":\"https:\/\/www.reconoce.mx\/wp-content\/uploads\/2018\/05\/television.jpg\",\"contentUrl\":\"https:\/\/www.reconoce.mx\/wp-content\/uploads\/2018\/05\/television.jpg\",\"width\":590,\"height\":380},{\"@type\":\"BreadcrumbList\",\"@id\":\"https:\/\/www.reconoce.mx\/?p=72949#breadcrumb\",\"itemListElement\":[{\"@type\":\"ListItem\",\"position\":1,\"name\":\"Portada\",\"item\":\"http:\/\/www.reconoce.mx\/\"},{\"@type\":\"ListItem\",\"position\":2,\"name\":\"La mediocracia y la educaci\u00f3n de los ni\u00f1os\"}]},{\"@type\":\"WebSite\",\"@id\":\"http:\/\/www.reconoce.mx\/#website\",\"url\":\"http:\/\/www.reconoce.mx\/\",\"name\":\"Reconoce MX\",\"description\":\"En Reconoce MX difundimos arte, cultura y conciencia social en M\u00e9xico. Tu ciudad en otra perspectiva.\",\"publisher\":{\"@id\":\"http:\/\/www.reconoce.mx\/#organization\"},\"potentialAction\":[{\"@type\":\"SearchAction\",\"target\":{\"@type\":\"EntryPoint\",\"urlTemplate\":\"http:\/\/www.reconoce.mx\/?s={search_term_string}\"},\"query-input\":{\"@type\":\"PropertyValueSpecification\",\"valueRequired\":true,\"valueName\":\"search_term_string\"}}],\"inLanguage\":\"es\"},{\"@type\":\"Organization\",\"@id\":\"http:\/\/www.reconoce.mx\/#organization\",\"name\":\"Reconoce MX\",\"url\":\"http:\/\/www.reconoce.mx\/\",\"logo\":{\"@type\":\"ImageObject\",\"inLanguage\":\"es\",\"@id\":\"http:\/\/www.reconoce.mx\/#\/schema\/logo\/image\/\",\"url\":\"https:\/\/www.reconoce.mx\/wp-content\/uploads\/2019\/03\/logorcmx-good-1.png\",\"contentUrl\":\"https:\/\/www.reconoce.mx\/wp-content\/uploads\/2019\/03\/logorcmx-good-1.png\",\"width\":280,\"height\":90,\"caption\":\"Reconoce MX\"},\"image\":{\"@id\":\"http:\/\/www.reconoce.mx\/#\/schema\/logo\/image\/\"},\"sameAs\":[\"https:\/\/es-la.facebook.com\/ReconoceMX\/\",\"https:\/\/x.com\/reconocemx\",\"http:\/\/@reconocemx\"]},{\"@type\":\"Person\",\"@id\":\"http:\/\/www.reconoce.mx\/#\/schema\/person\/2117e997d7051dc15d6880eaf9bca0b2\",\"name\":\"Reconoce MX\",\"image\":{\"@type\":\"ImageObject\",\"inLanguage\":\"es\",\"@id\":\"http:\/\/www.reconoce.mx\/#\/schema\/person\/image\/\",\"url\":\"https:\/\/secure.gravatar.com\/avatar\/6c8d4dc7569ca1c90c5fdcc349f839d5ddef6fe1e70b4337ead2ef1a4c43fc3a?s=96&d=identicon&r=g\",\"contentUrl\":\"https:\/\/secure.gravatar.com\/avatar\/6c8d4dc7569ca1c90c5fdcc349f839d5ddef6fe1e70b4337ead2ef1a4c43fc3a?s=96&d=identicon&r=g\",\"caption\":\"Reconoce MX\"},\"description\":\"Reconoce MX es un proyecto de difusi\u00f3n art\u00edstica, cultural y de conciencia social que est\u00e1 enfocado a difundir y fomentar el entretenimiento alternativo de calidad para todo el p\u00fablico que comparta el mismo entusiasmo.\",\"sameAs\":[\"http:\/\/www.reconoce.mx\"],\"url\":\"https:\/\/www.reconoce.mx\/?author=2\"}]}<\/script>\n<!-- \/ Yoast SEO plugin. -->","yoast_head_json":{"title":"La mediocracia y la educaci\u00f3n de los ni\u00f1os &#171; Reconoce MX","robots":{"index":"index","follow":"follow","max-snippet":"max-snippet:-1","max-image-preview":"max-image-preview:large","max-video-preview":"max-video-preview:-1"},"canonical":"https:\/\/www.reconoce.mx\/?p=72949","og_locale":"es_ES","og_type":"article","og_title":"La mediocracia y la educaci\u00f3n de los ni\u00f1os &#171; Reconoce MX","og_description":"En temporada electoral, todo es sospechoso y todo tiene un fin. Siempre me ha parecido ilusorio tratar de comparar a Andr\u00e9s Manuel L\u00f3pez Obrador (AMLO) con Hugo Ch\u00e1vez o Nicol\u00e1s Maduro, ya que en todo caso, el candidato de la coalici\u00f3n \"Juntos haremos historia\" se colocar\u00eda m\u00e1s en el centro ideol\u00f3gico que cualquier otra cosa (\u00e9sto derivado de su formaci\u00f3n pol\u00edtica y su manera de gobernar).","og_url":"https:\/\/www.reconoce.mx\/?p=72949","og_site_name":"Reconoce MX","article_publisher":"https:\/\/es-la.facebook.com\/ReconoceMX\/","article_published_time":"2018-05-11T05:05:48+00:00","article_modified_time":"2018-05-11T13:49:15+00:00","og_image":[{"width":590,"height":380,"url":"https:\/\/www.reconoce.mx\/wp-content\/uploads\/2018\/05\/television.jpg","type":"image\/jpeg"}],"author":"Reconoce MX","twitter_card":"summary_large_image","twitter_creator":"@reconocemx","twitter_site":"@reconocemx","twitter_misc":{"Escrito por":"Reconoce MX","Tiempo de lectura":"4 minutos"},"schema":{"@context":"https:\/\/schema.org","@graph":[{"@type":"Article","@id":"https:\/\/www.reconoce.mx\/?p=72949#article","isPartOf":{"@id":"https:\/\/www.reconoce.mx\/?p=72949"},"author":{"name":"Reconoce MX","@id":"http:\/\/www.reconoce.mx\/#\/schema\/person\/2117e997d7051dc15d6880eaf9bca0b2"},"headline":"La mediocracia y la educaci\u00f3n de los ni\u00f1os","datePublished":"2018-05-11T05:05:48+00:00","dateModified":"2018-05-11T13:49:15+00:00","mainEntityOfPage":{"@id":"https:\/\/www.reconoce.mx\/?p=72949"},"wordCount":735,"commentCount":0,"publisher":{"@id":"http:\/\/www.reconoce.mx\/#organization"},"image":{"@id":"https:\/\/www.reconoce.mx\/?p=72949#primaryimage"},"thumbnailUrl":"https:\/\/www.reconoce.mx\/wp-content\/uploads\/2018\/05\/television.jpg","articleSection":["Conciencia","Pol\u00edtica","Principal"],"inLanguage":"es","potentialAction":[{"@type":"CommentAction","name":"Comment","target":["https:\/\/www.reconoce.mx\/?p=72949#respond"]}]},{"@type":"WebPage","@id":"https:\/\/www.reconoce.mx\/?p=72949","url":"https:\/\/www.reconoce.mx\/?p=72949","name":"La mediocracia y la educaci\u00f3n de los ni\u00f1os &#171; Reconoce MX","isPartOf":{"@id":"http:\/\/www.reconoce.mx\/#website"},"primaryImageOfPage":{"@id":"https:\/\/www.reconoce.mx\/?p=72949#primaryimage"},"image":{"@id":"https:\/\/www.reconoce.mx\/?p=72949#primaryimage"},"thumbnailUrl":"https:\/\/www.reconoce.mx\/wp-content\/uploads\/2018\/05\/television.jpg","datePublished":"2018-05-11T05:05:48+00:00","dateModified":"2018-05-11T13:49:15+00:00","breadcrumb":{"@id":"https:\/\/www.reconoce.mx\/?p=72949#breadcrumb"},"inLanguage":"es","potentialAction":[{"@type":"ReadAction","target":["https:\/\/www.reconoce.mx\/?p=72949"]}]},{"@type":"ImageObject","inLanguage":"es","@id":"https:\/\/www.reconoce.mx\/?p=72949#primaryimage","url":"https:\/\/www.reconoce.mx\/wp-content\/uploads\/2018\/05\/television.jpg","contentUrl":"https:\/\/www.reconoce.mx\/wp-content\/uploads\/2018\/05\/television.jpg","width":590,"height":380},{"@type":"BreadcrumbList","@id":"https:\/\/www.reconoce.mx\/?p=72949#breadcrumb","itemListElement":[{"@type":"ListItem","position":1,"name":"Portada","item":"http:\/\/www.reconoce.mx\/"},{"@type":"ListItem","position":2,"name":"La mediocracia y la educaci\u00f3n de los ni\u00f1os"}]},{"@type":"WebSite","@id":"http:\/\/www.reconoce.mx\/#website","url":"http:\/\/www.reconoce.mx\/","name":"Reconoce MX","description":"En Reconoce MX difundimos arte, cultura y conciencia social en M\u00e9xico. Tu ciudad en otra perspectiva.","publisher":{"@id":"http:\/\/www.reconoce.mx\/#organization"},"potentialAction":[{"@type":"SearchAction","target":{"@type":"EntryPoint","urlTemplate":"http:\/\/www.reconoce.mx\/?s={search_term_string}"},"query-input":{"@type":"PropertyValueSpecification","valueRequired":true,"valueName":"search_term_string"}}],"inLanguage":"es"},{"@type":"Organization","@id":"http:\/\/www.reconoce.mx\/#organization","name":"Reconoce MX","url":"http:\/\/www.reconoce.mx\/","logo":{"@type":"ImageObject","inLanguage":"es","@id":"http:\/\/www.reconoce.mx\/#\/schema\/logo\/image\/","url":"https:\/\/www.reconoce.mx\/wp-content\/uploads\/2019\/03\/logorcmx-good-1.png","contentUrl":"https:\/\/www.reconoce.mx\/wp-content\/uploads\/2019\/03\/logorcmx-good-1.png","width":280,"height":90,"caption":"Reconoce MX"},"image":{"@id":"http:\/\/www.reconoce.mx\/#\/schema\/logo\/image\/"},"sameAs":["https:\/\/es-la.facebook.com\/ReconoceMX\/","https:\/\/x.com\/reconocemx","http:\/\/@reconocemx"]},{"@type":"Person","@id":"http:\/\/www.reconoce.mx\/#\/schema\/person\/2117e997d7051dc15d6880eaf9bca0b2","name":"Reconoce MX","image":{"@type":"ImageObject","inLanguage":"es","@id":"http:\/\/www.reconoce.mx\/#\/schema\/person\/image\/","url":"https:\/\/secure.gravatar.com\/avatar\/6c8d4dc7569ca1c90c5fdcc349f839d5ddef6fe1e70b4337ead2ef1a4c43fc3a?s=96&d=identicon&r=g","contentUrl":"https:\/\/secure.gravatar.com\/avatar\/6c8d4dc7569ca1c90c5fdcc349f839d5ddef6fe1e70b4337ead2ef1a4c43fc3a?s=96&d=identicon&r=g","caption":"Reconoce MX"},"description":"Reconoce MX es un proyecto de difusi\u00f3n art\u00edstica, cultural y de conciencia social que est\u00e1 enfocado a difundir y fomentar el entretenimiento alternativo de calidad para todo el p\u00fablico que comparta el mismo entusiasmo.","sameAs":["http:\/\/www.reconoce.mx"],"url":"https:\/\/www.reconoce.mx\/?author=2"}]}},"_links":{"self":[{"href":"https:\/\/www.reconoce.mx\/index.php?rest_route=\/wp\/v2\/posts\/72949","targetHints":{"allow":["GET"]}}],"collection":[{"href":"https:\/\/www.reconoce.mx\/index.php?rest_route=\/wp\/v2\/posts"}],"about":[{"href":"https:\/\/www.reconoce.mx\/index.php?rest_route=\/wp\/v2\/types\/post"}],"author":[{"embeddable":true,"href":"https:\/\/www.reconoce.mx\/index.php?rest_route=\/wp\/v2\/users\/2"}],"replies":[{"embeddable":true,"href":"https:\/\/www.reconoce.mx\/index.php?rest_route=%2Fwp%2Fv2%2Fcomments&post=72949"}],"version-history":[{"count":2,"href":"https:\/\/www.reconoce.mx\/index.php?rest_route=\/wp\/v2\/posts\/72949\/revisions"}],"predecessor-version":[{"id":72952,"href":"https:\/\/www.reconoce.mx\/index.php?rest_route=\/wp\/v2\/posts\/72949\/revisions\/72952"}],"wp:featuredmedia":[{"embeddable":true,"href":"https:\/\/www.reconoce.mx\/index.php?rest_route=\/wp\/v2\/media\/72950"}],"wp:attachment":[{"href":"https:\/\/www.reconoce.mx\/index.php?rest_route=%2Fwp%2Fv2%2Fmedia&parent=72949"}],"wp:term":[{"taxonomy":"category","embeddable":true,"href":"https:\/\/www.reconoce.mx\/index.php?rest_route=%2Fwp%2Fv2%2Fcategories&post=72949"},{"taxonomy":"post_tag","embeddable":true,"href":"https:\/\/www.reconoce.mx\/index.php?rest_route=%2Fwp%2Fv2%2Ftags&post=72949"}],"curies":[{"name":"wp","href":"https:\/\/api.w.org\/{rel}","templated":true}]}}