{"id":72963,"date":"2018-05-11T00:04:38","date_gmt":"2018-05-11T05:04:38","guid":{"rendered":"http:\/\/www.reconoce.mx\/?p=72963"},"modified":"2018-05-11T08:49:02","modified_gmt":"2018-05-11T13:49:02","slug":"primitiva-la-nueva-exposicion-de-periferia-en-jardines-de-mexico","status":"publish","type":"post","link":"https:\/\/www.reconoce.mx\/?p=72963","title":{"rendered":"Primitiva: la nueva exposici\u00f3n de Periferia en Jardines de M\u00e9xico"},"content":{"rendered":"<p><strong> Por <a title=\"@AsfaltosTweets\" href=\"http:\/\/twitter.com\/AsfaltosTweets\" target=\"_blank\" rel=\"noopener noreferrer\" data-slimstat-type=\"0\" data-slimstat-callback=\"false\" data-slimstat-tracking=\"true\">Asfaltos<\/a><\/strong>.<\/p>\n<p>La <strong>Galer\u00eda de Arte Jardines de M\u00e9xico<\/strong> en Tehuixtla, Morelos, es por segunda ocasi\u00f3n la casa de <strong>Periferia<\/strong>, plataforma que produce y gestiona proyectos culturales, y que se enfoca en el desarrollo de \u00e9stos en otros territorios para aportar a la descentralizaci\u00f3n de la cultura, conectar con m\u00e1s audiencias y ser part\u00edcipe de una industria cultural sana. Continuando con su misi\u00f3n, <strong>Periferia<\/strong> presenta \u00abPrimitiva\u00bb.<\/p>\n<p><a href=\"http:\/\/www.reconoce.mx\/wp-content\/uploads\/2018\/05\/primitiva-2.jpg\"><img loading=\"lazy\" decoding=\"async\" class=\"aligncenter size-full wp-image-72965\" src=\"http:\/\/www.reconoce.mx\/wp-content\/uploads\/2018\/05\/primitiva-2.jpg\" alt=\"\" width=\"617\" height=\"926\" srcset=\"https:\/\/www.reconoce.mx\/wp-content\/uploads\/2018\/05\/primitiva-2.jpg 617w, https:\/\/www.reconoce.mx\/wp-content\/uploads\/2018\/05\/primitiva-2-200x300.jpg 200w, https:\/\/www.reconoce.mx\/wp-content\/uploads\/2018\/05\/primitiva-2-150x225.jpg 150w, https:\/\/www.reconoce.mx\/wp-content\/uploads\/2018\/05\/primitiva-2-300x450.jpg 300w\" sizes=\"auto, (max-width: 617px) 100vw, 617px\" \/><\/a><\/p>\n<p>A partir del trabajo de dos j\u00f3venes creadoras, quienes se involucran en las vivencias cotidianas de las mujeres para expresar gr\u00e1ficamente situaciones que les acontecen, nace \u00abPrimitiva\u00bb. La exposici\u00f3n, una vez m\u00e1s enclavada en la <strong>Galer\u00eda de Arte Jardines de M\u00e9xico<\/strong>, parte de dos principales ideas: indagar sobre el proceso de civilizaci\u00f3n en las mujeres y el concepto de mujer salvaje de <strong>Clarisa Pinkola<\/strong>; y la idea de fertilidad en cuanto a hacer crecer, que no necesariamente con la idea de procrear.<\/p>\n<p>Las dos responsables del di\u00e1logo que da forma a \u00abPrimitiva\u00bb son las artistas <strong>Iurhi<\/strong> (Iurhi Pe\u00f1a) y <strong>Skvllflower<\/strong> (Daniela Santaella). La primera, egresada de la <strong>ENAP<\/strong> en artes visuales con especializaci\u00f3n en dibujo y escultura, tiene entre sus intereses el contar la situaci\u00f3n de la mujer a trav\u00e9s de personajes de su vida diaria; por su parte la segunda, dise\u00f1adora gr\u00e1fica especializada en ilustraci\u00f3n, busca en su trabajo un consuelo al mismo tiempo que una herramienta de identificaci\u00f3n para las mujeres que han pasado por situaciones horrorsas.<\/p>\n<p><a href=\"http:\/\/www.reconoce.mx\/wp-content\/uploads\/2018\/05\/primitiva-1.jpg\"><img loading=\"lazy\" decoding=\"async\" class=\"aligncenter size-full wp-image-72964\" src=\"http:\/\/www.reconoce.mx\/wp-content\/uploads\/2018\/05\/primitiva-1.jpg\" alt=\"\" width=\"590\" height=\"380\" srcset=\"https:\/\/www.reconoce.mx\/wp-content\/uploads\/2018\/05\/primitiva-1.jpg 590w, https:\/\/www.reconoce.mx\/wp-content\/uploads\/2018\/05\/primitiva-1-300x193.jpg 300w, https:\/\/www.reconoce.mx\/wp-content\/uploads\/2018\/05\/primitiva-1-150x97.jpg 150w\" sizes=\"auto, (max-width: 590px) 100vw, 590px\" \/><\/a><\/p>\n<p>Visualmente la exposici\u00f3n es espectacular. Combinando diversos elementos que saltan del papel a las propias paredes de la Galer\u00eda de Arte, uno se envuelve con ayuda del clima c\u00e1lido en un utero creativo donde como la propia naturaleza, la experiencia resulta incontrolable. Dejarse atrapar por el colorido de la exposici\u00f3n, perderse en el ubicar las pistas del di\u00e1logo de las dos artistas responsables, es sin duda un deleite que desde ya invitamos a experimentar.<\/p>\n<p>Primitiva estar\u00e1 disponible hasta el 11 de junio de 2018 en la <strong>Galer\u00eda de Arte Jardines de M\u00e9xico<\/strong> (Autopista M\u00e9xico &#8211; Acapulco km 129, Tehuixtla, Morelos). Para acceder a <strong>Jardines de M\u00e9xico<\/strong> hay un costo que pueden ubicar en su sitio oficial; s\u00ed, vale absolutamente la pena preparar una visita express a tan paradisiaco lugar, y sobre todo a tan emocionante experiencia.<\/p>\n<p style=\"text-align: right;\">Con informaci\u00f3n e im\u00e1genes cortes\u00eda de <strong>Periferia<\/strong>.<\/p>\n<p>&nbsp;<\/p>\n<p>&nbsp;<\/p>\n","protected":false},"excerpt":{"rendered":"<p>La Galer\u00eda de Arte Jardines de M\u00e9xico en Tehuixtla, Morelos, es por segunda ocasi\u00f3n la casa de Periferia, plataforma que produce y gestiona proyectos culturales, y que se enfoca en el desarrollo de \u00e9stos en otros territorios para aportar a la descentralizaci\u00f3n de la cultura, conectar con m\u00e1s audiencias y ser part\u00edcipe de una industria cultural sana. <\/p>\n","protected":false},"author":2,"featured_media":72966,"comment_status":"open","ping_status":"open","sticky":false,"template":"","format":"standard","meta":{"footnotes":""},"categories":[79,1,17],"tags":[],"class_list":["post-72963","post","type-post","status-publish","format-standard","has-post-thumbnail","hentry","category-artes-visuales","category-cultura","category-principal"],"yoast_head":"<!-- This site is optimized with the Yoast SEO plugin v24.7 - https:\/\/yoast.com\/wordpress\/plugins\/seo\/ -->\n<title>Primitiva: la nueva exposici\u00f3n de Periferia en Jardines de M\u00e9xico &#171; Reconoce MX<\/title>\n<meta name=\"robots\" content=\"index, follow, max-snippet:-1, max-image-preview:large, max-video-preview:-1\" \/>\n<link rel=\"canonical\" href=\"https:\/\/www.reconoce.mx\/?p=72963\" \/>\n<meta property=\"og:locale\" content=\"es_ES\" \/>\n<meta property=\"og:type\" content=\"article\" \/>\n<meta property=\"og:title\" content=\"Primitiva: la nueva exposici\u00f3n de Periferia en Jardines de M\u00e9xico &#171; Reconoce MX\" \/>\n<meta property=\"og:description\" content=\"La Galer\u00eda de Arte Jardines de M\u00e9xico en Tehuixtla, Morelos, es por segunda ocasi\u00f3n la casa de Periferia, plataforma que produce y gestiona proyectos culturales, y que se enfoca en el desarrollo de \u00e9stos en otros territorios para aportar a la descentralizaci\u00f3n de la cultura, conectar con m\u00e1s audiencias y ser part\u00edcipe de una industria cultural sana.\" \/>\n<meta property=\"og:url\" content=\"https:\/\/www.reconoce.mx\/?p=72963\" \/>\n<meta property=\"og:site_name\" content=\"Reconoce MX\" \/>\n<meta property=\"article:publisher\" content=\"https:\/\/es-la.facebook.com\/ReconoceMX\/\" \/>\n<meta property=\"article:published_time\" content=\"2018-05-11T05:04:38+00:00\" \/>\n<meta property=\"article:modified_time\" content=\"2018-05-11T13:49:02+00:00\" \/>\n<meta property=\"og:image\" content=\"https:\/\/www.reconoce.mx\/wp-content\/uploads\/2018\/05\/primitiva-cover.jpg\" \/>\n\t<meta property=\"og:image:width\" content=\"590\" \/>\n\t<meta property=\"og:image:height\" content=\"380\" \/>\n\t<meta property=\"og:image:type\" content=\"image\/jpeg\" \/>\n<meta name=\"author\" content=\"Reconoce MX\" \/>\n<meta name=\"twitter:card\" content=\"summary_large_image\" \/>\n<meta name=\"twitter:creator\" content=\"@reconocemx\" \/>\n<meta name=\"twitter:site\" content=\"@reconocemx\" \/>\n<meta name=\"twitter:label1\" content=\"Escrito por\" \/>\n\t<meta name=\"twitter:data1\" content=\"Reconoce MX\" \/>\n\t<meta name=\"twitter:label2\" content=\"Tiempo de lectura\" \/>\n\t<meta name=\"twitter:data2\" content=\"2 minutos\" \/>\n<script type=\"application\/ld+json\" class=\"yoast-schema-graph\">{\"@context\":\"https:\/\/schema.org\",\"@graph\":[{\"@type\":\"Article\",\"@id\":\"https:\/\/www.reconoce.mx\/?p=72963#article\",\"isPartOf\":{\"@id\":\"https:\/\/www.reconoce.mx\/?p=72963\"},\"author\":{\"name\":\"Reconoce MX\",\"@id\":\"https:\/\/www.reconoce.mx\/#\/schema\/person\/2117e997d7051dc15d6880eaf9bca0b2\"},\"headline\":\"Primitiva: la nueva exposici\u00f3n de Periferia en Jardines de M\u00e9xico\",\"datePublished\":\"2018-05-11T05:04:38+00:00\",\"dateModified\":\"2018-05-11T13:49:02+00:00\",\"mainEntityOfPage\":{\"@id\":\"https:\/\/www.reconoce.mx\/?p=72963\"},\"wordCount\":424,\"commentCount\":0,\"publisher\":{\"@id\":\"https:\/\/www.reconoce.mx\/#organization\"},\"image\":{\"@id\":\"https:\/\/www.reconoce.mx\/?p=72963#primaryimage\"},\"thumbnailUrl\":\"https:\/\/www.reconoce.mx\/wp-content\/uploads\/2018\/05\/primitiva-cover.jpg\",\"articleSection\":[\"Artes Visuales\",\"Cultura\",\"Principal\"],\"inLanguage\":\"es\",\"potentialAction\":[{\"@type\":\"CommentAction\",\"name\":\"Comment\",\"target\":[\"https:\/\/www.reconoce.mx\/?p=72963#respond\"]}]},{\"@type\":\"WebPage\",\"@id\":\"https:\/\/www.reconoce.mx\/?p=72963\",\"url\":\"https:\/\/www.reconoce.mx\/?p=72963\",\"name\":\"Primitiva: la nueva exposici\u00f3n de Periferia en Jardines de M\u00e9xico &#171; Reconoce MX\",\"isPartOf\":{\"@id\":\"https:\/\/www.reconoce.mx\/#website\"},\"primaryImageOfPage\":{\"@id\":\"https:\/\/www.reconoce.mx\/?p=72963#primaryimage\"},\"image\":{\"@id\":\"https:\/\/www.reconoce.mx\/?p=72963#primaryimage\"},\"thumbnailUrl\":\"https:\/\/www.reconoce.mx\/wp-content\/uploads\/2018\/05\/primitiva-cover.jpg\",\"datePublished\":\"2018-05-11T05:04:38+00:00\",\"dateModified\":\"2018-05-11T13:49:02+00:00\",\"breadcrumb\":{\"@id\":\"https:\/\/www.reconoce.mx\/?p=72963#breadcrumb\"},\"inLanguage\":\"es\",\"potentialAction\":[{\"@type\":\"ReadAction\",\"target\":[\"https:\/\/www.reconoce.mx\/?p=72963\"]}]},{\"@type\":\"ImageObject\",\"inLanguage\":\"es\",\"@id\":\"https:\/\/www.reconoce.mx\/?p=72963#primaryimage\",\"url\":\"https:\/\/www.reconoce.mx\/wp-content\/uploads\/2018\/05\/primitiva-cover.jpg\",\"contentUrl\":\"https:\/\/www.reconoce.mx\/wp-content\/uploads\/2018\/05\/primitiva-cover.jpg\",\"width\":590,\"height\":380},{\"@type\":\"BreadcrumbList\",\"@id\":\"https:\/\/www.reconoce.mx\/?p=72963#breadcrumb\",\"itemListElement\":[{\"@type\":\"ListItem\",\"position\":1,\"name\":\"Portada\",\"item\":\"https:\/\/www.reconoce.mx\/\"},{\"@type\":\"ListItem\",\"position\":2,\"name\":\"Primitiva: la nueva exposici\u00f3n de Periferia en Jardines de M\u00e9xico\"}]},{\"@type\":\"WebSite\",\"@id\":\"https:\/\/www.reconoce.mx\/#website\",\"url\":\"https:\/\/www.reconoce.mx\/\",\"name\":\"Reconoce MX\",\"description\":\"En Reconoce MX difundimos arte, cultura y conciencia social en M\u00e9xico. Tu ciudad en otra perspectiva.\",\"publisher\":{\"@id\":\"https:\/\/www.reconoce.mx\/#organization\"},\"potentialAction\":[{\"@type\":\"SearchAction\",\"target\":{\"@type\":\"EntryPoint\",\"urlTemplate\":\"https:\/\/www.reconoce.mx\/?s={search_term_string}\"},\"query-input\":{\"@type\":\"PropertyValueSpecification\",\"valueRequired\":true,\"valueName\":\"search_term_string\"}}],\"inLanguage\":\"es\"},{\"@type\":\"Organization\",\"@id\":\"https:\/\/www.reconoce.mx\/#organization\",\"name\":\"Reconoce MX\",\"url\":\"https:\/\/www.reconoce.mx\/\",\"logo\":{\"@type\":\"ImageObject\",\"inLanguage\":\"es\",\"@id\":\"https:\/\/www.reconoce.mx\/#\/schema\/logo\/image\/\",\"url\":\"https:\/\/www.reconoce.mx\/wp-content\/uploads\/2019\/03\/logorcmx-good-1.png\",\"contentUrl\":\"https:\/\/www.reconoce.mx\/wp-content\/uploads\/2019\/03\/logorcmx-good-1.png\",\"width\":280,\"height\":90,\"caption\":\"Reconoce MX\"},\"image\":{\"@id\":\"https:\/\/www.reconoce.mx\/#\/schema\/logo\/image\/\"},\"sameAs\":[\"https:\/\/es-la.facebook.com\/ReconoceMX\/\",\"https:\/\/x.com\/reconocemx\",\"http:\/\/@reconocemx\"]},{\"@type\":\"Person\",\"@id\":\"https:\/\/www.reconoce.mx\/#\/schema\/person\/2117e997d7051dc15d6880eaf9bca0b2\",\"name\":\"Reconoce MX\",\"image\":{\"@type\":\"ImageObject\",\"inLanguage\":\"es\",\"@id\":\"https:\/\/www.reconoce.mx\/#\/schema\/person\/image\/\",\"url\":\"https:\/\/secure.gravatar.com\/avatar\/6c8d4dc7569ca1c90c5fdcc349f839d5ddef6fe1e70b4337ead2ef1a4c43fc3a?s=96&d=identicon&r=g\",\"contentUrl\":\"https:\/\/secure.gravatar.com\/avatar\/6c8d4dc7569ca1c90c5fdcc349f839d5ddef6fe1e70b4337ead2ef1a4c43fc3a?s=96&d=identicon&r=g\",\"caption\":\"Reconoce MX\"},\"description\":\"Reconoce MX es un proyecto de difusi\u00f3n art\u00edstica, cultural y de conciencia social que est\u00e1 enfocado a difundir y fomentar el entretenimiento alternativo de calidad para todo el p\u00fablico que comparta el mismo entusiasmo.\",\"sameAs\":[\"http:\/\/www.reconoce.mx\"],\"url\":\"https:\/\/www.reconoce.mx\/?author=2\"}]}<\/script>\n<!-- \/ Yoast SEO plugin. -->","yoast_head_json":{"title":"Primitiva: la nueva exposici\u00f3n de Periferia en Jardines de M\u00e9xico &#171; Reconoce MX","robots":{"index":"index","follow":"follow","max-snippet":"max-snippet:-1","max-image-preview":"max-image-preview:large","max-video-preview":"max-video-preview:-1"},"canonical":"https:\/\/www.reconoce.mx\/?p=72963","og_locale":"es_ES","og_type":"article","og_title":"Primitiva: la nueva exposici\u00f3n de Periferia en Jardines de M\u00e9xico &#171; Reconoce MX","og_description":"La Galer\u00eda de Arte Jardines de M\u00e9xico en Tehuixtla, Morelos, es por segunda ocasi\u00f3n la casa de Periferia, plataforma que produce y gestiona proyectos culturales, y que se enfoca en el desarrollo de \u00e9stos en otros territorios para aportar a la descentralizaci\u00f3n de la cultura, conectar con m\u00e1s audiencias y ser part\u00edcipe de una industria cultural sana.","og_url":"https:\/\/www.reconoce.mx\/?p=72963","og_site_name":"Reconoce MX","article_publisher":"https:\/\/es-la.facebook.com\/ReconoceMX\/","article_published_time":"2018-05-11T05:04:38+00:00","article_modified_time":"2018-05-11T13:49:02+00:00","og_image":[{"width":590,"height":380,"url":"https:\/\/www.reconoce.mx\/wp-content\/uploads\/2018\/05\/primitiva-cover.jpg","type":"image\/jpeg"}],"author":"Reconoce MX","twitter_card":"summary_large_image","twitter_creator":"@reconocemx","twitter_site":"@reconocemx","twitter_misc":{"Escrito por":"Reconoce MX","Tiempo de lectura":"2 minutos"},"schema":{"@context":"https:\/\/schema.org","@graph":[{"@type":"Article","@id":"https:\/\/www.reconoce.mx\/?p=72963#article","isPartOf":{"@id":"https:\/\/www.reconoce.mx\/?p=72963"},"author":{"name":"Reconoce MX","@id":"https:\/\/www.reconoce.mx\/#\/schema\/person\/2117e997d7051dc15d6880eaf9bca0b2"},"headline":"Primitiva: la nueva exposici\u00f3n de Periferia en Jardines de M\u00e9xico","datePublished":"2018-05-11T05:04:38+00:00","dateModified":"2018-05-11T13:49:02+00:00","mainEntityOfPage":{"@id":"https:\/\/www.reconoce.mx\/?p=72963"},"wordCount":424,"commentCount":0,"publisher":{"@id":"https:\/\/www.reconoce.mx\/#organization"},"image":{"@id":"https:\/\/www.reconoce.mx\/?p=72963#primaryimage"},"thumbnailUrl":"https:\/\/www.reconoce.mx\/wp-content\/uploads\/2018\/05\/primitiva-cover.jpg","articleSection":["Artes Visuales","Cultura","Principal"],"inLanguage":"es","potentialAction":[{"@type":"CommentAction","name":"Comment","target":["https:\/\/www.reconoce.mx\/?p=72963#respond"]}]},{"@type":"WebPage","@id":"https:\/\/www.reconoce.mx\/?p=72963","url":"https:\/\/www.reconoce.mx\/?p=72963","name":"Primitiva: la nueva exposici\u00f3n de Periferia en Jardines de M\u00e9xico &#171; Reconoce MX","isPartOf":{"@id":"https:\/\/www.reconoce.mx\/#website"},"primaryImageOfPage":{"@id":"https:\/\/www.reconoce.mx\/?p=72963#primaryimage"},"image":{"@id":"https:\/\/www.reconoce.mx\/?p=72963#primaryimage"},"thumbnailUrl":"https:\/\/www.reconoce.mx\/wp-content\/uploads\/2018\/05\/primitiva-cover.jpg","datePublished":"2018-05-11T05:04:38+00:00","dateModified":"2018-05-11T13:49:02+00:00","breadcrumb":{"@id":"https:\/\/www.reconoce.mx\/?p=72963#breadcrumb"},"inLanguage":"es","potentialAction":[{"@type":"ReadAction","target":["https:\/\/www.reconoce.mx\/?p=72963"]}]},{"@type":"ImageObject","inLanguage":"es","@id":"https:\/\/www.reconoce.mx\/?p=72963#primaryimage","url":"https:\/\/www.reconoce.mx\/wp-content\/uploads\/2018\/05\/primitiva-cover.jpg","contentUrl":"https:\/\/www.reconoce.mx\/wp-content\/uploads\/2018\/05\/primitiva-cover.jpg","width":590,"height":380},{"@type":"BreadcrumbList","@id":"https:\/\/www.reconoce.mx\/?p=72963#breadcrumb","itemListElement":[{"@type":"ListItem","position":1,"name":"Portada","item":"https:\/\/www.reconoce.mx\/"},{"@type":"ListItem","position":2,"name":"Primitiva: la nueva exposici\u00f3n de Periferia en Jardines de M\u00e9xico"}]},{"@type":"WebSite","@id":"https:\/\/www.reconoce.mx\/#website","url":"https:\/\/www.reconoce.mx\/","name":"Reconoce MX","description":"En Reconoce MX difundimos arte, cultura y conciencia social en M\u00e9xico. Tu ciudad en otra perspectiva.","publisher":{"@id":"https:\/\/www.reconoce.mx\/#organization"},"potentialAction":[{"@type":"SearchAction","target":{"@type":"EntryPoint","urlTemplate":"https:\/\/www.reconoce.mx\/?s={search_term_string}"},"query-input":{"@type":"PropertyValueSpecification","valueRequired":true,"valueName":"search_term_string"}}],"inLanguage":"es"},{"@type":"Organization","@id":"https:\/\/www.reconoce.mx\/#organization","name":"Reconoce MX","url":"https:\/\/www.reconoce.mx\/","logo":{"@type":"ImageObject","inLanguage":"es","@id":"https:\/\/www.reconoce.mx\/#\/schema\/logo\/image\/","url":"https:\/\/www.reconoce.mx\/wp-content\/uploads\/2019\/03\/logorcmx-good-1.png","contentUrl":"https:\/\/www.reconoce.mx\/wp-content\/uploads\/2019\/03\/logorcmx-good-1.png","width":280,"height":90,"caption":"Reconoce MX"},"image":{"@id":"https:\/\/www.reconoce.mx\/#\/schema\/logo\/image\/"},"sameAs":["https:\/\/es-la.facebook.com\/ReconoceMX\/","https:\/\/x.com\/reconocemx","http:\/\/@reconocemx"]},{"@type":"Person","@id":"https:\/\/www.reconoce.mx\/#\/schema\/person\/2117e997d7051dc15d6880eaf9bca0b2","name":"Reconoce MX","image":{"@type":"ImageObject","inLanguage":"es","@id":"https:\/\/www.reconoce.mx\/#\/schema\/person\/image\/","url":"https:\/\/secure.gravatar.com\/avatar\/6c8d4dc7569ca1c90c5fdcc349f839d5ddef6fe1e70b4337ead2ef1a4c43fc3a?s=96&d=identicon&r=g","contentUrl":"https:\/\/secure.gravatar.com\/avatar\/6c8d4dc7569ca1c90c5fdcc349f839d5ddef6fe1e70b4337ead2ef1a4c43fc3a?s=96&d=identicon&r=g","caption":"Reconoce MX"},"description":"Reconoce MX es un proyecto de difusi\u00f3n art\u00edstica, cultural y de conciencia social que est\u00e1 enfocado a difundir y fomentar el entretenimiento alternativo de calidad para todo el p\u00fablico que comparta el mismo entusiasmo.","sameAs":["http:\/\/www.reconoce.mx"],"url":"https:\/\/www.reconoce.mx\/?author=2"}]}},"_links":{"self":[{"href":"https:\/\/www.reconoce.mx\/index.php?rest_route=\/wp\/v2\/posts\/72963","targetHints":{"allow":["GET"]}}],"collection":[{"href":"https:\/\/www.reconoce.mx\/index.php?rest_route=\/wp\/v2\/posts"}],"about":[{"href":"https:\/\/www.reconoce.mx\/index.php?rest_route=\/wp\/v2\/types\/post"}],"author":[{"embeddable":true,"href":"https:\/\/www.reconoce.mx\/index.php?rest_route=\/wp\/v2\/users\/2"}],"replies":[{"embeddable":true,"href":"https:\/\/www.reconoce.mx\/index.php?rest_route=%2Fwp%2Fv2%2Fcomments&post=72963"}],"version-history":[{"count":1,"href":"https:\/\/www.reconoce.mx\/index.php?rest_route=\/wp\/v2\/posts\/72963\/revisions"}],"predecessor-version":[{"id":72967,"href":"https:\/\/www.reconoce.mx\/index.php?rest_route=\/wp\/v2\/posts\/72963\/revisions\/72967"}],"wp:featuredmedia":[{"embeddable":true,"href":"https:\/\/www.reconoce.mx\/index.php?rest_route=\/wp\/v2\/media\/72966"}],"wp:attachment":[{"href":"https:\/\/www.reconoce.mx\/index.php?rest_route=%2Fwp%2Fv2%2Fmedia&parent=72963"}],"wp:term":[{"taxonomy":"category","embeddable":true,"href":"https:\/\/www.reconoce.mx\/index.php?rest_route=%2Fwp%2Fv2%2Fcategories&post=72963"},{"taxonomy":"post_tag","embeddable":true,"href":"https:\/\/www.reconoce.mx\/index.php?rest_route=%2Fwp%2Fv2%2Ftags&post=72963"}],"curies":[{"name":"wp","href":"https:\/\/api.w.org\/{rel}","templated":true}]}}