{"id":72974,"date":"2018-05-10T00:04:08","date_gmt":"2018-05-10T05:04:08","guid":{"rendered":"http:\/\/www.reconoce.mx\/?p=72974"},"modified":"2018-05-10T10:24:37","modified_gmt":"2018-05-10T15:24:37","slug":"somos-uno-el-regreso-de-centavrvs-a-las-raices-latinas","status":"publish","type":"post","link":"https:\/\/www.reconoce.mx\/?p=72974","title":{"rendered":"\u00abSomos Uno\u00bb: El regreso de Centavrvs a las ra\u00edces latinas"},"content":{"rendered":"<p><strong>Por <span class=\"st\"><a href=\"https:\/\/twitter.com\/Amauryshow\" target=\"_blank\" rel=\"noopener noreferrer\">Amaury Berdejo Ju\u00e1rez<\/a><\/span>.<\/strong><\/p>\n<p>No hay nada como escuchar nueva m\u00fasica que nos conecte a las poderosas ra\u00edces r\u00edtmicas de nuestra regi\u00f3n, en una \u00e9poca donde tenemos muchas ofertas de todas partes del mundo. En este contexto, el cuarteto mexicano <strong>Centavrvs<\/strong> se encuentra promocionando su segundo \u00e1lbum \u00abSomos Uno\u00bb, del cual se desprenden 14 temas, entre ellos, \u00abEl punto final\u00bb, primer sencillo del disco.<\/p>\n<p><a href=\"http:\/\/www.reconoce.mx\/wp-content\/uploads\/2018\/05\/e6c72b01c84ea53d368d21d69c84f8db.1000x1000x1.jpg\"><img loading=\"lazy\" decoding=\"async\" class=\"aligncenter size-full wp-image-72976\" src=\"http:\/\/www.reconoce.mx\/wp-content\/uploads\/2018\/05\/e6c72b01c84ea53d368d21d69c84f8db.1000x1000x1.jpg\" alt=\"\" width=\"1000\" height=\"1000\" srcset=\"https:\/\/www.reconoce.mx\/wp-content\/uploads\/2018\/05\/e6c72b01c84ea53d368d21d69c84f8db.1000x1000x1.jpg 1000w, https:\/\/www.reconoce.mx\/wp-content\/uploads\/2018\/05\/e6c72b01c84ea53d368d21d69c84f8db.1000x1000x1-150x150.jpg 150w, https:\/\/www.reconoce.mx\/wp-content\/uploads\/2018\/05\/e6c72b01c84ea53d368d21d69c84f8db.1000x1000x1-300x300.jpg 300w, https:\/\/www.reconoce.mx\/wp-content\/uploads\/2018\/05\/e6c72b01c84ea53d368d21d69c84f8db.1000x1000x1-768x768.jpg 768w, https:\/\/www.reconoce.mx\/wp-content\/uploads\/2018\/05\/e6c72b01c84ea53d368d21d69c84f8db.1000x1000x1-65x65.jpg 65w, https:\/\/www.reconoce.mx\/wp-content\/uploads\/2018\/05\/e6c72b01c84ea53d368d21d69c84f8db.1000x1000x1-700x700.jpg 700w, https:\/\/www.reconoce.mx\/wp-content\/uploads\/2018\/05\/e6c72b01c84ea53d368d21d69c84f8db.1000x1000x1-658x658.jpg 658w\" sizes=\"auto, (max-width: 1000px) 100vw, 1000px\" \/><\/a><\/p>\n<p>La agrupaci\u00f3n de electr\u00f3nica regional mexicana, se acaba de presentar este a\u00f1o en el <strong>Festival Vive Latino 2018<\/strong> con gran respuesta, as\u00ed que nos dimos a la tarea de hacer una breve descripci\u00f3n del <em>tracklist<\/em> de su nueva producci\u00f3n, que seguramente traer\u00e1 muchos buenos resultados para <strong>Centavrvs<\/strong><\/p>\n<ol>\n<li>El disco inicia con un \u00abIntro\u00bb que presenta claramente la direcci\u00f3n de esta placa, una voz en off relatando un pensamiento ubicado en cualquier lugar y tiempo de Latinoam\u00e9rica, todo enmarcado con ritmos y sonidos propios de esta regi\u00f3n.<\/li>\n<li>\u00abCataclismos\u00bb es la segunda en la lista y se presenta como una conexi\u00f3n de la banda con el rock sesentero, tintes de psicodelia e indie que contrastan con el primer tema de manera muy disfrutable.<\/li>\n<li>Todos hemos tenido una \u00abDebilidad\u00bb por alguien que nos vuelve locos en alg\u00fan momento de nuestras vidas y <strong>Centavrvs<\/strong> la representa en esta tercera canci\u00f3n donde f\u00e1cilmente podemos sentir el romanticismo suave que te invita a bailar.<\/li>\n<li>Perder un amor que nos dio amistad puede ser doblemente doloroso, esto queda reflejado en los cadenciosos ritmos de \u00abSomos uno\u00bb, pieza que se adentra nuevamente en una r\u00edtmica de sonidos latinos y mezcla con elementos sonoros m\u00e1s sint\u00e9ticos.<\/li>\n<li>\u00abPunto final\u00bb demuestra el inter\u00e9s de la banda por fusionar la tecnolog\u00eda con ritmos regionales (tendencia actual en artistas como <strong>Sotomayor<\/strong>). El resultado es sin duda m\u00fasica adictiva para bailar. Sin descubrir el hilo negro, <strong>Centavrvs<\/strong> logra retomar ritmos tradicionales tanto de M\u00e9xico como de latinoam\u00e9rica y fusionarlos con letras de actualidad y sonidos sint\u00e9ticos<\/li>\n<li>\u00abDiablo en llamas\u00bb es un aut\u00e9ntico viaje sonoro a los elementos de la m\u00fasica cubana, un ritmo lento, profundo y penetrante ideal para imaginarte bailando en la isla caribe\u00f1a.<\/li>\n<li>Desde el inicio de \u00ab\u00c1ngel tropical\u00bb, una guitarra alegre nos conduce a un ritmo caribe\u00f1o que pone a bailar a cualquiera, la alegr\u00eda del enamoramiento se asoma en este tema que declara sensualidad y atracci\u00f3n, dos elementos estelares en la sangre latina.<\/li>\n<li>\u00abOjos de mar\u00bb es una oda a la alegr\u00eda y nostalgia de la vida cerca del puerto. Una vez m\u00e1s, la tem\u00e1tica escogida es propia de pa\u00edses latinoamericanos, donde el origen de la cultura est\u00e1 muy en contacto con el mar, desde las costas mexicanas hasta las playas de Colombia o Brasil; la vida cerca del mar es una constante inspiraci\u00f3n para quienes la conocen. \u00bfQui\u00e9n no quisiera estar en la playa al escuchar esta canci\u00f3n?<\/li>\n<li>Una vez que llegamos al sencillo \u00abVolar muy alto\u00bb, nos damos cuenta de que el tema es una conclusi\u00f3n muy l\u00f3gica respecto al entorno sonoro presentado a lo largo del disco. Riffs muy finos y una letra introspectiva son la muestra perfecta para saber de qu\u00e9 se trata esta nueva producci\u00f3n de la banda.<\/li>\n<li>\u00abQuebrar las ventanas\u00bb es un interesante experimento en cuanto a r\u00edtmica, pues claramente retoma elementos del <em>math rock<\/em> (cuyo exponente referencia ser\u00eda <strong>Foals<\/strong>), una pieza con tem\u00e1tica de amor que en vivo seguramente requiere de mucha precisi\u00f3n por pate de la banda. En temas como \u00e9ste, la banda demuestra tambi\u00e9n una capacidad t\u00e9cnica y de ejecuci\u00f3n muy atractiva.<\/li>\n<li>\u00abJer\u00f3nimo\u00bb se construye con una base r\u00edtmica muy disfrutable con acentos de cumbia y ballenato, coexistiendo perfectamente con elementos sint\u00e9ticos como <em>delays<\/em> en las guitarras, teclados ochenteros y percusiones que no dejan caer el \u00e1nimo en ning\u00fan momento: un tema perfecto para bailar.<\/li>\n<li>\u00abNo al silencio\u00bb es un breve relato en lengua n\u00e1huatl que se conecta directamente al siguiente track.<\/li>\n<li>\u00abFlor de Mayo\u00bb es una historia que describe las sensaciones propies de quien ha nacido en el campo, en contacto con la naturaleza y bajo un cielo de estrellas: la conclusi\u00f3n perfecta de este disco lleno de orgullo por las ra\u00edces sonoras de Latinoam\u00e9rica.<\/li>\n<\/ol>\n<p><iframe title=\"Spotify Embed: Somos Uno\" style=\"border-radius: 12px\" width=\"100%\" height=\"352\" frameborder=\"0\" allowfullscreen allow=\"autoplay; clipboard-write; encrypted-media; fullscreen; picture-in-picture\" loading=\"lazy\" src=\"https:\/\/open.spotify.com\/embed\/album\/1nO7f9CwzXsplhuEwezNs1?utm_source=oembed\"><\/iframe><\/p>\n<p>\u00abSomos uno\u00bb de <strong>Centavrvs<\/strong> se puede conseguir en su versi\u00f3n digital, pero tambi\u00e9n en su versi\u00f3n f\u00edsica. \u00a1No dejen de conseguirlo!<\/p>\n<p>&nbsp;<\/p>\n<p>&nbsp;<\/p>\n","protected":false},"excerpt":{"rendered":"<p>No hay nada como escuchar nueva m\u00fasica que nos conecte a las poderosas ra\u00edces r\u00edtmicas de nuestra regi\u00f3n, en una \u00e9poca donde tenemos muchas ofertas de todas partes del mundo. <\/p>\n","protected":false},"author":2,"featured_media":72975,"comment_status":"open","ping_status":"open","sticky":false,"template":"","format":"standard","meta":{"footnotes":""},"categories":[1,18,17],"tags":[],"class_list":["post-72974","post","type-post","status-publish","format-standard","has-post-thumbnail","hentry","category-cultura","category-musica","category-principal"],"yoast_head":"<!-- This site is optimized with the Yoast SEO plugin v24.7 - https:\/\/yoast.com\/wordpress\/plugins\/seo\/ -->\n<title>&quot;Somos Uno&quot;: El regreso de Centavrvs a las ra\u00edces latinas &#171; Reconoce MX<\/title>\n<meta name=\"robots\" content=\"index, follow, max-snippet:-1, max-image-preview:large, max-video-preview:-1\" \/>\n<link rel=\"canonical\" href=\"https:\/\/www.reconoce.mx\/?p=72974\" \/>\n<meta property=\"og:locale\" content=\"es_ES\" \/>\n<meta property=\"og:type\" content=\"article\" \/>\n<meta property=\"og:title\" content=\"&quot;Somos Uno&quot;: El regreso de Centavrvs a las ra\u00edces latinas &#171; Reconoce MX\" \/>\n<meta property=\"og:description\" content=\"No hay nada como escuchar nueva m\u00fasica que nos conecte a las poderosas ra\u00edces r\u00edtmicas de nuestra regi\u00f3n, en una \u00e9poca donde tenemos muchas ofertas de todas partes del mundo.\" \/>\n<meta property=\"og:url\" content=\"https:\/\/www.reconoce.mx\/?p=72974\" \/>\n<meta property=\"og:site_name\" content=\"Reconoce MX\" \/>\n<meta property=\"article:publisher\" content=\"https:\/\/es-la.facebook.com\/ReconoceMX\/\" \/>\n<meta property=\"article:published_time\" content=\"2018-05-10T05:04:08+00:00\" \/>\n<meta property=\"article:modified_time\" content=\"2018-05-10T15:24:37+00:00\" \/>\n<meta property=\"og:image\" content=\"https:\/\/www.reconoce.mx\/wp-content\/uploads\/2018\/05\/centavrvs-cover.jpg\" \/>\n\t<meta property=\"og:image:width\" content=\"590\" \/>\n\t<meta property=\"og:image:height\" content=\"380\" \/>\n\t<meta property=\"og:image:type\" content=\"image\/jpeg\" \/>\n<meta name=\"author\" content=\"Reconoce MX\" \/>\n<meta name=\"twitter:card\" content=\"summary_large_image\" \/>\n<meta name=\"twitter:creator\" content=\"@reconocemx\" \/>\n<meta name=\"twitter:site\" content=\"@reconocemx\" \/>\n<meta name=\"twitter:label1\" content=\"Escrito por\" \/>\n\t<meta name=\"twitter:data1\" content=\"Reconoce MX\" \/>\n\t<meta name=\"twitter:label2\" content=\"Tiempo de lectura\" \/>\n\t<meta name=\"twitter:data2\" content=\"4 minutos\" \/>\n<script type=\"application\/ld+json\" class=\"yoast-schema-graph\">{\"@context\":\"https:\/\/schema.org\",\"@graph\":[{\"@type\":\"Article\",\"@id\":\"https:\/\/www.reconoce.mx\/?p=72974#article\",\"isPartOf\":{\"@id\":\"https:\/\/www.reconoce.mx\/?p=72974\"},\"author\":{\"name\":\"Reconoce MX\",\"@id\":\"http:\/\/www.reconoce.mx\/#\/schema\/person\/2117e997d7051dc15d6880eaf9bca0b2\"},\"headline\":\"\u00abSomos Uno\u00bb: El regreso de Centavrvs a las ra\u00edces latinas\",\"datePublished\":\"2018-05-10T05:04:08+00:00\",\"dateModified\":\"2018-05-10T15:24:37+00:00\",\"mainEntityOfPage\":{\"@id\":\"https:\/\/www.reconoce.mx\/?p=72974\"},\"wordCount\":780,\"commentCount\":0,\"publisher\":{\"@id\":\"http:\/\/www.reconoce.mx\/#organization\"},\"image\":{\"@id\":\"https:\/\/www.reconoce.mx\/?p=72974#primaryimage\"},\"thumbnailUrl\":\"https:\/\/www.reconoce.mx\/wp-content\/uploads\/2018\/05\/centavrvs-cover.jpg\",\"articleSection\":[\"Cultura\",\"M\u00fasica\",\"Principal\"],\"inLanguage\":\"es\",\"potentialAction\":[{\"@type\":\"CommentAction\",\"name\":\"Comment\",\"target\":[\"https:\/\/www.reconoce.mx\/?p=72974#respond\"]}]},{\"@type\":\"WebPage\",\"@id\":\"https:\/\/www.reconoce.mx\/?p=72974\",\"url\":\"https:\/\/www.reconoce.mx\/?p=72974\",\"name\":\"\\\"Somos Uno\\\": El regreso de Centavrvs a las ra\u00edces latinas &#171; Reconoce MX\",\"isPartOf\":{\"@id\":\"http:\/\/www.reconoce.mx\/#website\"},\"primaryImageOfPage\":{\"@id\":\"https:\/\/www.reconoce.mx\/?p=72974#primaryimage\"},\"image\":{\"@id\":\"https:\/\/www.reconoce.mx\/?p=72974#primaryimage\"},\"thumbnailUrl\":\"https:\/\/www.reconoce.mx\/wp-content\/uploads\/2018\/05\/centavrvs-cover.jpg\",\"datePublished\":\"2018-05-10T05:04:08+00:00\",\"dateModified\":\"2018-05-10T15:24:37+00:00\",\"breadcrumb\":{\"@id\":\"https:\/\/www.reconoce.mx\/?p=72974#breadcrumb\"},\"inLanguage\":\"es\",\"potentialAction\":[{\"@type\":\"ReadAction\",\"target\":[\"https:\/\/www.reconoce.mx\/?p=72974\"]}]},{\"@type\":\"ImageObject\",\"inLanguage\":\"es\",\"@id\":\"https:\/\/www.reconoce.mx\/?p=72974#primaryimage\",\"url\":\"https:\/\/www.reconoce.mx\/wp-content\/uploads\/2018\/05\/centavrvs-cover.jpg\",\"contentUrl\":\"https:\/\/www.reconoce.mx\/wp-content\/uploads\/2018\/05\/centavrvs-cover.jpg\",\"width\":590,\"height\":380},{\"@type\":\"BreadcrumbList\",\"@id\":\"https:\/\/www.reconoce.mx\/?p=72974#breadcrumb\",\"itemListElement\":[{\"@type\":\"ListItem\",\"position\":1,\"name\":\"Portada\",\"item\":\"http:\/\/www.reconoce.mx\/\"},{\"@type\":\"ListItem\",\"position\":2,\"name\":\"\u00abSomos Uno\u00bb: El regreso de Centavrvs a las ra\u00edces latinas\"}]},{\"@type\":\"WebSite\",\"@id\":\"http:\/\/www.reconoce.mx\/#website\",\"url\":\"http:\/\/www.reconoce.mx\/\",\"name\":\"Reconoce MX\",\"description\":\"En Reconoce MX difundimos arte, cultura y conciencia social en M\u00e9xico. Tu ciudad en otra perspectiva.\",\"publisher\":{\"@id\":\"http:\/\/www.reconoce.mx\/#organization\"},\"potentialAction\":[{\"@type\":\"SearchAction\",\"target\":{\"@type\":\"EntryPoint\",\"urlTemplate\":\"http:\/\/www.reconoce.mx\/?s={search_term_string}\"},\"query-input\":{\"@type\":\"PropertyValueSpecification\",\"valueRequired\":true,\"valueName\":\"search_term_string\"}}],\"inLanguage\":\"es\"},{\"@type\":\"Organization\",\"@id\":\"http:\/\/www.reconoce.mx\/#organization\",\"name\":\"Reconoce MX\",\"url\":\"http:\/\/www.reconoce.mx\/\",\"logo\":{\"@type\":\"ImageObject\",\"inLanguage\":\"es\",\"@id\":\"http:\/\/www.reconoce.mx\/#\/schema\/logo\/image\/\",\"url\":\"https:\/\/www.reconoce.mx\/wp-content\/uploads\/2019\/03\/logorcmx-good-1.png\",\"contentUrl\":\"https:\/\/www.reconoce.mx\/wp-content\/uploads\/2019\/03\/logorcmx-good-1.png\",\"width\":280,\"height\":90,\"caption\":\"Reconoce MX\"},\"image\":{\"@id\":\"http:\/\/www.reconoce.mx\/#\/schema\/logo\/image\/\"},\"sameAs\":[\"https:\/\/es-la.facebook.com\/ReconoceMX\/\",\"https:\/\/x.com\/reconocemx\",\"http:\/\/@reconocemx\"]},{\"@type\":\"Person\",\"@id\":\"http:\/\/www.reconoce.mx\/#\/schema\/person\/2117e997d7051dc15d6880eaf9bca0b2\",\"name\":\"Reconoce MX\",\"image\":{\"@type\":\"ImageObject\",\"inLanguage\":\"es\",\"@id\":\"http:\/\/www.reconoce.mx\/#\/schema\/person\/image\/\",\"url\":\"https:\/\/secure.gravatar.com\/avatar\/6c8d4dc7569ca1c90c5fdcc349f839d5ddef6fe1e70b4337ead2ef1a4c43fc3a?s=96&d=identicon&r=g\",\"contentUrl\":\"https:\/\/secure.gravatar.com\/avatar\/6c8d4dc7569ca1c90c5fdcc349f839d5ddef6fe1e70b4337ead2ef1a4c43fc3a?s=96&d=identicon&r=g\",\"caption\":\"Reconoce MX\"},\"description\":\"Reconoce MX es un proyecto de difusi\u00f3n art\u00edstica, cultural y de conciencia social que est\u00e1 enfocado a difundir y fomentar el entretenimiento alternativo de calidad para todo el p\u00fablico que comparta el mismo entusiasmo.\",\"sameAs\":[\"http:\/\/www.reconoce.mx\"],\"url\":\"https:\/\/www.reconoce.mx\/?author=2\"}]}<\/script>\n<!-- \/ Yoast SEO plugin. -->","yoast_head_json":{"title":"\"Somos Uno\": El regreso de Centavrvs a las ra\u00edces latinas &#171; Reconoce MX","robots":{"index":"index","follow":"follow","max-snippet":"max-snippet:-1","max-image-preview":"max-image-preview:large","max-video-preview":"max-video-preview:-1"},"canonical":"https:\/\/www.reconoce.mx\/?p=72974","og_locale":"es_ES","og_type":"article","og_title":"\"Somos Uno\": El regreso de Centavrvs a las ra\u00edces latinas &#171; Reconoce MX","og_description":"No hay nada como escuchar nueva m\u00fasica que nos conecte a las poderosas ra\u00edces r\u00edtmicas de nuestra regi\u00f3n, en una \u00e9poca donde tenemos muchas ofertas de todas partes del mundo.","og_url":"https:\/\/www.reconoce.mx\/?p=72974","og_site_name":"Reconoce MX","article_publisher":"https:\/\/es-la.facebook.com\/ReconoceMX\/","article_published_time":"2018-05-10T05:04:08+00:00","article_modified_time":"2018-05-10T15:24:37+00:00","og_image":[{"width":590,"height":380,"url":"https:\/\/www.reconoce.mx\/wp-content\/uploads\/2018\/05\/centavrvs-cover.jpg","type":"image\/jpeg"}],"author":"Reconoce MX","twitter_card":"summary_large_image","twitter_creator":"@reconocemx","twitter_site":"@reconocemx","twitter_misc":{"Escrito por":"Reconoce MX","Tiempo de lectura":"4 minutos"},"schema":{"@context":"https:\/\/schema.org","@graph":[{"@type":"Article","@id":"https:\/\/www.reconoce.mx\/?p=72974#article","isPartOf":{"@id":"https:\/\/www.reconoce.mx\/?p=72974"},"author":{"name":"Reconoce MX","@id":"http:\/\/www.reconoce.mx\/#\/schema\/person\/2117e997d7051dc15d6880eaf9bca0b2"},"headline":"\u00abSomos Uno\u00bb: El regreso de Centavrvs a las ra\u00edces latinas","datePublished":"2018-05-10T05:04:08+00:00","dateModified":"2018-05-10T15:24:37+00:00","mainEntityOfPage":{"@id":"https:\/\/www.reconoce.mx\/?p=72974"},"wordCount":780,"commentCount":0,"publisher":{"@id":"http:\/\/www.reconoce.mx\/#organization"},"image":{"@id":"https:\/\/www.reconoce.mx\/?p=72974#primaryimage"},"thumbnailUrl":"https:\/\/www.reconoce.mx\/wp-content\/uploads\/2018\/05\/centavrvs-cover.jpg","articleSection":["Cultura","M\u00fasica","Principal"],"inLanguage":"es","potentialAction":[{"@type":"CommentAction","name":"Comment","target":["https:\/\/www.reconoce.mx\/?p=72974#respond"]}]},{"@type":"WebPage","@id":"https:\/\/www.reconoce.mx\/?p=72974","url":"https:\/\/www.reconoce.mx\/?p=72974","name":"\"Somos Uno\": El regreso de Centavrvs a las ra\u00edces latinas &#171; Reconoce MX","isPartOf":{"@id":"http:\/\/www.reconoce.mx\/#website"},"primaryImageOfPage":{"@id":"https:\/\/www.reconoce.mx\/?p=72974#primaryimage"},"image":{"@id":"https:\/\/www.reconoce.mx\/?p=72974#primaryimage"},"thumbnailUrl":"https:\/\/www.reconoce.mx\/wp-content\/uploads\/2018\/05\/centavrvs-cover.jpg","datePublished":"2018-05-10T05:04:08+00:00","dateModified":"2018-05-10T15:24:37+00:00","breadcrumb":{"@id":"https:\/\/www.reconoce.mx\/?p=72974#breadcrumb"},"inLanguage":"es","potentialAction":[{"@type":"ReadAction","target":["https:\/\/www.reconoce.mx\/?p=72974"]}]},{"@type":"ImageObject","inLanguage":"es","@id":"https:\/\/www.reconoce.mx\/?p=72974#primaryimage","url":"https:\/\/www.reconoce.mx\/wp-content\/uploads\/2018\/05\/centavrvs-cover.jpg","contentUrl":"https:\/\/www.reconoce.mx\/wp-content\/uploads\/2018\/05\/centavrvs-cover.jpg","width":590,"height":380},{"@type":"BreadcrumbList","@id":"https:\/\/www.reconoce.mx\/?p=72974#breadcrumb","itemListElement":[{"@type":"ListItem","position":1,"name":"Portada","item":"http:\/\/www.reconoce.mx\/"},{"@type":"ListItem","position":2,"name":"\u00abSomos Uno\u00bb: El regreso de Centavrvs a las ra\u00edces latinas"}]},{"@type":"WebSite","@id":"http:\/\/www.reconoce.mx\/#website","url":"http:\/\/www.reconoce.mx\/","name":"Reconoce MX","description":"En Reconoce MX difundimos arte, cultura y conciencia social en M\u00e9xico. Tu ciudad en otra perspectiva.","publisher":{"@id":"http:\/\/www.reconoce.mx\/#organization"},"potentialAction":[{"@type":"SearchAction","target":{"@type":"EntryPoint","urlTemplate":"http:\/\/www.reconoce.mx\/?s={search_term_string}"},"query-input":{"@type":"PropertyValueSpecification","valueRequired":true,"valueName":"search_term_string"}}],"inLanguage":"es"},{"@type":"Organization","@id":"http:\/\/www.reconoce.mx\/#organization","name":"Reconoce MX","url":"http:\/\/www.reconoce.mx\/","logo":{"@type":"ImageObject","inLanguage":"es","@id":"http:\/\/www.reconoce.mx\/#\/schema\/logo\/image\/","url":"https:\/\/www.reconoce.mx\/wp-content\/uploads\/2019\/03\/logorcmx-good-1.png","contentUrl":"https:\/\/www.reconoce.mx\/wp-content\/uploads\/2019\/03\/logorcmx-good-1.png","width":280,"height":90,"caption":"Reconoce MX"},"image":{"@id":"http:\/\/www.reconoce.mx\/#\/schema\/logo\/image\/"},"sameAs":["https:\/\/es-la.facebook.com\/ReconoceMX\/","https:\/\/x.com\/reconocemx","http:\/\/@reconocemx"]},{"@type":"Person","@id":"http:\/\/www.reconoce.mx\/#\/schema\/person\/2117e997d7051dc15d6880eaf9bca0b2","name":"Reconoce MX","image":{"@type":"ImageObject","inLanguage":"es","@id":"http:\/\/www.reconoce.mx\/#\/schema\/person\/image\/","url":"https:\/\/secure.gravatar.com\/avatar\/6c8d4dc7569ca1c90c5fdcc349f839d5ddef6fe1e70b4337ead2ef1a4c43fc3a?s=96&d=identicon&r=g","contentUrl":"https:\/\/secure.gravatar.com\/avatar\/6c8d4dc7569ca1c90c5fdcc349f839d5ddef6fe1e70b4337ead2ef1a4c43fc3a?s=96&d=identicon&r=g","caption":"Reconoce MX"},"description":"Reconoce MX es un proyecto de difusi\u00f3n art\u00edstica, cultural y de conciencia social que est\u00e1 enfocado a difundir y fomentar el entretenimiento alternativo de calidad para todo el p\u00fablico que comparta el mismo entusiasmo.","sameAs":["http:\/\/www.reconoce.mx"],"url":"https:\/\/www.reconoce.mx\/?author=2"}]}},"_links":{"self":[{"href":"https:\/\/www.reconoce.mx\/index.php?rest_route=\/wp\/v2\/posts\/72974","targetHints":{"allow":["GET"]}}],"collection":[{"href":"https:\/\/www.reconoce.mx\/index.php?rest_route=\/wp\/v2\/posts"}],"about":[{"href":"https:\/\/www.reconoce.mx\/index.php?rest_route=\/wp\/v2\/types\/post"}],"author":[{"embeddable":true,"href":"https:\/\/www.reconoce.mx\/index.php?rest_route=\/wp\/v2\/users\/2"}],"replies":[{"embeddable":true,"href":"https:\/\/www.reconoce.mx\/index.php?rest_route=%2Fwp%2Fv2%2Fcomments&post=72974"}],"version-history":[{"count":1,"href":"https:\/\/www.reconoce.mx\/index.php?rest_route=\/wp\/v2\/posts\/72974\/revisions"}],"predecessor-version":[{"id":72977,"href":"https:\/\/www.reconoce.mx\/index.php?rest_route=\/wp\/v2\/posts\/72974\/revisions\/72977"}],"wp:featuredmedia":[{"embeddable":true,"href":"https:\/\/www.reconoce.mx\/index.php?rest_route=\/wp\/v2\/media\/72975"}],"wp:attachment":[{"href":"https:\/\/www.reconoce.mx\/index.php?rest_route=%2Fwp%2Fv2%2Fmedia&parent=72974"}],"wp:term":[{"taxonomy":"category","embeddable":true,"href":"https:\/\/www.reconoce.mx\/index.php?rest_route=%2Fwp%2Fv2%2Fcategories&post=72974"},{"taxonomy":"post_tag","embeddable":true,"href":"https:\/\/www.reconoce.mx\/index.php?rest_route=%2Fwp%2Fv2%2Ftags&post=72974"}],"curies":[{"name":"wp","href":"https:\/\/api.w.org\/{rel}","templated":true}]}}