{"id":72979,"date":"2018-05-08T00:05:56","date_gmt":"2018-05-08T05:05:56","guid":{"rendered":"http:\/\/www.reconoce.mx\/?p=72979"},"modified":"2018-05-08T00:38:35","modified_gmt":"2018-05-08T05:38:35","slug":"makoma-ideas-objetos-y-arte-en-barro","status":"publish","type":"post","link":"https:\/\/www.reconoce.mx\/?p=72979","title":{"rendered":"Makoma: ideas, objetos y arte en barro"},"content":{"rendered":"<p><a href=\"http:\/\/art32.mx\/\" target=\"_blank\" rel=\"noopener noreferrer\"><img loading=\"lazy\" decoding=\"async\" class=\"aligncenter size-full wp-image-42011\" src=\"http:\/\/www.reconoce.mx\/wp-content\/uploads\/2017\/06\/Banner_art32.mxparaRMX.png\" alt=\"art32\" width=\"570\" height=\"70\" \/><\/a><strong><br \/>\nTexto y fotos por Yemmy Sierra<\/strong>.<\/p>\n<p>El fin de semana del 4 al 6 de mayo de 2018 se llev\u00f3 a cabo el <strong>7\u00ba Festival Artesanal de Cacao y Chocolate<\/strong> en el Ex Convento de Culhuac\u00e1n, encuentro que por supuesto esperaba ansiosa, tanto que llegu\u00e9 un fin de semana antes\u2026 Bien, pues ahora s\u00ed, en la fecha correcta, llegu\u00e9. Y s\u00ed, vaya dilemas los que se le presentan a uno en la vida para poder tomar una decisi\u00f3n: much\u00edsimos productores de cacao con propuestas incre\u00edbles, el lugar perfecto para los amantes del cacao. Despu\u00e9s de desayunar delicioso junto a mis hijos, fueron ellos quienes me insistieron en tomar el taller \u00abCasas para sembrar vida \u2013 macetas de barro\u00bb; yo estaba renuente porque ya hab\u00eda empezado, pero mis hijos tuvieron a bien seguir insistiendo: gran decisi\u00f3n. Conocimos a <strong>Karime Vivanco<\/strong>, quien nos iba explicando c\u00f3mo trabajar con el barro; debo reconocer que tiene una habilidad extraordinaria para ir guiando en el proceso de plasmar la idea de cada uno, acompa\u00f1ando y sugiriendo opciones para lograrlo.<\/p>\n<p>Previo al taller yo ya hab\u00eda echado un vistazo r\u00e1pido a su trabajo en su puesto, sus piezas tienen ese encanto y un toque que las hace reconocibles y \u00fanicas; le pregunt\u00e9 que si ven\u00eda de familia de artesanos y me coment\u00f3 que no, que ella estudi\u00f3 en la Escuela de Artesan\u00edas de la INBA, previamente hab\u00eda cursado la preparatoria en una de las escuelas de Bellas Artes y ah\u00ed fue donde empez\u00f3 a explorar con el barro y distintos materiales y t\u00e9cnicas. Ya han pasado 15 a\u00f1os desde sus comienzos.<\/p>\n<p><a href=\"http:\/\/www.reconoce.mx\/wp-content\/uploads\/2018\/05\/makoma-3.jpg\"><img loading=\"lazy\" decoding=\"async\" class=\"aligncenter size-full wp-image-72982\" src=\"http:\/\/www.reconoce.mx\/wp-content\/uploads\/2018\/05\/makoma-3.jpg\" alt=\"\" width=\"694\" height=\"926\" srcset=\"https:\/\/www.reconoce.mx\/wp-content\/uploads\/2018\/05\/makoma-3.jpg 694w, https:\/\/www.reconoce.mx\/wp-content\/uploads\/2018\/05\/makoma-3-225x300.jpg 225w, https:\/\/www.reconoce.mx\/wp-content\/uploads\/2018\/05\/makoma-3-150x200.jpg 150w, https:\/\/www.reconoce.mx\/wp-content\/uploads\/2018\/05\/makoma-3-658x878.jpg 658w, https:\/\/www.reconoce.mx\/wp-content\/uploads\/2018\/05\/makoma-3-300x400.jpg 300w\" sizes=\"auto, (max-width: 694px) 100vw, 694px\" \/><\/a><\/p>\n<p style=\"text-align: right;\">Karime Vivanco posa con \u00a0sus piezas.<\/p>\n<p><a href=\"http:\/\/www.reconoce.mx\/wp-content\/uploads\/2018\/05\/Makoma3.jpg\"><img loading=\"lazy\" decoding=\"async\" class=\"aligncenter size-full wp-image-72983\" src=\"http:\/\/www.reconoce.mx\/wp-content\/uploads\/2018\/05\/Makoma3.jpg\" alt=\"\" width=\"800\" height=\"800\" srcset=\"https:\/\/www.reconoce.mx\/wp-content\/uploads\/2018\/05\/Makoma3.jpg 800w, https:\/\/www.reconoce.mx\/wp-content\/uploads\/2018\/05\/Makoma3-150x150.jpg 150w, https:\/\/www.reconoce.mx\/wp-content\/uploads\/2018\/05\/Makoma3-300x300.jpg 300w, https:\/\/www.reconoce.mx\/wp-content\/uploads\/2018\/05\/Makoma3-768x768.jpg 768w, https:\/\/www.reconoce.mx\/wp-content\/uploads\/2018\/05\/Makoma3-65x65.jpg 65w, https:\/\/www.reconoce.mx\/wp-content\/uploads\/2018\/05\/Makoma3-700x700.jpg 700w, https:\/\/www.reconoce.mx\/wp-content\/uploads\/2018\/05\/Makoma3-658x658.jpg 658w\" sizes=\"auto, (max-width: 800px) 100vw, 800px\" \/><\/a><\/p>\n<p style=\"text-align: right;\">Joyer\u00eda y ocarinas de <strong>Makoma<\/strong>.<\/p>\n<p>Como muchos artesanos urbanos, Karime tiene su taller adaptado en una habitaci\u00f3n de su casa en la Ciudad de M\u00e9xico; su estilo, comenta, es la mezcla de muchas culturas. A <strong>Karime<\/strong> lo que m\u00e1s le gusta elaborar son los personajes articulados preferentemente con volumen y las m\u00e1scaras.<\/p>\n<p><strong>Karime<\/strong> imparte talleres en festivales, trabaja con la Comunidad<strong> Terap\u00e9utica Casa Azul<\/strong> y tambi\u00e9n en el <strong>Centro Cultural la Pir\u00e1mide<\/strong>. Algo que considera es que hacen falta m\u00e1s espacios de difusi\u00f3n de artes y m\u00e1s lugares para mostrar el trabajo y para interactuar con las personas, de tal forma que todos podamos conocer los procesos y apreciar el valor de una pieza artesanal. Tambi\u00e9n me comenta que los talleres de 1 hora pueden generar experiencias que son transformadoras y que pueden darles a las personas herramientas y pautas de por d\u00f3nde seguir.<\/p>\n<p><a href=\"http:\/\/www.reconoce.mx\/wp-content\/uploads\/2018\/05\/makoma-2.jpg\"><img loading=\"lazy\" decoding=\"async\" class=\"aligncenter size-full wp-image-72981\" src=\"http:\/\/www.reconoce.mx\/wp-content\/uploads\/2018\/05\/makoma-2.jpg\" alt=\"\" width=\"677\" height=\"1233\" srcset=\"https:\/\/www.reconoce.mx\/wp-content\/uploads\/2018\/05\/makoma-2.jpg 677w, https:\/\/www.reconoce.mx\/wp-content\/uploads\/2018\/05\/makoma-2-165x300.jpg 165w, https:\/\/www.reconoce.mx\/wp-content\/uploads\/2018\/05\/makoma-2-562x1024.jpg 562w, https:\/\/www.reconoce.mx\/wp-content\/uploads\/2018\/05\/makoma-2-150x273.jpg 150w, https:\/\/www.reconoce.mx\/wp-content\/uploads\/2018\/05\/makoma-2-658x1198.jpg 658w, https:\/\/www.reconoce.mx\/wp-content\/uploads\/2018\/05\/makoma-2-300x546.jpg 300w\" sizes=\"auto, (max-width: 677px) 100vw, 677px\" \/><\/a><\/p>\n<p style=\"text-align: right;\"><strong>Karime Vivanco<\/strong> durante la impartici\u00f3n del taller \u00abCasas para sembrar vida \u2013 macetas de barro\u00bb.<\/p>\n<p>Le pregunto qu\u00e9 mensaje le gustar\u00eda transmitir y me contesta que el de que las personas se acerquen a los eventos de cultura popular y alimenticia, que se retomen los espacios y se exijan m\u00e1s, como en las escuelas.<\/p>\n<p>Si les interesa conocer m\u00e1s de su obra los invito a que asistan del 2 al 28 de junio de 2018 a la <strong>Casa Frissac<\/strong> en el Centro de Tlalpan donde se realizar\u00e1 a exposici\u00f3n de \u00abCiudad Cer\u00e1mica\u00bb en la que participan varios artistas. Para comprar alguna de sus piezas pueden encontrarla los domingos en el <strong>Tianguis de la Lagunilla<\/strong> y en l\u00ednea en <strong>Estilo Mexicano<\/strong>. <a href=\"https:\/\/www.facebook.com\/verdeoliva6\/\" target=\"_blank\" rel=\"noopener\">Desde luego s\u00edganla tambi\u00e9n en Facebook<\/a>.<\/p>\n<blockquote><p><a href=\"http:\/\/www.reconoce.mx\/wp-content\/uploads\/2017\/06\/YemmyCBN.jpg\" rel=\"lightbox[62647]\"><img loading=\"lazy\" decoding=\"async\" class=\"alignleft size-thumbnail wp-image-39872\" src=\"http:\/\/www.reconoce.mx\/wp-content\/uploads\/2017\/06\/YemmyCBN.jpg\" alt=\"IMG_5743\" width=\"150\" height=\"150\" \/><\/a><strong>Yemmy Sierra<\/strong>. Amante de la artesan\u00eda, la comida, la vida y la buena compa\u00f1\u00eda por lo que a menudo me encuentran en ferias y exposiciones junto a mi familia. Apasionada del aprendizaje, siento repentinos e intensos llamados que me han llevado desde estudiar japon\u00e9s hasta loditos uno en cer\u00e1mica. Me gusta sobreanalizar la vida, sumergirme en mis pensamientos, encontrar nuevos caminos, recorrerlos y desrecorrerlos. A\u00fan conservo la esperanza en la humanidad y creo que cuando cambie yo, cambiar\u00e1 el mundo: he encontrado en el emprendimiento la manera de sublimarme.<\/p><\/blockquote>\n<p>&nbsp;<\/p>\n<p>&nbsp;<\/p>\n","protected":false},"excerpt":{"rendered":"<p>El fin de semana del 4 al 6 de mayo de 2018 se llev\u00f3 a cabo el 7\u00ba Festival Artesanal de Cacao y Chocolate en el Ex Convento de Culhuac\u00e1n, encuentro que por supuesto esperaba ansiosa, tanto que llegu\u00e9 un fin de semana antes\u2026<\/p>\n","protected":false},"author":2,"featured_media":72980,"comment_status":"open","ping_status":"open","sticky":false,"template":"","format":"standard","meta":{"footnotes":""},"categories":[2659,16,17],"tags":[],"class_list":["post-72979","post","type-post","status-publish","format-standard","has-post-thumbnail","hentry","category-art32-mx","category-columnistas","category-principal"],"yoast_head":"<!-- This site is optimized with the Yoast SEO plugin v24.7 - https:\/\/yoast.com\/wordpress\/plugins\/seo\/ -->\n<title>Makoma: ideas, objetos y arte en barro &#171; Reconoce MX<\/title>\n<meta name=\"robots\" content=\"index, follow, max-snippet:-1, max-image-preview:large, max-video-preview:-1\" \/>\n<link rel=\"canonical\" href=\"http:\/\/www.reconoce.mx\/?p=72979\" \/>\n<meta property=\"og:locale\" content=\"es_ES\" \/>\n<meta property=\"og:type\" content=\"article\" \/>\n<meta property=\"og:title\" content=\"Makoma: ideas, objetos y arte en barro &#171; Reconoce MX\" \/>\n<meta property=\"og:description\" content=\"El fin de semana del 4 al 6 de mayo de 2018 se llev\u00f3 a cabo el 7\u00ba Festival Artesanal de Cacao y Chocolate en el Ex Convento de Culhuac\u00e1n, encuentro que por supuesto esperaba ansiosa, tanto que llegu\u00e9 un fin de semana antes\u2026\" \/>\n<meta property=\"og:url\" content=\"http:\/\/www.reconoce.mx\/?p=72979\" \/>\n<meta property=\"og:site_name\" content=\"Reconoce MX\" \/>\n<meta property=\"article:publisher\" content=\"https:\/\/es-la.facebook.com\/ReconoceMX\/\" \/>\n<meta property=\"article:published_time\" content=\"2018-05-08T05:05:56+00:00\" \/>\n<meta property=\"article:modified_time\" content=\"2018-05-08T05:38:35+00:00\" \/>\n<meta property=\"og:image\" content=\"http:\/\/www.reconoce.mx\/wp-content\/uploads\/2018\/05\/makoma-1.jpg\" \/>\n\t<meta property=\"og:image:width\" content=\"590\" \/>\n\t<meta property=\"og:image:height\" content=\"380\" \/>\n\t<meta property=\"og:image:type\" content=\"image\/jpeg\" \/>\n<meta name=\"author\" content=\"Reconoce MX\" \/>\n<meta name=\"twitter:card\" content=\"summary_large_image\" \/>\n<meta name=\"twitter:creator\" content=\"@reconocemx\" \/>\n<meta name=\"twitter:site\" content=\"@reconocemx\" \/>\n<meta name=\"twitter:label1\" content=\"Escrito por\" \/>\n\t<meta name=\"twitter:data1\" content=\"Reconoce MX\" \/>\n\t<meta name=\"twitter:label2\" content=\"Tiempo de lectura\" \/>\n\t<meta name=\"twitter:data2\" content=\"3 minutos\" \/>\n<script type=\"application\/ld+json\" class=\"yoast-schema-graph\">{\"@context\":\"https:\/\/schema.org\",\"@graph\":[{\"@type\":\"Article\",\"@id\":\"http:\/\/www.reconoce.mx\/?p=72979#article\",\"isPartOf\":{\"@id\":\"http:\/\/www.reconoce.mx\/?p=72979\"},\"author\":{\"name\":\"Reconoce MX\",\"@id\":\"http:\/\/www.reconoce.mx\/#\/schema\/person\/2117e997d7051dc15d6880eaf9bca0b2\"},\"headline\":\"Makoma: ideas, objetos y arte en barro\",\"datePublished\":\"2018-05-08T05:05:56+00:00\",\"dateModified\":\"2018-05-08T05:38:35+00:00\",\"mainEntityOfPage\":{\"@id\":\"http:\/\/www.reconoce.mx\/?p=72979\"},\"wordCount\":671,\"commentCount\":0,\"publisher\":{\"@id\":\"http:\/\/www.reconoce.mx\/#organization\"},\"image\":{\"@id\":\"http:\/\/www.reconoce.mx\/?p=72979#primaryimage\"},\"thumbnailUrl\":\"https:\/\/www.reconoce.mx\/wp-content\/uploads\/2018\/05\/makoma-1.jpg\",\"articleSection\":[\"Art32.mx\",\"Columnistas\",\"Principal\"],\"inLanguage\":\"es\",\"potentialAction\":[{\"@type\":\"CommentAction\",\"name\":\"Comment\",\"target\":[\"http:\/\/www.reconoce.mx\/?p=72979#respond\"]}]},{\"@type\":\"WebPage\",\"@id\":\"http:\/\/www.reconoce.mx\/?p=72979\",\"url\":\"http:\/\/www.reconoce.mx\/?p=72979\",\"name\":\"Makoma: ideas, objetos y arte en barro &#171; Reconoce MX\",\"isPartOf\":{\"@id\":\"http:\/\/www.reconoce.mx\/#website\"},\"primaryImageOfPage\":{\"@id\":\"http:\/\/www.reconoce.mx\/?p=72979#primaryimage\"},\"image\":{\"@id\":\"http:\/\/www.reconoce.mx\/?p=72979#primaryimage\"},\"thumbnailUrl\":\"https:\/\/www.reconoce.mx\/wp-content\/uploads\/2018\/05\/makoma-1.jpg\",\"datePublished\":\"2018-05-08T05:05:56+00:00\",\"dateModified\":\"2018-05-08T05:38:35+00:00\",\"breadcrumb\":{\"@id\":\"http:\/\/www.reconoce.mx\/?p=72979#breadcrumb\"},\"inLanguage\":\"es\",\"potentialAction\":[{\"@type\":\"ReadAction\",\"target\":[\"http:\/\/www.reconoce.mx\/?p=72979\"]}]},{\"@type\":\"ImageObject\",\"inLanguage\":\"es\",\"@id\":\"http:\/\/www.reconoce.mx\/?p=72979#primaryimage\",\"url\":\"https:\/\/www.reconoce.mx\/wp-content\/uploads\/2018\/05\/makoma-1.jpg\",\"contentUrl\":\"https:\/\/www.reconoce.mx\/wp-content\/uploads\/2018\/05\/makoma-1.jpg\",\"width\":590,\"height\":380},{\"@type\":\"BreadcrumbList\",\"@id\":\"http:\/\/www.reconoce.mx\/?p=72979#breadcrumb\",\"itemListElement\":[{\"@type\":\"ListItem\",\"position\":1,\"name\":\"Portada\",\"item\":\"http:\/\/www.reconoce.mx\/\"},{\"@type\":\"ListItem\",\"position\":2,\"name\":\"Makoma: ideas, objetos y arte en barro\"}]},{\"@type\":\"WebSite\",\"@id\":\"http:\/\/www.reconoce.mx\/#website\",\"url\":\"http:\/\/www.reconoce.mx\/\",\"name\":\"Reconoce MX\",\"description\":\"En Reconoce MX difundimos arte, cultura y conciencia social en M\u00e9xico. Tu ciudad en otra perspectiva.\",\"publisher\":{\"@id\":\"http:\/\/www.reconoce.mx\/#organization\"},\"potentialAction\":[{\"@type\":\"SearchAction\",\"target\":{\"@type\":\"EntryPoint\",\"urlTemplate\":\"http:\/\/www.reconoce.mx\/?s={search_term_string}\"},\"query-input\":{\"@type\":\"PropertyValueSpecification\",\"valueRequired\":true,\"valueName\":\"search_term_string\"}}],\"inLanguage\":\"es\"},{\"@type\":\"Organization\",\"@id\":\"http:\/\/www.reconoce.mx\/#organization\",\"name\":\"Reconoce MX\",\"url\":\"http:\/\/www.reconoce.mx\/\",\"logo\":{\"@type\":\"ImageObject\",\"inLanguage\":\"es\",\"@id\":\"http:\/\/www.reconoce.mx\/#\/schema\/logo\/image\/\",\"url\":\"https:\/\/www.reconoce.mx\/wp-content\/uploads\/2019\/03\/logorcmx-good-1.png\",\"contentUrl\":\"https:\/\/www.reconoce.mx\/wp-content\/uploads\/2019\/03\/logorcmx-good-1.png\",\"width\":280,\"height\":90,\"caption\":\"Reconoce MX\"},\"image\":{\"@id\":\"http:\/\/www.reconoce.mx\/#\/schema\/logo\/image\/\"},\"sameAs\":[\"https:\/\/es-la.facebook.com\/ReconoceMX\/\",\"https:\/\/x.com\/reconocemx\",\"http:\/\/@reconocemx\"]},{\"@type\":\"Person\",\"@id\":\"http:\/\/www.reconoce.mx\/#\/schema\/person\/2117e997d7051dc15d6880eaf9bca0b2\",\"name\":\"Reconoce MX\",\"image\":{\"@type\":\"ImageObject\",\"inLanguage\":\"es\",\"@id\":\"http:\/\/www.reconoce.mx\/#\/schema\/person\/image\/\",\"url\":\"https:\/\/secure.gravatar.com\/avatar\/6c8d4dc7569ca1c90c5fdcc349f839d5ddef6fe1e70b4337ead2ef1a4c43fc3a?s=96&d=identicon&r=g\",\"contentUrl\":\"https:\/\/secure.gravatar.com\/avatar\/6c8d4dc7569ca1c90c5fdcc349f839d5ddef6fe1e70b4337ead2ef1a4c43fc3a?s=96&d=identicon&r=g\",\"caption\":\"Reconoce MX\"},\"description\":\"Reconoce MX es un proyecto de difusi\u00f3n art\u00edstica, cultural y de conciencia social que est\u00e1 enfocado a difundir y fomentar el entretenimiento alternativo de calidad para todo el p\u00fablico que comparta el mismo entusiasmo.\",\"sameAs\":[\"http:\/\/www.reconoce.mx\"],\"url\":\"https:\/\/www.reconoce.mx\/?author=2\"}]}<\/script>\n<!-- \/ Yoast SEO plugin. -->","yoast_head_json":{"title":"Makoma: ideas, objetos y arte en barro &#171; Reconoce MX","robots":{"index":"index","follow":"follow","max-snippet":"max-snippet:-1","max-image-preview":"max-image-preview:large","max-video-preview":"max-video-preview:-1"},"canonical":"http:\/\/www.reconoce.mx\/?p=72979","og_locale":"es_ES","og_type":"article","og_title":"Makoma: ideas, objetos y arte en barro &#171; Reconoce MX","og_description":"El fin de semana del 4 al 6 de mayo de 2018 se llev\u00f3 a cabo el 7\u00ba Festival Artesanal de Cacao y Chocolate en el Ex Convento de Culhuac\u00e1n, encuentro que por supuesto esperaba ansiosa, tanto que llegu\u00e9 un fin de semana antes\u2026","og_url":"http:\/\/www.reconoce.mx\/?p=72979","og_site_name":"Reconoce MX","article_publisher":"https:\/\/es-la.facebook.com\/ReconoceMX\/","article_published_time":"2018-05-08T05:05:56+00:00","article_modified_time":"2018-05-08T05:38:35+00:00","og_image":[{"width":590,"height":380,"url":"http:\/\/www.reconoce.mx\/wp-content\/uploads\/2018\/05\/makoma-1.jpg","type":"image\/jpeg"}],"author":"Reconoce MX","twitter_card":"summary_large_image","twitter_creator":"@reconocemx","twitter_site":"@reconocemx","twitter_misc":{"Escrito por":"Reconoce MX","Tiempo de lectura":"3 minutos"},"schema":{"@context":"https:\/\/schema.org","@graph":[{"@type":"Article","@id":"http:\/\/www.reconoce.mx\/?p=72979#article","isPartOf":{"@id":"http:\/\/www.reconoce.mx\/?p=72979"},"author":{"name":"Reconoce MX","@id":"http:\/\/www.reconoce.mx\/#\/schema\/person\/2117e997d7051dc15d6880eaf9bca0b2"},"headline":"Makoma: ideas, objetos y arte en barro","datePublished":"2018-05-08T05:05:56+00:00","dateModified":"2018-05-08T05:38:35+00:00","mainEntityOfPage":{"@id":"http:\/\/www.reconoce.mx\/?p=72979"},"wordCount":671,"commentCount":0,"publisher":{"@id":"http:\/\/www.reconoce.mx\/#organization"},"image":{"@id":"http:\/\/www.reconoce.mx\/?p=72979#primaryimage"},"thumbnailUrl":"https:\/\/www.reconoce.mx\/wp-content\/uploads\/2018\/05\/makoma-1.jpg","articleSection":["Art32.mx","Columnistas","Principal"],"inLanguage":"es","potentialAction":[{"@type":"CommentAction","name":"Comment","target":["http:\/\/www.reconoce.mx\/?p=72979#respond"]}]},{"@type":"WebPage","@id":"http:\/\/www.reconoce.mx\/?p=72979","url":"http:\/\/www.reconoce.mx\/?p=72979","name":"Makoma: ideas, objetos y arte en barro &#171; Reconoce MX","isPartOf":{"@id":"http:\/\/www.reconoce.mx\/#website"},"primaryImageOfPage":{"@id":"http:\/\/www.reconoce.mx\/?p=72979#primaryimage"},"image":{"@id":"http:\/\/www.reconoce.mx\/?p=72979#primaryimage"},"thumbnailUrl":"https:\/\/www.reconoce.mx\/wp-content\/uploads\/2018\/05\/makoma-1.jpg","datePublished":"2018-05-08T05:05:56+00:00","dateModified":"2018-05-08T05:38:35+00:00","breadcrumb":{"@id":"http:\/\/www.reconoce.mx\/?p=72979#breadcrumb"},"inLanguage":"es","potentialAction":[{"@type":"ReadAction","target":["http:\/\/www.reconoce.mx\/?p=72979"]}]},{"@type":"ImageObject","inLanguage":"es","@id":"http:\/\/www.reconoce.mx\/?p=72979#primaryimage","url":"https:\/\/www.reconoce.mx\/wp-content\/uploads\/2018\/05\/makoma-1.jpg","contentUrl":"https:\/\/www.reconoce.mx\/wp-content\/uploads\/2018\/05\/makoma-1.jpg","width":590,"height":380},{"@type":"BreadcrumbList","@id":"http:\/\/www.reconoce.mx\/?p=72979#breadcrumb","itemListElement":[{"@type":"ListItem","position":1,"name":"Portada","item":"http:\/\/www.reconoce.mx\/"},{"@type":"ListItem","position":2,"name":"Makoma: ideas, objetos y arte en barro"}]},{"@type":"WebSite","@id":"http:\/\/www.reconoce.mx\/#website","url":"http:\/\/www.reconoce.mx\/","name":"Reconoce MX","description":"En Reconoce MX difundimos arte, cultura y conciencia social en M\u00e9xico. Tu ciudad en otra perspectiva.","publisher":{"@id":"http:\/\/www.reconoce.mx\/#organization"},"potentialAction":[{"@type":"SearchAction","target":{"@type":"EntryPoint","urlTemplate":"http:\/\/www.reconoce.mx\/?s={search_term_string}"},"query-input":{"@type":"PropertyValueSpecification","valueRequired":true,"valueName":"search_term_string"}}],"inLanguage":"es"},{"@type":"Organization","@id":"http:\/\/www.reconoce.mx\/#organization","name":"Reconoce MX","url":"http:\/\/www.reconoce.mx\/","logo":{"@type":"ImageObject","inLanguage":"es","@id":"http:\/\/www.reconoce.mx\/#\/schema\/logo\/image\/","url":"https:\/\/www.reconoce.mx\/wp-content\/uploads\/2019\/03\/logorcmx-good-1.png","contentUrl":"https:\/\/www.reconoce.mx\/wp-content\/uploads\/2019\/03\/logorcmx-good-1.png","width":280,"height":90,"caption":"Reconoce MX"},"image":{"@id":"http:\/\/www.reconoce.mx\/#\/schema\/logo\/image\/"},"sameAs":["https:\/\/es-la.facebook.com\/ReconoceMX\/","https:\/\/x.com\/reconocemx","http:\/\/@reconocemx"]},{"@type":"Person","@id":"http:\/\/www.reconoce.mx\/#\/schema\/person\/2117e997d7051dc15d6880eaf9bca0b2","name":"Reconoce MX","image":{"@type":"ImageObject","inLanguage":"es","@id":"http:\/\/www.reconoce.mx\/#\/schema\/person\/image\/","url":"https:\/\/secure.gravatar.com\/avatar\/6c8d4dc7569ca1c90c5fdcc349f839d5ddef6fe1e70b4337ead2ef1a4c43fc3a?s=96&d=identicon&r=g","contentUrl":"https:\/\/secure.gravatar.com\/avatar\/6c8d4dc7569ca1c90c5fdcc349f839d5ddef6fe1e70b4337ead2ef1a4c43fc3a?s=96&d=identicon&r=g","caption":"Reconoce MX"},"description":"Reconoce MX es un proyecto de difusi\u00f3n art\u00edstica, cultural y de conciencia social que est\u00e1 enfocado a difundir y fomentar el entretenimiento alternativo de calidad para todo el p\u00fablico que comparta el mismo entusiasmo.","sameAs":["http:\/\/www.reconoce.mx"],"url":"https:\/\/www.reconoce.mx\/?author=2"}]}},"_links":{"self":[{"href":"https:\/\/www.reconoce.mx\/index.php?rest_route=\/wp\/v2\/posts\/72979","targetHints":{"allow":["GET"]}}],"collection":[{"href":"https:\/\/www.reconoce.mx\/index.php?rest_route=\/wp\/v2\/posts"}],"about":[{"href":"https:\/\/www.reconoce.mx\/index.php?rest_route=\/wp\/v2\/types\/post"}],"author":[{"embeddable":true,"href":"https:\/\/www.reconoce.mx\/index.php?rest_route=\/wp\/v2\/users\/2"}],"replies":[{"embeddable":true,"href":"https:\/\/www.reconoce.mx\/index.php?rest_route=%2Fwp%2Fv2%2Fcomments&post=72979"}],"version-history":[{"count":2,"href":"https:\/\/www.reconoce.mx\/index.php?rest_route=\/wp\/v2\/posts\/72979\/revisions"}],"predecessor-version":[{"id":72985,"href":"https:\/\/www.reconoce.mx\/index.php?rest_route=\/wp\/v2\/posts\/72979\/revisions\/72985"}],"wp:featuredmedia":[{"embeddable":true,"href":"https:\/\/www.reconoce.mx\/index.php?rest_route=\/wp\/v2\/media\/72980"}],"wp:attachment":[{"href":"https:\/\/www.reconoce.mx\/index.php?rest_route=%2Fwp%2Fv2%2Fmedia&parent=72979"}],"wp:term":[{"taxonomy":"category","embeddable":true,"href":"https:\/\/www.reconoce.mx\/index.php?rest_route=%2Fwp%2Fv2%2Fcategories&post=72979"},{"taxonomy":"post_tag","embeddable":true,"href":"https:\/\/www.reconoce.mx\/index.php?rest_route=%2Fwp%2Fv2%2Ftags&post=72979"}],"curies":[{"name":"wp","href":"https:\/\/api.w.org\/{rel}","templated":true}]}}