{"id":72986,"date":"2018-05-08T00:04:38","date_gmt":"2018-05-08T05:04:38","guid":{"rendered":"http:\/\/www.reconoce.mx\/?p=72986"},"modified":"2018-05-08T00:38:47","modified_gmt":"2018-05-08T05:38:47","slug":"mogwai-emociona-y-cimbra-a-el-plaza-condesa","status":"publish","type":"post","link":"https:\/\/www.reconoce.mx\/?p=72986","title":{"rendered":"Mogwai emociona y cimbra a El Plaza Condesa"},"content":{"rendered":"<p><strong>Texto y fotos por <a href=\"https:\/\/twitter.com\/YessicaDaniels\" target=\"_blank\" rel=\"noopener\">Yessica Daniels<\/a><\/strong>.<\/p>\n<p>Creo que era completamente necesario ocupar el domingo para descansar. Luego de una jornada metalera para muchos, donde leyendas de la m\u00fasica se presentaron -tal vez por \u00fanica ocasi\u00f3n en nuestro pa\u00eds- en el festival <strong>Hell and Heaven 2018<\/strong>, ver el show en vivo de una de las bandas escocesas m\u00e1s importantes de los \u00faltimos tiempos, <strong>Mogwai<\/strong>, result\u00f3 en un aut\u00e9ntico deleite. <strong>Mogwai<\/strong> se presentaron en las instalaciones de <strong>El Plaza Condesa<\/strong>, el pasado 6 de mayo de 2018.<\/p>\n<p><img loading=\"lazy\" decoding=\"async\" src=\"https:\/\/c1.staticflickr.com\/1\/911\/41248486194_b95eeebb84_c.jpg\" width=\"800\" height=\"530\" class=\"alignnone size-full\" \/><\/p>\n<p><strong><em>&gt;&gt;<a href=\"https:\/\/www.flickr.com\/photos\/reconocemx\/albums\/72157696574147015\" target=\"_blank\" rel=\"noopener\">Disfruta nuestra galer\u00eda completa de Mogwai en El Plaza<\/a>&lt;&lt;<\/em><\/strong><\/p>\n<p>El show era uno que no se pod\u00eda dejar a un lado, porque a pesar del pron\u00f3stico de lluvia, el letrero en lo m\u00e1s alto de El Plaza Condesa anunciaba que el domingo iba a dejar de ser un d\u00eda odiado por muchas personas, y que se convertir\u00eda gracias al poder de la m\u00fasica en el m\u00e1s importante para muchas otras personas m\u00e1s.<\/p>\n<p>Bien dicen por ah\u00ed que para disfrutar plenamente un show en vivo, no es necesario estarlo esperando por mucho tiempo, ya que como pocas veces es observado en Ciudad de M\u00e9xico, en esta ocasi\u00f3n, las taquillas del lugar pod\u00edan verse con personas comprando su boleto en pleno d\u00eda del show. Todos los asistentes se dieron la oportunidad de dejarse sorprender por los m\u00fasicos escoceses, quienes anunciaron emocionados meses atr\u00e1s su retorno a M\u00e9xico.<\/p>\n<p><img loading=\"lazy\" decoding=\"async\" src=\"https:\/\/c1.staticflickr.com\/1\/954\/41966870921_a4c1d37468_c.jpg\" width=\"800\" height=\"530\" class=\"alignnone size-full\" \/><\/p>\n<p><strong><em>&gt;&gt;<a href=\"https:\/\/www.flickr.com\/photos\/reconocemx\/albums\/72157696574147015\" target=\"_blank\" rel=\"noopener\">Disfruta nuestra galer\u00eda completa de Mogwai en El Plaza<\/a>&lt;&lt;<\/em><\/strong><\/p>\n<p>Sin lluvia y con todas las personas entrando poco a poco al recinto, minutos despu\u00e9s de las 18:30 horas, la banda telonera<strong> Sunset Images<\/strong> fue la encargada de iniciar actividades en <strong>El Plaza Condesa<\/strong>. Aunque en esta ocasi\u00f3n no fueron nuestros queridos y extra\u00f1ados <strong>Austin TV<\/strong>, como hace ya algunos a\u00f1itos hab\u00eda sucedido, la banda lo supo hacer bien y supo mostrar tambi\u00e9n lo que saben hacer al p\u00fablico que se encontraba ah\u00ed.<\/p>\n<p>Aunque fueron pocos los minutos permitidos para estos j\u00f3venes, tan solo bastaron los acordes de una potente guitarra, acompa\u00f1ada por una estridente bater\u00eda, para encender los \u00e1nimos de los asistentes que respetuosos esperaban el turno de <strong>Mogwai<\/strong>.<\/p>\n<p><img loading=\"lazy\" decoding=\"async\" src=\"https:\/\/c1.staticflickr.com\/1\/954\/41248483574_2778d33a69_c.jpg\" width=\"800\" height=\"530\" class=\"alignnone size-full\" \/><\/p>\n<p><strong><em>&gt;&gt;<a href=\"https:\/\/www.flickr.com\/photos\/reconocemx\/albums\/72157696574147015\" target=\"_blank\" rel=\"noopener\">Disfruta nuestra galer\u00eda completa de Mogwai en El Plaza<\/a>&lt;&lt;<\/em><\/strong><\/p>\n<p>La nueva alineaci\u00f3n que acompa\u00f1a al m\u00edtico Stuart Braithwaite, fue subiendo poco a poco al escenario minutos despu\u00e9s de las 21:00 horas para darle paso a los primeros acordes, que con una sutil pero gran iluminaci\u00f3n, nos mostraban el inicio de uno de los shows m\u00e1s esperados de este 2018.<\/p>\n<p>Temas como \u00abHunted by a Freak\u00bb, \u00abCrossing the Road Material\u00bb, \u00abTake Me Somewhere Nice\u00bb, \u00abI&#8217;m Jim Morrison, I&#8217;m Dead\u00bb, \u00abRano Pano\u00bb, \u00abKilling All The Flies\u00bb, \u00abRemurdered Old Poisons\u00bb y \u00abMogwai Fear Satan\u00bb, formaron parte del primer bloque musical elegido por la banda.<\/p>\n<p><img loading=\"lazy\" decoding=\"async\" src=\"https:\/\/c1.staticflickr.com\/1\/973\/41248484164_ff3460e224_c.jpg\" width=\"800\" height=\"530\" class=\"alignnone size-full\" \/><\/p>\n<p><strong><em>&gt;&gt;<a href=\"https:\/\/www.flickr.com\/photos\/reconocemx\/albums\/72157696574147015\" target=\"_blank\" rel=\"noopener\">Disfruta nuestra galer\u00eda completa de Mogwai en El Plaza<\/a>&lt;&lt;<\/em><\/strong><\/p>\n<p>Al escuchar por primera vez a una banda tan importante como lo es <strong>Mowgai<\/strong>, es como uno puede drase cuenta del porqu\u00e9 es considerada una de las pioneras en el g\u00e9nero post punk del mundo. Sus bases mel\u00f3dicas y la forma de interactuar con sus fans te hacen pensar por un momento que para nada necesitan de una majestuosa escenograf\u00eda si ellos solos se permiten llenar el escenario con lo m\u00e1s valioso que tienen: la forma en la que cada uno ejecuta su instrumento.<\/p>\n<p>Por un lado tuvimos a los experimentados Barry Burns, Stuart Braithwaite y Dominic Aitchison, pero tambi\u00e9n a los m\u00e1s j\u00f3venes Cat Myers y Alex Mackay, quienes juntos demuestran la gran oportunidad de formar parte de un proyecto tan grande.<\/p>\n<p><a data-flickr-embed='true' href='https:\/\/www.flickr.com\/photos\/reconocemx\/albums\/72157696574147015' title='Mogwai en El Plaza by Reconoce MX, on Flickr'><img src='https:\/\/live.staticflickr.com\/976\/41067578225_c9383491bb_z.jpg' width='800' height='600' alt='Mogwai en El Plaza - 10'><\/a><script async src='https:\/\/embedr.flickr.com\/assets\/client-code.js' charset='utf-8'><\/script><\/p>\n<p>Ya para cerrar la banda interpret\u00f3 temas como \u00abParty in the Dark\u00bb, \u00abHelicon 1\u00bb y \u00abWe&#8217;re No Here\u00bb.<\/p>\n<p>&nbsp;<\/p>\n<p>&nbsp;<\/p>\n","protected":false},"excerpt":{"rendered":"<p>Creo que era completamente necesario ocupar el domingo para descansar.<\/p>\n","protected":false},"author":2,"featured_media":72987,"comment_status":"open","ping_status":"open","sticky":false,"template":"","format":"standard","meta":{"footnotes":""},"categories":[1,18,17],"tags":[],"class_list":["post-72986","post","type-post","status-publish","format-standard","has-post-thumbnail","hentry","category-cultura","category-musica","category-principal"],"yoast_head":"<!-- This site is optimized with the Yoast SEO plugin v24.7 - https:\/\/yoast.com\/wordpress\/plugins\/seo\/ -->\n<title>Mogwai emociona y cimbra a El Plaza Condesa &#171; Reconoce MX<\/title>\n<meta name=\"robots\" content=\"index, follow, max-snippet:-1, max-image-preview:large, max-video-preview:-1\" \/>\n<link rel=\"canonical\" href=\"https:\/\/www.reconoce.mx\/?p=72986\" \/>\n<meta property=\"og:locale\" content=\"es_ES\" \/>\n<meta property=\"og:type\" content=\"article\" \/>\n<meta property=\"og:title\" content=\"Mogwai emociona y cimbra a El Plaza Condesa &#171; Reconoce MX\" \/>\n<meta property=\"og:description\" content=\"Creo que era completamente necesario ocupar el domingo para descansar.\" \/>\n<meta property=\"og:url\" content=\"https:\/\/www.reconoce.mx\/?p=72986\" \/>\n<meta property=\"og:site_name\" content=\"Reconoce MX\" \/>\n<meta property=\"article:publisher\" content=\"https:\/\/es-la.facebook.com\/ReconoceMX\/\" \/>\n<meta property=\"article:published_time\" content=\"2018-05-08T05:04:38+00:00\" \/>\n<meta property=\"article:modified_time\" content=\"2018-05-08T05:38:47+00:00\" \/>\n<meta property=\"og:image\" content=\"https:\/\/www.reconoce.mx\/wp-content\/uploads\/2018\/05\/mogwai.jpg\" \/>\n\t<meta property=\"og:image:width\" content=\"590\" \/>\n\t<meta property=\"og:image:height\" content=\"380\" \/>\n\t<meta property=\"og:image:type\" content=\"image\/jpeg\" \/>\n<meta name=\"author\" content=\"Reconoce MX\" \/>\n<meta name=\"twitter:card\" content=\"summary_large_image\" \/>\n<meta name=\"twitter:creator\" content=\"@reconocemx\" \/>\n<meta name=\"twitter:site\" content=\"@reconocemx\" \/>\n<meta name=\"twitter:label1\" content=\"Escrito por\" \/>\n\t<meta name=\"twitter:data1\" content=\"Reconoce MX\" \/>\n\t<meta name=\"twitter:label2\" content=\"Tiempo de lectura\" \/>\n\t<meta name=\"twitter:data2\" content=\"3 minutos\" \/>\n<script type=\"application\/ld+json\" class=\"yoast-schema-graph\">{\"@context\":\"https:\/\/schema.org\",\"@graph\":[{\"@type\":\"Article\",\"@id\":\"https:\/\/www.reconoce.mx\/?p=72986#article\",\"isPartOf\":{\"@id\":\"https:\/\/www.reconoce.mx\/?p=72986\"},\"author\":{\"name\":\"Reconoce MX\",\"@id\":\"http:\/\/www.reconoce.mx\/#\/schema\/person\/2117e997d7051dc15d6880eaf9bca0b2\"},\"headline\":\"Mogwai emociona y cimbra a El Plaza Condesa\",\"datePublished\":\"2018-05-08T05:04:38+00:00\",\"dateModified\":\"2018-05-08T05:38:47+00:00\",\"mainEntityOfPage\":{\"@id\":\"https:\/\/www.reconoce.mx\/?p=72986\"},\"wordCount\":675,\"commentCount\":0,\"publisher\":{\"@id\":\"http:\/\/www.reconoce.mx\/#organization\"},\"image\":{\"@id\":\"https:\/\/www.reconoce.mx\/?p=72986#primaryimage\"},\"thumbnailUrl\":\"https:\/\/www.reconoce.mx\/wp-content\/uploads\/2018\/05\/mogwai.jpg\",\"articleSection\":[\"Cultura\",\"M\u00fasica\",\"Principal\"],\"inLanguage\":\"es\",\"potentialAction\":[{\"@type\":\"CommentAction\",\"name\":\"Comment\",\"target\":[\"https:\/\/www.reconoce.mx\/?p=72986#respond\"]}]},{\"@type\":\"WebPage\",\"@id\":\"https:\/\/www.reconoce.mx\/?p=72986\",\"url\":\"https:\/\/www.reconoce.mx\/?p=72986\",\"name\":\"Mogwai emociona y cimbra a El Plaza Condesa &#171; Reconoce MX\",\"isPartOf\":{\"@id\":\"http:\/\/www.reconoce.mx\/#website\"},\"primaryImageOfPage\":{\"@id\":\"https:\/\/www.reconoce.mx\/?p=72986#primaryimage\"},\"image\":{\"@id\":\"https:\/\/www.reconoce.mx\/?p=72986#primaryimage\"},\"thumbnailUrl\":\"https:\/\/www.reconoce.mx\/wp-content\/uploads\/2018\/05\/mogwai.jpg\",\"datePublished\":\"2018-05-08T05:04:38+00:00\",\"dateModified\":\"2018-05-08T05:38:47+00:00\",\"breadcrumb\":{\"@id\":\"https:\/\/www.reconoce.mx\/?p=72986#breadcrumb\"},\"inLanguage\":\"es\",\"potentialAction\":[{\"@type\":\"ReadAction\",\"target\":[\"https:\/\/www.reconoce.mx\/?p=72986\"]}]},{\"@type\":\"ImageObject\",\"inLanguage\":\"es\",\"@id\":\"https:\/\/www.reconoce.mx\/?p=72986#primaryimage\",\"url\":\"https:\/\/www.reconoce.mx\/wp-content\/uploads\/2018\/05\/mogwai.jpg\",\"contentUrl\":\"https:\/\/www.reconoce.mx\/wp-content\/uploads\/2018\/05\/mogwai.jpg\",\"width\":590,\"height\":380},{\"@type\":\"BreadcrumbList\",\"@id\":\"https:\/\/www.reconoce.mx\/?p=72986#breadcrumb\",\"itemListElement\":[{\"@type\":\"ListItem\",\"position\":1,\"name\":\"Portada\",\"item\":\"http:\/\/www.reconoce.mx\/\"},{\"@type\":\"ListItem\",\"position\":2,\"name\":\"Mogwai emociona y cimbra a El Plaza Condesa\"}]},{\"@type\":\"WebSite\",\"@id\":\"http:\/\/www.reconoce.mx\/#website\",\"url\":\"http:\/\/www.reconoce.mx\/\",\"name\":\"Reconoce MX\",\"description\":\"En Reconoce MX difundimos arte, cultura y conciencia social en M\u00e9xico. Tu ciudad en otra perspectiva.\",\"publisher\":{\"@id\":\"http:\/\/www.reconoce.mx\/#organization\"},\"potentialAction\":[{\"@type\":\"SearchAction\",\"target\":{\"@type\":\"EntryPoint\",\"urlTemplate\":\"http:\/\/www.reconoce.mx\/?s={search_term_string}\"},\"query-input\":{\"@type\":\"PropertyValueSpecification\",\"valueRequired\":true,\"valueName\":\"search_term_string\"}}],\"inLanguage\":\"es\"},{\"@type\":\"Organization\",\"@id\":\"http:\/\/www.reconoce.mx\/#organization\",\"name\":\"Reconoce MX\",\"url\":\"http:\/\/www.reconoce.mx\/\",\"logo\":{\"@type\":\"ImageObject\",\"inLanguage\":\"es\",\"@id\":\"http:\/\/www.reconoce.mx\/#\/schema\/logo\/image\/\",\"url\":\"https:\/\/www.reconoce.mx\/wp-content\/uploads\/2019\/03\/logorcmx-good-1.png\",\"contentUrl\":\"https:\/\/www.reconoce.mx\/wp-content\/uploads\/2019\/03\/logorcmx-good-1.png\",\"width\":280,\"height\":90,\"caption\":\"Reconoce MX\"},\"image\":{\"@id\":\"http:\/\/www.reconoce.mx\/#\/schema\/logo\/image\/\"},\"sameAs\":[\"https:\/\/es-la.facebook.com\/ReconoceMX\/\",\"https:\/\/x.com\/reconocemx\",\"http:\/\/@reconocemx\"]},{\"@type\":\"Person\",\"@id\":\"http:\/\/www.reconoce.mx\/#\/schema\/person\/2117e997d7051dc15d6880eaf9bca0b2\",\"name\":\"Reconoce MX\",\"image\":{\"@type\":\"ImageObject\",\"inLanguage\":\"es\",\"@id\":\"http:\/\/www.reconoce.mx\/#\/schema\/person\/image\/\",\"url\":\"https:\/\/secure.gravatar.com\/avatar\/6c8d4dc7569ca1c90c5fdcc349f839d5ddef6fe1e70b4337ead2ef1a4c43fc3a?s=96&d=identicon&r=g\",\"contentUrl\":\"https:\/\/secure.gravatar.com\/avatar\/6c8d4dc7569ca1c90c5fdcc349f839d5ddef6fe1e70b4337ead2ef1a4c43fc3a?s=96&d=identicon&r=g\",\"caption\":\"Reconoce MX\"},\"description\":\"Reconoce MX es un proyecto de difusi\u00f3n art\u00edstica, cultural y de conciencia social que est\u00e1 enfocado a difundir y fomentar el entretenimiento alternativo de calidad para todo el p\u00fablico que comparta el mismo entusiasmo.\",\"sameAs\":[\"http:\/\/www.reconoce.mx\"],\"url\":\"https:\/\/www.reconoce.mx\/?author=2\"}]}<\/script>\n<!-- \/ Yoast SEO plugin. -->","yoast_head_json":{"title":"Mogwai emociona y cimbra a El Plaza Condesa &#171; Reconoce MX","robots":{"index":"index","follow":"follow","max-snippet":"max-snippet:-1","max-image-preview":"max-image-preview:large","max-video-preview":"max-video-preview:-1"},"canonical":"https:\/\/www.reconoce.mx\/?p=72986","og_locale":"es_ES","og_type":"article","og_title":"Mogwai emociona y cimbra a El Plaza Condesa &#171; Reconoce MX","og_description":"Creo que era completamente necesario ocupar el domingo para descansar.","og_url":"https:\/\/www.reconoce.mx\/?p=72986","og_site_name":"Reconoce MX","article_publisher":"https:\/\/es-la.facebook.com\/ReconoceMX\/","article_published_time":"2018-05-08T05:04:38+00:00","article_modified_time":"2018-05-08T05:38:47+00:00","og_image":[{"width":590,"height":380,"url":"https:\/\/www.reconoce.mx\/wp-content\/uploads\/2018\/05\/mogwai.jpg","type":"image\/jpeg"}],"author":"Reconoce MX","twitter_card":"summary_large_image","twitter_creator":"@reconocemx","twitter_site":"@reconocemx","twitter_misc":{"Escrito por":"Reconoce MX","Tiempo de lectura":"3 minutos"},"schema":{"@context":"https:\/\/schema.org","@graph":[{"@type":"Article","@id":"https:\/\/www.reconoce.mx\/?p=72986#article","isPartOf":{"@id":"https:\/\/www.reconoce.mx\/?p=72986"},"author":{"name":"Reconoce MX","@id":"http:\/\/www.reconoce.mx\/#\/schema\/person\/2117e997d7051dc15d6880eaf9bca0b2"},"headline":"Mogwai emociona y cimbra a El Plaza Condesa","datePublished":"2018-05-08T05:04:38+00:00","dateModified":"2018-05-08T05:38:47+00:00","mainEntityOfPage":{"@id":"https:\/\/www.reconoce.mx\/?p=72986"},"wordCount":675,"commentCount":0,"publisher":{"@id":"http:\/\/www.reconoce.mx\/#organization"},"image":{"@id":"https:\/\/www.reconoce.mx\/?p=72986#primaryimage"},"thumbnailUrl":"https:\/\/www.reconoce.mx\/wp-content\/uploads\/2018\/05\/mogwai.jpg","articleSection":["Cultura","M\u00fasica","Principal"],"inLanguage":"es","potentialAction":[{"@type":"CommentAction","name":"Comment","target":["https:\/\/www.reconoce.mx\/?p=72986#respond"]}]},{"@type":"WebPage","@id":"https:\/\/www.reconoce.mx\/?p=72986","url":"https:\/\/www.reconoce.mx\/?p=72986","name":"Mogwai emociona y cimbra a El Plaza Condesa &#171; Reconoce MX","isPartOf":{"@id":"http:\/\/www.reconoce.mx\/#website"},"primaryImageOfPage":{"@id":"https:\/\/www.reconoce.mx\/?p=72986#primaryimage"},"image":{"@id":"https:\/\/www.reconoce.mx\/?p=72986#primaryimage"},"thumbnailUrl":"https:\/\/www.reconoce.mx\/wp-content\/uploads\/2018\/05\/mogwai.jpg","datePublished":"2018-05-08T05:04:38+00:00","dateModified":"2018-05-08T05:38:47+00:00","breadcrumb":{"@id":"https:\/\/www.reconoce.mx\/?p=72986#breadcrumb"},"inLanguage":"es","potentialAction":[{"@type":"ReadAction","target":["https:\/\/www.reconoce.mx\/?p=72986"]}]},{"@type":"ImageObject","inLanguage":"es","@id":"https:\/\/www.reconoce.mx\/?p=72986#primaryimage","url":"https:\/\/www.reconoce.mx\/wp-content\/uploads\/2018\/05\/mogwai.jpg","contentUrl":"https:\/\/www.reconoce.mx\/wp-content\/uploads\/2018\/05\/mogwai.jpg","width":590,"height":380},{"@type":"BreadcrumbList","@id":"https:\/\/www.reconoce.mx\/?p=72986#breadcrumb","itemListElement":[{"@type":"ListItem","position":1,"name":"Portada","item":"http:\/\/www.reconoce.mx\/"},{"@type":"ListItem","position":2,"name":"Mogwai emociona y cimbra a El Plaza Condesa"}]},{"@type":"WebSite","@id":"http:\/\/www.reconoce.mx\/#website","url":"http:\/\/www.reconoce.mx\/","name":"Reconoce MX","description":"En Reconoce MX difundimos arte, cultura y conciencia social en M\u00e9xico. Tu ciudad en otra perspectiva.","publisher":{"@id":"http:\/\/www.reconoce.mx\/#organization"},"potentialAction":[{"@type":"SearchAction","target":{"@type":"EntryPoint","urlTemplate":"http:\/\/www.reconoce.mx\/?s={search_term_string}"},"query-input":{"@type":"PropertyValueSpecification","valueRequired":true,"valueName":"search_term_string"}}],"inLanguage":"es"},{"@type":"Organization","@id":"http:\/\/www.reconoce.mx\/#organization","name":"Reconoce MX","url":"http:\/\/www.reconoce.mx\/","logo":{"@type":"ImageObject","inLanguage":"es","@id":"http:\/\/www.reconoce.mx\/#\/schema\/logo\/image\/","url":"https:\/\/www.reconoce.mx\/wp-content\/uploads\/2019\/03\/logorcmx-good-1.png","contentUrl":"https:\/\/www.reconoce.mx\/wp-content\/uploads\/2019\/03\/logorcmx-good-1.png","width":280,"height":90,"caption":"Reconoce MX"},"image":{"@id":"http:\/\/www.reconoce.mx\/#\/schema\/logo\/image\/"},"sameAs":["https:\/\/es-la.facebook.com\/ReconoceMX\/","https:\/\/x.com\/reconocemx","http:\/\/@reconocemx"]},{"@type":"Person","@id":"http:\/\/www.reconoce.mx\/#\/schema\/person\/2117e997d7051dc15d6880eaf9bca0b2","name":"Reconoce MX","image":{"@type":"ImageObject","inLanguage":"es","@id":"http:\/\/www.reconoce.mx\/#\/schema\/person\/image\/","url":"https:\/\/secure.gravatar.com\/avatar\/6c8d4dc7569ca1c90c5fdcc349f839d5ddef6fe1e70b4337ead2ef1a4c43fc3a?s=96&d=identicon&r=g","contentUrl":"https:\/\/secure.gravatar.com\/avatar\/6c8d4dc7569ca1c90c5fdcc349f839d5ddef6fe1e70b4337ead2ef1a4c43fc3a?s=96&d=identicon&r=g","caption":"Reconoce MX"},"description":"Reconoce MX es un proyecto de difusi\u00f3n art\u00edstica, cultural y de conciencia social que est\u00e1 enfocado a difundir y fomentar el entretenimiento alternativo de calidad para todo el p\u00fablico que comparta el mismo entusiasmo.","sameAs":["http:\/\/www.reconoce.mx"],"url":"https:\/\/www.reconoce.mx\/?author=2"}]}},"_links":{"self":[{"href":"https:\/\/www.reconoce.mx\/index.php?rest_route=\/wp\/v2\/posts\/72986","targetHints":{"allow":["GET"]}}],"collection":[{"href":"https:\/\/www.reconoce.mx\/index.php?rest_route=\/wp\/v2\/posts"}],"about":[{"href":"https:\/\/www.reconoce.mx\/index.php?rest_route=\/wp\/v2\/types\/post"}],"author":[{"embeddable":true,"href":"https:\/\/www.reconoce.mx\/index.php?rest_route=\/wp\/v2\/users\/2"}],"replies":[{"embeddable":true,"href":"https:\/\/www.reconoce.mx\/index.php?rest_route=%2Fwp%2Fv2%2Fcomments&post=72986"}],"version-history":[{"count":2,"href":"https:\/\/www.reconoce.mx\/index.php?rest_route=\/wp\/v2\/posts\/72986\/revisions"}],"predecessor-version":[{"id":72989,"href":"https:\/\/www.reconoce.mx\/index.php?rest_route=\/wp\/v2\/posts\/72986\/revisions\/72989"}],"wp:featuredmedia":[{"embeddable":true,"href":"https:\/\/www.reconoce.mx\/index.php?rest_route=\/wp\/v2\/media\/72987"}],"wp:attachment":[{"href":"https:\/\/www.reconoce.mx\/index.php?rest_route=%2Fwp%2Fv2%2Fmedia&parent=72986"}],"wp:term":[{"taxonomy":"category","embeddable":true,"href":"https:\/\/www.reconoce.mx\/index.php?rest_route=%2Fwp%2Fv2%2Fcategories&post=72986"},{"taxonomy":"post_tag","embeddable":true,"href":"https:\/\/www.reconoce.mx\/index.php?rest_route=%2Fwp%2Fv2%2Ftags&post=72986"}],"curies":[{"name":"wp","href":"https:\/\/api.w.org\/{rel}","templated":true}]}}