{"id":72991,"date":"2018-05-08T00:06:41","date_gmt":"2018-05-08T05:06:41","guid":{"rendered":"http:\/\/www.reconoce.mx\/?p=72991"},"modified":"2018-05-08T07:30:37","modified_gmt":"2018-05-08T12:30:37","slug":"ambulante2018-a-morir-a-los-desiertos","status":"publish","type":"post","link":"https:\/\/www.reconoce.mx\/?p=72991","title":{"rendered":"#Ambulante2018: \u00abA morir a los desiertos\u00bb"},"content":{"rendered":"<p><strong>Por <a title=\"@AsfaltosTweets\" href=\"http:\/\/twitter.com\/AsfaltosTweets\" target=\"_blank\" rel=\"noopener noreferrer\">Asfaltos<\/a><\/strong>.<\/p>\n<p>Los trabajos f\u00edlmicos seleccionados como parte de la programaci\u00f3n de la <strong>Gira de Documentales Ambulante<\/strong>, nos permiten como espectadores ser testigos de primera fila de las historias que sus realizadores nos quieren contar. En algunos casos, <a href=\"http:\/\/www.reconoce.mx\/?s=%23Ambulante2018\" target=\"_blank\" rel=\"noopener\">como los anteriormente revisados en <span style=\"color: #a81f25;\"><strong>Reconoce MX<\/strong><\/span> nos permiten la denuncia y la reflexi\u00f3n sobre temas como la justicia<\/a>; en otros nos encontramos con relatos que nos invitan a reencontrarnos con nosotros mismos, con nuestras tradiciones, con quienes somos y no queremos o debemos dejar de ser.<\/p>\n<p><a href=\"http:\/\/www.reconoce.mx\/wp-content\/uploads\/2018\/05\/a-morir-a-los-desiertos-2.jpg\"><img loading=\"lazy\" decoding=\"async\" class=\"aligncenter size-full wp-image-72993\" src=\"http:\/\/www.reconoce.mx\/wp-content\/uploads\/2018\/05\/a-morir-a-los-desiertos-2.jpg\" alt=\"\" width=\"590\" height=\"380\" srcset=\"https:\/\/www.reconoce.mx\/wp-content\/uploads\/2018\/05\/a-morir-a-los-desiertos-2.jpg 590w, https:\/\/www.reconoce.mx\/wp-content\/uploads\/2018\/05\/a-morir-a-los-desiertos-2-300x193.jpg 300w, https:\/\/www.reconoce.mx\/wp-content\/uploads\/2018\/05\/a-morir-a-los-desiertos-2-150x97.jpg 150w\" sizes=\"auto, (max-width: 590px) 100vw, 590px\" \/><\/a><\/p>\n<p>Dirigido por la directora de fotograf\u00eda por la Escuela Superior de Cine y Audiovisuales de Catalu\u00f1a, <strong>Marta Ferrer<\/strong>, \u00abA morir a los desiertos\u00bb es adem\u00e1s de una invitaci\u00f3n a reencontrarnos con nosotros mismos, tambi\u00e9n una poes\u00eda visual imperdible. Se notan los estudios de Ferrer desde el principio, su invitaci\u00f3n a perdernos entre las incre\u00edbles y tremendas im\u00e1genes que nos presenta es efectiva gracias a sus grandes cualidades t\u00e9cnicas. Dec\u00eda el cineasta checo que a\u00fan pueden disfrutar en Cineteca Nacional, <strong>Jan \u0160vankmajer<\/strong>, que s\u00f3lo existe una poes\u00eda pero diversas formas de alcanzarla. La afirmaci\u00f3n es v\u00e1lida para \u00abA morir a los desiertos\u00bb, que desde el t\u00edtulo nos propone precisamente eso.<\/p>\n<p>En La Laguna, regi\u00f3n comprendida por 5 municipios del estado de Coahuila y 14 del estado de Durango, Ferrer nos introduce poco a poco en la vida de los \u00faltimos cantantes del canto cardenche, g\u00e9nero originario de la regi\u00f3n. A partir de las caras de \u00e9stos, de sus expresiones cansadas que no ocultan el paso del tiempo, nos es posible observar la experiencia, el dolor, la melancol\u00eda. <strong>Marta Ferrer<\/strong> no solo nos lleva a conocer el canto cardenche, sino que nos hace part\u00edcipes de \u00e9l; nos lo inyecta con sus im\u00e1genes, nos hace vivirlo a flor de piel.<\/p>\n<p>Reflexionamos entonces, una vez m\u00e1s, que la m\u00fasica es m\u00e1s que solo un producto de consumo cultural; que en su creaci\u00f3n inetrvienen elementos m\u00e1s profundos que el simple fin de mercado. En este caso en particular recordamos que la m\u00fasica es un lenguaje m\u00e1s para expresarnos. En el caso del canto cardenche un g\u00e9nero musical que permiti\u00f3 por generaciones ahogar las penas, ayud\u00f3 a calmar la necesidad y la calamidad; el canto cardenche permit\u00eda tambi\u00e9n el alivio, el escapar por un momento de la tragedia.<\/p>\n<p><a href=\"http:\/\/www.reconoce.mx\/wp-content\/uploads\/2018\/05\/a-morir-a-los-desiertos-3.jpg\"><img loading=\"lazy\" decoding=\"async\" class=\"aligncenter size-full wp-image-72994\" src=\"http:\/\/www.reconoce.mx\/wp-content\/uploads\/2018\/05\/a-morir-a-los-desiertos-3.jpg\" alt=\"\" width=\"590\" height=\"380\" srcset=\"https:\/\/www.reconoce.mx\/wp-content\/uploads\/2018\/05\/a-morir-a-los-desiertos-3.jpg 590w, https:\/\/www.reconoce.mx\/wp-content\/uploads\/2018\/05\/a-morir-a-los-desiertos-3-300x193.jpg 300w, https:\/\/www.reconoce.mx\/wp-content\/uploads\/2018\/05\/a-morir-a-los-desiertos-3-150x97.jpg 150w\" sizes=\"auto, (max-width: 590px) 100vw, 590px\" \/><\/a><\/p>\n<p>Conocemos entonces que con sus cantantes originales cercanos a los 90 a\u00f1os, existe un grupo de j\u00f3venes interesados en no permitir que su legado se muera. Pareciera, desde que uno se encuentra con el canto cardenche que \u00e9ste es sencillo, que \u00abcualquiera puede\u00bb cantarlo; pero observamos, despu\u00e9s de conocer todo lo complejo que hay detr\u00e1s de \u00e9ste, que para su ejecuci\u00f3n se necesita aprender la t\u00e9cnica, pero sobre todo sentirlo. Existe una conexi\u00f3n tal, entre m\u00fasica y tierra, misma que nos presenta la realizadora de \u00abA morir a los desiertos\u00bb.<\/p>\n<p>Sin forlmalmente presentarlo, pero dej\u00e1ndolo impl\u00edcito, como parte de la lectura propuesta, <strong>Marta Ferrer<\/strong> nos muestra que a pesar del paso del tiempo, la regi\u00f3n contin\u00faa viviendo una realidad similar a la de sus antepasados; porque si bien el llamado progreso, representado en esta poes\u00eda visual con el paso del ferrocarril que a su paso deja una brisa que refresca, el calor a veces sofocante de La Laguna permanece, con su gente, con sus historias, con la vida misma a\u00fan resguardada en el canto cardenche.<\/p>\n<p>\u00abA morir a los desiertos\u00bb es un estupendo trabajo f\u00edlmico y una muy dulce reflexi\u00f3n. Entre sus momentos de mayor gozo, sin duda, est\u00e1n los instantes en los que nos encontramos con las interpretaciones, de viva voz, de los \u00faltimos int\u00e9rpretes del canto cardenche. Con gran tacto <strong>Marta Ferrer<\/strong> nos muestra a partir de sus im\u00e1genes, de las miradas captadas y del tono de sus voces, que el tiempo, y hasta la propia edad, es posible aliviarlos con la m\u00fasica. Y que si bien, a pesar de los cambios generacionales y tecnol\u00f3gicos que amenazan con la p\u00e9rdida de un legado hist\u00f3rico, la esencia de \u00e9ste permanece intacta, a\u00fan y cuando pareciera que los cantos y sus int\u00e9rpretes, en efecto, estuvieran listos para irse \u00abA morir a los desiertos\u00bb.<\/p>\n<style>.embed-container { position: relative; padding-bottom: 56.25%; height: 0; overflow: hidden; max-width: 100%; } .embed-container iframe, .embed-container object, .embed-container embed { position: absolute; top: 0; left: 0; width: 100%; height: 100%; }<\/style>\n<div class=\"embed-container\"><iframe loading=\"lazy\" src=\"https:\/\/player.vimeo.com\/video\/259441130\" width=\"300\" height=\"150\" frameborder=\"0\" allowfullscreen=\"allowfullscreen\"><\/iframe><\/div>\n<p>&nbsp;<\/p>\n<p><strong>Ambulante<\/strong> ya est\u00e1 en Ciudad de M\u00e9xico y hasta el 17 de mayo. Descarga <a href=\"https:\/\/www.ambulante.org\/wp-content\/uploads\/2018\/04\/PM_CDMX_2018-2-1.pdf\" target=\"_blank\" rel=\"noopener\">aqu\u00ed el programa de mano<\/a> con la programaci\u00f3n en Ciudad de M\u00e9xico. Para m\u00e1s informaci\u00f3n <a href=\"http:\/\/ambulante.org\/\" target=\"_blank\" rel=\"noopener\">consulta el sitio oficial de <strong>Ambulante<\/strong><\/a>.<\/p>\n<p style=\"text-align: right;\">Con informaci\u00f3n e im\u00e1genes cortes\u00eda de <strong>Ambulante<\/strong>.<\/p>\n<p>&nbsp;<\/p>\n<p>&nbsp;<\/p>\n","protected":false},"excerpt":{"rendered":"<p>Los trabajos f\u00edlmicos seleccionados como parte de la programaci\u00f3n de la Gira de Documentales Ambulante, nos permiten como espectadores ser testigos de primera fila de las historias que sus realizadores nos quieren contar. <\/p>\n","protected":false},"author":2,"featured_media":72992,"comment_status":"open","ping_status":"open","sticky":false,"template":"","format":"standard","meta":{"footnotes":""},"categories":[24,1,17],"tags":[],"class_list":["post-72991","post","type-post","status-publish","format-standard","has-post-thumbnail","hentry","category-cine","category-cultura","category-principal"],"yoast_head":"<!-- This site is optimized with the Yoast SEO plugin v24.7 - https:\/\/yoast.com\/wordpress\/plugins\/seo\/ -->\n<title>#Ambulante2018: &quot;A morir a los desiertos&quot; &#171; Reconoce MX<\/title>\n<meta name=\"robots\" content=\"index, follow, max-snippet:-1, max-image-preview:large, max-video-preview:-1\" \/>\n<link rel=\"canonical\" href=\"https:\/\/www.reconoce.mx\/?p=72991\" \/>\n<meta property=\"og:locale\" content=\"es_ES\" \/>\n<meta property=\"og:type\" content=\"article\" \/>\n<meta property=\"og:title\" content=\"#Ambulante2018: &quot;A morir a los desiertos&quot; &#171; Reconoce MX\" \/>\n<meta property=\"og:description\" content=\"Los trabajos f\u00edlmicos seleccionados como parte de la programaci\u00f3n de la Gira de Documentales Ambulante, nos permiten como espectadores ser testigos de primera fila de las historias que sus realizadores nos quieren contar.\" \/>\n<meta property=\"og:url\" content=\"https:\/\/www.reconoce.mx\/?p=72991\" \/>\n<meta property=\"og:site_name\" content=\"Reconoce MX\" \/>\n<meta property=\"article:publisher\" content=\"https:\/\/es-la.facebook.com\/ReconoceMX\/\" \/>\n<meta property=\"article:published_time\" content=\"2018-05-08T05:06:41+00:00\" \/>\n<meta property=\"article:modified_time\" content=\"2018-05-08T12:30:37+00:00\" \/>\n<meta property=\"og:image\" content=\"https:\/\/www.reconoce.mx\/wp-content\/uploads\/2018\/05\/a-morir-a-los-desiertos-1.jpg\" \/>\n\t<meta property=\"og:image:width\" content=\"590\" \/>\n\t<meta property=\"og:image:height\" content=\"380\" \/>\n\t<meta property=\"og:image:type\" content=\"image\/jpeg\" \/>\n<meta name=\"author\" content=\"Reconoce MX\" \/>\n<meta name=\"twitter:card\" content=\"summary_large_image\" \/>\n<meta name=\"twitter:creator\" content=\"@reconocemx\" \/>\n<meta name=\"twitter:site\" content=\"@reconocemx\" \/>\n<meta name=\"twitter:label1\" content=\"Escrito por\" \/>\n\t<meta name=\"twitter:data1\" content=\"Reconoce MX\" \/>\n\t<meta name=\"twitter:label2\" content=\"Tiempo de lectura\" \/>\n\t<meta name=\"twitter:data2\" content=\"4 minutos\" \/>\n<script type=\"application\/ld+json\" class=\"yoast-schema-graph\">{\"@context\":\"https:\/\/schema.org\",\"@graph\":[{\"@type\":\"Article\",\"@id\":\"https:\/\/www.reconoce.mx\/?p=72991#article\",\"isPartOf\":{\"@id\":\"https:\/\/www.reconoce.mx\/?p=72991\"},\"author\":{\"name\":\"Reconoce MX\",\"@id\":\"http:\/\/www.reconoce.mx\/#\/schema\/person\/2117e997d7051dc15d6880eaf9bca0b2\"},\"headline\":\"#Ambulante2018: \u00abA morir a los desiertos\u00bb\",\"datePublished\":\"2018-05-08T05:06:41+00:00\",\"dateModified\":\"2018-05-08T12:30:37+00:00\",\"mainEntityOfPage\":{\"@id\":\"https:\/\/www.reconoce.mx\/?p=72991\"},\"wordCount\":796,\"commentCount\":0,\"publisher\":{\"@id\":\"http:\/\/www.reconoce.mx\/#organization\"},\"image\":{\"@id\":\"https:\/\/www.reconoce.mx\/?p=72991#primaryimage\"},\"thumbnailUrl\":\"https:\/\/www.reconoce.mx\/wp-content\/uploads\/2018\/05\/a-morir-a-los-desiertos-1.jpg\",\"articleSection\":[\"Cine\",\"Cultura\",\"Principal\"],\"inLanguage\":\"es\",\"potentialAction\":[{\"@type\":\"CommentAction\",\"name\":\"Comment\",\"target\":[\"https:\/\/www.reconoce.mx\/?p=72991#respond\"]}]},{\"@type\":\"WebPage\",\"@id\":\"https:\/\/www.reconoce.mx\/?p=72991\",\"url\":\"https:\/\/www.reconoce.mx\/?p=72991\",\"name\":\"#Ambulante2018: \\\"A morir a los desiertos\\\" &#171; Reconoce MX\",\"isPartOf\":{\"@id\":\"http:\/\/www.reconoce.mx\/#website\"},\"primaryImageOfPage\":{\"@id\":\"https:\/\/www.reconoce.mx\/?p=72991#primaryimage\"},\"image\":{\"@id\":\"https:\/\/www.reconoce.mx\/?p=72991#primaryimage\"},\"thumbnailUrl\":\"https:\/\/www.reconoce.mx\/wp-content\/uploads\/2018\/05\/a-morir-a-los-desiertos-1.jpg\",\"datePublished\":\"2018-05-08T05:06:41+00:00\",\"dateModified\":\"2018-05-08T12:30:37+00:00\",\"breadcrumb\":{\"@id\":\"https:\/\/www.reconoce.mx\/?p=72991#breadcrumb\"},\"inLanguage\":\"es\",\"potentialAction\":[{\"@type\":\"ReadAction\",\"target\":[\"https:\/\/www.reconoce.mx\/?p=72991\"]}]},{\"@type\":\"ImageObject\",\"inLanguage\":\"es\",\"@id\":\"https:\/\/www.reconoce.mx\/?p=72991#primaryimage\",\"url\":\"https:\/\/www.reconoce.mx\/wp-content\/uploads\/2018\/05\/a-morir-a-los-desiertos-1.jpg\",\"contentUrl\":\"https:\/\/www.reconoce.mx\/wp-content\/uploads\/2018\/05\/a-morir-a-los-desiertos-1.jpg\",\"width\":590,\"height\":380},{\"@type\":\"BreadcrumbList\",\"@id\":\"https:\/\/www.reconoce.mx\/?p=72991#breadcrumb\",\"itemListElement\":[{\"@type\":\"ListItem\",\"position\":1,\"name\":\"Portada\",\"item\":\"http:\/\/www.reconoce.mx\/\"},{\"@type\":\"ListItem\",\"position\":2,\"name\":\"#Ambulante2018: \u00abA morir a los desiertos\u00bb\"}]},{\"@type\":\"WebSite\",\"@id\":\"http:\/\/www.reconoce.mx\/#website\",\"url\":\"http:\/\/www.reconoce.mx\/\",\"name\":\"Reconoce MX\",\"description\":\"En Reconoce MX difundimos arte, cultura y conciencia social en M\u00e9xico. Tu ciudad en otra perspectiva.\",\"publisher\":{\"@id\":\"http:\/\/www.reconoce.mx\/#organization\"},\"potentialAction\":[{\"@type\":\"SearchAction\",\"target\":{\"@type\":\"EntryPoint\",\"urlTemplate\":\"http:\/\/www.reconoce.mx\/?s={search_term_string}\"},\"query-input\":{\"@type\":\"PropertyValueSpecification\",\"valueRequired\":true,\"valueName\":\"search_term_string\"}}],\"inLanguage\":\"es\"},{\"@type\":\"Organization\",\"@id\":\"http:\/\/www.reconoce.mx\/#organization\",\"name\":\"Reconoce MX\",\"url\":\"http:\/\/www.reconoce.mx\/\",\"logo\":{\"@type\":\"ImageObject\",\"inLanguage\":\"es\",\"@id\":\"http:\/\/www.reconoce.mx\/#\/schema\/logo\/image\/\",\"url\":\"https:\/\/www.reconoce.mx\/wp-content\/uploads\/2019\/03\/logorcmx-good-1.png\",\"contentUrl\":\"https:\/\/www.reconoce.mx\/wp-content\/uploads\/2019\/03\/logorcmx-good-1.png\",\"width\":280,\"height\":90,\"caption\":\"Reconoce MX\"},\"image\":{\"@id\":\"http:\/\/www.reconoce.mx\/#\/schema\/logo\/image\/\"},\"sameAs\":[\"https:\/\/es-la.facebook.com\/ReconoceMX\/\",\"https:\/\/x.com\/reconocemx\",\"http:\/\/@reconocemx\"]},{\"@type\":\"Person\",\"@id\":\"http:\/\/www.reconoce.mx\/#\/schema\/person\/2117e997d7051dc15d6880eaf9bca0b2\",\"name\":\"Reconoce MX\",\"image\":{\"@type\":\"ImageObject\",\"inLanguage\":\"es\",\"@id\":\"http:\/\/www.reconoce.mx\/#\/schema\/person\/image\/\",\"url\":\"https:\/\/secure.gravatar.com\/avatar\/6c8d4dc7569ca1c90c5fdcc349f839d5ddef6fe1e70b4337ead2ef1a4c43fc3a?s=96&d=identicon&r=g\",\"contentUrl\":\"https:\/\/secure.gravatar.com\/avatar\/6c8d4dc7569ca1c90c5fdcc349f839d5ddef6fe1e70b4337ead2ef1a4c43fc3a?s=96&d=identicon&r=g\",\"caption\":\"Reconoce MX\"},\"description\":\"Reconoce MX es un proyecto de difusi\u00f3n art\u00edstica, cultural y de conciencia social que est\u00e1 enfocado a difundir y fomentar el entretenimiento alternativo de calidad para todo el p\u00fablico que comparta el mismo entusiasmo.\",\"sameAs\":[\"http:\/\/www.reconoce.mx\"],\"url\":\"https:\/\/www.reconoce.mx\/?author=2\"}]}<\/script>\n<!-- \/ Yoast SEO plugin. -->","yoast_head_json":{"title":"#Ambulante2018: \"A morir a los desiertos\" &#171; Reconoce MX","robots":{"index":"index","follow":"follow","max-snippet":"max-snippet:-1","max-image-preview":"max-image-preview:large","max-video-preview":"max-video-preview:-1"},"canonical":"https:\/\/www.reconoce.mx\/?p=72991","og_locale":"es_ES","og_type":"article","og_title":"#Ambulante2018: \"A morir a los desiertos\" &#171; Reconoce MX","og_description":"Los trabajos f\u00edlmicos seleccionados como parte de la programaci\u00f3n de la Gira de Documentales Ambulante, nos permiten como espectadores ser testigos de primera fila de las historias que sus realizadores nos quieren contar.","og_url":"https:\/\/www.reconoce.mx\/?p=72991","og_site_name":"Reconoce MX","article_publisher":"https:\/\/es-la.facebook.com\/ReconoceMX\/","article_published_time":"2018-05-08T05:06:41+00:00","article_modified_time":"2018-05-08T12:30:37+00:00","og_image":[{"width":590,"height":380,"url":"https:\/\/www.reconoce.mx\/wp-content\/uploads\/2018\/05\/a-morir-a-los-desiertos-1.jpg","type":"image\/jpeg"}],"author":"Reconoce MX","twitter_card":"summary_large_image","twitter_creator":"@reconocemx","twitter_site":"@reconocemx","twitter_misc":{"Escrito por":"Reconoce MX","Tiempo de lectura":"4 minutos"},"schema":{"@context":"https:\/\/schema.org","@graph":[{"@type":"Article","@id":"https:\/\/www.reconoce.mx\/?p=72991#article","isPartOf":{"@id":"https:\/\/www.reconoce.mx\/?p=72991"},"author":{"name":"Reconoce MX","@id":"http:\/\/www.reconoce.mx\/#\/schema\/person\/2117e997d7051dc15d6880eaf9bca0b2"},"headline":"#Ambulante2018: \u00abA morir a los desiertos\u00bb","datePublished":"2018-05-08T05:06:41+00:00","dateModified":"2018-05-08T12:30:37+00:00","mainEntityOfPage":{"@id":"https:\/\/www.reconoce.mx\/?p=72991"},"wordCount":796,"commentCount":0,"publisher":{"@id":"http:\/\/www.reconoce.mx\/#organization"},"image":{"@id":"https:\/\/www.reconoce.mx\/?p=72991#primaryimage"},"thumbnailUrl":"https:\/\/www.reconoce.mx\/wp-content\/uploads\/2018\/05\/a-morir-a-los-desiertos-1.jpg","articleSection":["Cine","Cultura","Principal"],"inLanguage":"es","potentialAction":[{"@type":"CommentAction","name":"Comment","target":["https:\/\/www.reconoce.mx\/?p=72991#respond"]}]},{"@type":"WebPage","@id":"https:\/\/www.reconoce.mx\/?p=72991","url":"https:\/\/www.reconoce.mx\/?p=72991","name":"#Ambulante2018: \"A morir a los desiertos\" &#171; Reconoce MX","isPartOf":{"@id":"http:\/\/www.reconoce.mx\/#website"},"primaryImageOfPage":{"@id":"https:\/\/www.reconoce.mx\/?p=72991#primaryimage"},"image":{"@id":"https:\/\/www.reconoce.mx\/?p=72991#primaryimage"},"thumbnailUrl":"https:\/\/www.reconoce.mx\/wp-content\/uploads\/2018\/05\/a-morir-a-los-desiertos-1.jpg","datePublished":"2018-05-08T05:06:41+00:00","dateModified":"2018-05-08T12:30:37+00:00","breadcrumb":{"@id":"https:\/\/www.reconoce.mx\/?p=72991#breadcrumb"},"inLanguage":"es","potentialAction":[{"@type":"ReadAction","target":["https:\/\/www.reconoce.mx\/?p=72991"]}]},{"@type":"ImageObject","inLanguage":"es","@id":"https:\/\/www.reconoce.mx\/?p=72991#primaryimage","url":"https:\/\/www.reconoce.mx\/wp-content\/uploads\/2018\/05\/a-morir-a-los-desiertos-1.jpg","contentUrl":"https:\/\/www.reconoce.mx\/wp-content\/uploads\/2018\/05\/a-morir-a-los-desiertos-1.jpg","width":590,"height":380},{"@type":"BreadcrumbList","@id":"https:\/\/www.reconoce.mx\/?p=72991#breadcrumb","itemListElement":[{"@type":"ListItem","position":1,"name":"Portada","item":"http:\/\/www.reconoce.mx\/"},{"@type":"ListItem","position":2,"name":"#Ambulante2018: \u00abA morir a los desiertos\u00bb"}]},{"@type":"WebSite","@id":"http:\/\/www.reconoce.mx\/#website","url":"http:\/\/www.reconoce.mx\/","name":"Reconoce MX","description":"En Reconoce MX difundimos arte, cultura y conciencia social en M\u00e9xico. Tu ciudad en otra perspectiva.","publisher":{"@id":"http:\/\/www.reconoce.mx\/#organization"},"potentialAction":[{"@type":"SearchAction","target":{"@type":"EntryPoint","urlTemplate":"http:\/\/www.reconoce.mx\/?s={search_term_string}"},"query-input":{"@type":"PropertyValueSpecification","valueRequired":true,"valueName":"search_term_string"}}],"inLanguage":"es"},{"@type":"Organization","@id":"http:\/\/www.reconoce.mx\/#organization","name":"Reconoce MX","url":"http:\/\/www.reconoce.mx\/","logo":{"@type":"ImageObject","inLanguage":"es","@id":"http:\/\/www.reconoce.mx\/#\/schema\/logo\/image\/","url":"https:\/\/www.reconoce.mx\/wp-content\/uploads\/2019\/03\/logorcmx-good-1.png","contentUrl":"https:\/\/www.reconoce.mx\/wp-content\/uploads\/2019\/03\/logorcmx-good-1.png","width":280,"height":90,"caption":"Reconoce MX"},"image":{"@id":"http:\/\/www.reconoce.mx\/#\/schema\/logo\/image\/"},"sameAs":["https:\/\/es-la.facebook.com\/ReconoceMX\/","https:\/\/x.com\/reconocemx","http:\/\/@reconocemx"]},{"@type":"Person","@id":"http:\/\/www.reconoce.mx\/#\/schema\/person\/2117e997d7051dc15d6880eaf9bca0b2","name":"Reconoce MX","image":{"@type":"ImageObject","inLanguage":"es","@id":"http:\/\/www.reconoce.mx\/#\/schema\/person\/image\/","url":"https:\/\/secure.gravatar.com\/avatar\/6c8d4dc7569ca1c90c5fdcc349f839d5ddef6fe1e70b4337ead2ef1a4c43fc3a?s=96&d=identicon&r=g","contentUrl":"https:\/\/secure.gravatar.com\/avatar\/6c8d4dc7569ca1c90c5fdcc349f839d5ddef6fe1e70b4337ead2ef1a4c43fc3a?s=96&d=identicon&r=g","caption":"Reconoce MX"},"description":"Reconoce MX es un proyecto de difusi\u00f3n art\u00edstica, cultural y de conciencia social que est\u00e1 enfocado a difundir y fomentar el entretenimiento alternativo de calidad para todo el p\u00fablico que comparta el mismo entusiasmo.","sameAs":["http:\/\/www.reconoce.mx"],"url":"https:\/\/www.reconoce.mx\/?author=2"}]}},"_links":{"self":[{"href":"https:\/\/www.reconoce.mx\/index.php?rest_route=\/wp\/v2\/posts\/72991","targetHints":{"allow":["GET"]}}],"collection":[{"href":"https:\/\/www.reconoce.mx\/index.php?rest_route=\/wp\/v2\/posts"}],"about":[{"href":"https:\/\/www.reconoce.mx\/index.php?rest_route=\/wp\/v2\/types\/post"}],"author":[{"embeddable":true,"href":"https:\/\/www.reconoce.mx\/index.php?rest_route=\/wp\/v2\/users\/2"}],"replies":[{"embeddable":true,"href":"https:\/\/www.reconoce.mx\/index.php?rest_route=%2Fwp%2Fv2%2Fcomments&post=72991"}],"version-history":[{"count":3,"href":"https:\/\/www.reconoce.mx\/index.php?rest_route=\/wp\/v2\/posts\/72991\/revisions"}],"predecessor-version":[{"id":72996,"href":"https:\/\/www.reconoce.mx\/index.php?rest_route=\/wp\/v2\/posts\/72991\/revisions\/72996"}],"wp:featuredmedia":[{"embeddable":true,"href":"https:\/\/www.reconoce.mx\/index.php?rest_route=\/wp\/v2\/media\/72992"}],"wp:attachment":[{"href":"https:\/\/www.reconoce.mx\/index.php?rest_route=%2Fwp%2Fv2%2Fmedia&parent=72991"}],"wp:term":[{"taxonomy":"category","embeddable":true,"href":"https:\/\/www.reconoce.mx\/index.php?rest_route=%2Fwp%2Fv2%2Fcategories&post=72991"},{"taxonomy":"post_tag","embeddable":true,"href":"https:\/\/www.reconoce.mx\/index.php?rest_route=%2Fwp%2Fv2%2Ftags&post=72991"}],"curies":[{"name":"wp","href":"https:\/\/api.w.org\/{rel}","templated":true}]}}