{"id":73024,"date":"2018-05-10T00:06:08","date_gmt":"2018-05-10T05:06:08","guid":{"rendered":"http:\/\/www.reconoce.mx\/?p=73024"},"modified":"2018-05-10T17:34:37","modified_gmt":"2018-05-10T22:34:37","slug":"violeta-al-fin-una-mujer-y-su-mundo","status":"publish","type":"post","link":"https:\/\/www.reconoce.mx\/?p=73024","title":{"rendered":"\u00abVioleta al fin\u00bb: una mujer y su mundo"},"content":{"rendered":"<p><strong> Por <a title=\"@AsfaltosTweets\" href=\"http:\/\/twitter.com\/AsfaltosTweets\" target=\"_blank\" rel=\"noopener\">Asfaltos<\/a><\/strong>.<\/p>\n<p>Es 10 de mayo y todos, o casi todos, celebramos a nuestras mam\u00e1s adoradas y queridas. Sin embargo, s\u00edrvase esta rese\u00f1a para reflexionar un poco sobre si la celebraci\u00f3n es siempre, o \u00abnom\u00e1s\u00bb por un d\u00eda. \u00abVioleta al fin\u00bb, de la realizadora tica <strong>Hilda Hidalgo<\/strong>, nos ayuda a poner el tema sobre la mesa con una cinta m\u00e1s que estremecedora, y s\u00ed, sumamente hermosa. Imperdible esta pel\u00edcula entre la muy competida cartelera del fin de semana.<\/p>\n<p><a href=\"http:\/\/www.reconoce.mx\/wp-content\/uploads\/2018\/05\/14ad74d2-2084-48a7-bfeb-19ffeb392561.png\"><img loading=\"lazy\" decoding=\"async\" class=\"aligncenter size-full wp-image-73025\" src=\"http:\/\/www.reconoce.mx\/wp-content\/uploads\/2018\/05\/14ad74d2-2084-48a7-bfeb-19ffeb392561.png\" alt=\"\" width=\"800\" height=\"1132\" srcset=\"https:\/\/www.reconoce.mx\/wp-content\/uploads\/2018\/05\/14ad74d2-2084-48a7-bfeb-19ffeb392561.png 800w, https:\/\/www.reconoce.mx\/wp-content\/uploads\/2018\/05\/14ad74d2-2084-48a7-bfeb-19ffeb392561-212x300.png 212w, https:\/\/www.reconoce.mx\/wp-content\/uploads\/2018\/05\/14ad74d2-2084-48a7-bfeb-19ffeb392561-768x1087.png 768w, https:\/\/www.reconoce.mx\/wp-content\/uploads\/2018\/05\/14ad74d2-2084-48a7-bfeb-19ffeb392561-724x1024.png 724w, https:\/\/www.reconoce.mx\/wp-content\/uploads\/2018\/05\/14ad74d2-2084-48a7-bfeb-19ffeb392561-150x212.png 150w, https:\/\/www.reconoce.mx\/wp-content\/uploads\/2018\/05\/14ad74d2-2084-48a7-bfeb-19ffeb392561-700x991.png 700w, https:\/\/www.reconoce.mx\/wp-content\/uploads\/2018\/05\/14ad74d2-2084-48a7-bfeb-19ffeb392561-658x931.png 658w, https:\/\/www.reconoce.mx\/wp-content\/uploads\/2018\/05\/14ad74d2-2084-48a7-bfeb-19ffeb392561-300x425.png 300w\" sizes=\"auto, (max-width: 800px) 100vw, 800px\" \/><\/a><\/p>\n<p>Pocas veces en M\u00e9xico, en el circuito comercial lejos de los festivales de cine en nuestro pa\u00eds, podemos disfrutar de una cinta de origen costarricense. La naci\u00f3n, una de las l\u00edderes en Centroam\u00e9rica, es representada con gran talento por una pel\u00edcula emotiva. \u00abVioleta al fin\u00bb, de <strong>Hilda Hidalgo<\/strong>, nos presenta la historia de Violeta, una mujer madura que despu\u00e9s de su divorcio intenta estabilizarse. Pero no es f\u00e1cil; nada sencillo.<\/p>\n<p>Con una sensibilidad digna de destacarse, Hilda nos lleva de la mano por la \u00edntima historia de una mujer que a pesar de todo est\u00e1 lista para reinventarse. Con sus hijos preocupados y con sus amigas asombradas, Hilda da pasos firmes para irse demostrando que ella es tan capaz de salir por su propia cuenta, que hasta se anuncia dispuesta y enfocada en empezar un nuevo y so\u00f1ado negocio. Sin embargo, como es de esperarse, no resulta sencillo.<\/p>\n<p><a href=\"http:\/\/www.reconoce.mx\/wp-content\/uploads\/2018\/05\/violetaatlast_-_still2.jpg\"><img loading=\"lazy\" decoding=\"async\" class=\"aligncenter size-full wp-image-73027\" src=\"http:\/\/www.reconoce.mx\/wp-content\/uploads\/2018\/05\/violetaatlast_-_still2.jpg\" alt=\"\" width=\"2500\" height=\"1047\" srcset=\"https:\/\/www.reconoce.mx\/wp-content\/uploads\/2018\/05\/violetaatlast_-_still2.jpg 2500w, https:\/\/www.reconoce.mx\/wp-content\/uploads\/2018\/05\/violetaatlast_-_still2-300x126.jpg 300w, https:\/\/www.reconoce.mx\/wp-content\/uploads\/2018\/05\/violetaatlast_-_still2-768x322.jpg 768w, https:\/\/www.reconoce.mx\/wp-content\/uploads\/2018\/05\/violetaatlast_-_still2-1024x429.jpg 1024w, https:\/\/www.reconoce.mx\/wp-content\/uploads\/2018\/05\/violetaatlast_-_still2-150x63.jpg 150w, https:\/\/www.reconoce.mx\/wp-content\/uploads\/2018\/05\/violetaatlast_-_still2-700x293.jpg 700w, https:\/\/www.reconoce.mx\/wp-content\/uploads\/2018\/05\/violetaatlast_-_still2-658x276.jpg 658w\" sizes=\"auto, (max-width: 2500px) 100vw, 2500px\" \/><\/a><\/p>\n<p>La edad pone todo en perspectiva, situaci\u00f3n que para la misma Hilda no escapa de sus ojos, y misma que confiesa sin tapujos le hace que todo le duela un poquito m\u00e1s. Con su casa como firme pilar de su vida, llena de recuerdos y anhelos por el futuro, Violeta se pone a prueba a los pr\u00f3ximos infortunios que est\u00e1n por asediarle. Le tocar\u00e1, en el camino, irse encontrando con quien terminar\u00e1 siendo su propio pilar: ella misma.<\/p>\n<p>Sin prisas, con un ritmo que nos contagia el devenir de la propia Violeta, Hilda nos hace part\u00edcipes de esta linda historia que termina por emocionar a uno por los muchos ecos que hay o habr\u00e1n en nuestras vidas. Las reflexiones sobre quienes somos hijos, y tambi\u00e9n sobre quienes seremos padres y tambi\u00e9n abuelos, terminan por hacer que la pel\u00edcula sea ideal para disfrutarse en familia.<\/p>\n<p><a href=\"http:\/\/www.reconoce.mx\/wp-content\/uploads\/2018\/05\/violetaatlast_-_still3.jpeg\"><img loading=\"lazy\" decoding=\"async\" class=\"aligncenter size-full wp-image-73028\" src=\"http:\/\/www.reconoce.mx\/wp-content\/uploads\/2018\/05\/violetaatlast_-_still3.jpeg\" alt=\"\" width=\"2500\" height=\"1047\" srcset=\"https:\/\/www.reconoce.mx\/wp-content\/uploads\/2018\/05\/violetaatlast_-_still3.jpeg 2500w, https:\/\/www.reconoce.mx\/wp-content\/uploads\/2018\/05\/violetaatlast_-_still3-300x126.jpeg 300w, https:\/\/www.reconoce.mx\/wp-content\/uploads\/2018\/05\/violetaatlast_-_still3-768x322.jpeg 768w, https:\/\/www.reconoce.mx\/wp-content\/uploads\/2018\/05\/violetaatlast_-_still3-1024x429.jpeg 1024w, https:\/\/www.reconoce.mx\/wp-content\/uploads\/2018\/05\/violetaatlast_-_still3-150x63.jpeg 150w, https:\/\/www.reconoce.mx\/wp-content\/uploads\/2018\/05\/violetaatlast_-_still3-700x293.jpeg 700w, https:\/\/www.reconoce.mx\/wp-content\/uploads\/2018\/05\/violetaatlast_-_still3-658x276.jpeg 658w\" sizes=\"auto, (max-width: 2500px) 100vw, 2500px\" \/><\/a><\/p>\n<p>Del trabajo de Hilda se destacan varias cosas. Es sabido que Costa Rica es conocido como un para\u00edso verde, mismo que es trasladado en esta pel\u00edcula al precioso jard\u00edn de la casa de Violeta; entre edificios, frente al acecho de quienes buscan hacerse de su terreno -como tambi\u00e9n sucede en Ciudad de M\u00e9xico-, la propiedad de Violeta se levanta orgullosa gracias a la fortaleza de su inquilina.<\/p>\n<p>La fotograf\u00eda, la direcci\u00f3n de actores y el tremendo casting son elementos que hacen a\u00fan m\u00e1s apetecible esta linda historia que reitero resulta imeprdible. Por cierto, el actor mexicano <strong>Gustavo S\u00e1nchez Parra<\/strong> nos regala una de sus actuaciones m\u00e1s bellas; es bueno verle en otro tipo de papeles, pues el int\u00e9rprete tiene un amplio rango del cual aportar.<\/p>\n<style>.embed-container { position: relative; padding-bottom: 56.25%; height: 0; overflow: hidden; max-width: 100%; } .embed-container iframe, .embed-container object, .embed-container embed { position: absolute; top: 0; left: 0; width: 100%; height: 100%; }<\/style>\n<div class='embed-container'><iframe src='https:\/\/player.vimeo.com\/video\/232636985' frameborder='0' webkitAllowFullScreen mozallowfullscreen allowFullScreen><\/iframe><\/div>\n<p>&nbsp;<\/p>\n<p>\u00bfRecomendable? Absolutamente. \u00abVioleta al fin\u00bb de <strong>Hilda Hidalgo<\/strong> es un viaje hermoso y entra\u00f1able que se debe de ver en la pantalla grande y en compa\u00f1\u00eda\u00a0 de su familia. \u00bfNo le pudieron regalar nada a mam\u00e1? Ll\u00e9venla a ver esta pel\u00edcula, ver\u00e1n c\u00f3mo se la pasan bien. \u00abVioleta al fin\u00bb est\u00e1 ya disponible en cines nacionales. Consulten cartelera.<\/p>\n<p>&nbsp;<\/p>\n<p>&nbsp;<\/p>\n","protected":false},"excerpt":{"rendered":"<p>Es 10 de mayo y todos, o casi todos, celebramos a nuestras mam\u00e1s adoradas y queridas. Sin embargo, s\u00edrvase esta rese\u00f1a para reflexionar un poco sobre si la celebraci\u00f3n es siempre, o \u201cnom\u00e1s\u201d por un d\u00eda.<\/p>\n","protected":false},"author":2,"featured_media":73026,"comment_status":"open","ping_status":"open","sticky":false,"template":"","format":"standard","meta":{"footnotes":""},"categories":[24,1,17],"tags":[],"class_list":["post-73024","post","type-post","status-publish","format-standard","has-post-thumbnail","hentry","category-cine","category-cultura","category-principal"],"yoast_head":"<!-- This site is optimized with the Yoast SEO plugin v24.7 - https:\/\/yoast.com\/wordpress\/plugins\/seo\/ -->\n<title>&quot;Violeta al fin&quot;: una mujer y su mundo &#171; Reconoce MX<\/title>\n<meta name=\"robots\" content=\"index, follow, max-snippet:-1, max-image-preview:large, max-video-preview:-1\" \/>\n<link rel=\"canonical\" href=\"https:\/\/www.reconoce.mx\/?p=73024\" \/>\n<meta property=\"og:locale\" content=\"es_ES\" \/>\n<meta property=\"og:type\" content=\"article\" \/>\n<meta property=\"og:title\" content=\"&quot;Violeta al fin&quot;: una mujer y su mundo &#171; Reconoce MX\" \/>\n<meta property=\"og:description\" content=\"Es 10 de mayo y todos, o casi todos, celebramos a nuestras mam\u00e1s adoradas y queridas. Sin embargo, s\u00edrvase esta rese\u00f1a para reflexionar un poco sobre si la celebraci\u00f3n es siempre, o \u201cnom\u00e1s\u201d por un d\u00eda.\" \/>\n<meta property=\"og:url\" content=\"https:\/\/www.reconoce.mx\/?p=73024\" \/>\n<meta property=\"og:site_name\" content=\"Reconoce MX\" \/>\n<meta property=\"article:publisher\" content=\"https:\/\/es-la.facebook.com\/ReconoceMX\/\" \/>\n<meta property=\"article:published_time\" content=\"2018-05-10T05:06:08+00:00\" \/>\n<meta property=\"article:modified_time\" content=\"2018-05-10T22:34:37+00:00\" \/>\n<meta property=\"og:image\" content=\"https:\/\/www.reconoce.mx\/wp-content\/uploads\/2018\/05\/violeta-al-fin-1.jpg\" \/>\n\t<meta property=\"og:image:width\" content=\"590\" \/>\n\t<meta property=\"og:image:height\" content=\"380\" \/>\n\t<meta property=\"og:image:type\" content=\"image\/jpeg\" \/>\n<meta name=\"author\" content=\"Reconoce MX\" \/>\n<meta name=\"twitter:card\" content=\"summary_large_image\" \/>\n<meta name=\"twitter:creator\" content=\"@reconocemx\" \/>\n<meta name=\"twitter:site\" content=\"@reconocemx\" \/>\n<meta name=\"twitter:label1\" content=\"Escrito por\" \/>\n\t<meta name=\"twitter:data1\" content=\"Reconoce MX\" \/>\n\t<meta name=\"twitter:label2\" content=\"Tiempo de lectura\" \/>\n\t<meta name=\"twitter:data2\" content=\"3 minutos\" \/>\n<script type=\"application\/ld+json\" class=\"yoast-schema-graph\">{\"@context\":\"https:\/\/schema.org\",\"@graph\":[{\"@type\":\"Article\",\"@id\":\"https:\/\/www.reconoce.mx\/?p=73024#article\",\"isPartOf\":{\"@id\":\"https:\/\/www.reconoce.mx\/?p=73024\"},\"author\":{\"name\":\"Reconoce MX\",\"@id\":\"http:\/\/www.reconoce.mx\/#\/schema\/person\/2117e997d7051dc15d6880eaf9bca0b2\"},\"headline\":\"\u00abVioleta al fin\u00bb: una mujer y su mundo\",\"datePublished\":\"2018-05-10T05:06:08+00:00\",\"dateModified\":\"2018-05-10T22:34:37+00:00\",\"mainEntityOfPage\":{\"@id\":\"https:\/\/www.reconoce.mx\/?p=73024\"},\"wordCount\":607,\"commentCount\":0,\"publisher\":{\"@id\":\"http:\/\/www.reconoce.mx\/#organization\"},\"image\":{\"@id\":\"https:\/\/www.reconoce.mx\/?p=73024#primaryimage\"},\"thumbnailUrl\":\"https:\/\/www.reconoce.mx\/wp-content\/uploads\/2018\/05\/violeta-al-fin-1.jpg\",\"articleSection\":[\"Cine\",\"Cultura\",\"Principal\"],\"inLanguage\":\"es\",\"potentialAction\":[{\"@type\":\"CommentAction\",\"name\":\"Comment\",\"target\":[\"https:\/\/www.reconoce.mx\/?p=73024#respond\"]}]},{\"@type\":\"WebPage\",\"@id\":\"https:\/\/www.reconoce.mx\/?p=73024\",\"url\":\"https:\/\/www.reconoce.mx\/?p=73024\",\"name\":\"\\\"Violeta al fin\\\": una mujer y su mundo &#171; Reconoce MX\",\"isPartOf\":{\"@id\":\"http:\/\/www.reconoce.mx\/#website\"},\"primaryImageOfPage\":{\"@id\":\"https:\/\/www.reconoce.mx\/?p=73024#primaryimage\"},\"image\":{\"@id\":\"https:\/\/www.reconoce.mx\/?p=73024#primaryimage\"},\"thumbnailUrl\":\"https:\/\/www.reconoce.mx\/wp-content\/uploads\/2018\/05\/violeta-al-fin-1.jpg\",\"datePublished\":\"2018-05-10T05:06:08+00:00\",\"dateModified\":\"2018-05-10T22:34:37+00:00\",\"breadcrumb\":{\"@id\":\"https:\/\/www.reconoce.mx\/?p=73024#breadcrumb\"},\"inLanguage\":\"es\",\"potentialAction\":[{\"@type\":\"ReadAction\",\"target\":[\"https:\/\/www.reconoce.mx\/?p=73024\"]}]},{\"@type\":\"ImageObject\",\"inLanguage\":\"es\",\"@id\":\"https:\/\/www.reconoce.mx\/?p=73024#primaryimage\",\"url\":\"https:\/\/www.reconoce.mx\/wp-content\/uploads\/2018\/05\/violeta-al-fin-1.jpg\",\"contentUrl\":\"https:\/\/www.reconoce.mx\/wp-content\/uploads\/2018\/05\/violeta-al-fin-1.jpg\",\"width\":590,\"height\":380},{\"@type\":\"BreadcrumbList\",\"@id\":\"https:\/\/www.reconoce.mx\/?p=73024#breadcrumb\",\"itemListElement\":[{\"@type\":\"ListItem\",\"position\":1,\"name\":\"Portada\",\"item\":\"http:\/\/www.reconoce.mx\/\"},{\"@type\":\"ListItem\",\"position\":2,\"name\":\"\u00abVioleta al fin\u00bb: una mujer y su mundo\"}]},{\"@type\":\"WebSite\",\"@id\":\"http:\/\/www.reconoce.mx\/#website\",\"url\":\"http:\/\/www.reconoce.mx\/\",\"name\":\"Reconoce MX\",\"description\":\"En Reconoce MX difundimos arte, cultura y conciencia social en M\u00e9xico. Tu ciudad en otra perspectiva.\",\"publisher\":{\"@id\":\"http:\/\/www.reconoce.mx\/#organization\"},\"potentialAction\":[{\"@type\":\"SearchAction\",\"target\":{\"@type\":\"EntryPoint\",\"urlTemplate\":\"http:\/\/www.reconoce.mx\/?s={search_term_string}\"},\"query-input\":{\"@type\":\"PropertyValueSpecification\",\"valueRequired\":true,\"valueName\":\"search_term_string\"}}],\"inLanguage\":\"es\"},{\"@type\":\"Organization\",\"@id\":\"http:\/\/www.reconoce.mx\/#organization\",\"name\":\"Reconoce MX\",\"url\":\"http:\/\/www.reconoce.mx\/\",\"logo\":{\"@type\":\"ImageObject\",\"inLanguage\":\"es\",\"@id\":\"http:\/\/www.reconoce.mx\/#\/schema\/logo\/image\/\",\"url\":\"https:\/\/www.reconoce.mx\/wp-content\/uploads\/2019\/03\/logorcmx-good-1.png\",\"contentUrl\":\"https:\/\/www.reconoce.mx\/wp-content\/uploads\/2019\/03\/logorcmx-good-1.png\",\"width\":280,\"height\":90,\"caption\":\"Reconoce MX\"},\"image\":{\"@id\":\"http:\/\/www.reconoce.mx\/#\/schema\/logo\/image\/\"},\"sameAs\":[\"https:\/\/es-la.facebook.com\/ReconoceMX\/\",\"https:\/\/x.com\/reconocemx\",\"http:\/\/@reconocemx\"]},{\"@type\":\"Person\",\"@id\":\"http:\/\/www.reconoce.mx\/#\/schema\/person\/2117e997d7051dc15d6880eaf9bca0b2\",\"name\":\"Reconoce MX\",\"image\":{\"@type\":\"ImageObject\",\"inLanguage\":\"es\",\"@id\":\"http:\/\/www.reconoce.mx\/#\/schema\/person\/image\/\",\"url\":\"https:\/\/secure.gravatar.com\/avatar\/6c8d4dc7569ca1c90c5fdcc349f839d5ddef6fe1e70b4337ead2ef1a4c43fc3a?s=96&d=identicon&r=g\",\"contentUrl\":\"https:\/\/secure.gravatar.com\/avatar\/6c8d4dc7569ca1c90c5fdcc349f839d5ddef6fe1e70b4337ead2ef1a4c43fc3a?s=96&d=identicon&r=g\",\"caption\":\"Reconoce MX\"},\"description\":\"Reconoce MX es un proyecto de difusi\u00f3n art\u00edstica, cultural y de conciencia social que est\u00e1 enfocado a difundir y fomentar el entretenimiento alternativo de calidad para todo el p\u00fablico que comparta el mismo entusiasmo.\",\"sameAs\":[\"http:\/\/www.reconoce.mx\"],\"url\":\"https:\/\/www.reconoce.mx\/?author=2\"}]}<\/script>\n<!-- \/ Yoast SEO plugin. -->","yoast_head_json":{"title":"\"Violeta al fin\": una mujer y su mundo &#171; Reconoce MX","robots":{"index":"index","follow":"follow","max-snippet":"max-snippet:-1","max-image-preview":"max-image-preview:large","max-video-preview":"max-video-preview:-1"},"canonical":"https:\/\/www.reconoce.mx\/?p=73024","og_locale":"es_ES","og_type":"article","og_title":"\"Violeta al fin\": una mujer y su mundo &#171; Reconoce MX","og_description":"Es 10 de mayo y todos, o casi todos, celebramos a nuestras mam\u00e1s adoradas y queridas. Sin embargo, s\u00edrvase esta rese\u00f1a para reflexionar un poco sobre si la celebraci\u00f3n es siempre, o \u201cnom\u00e1s\u201d por un d\u00eda.","og_url":"https:\/\/www.reconoce.mx\/?p=73024","og_site_name":"Reconoce MX","article_publisher":"https:\/\/es-la.facebook.com\/ReconoceMX\/","article_published_time":"2018-05-10T05:06:08+00:00","article_modified_time":"2018-05-10T22:34:37+00:00","og_image":[{"width":590,"height":380,"url":"https:\/\/www.reconoce.mx\/wp-content\/uploads\/2018\/05\/violeta-al-fin-1.jpg","type":"image\/jpeg"}],"author":"Reconoce MX","twitter_card":"summary_large_image","twitter_creator":"@reconocemx","twitter_site":"@reconocemx","twitter_misc":{"Escrito por":"Reconoce MX","Tiempo de lectura":"3 minutos"},"schema":{"@context":"https:\/\/schema.org","@graph":[{"@type":"Article","@id":"https:\/\/www.reconoce.mx\/?p=73024#article","isPartOf":{"@id":"https:\/\/www.reconoce.mx\/?p=73024"},"author":{"name":"Reconoce MX","@id":"http:\/\/www.reconoce.mx\/#\/schema\/person\/2117e997d7051dc15d6880eaf9bca0b2"},"headline":"\u00abVioleta al fin\u00bb: una mujer y su mundo","datePublished":"2018-05-10T05:06:08+00:00","dateModified":"2018-05-10T22:34:37+00:00","mainEntityOfPage":{"@id":"https:\/\/www.reconoce.mx\/?p=73024"},"wordCount":607,"commentCount":0,"publisher":{"@id":"http:\/\/www.reconoce.mx\/#organization"},"image":{"@id":"https:\/\/www.reconoce.mx\/?p=73024#primaryimage"},"thumbnailUrl":"https:\/\/www.reconoce.mx\/wp-content\/uploads\/2018\/05\/violeta-al-fin-1.jpg","articleSection":["Cine","Cultura","Principal"],"inLanguage":"es","potentialAction":[{"@type":"CommentAction","name":"Comment","target":["https:\/\/www.reconoce.mx\/?p=73024#respond"]}]},{"@type":"WebPage","@id":"https:\/\/www.reconoce.mx\/?p=73024","url":"https:\/\/www.reconoce.mx\/?p=73024","name":"\"Violeta al fin\": una mujer y su mundo &#171; Reconoce MX","isPartOf":{"@id":"http:\/\/www.reconoce.mx\/#website"},"primaryImageOfPage":{"@id":"https:\/\/www.reconoce.mx\/?p=73024#primaryimage"},"image":{"@id":"https:\/\/www.reconoce.mx\/?p=73024#primaryimage"},"thumbnailUrl":"https:\/\/www.reconoce.mx\/wp-content\/uploads\/2018\/05\/violeta-al-fin-1.jpg","datePublished":"2018-05-10T05:06:08+00:00","dateModified":"2018-05-10T22:34:37+00:00","breadcrumb":{"@id":"https:\/\/www.reconoce.mx\/?p=73024#breadcrumb"},"inLanguage":"es","potentialAction":[{"@type":"ReadAction","target":["https:\/\/www.reconoce.mx\/?p=73024"]}]},{"@type":"ImageObject","inLanguage":"es","@id":"https:\/\/www.reconoce.mx\/?p=73024#primaryimage","url":"https:\/\/www.reconoce.mx\/wp-content\/uploads\/2018\/05\/violeta-al-fin-1.jpg","contentUrl":"https:\/\/www.reconoce.mx\/wp-content\/uploads\/2018\/05\/violeta-al-fin-1.jpg","width":590,"height":380},{"@type":"BreadcrumbList","@id":"https:\/\/www.reconoce.mx\/?p=73024#breadcrumb","itemListElement":[{"@type":"ListItem","position":1,"name":"Portada","item":"http:\/\/www.reconoce.mx\/"},{"@type":"ListItem","position":2,"name":"\u00abVioleta al fin\u00bb: una mujer y su mundo"}]},{"@type":"WebSite","@id":"http:\/\/www.reconoce.mx\/#website","url":"http:\/\/www.reconoce.mx\/","name":"Reconoce MX","description":"En Reconoce MX difundimos arte, cultura y conciencia social en M\u00e9xico. Tu ciudad en otra perspectiva.","publisher":{"@id":"http:\/\/www.reconoce.mx\/#organization"},"potentialAction":[{"@type":"SearchAction","target":{"@type":"EntryPoint","urlTemplate":"http:\/\/www.reconoce.mx\/?s={search_term_string}"},"query-input":{"@type":"PropertyValueSpecification","valueRequired":true,"valueName":"search_term_string"}}],"inLanguage":"es"},{"@type":"Organization","@id":"http:\/\/www.reconoce.mx\/#organization","name":"Reconoce MX","url":"http:\/\/www.reconoce.mx\/","logo":{"@type":"ImageObject","inLanguage":"es","@id":"http:\/\/www.reconoce.mx\/#\/schema\/logo\/image\/","url":"https:\/\/www.reconoce.mx\/wp-content\/uploads\/2019\/03\/logorcmx-good-1.png","contentUrl":"https:\/\/www.reconoce.mx\/wp-content\/uploads\/2019\/03\/logorcmx-good-1.png","width":280,"height":90,"caption":"Reconoce MX"},"image":{"@id":"http:\/\/www.reconoce.mx\/#\/schema\/logo\/image\/"},"sameAs":["https:\/\/es-la.facebook.com\/ReconoceMX\/","https:\/\/x.com\/reconocemx","http:\/\/@reconocemx"]},{"@type":"Person","@id":"http:\/\/www.reconoce.mx\/#\/schema\/person\/2117e997d7051dc15d6880eaf9bca0b2","name":"Reconoce MX","image":{"@type":"ImageObject","inLanguage":"es","@id":"http:\/\/www.reconoce.mx\/#\/schema\/person\/image\/","url":"https:\/\/secure.gravatar.com\/avatar\/6c8d4dc7569ca1c90c5fdcc349f839d5ddef6fe1e70b4337ead2ef1a4c43fc3a?s=96&d=identicon&r=g","contentUrl":"https:\/\/secure.gravatar.com\/avatar\/6c8d4dc7569ca1c90c5fdcc349f839d5ddef6fe1e70b4337ead2ef1a4c43fc3a?s=96&d=identicon&r=g","caption":"Reconoce MX"},"description":"Reconoce MX es un proyecto de difusi\u00f3n art\u00edstica, cultural y de conciencia social que est\u00e1 enfocado a difundir y fomentar el entretenimiento alternativo de calidad para todo el p\u00fablico que comparta el mismo entusiasmo.","sameAs":["http:\/\/www.reconoce.mx"],"url":"https:\/\/www.reconoce.mx\/?author=2"}]}},"_links":{"self":[{"href":"https:\/\/www.reconoce.mx\/index.php?rest_route=\/wp\/v2\/posts\/73024","targetHints":{"allow":["GET"]}}],"collection":[{"href":"https:\/\/www.reconoce.mx\/index.php?rest_route=\/wp\/v2\/posts"}],"about":[{"href":"https:\/\/www.reconoce.mx\/index.php?rest_route=\/wp\/v2\/types\/post"}],"author":[{"embeddable":true,"href":"https:\/\/www.reconoce.mx\/index.php?rest_route=\/wp\/v2\/users\/2"}],"replies":[{"embeddable":true,"href":"https:\/\/www.reconoce.mx\/index.php?rest_route=%2Fwp%2Fv2%2Fcomments&post=73024"}],"version-history":[{"count":2,"href":"https:\/\/www.reconoce.mx\/index.php?rest_route=\/wp\/v2\/posts\/73024\/revisions"}],"predecessor-version":[{"id":73030,"href":"https:\/\/www.reconoce.mx\/index.php?rest_route=\/wp\/v2\/posts\/73024\/revisions\/73030"}],"wp:featuredmedia":[{"embeddable":true,"href":"https:\/\/www.reconoce.mx\/index.php?rest_route=\/wp\/v2\/media\/73026"}],"wp:attachment":[{"href":"https:\/\/www.reconoce.mx\/index.php?rest_route=%2Fwp%2Fv2%2Fmedia&parent=73024"}],"wp:term":[{"taxonomy":"category","embeddable":true,"href":"https:\/\/www.reconoce.mx\/index.php?rest_route=%2Fwp%2Fv2%2Fcategories&post=73024"},{"taxonomy":"post_tag","embeddable":true,"href":"https:\/\/www.reconoce.mx\/index.php?rest_route=%2Fwp%2Fv2%2Ftags&post=73024"}],"curies":[{"name":"wp","href":"https:\/\/api.w.org\/{rel}","templated":true}]}}