{"id":73083,"date":"2018-05-13T00:01:23","date_gmt":"2018-05-13T05:01:23","guid":{"rendered":"http:\/\/www.reconoce.mx\/?p=73083"},"modified":"2018-05-13T12:24:05","modified_gmt":"2018-05-13T17:24:05","slug":"oh-sees-y-su-show-frenetico-regresan-a-mexico","status":"publish","type":"post","link":"https:\/\/www.reconoce.mx\/?p=73083","title":{"rendered":"Oh Sees y su show fren\u00e9tico regresan a M\u00e9xico"},"content":{"rendered":"<p><strong>Por <span class=\"st\"><a href=\"https:\/\/twitter.com\/Amauryshow\" target=\"_blank\" rel=\"noopener noreferrer\">Amaury Berdejo Ju\u00e1rez<\/a><\/span>.<\/strong><\/p>\n<p><strong>Oh Sees<\/strong> podr\u00eda catalogarse como uno de los actos de <em>garage rock<\/em> y rock psicod\u00e9lico, m\u00e1s complejos y fren\u00e9ticos de la actualidad, por lo que en nuestro pa\u00eds el escaparate perfecto (y m\u00e1s l\u00f3gico) es que fueran tra\u00eddos por <strong>Hipnosis<\/strong> de <strong>Indie Rocks!<\/strong> (creadores del festival hom\u00f3nimo).<\/p>\n<p><a href=\"http:\/\/www.reconoce.mx\/wp-content\/uploads\/2018\/05\/Oh-Sees-en-M\u00e9xico-2018.png\"><img loading=\"lazy\" decoding=\"async\" class=\"aligncenter size-full wp-image-73084\" src=\"http:\/\/www.reconoce.mx\/wp-content\/uploads\/2018\/05\/Oh-Sees-en-M\u00e9xico-2018.png\" alt=\"\" width=\"1000\" height=\"1262\" srcset=\"https:\/\/www.reconoce.mx\/wp-content\/uploads\/2018\/05\/Oh-Sees-en-M\u00e9xico-2018.png 1000w, https:\/\/www.reconoce.mx\/wp-content\/uploads\/2018\/05\/Oh-Sees-en-M\u00e9xico-2018-238x300.png 238w, https:\/\/www.reconoce.mx\/wp-content\/uploads\/2018\/05\/Oh-Sees-en-M\u00e9xico-2018-768x969.png 768w, https:\/\/www.reconoce.mx\/wp-content\/uploads\/2018\/05\/Oh-Sees-en-M\u00e9xico-2018-811x1024.png 811w, https:\/\/www.reconoce.mx\/wp-content\/uploads\/2018\/05\/Oh-Sees-en-M\u00e9xico-2018-150x189.png 150w, https:\/\/www.reconoce.mx\/wp-content\/uploads\/2018\/05\/Oh-Sees-en-M\u00e9xico-2018-700x883.png 700w, https:\/\/www.reconoce.mx\/wp-content\/uploads\/2018\/05\/Oh-Sees-en-M\u00e9xico-2018-658x830.png 658w, https:\/\/www.reconoce.mx\/wp-content\/uploads\/2018\/05\/Oh-Sees-en-M\u00e9xico-2018-300x379.png 300w\" sizes=\"auto, (max-width: 1000px) 100vw, 1000px\" \/><\/a><\/p>\n<p>Originarios de Providence, Rhode Island, <strong>Oh Sees<\/strong> naci\u00f3 de la experimentaci\u00f3n casera del cantante y guitarrista John Dwyer, un prol\u00edfico compositor de m\u00fasica punk que ha sabido tomar el estandarte de este movimiento al lado de bandas como <strong>Ty Segall<\/strong> (quienes tambi\u00e9n estuvieron en M\u00e9xico para el <strong>Festival Hipnosis<\/strong> en 2017).<\/p>\n<p>Ha llegado la hora de que estos int\u00e9rpretes de sonidos crudos, shows en\u00e9rgicos y distorsiones fren\u00e9ticas visiten nuevamente nuestra ciudad el pr\u00f3ximo 19 de mayo en el <strong>Foro Indie Rocks!<\/strong> (Zacatecas 39, Cuauht\u00e9moc, Roma Nte., Ciudad de M\u00e9xico).<\/p>\n<style>.embed-container { position: relative; padding-bottom: 56.25%; height: 0; overflow: hidden; max-width: 100%; } .embed-container iframe, .embed-container object, .embed-container embed { position: absolute; top: 0; left: 0; width: 100%; height: 100%; }<\/style>\n<div class='embed-container'><iframe src='https:\/\/www.youtube.com\/embed\/FrMacbbLxuc' frameborder='0' allowfullscreen><\/iframe><\/div>\n<p>&nbsp;<\/p>\n<p>Como dato curioso, recuper\u00e9 uno de los comentarios dejado por un fan en el video \u00abThee Oh Sees &#8211; Full Performance (Live on KEXP)\u00bb que me parece queda como anillo al dedo:<\/p>\n<p>\u00abSoy un viejo come hongos de los sesenta y he seguido a esta banda por los \u00faltimos dos a\u00f1os. John Dwyer (<strong>Oh Sees<\/strong>) y Ty Segall llevan tiempo honrando esta tradici\u00f3n (musical). Un gran fen\u00f3meno de la Bay \u00c1rea (California). Escucharlos es un placer. \u00a1Y eso que Dwyer est\u00e1 sobrio!\u00bb<\/p>\n<p>La preventa de los boletos para el show es de $400, el d\u00eda del evento $500 y si quieres llevarte el combo de boleto + una pieza de serigraf\u00eda del cartel, puedes obtenerlo por $700. <a href=\"https:\/\/ohsees.boletia.com\/\" target=\"_blank\" rel=\"noopener\">Boletos a la venta aqu\u00ed<\/a>.<\/p>\n<p>&nbsp;<\/p>\n<p>&nbsp;<\/p>\n","protected":false},"excerpt":{"rendered":"<p>Oh Sees podr\u00eda catalogarse como uno de los actos de garage rock y rock psicod\u00e9lico, m\u00e1s complejos y fren\u00e9ticos de la actualidad, por lo que en nuestro pa\u00eds el escaparate perfecto (y m\u00e1s l\u00f3gico) es que fueran tra\u00eddos por Hipnosis de Indie Rocks! (creadores del festival hom\u00f3nimo).<\/p>\n","protected":false},"author":2,"featured_media":73085,"comment_status":"open","ping_status":"open","sticky":false,"template":"","format":"standard","meta":{"footnotes":""},"categories":[1,18,17],"tags":[],"class_list":["post-73083","post","type-post","status-publish","format-standard","has-post-thumbnail","hentry","category-cultura","category-musica","category-principal"],"yoast_head":"<!-- This site is optimized with the Yoast SEO plugin v24.7 - https:\/\/yoast.com\/wordpress\/plugins\/seo\/ -->\n<title>Oh Sees y su show fren\u00e9tico regresan a M\u00e9xico &#171; Reconoce MX<\/title>\n<meta name=\"robots\" content=\"index, follow, max-snippet:-1, max-image-preview:large, max-video-preview:-1\" \/>\n<link rel=\"canonical\" href=\"https:\/\/www.reconoce.mx\/?p=73083\" \/>\n<meta property=\"og:locale\" content=\"es_ES\" \/>\n<meta property=\"og:type\" content=\"article\" \/>\n<meta property=\"og:title\" content=\"Oh Sees y su show fren\u00e9tico regresan a M\u00e9xico &#171; Reconoce MX\" \/>\n<meta property=\"og:description\" content=\"Oh Sees podr\u00eda catalogarse como uno de los actos de garage rock y rock psicod\u00e9lico, m\u00e1s complejos y fren\u00e9ticos de la actualidad, por lo que en nuestro pa\u00eds el escaparate perfecto (y m\u00e1s l\u00f3gico) es que fueran tra\u00eddos por Hipnosis de Indie Rocks! (creadores del festival hom\u00f3nimo).\" \/>\n<meta property=\"og:url\" content=\"https:\/\/www.reconoce.mx\/?p=73083\" \/>\n<meta property=\"og:site_name\" content=\"Reconoce MX\" \/>\n<meta property=\"article:publisher\" content=\"https:\/\/es-la.facebook.com\/ReconoceMX\/\" \/>\n<meta property=\"article:published_time\" content=\"2018-05-13T05:01:23+00:00\" \/>\n<meta property=\"article:modified_time\" content=\"2018-05-13T17:24:05+00:00\" \/>\n<meta property=\"og:image\" content=\"https:\/\/www.reconoce.mx\/wp-content\/uploads\/2018\/05\/oh-sees-mexico.jpg\" \/>\n\t<meta property=\"og:image:width\" content=\"590\" \/>\n\t<meta property=\"og:image:height\" content=\"380\" \/>\n\t<meta property=\"og:image:type\" content=\"image\/jpeg\" \/>\n<meta name=\"author\" content=\"Reconoce MX\" \/>\n<meta name=\"twitter:card\" content=\"summary_large_image\" \/>\n<meta name=\"twitter:creator\" content=\"@reconocemx\" \/>\n<meta name=\"twitter:site\" content=\"@reconocemx\" \/>\n<meta name=\"twitter:label1\" content=\"Escrito por\" \/>\n\t<meta name=\"twitter:data1\" content=\"Reconoce MX\" \/>\n\t<meta name=\"twitter:label2\" content=\"Tiempo de lectura\" \/>\n\t<meta name=\"twitter:data2\" content=\"1 minuto\" \/>\n<script type=\"application\/ld+json\" class=\"yoast-schema-graph\">{\"@context\":\"https:\/\/schema.org\",\"@graph\":[{\"@type\":\"Article\",\"@id\":\"https:\/\/www.reconoce.mx\/?p=73083#article\",\"isPartOf\":{\"@id\":\"https:\/\/www.reconoce.mx\/?p=73083\"},\"author\":{\"name\":\"Reconoce MX\",\"@id\":\"http:\/\/www.reconoce.mx\/#\/schema\/person\/2117e997d7051dc15d6880eaf9bca0b2\"},\"headline\":\"Oh Sees y su show fren\u00e9tico regresan a M\u00e9xico\",\"datePublished\":\"2018-05-13T05:01:23+00:00\",\"dateModified\":\"2018-05-13T17:24:05+00:00\",\"mainEntityOfPage\":{\"@id\":\"https:\/\/www.reconoce.mx\/?p=73083\"},\"wordCount\":295,\"commentCount\":0,\"publisher\":{\"@id\":\"http:\/\/www.reconoce.mx\/#organization\"},\"image\":{\"@id\":\"https:\/\/www.reconoce.mx\/?p=73083#primaryimage\"},\"thumbnailUrl\":\"https:\/\/www.reconoce.mx\/wp-content\/uploads\/2018\/05\/oh-sees-mexico.jpg\",\"articleSection\":[\"Cultura\",\"M\u00fasica\",\"Principal\"],\"inLanguage\":\"es\",\"potentialAction\":[{\"@type\":\"CommentAction\",\"name\":\"Comment\",\"target\":[\"https:\/\/www.reconoce.mx\/?p=73083#respond\"]}]},{\"@type\":\"WebPage\",\"@id\":\"https:\/\/www.reconoce.mx\/?p=73083\",\"url\":\"https:\/\/www.reconoce.mx\/?p=73083\",\"name\":\"Oh Sees y su show fren\u00e9tico regresan a M\u00e9xico &#171; Reconoce MX\",\"isPartOf\":{\"@id\":\"http:\/\/www.reconoce.mx\/#website\"},\"primaryImageOfPage\":{\"@id\":\"https:\/\/www.reconoce.mx\/?p=73083#primaryimage\"},\"image\":{\"@id\":\"https:\/\/www.reconoce.mx\/?p=73083#primaryimage\"},\"thumbnailUrl\":\"https:\/\/www.reconoce.mx\/wp-content\/uploads\/2018\/05\/oh-sees-mexico.jpg\",\"datePublished\":\"2018-05-13T05:01:23+00:00\",\"dateModified\":\"2018-05-13T17:24:05+00:00\",\"breadcrumb\":{\"@id\":\"https:\/\/www.reconoce.mx\/?p=73083#breadcrumb\"},\"inLanguage\":\"es\",\"potentialAction\":[{\"@type\":\"ReadAction\",\"target\":[\"https:\/\/www.reconoce.mx\/?p=73083\"]}]},{\"@type\":\"ImageObject\",\"inLanguage\":\"es\",\"@id\":\"https:\/\/www.reconoce.mx\/?p=73083#primaryimage\",\"url\":\"https:\/\/www.reconoce.mx\/wp-content\/uploads\/2018\/05\/oh-sees-mexico.jpg\",\"contentUrl\":\"https:\/\/www.reconoce.mx\/wp-content\/uploads\/2018\/05\/oh-sees-mexico.jpg\",\"width\":590,\"height\":380},{\"@type\":\"BreadcrumbList\",\"@id\":\"https:\/\/www.reconoce.mx\/?p=73083#breadcrumb\",\"itemListElement\":[{\"@type\":\"ListItem\",\"position\":1,\"name\":\"Portada\",\"item\":\"http:\/\/www.reconoce.mx\/\"},{\"@type\":\"ListItem\",\"position\":2,\"name\":\"Oh Sees y su show fren\u00e9tico regresan a M\u00e9xico\"}]},{\"@type\":\"WebSite\",\"@id\":\"http:\/\/www.reconoce.mx\/#website\",\"url\":\"http:\/\/www.reconoce.mx\/\",\"name\":\"Reconoce MX\",\"description\":\"En Reconoce MX difundimos arte, cultura y conciencia social en M\u00e9xico. Tu ciudad en otra perspectiva.\",\"publisher\":{\"@id\":\"http:\/\/www.reconoce.mx\/#organization\"},\"potentialAction\":[{\"@type\":\"SearchAction\",\"target\":{\"@type\":\"EntryPoint\",\"urlTemplate\":\"http:\/\/www.reconoce.mx\/?s={search_term_string}\"},\"query-input\":{\"@type\":\"PropertyValueSpecification\",\"valueRequired\":true,\"valueName\":\"search_term_string\"}}],\"inLanguage\":\"es\"},{\"@type\":\"Organization\",\"@id\":\"http:\/\/www.reconoce.mx\/#organization\",\"name\":\"Reconoce MX\",\"url\":\"http:\/\/www.reconoce.mx\/\",\"logo\":{\"@type\":\"ImageObject\",\"inLanguage\":\"es\",\"@id\":\"http:\/\/www.reconoce.mx\/#\/schema\/logo\/image\/\",\"url\":\"https:\/\/www.reconoce.mx\/wp-content\/uploads\/2019\/03\/logorcmx-good-1.png\",\"contentUrl\":\"https:\/\/www.reconoce.mx\/wp-content\/uploads\/2019\/03\/logorcmx-good-1.png\",\"width\":280,\"height\":90,\"caption\":\"Reconoce MX\"},\"image\":{\"@id\":\"http:\/\/www.reconoce.mx\/#\/schema\/logo\/image\/\"},\"sameAs\":[\"https:\/\/es-la.facebook.com\/ReconoceMX\/\",\"https:\/\/x.com\/reconocemx\",\"http:\/\/@reconocemx\"]},{\"@type\":\"Person\",\"@id\":\"http:\/\/www.reconoce.mx\/#\/schema\/person\/2117e997d7051dc15d6880eaf9bca0b2\",\"name\":\"Reconoce MX\",\"image\":{\"@type\":\"ImageObject\",\"inLanguage\":\"es\",\"@id\":\"http:\/\/www.reconoce.mx\/#\/schema\/person\/image\/\",\"url\":\"https:\/\/secure.gravatar.com\/avatar\/6c8d4dc7569ca1c90c5fdcc349f839d5ddef6fe1e70b4337ead2ef1a4c43fc3a?s=96&d=identicon&r=g\",\"contentUrl\":\"https:\/\/secure.gravatar.com\/avatar\/6c8d4dc7569ca1c90c5fdcc349f839d5ddef6fe1e70b4337ead2ef1a4c43fc3a?s=96&d=identicon&r=g\",\"caption\":\"Reconoce MX\"},\"description\":\"Reconoce MX es un proyecto de difusi\u00f3n art\u00edstica, cultural y de conciencia social que est\u00e1 enfocado a difundir y fomentar el entretenimiento alternativo de calidad para todo el p\u00fablico que comparta el mismo entusiasmo.\",\"sameAs\":[\"http:\/\/www.reconoce.mx\"],\"url\":\"https:\/\/www.reconoce.mx\/?author=2\"}]}<\/script>\n<!-- \/ Yoast SEO plugin. -->","yoast_head_json":{"title":"Oh Sees y su show fren\u00e9tico regresan a M\u00e9xico &#171; Reconoce MX","robots":{"index":"index","follow":"follow","max-snippet":"max-snippet:-1","max-image-preview":"max-image-preview:large","max-video-preview":"max-video-preview:-1"},"canonical":"https:\/\/www.reconoce.mx\/?p=73083","og_locale":"es_ES","og_type":"article","og_title":"Oh Sees y su show fren\u00e9tico regresan a M\u00e9xico &#171; Reconoce MX","og_description":"Oh Sees podr\u00eda catalogarse como uno de los actos de garage rock y rock psicod\u00e9lico, m\u00e1s complejos y fren\u00e9ticos de la actualidad, por lo que en nuestro pa\u00eds el escaparate perfecto (y m\u00e1s l\u00f3gico) es que fueran tra\u00eddos por Hipnosis de Indie Rocks! (creadores del festival hom\u00f3nimo).","og_url":"https:\/\/www.reconoce.mx\/?p=73083","og_site_name":"Reconoce MX","article_publisher":"https:\/\/es-la.facebook.com\/ReconoceMX\/","article_published_time":"2018-05-13T05:01:23+00:00","article_modified_time":"2018-05-13T17:24:05+00:00","og_image":[{"width":590,"height":380,"url":"https:\/\/www.reconoce.mx\/wp-content\/uploads\/2018\/05\/oh-sees-mexico.jpg","type":"image\/jpeg"}],"author":"Reconoce MX","twitter_card":"summary_large_image","twitter_creator":"@reconocemx","twitter_site":"@reconocemx","twitter_misc":{"Escrito por":"Reconoce MX","Tiempo de lectura":"1 minuto"},"schema":{"@context":"https:\/\/schema.org","@graph":[{"@type":"Article","@id":"https:\/\/www.reconoce.mx\/?p=73083#article","isPartOf":{"@id":"https:\/\/www.reconoce.mx\/?p=73083"},"author":{"name":"Reconoce MX","@id":"http:\/\/www.reconoce.mx\/#\/schema\/person\/2117e997d7051dc15d6880eaf9bca0b2"},"headline":"Oh Sees y su show fren\u00e9tico regresan a M\u00e9xico","datePublished":"2018-05-13T05:01:23+00:00","dateModified":"2018-05-13T17:24:05+00:00","mainEntityOfPage":{"@id":"https:\/\/www.reconoce.mx\/?p=73083"},"wordCount":295,"commentCount":0,"publisher":{"@id":"http:\/\/www.reconoce.mx\/#organization"},"image":{"@id":"https:\/\/www.reconoce.mx\/?p=73083#primaryimage"},"thumbnailUrl":"https:\/\/www.reconoce.mx\/wp-content\/uploads\/2018\/05\/oh-sees-mexico.jpg","articleSection":["Cultura","M\u00fasica","Principal"],"inLanguage":"es","potentialAction":[{"@type":"CommentAction","name":"Comment","target":["https:\/\/www.reconoce.mx\/?p=73083#respond"]}]},{"@type":"WebPage","@id":"https:\/\/www.reconoce.mx\/?p=73083","url":"https:\/\/www.reconoce.mx\/?p=73083","name":"Oh Sees y su show fren\u00e9tico regresan a M\u00e9xico &#171; Reconoce MX","isPartOf":{"@id":"http:\/\/www.reconoce.mx\/#website"},"primaryImageOfPage":{"@id":"https:\/\/www.reconoce.mx\/?p=73083#primaryimage"},"image":{"@id":"https:\/\/www.reconoce.mx\/?p=73083#primaryimage"},"thumbnailUrl":"https:\/\/www.reconoce.mx\/wp-content\/uploads\/2018\/05\/oh-sees-mexico.jpg","datePublished":"2018-05-13T05:01:23+00:00","dateModified":"2018-05-13T17:24:05+00:00","breadcrumb":{"@id":"https:\/\/www.reconoce.mx\/?p=73083#breadcrumb"},"inLanguage":"es","potentialAction":[{"@type":"ReadAction","target":["https:\/\/www.reconoce.mx\/?p=73083"]}]},{"@type":"ImageObject","inLanguage":"es","@id":"https:\/\/www.reconoce.mx\/?p=73083#primaryimage","url":"https:\/\/www.reconoce.mx\/wp-content\/uploads\/2018\/05\/oh-sees-mexico.jpg","contentUrl":"https:\/\/www.reconoce.mx\/wp-content\/uploads\/2018\/05\/oh-sees-mexico.jpg","width":590,"height":380},{"@type":"BreadcrumbList","@id":"https:\/\/www.reconoce.mx\/?p=73083#breadcrumb","itemListElement":[{"@type":"ListItem","position":1,"name":"Portada","item":"http:\/\/www.reconoce.mx\/"},{"@type":"ListItem","position":2,"name":"Oh Sees y su show fren\u00e9tico regresan a M\u00e9xico"}]},{"@type":"WebSite","@id":"http:\/\/www.reconoce.mx\/#website","url":"http:\/\/www.reconoce.mx\/","name":"Reconoce MX","description":"En Reconoce MX difundimos arte, cultura y conciencia social en M\u00e9xico. Tu ciudad en otra perspectiva.","publisher":{"@id":"http:\/\/www.reconoce.mx\/#organization"},"potentialAction":[{"@type":"SearchAction","target":{"@type":"EntryPoint","urlTemplate":"http:\/\/www.reconoce.mx\/?s={search_term_string}"},"query-input":{"@type":"PropertyValueSpecification","valueRequired":true,"valueName":"search_term_string"}}],"inLanguage":"es"},{"@type":"Organization","@id":"http:\/\/www.reconoce.mx\/#organization","name":"Reconoce MX","url":"http:\/\/www.reconoce.mx\/","logo":{"@type":"ImageObject","inLanguage":"es","@id":"http:\/\/www.reconoce.mx\/#\/schema\/logo\/image\/","url":"https:\/\/www.reconoce.mx\/wp-content\/uploads\/2019\/03\/logorcmx-good-1.png","contentUrl":"https:\/\/www.reconoce.mx\/wp-content\/uploads\/2019\/03\/logorcmx-good-1.png","width":280,"height":90,"caption":"Reconoce MX"},"image":{"@id":"http:\/\/www.reconoce.mx\/#\/schema\/logo\/image\/"},"sameAs":["https:\/\/es-la.facebook.com\/ReconoceMX\/","https:\/\/x.com\/reconocemx","http:\/\/@reconocemx"]},{"@type":"Person","@id":"http:\/\/www.reconoce.mx\/#\/schema\/person\/2117e997d7051dc15d6880eaf9bca0b2","name":"Reconoce MX","image":{"@type":"ImageObject","inLanguage":"es","@id":"http:\/\/www.reconoce.mx\/#\/schema\/person\/image\/","url":"https:\/\/secure.gravatar.com\/avatar\/6c8d4dc7569ca1c90c5fdcc349f839d5ddef6fe1e70b4337ead2ef1a4c43fc3a?s=96&d=identicon&r=g","contentUrl":"https:\/\/secure.gravatar.com\/avatar\/6c8d4dc7569ca1c90c5fdcc349f839d5ddef6fe1e70b4337ead2ef1a4c43fc3a?s=96&d=identicon&r=g","caption":"Reconoce MX"},"description":"Reconoce MX es un proyecto de difusi\u00f3n art\u00edstica, cultural y de conciencia social que est\u00e1 enfocado a difundir y fomentar el entretenimiento alternativo de calidad para todo el p\u00fablico que comparta el mismo entusiasmo.","sameAs":["http:\/\/www.reconoce.mx"],"url":"https:\/\/www.reconoce.mx\/?author=2"}]}},"_links":{"self":[{"href":"https:\/\/www.reconoce.mx\/index.php?rest_route=\/wp\/v2\/posts\/73083","targetHints":{"allow":["GET"]}}],"collection":[{"href":"https:\/\/www.reconoce.mx\/index.php?rest_route=\/wp\/v2\/posts"}],"about":[{"href":"https:\/\/www.reconoce.mx\/index.php?rest_route=\/wp\/v2\/types\/post"}],"author":[{"embeddable":true,"href":"https:\/\/www.reconoce.mx\/index.php?rest_route=\/wp\/v2\/users\/2"}],"replies":[{"embeddable":true,"href":"https:\/\/www.reconoce.mx\/index.php?rest_route=%2Fwp%2Fv2%2Fcomments&post=73083"}],"version-history":[{"count":3,"href":"https:\/\/www.reconoce.mx\/index.php?rest_route=\/wp\/v2\/posts\/73083\/revisions"}],"predecessor-version":[{"id":73088,"href":"https:\/\/www.reconoce.mx\/index.php?rest_route=\/wp\/v2\/posts\/73083\/revisions\/73088"}],"wp:featuredmedia":[{"embeddable":true,"href":"https:\/\/www.reconoce.mx\/index.php?rest_route=\/wp\/v2\/media\/73085"}],"wp:attachment":[{"href":"https:\/\/www.reconoce.mx\/index.php?rest_route=%2Fwp%2Fv2%2Fmedia&parent=73083"}],"wp:term":[{"taxonomy":"category","embeddable":true,"href":"https:\/\/www.reconoce.mx\/index.php?rest_route=%2Fwp%2Fv2%2Fcategories&post=73083"},{"taxonomy":"post_tag","embeddable":true,"href":"https:\/\/www.reconoce.mx\/index.php?rest_route=%2Fwp%2Fv2%2Ftags&post=73083"}],"curies":[{"name":"wp","href":"https:\/\/api.w.org\/{rel}","templated":true}]}}