{"id":73089,"date":"2018-05-13T00:02:20","date_gmt":"2018-05-13T05:02:20","guid":{"rendered":"http:\/\/www.reconoce.mx\/?p=73089"},"modified":"2018-05-13T12:36:10","modified_gmt":"2018-05-13T17:36:10","slug":"que-pasara-con-el-caso-ayotzinapa-cuando-termine-el-sexenio","status":"publish","type":"post","link":"https:\/\/www.reconoce.mx\/?p=73089","title":{"rendered":"\u00bfQu\u00e9 pasar\u00e1 con el caso Ayotzinapa cuando termine el sexenio?"},"content":{"rendered":"<p><strong>Por <a title=\"@danielhiga_al\" href=\"https:\/\/twitter.com\/danielhiga_al\" target=\"_blank\" rel=\"noopener noreferrer\">Daniel Higa Alquicira<\/a><\/strong>.<\/p>\n<p>Pareciera que en M\u00e9xico todo puede pasar, menos encontrar a 43 estudiantes (o m\u00e1s) que desaparecieron una noche de septiembre y nunca m\u00e1s se supo de ellos. Pero como este caso hay miles en nuestro pa\u00eds, donde la crisis humanitaria ser\u00e1 una herida sangrante que heredar\u00e1 el pr\u00f3ximo gobierno y que si no la controlan, se corre el riesgo de entrar en coma.<\/p>\n<blockquote><p>Leer tambi\u00e9n: \u00ab<a href=\"http:\/\/www.reconoce.mx\/ambulante2018-ayotzinapa-el-paso-de-la-tortuga\/\" target=\"_blank\" rel=\"noopener\">#Ambulante2018: \u201cAyotzinapa, el paso de la tortuga\u201d<\/a>\u00ab.<\/p><\/blockquote>\n<p>&nbsp;<\/p>\n<p>\u00bfPero qu\u00e9 pasar\u00e1 con el caso Ayotzinapa cuando termine el sexenio? Esta es una pregunta que puede tener muchas respuestas. En el mejor de los casos, que las pr\u00f3ximas autoridades investiguen de verdad, encuentren a los responsables y que castiguen a todo los involucrados, incluyendo las omisiones de las autoridades federales.<\/p>\n<p>Pero lo que m\u00e1s se acerca a la realidad, es lo que dijo <strong>Emiliano Navarrete<\/strong>, padre de Jos\u00e9 \u00c1ngel, durante la audiencia de oficio por el caso Ayotzinapa, realizada en el 168 periodo de sesiones de la <strong>Comisi\u00f3n Interamericana de Derechos Humanos<\/strong> (CIDH).<\/p>\n<p>\u201cEstos se\u00f1ores saben que su gobierno corrupto ya se va y tienen miedo de que el pr\u00f3ximo gobierno s\u00ed quiera llegar a donde tope en nuestro caso. Por eso quieren cerrar cada l\u00ednea haciendo como que investigan\u201d, se\u00f1al\u00f3 Navarrete.<\/p>\n<p>Nadie sabe si en realidad el pr\u00f3ximo gobierno \u2013quien quiera que sea\u2013 tenga ganas de resolver el caso, lo que s\u00ed queda claro hasta el momento, es que con la actuaci\u00f3n de las autoridades actuales, M\u00e9xico ha asumido una postura de ser un pa\u00eds sordo a las recomendaciones de los organismos internacionales, prepotente cuando se le critica en materia de derechos humanos y poco a poco, se encierra en s\u00ed mismo como para protegerse y auto enga\u00f1arse de que aqu\u00ed no pasa nada.<\/p>\n<p>Tal como lo se\u00f1ala la representaci\u00f3n legal de las familias de los desaparecidos, se ha dado un rechazo sistem\u00e1tico por parte del gobierno federal a los informes de organismos internacionales y \u00faltimamente, al informe de la <strong>ONU<\/strong>, \u201cque document\u00f3 tortura a presuntos responsables fundamentales para la teor\u00eda oficial\u201d.<\/p>\n<p>Tambi\u00e9n se\u00f1alaron \u201cla filtraci\u00f3n y tergiversaci\u00f3n de mensajes de presuntos involucrados \u2013proporcionados por la <strong>DEA<\/strong>\u2013 con el prop\u00f3sito de exculpar a funcionarios estatales y federales y el fracaso de la <strong>PGR<\/strong> por su deficiencia al fincar nuevas acusaciones\u201d.<\/p>\n<p>Sin duda, este caso est\u00e1 marcado por muchas inc\u00f3gnitas, pero de manera general ha evidenciado una realidad que sucede en M\u00e9xico y que ninguna autoridad ha podido \u2013o querido\u2013 detener.<\/p>\n<p>Pero ya no solo es un tema que solo afecta a la sociedad civil, sino que ha impactado tambi\u00e9n a la clase pol\u00edtica, que si bien no necesariamente del \u00e1mbito federal, a nivel local los asesinatos, secuestros y desapariciones de funcionarios p\u00fablicos y candidatos a alg\u00fan cargo de elecci\u00f3n popular, se extiende de manera alarmante.<\/p>\n<p>Seg\u00fan el sitio <strong>Semana<\/strong>, van \u201c86 personas asesinadas entre alcaldes, exalcaldes, candidatos, regidores y dirigentes partidistas\u201d desde el inicio de la actual campa\u00f1a electoral y a partir del pasado \u201c8 de septiembre mueren en promedio 11 pol\u00edticos por mes\u201d.<\/p>\n<p>De tal manera que el escenario es muy oscuro y tal como lo se\u00f1al\u00f3 <strong>Luis Ra\u00fal Gonz\u00e1lez P\u00e9rez<\/strong>, presidente de la <strong>Comisi\u00f3n Nacional de Derechos Humanos<\/strong> (CNDH), al presentar su informe ante el <strong>Poder Judicial de la Federaci\u00f3n<\/strong>, \u201cla inseguridad, la violencia, la corrupci\u00f3n y la impunidad se han extendido como plagas en casi todos los \u00e1mbitos de la vida nacional\u201d.<\/p>\n<p>Entonces, lo que pase con el caso Ayotzinapa cuando termine este sexenio, ser\u00e1 la punta del enorme iceberg que se esconde detr\u00e1s de una realidad en donde \u201clos mexicanos hemos empezado a asumir como parte de nuestra normalidad los elevados \u00edndices de homicidios, la violencia contra las mujeres, los ataques y agresiones a periodistas y defensores de los derechos humanos, as\u00ed como la subsistencia de pr\u00e1cticas contrarias a la dignidad humana\u201d, tal como lo afirm\u00f3 <strong>Luis Ra\u00fal Gonz\u00e1lez P\u00e9rez<\/strong>.<\/p>\n<p style=\"text-align: right;\">Foto: <strong>Marianna McMurdock<\/strong>.<\/p>\n<p>&nbsp;<\/p>\n<p>&nbsp;<\/p>\n","protected":false},"excerpt":{"rendered":"<p>Pareciera que en M\u00e9xico todo puede pasar, menos encontrar a 43 estudiantes (o m\u00e1s) que desaparecieron una noche de septiembre y nunca m\u00e1s se supo de ellos. Pero como este caso hay miles en nuestro pa\u00eds, donde la crisis humanitaria ser\u00e1 una herida sangrante que heredar\u00e1 el pr\u00f3ximo gobierno y que si no la controlan, se corre el riesgo de entrar en coma.<\/p>\n","protected":false},"author":2,"featured_media":73091,"comment_status":"open","ping_status":"open","sticky":false,"template":"","format":"standard","meta":{"footnotes":""},"categories":[43,275,17],"tags":[],"class_list":["post-73089","post","type-post","status-publish","format-standard","has-post-thumbnail","hentry","category-conciencia","category-derechos-humanos","category-principal"],"yoast_head":"<!-- This site is optimized with the Yoast SEO plugin v24.7 - https:\/\/yoast.com\/wordpress\/plugins\/seo\/ -->\n<title>\u00bfQu\u00e9 pasar\u00e1 con el caso Ayotzinapa cuando termine el sexenio? &#171; Reconoce MX<\/title>\n<meta name=\"robots\" content=\"index, follow, max-snippet:-1, max-image-preview:large, max-video-preview:-1\" \/>\n<link rel=\"canonical\" href=\"https:\/\/www.reconoce.mx\/?p=73089\" \/>\n<meta property=\"og:locale\" content=\"es_ES\" \/>\n<meta property=\"og:type\" content=\"article\" \/>\n<meta property=\"og:title\" content=\"\u00bfQu\u00e9 pasar\u00e1 con el caso Ayotzinapa cuando termine el sexenio? &#171; Reconoce MX\" \/>\n<meta property=\"og:description\" content=\"Pareciera que en M\u00e9xico todo puede pasar, menos encontrar a 43 estudiantes (o m\u00e1s) que desaparecieron una noche de septiembre y nunca m\u00e1s se supo de ellos. Pero como este caso hay miles en nuestro pa\u00eds, donde la crisis humanitaria ser\u00e1 una herida sangrante que heredar\u00e1 el pr\u00f3ximo gobierno y que si no la controlan, se corre el riesgo de entrar en coma.\" \/>\n<meta property=\"og:url\" content=\"https:\/\/www.reconoce.mx\/?p=73089\" \/>\n<meta property=\"og:site_name\" content=\"Reconoce MX\" \/>\n<meta property=\"article:publisher\" content=\"https:\/\/es-la.facebook.com\/ReconoceMX\/\" \/>\n<meta property=\"article:published_time\" content=\"2018-05-13T05:02:20+00:00\" \/>\n<meta property=\"article:modified_time\" content=\"2018-05-13T17:36:10+00:00\" \/>\n<meta property=\"og:image\" content=\"https:\/\/www.reconoce.mx\/wp-content\/uploads\/2018\/05\/43-ayotzinapa.jpg\" \/>\n\t<meta property=\"og:image:width\" content=\"590\" \/>\n\t<meta property=\"og:image:height\" content=\"380\" \/>\n\t<meta property=\"og:image:type\" content=\"image\/jpeg\" \/>\n<meta name=\"author\" content=\"Reconoce MX\" \/>\n<meta name=\"twitter:card\" content=\"summary_large_image\" \/>\n<meta name=\"twitter:creator\" content=\"@reconocemx\" \/>\n<meta name=\"twitter:site\" content=\"@reconocemx\" \/>\n<meta name=\"twitter:label1\" content=\"Escrito por\" \/>\n\t<meta name=\"twitter:data1\" content=\"Reconoce MX\" \/>\n\t<meta name=\"twitter:label2\" content=\"Tiempo de lectura\" \/>\n\t<meta name=\"twitter:data2\" content=\"3 minutos\" \/>\n<script type=\"application\/ld+json\" class=\"yoast-schema-graph\">{\"@context\":\"https:\/\/schema.org\",\"@graph\":[{\"@type\":\"Article\",\"@id\":\"https:\/\/www.reconoce.mx\/?p=73089#article\",\"isPartOf\":{\"@id\":\"https:\/\/www.reconoce.mx\/?p=73089\"},\"author\":{\"name\":\"Reconoce MX\",\"@id\":\"http:\/\/www.reconoce.mx\/#\/schema\/person\/2117e997d7051dc15d6880eaf9bca0b2\"},\"headline\":\"\u00bfQu\u00e9 pasar\u00e1 con el caso Ayotzinapa cuando termine el sexenio?\",\"datePublished\":\"2018-05-13T05:02:20+00:00\",\"dateModified\":\"2018-05-13T17:36:10+00:00\",\"mainEntityOfPage\":{\"@id\":\"https:\/\/www.reconoce.mx\/?p=73089\"},\"wordCount\":702,\"commentCount\":0,\"publisher\":{\"@id\":\"http:\/\/www.reconoce.mx\/#organization\"},\"image\":{\"@id\":\"https:\/\/www.reconoce.mx\/?p=73089#primaryimage\"},\"thumbnailUrl\":\"https:\/\/www.reconoce.mx\/wp-content\/uploads\/2018\/05\/43-ayotzinapa.jpg\",\"articleSection\":[\"Conciencia\",\"Derechos Humanos\",\"Principal\"],\"inLanguage\":\"es\",\"potentialAction\":[{\"@type\":\"CommentAction\",\"name\":\"Comment\",\"target\":[\"https:\/\/www.reconoce.mx\/?p=73089#respond\"]}]},{\"@type\":\"WebPage\",\"@id\":\"https:\/\/www.reconoce.mx\/?p=73089\",\"url\":\"https:\/\/www.reconoce.mx\/?p=73089\",\"name\":\"\u00bfQu\u00e9 pasar\u00e1 con el caso Ayotzinapa cuando termine el sexenio? &#171; Reconoce MX\",\"isPartOf\":{\"@id\":\"http:\/\/www.reconoce.mx\/#website\"},\"primaryImageOfPage\":{\"@id\":\"https:\/\/www.reconoce.mx\/?p=73089#primaryimage\"},\"image\":{\"@id\":\"https:\/\/www.reconoce.mx\/?p=73089#primaryimage\"},\"thumbnailUrl\":\"https:\/\/www.reconoce.mx\/wp-content\/uploads\/2018\/05\/43-ayotzinapa.jpg\",\"datePublished\":\"2018-05-13T05:02:20+00:00\",\"dateModified\":\"2018-05-13T17:36:10+00:00\",\"breadcrumb\":{\"@id\":\"https:\/\/www.reconoce.mx\/?p=73089#breadcrumb\"},\"inLanguage\":\"es\",\"potentialAction\":[{\"@type\":\"ReadAction\",\"target\":[\"https:\/\/www.reconoce.mx\/?p=73089\"]}]},{\"@type\":\"ImageObject\",\"inLanguage\":\"es\",\"@id\":\"https:\/\/www.reconoce.mx\/?p=73089#primaryimage\",\"url\":\"https:\/\/www.reconoce.mx\/wp-content\/uploads\/2018\/05\/43-ayotzinapa.jpg\",\"contentUrl\":\"https:\/\/www.reconoce.mx\/wp-content\/uploads\/2018\/05\/43-ayotzinapa.jpg\",\"width\":590,\"height\":380},{\"@type\":\"BreadcrumbList\",\"@id\":\"https:\/\/www.reconoce.mx\/?p=73089#breadcrumb\",\"itemListElement\":[{\"@type\":\"ListItem\",\"position\":1,\"name\":\"Portada\",\"item\":\"http:\/\/www.reconoce.mx\/\"},{\"@type\":\"ListItem\",\"position\":2,\"name\":\"\u00bfQu\u00e9 pasar\u00e1 con el caso Ayotzinapa cuando termine el sexenio?\"}]},{\"@type\":\"WebSite\",\"@id\":\"http:\/\/www.reconoce.mx\/#website\",\"url\":\"http:\/\/www.reconoce.mx\/\",\"name\":\"Reconoce MX\",\"description\":\"En Reconoce MX difundimos arte, cultura y conciencia social en M\u00e9xico. Tu ciudad en otra perspectiva.\",\"publisher\":{\"@id\":\"http:\/\/www.reconoce.mx\/#organization\"},\"potentialAction\":[{\"@type\":\"SearchAction\",\"target\":{\"@type\":\"EntryPoint\",\"urlTemplate\":\"http:\/\/www.reconoce.mx\/?s={search_term_string}\"},\"query-input\":{\"@type\":\"PropertyValueSpecification\",\"valueRequired\":true,\"valueName\":\"search_term_string\"}}],\"inLanguage\":\"es\"},{\"@type\":\"Organization\",\"@id\":\"http:\/\/www.reconoce.mx\/#organization\",\"name\":\"Reconoce MX\",\"url\":\"http:\/\/www.reconoce.mx\/\",\"logo\":{\"@type\":\"ImageObject\",\"inLanguage\":\"es\",\"@id\":\"http:\/\/www.reconoce.mx\/#\/schema\/logo\/image\/\",\"url\":\"https:\/\/www.reconoce.mx\/wp-content\/uploads\/2019\/03\/logorcmx-good-1.png\",\"contentUrl\":\"https:\/\/www.reconoce.mx\/wp-content\/uploads\/2019\/03\/logorcmx-good-1.png\",\"width\":280,\"height\":90,\"caption\":\"Reconoce MX\"},\"image\":{\"@id\":\"http:\/\/www.reconoce.mx\/#\/schema\/logo\/image\/\"},\"sameAs\":[\"https:\/\/es-la.facebook.com\/ReconoceMX\/\",\"https:\/\/x.com\/reconocemx\",\"http:\/\/@reconocemx\"]},{\"@type\":\"Person\",\"@id\":\"http:\/\/www.reconoce.mx\/#\/schema\/person\/2117e997d7051dc15d6880eaf9bca0b2\",\"name\":\"Reconoce MX\",\"image\":{\"@type\":\"ImageObject\",\"inLanguage\":\"es\",\"@id\":\"http:\/\/www.reconoce.mx\/#\/schema\/person\/image\/\",\"url\":\"https:\/\/secure.gravatar.com\/avatar\/6c8d4dc7569ca1c90c5fdcc349f839d5ddef6fe1e70b4337ead2ef1a4c43fc3a?s=96&d=identicon&r=g\",\"contentUrl\":\"https:\/\/secure.gravatar.com\/avatar\/6c8d4dc7569ca1c90c5fdcc349f839d5ddef6fe1e70b4337ead2ef1a4c43fc3a?s=96&d=identicon&r=g\",\"caption\":\"Reconoce MX\"},\"description\":\"Reconoce MX es un proyecto de difusi\u00f3n art\u00edstica, cultural y de conciencia social que est\u00e1 enfocado a difundir y fomentar el entretenimiento alternativo de calidad para todo el p\u00fablico que comparta el mismo entusiasmo.\",\"sameAs\":[\"http:\/\/www.reconoce.mx\"],\"url\":\"https:\/\/www.reconoce.mx\/?author=2\"}]}<\/script>\n<!-- \/ Yoast SEO plugin. -->","yoast_head_json":{"title":"\u00bfQu\u00e9 pasar\u00e1 con el caso Ayotzinapa cuando termine el sexenio? &#171; Reconoce MX","robots":{"index":"index","follow":"follow","max-snippet":"max-snippet:-1","max-image-preview":"max-image-preview:large","max-video-preview":"max-video-preview:-1"},"canonical":"https:\/\/www.reconoce.mx\/?p=73089","og_locale":"es_ES","og_type":"article","og_title":"\u00bfQu\u00e9 pasar\u00e1 con el caso Ayotzinapa cuando termine el sexenio? &#171; Reconoce MX","og_description":"Pareciera que en M\u00e9xico todo puede pasar, menos encontrar a 43 estudiantes (o m\u00e1s) que desaparecieron una noche de septiembre y nunca m\u00e1s se supo de ellos. Pero como este caso hay miles en nuestro pa\u00eds, donde la crisis humanitaria ser\u00e1 una herida sangrante que heredar\u00e1 el pr\u00f3ximo gobierno y que si no la controlan, se corre el riesgo de entrar en coma.","og_url":"https:\/\/www.reconoce.mx\/?p=73089","og_site_name":"Reconoce MX","article_publisher":"https:\/\/es-la.facebook.com\/ReconoceMX\/","article_published_time":"2018-05-13T05:02:20+00:00","article_modified_time":"2018-05-13T17:36:10+00:00","og_image":[{"width":590,"height":380,"url":"https:\/\/www.reconoce.mx\/wp-content\/uploads\/2018\/05\/43-ayotzinapa.jpg","type":"image\/jpeg"}],"author":"Reconoce MX","twitter_card":"summary_large_image","twitter_creator":"@reconocemx","twitter_site":"@reconocemx","twitter_misc":{"Escrito por":"Reconoce MX","Tiempo de lectura":"3 minutos"},"schema":{"@context":"https:\/\/schema.org","@graph":[{"@type":"Article","@id":"https:\/\/www.reconoce.mx\/?p=73089#article","isPartOf":{"@id":"https:\/\/www.reconoce.mx\/?p=73089"},"author":{"name":"Reconoce MX","@id":"http:\/\/www.reconoce.mx\/#\/schema\/person\/2117e997d7051dc15d6880eaf9bca0b2"},"headline":"\u00bfQu\u00e9 pasar\u00e1 con el caso Ayotzinapa cuando termine el sexenio?","datePublished":"2018-05-13T05:02:20+00:00","dateModified":"2018-05-13T17:36:10+00:00","mainEntityOfPage":{"@id":"https:\/\/www.reconoce.mx\/?p=73089"},"wordCount":702,"commentCount":0,"publisher":{"@id":"http:\/\/www.reconoce.mx\/#organization"},"image":{"@id":"https:\/\/www.reconoce.mx\/?p=73089#primaryimage"},"thumbnailUrl":"https:\/\/www.reconoce.mx\/wp-content\/uploads\/2018\/05\/43-ayotzinapa.jpg","articleSection":["Conciencia","Derechos Humanos","Principal"],"inLanguage":"es","potentialAction":[{"@type":"CommentAction","name":"Comment","target":["https:\/\/www.reconoce.mx\/?p=73089#respond"]}]},{"@type":"WebPage","@id":"https:\/\/www.reconoce.mx\/?p=73089","url":"https:\/\/www.reconoce.mx\/?p=73089","name":"\u00bfQu\u00e9 pasar\u00e1 con el caso Ayotzinapa cuando termine el sexenio? &#171; Reconoce MX","isPartOf":{"@id":"http:\/\/www.reconoce.mx\/#website"},"primaryImageOfPage":{"@id":"https:\/\/www.reconoce.mx\/?p=73089#primaryimage"},"image":{"@id":"https:\/\/www.reconoce.mx\/?p=73089#primaryimage"},"thumbnailUrl":"https:\/\/www.reconoce.mx\/wp-content\/uploads\/2018\/05\/43-ayotzinapa.jpg","datePublished":"2018-05-13T05:02:20+00:00","dateModified":"2018-05-13T17:36:10+00:00","breadcrumb":{"@id":"https:\/\/www.reconoce.mx\/?p=73089#breadcrumb"},"inLanguage":"es","potentialAction":[{"@type":"ReadAction","target":["https:\/\/www.reconoce.mx\/?p=73089"]}]},{"@type":"ImageObject","inLanguage":"es","@id":"https:\/\/www.reconoce.mx\/?p=73089#primaryimage","url":"https:\/\/www.reconoce.mx\/wp-content\/uploads\/2018\/05\/43-ayotzinapa.jpg","contentUrl":"https:\/\/www.reconoce.mx\/wp-content\/uploads\/2018\/05\/43-ayotzinapa.jpg","width":590,"height":380},{"@type":"BreadcrumbList","@id":"https:\/\/www.reconoce.mx\/?p=73089#breadcrumb","itemListElement":[{"@type":"ListItem","position":1,"name":"Portada","item":"http:\/\/www.reconoce.mx\/"},{"@type":"ListItem","position":2,"name":"\u00bfQu\u00e9 pasar\u00e1 con el caso Ayotzinapa cuando termine el sexenio?"}]},{"@type":"WebSite","@id":"http:\/\/www.reconoce.mx\/#website","url":"http:\/\/www.reconoce.mx\/","name":"Reconoce MX","description":"En Reconoce MX difundimos arte, cultura y conciencia social en M\u00e9xico. Tu ciudad en otra perspectiva.","publisher":{"@id":"http:\/\/www.reconoce.mx\/#organization"},"potentialAction":[{"@type":"SearchAction","target":{"@type":"EntryPoint","urlTemplate":"http:\/\/www.reconoce.mx\/?s={search_term_string}"},"query-input":{"@type":"PropertyValueSpecification","valueRequired":true,"valueName":"search_term_string"}}],"inLanguage":"es"},{"@type":"Organization","@id":"http:\/\/www.reconoce.mx\/#organization","name":"Reconoce MX","url":"http:\/\/www.reconoce.mx\/","logo":{"@type":"ImageObject","inLanguage":"es","@id":"http:\/\/www.reconoce.mx\/#\/schema\/logo\/image\/","url":"https:\/\/www.reconoce.mx\/wp-content\/uploads\/2019\/03\/logorcmx-good-1.png","contentUrl":"https:\/\/www.reconoce.mx\/wp-content\/uploads\/2019\/03\/logorcmx-good-1.png","width":280,"height":90,"caption":"Reconoce MX"},"image":{"@id":"http:\/\/www.reconoce.mx\/#\/schema\/logo\/image\/"},"sameAs":["https:\/\/es-la.facebook.com\/ReconoceMX\/","https:\/\/x.com\/reconocemx","http:\/\/@reconocemx"]},{"@type":"Person","@id":"http:\/\/www.reconoce.mx\/#\/schema\/person\/2117e997d7051dc15d6880eaf9bca0b2","name":"Reconoce MX","image":{"@type":"ImageObject","inLanguage":"es","@id":"http:\/\/www.reconoce.mx\/#\/schema\/person\/image\/","url":"https:\/\/secure.gravatar.com\/avatar\/6c8d4dc7569ca1c90c5fdcc349f839d5ddef6fe1e70b4337ead2ef1a4c43fc3a?s=96&d=identicon&r=g","contentUrl":"https:\/\/secure.gravatar.com\/avatar\/6c8d4dc7569ca1c90c5fdcc349f839d5ddef6fe1e70b4337ead2ef1a4c43fc3a?s=96&d=identicon&r=g","caption":"Reconoce MX"},"description":"Reconoce MX es un proyecto de difusi\u00f3n art\u00edstica, cultural y de conciencia social que est\u00e1 enfocado a difundir y fomentar el entretenimiento alternativo de calidad para todo el p\u00fablico que comparta el mismo entusiasmo.","sameAs":["http:\/\/www.reconoce.mx"],"url":"https:\/\/www.reconoce.mx\/?author=2"}]}},"_links":{"self":[{"href":"https:\/\/www.reconoce.mx\/index.php?rest_route=\/wp\/v2\/posts\/73089","targetHints":{"allow":["GET"]}}],"collection":[{"href":"https:\/\/www.reconoce.mx\/index.php?rest_route=\/wp\/v2\/posts"}],"about":[{"href":"https:\/\/www.reconoce.mx\/index.php?rest_route=\/wp\/v2\/types\/post"}],"author":[{"embeddable":true,"href":"https:\/\/www.reconoce.mx\/index.php?rest_route=\/wp\/v2\/users\/2"}],"replies":[{"embeddable":true,"href":"https:\/\/www.reconoce.mx\/index.php?rest_route=%2Fwp%2Fv2%2Fcomments&post=73089"}],"version-history":[{"count":4,"href":"https:\/\/www.reconoce.mx\/index.php?rest_route=\/wp\/v2\/posts\/73089\/revisions"}],"predecessor-version":[{"id":73094,"href":"https:\/\/www.reconoce.mx\/index.php?rest_route=\/wp\/v2\/posts\/73089\/revisions\/73094"}],"wp:featuredmedia":[{"embeddable":true,"href":"https:\/\/www.reconoce.mx\/index.php?rest_route=\/wp\/v2\/media\/73091"}],"wp:attachment":[{"href":"https:\/\/www.reconoce.mx\/index.php?rest_route=%2Fwp%2Fv2%2Fmedia&parent=73089"}],"wp:term":[{"taxonomy":"category","embeddable":true,"href":"https:\/\/www.reconoce.mx\/index.php?rest_route=%2Fwp%2Fv2%2Fcategories&post=73089"},{"taxonomy":"post_tag","embeddable":true,"href":"https:\/\/www.reconoce.mx\/index.php?rest_route=%2Fwp%2Fv2%2Ftags&post=73089"}],"curies":[{"name":"wp","href":"https:\/\/api.w.org\/{rel}","templated":true}]}}