{"id":73129,"date":"2018-05-14T00:03:30","date_gmt":"2018-05-14T05:03:30","guid":{"rendered":"http:\/\/www.reconoce.mx\/?p=73129"},"modified":"2018-05-14T18:35:44","modified_gmt":"2018-05-14T23:35:44","slug":"rumbo-al-festivalmarvincdmx-2018-entrevista-ambulante2018","status":"publish","type":"post","link":"https:\/\/www.reconoce.mx\/?p=73129","title":{"rendered":"Rumbo al #FestivalMarvinCDMX 2018: Entrevista Ambulante"},"content":{"rendered":"<p><strong>Por <a href=\"https:\/\/twitter.com\/soandreea\" target=\"_blank\" rel=\"noopener\">Andrea Ram\u00edrez<\/a><\/strong>.<\/p>\n<p><strong>Festival Marvin <\/strong>nos trae m\u00e1s sorpresas y este a\u00f1o una de ellas es la presencia de <strong>Ambulante, <\/strong>con el fin de presentar documentales y cortometrajes mexicanos y extranjeros de inter\u00e9s social al p\u00fablico que asistir\u00e1 el pr\u00f3ximo 19 de mayo al festival en Ciudad de M\u00e9xico.<\/p>\n<style>.embed-container { position: relative; padding-bottom: 56.25%; height: 0; overflow: hidden; max-width: 100%; } .embed-container iframe, .embed-container object, .embed-container embed { position: absolute; top: 0; left: 0; width: 100%; height: 100%; }<\/style>\n<div class=\"embed-container\"><iframe loading=\"lazy\" src=\"https:\/\/player.vimeo.com\/video\/255126159\" width=\"300\" height=\"150\" frameborder=\"0\" allowfullscreen=\"allowfullscreen\"><\/iframe><\/div>\n<p>&nbsp;<\/p>\n<p>En entrevista para <span style=\"color: #a81f25;\"><strong>Reconoce MX<\/strong> <\/span>platicamos con <strong>Lourdes Gil<\/strong>, representante de la <strong>Gira de Documentales Ambulante<\/strong>, acerca de la exposici\u00f3n de documentales que se ver\u00e1n en el <strong>#FestivalMarvinCDMX<\/strong>.<\/p>\n<p>\u00abVamos a presentar una serie de cortos que tenemos de <strong>Ambulante<\/strong>; aunque s\u00f3lo programamos documentales, <a href=\"http:\/\/www.reconoce.mx\/conoce-la-seccion-para-ninos-y-adolescentes-de-ambulante\/\" target=\"_blank\" rel=\"noopener\">tenemos una secci\u00f3n que es para ni\u00f1os<\/a>, vamos a retomar uno de estos programas y lo vamos a proyectar el 19 de mayo\u00bb.<\/p>\n<p><strong>Ambulante<\/strong> viene con diversos temas de justicia, LGBT y el 50 aniversario del movimiento estudiantil de 1968: \u00abVamos a proyectar otros dos cortos de este contexto social, mucho m\u00e1s de denuncia y los otros dos cortos sobre identidad trans; todos estos cortos forman parte de la programaci\u00f3n 2018\u00bb.<\/p>\n<p>\u00abLos que conocen <strong>Ambulante<\/strong> ya saben lo que vamos a mostrar y los que no, hay que dar un chance de mostrarles un poco lo que hacemos, mostrarles que hay muchas formas de contar historias; en los documentales hay formatos largos, cortos, docuficci\u00f3n, hecho en iPhone; todo tiene espacio en la pantalla\u00bb, invit\u00f3 Lourdes a todos aquellos que asistir\u00e1n a <strong>Festival Marvin<\/strong>.<\/p>\n<p><strong>Ambulante<\/strong> proyectar\u00e1 su material el pr\u00f3ximo 19 de mayo en Parque Espa\u00f1a; ser\u00e1 una proyecci\u00f3n para peque\u00f1os y grandes.<\/p>\n<p><a href=\"https:\/\/twitter.com\/search?q=%23FestivalMarvinCDMX&amp;src=typd\" target=\"_blank\" rel=\"noopener\"><strong>#FestivalMarvinCDMX<\/strong><\/a> se realizar\u00e1 los d\u00edas 17, 18 y 19 de mayo de 2018 (siendo el 19 la jornada musical), en distintos <em>venues<\/em> de la zona Condesa-Roma. Evento para mayores de edad. Para m\u00e1s informaci\u00f3n <a href=\"http:\/\/festival.marvin.com.mx\/2018\/\" target=\"_blank\" rel=\"noopener\">consulta el sitio oficial<\/a>.<\/p>\n<p>&nbsp;<\/p>\n<p>&nbsp;<\/p>\n","protected":false},"excerpt":{"rendered":"<p>Festival Marvin nos trae m\u00e1s sorpresas y este a\u00f1o una de ellas es la presencia de Ambulante, con el fin de presentar documentales y cortometrajes mexicanos y extranjeros de inter\u00e9s social al p\u00fablico que asistir\u00e1 el pr\u00f3ximo 19 de mayo al festival en Ciudad de M\u00e9xico.<\/p>\n","protected":false},"author":2,"featured_media":73130,"comment_status":"open","ping_status":"open","sticky":false,"template":"","format":"standard","meta":{"footnotes":""},"categories":[24,1,17],"tags":[],"class_list":["post-73129","post","type-post","status-publish","format-standard","has-post-thumbnail","hentry","category-cine","category-cultura","category-principal"],"yoast_head":"<!-- This site is optimized with the Yoast SEO plugin v24.7 - https:\/\/yoast.com\/wordpress\/plugins\/seo\/ -->\n<title>Rumbo al #FestivalMarvinCDMX 2018: Entrevista Ambulante &#171; Reconoce MX<\/title>\n<meta name=\"robots\" content=\"index, follow, max-snippet:-1, max-image-preview:large, max-video-preview:-1\" \/>\n<link rel=\"canonical\" href=\"https:\/\/www.reconoce.mx\/?p=73129\" \/>\n<meta property=\"og:locale\" content=\"es_ES\" \/>\n<meta property=\"og:type\" content=\"article\" \/>\n<meta property=\"og:title\" content=\"Rumbo al #FestivalMarvinCDMX 2018: Entrevista Ambulante &#171; Reconoce MX\" \/>\n<meta property=\"og:description\" content=\"Festival Marvin nos trae m\u00e1s sorpresas y este a\u00f1o una de ellas es la presencia de Ambulante, con el fin de presentar documentales y cortometrajes mexicanos y extranjeros de inter\u00e9s social al p\u00fablico que asistir\u00e1 el pr\u00f3ximo 19 de mayo al festival en Ciudad de M\u00e9xico.\" \/>\n<meta property=\"og:url\" content=\"https:\/\/www.reconoce.mx\/?p=73129\" \/>\n<meta property=\"og:site_name\" content=\"Reconoce MX\" \/>\n<meta property=\"article:publisher\" content=\"https:\/\/es-la.facebook.com\/ReconoceMX\/\" \/>\n<meta property=\"article:published_time\" content=\"2018-05-14T05:03:30+00:00\" \/>\n<meta property=\"article:modified_time\" content=\"2018-05-14T23:35:44+00:00\" \/>\n<meta property=\"og:image\" content=\"https:\/\/www.reconoce.mx\/wp-content\/uploads\/2018\/05\/ambulante-2018.jpg\" \/>\n\t<meta property=\"og:image:width\" content=\"590\" \/>\n\t<meta property=\"og:image:height\" content=\"392\" \/>\n\t<meta property=\"og:image:type\" content=\"image\/jpeg\" \/>\n<meta name=\"author\" content=\"Reconoce MX\" \/>\n<meta name=\"twitter:card\" content=\"summary_large_image\" \/>\n<meta name=\"twitter:creator\" content=\"@reconocemx\" \/>\n<meta name=\"twitter:site\" content=\"@reconocemx\" \/>\n<meta name=\"twitter:label1\" content=\"Escrito por\" \/>\n\t<meta name=\"twitter:data1\" content=\"Reconoce MX\" \/>\n\t<meta name=\"twitter:label2\" content=\"Tiempo de lectura\" \/>\n\t<meta name=\"twitter:data2\" content=\"1 minuto\" \/>\n<script type=\"application\/ld+json\" class=\"yoast-schema-graph\">{\"@context\":\"https:\/\/schema.org\",\"@graph\":[{\"@type\":\"Article\",\"@id\":\"https:\/\/www.reconoce.mx\/?p=73129#article\",\"isPartOf\":{\"@id\":\"https:\/\/www.reconoce.mx\/?p=73129\"},\"author\":{\"name\":\"Reconoce MX\",\"@id\":\"http:\/\/www.reconoce.mx\/#\/schema\/person\/2117e997d7051dc15d6880eaf9bca0b2\"},\"headline\":\"Rumbo al #FestivalMarvinCDMX 2018: Entrevista Ambulante\",\"datePublished\":\"2018-05-14T05:03:30+00:00\",\"dateModified\":\"2018-05-14T23:35:44+00:00\",\"mainEntityOfPage\":{\"@id\":\"https:\/\/www.reconoce.mx\/?p=73129\"},\"wordCount\":302,\"commentCount\":0,\"publisher\":{\"@id\":\"http:\/\/www.reconoce.mx\/#organization\"},\"image\":{\"@id\":\"https:\/\/www.reconoce.mx\/?p=73129#primaryimage\"},\"thumbnailUrl\":\"https:\/\/www.reconoce.mx\/wp-content\/uploads\/2018\/05\/ambulante-2018.jpg\",\"articleSection\":[\"Cine\",\"Cultura\",\"Principal\"],\"inLanguage\":\"es\",\"potentialAction\":[{\"@type\":\"CommentAction\",\"name\":\"Comment\",\"target\":[\"https:\/\/www.reconoce.mx\/?p=73129#respond\"]}]},{\"@type\":\"WebPage\",\"@id\":\"https:\/\/www.reconoce.mx\/?p=73129\",\"url\":\"https:\/\/www.reconoce.mx\/?p=73129\",\"name\":\"Rumbo al #FestivalMarvinCDMX 2018: Entrevista Ambulante &#171; Reconoce MX\",\"isPartOf\":{\"@id\":\"http:\/\/www.reconoce.mx\/#website\"},\"primaryImageOfPage\":{\"@id\":\"https:\/\/www.reconoce.mx\/?p=73129#primaryimage\"},\"image\":{\"@id\":\"https:\/\/www.reconoce.mx\/?p=73129#primaryimage\"},\"thumbnailUrl\":\"https:\/\/www.reconoce.mx\/wp-content\/uploads\/2018\/05\/ambulante-2018.jpg\",\"datePublished\":\"2018-05-14T05:03:30+00:00\",\"dateModified\":\"2018-05-14T23:35:44+00:00\",\"breadcrumb\":{\"@id\":\"https:\/\/www.reconoce.mx\/?p=73129#breadcrumb\"},\"inLanguage\":\"es\",\"potentialAction\":[{\"@type\":\"ReadAction\",\"target\":[\"https:\/\/www.reconoce.mx\/?p=73129\"]}]},{\"@type\":\"ImageObject\",\"inLanguage\":\"es\",\"@id\":\"https:\/\/www.reconoce.mx\/?p=73129#primaryimage\",\"url\":\"https:\/\/www.reconoce.mx\/wp-content\/uploads\/2018\/05\/ambulante-2018.jpg\",\"contentUrl\":\"https:\/\/www.reconoce.mx\/wp-content\/uploads\/2018\/05\/ambulante-2018.jpg\",\"width\":590,\"height\":392},{\"@type\":\"BreadcrumbList\",\"@id\":\"https:\/\/www.reconoce.mx\/?p=73129#breadcrumb\",\"itemListElement\":[{\"@type\":\"ListItem\",\"position\":1,\"name\":\"Portada\",\"item\":\"http:\/\/www.reconoce.mx\/\"},{\"@type\":\"ListItem\",\"position\":2,\"name\":\"Rumbo al #FestivalMarvinCDMX 2018: Entrevista Ambulante\"}]},{\"@type\":\"WebSite\",\"@id\":\"http:\/\/www.reconoce.mx\/#website\",\"url\":\"http:\/\/www.reconoce.mx\/\",\"name\":\"Reconoce MX\",\"description\":\"En Reconoce MX difundimos arte, cultura y conciencia social en M\u00e9xico. Tu ciudad en otra perspectiva.\",\"publisher\":{\"@id\":\"http:\/\/www.reconoce.mx\/#organization\"},\"potentialAction\":[{\"@type\":\"SearchAction\",\"target\":{\"@type\":\"EntryPoint\",\"urlTemplate\":\"http:\/\/www.reconoce.mx\/?s={search_term_string}\"},\"query-input\":{\"@type\":\"PropertyValueSpecification\",\"valueRequired\":true,\"valueName\":\"search_term_string\"}}],\"inLanguage\":\"es\"},{\"@type\":\"Organization\",\"@id\":\"http:\/\/www.reconoce.mx\/#organization\",\"name\":\"Reconoce MX\",\"url\":\"http:\/\/www.reconoce.mx\/\",\"logo\":{\"@type\":\"ImageObject\",\"inLanguage\":\"es\",\"@id\":\"http:\/\/www.reconoce.mx\/#\/schema\/logo\/image\/\",\"url\":\"https:\/\/www.reconoce.mx\/wp-content\/uploads\/2019\/03\/logorcmx-good-1.png\",\"contentUrl\":\"https:\/\/www.reconoce.mx\/wp-content\/uploads\/2019\/03\/logorcmx-good-1.png\",\"width\":280,\"height\":90,\"caption\":\"Reconoce MX\"},\"image\":{\"@id\":\"http:\/\/www.reconoce.mx\/#\/schema\/logo\/image\/\"},\"sameAs\":[\"https:\/\/es-la.facebook.com\/ReconoceMX\/\",\"https:\/\/x.com\/reconocemx\",\"http:\/\/@reconocemx\"]},{\"@type\":\"Person\",\"@id\":\"http:\/\/www.reconoce.mx\/#\/schema\/person\/2117e997d7051dc15d6880eaf9bca0b2\",\"name\":\"Reconoce MX\",\"image\":{\"@type\":\"ImageObject\",\"inLanguage\":\"es\",\"@id\":\"http:\/\/www.reconoce.mx\/#\/schema\/person\/image\/\",\"url\":\"https:\/\/secure.gravatar.com\/avatar\/6c8d4dc7569ca1c90c5fdcc349f839d5ddef6fe1e70b4337ead2ef1a4c43fc3a?s=96&d=identicon&r=g\",\"contentUrl\":\"https:\/\/secure.gravatar.com\/avatar\/6c8d4dc7569ca1c90c5fdcc349f839d5ddef6fe1e70b4337ead2ef1a4c43fc3a?s=96&d=identicon&r=g\",\"caption\":\"Reconoce MX\"},\"description\":\"Reconoce MX es un proyecto de difusi\u00f3n art\u00edstica, cultural y de conciencia social que est\u00e1 enfocado a difundir y fomentar el entretenimiento alternativo de calidad para todo el p\u00fablico que comparta el mismo entusiasmo.\",\"sameAs\":[\"http:\/\/www.reconoce.mx\"],\"url\":\"https:\/\/www.reconoce.mx\/?author=2\"}]}<\/script>\n<!-- \/ Yoast SEO plugin. -->","yoast_head_json":{"title":"Rumbo al #FestivalMarvinCDMX 2018: Entrevista Ambulante &#171; Reconoce MX","robots":{"index":"index","follow":"follow","max-snippet":"max-snippet:-1","max-image-preview":"max-image-preview:large","max-video-preview":"max-video-preview:-1"},"canonical":"https:\/\/www.reconoce.mx\/?p=73129","og_locale":"es_ES","og_type":"article","og_title":"Rumbo al #FestivalMarvinCDMX 2018: Entrevista Ambulante &#171; Reconoce MX","og_description":"Festival Marvin nos trae m\u00e1s sorpresas y este a\u00f1o una de ellas es la presencia de Ambulante, con el fin de presentar documentales y cortometrajes mexicanos y extranjeros de inter\u00e9s social al p\u00fablico que asistir\u00e1 el pr\u00f3ximo 19 de mayo al festival en Ciudad de M\u00e9xico.","og_url":"https:\/\/www.reconoce.mx\/?p=73129","og_site_name":"Reconoce MX","article_publisher":"https:\/\/es-la.facebook.com\/ReconoceMX\/","article_published_time":"2018-05-14T05:03:30+00:00","article_modified_time":"2018-05-14T23:35:44+00:00","og_image":[{"width":590,"height":392,"url":"https:\/\/www.reconoce.mx\/wp-content\/uploads\/2018\/05\/ambulante-2018.jpg","type":"image\/jpeg"}],"author":"Reconoce MX","twitter_card":"summary_large_image","twitter_creator":"@reconocemx","twitter_site":"@reconocemx","twitter_misc":{"Escrito por":"Reconoce MX","Tiempo de lectura":"1 minuto"},"schema":{"@context":"https:\/\/schema.org","@graph":[{"@type":"Article","@id":"https:\/\/www.reconoce.mx\/?p=73129#article","isPartOf":{"@id":"https:\/\/www.reconoce.mx\/?p=73129"},"author":{"name":"Reconoce MX","@id":"http:\/\/www.reconoce.mx\/#\/schema\/person\/2117e997d7051dc15d6880eaf9bca0b2"},"headline":"Rumbo al #FestivalMarvinCDMX 2018: Entrevista Ambulante","datePublished":"2018-05-14T05:03:30+00:00","dateModified":"2018-05-14T23:35:44+00:00","mainEntityOfPage":{"@id":"https:\/\/www.reconoce.mx\/?p=73129"},"wordCount":302,"commentCount":0,"publisher":{"@id":"http:\/\/www.reconoce.mx\/#organization"},"image":{"@id":"https:\/\/www.reconoce.mx\/?p=73129#primaryimage"},"thumbnailUrl":"https:\/\/www.reconoce.mx\/wp-content\/uploads\/2018\/05\/ambulante-2018.jpg","articleSection":["Cine","Cultura","Principal"],"inLanguage":"es","potentialAction":[{"@type":"CommentAction","name":"Comment","target":["https:\/\/www.reconoce.mx\/?p=73129#respond"]}]},{"@type":"WebPage","@id":"https:\/\/www.reconoce.mx\/?p=73129","url":"https:\/\/www.reconoce.mx\/?p=73129","name":"Rumbo al #FestivalMarvinCDMX 2018: Entrevista Ambulante &#171; Reconoce MX","isPartOf":{"@id":"http:\/\/www.reconoce.mx\/#website"},"primaryImageOfPage":{"@id":"https:\/\/www.reconoce.mx\/?p=73129#primaryimage"},"image":{"@id":"https:\/\/www.reconoce.mx\/?p=73129#primaryimage"},"thumbnailUrl":"https:\/\/www.reconoce.mx\/wp-content\/uploads\/2018\/05\/ambulante-2018.jpg","datePublished":"2018-05-14T05:03:30+00:00","dateModified":"2018-05-14T23:35:44+00:00","breadcrumb":{"@id":"https:\/\/www.reconoce.mx\/?p=73129#breadcrumb"},"inLanguage":"es","potentialAction":[{"@type":"ReadAction","target":["https:\/\/www.reconoce.mx\/?p=73129"]}]},{"@type":"ImageObject","inLanguage":"es","@id":"https:\/\/www.reconoce.mx\/?p=73129#primaryimage","url":"https:\/\/www.reconoce.mx\/wp-content\/uploads\/2018\/05\/ambulante-2018.jpg","contentUrl":"https:\/\/www.reconoce.mx\/wp-content\/uploads\/2018\/05\/ambulante-2018.jpg","width":590,"height":392},{"@type":"BreadcrumbList","@id":"https:\/\/www.reconoce.mx\/?p=73129#breadcrumb","itemListElement":[{"@type":"ListItem","position":1,"name":"Portada","item":"http:\/\/www.reconoce.mx\/"},{"@type":"ListItem","position":2,"name":"Rumbo al #FestivalMarvinCDMX 2018: Entrevista Ambulante"}]},{"@type":"WebSite","@id":"http:\/\/www.reconoce.mx\/#website","url":"http:\/\/www.reconoce.mx\/","name":"Reconoce MX","description":"En Reconoce MX difundimos arte, cultura y conciencia social en M\u00e9xico. Tu ciudad en otra perspectiva.","publisher":{"@id":"http:\/\/www.reconoce.mx\/#organization"},"potentialAction":[{"@type":"SearchAction","target":{"@type":"EntryPoint","urlTemplate":"http:\/\/www.reconoce.mx\/?s={search_term_string}"},"query-input":{"@type":"PropertyValueSpecification","valueRequired":true,"valueName":"search_term_string"}}],"inLanguage":"es"},{"@type":"Organization","@id":"http:\/\/www.reconoce.mx\/#organization","name":"Reconoce MX","url":"http:\/\/www.reconoce.mx\/","logo":{"@type":"ImageObject","inLanguage":"es","@id":"http:\/\/www.reconoce.mx\/#\/schema\/logo\/image\/","url":"https:\/\/www.reconoce.mx\/wp-content\/uploads\/2019\/03\/logorcmx-good-1.png","contentUrl":"https:\/\/www.reconoce.mx\/wp-content\/uploads\/2019\/03\/logorcmx-good-1.png","width":280,"height":90,"caption":"Reconoce MX"},"image":{"@id":"http:\/\/www.reconoce.mx\/#\/schema\/logo\/image\/"},"sameAs":["https:\/\/es-la.facebook.com\/ReconoceMX\/","https:\/\/x.com\/reconocemx","http:\/\/@reconocemx"]},{"@type":"Person","@id":"http:\/\/www.reconoce.mx\/#\/schema\/person\/2117e997d7051dc15d6880eaf9bca0b2","name":"Reconoce MX","image":{"@type":"ImageObject","inLanguage":"es","@id":"http:\/\/www.reconoce.mx\/#\/schema\/person\/image\/","url":"https:\/\/secure.gravatar.com\/avatar\/6c8d4dc7569ca1c90c5fdcc349f839d5ddef6fe1e70b4337ead2ef1a4c43fc3a?s=96&d=identicon&r=g","contentUrl":"https:\/\/secure.gravatar.com\/avatar\/6c8d4dc7569ca1c90c5fdcc349f839d5ddef6fe1e70b4337ead2ef1a4c43fc3a?s=96&d=identicon&r=g","caption":"Reconoce MX"},"description":"Reconoce MX es un proyecto de difusi\u00f3n art\u00edstica, cultural y de conciencia social que est\u00e1 enfocado a difundir y fomentar el entretenimiento alternativo de calidad para todo el p\u00fablico que comparta el mismo entusiasmo.","sameAs":["http:\/\/www.reconoce.mx"],"url":"https:\/\/www.reconoce.mx\/?author=2"}]}},"_links":{"self":[{"href":"https:\/\/www.reconoce.mx\/index.php?rest_route=\/wp\/v2\/posts\/73129","targetHints":{"allow":["GET"]}}],"collection":[{"href":"https:\/\/www.reconoce.mx\/index.php?rest_route=\/wp\/v2\/posts"}],"about":[{"href":"https:\/\/www.reconoce.mx\/index.php?rest_route=\/wp\/v2\/types\/post"}],"author":[{"embeddable":true,"href":"https:\/\/www.reconoce.mx\/index.php?rest_route=\/wp\/v2\/users\/2"}],"replies":[{"embeddable":true,"href":"https:\/\/www.reconoce.mx\/index.php?rest_route=%2Fwp%2Fv2%2Fcomments&post=73129"}],"version-history":[{"count":3,"href":"https:\/\/www.reconoce.mx\/index.php?rest_route=\/wp\/v2\/posts\/73129\/revisions"}],"predecessor-version":[{"id":73185,"href":"https:\/\/www.reconoce.mx\/index.php?rest_route=\/wp\/v2\/posts\/73129\/revisions\/73185"}],"wp:featuredmedia":[{"embeddable":true,"href":"https:\/\/www.reconoce.mx\/index.php?rest_route=\/wp\/v2\/media\/73130"}],"wp:attachment":[{"href":"https:\/\/www.reconoce.mx\/index.php?rest_route=%2Fwp%2Fv2%2Fmedia&parent=73129"}],"wp:term":[{"taxonomy":"category","embeddable":true,"href":"https:\/\/www.reconoce.mx\/index.php?rest_route=%2Fwp%2Fv2%2Fcategories&post=73129"},{"taxonomy":"post_tag","embeddable":true,"href":"https:\/\/www.reconoce.mx\/index.php?rest_route=%2Fwp%2Fv2%2Ftags&post=73129"}],"curies":[{"name":"wp","href":"https:\/\/api.w.org\/{rel}","templated":true}]}}