{"id":73147,"date":"2018-05-14T00:07:50","date_gmt":"2018-05-14T05:07:50","guid":{"rendered":"http:\/\/www.reconoce.mx\/?p=73147"},"modified":"2018-05-14T14:46:22","modified_gmt":"2018-05-14T19:46:22","slug":"ambulante2018-makala","status":"publish","type":"post","link":"https:\/\/www.reconoce.mx\/?p=73147","title":{"rendered":"#Ambulante2018: \u00abMakala\u00bb"},"content":{"rendered":"<p><strong>Por <a title=\"@AsfaltosTweets\" href=\"http:\/\/twitter.com\/AsfaltosTweets\" target=\"_blank\" rel=\"noopener noreferrer\">Asfaltos<\/a><\/strong>.<\/p>\n<p>\u00daltimos d\u00edas de la<strong> Gira de Documentales Ambulante 2018<\/strong>, y \u00faltimos d\u00edas tambi\u00e9n para apreciar uno de los m\u00e1s entra\u00f1ables documentales de la selecci\u00f3n de este a\u00f1o. Ganadora del premio principal de la <strong>Semana de la Cr\u00edtica del Festival de Cannes<\/strong>, el Grand Prix Nespresso, \u00abMakala\u00bb del realizador franc\u00e9s<strong> Emmanuel Gras<\/strong> es en definitiva uno de los documentales imperdibles en esta edici\u00f3n 13 de <strong>Ambulante<\/strong>.<\/p>\n<p><a href=\"http:\/\/www.reconoce.mx\/wp-content\/uploads\/2018\/05\/makala-2.jpg\"><img loading=\"lazy\" decoding=\"async\" class=\"aligncenter size-full wp-image-73149\" src=\"http:\/\/www.reconoce.mx\/wp-content\/uploads\/2018\/05\/makala-2.jpg\" alt=\"\" width=\"590\" height=\"380\" srcset=\"https:\/\/www.reconoce.mx\/wp-content\/uploads\/2018\/05\/makala-2.jpg 590w, https:\/\/www.reconoce.mx\/wp-content\/uploads\/2018\/05\/makala-2-300x193.jpg 300w, https:\/\/www.reconoce.mx\/wp-content\/uploads\/2018\/05\/makala-2-150x97.jpg 150w\" sizes=\"auto, (max-width: 590px) 100vw, 590px\" \/><\/a><\/p>\n<p>Nos encontramos en el Congo, en una provincia donde seguimos los pasos de un joven que desde temprano se dirige a su lugar de trabajo. Notamos que jovial y animado llega finalmente frente a un \u00e1rbol en lo alto de una colina; armado con un hacha se dispone a trabajar. \u00bfEn verdad va a tirar un \u00e1rbol con un tronco tan grueso \u00fanicamente con la ayuda de un hacha de tama\u00f1o mediano? Su nombre es Kabwita Kasongo, protagonista de \u00abMakala\u00bb.<\/p>\n<p><strong>Emmanuel Grass<\/strong> nos regala uno de los trabajos m\u00e1s entra\u00f1ables que podr\u00e1n ver estos d\u00edas todav\u00eda en las pantallas de cine comercial y del circuito alternativo de la capital mexicana. Con la paciencia de los grandes documentalistas, siguiendo los pasos de Kasongo, Emmanuel nos introduce poco a poco con ayuda de su lente en la intimidad de quien sue\u00f1a y trabaja para hacerlo realidad.<\/p>\n<p><a href=\"http:\/\/www.reconoce.mx\/wp-content\/uploads\/2018\/05\/makala-3.jpg\"><img loading=\"lazy\" decoding=\"async\" class=\"aligncenter size-full wp-image-73150\" src=\"http:\/\/www.reconoce.mx\/wp-content\/uploads\/2018\/05\/makala-3.jpg\" alt=\"\" width=\"590\" height=\"380\" srcset=\"https:\/\/www.reconoce.mx\/wp-content\/uploads\/2018\/05\/makala-3.jpg 590w, https:\/\/www.reconoce.mx\/wp-content\/uploads\/2018\/05\/makala-3-300x193.jpg 300w, https:\/\/www.reconoce.mx\/wp-content\/uploads\/2018\/05\/makala-3-150x97.jpg 150w\" sizes=\"auto, (max-width: 590px) 100vw, 590px\" \/><\/a><\/p>\n<p>Conocemos que junto a Kasongo est\u00e1n su esposa y sus hijas. Su esposa Lydie le ayuda en lo que puede, mientras a la par se encarga de las peque\u00f1as que son el alimento emocional de un Kabwita que se impulsa as\u00ed para poder derribar primero ese enorme \u00e1rbol s\u00f3lo con sus manos. Derribar ese primer obst\u00e1culo, sin embargo, es apenas el primer sencillo paso de lo que viene. El objetivo es construir una nueva casa, darle de comer a sus hijas, cuidar de su salud, plantar un mandarino, un mango y hasta una palmera que proteja del aire las l\u00e1minas que tambi\u00e9n anhela para su pr\u00f3ximo hogar. Para lo anterior solo tiene sus pies y sus manos.<\/p>\n<p>Sin muchas palabras, solo con las estupendas im\u00e1genes de Gras mismas que plasman desde luego la tremenda fortaleza del protagonista, \u00abMakala\u00bb se nos va presentando como una oda al esfuerzo, a la valent\u00eda y a la lucha por salir adelante. Gras consigue esa intimidad y cercan\u00eda que nos convierte en espectadores de primera fila de esta larga lucha por sobrevivir, misma de la que agradecemos ser testigos.<\/p>\n<p><a href=\"http:\/\/www.reconoce.mx\/wp-content\/uploads\/2018\/05\/makala-4.jpg\"><img loading=\"lazy\" decoding=\"async\" class=\"aligncenter size-full wp-image-73151\" src=\"http:\/\/www.reconoce.mx\/wp-content\/uploads\/2018\/05\/makala-4.jpg\" alt=\"\" width=\"590\" height=\"380\" srcset=\"https:\/\/www.reconoce.mx\/wp-content\/uploads\/2018\/05\/makala-4.jpg 590w, https:\/\/www.reconoce.mx\/wp-content\/uploads\/2018\/05\/makala-4-300x193.jpg 300w, https:\/\/www.reconoce.mx\/wp-content\/uploads\/2018\/05\/makala-4-150x97.jpg 150w\" sizes=\"auto, (max-width: 590px) 100vw, 590px\" \/><\/a><\/p>\n<p>Poes\u00eda pura, sin duda, la que observamos gracias al lente de <strong>Emmanuel Gras<\/strong>. Composiciones visuales distintas son las que van construyendo la narrativa de esta aut\u00e9ntica epopeya que plasma no solo la historia de Kabwita Kasongo; hay, por ejemplo, una escena donde mientras le vemos pelear, se le suman dos o tres m\u00e1s que a la par nos dan a entender que la historia que se nos presenta es una entre muchas que aqu\u00ed son perfectamente bien resumidas.<\/p>\n<p>Extraordinario trabajo f\u00edlmico, pero sobre todo: muy emotivo retrato humano. Imperdible, sin duda; necesario y digno para estos tiempos en donde olvidamos que al final de cuentas, siempre, contamos con nuestras manos para salir adelante.<\/p>\n<style>.embed-container { position: relative; padding-bottom: 56.25%; height: 0; overflow: hidden; max-width: 100%; } .embed-container iframe, .embed-container object, .embed-container embed { position: absolute; top: 0; left: 0; width: 100%; height: 100%; }<\/style>\n<div class='embed-container'><iframe src='https:\/\/player.vimeo.com\/video\/257046789' frameborder='0' webkitAllowFullScreen mozallowfullscreen allowFullScreen><\/iframe><\/div>\n<p>&nbsp;<\/p>\n<p><strong>Ambulante<\/strong> vive sus \u00faltimos d\u00edas en Ciudad de M\u00e9xico hasta el 17 de mayo. Descarga <a href=\"https:\/\/www.ambulante.org\/wp-content\/uploads\/2018\/04\/PM_CDMX_2018-2-1.pdf\" target=\"_blank\" rel=\"noopener\">aqu\u00ed el programa de mano<\/a> con la programaci\u00f3n en Ciudad de M\u00e9xico. Para m\u00e1s informaci\u00f3n <a href=\"http:\/\/ambulante.org\/\" target=\"_blank\" rel=\"noopener\">consulta el sitio oficial de <strong>Ambulante<\/strong><\/a>.<\/p>\n<p style=\"text-align: right;\">Con informaci\u00f3n e im\u00e1genes cortes\u00eda de <strong>Ambulante<\/strong>.<\/p>\n<p>&nbsp;<\/p>\n<p>&nbsp;<\/p>\n","protected":false},"excerpt":{"rendered":"<p>\u00daltimos d\u00edas de la Gira de Documentales Ambulante 2018, y \u00faltimos d\u00edas tambi\u00e9n para apreciar uno de los m\u00e1s entra\u00f1ables documentales de la selecci\u00f3n de este a\u00f1o.<\/p>\n","protected":false},"author":2,"featured_media":73148,"comment_status":"open","ping_status":"open","sticky":false,"template":"","format":"standard","meta":{"footnotes":""},"categories":[24,1,17],"tags":[],"class_list":["post-73147","post","type-post","status-publish","format-standard","has-post-thumbnail","hentry","category-cine","category-cultura","category-principal"],"yoast_head":"<!-- This site is optimized with the Yoast SEO plugin v24.7 - https:\/\/yoast.com\/wordpress\/plugins\/seo\/ -->\n<title>#Ambulante2018: &quot;Makala&quot; &#171; Reconoce MX<\/title>\n<meta name=\"robots\" content=\"index, follow, max-snippet:-1, max-image-preview:large, max-video-preview:-1\" \/>\n<link rel=\"canonical\" href=\"https:\/\/www.reconoce.mx\/?p=73147\" \/>\n<meta property=\"og:locale\" content=\"es_ES\" \/>\n<meta property=\"og:type\" content=\"article\" \/>\n<meta property=\"og:title\" content=\"#Ambulante2018: &quot;Makala&quot; &#171; Reconoce MX\" \/>\n<meta property=\"og:description\" content=\"\u00daltimos d\u00edas de la Gira de Documentales Ambulante 2018, y \u00faltimos d\u00edas tambi\u00e9n para apreciar uno de los m\u00e1s entra\u00f1ables documentales de la selecci\u00f3n de este a\u00f1o.\" \/>\n<meta property=\"og:url\" content=\"https:\/\/www.reconoce.mx\/?p=73147\" \/>\n<meta property=\"og:site_name\" content=\"Reconoce MX\" \/>\n<meta property=\"article:publisher\" content=\"https:\/\/es-la.facebook.com\/ReconoceMX\/\" \/>\n<meta property=\"article:published_time\" content=\"2018-05-14T05:07:50+00:00\" \/>\n<meta property=\"article:modified_time\" content=\"2018-05-14T19:46:22+00:00\" \/>\n<meta property=\"og:image\" content=\"https:\/\/www.reconoce.mx\/wp-content\/uploads\/2018\/05\/makala-1.jpg\" \/>\n\t<meta property=\"og:image:width\" content=\"590\" \/>\n\t<meta property=\"og:image:height\" content=\"380\" \/>\n\t<meta property=\"og:image:type\" content=\"image\/jpeg\" \/>\n<meta name=\"author\" content=\"Reconoce MX\" \/>\n<meta name=\"twitter:card\" content=\"summary_large_image\" \/>\n<meta name=\"twitter:creator\" content=\"@reconocemx\" \/>\n<meta name=\"twitter:site\" content=\"@reconocemx\" \/>\n<meta name=\"twitter:label1\" content=\"Escrito por\" \/>\n\t<meta name=\"twitter:data1\" content=\"Reconoce MX\" \/>\n\t<meta name=\"twitter:label2\" content=\"Tiempo de lectura\" \/>\n\t<meta name=\"twitter:data2\" content=\"3 minutos\" \/>\n<script type=\"application\/ld+json\" class=\"yoast-schema-graph\">{\"@context\":\"https:\/\/schema.org\",\"@graph\":[{\"@type\":\"Article\",\"@id\":\"https:\/\/www.reconoce.mx\/?p=73147#article\",\"isPartOf\":{\"@id\":\"https:\/\/www.reconoce.mx\/?p=73147\"},\"author\":{\"name\":\"Reconoce MX\",\"@id\":\"http:\/\/www.reconoce.mx\/#\/schema\/person\/2117e997d7051dc15d6880eaf9bca0b2\"},\"headline\":\"#Ambulante2018: \u00abMakala\u00bb\",\"datePublished\":\"2018-05-14T05:07:50+00:00\",\"dateModified\":\"2018-05-14T19:46:22+00:00\",\"mainEntityOfPage\":{\"@id\":\"https:\/\/www.reconoce.mx\/?p=73147\"},\"wordCount\":593,\"commentCount\":0,\"publisher\":{\"@id\":\"http:\/\/www.reconoce.mx\/#organization\"},\"image\":{\"@id\":\"https:\/\/www.reconoce.mx\/?p=73147#primaryimage\"},\"thumbnailUrl\":\"https:\/\/www.reconoce.mx\/wp-content\/uploads\/2018\/05\/makala-1.jpg\",\"articleSection\":[\"Cine\",\"Cultura\",\"Principal\"],\"inLanguage\":\"es\",\"potentialAction\":[{\"@type\":\"CommentAction\",\"name\":\"Comment\",\"target\":[\"https:\/\/www.reconoce.mx\/?p=73147#respond\"]}]},{\"@type\":\"WebPage\",\"@id\":\"https:\/\/www.reconoce.mx\/?p=73147\",\"url\":\"https:\/\/www.reconoce.mx\/?p=73147\",\"name\":\"#Ambulante2018: \\\"Makala\\\" &#171; Reconoce MX\",\"isPartOf\":{\"@id\":\"http:\/\/www.reconoce.mx\/#website\"},\"primaryImageOfPage\":{\"@id\":\"https:\/\/www.reconoce.mx\/?p=73147#primaryimage\"},\"image\":{\"@id\":\"https:\/\/www.reconoce.mx\/?p=73147#primaryimage\"},\"thumbnailUrl\":\"https:\/\/www.reconoce.mx\/wp-content\/uploads\/2018\/05\/makala-1.jpg\",\"datePublished\":\"2018-05-14T05:07:50+00:00\",\"dateModified\":\"2018-05-14T19:46:22+00:00\",\"breadcrumb\":{\"@id\":\"https:\/\/www.reconoce.mx\/?p=73147#breadcrumb\"},\"inLanguage\":\"es\",\"potentialAction\":[{\"@type\":\"ReadAction\",\"target\":[\"https:\/\/www.reconoce.mx\/?p=73147\"]}]},{\"@type\":\"ImageObject\",\"inLanguage\":\"es\",\"@id\":\"https:\/\/www.reconoce.mx\/?p=73147#primaryimage\",\"url\":\"https:\/\/www.reconoce.mx\/wp-content\/uploads\/2018\/05\/makala-1.jpg\",\"contentUrl\":\"https:\/\/www.reconoce.mx\/wp-content\/uploads\/2018\/05\/makala-1.jpg\",\"width\":590,\"height\":380},{\"@type\":\"BreadcrumbList\",\"@id\":\"https:\/\/www.reconoce.mx\/?p=73147#breadcrumb\",\"itemListElement\":[{\"@type\":\"ListItem\",\"position\":1,\"name\":\"Portada\",\"item\":\"http:\/\/www.reconoce.mx\/\"},{\"@type\":\"ListItem\",\"position\":2,\"name\":\"#Ambulante2018: \u00abMakala\u00bb\"}]},{\"@type\":\"WebSite\",\"@id\":\"http:\/\/www.reconoce.mx\/#website\",\"url\":\"http:\/\/www.reconoce.mx\/\",\"name\":\"Reconoce MX\",\"description\":\"En Reconoce MX difundimos arte, cultura y conciencia social en M\u00e9xico. Tu ciudad en otra perspectiva.\",\"publisher\":{\"@id\":\"http:\/\/www.reconoce.mx\/#organization\"},\"potentialAction\":[{\"@type\":\"SearchAction\",\"target\":{\"@type\":\"EntryPoint\",\"urlTemplate\":\"http:\/\/www.reconoce.mx\/?s={search_term_string}\"},\"query-input\":{\"@type\":\"PropertyValueSpecification\",\"valueRequired\":true,\"valueName\":\"search_term_string\"}}],\"inLanguage\":\"es\"},{\"@type\":\"Organization\",\"@id\":\"http:\/\/www.reconoce.mx\/#organization\",\"name\":\"Reconoce MX\",\"url\":\"http:\/\/www.reconoce.mx\/\",\"logo\":{\"@type\":\"ImageObject\",\"inLanguage\":\"es\",\"@id\":\"http:\/\/www.reconoce.mx\/#\/schema\/logo\/image\/\",\"url\":\"https:\/\/www.reconoce.mx\/wp-content\/uploads\/2019\/03\/logorcmx-good-1.png\",\"contentUrl\":\"https:\/\/www.reconoce.mx\/wp-content\/uploads\/2019\/03\/logorcmx-good-1.png\",\"width\":280,\"height\":90,\"caption\":\"Reconoce MX\"},\"image\":{\"@id\":\"http:\/\/www.reconoce.mx\/#\/schema\/logo\/image\/\"},\"sameAs\":[\"https:\/\/es-la.facebook.com\/ReconoceMX\/\",\"https:\/\/x.com\/reconocemx\",\"http:\/\/@reconocemx\"]},{\"@type\":\"Person\",\"@id\":\"http:\/\/www.reconoce.mx\/#\/schema\/person\/2117e997d7051dc15d6880eaf9bca0b2\",\"name\":\"Reconoce MX\",\"image\":{\"@type\":\"ImageObject\",\"inLanguage\":\"es\",\"@id\":\"http:\/\/www.reconoce.mx\/#\/schema\/person\/image\/\",\"url\":\"https:\/\/secure.gravatar.com\/avatar\/6c8d4dc7569ca1c90c5fdcc349f839d5ddef6fe1e70b4337ead2ef1a4c43fc3a?s=96&d=identicon&r=g\",\"contentUrl\":\"https:\/\/secure.gravatar.com\/avatar\/6c8d4dc7569ca1c90c5fdcc349f839d5ddef6fe1e70b4337ead2ef1a4c43fc3a?s=96&d=identicon&r=g\",\"caption\":\"Reconoce MX\"},\"description\":\"Reconoce MX es un proyecto de difusi\u00f3n art\u00edstica, cultural y de conciencia social que est\u00e1 enfocado a difundir y fomentar el entretenimiento alternativo de calidad para todo el p\u00fablico que comparta el mismo entusiasmo.\",\"sameAs\":[\"http:\/\/www.reconoce.mx\"],\"url\":\"https:\/\/www.reconoce.mx\/?author=2\"}]}<\/script>\n<!-- \/ Yoast SEO plugin. -->","yoast_head_json":{"title":"#Ambulante2018: \"Makala\" &#171; Reconoce MX","robots":{"index":"index","follow":"follow","max-snippet":"max-snippet:-1","max-image-preview":"max-image-preview:large","max-video-preview":"max-video-preview:-1"},"canonical":"https:\/\/www.reconoce.mx\/?p=73147","og_locale":"es_ES","og_type":"article","og_title":"#Ambulante2018: \"Makala\" &#171; Reconoce MX","og_description":"\u00daltimos d\u00edas de la Gira de Documentales Ambulante 2018, y \u00faltimos d\u00edas tambi\u00e9n para apreciar uno de los m\u00e1s entra\u00f1ables documentales de la selecci\u00f3n de este a\u00f1o.","og_url":"https:\/\/www.reconoce.mx\/?p=73147","og_site_name":"Reconoce MX","article_publisher":"https:\/\/es-la.facebook.com\/ReconoceMX\/","article_published_time":"2018-05-14T05:07:50+00:00","article_modified_time":"2018-05-14T19:46:22+00:00","og_image":[{"width":590,"height":380,"url":"https:\/\/www.reconoce.mx\/wp-content\/uploads\/2018\/05\/makala-1.jpg","type":"image\/jpeg"}],"author":"Reconoce MX","twitter_card":"summary_large_image","twitter_creator":"@reconocemx","twitter_site":"@reconocemx","twitter_misc":{"Escrito por":"Reconoce MX","Tiempo de lectura":"3 minutos"},"schema":{"@context":"https:\/\/schema.org","@graph":[{"@type":"Article","@id":"https:\/\/www.reconoce.mx\/?p=73147#article","isPartOf":{"@id":"https:\/\/www.reconoce.mx\/?p=73147"},"author":{"name":"Reconoce MX","@id":"http:\/\/www.reconoce.mx\/#\/schema\/person\/2117e997d7051dc15d6880eaf9bca0b2"},"headline":"#Ambulante2018: \u00abMakala\u00bb","datePublished":"2018-05-14T05:07:50+00:00","dateModified":"2018-05-14T19:46:22+00:00","mainEntityOfPage":{"@id":"https:\/\/www.reconoce.mx\/?p=73147"},"wordCount":593,"commentCount":0,"publisher":{"@id":"http:\/\/www.reconoce.mx\/#organization"},"image":{"@id":"https:\/\/www.reconoce.mx\/?p=73147#primaryimage"},"thumbnailUrl":"https:\/\/www.reconoce.mx\/wp-content\/uploads\/2018\/05\/makala-1.jpg","articleSection":["Cine","Cultura","Principal"],"inLanguage":"es","potentialAction":[{"@type":"CommentAction","name":"Comment","target":["https:\/\/www.reconoce.mx\/?p=73147#respond"]}]},{"@type":"WebPage","@id":"https:\/\/www.reconoce.mx\/?p=73147","url":"https:\/\/www.reconoce.mx\/?p=73147","name":"#Ambulante2018: \"Makala\" &#171; Reconoce MX","isPartOf":{"@id":"http:\/\/www.reconoce.mx\/#website"},"primaryImageOfPage":{"@id":"https:\/\/www.reconoce.mx\/?p=73147#primaryimage"},"image":{"@id":"https:\/\/www.reconoce.mx\/?p=73147#primaryimage"},"thumbnailUrl":"https:\/\/www.reconoce.mx\/wp-content\/uploads\/2018\/05\/makala-1.jpg","datePublished":"2018-05-14T05:07:50+00:00","dateModified":"2018-05-14T19:46:22+00:00","breadcrumb":{"@id":"https:\/\/www.reconoce.mx\/?p=73147#breadcrumb"},"inLanguage":"es","potentialAction":[{"@type":"ReadAction","target":["https:\/\/www.reconoce.mx\/?p=73147"]}]},{"@type":"ImageObject","inLanguage":"es","@id":"https:\/\/www.reconoce.mx\/?p=73147#primaryimage","url":"https:\/\/www.reconoce.mx\/wp-content\/uploads\/2018\/05\/makala-1.jpg","contentUrl":"https:\/\/www.reconoce.mx\/wp-content\/uploads\/2018\/05\/makala-1.jpg","width":590,"height":380},{"@type":"BreadcrumbList","@id":"https:\/\/www.reconoce.mx\/?p=73147#breadcrumb","itemListElement":[{"@type":"ListItem","position":1,"name":"Portada","item":"http:\/\/www.reconoce.mx\/"},{"@type":"ListItem","position":2,"name":"#Ambulante2018: \u00abMakala\u00bb"}]},{"@type":"WebSite","@id":"http:\/\/www.reconoce.mx\/#website","url":"http:\/\/www.reconoce.mx\/","name":"Reconoce MX","description":"En Reconoce MX difundimos arte, cultura y conciencia social en M\u00e9xico. Tu ciudad en otra perspectiva.","publisher":{"@id":"http:\/\/www.reconoce.mx\/#organization"},"potentialAction":[{"@type":"SearchAction","target":{"@type":"EntryPoint","urlTemplate":"http:\/\/www.reconoce.mx\/?s={search_term_string}"},"query-input":{"@type":"PropertyValueSpecification","valueRequired":true,"valueName":"search_term_string"}}],"inLanguage":"es"},{"@type":"Organization","@id":"http:\/\/www.reconoce.mx\/#organization","name":"Reconoce MX","url":"http:\/\/www.reconoce.mx\/","logo":{"@type":"ImageObject","inLanguage":"es","@id":"http:\/\/www.reconoce.mx\/#\/schema\/logo\/image\/","url":"https:\/\/www.reconoce.mx\/wp-content\/uploads\/2019\/03\/logorcmx-good-1.png","contentUrl":"https:\/\/www.reconoce.mx\/wp-content\/uploads\/2019\/03\/logorcmx-good-1.png","width":280,"height":90,"caption":"Reconoce MX"},"image":{"@id":"http:\/\/www.reconoce.mx\/#\/schema\/logo\/image\/"},"sameAs":["https:\/\/es-la.facebook.com\/ReconoceMX\/","https:\/\/x.com\/reconocemx","http:\/\/@reconocemx"]},{"@type":"Person","@id":"http:\/\/www.reconoce.mx\/#\/schema\/person\/2117e997d7051dc15d6880eaf9bca0b2","name":"Reconoce MX","image":{"@type":"ImageObject","inLanguage":"es","@id":"http:\/\/www.reconoce.mx\/#\/schema\/person\/image\/","url":"https:\/\/secure.gravatar.com\/avatar\/6c8d4dc7569ca1c90c5fdcc349f839d5ddef6fe1e70b4337ead2ef1a4c43fc3a?s=96&d=identicon&r=g","contentUrl":"https:\/\/secure.gravatar.com\/avatar\/6c8d4dc7569ca1c90c5fdcc349f839d5ddef6fe1e70b4337ead2ef1a4c43fc3a?s=96&d=identicon&r=g","caption":"Reconoce MX"},"description":"Reconoce MX es un proyecto de difusi\u00f3n art\u00edstica, cultural y de conciencia social que est\u00e1 enfocado a difundir y fomentar el entretenimiento alternativo de calidad para todo el p\u00fablico que comparta el mismo entusiasmo.","sameAs":["http:\/\/www.reconoce.mx"],"url":"https:\/\/www.reconoce.mx\/?author=2"}]}},"_links":{"self":[{"href":"https:\/\/www.reconoce.mx\/index.php?rest_route=\/wp\/v2\/posts\/73147","targetHints":{"allow":["GET"]}}],"collection":[{"href":"https:\/\/www.reconoce.mx\/index.php?rest_route=\/wp\/v2\/posts"}],"about":[{"href":"https:\/\/www.reconoce.mx\/index.php?rest_route=\/wp\/v2\/types\/post"}],"author":[{"embeddable":true,"href":"https:\/\/www.reconoce.mx\/index.php?rest_route=\/wp\/v2\/users\/2"}],"replies":[{"embeddable":true,"href":"https:\/\/www.reconoce.mx\/index.php?rest_route=%2Fwp%2Fv2%2Fcomments&post=73147"}],"version-history":[{"count":1,"href":"https:\/\/www.reconoce.mx\/index.php?rest_route=\/wp\/v2\/posts\/73147\/revisions"}],"predecessor-version":[{"id":73152,"href":"https:\/\/www.reconoce.mx\/index.php?rest_route=\/wp\/v2\/posts\/73147\/revisions\/73152"}],"wp:featuredmedia":[{"embeddable":true,"href":"https:\/\/www.reconoce.mx\/index.php?rest_route=\/wp\/v2\/media\/73148"}],"wp:attachment":[{"href":"https:\/\/www.reconoce.mx\/index.php?rest_route=%2Fwp%2Fv2%2Fmedia&parent=73147"}],"wp:term":[{"taxonomy":"category","embeddable":true,"href":"https:\/\/www.reconoce.mx\/index.php?rest_route=%2Fwp%2Fv2%2Fcategories&post=73147"},{"taxonomy":"post_tag","embeddable":true,"href":"https:\/\/www.reconoce.mx\/index.php?rest_route=%2Fwp%2Fv2%2Ftags&post=73147"}],"curies":[{"name":"wp","href":"https:\/\/api.w.org\/{rel}","templated":true}]}}