{"id":73161,"date":"2018-05-15T00:03:49","date_gmt":"2018-05-15T05:03:49","guid":{"rendered":"http:\/\/www.reconoce.mx\/?p=73161"},"modified":"2018-05-15T00:17:23","modified_gmt":"2018-05-15T05:17:23","slug":"rumbo-al-festivalmarvincdmx-2018-entrevista-los-monstruos-del-manana","status":"publish","type":"post","link":"https:\/\/www.reconoce.mx\/?p=73161","title":{"rendered":"Rumbo al #FestivalMarvinCDMX 2018: Entrevista Los Monstruos del Ma\u00f1ana"},"content":{"rendered":"<p><strong>Texto y foto por <a href=\"https:\/\/twitter.com\/soandreea\" target=\"_blank\" rel=\"noopener\">Andrea Ram\u00edrez<\/a><\/strong>.<\/p>\n<p>El grupo de psicodelia tropical mexicana <strong>Los Monstruos del Ma\u00f1ana<\/strong> es uno de los talentos especiales del <a href=\"https:\/\/twitter.com\/search?q=%23FestivalMarvinCDMX&amp;src=typd\" target=\"_blank\" rel=\"noopener\"><strong>#FestivalMarvinCDMX<\/strong><\/a>. Para contar m\u00e1s acerca de su participaci\u00f3n en el festival platicamos un rato con Rodrigo Mart\u00ednez (voz), Melisa Castellanos (voz\/persecuciones), Nicol\u00e1s Garc\u00eda (voz\/bater\u00eda), Claudio Aguilar (guitarra) y Enrique Provencio (bajo), quienes nos contaron a detalle todas las sorpresas que traer\u00e1n.<\/p>\n<p><iframe title=\"Spotify Embed: Tenqu\u00e9n\" style=\"border-radius: 12px\" width=\"100%\" height=\"352\" frameborder=\"0\" allowfullscreen allow=\"autoplay; clipboard-write; encrypted-media; fullscreen; picture-in-picture\" loading=\"lazy\" src=\"https:\/\/open.spotify.com\/embed\/album\/62rpMNlIBJRYx1SslCy4ZP?utm_source=oembed\"><\/iframe><\/p>\n<p><span style=\"color: #a81f25;\"><strong>Reconoce MX<\/strong><\/span>: Chicos, \u00bfc\u00f3mo se sienten al ser parte del <em>lineup<\/em> de <strong>Festival Marvin<\/strong>?<\/p>\n<p><span style=\"color: #0aa650;\"><strong>Los Monstruos del Ma\u00f1ana (Rodrigo)<\/strong><\/span>: Est\u00e1 incre\u00edble, sentimos que el cartel es un poquito distinto a los otros festivales <strong>Marvin<\/strong>, ya que es como un poquito m\u00e1s reducido y al menos los <em>headliners<\/em> son no s\u00e9, lo m\u00e1s punk y nos emociona mucho que nosotros podemos estar tirando guitarrazos en un festival que s\u00f3lo grita por todos lados guitarrazos.<\/p>\n<p><span style=\"color: #a81f25;\"><strong>RCMX<\/strong><\/span>: Acaban de estrenar nuevo sencillo \u00abCienfuegos\u00bb, \u00bfc\u00f3mo fue el proceso de este sencillo?<\/p>\n<p><span style=\"color: #0aa650;\"><strong>LMDM (Claudio)<\/strong><\/span>: Esto ya es parte del nuevo disco, un LP con nueve canciones todas llenas de amor psicodelia y mucho rock; esta rola es en particular el bolero en vez de hacer una balada, hicimos un bolero. Es una rola m\u00e1s rom\u00e1ntica un poquito m\u00e1s como en retrospectiva, Roy (Rodrigo) fue el compositor.<\/p>\n<p><span style=\"color: #0aa650;\"><strong>LMDM (Melisa)<\/strong><\/span>: \u00abCienfuegos\u00bb es una canci\u00f3n que fue hecha para aquella persona que estuvo en nuestras vidas, luego se fue, luego volvi\u00f3, luego se fue y luego qui\u00e9n sabe.<\/p>\n<p><strong><span style=\"color: #a81f25;\">RCMX<\/span><\/strong>: Hablando del \u00e1lbum, \u00bfc\u00f3mo van a describir este nuevo material?<\/p>\n<p><span style=\"color: #0aa650;\"><strong>LMDM (Claudio)<\/strong><\/span>: Tenemos un t\u00e9rmino muy local que a Nico (bater\u00eda) le gusta usar: \u00abpsicootropirock\u00bb. Es un elemento que yo sent\u00eda de la banda, es como un rock psicod\u00e9lico pero completamente basado en el sabor tropical, en el sabor latino, en el ritmo latino.<\/p>\n<p><span style=\"color: #0aa650;\"><strong>LMDM (Nicol\u00e1s)<\/strong><\/span>: No es como una cosa puramente latina, sino que tiene influencias por todas partes y creo que hacemos lo que nos nace y lo dejamos ser.<\/p>\n<p><span style=\"color: #a81f25;\"><strong>RCMX<\/strong><\/span>: \u00bfQu\u00e9 esperan de la presentaci\u00f3n de <strong>Marvin<\/strong> para la banda?<\/p>\n<p><span style=\"color: #0aa650;\"><strong>LMDM<\/strong><\/span>: Est\u00e1 muy chido primero que nada darnos a conocer y dar todo al cien para que la gente que nos vea conozca nuestro proyecto tal cual; por eso estamos preparando un show en donde tenemos la m\u00fasica que ya es c\u00f3mo suena y luego elaboramos versiones en vivo; entonces lo que est\u00e1n escuchando es una elaboraci\u00f3n de lo que van a escuchar en el disco.<\/p>\n<p>El nuevo \u00e1lbum de <strong>Monstrous del Ma\u00f1ana<\/strong> est\u00e1 ya disponible. Ansiamos, ahora, poder escuchar las nuevas rolas de la banda en vivo.<\/p>\n<p>A\u00a0<strong>Los Monstruos del Ma\u00f1ana<\/strong> puedes verlos el pr\u00f3ximo s\u00e1bado 19 de mayo a las 19:10 horas en <strong>Parque Espa\u00f1a<\/strong>. <a href=\"https:\/\/twitter.com\/search?q=%23FestivalMarvinCDMX&amp;src=typd\" target=\"_blank\" rel=\"noopener\"><strong>#FestivalMarvinCDMX<\/strong><\/a> se realizar\u00e1 los d\u00edas 17, 18 y 19 de mayo de 2018 (siendo el 19 la jornada musical), en distintos <em>venues<\/em> de la zona Condesa-Roma. Evento para mayores de edad. Para m\u00e1s informaci\u00f3n <a href=\"http:\/\/festival.marvin.com.mx\/2018\/\" target=\"_blank\" rel=\"noopener\">consulta el sitio oficial<\/a>.<\/p>\n<p>&nbsp;<\/p>\n<p>&nbsp;<\/p>\n","protected":false},"excerpt":{"rendered":"<p>El grupo de psicodelia tropical mexicana Los Monstruos del Ma\u00f1ana es uno de los talentos especiales del #FestivalMarvinCDMX. <\/p>\n","protected":false},"author":2,"featured_media":73162,"comment_status":"open","ping_status":"open","sticky":false,"template":"","format":"standard","meta":{"footnotes":""},"categories":[1,18,17],"tags":[],"class_list":["post-73161","post","type-post","status-publish","format-standard","has-post-thumbnail","hentry","category-cultura","category-musica","category-principal"],"yoast_head":"<!-- This site is optimized with the Yoast SEO plugin v24.7 - https:\/\/yoast.com\/wordpress\/plugins\/seo\/ -->\n<title>Rumbo al #FestivalMarvinCDMX 2018: Entrevista Los Monstruos del Ma\u00f1ana &#171; Reconoce MX<\/title>\n<meta name=\"robots\" content=\"index, follow, max-snippet:-1, max-image-preview:large, max-video-preview:-1\" \/>\n<link rel=\"canonical\" href=\"https:\/\/www.reconoce.mx\/?p=73161\" \/>\n<meta property=\"og:locale\" content=\"es_ES\" \/>\n<meta property=\"og:type\" content=\"article\" \/>\n<meta property=\"og:title\" content=\"Rumbo al #FestivalMarvinCDMX 2018: Entrevista Los Monstruos del Ma\u00f1ana &#171; Reconoce MX\" \/>\n<meta property=\"og:description\" content=\"El grupo de psicodelia tropical mexicana Los Monstruos del Ma\u00f1ana es uno de los talentos especiales del #FestivalMarvinCDMX.\" \/>\n<meta property=\"og:url\" content=\"https:\/\/www.reconoce.mx\/?p=73161\" \/>\n<meta property=\"og:site_name\" content=\"Reconoce MX\" \/>\n<meta property=\"article:publisher\" content=\"https:\/\/es-la.facebook.com\/ReconoceMX\/\" \/>\n<meta property=\"article:published_time\" content=\"2018-05-15T05:03:49+00:00\" \/>\n<meta property=\"article:modified_time\" content=\"2018-05-15T05:17:23+00:00\" \/>\n<meta property=\"og:image\" content=\"https:\/\/www.reconoce.mx\/wp-content\/uploads\/2018\/05\/festivalmarcivncdmx-monstruos-del-ma\u00f1ana.jpg\" \/>\n\t<meta property=\"og:image:width\" content=\"590\" \/>\n\t<meta property=\"og:image:height\" content=\"380\" \/>\n\t<meta property=\"og:image:type\" content=\"image\/jpeg\" \/>\n<meta name=\"author\" content=\"Reconoce MX\" \/>\n<meta name=\"twitter:card\" content=\"summary_large_image\" \/>\n<meta name=\"twitter:creator\" content=\"@reconocemx\" \/>\n<meta name=\"twitter:site\" content=\"@reconocemx\" \/>\n<meta name=\"twitter:label1\" content=\"Escrito por\" \/>\n\t<meta name=\"twitter:data1\" content=\"Reconoce MX\" \/>\n\t<meta name=\"twitter:label2\" content=\"Tiempo de lectura\" \/>\n\t<meta name=\"twitter:data2\" content=\"3 minutos\" \/>\n<script type=\"application\/ld+json\" class=\"yoast-schema-graph\">{\"@context\":\"https:\/\/schema.org\",\"@graph\":[{\"@type\":\"Article\",\"@id\":\"https:\/\/www.reconoce.mx\/?p=73161#article\",\"isPartOf\":{\"@id\":\"https:\/\/www.reconoce.mx\/?p=73161\"},\"author\":{\"name\":\"Reconoce MX\",\"@id\":\"http:\/\/www.reconoce.mx\/#\/schema\/person\/2117e997d7051dc15d6880eaf9bca0b2\"},\"headline\":\"Rumbo al #FestivalMarvinCDMX 2018: Entrevista Los Monstruos del Ma\u00f1ana\",\"datePublished\":\"2018-05-15T05:03:49+00:00\",\"dateModified\":\"2018-05-15T05:17:23+00:00\",\"mainEntityOfPage\":{\"@id\":\"https:\/\/www.reconoce.mx\/?p=73161\"},\"wordCount\":528,\"commentCount\":0,\"publisher\":{\"@id\":\"http:\/\/www.reconoce.mx\/#organization\"},\"image\":{\"@id\":\"https:\/\/www.reconoce.mx\/?p=73161#primaryimage\"},\"thumbnailUrl\":\"https:\/\/www.reconoce.mx\/wp-content\/uploads\/2018\/05\/festivalmarcivncdmx-monstruos-del-ma\u00f1ana.jpg\",\"articleSection\":[\"Cultura\",\"M\u00fasica\",\"Principal\"],\"inLanguage\":\"es\",\"potentialAction\":[{\"@type\":\"CommentAction\",\"name\":\"Comment\",\"target\":[\"https:\/\/www.reconoce.mx\/?p=73161#respond\"]}]},{\"@type\":\"WebPage\",\"@id\":\"https:\/\/www.reconoce.mx\/?p=73161\",\"url\":\"https:\/\/www.reconoce.mx\/?p=73161\",\"name\":\"Rumbo al #FestivalMarvinCDMX 2018: Entrevista Los Monstruos del Ma\u00f1ana &#171; Reconoce MX\",\"isPartOf\":{\"@id\":\"http:\/\/www.reconoce.mx\/#website\"},\"primaryImageOfPage\":{\"@id\":\"https:\/\/www.reconoce.mx\/?p=73161#primaryimage\"},\"image\":{\"@id\":\"https:\/\/www.reconoce.mx\/?p=73161#primaryimage\"},\"thumbnailUrl\":\"https:\/\/www.reconoce.mx\/wp-content\/uploads\/2018\/05\/festivalmarcivncdmx-monstruos-del-ma\u00f1ana.jpg\",\"datePublished\":\"2018-05-15T05:03:49+00:00\",\"dateModified\":\"2018-05-15T05:17:23+00:00\",\"breadcrumb\":{\"@id\":\"https:\/\/www.reconoce.mx\/?p=73161#breadcrumb\"},\"inLanguage\":\"es\",\"potentialAction\":[{\"@type\":\"ReadAction\",\"target\":[\"https:\/\/www.reconoce.mx\/?p=73161\"]}]},{\"@type\":\"ImageObject\",\"inLanguage\":\"es\",\"@id\":\"https:\/\/www.reconoce.mx\/?p=73161#primaryimage\",\"url\":\"https:\/\/www.reconoce.mx\/wp-content\/uploads\/2018\/05\/festivalmarcivncdmx-monstruos-del-ma\u00f1ana.jpg\",\"contentUrl\":\"https:\/\/www.reconoce.mx\/wp-content\/uploads\/2018\/05\/festivalmarcivncdmx-monstruos-del-ma\u00f1ana.jpg\",\"width\":590,\"height\":380},{\"@type\":\"BreadcrumbList\",\"@id\":\"https:\/\/www.reconoce.mx\/?p=73161#breadcrumb\",\"itemListElement\":[{\"@type\":\"ListItem\",\"position\":1,\"name\":\"Portada\",\"item\":\"http:\/\/www.reconoce.mx\/\"},{\"@type\":\"ListItem\",\"position\":2,\"name\":\"Rumbo al #FestivalMarvinCDMX 2018: Entrevista Los Monstruos del Ma\u00f1ana\"}]},{\"@type\":\"WebSite\",\"@id\":\"http:\/\/www.reconoce.mx\/#website\",\"url\":\"http:\/\/www.reconoce.mx\/\",\"name\":\"Reconoce MX\",\"description\":\"En Reconoce MX difundimos arte, cultura y conciencia social en M\u00e9xico. Tu ciudad en otra perspectiva.\",\"publisher\":{\"@id\":\"http:\/\/www.reconoce.mx\/#organization\"},\"potentialAction\":[{\"@type\":\"SearchAction\",\"target\":{\"@type\":\"EntryPoint\",\"urlTemplate\":\"http:\/\/www.reconoce.mx\/?s={search_term_string}\"},\"query-input\":{\"@type\":\"PropertyValueSpecification\",\"valueRequired\":true,\"valueName\":\"search_term_string\"}}],\"inLanguage\":\"es\"},{\"@type\":\"Organization\",\"@id\":\"http:\/\/www.reconoce.mx\/#organization\",\"name\":\"Reconoce MX\",\"url\":\"http:\/\/www.reconoce.mx\/\",\"logo\":{\"@type\":\"ImageObject\",\"inLanguage\":\"es\",\"@id\":\"http:\/\/www.reconoce.mx\/#\/schema\/logo\/image\/\",\"url\":\"https:\/\/www.reconoce.mx\/wp-content\/uploads\/2019\/03\/logorcmx-good-1.png\",\"contentUrl\":\"https:\/\/www.reconoce.mx\/wp-content\/uploads\/2019\/03\/logorcmx-good-1.png\",\"width\":280,\"height\":90,\"caption\":\"Reconoce MX\"},\"image\":{\"@id\":\"http:\/\/www.reconoce.mx\/#\/schema\/logo\/image\/\"},\"sameAs\":[\"https:\/\/es-la.facebook.com\/ReconoceMX\/\",\"https:\/\/x.com\/reconocemx\",\"http:\/\/@reconocemx\"]},{\"@type\":\"Person\",\"@id\":\"http:\/\/www.reconoce.mx\/#\/schema\/person\/2117e997d7051dc15d6880eaf9bca0b2\",\"name\":\"Reconoce MX\",\"image\":{\"@type\":\"ImageObject\",\"inLanguage\":\"es\",\"@id\":\"http:\/\/www.reconoce.mx\/#\/schema\/person\/image\/\",\"url\":\"https:\/\/secure.gravatar.com\/avatar\/6c8d4dc7569ca1c90c5fdcc349f839d5ddef6fe1e70b4337ead2ef1a4c43fc3a?s=96&d=identicon&r=g\",\"contentUrl\":\"https:\/\/secure.gravatar.com\/avatar\/6c8d4dc7569ca1c90c5fdcc349f839d5ddef6fe1e70b4337ead2ef1a4c43fc3a?s=96&d=identicon&r=g\",\"caption\":\"Reconoce MX\"},\"description\":\"Reconoce MX es un proyecto de difusi\u00f3n art\u00edstica, cultural y de conciencia social que est\u00e1 enfocado a difundir y fomentar el entretenimiento alternativo de calidad para todo el p\u00fablico que comparta el mismo entusiasmo.\",\"sameAs\":[\"http:\/\/www.reconoce.mx\"],\"url\":\"https:\/\/www.reconoce.mx\/?author=2\"}]}<\/script>\n<!-- \/ Yoast SEO plugin. -->","yoast_head_json":{"title":"Rumbo al #FestivalMarvinCDMX 2018: Entrevista Los Monstruos del Ma\u00f1ana &#171; Reconoce MX","robots":{"index":"index","follow":"follow","max-snippet":"max-snippet:-1","max-image-preview":"max-image-preview:large","max-video-preview":"max-video-preview:-1"},"canonical":"https:\/\/www.reconoce.mx\/?p=73161","og_locale":"es_ES","og_type":"article","og_title":"Rumbo al #FestivalMarvinCDMX 2018: Entrevista Los Monstruos del Ma\u00f1ana &#171; Reconoce MX","og_description":"El grupo de psicodelia tropical mexicana Los Monstruos del Ma\u00f1ana es uno de los talentos especiales del #FestivalMarvinCDMX.","og_url":"https:\/\/www.reconoce.mx\/?p=73161","og_site_name":"Reconoce MX","article_publisher":"https:\/\/es-la.facebook.com\/ReconoceMX\/","article_published_time":"2018-05-15T05:03:49+00:00","article_modified_time":"2018-05-15T05:17:23+00:00","og_image":[{"width":590,"height":380,"url":"https:\/\/www.reconoce.mx\/wp-content\/uploads\/2018\/05\/festivalmarcivncdmx-monstruos-del-ma\u00f1ana.jpg","type":"image\/jpeg"}],"author":"Reconoce MX","twitter_card":"summary_large_image","twitter_creator":"@reconocemx","twitter_site":"@reconocemx","twitter_misc":{"Escrito por":"Reconoce MX","Tiempo de lectura":"3 minutos"},"schema":{"@context":"https:\/\/schema.org","@graph":[{"@type":"Article","@id":"https:\/\/www.reconoce.mx\/?p=73161#article","isPartOf":{"@id":"https:\/\/www.reconoce.mx\/?p=73161"},"author":{"name":"Reconoce MX","@id":"http:\/\/www.reconoce.mx\/#\/schema\/person\/2117e997d7051dc15d6880eaf9bca0b2"},"headline":"Rumbo al #FestivalMarvinCDMX 2018: Entrevista Los Monstruos del Ma\u00f1ana","datePublished":"2018-05-15T05:03:49+00:00","dateModified":"2018-05-15T05:17:23+00:00","mainEntityOfPage":{"@id":"https:\/\/www.reconoce.mx\/?p=73161"},"wordCount":528,"commentCount":0,"publisher":{"@id":"http:\/\/www.reconoce.mx\/#organization"},"image":{"@id":"https:\/\/www.reconoce.mx\/?p=73161#primaryimage"},"thumbnailUrl":"https:\/\/www.reconoce.mx\/wp-content\/uploads\/2018\/05\/festivalmarcivncdmx-monstruos-del-ma\u00f1ana.jpg","articleSection":["Cultura","M\u00fasica","Principal"],"inLanguage":"es","potentialAction":[{"@type":"CommentAction","name":"Comment","target":["https:\/\/www.reconoce.mx\/?p=73161#respond"]}]},{"@type":"WebPage","@id":"https:\/\/www.reconoce.mx\/?p=73161","url":"https:\/\/www.reconoce.mx\/?p=73161","name":"Rumbo al #FestivalMarvinCDMX 2018: Entrevista Los Monstruos del Ma\u00f1ana &#171; Reconoce MX","isPartOf":{"@id":"http:\/\/www.reconoce.mx\/#website"},"primaryImageOfPage":{"@id":"https:\/\/www.reconoce.mx\/?p=73161#primaryimage"},"image":{"@id":"https:\/\/www.reconoce.mx\/?p=73161#primaryimage"},"thumbnailUrl":"https:\/\/www.reconoce.mx\/wp-content\/uploads\/2018\/05\/festivalmarcivncdmx-monstruos-del-ma\u00f1ana.jpg","datePublished":"2018-05-15T05:03:49+00:00","dateModified":"2018-05-15T05:17:23+00:00","breadcrumb":{"@id":"https:\/\/www.reconoce.mx\/?p=73161#breadcrumb"},"inLanguage":"es","potentialAction":[{"@type":"ReadAction","target":["https:\/\/www.reconoce.mx\/?p=73161"]}]},{"@type":"ImageObject","inLanguage":"es","@id":"https:\/\/www.reconoce.mx\/?p=73161#primaryimage","url":"https:\/\/www.reconoce.mx\/wp-content\/uploads\/2018\/05\/festivalmarcivncdmx-monstruos-del-ma\u00f1ana.jpg","contentUrl":"https:\/\/www.reconoce.mx\/wp-content\/uploads\/2018\/05\/festivalmarcivncdmx-monstruos-del-ma\u00f1ana.jpg","width":590,"height":380},{"@type":"BreadcrumbList","@id":"https:\/\/www.reconoce.mx\/?p=73161#breadcrumb","itemListElement":[{"@type":"ListItem","position":1,"name":"Portada","item":"http:\/\/www.reconoce.mx\/"},{"@type":"ListItem","position":2,"name":"Rumbo al #FestivalMarvinCDMX 2018: Entrevista Los Monstruos del Ma\u00f1ana"}]},{"@type":"WebSite","@id":"http:\/\/www.reconoce.mx\/#website","url":"http:\/\/www.reconoce.mx\/","name":"Reconoce MX","description":"En Reconoce MX difundimos arte, cultura y conciencia social en M\u00e9xico. Tu ciudad en otra perspectiva.","publisher":{"@id":"http:\/\/www.reconoce.mx\/#organization"},"potentialAction":[{"@type":"SearchAction","target":{"@type":"EntryPoint","urlTemplate":"http:\/\/www.reconoce.mx\/?s={search_term_string}"},"query-input":{"@type":"PropertyValueSpecification","valueRequired":true,"valueName":"search_term_string"}}],"inLanguage":"es"},{"@type":"Organization","@id":"http:\/\/www.reconoce.mx\/#organization","name":"Reconoce MX","url":"http:\/\/www.reconoce.mx\/","logo":{"@type":"ImageObject","inLanguage":"es","@id":"http:\/\/www.reconoce.mx\/#\/schema\/logo\/image\/","url":"https:\/\/www.reconoce.mx\/wp-content\/uploads\/2019\/03\/logorcmx-good-1.png","contentUrl":"https:\/\/www.reconoce.mx\/wp-content\/uploads\/2019\/03\/logorcmx-good-1.png","width":280,"height":90,"caption":"Reconoce MX"},"image":{"@id":"http:\/\/www.reconoce.mx\/#\/schema\/logo\/image\/"},"sameAs":["https:\/\/es-la.facebook.com\/ReconoceMX\/","https:\/\/x.com\/reconocemx","http:\/\/@reconocemx"]},{"@type":"Person","@id":"http:\/\/www.reconoce.mx\/#\/schema\/person\/2117e997d7051dc15d6880eaf9bca0b2","name":"Reconoce MX","image":{"@type":"ImageObject","inLanguage":"es","@id":"http:\/\/www.reconoce.mx\/#\/schema\/person\/image\/","url":"https:\/\/secure.gravatar.com\/avatar\/6c8d4dc7569ca1c90c5fdcc349f839d5ddef6fe1e70b4337ead2ef1a4c43fc3a?s=96&d=identicon&r=g","contentUrl":"https:\/\/secure.gravatar.com\/avatar\/6c8d4dc7569ca1c90c5fdcc349f839d5ddef6fe1e70b4337ead2ef1a4c43fc3a?s=96&d=identicon&r=g","caption":"Reconoce MX"},"description":"Reconoce MX es un proyecto de difusi\u00f3n art\u00edstica, cultural y de conciencia social que est\u00e1 enfocado a difundir y fomentar el entretenimiento alternativo de calidad para todo el p\u00fablico que comparta el mismo entusiasmo.","sameAs":["http:\/\/www.reconoce.mx"],"url":"https:\/\/www.reconoce.mx\/?author=2"}]}},"_links":{"self":[{"href":"https:\/\/www.reconoce.mx\/index.php?rest_route=\/wp\/v2\/posts\/73161","targetHints":{"allow":["GET"]}}],"collection":[{"href":"https:\/\/www.reconoce.mx\/index.php?rest_route=\/wp\/v2\/posts"}],"about":[{"href":"https:\/\/www.reconoce.mx\/index.php?rest_route=\/wp\/v2\/types\/post"}],"author":[{"embeddable":true,"href":"https:\/\/www.reconoce.mx\/index.php?rest_route=\/wp\/v2\/users\/2"}],"replies":[{"embeddable":true,"href":"https:\/\/www.reconoce.mx\/index.php?rest_route=%2Fwp%2Fv2%2Fcomments&post=73161"}],"version-history":[{"count":2,"href":"https:\/\/www.reconoce.mx\/index.php?rest_route=\/wp\/v2\/posts\/73161\/revisions"}],"predecessor-version":[{"id":73164,"href":"https:\/\/www.reconoce.mx\/index.php?rest_route=\/wp\/v2\/posts\/73161\/revisions\/73164"}],"wp:featuredmedia":[{"embeddable":true,"href":"https:\/\/www.reconoce.mx\/index.php?rest_route=\/wp\/v2\/media\/73162"}],"wp:attachment":[{"href":"https:\/\/www.reconoce.mx\/index.php?rest_route=%2Fwp%2Fv2%2Fmedia&parent=73161"}],"wp:term":[{"taxonomy":"category","embeddable":true,"href":"https:\/\/www.reconoce.mx\/index.php?rest_route=%2Fwp%2Fv2%2Fcategories&post=73161"},{"taxonomy":"post_tag","embeddable":true,"href":"https:\/\/www.reconoce.mx\/index.php?rest_route=%2Fwp%2Fv2%2Ftags&post=73161"}],"curies":[{"name":"wp","href":"https:\/\/api.w.org\/{rel}","templated":true}]}}