{"id":73166,"date":"2018-05-15T00:04:54","date_gmt":"2018-05-15T05:04:54","guid":{"rendered":"http:\/\/www.reconoce.mx\/?p=73166"},"modified":"2018-05-15T00:17:12","modified_gmt":"2018-05-15T05:17:12","slug":"rumbo-al-festivalmarvincdmx-2018-entrevista-coco-cece","status":"publish","type":"post","link":"https:\/\/www.reconoce.mx\/?p=73166","title":{"rendered":"Rumbo al #FestivalMarvinCDMX 2018: Entrevista Coc\u00f3 Cec\u00e9"},"content":{"rendered":"<p><strong>Texto y foto por <a href=\"https:\/\/twitter.com\/soandreea\" target=\"_blank\" rel=\"noopener\">Andrea Ram\u00edrez<\/a><\/strong>.<\/p>\n<p><strong>Coc\u00f3 Cec\u00e9<\/strong>, la joven juarense, ha hecho voltear al p\u00fablico y al medio musical por su extravagancia y su pop realista; con su nuevo EP \u00abBestias de la ciudad\u00bb se integra al cartel del <a href=\"https:\/\/twitter.com\/search?q=%23FestivalMarvinCDMX&amp;src=typd\" target=\"_blank\" rel=\"noopener\"><strong>#FestivalMarvinCDMX<\/strong><\/a>, siendo uno de los talentos femeninos en esta octava edici\u00f3n.<\/p>\n<p>Platicamos un rato con ella acerca de su presentaci\u00f3n en Marvin y las sorpresas que traer\u00e1 con ella.<\/p>\n<p><span style=\"color: #a81f25;\"> <strong>Reconoce MX<\/strong><\/span>: \u00bfC\u00f3mo te sientes al ser parte del talento femenino del <strong>Festival Marvin<\/strong>?<\/p>\n<p><span style=\"color: #0aa650;\"><strong>Coc\u00f3 Cec\u00e9<\/strong><\/span>: Por un lado me siento un poco triste por ser tan pocas, se van abriendo camino a todas las chicas que vienen detr\u00e1s; por ejemplo, recuerdo que en su tiempo cuando se fue <strong>Carla Morrison<\/strong> de verdad me impactaban los comentarios tan extra\u00f1os que le daban; ella va a hacer m\u00fasica, ella no es modelo, ella va a expresarse en un escenario entonces, viendo a la gente criticando tan feo me hace pensar si a ella le est\u00e1n diciendo eso, \u00bfqu\u00e9 me van a decir a m\u00ed? Pero al ver que esa persona es tan fuerte y no le importa lo que dicen, si a ella no le importa pues, a m\u00ed tampoco. Eso te da un poder a t\u00ed, hay que tener ese empujonsito, ese en el que empiezas a recibir cr\u00edticas fuertes; es un balance entre ya est\u00e1s cayendo gorda y gustas mucho. En esa etapa hay que ser muy fuerte.<\/p>\n<p><span style=\"color: #a81f25;\"><strong>RCMX<\/strong><\/span>: Compartiste escenario con <strong>Mar\u00eda Daniela y Su Sonido Laser<\/strong> en <strong>#VL18<\/strong>. \u00bfTienes pensado alguna colaboraci\u00f3n?<\/p>\n<p><span style=\"color: #0aa650;\"><strong>CC<\/strong><\/span>: Con Mar\u00eda Daniela, ella me habl\u00f3, me invitaron a ser parte y yo no me la cre\u00eda. Esa colaboraci\u00f3n sali\u00f3 por una llamada, pero a\u00fan no tengo alguna colaboraci\u00f3n.<\/p>\n<p><span style=\"color: #a81f25;\"><strong>RCMX<\/strong><\/span>: \u00bfQu\u00e9 talentos tienes pensado ver en<strong> Festival Marvin<\/strong>?<\/p>\n<p><span style=\"color: #0aa650;\"><strong>CC<\/strong><\/span>: Hay que darles un chance y escuchar todas las bandas y ver cu\u00e1les les late porque a m\u00ed me ha pasado que voy a un festival, no conozco a la banda, y luego escucho todas las canciones y digo \u00abno manches, \u00bfpor qu\u00e9 no las vi?\u00bb Entonces yo les recomiendo que escuchen todo el cartel, se pueden arrepentir de no ir. Les recomendar\u00eda a <strong>Tino el Ping\u00fcino<\/strong>, <strong>Ramona<\/strong>, hay demasiada diversidad.<\/p>\n<p><strong>Coc\u00f3 Cec\u00e9<\/strong> recientemente estren\u00f3 su nuevo sencillo \u00abTodo para m\u00ed\u00bb, mismo que puedes escuchar en vivo en su presentaci\u00f3n en el <strong>Festival Marvin.<\/strong><\/p>\n<p><iframe title=\"Spotify Embed: Todo Para M\u00ed\" style=\"border-radius: 12px\" width=\"100%\" height=\"352\" frameborder=\"0\" allowfullscreen allow=\"autoplay; clipboard-write; encrypted-media; fullscreen; picture-in-picture\" loading=\"lazy\" src=\"https:\/\/open.spotify.com\/embed\/album\/3ZuZSoSti59MHb5oW8Rvcu?utm_source=oembed\"><\/iframe><\/p>\n<p>A <strong>Coc\u00f3 Cec\u00e9<\/strong> puedes verla el pr\u00f3ximo s\u00e1bado 19 de mayo a las 14:05 horas en <strong>Parque Espa\u00f1a<\/strong>. <a href=\"https:\/\/twitter.com\/search?q=%23FestivalMarvinCDMX&amp;src=typd\" target=\"_blank\" rel=\"noopener\"><strong>#FestivalMarvinCDMX<\/strong><\/a> se realizar\u00e1 los d\u00edas 17, 18 y 19 de mayo de 2018 (siendo el 19 la jornada musical), en distintos <em>venues<\/em> de la zona Condesa-Roma. Evento para mayores de edad. Para m\u00e1s informaci\u00f3n <a href=\"http:\/\/festival.marvin.com.mx\/2018\/\" target=\"_blank\" rel=\"noopener\">consulta el sitio oficial<\/a>.<\/p>\n<p>&nbsp;<\/p>\n<p>&nbsp;<\/p>\n","protected":false},"excerpt":{"rendered":"<p>Coc\u00f3 Cec\u00e9, la joven juarense, ha hecho voltear al p\u00fablico y al medio musical por su extravagancia y su pop realista; con su nuevo EP \u00abBestias de la ciudad\u00bb se integra al cartel del #FestivalMarvinCDMX, siendo uno de los talentos femeninos en esta octava edici\u00f3n.<\/p>\n","protected":false},"author":2,"featured_media":73167,"comment_status":"open","ping_status":"open","sticky":false,"template":"","format":"standard","meta":{"footnotes":""},"categories":[1,18,17],"tags":[],"class_list":["post-73166","post","type-post","status-publish","format-standard","has-post-thumbnail","hentry","category-cultura","category-musica","category-principal"],"yoast_head":"<!-- This site is optimized with the Yoast SEO plugin v24.7 - https:\/\/yoast.com\/wordpress\/plugins\/seo\/ -->\n<title>Rumbo al #FestivalMarvinCDMX 2018: Entrevista Coc\u00f3 Cec\u00e9 &#171; Reconoce MX<\/title>\n<meta name=\"robots\" content=\"index, follow, max-snippet:-1, max-image-preview:large, max-video-preview:-1\" \/>\n<link rel=\"canonical\" href=\"https:\/\/www.reconoce.mx\/?p=73166\" \/>\n<meta property=\"og:locale\" content=\"es_ES\" \/>\n<meta property=\"og:type\" content=\"article\" \/>\n<meta property=\"og:title\" content=\"Rumbo al #FestivalMarvinCDMX 2018: Entrevista Coc\u00f3 Cec\u00e9 &#171; Reconoce MX\" \/>\n<meta property=\"og:description\" content=\"Coc\u00f3 Cec\u00e9, la joven juarense, ha hecho voltear al p\u00fablico y al medio musical por su extravagancia y su pop realista; con su nuevo EP &quot;Bestias de la ciudad&quot; se integra al cartel del #FestivalMarvinCDMX, siendo uno de los talentos femeninos en esta octava edici\u00f3n.\" \/>\n<meta property=\"og:url\" content=\"https:\/\/www.reconoce.mx\/?p=73166\" \/>\n<meta property=\"og:site_name\" content=\"Reconoce MX\" \/>\n<meta property=\"article:publisher\" content=\"https:\/\/es-la.facebook.com\/ReconoceMX\/\" \/>\n<meta property=\"article:published_time\" content=\"2018-05-15T05:04:54+00:00\" \/>\n<meta property=\"article:modified_time\" content=\"2018-05-15T05:17:12+00:00\" \/>\n<meta property=\"og:image\" content=\"https:\/\/www.reconoce.mx\/wp-content\/uploads\/2018\/05\/coc\u00f3-cec\u00e9.jpg\" \/>\n\t<meta property=\"og:image:width\" content=\"590\" \/>\n\t<meta property=\"og:image:height\" content=\"380\" \/>\n\t<meta property=\"og:image:type\" content=\"image\/jpeg\" \/>\n<meta name=\"author\" content=\"Reconoce MX\" \/>\n<meta name=\"twitter:card\" content=\"summary_large_image\" \/>\n<meta name=\"twitter:creator\" content=\"@reconocemx\" \/>\n<meta name=\"twitter:site\" content=\"@reconocemx\" \/>\n<meta name=\"twitter:label1\" content=\"Escrito por\" \/>\n\t<meta name=\"twitter:data1\" content=\"Reconoce MX\" \/>\n\t<meta name=\"twitter:label2\" content=\"Tiempo de lectura\" \/>\n\t<meta name=\"twitter:data2\" content=\"2 minutos\" \/>\n<script type=\"application\/ld+json\" class=\"yoast-schema-graph\">{\"@context\":\"https:\/\/schema.org\",\"@graph\":[{\"@type\":\"Article\",\"@id\":\"https:\/\/www.reconoce.mx\/?p=73166#article\",\"isPartOf\":{\"@id\":\"https:\/\/www.reconoce.mx\/?p=73166\"},\"author\":{\"name\":\"Reconoce MX\",\"@id\":\"http:\/\/www.reconoce.mx\/#\/schema\/person\/2117e997d7051dc15d6880eaf9bca0b2\"},\"headline\":\"Rumbo al #FestivalMarvinCDMX 2018: Entrevista Coc\u00f3 Cec\u00e9\",\"datePublished\":\"2018-05-15T05:04:54+00:00\",\"dateModified\":\"2018-05-15T05:17:12+00:00\",\"mainEntityOfPage\":{\"@id\":\"https:\/\/www.reconoce.mx\/?p=73166\"},\"wordCount\":482,\"commentCount\":0,\"publisher\":{\"@id\":\"http:\/\/www.reconoce.mx\/#organization\"},\"image\":{\"@id\":\"https:\/\/www.reconoce.mx\/?p=73166#primaryimage\"},\"thumbnailUrl\":\"https:\/\/www.reconoce.mx\/wp-content\/uploads\/2018\/05\/coc\u00f3-cec\u00e9.jpg\",\"articleSection\":[\"Cultura\",\"M\u00fasica\",\"Principal\"],\"inLanguage\":\"es\",\"potentialAction\":[{\"@type\":\"CommentAction\",\"name\":\"Comment\",\"target\":[\"https:\/\/www.reconoce.mx\/?p=73166#respond\"]}]},{\"@type\":\"WebPage\",\"@id\":\"https:\/\/www.reconoce.mx\/?p=73166\",\"url\":\"https:\/\/www.reconoce.mx\/?p=73166\",\"name\":\"Rumbo al #FestivalMarvinCDMX 2018: Entrevista Coc\u00f3 Cec\u00e9 &#171; Reconoce MX\",\"isPartOf\":{\"@id\":\"http:\/\/www.reconoce.mx\/#website\"},\"primaryImageOfPage\":{\"@id\":\"https:\/\/www.reconoce.mx\/?p=73166#primaryimage\"},\"image\":{\"@id\":\"https:\/\/www.reconoce.mx\/?p=73166#primaryimage\"},\"thumbnailUrl\":\"https:\/\/www.reconoce.mx\/wp-content\/uploads\/2018\/05\/coc\u00f3-cec\u00e9.jpg\",\"datePublished\":\"2018-05-15T05:04:54+00:00\",\"dateModified\":\"2018-05-15T05:17:12+00:00\",\"breadcrumb\":{\"@id\":\"https:\/\/www.reconoce.mx\/?p=73166#breadcrumb\"},\"inLanguage\":\"es\",\"potentialAction\":[{\"@type\":\"ReadAction\",\"target\":[\"https:\/\/www.reconoce.mx\/?p=73166\"]}]},{\"@type\":\"ImageObject\",\"inLanguage\":\"es\",\"@id\":\"https:\/\/www.reconoce.mx\/?p=73166#primaryimage\",\"url\":\"https:\/\/www.reconoce.mx\/wp-content\/uploads\/2018\/05\/coc\u00f3-cec\u00e9.jpg\",\"contentUrl\":\"https:\/\/www.reconoce.mx\/wp-content\/uploads\/2018\/05\/coc\u00f3-cec\u00e9.jpg\",\"width\":590,\"height\":380},{\"@type\":\"BreadcrumbList\",\"@id\":\"https:\/\/www.reconoce.mx\/?p=73166#breadcrumb\",\"itemListElement\":[{\"@type\":\"ListItem\",\"position\":1,\"name\":\"Portada\",\"item\":\"http:\/\/www.reconoce.mx\/\"},{\"@type\":\"ListItem\",\"position\":2,\"name\":\"Rumbo al #FestivalMarvinCDMX 2018: Entrevista Coc\u00f3 Cec\u00e9\"}]},{\"@type\":\"WebSite\",\"@id\":\"http:\/\/www.reconoce.mx\/#website\",\"url\":\"http:\/\/www.reconoce.mx\/\",\"name\":\"Reconoce MX\",\"description\":\"En Reconoce MX difundimos arte, cultura y conciencia social en M\u00e9xico. Tu ciudad en otra perspectiva.\",\"publisher\":{\"@id\":\"http:\/\/www.reconoce.mx\/#organization\"},\"potentialAction\":[{\"@type\":\"SearchAction\",\"target\":{\"@type\":\"EntryPoint\",\"urlTemplate\":\"http:\/\/www.reconoce.mx\/?s={search_term_string}\"},\"query-input\":{\"@type\":\"PropertyValueSpecification\",\"valueRequired\":true,\"valueName\":\"search_term_string\"}}],\"inLanguage\":\"es\"},{\"@type\":\"Organization\",\"@id\":\"http:\/\/www.reconoce.mx\/#organization\",\"name\":\"Reconoce MX\",\"url\":\"http:\/\/www.reconoce.mx\/\",\"logo\":{\"@type\":\"ImageObject\",\"inLanguage\":\"es\",\"@id\":\"http:\/\/www.reconoce.mx\/#\/schema\/logo\/image\/\",\"url\":\"https:\/\/www.reconoce.mx\/wp-content\/uploads\/2019\/03\/logorcmx-good-1.png\",\"contentUrl\":\"https:\/\/www.reconoce.mx\/wp-content\/uploads\/2019\/03\/logorcmx-good-1.png\",\"width\":280,\"height\":90,\"caption\":\"Reconoce MX\"},\"image\":{\"@id\":\"http:\/\/www.reconoce.mx\/#\/schema\/logo\/image\/\"},\"sameAs\":[\"https:\/\/es-la.facebook.com\/ReconoceMX\/\",\"https:\/\/x.com\/reconocemx\",\"http:\/\/@reconocemx\"]},{\"@type\":\"Person\",\"@id\":\"http:\/\/www.reconoce.mx\/#\/schema\/person\/2117e997d7051dc15d6880eaf9bca0b2\",\"name\":\"Reconoce MX\",\"image\":{\"@type\":\"ImageObject\",\"inLanguage\":\"es\",\"@id\":\"http:\/\/www.reconoce.mx\/#\/schema\/person\/image\/\",\"url\":\"https:\/\/secure.gravatar.com\/avatar\/6c8d4dc7569ca1c90c5fdcc349f839d5ddef6fe1e70b4337ead2ef1a4c43fc3a?s=96&d=identicon&r=g\",\"contentUrl\":\"https:\/\/secure.gravatar.com\/avatar\/6c8d4dc7569ca1c90c5fdcc349f839d5ddef6fe1e70b4337ead2ef1a4c43fc3a?s=96&d=identicon&r=g\",\"caption\":\"Reconoce MX\"},\"description\":\"Reconoce MX es un proyecto de difusi\u00f3n art\u00edstica, cultural y de conciencia social que est\u00e1 enfocado a difundir y fomentar el entretenimiento alternativo de calidad para todo el p\u00fablico que comparta el mismo entusiasmo.\",\"sameAs\":[\"http:\/\/www.reconoce.mx\"],\"url\":\"https:\/\/www.reconoce.mx\/?author=2\"}]}<\/script>\n<!-- \/ Yoast SEO plugin. -->","yoast_head_json":{"title":"Rumbo al #FestivalMarvinCDMX 2018: Entrevista Coc\u00f3 Cec\u00e9 &#171; Reconoce MX","robots":{"index":"index","follow":"follow","max-snippet":"max-snippet:-1","max-image-preview":"max-image-preview:large","max-video-preview":"max-video-preview:-1"},"canonical":"https:\/\/www.reconoce.mx\/?p=73166","og_locale":"es_ES","og_type":"article","og_title":"Rumbo al #FestivalMarvinCDMX 2018: Entrevista Coc\u00f3 Cec\u00e9 &#171; Reconoce MX","og_description":"Coc\u00f3 Cec\u00e9, la joven juarense, ha hecho voltear al p\u00fablico y al medio musical por su extravagancia y su pop realista; con su nuevo EP \"Bestias de la ciudad\" se integra al cartel del #FestivalMarvinCDMX, siendo uno de los talentos femeninos en esta octava edici\u00f3n.","og_url":"https:\/\/www.reconoce.mx\/?p=73166","og_site_name":"Reconoce MX","article_publisher":"https:\/\/es-la.facebook.com\/ReconoceMX\/","article_published_time":"2018-05-15T05:04:54+00:00","article_modified_time":"2018-05-15T05:17:12+00:00","og_image":[{"width":590,"height":380,"url":"https:\/\/www.reconoce.mx\/wp-content\/uploads\/2018\/05\/coc\u00f3-cec\u00e9.jpg","type":"image\/jpeg"}],"author":"Reconoce MX","twitter_card":"summary_large_image","twitter_creator":"@reconocemx","twitter_site":"@reconocemx","twitter_misc":{"Escrito por":"Reconoce MX","Tiempo de lectura":"2 minutos"},"schema":{"@context":"https:\/\/schema.org","@graph":[{"@type":"Article","@id":"https:\/\/www.reconoce.mx\/?p=73166#article","isPartOf":{"@id":"https:\/\/www.reconoce.mx\/?p=73166"},"author":{"name":"Reconoce MX","@id":"http:\/\/www.reconoce.mx\/#\/schema\/person\/2117e997d7051dc15d6880eaf9bca0b2"},"headline":"Rumbo al #FestivalMarvinCDMX 2018: Entrevista Coc\u00f3 Cec\u00e9","datePublished":"2018-05-15T05:04:54+00:00","dateModified":"2018-05-15T05:17:12+00:00","mainEntityOfPage":{"@id":"https:\/\/www.reconoce.mx\/?p=73166"},"wordCount":482,"commentCount":0,"publisher":{"@id":"http:\/\/www.reconoce.mx\/#organization"},"image":{"@id":"https:\/\/www.reconoce.mx\/?p=73166#primaryimage"},"thumbnailUrl":"https:\/\/www.reconoce.mx\/wp-content\/uploads\/2018\/05\/coc\u00f3-cec\u00e9.jpg","articleSection":["Cultura","M\u00fasica","Principal"],"inLanguage":"es","potentialAction":[{"@type":"CommentAction","name":"Comment","target":["https:\/\/www.reconoce.mx\/?p=73166#respond"]}]},{"@type":"WebPage","@id":"https:\/\/www.reconoce.mx\/?p=73166","url":"https:\/\/www.reconoce.mx\/?p=73166","name":"Rumbo al #FestivalMarvinCDMX 2018: Entrevista Coc\u00f3 Cec\u00e9 &#171; Reconoce MX","isPartOf":{"@id":"http:\/\/www.reconoce.mx\/#website"},"primaryImageOfPage":{"@id":"https:\/\/www.reconoce.mx\/?p=73166#primaryimage"},"image":{"@id":"https:\/\/www.reconoce.mx\/?p=73166#primaryimage"},"thumbnailUrl":"https:\/\/www.reconoce.mx\/wp-content\/uploads\/2018\/05\/coc\u00f3-cec\u00e9.jpg","datePublished":"2018-05-15T05:04:54+00:00","dateModified":"2018-05-15T05:17:12+00:00","breadcrumb":{"@id":"https:\/\/www.reconoce.mx\/?p=73166#breadcrumb"},"inLanguage":"es","potentialAction":[{"@type":"ReadAction","target":["https:\/\/www.reconoce.mx\/?p=73166"]}]},{"@type":"ImageObject","inLanguage":"es","@id":"https:\/\/www.reconoce.mx\/?p=73166#primaryimage","url":"https:\/\/www.reconoce.mx\/wp-content\/uploads\/2018\/05\/coc\u00f3-cec\u00e9.jpg","contentUrl":"https:\/\/www.reconoce.mx\/wp-content\/uploads\/2018\/05\/coc\u00f3-cec\u00e9.jpg","width":590,"height":380},{"@type":"BreadcrumbList","@id":"https:\/\/www.reconoce.mx\/?p=73166#breadcrumb","itemListElement":[{"@type":"ListItem","position":1,"name":"Portada","item":"http:\/\/www.reconoce.mx\/"},{"@type":"ListItem","position":2,"name":"Rumbo al #FestivalMarvinCDMX 2018: Entrevista Coc\u00f3 Cec\u00e9"}]},{"@type":"WebSite","@id":"http:\/\/www.reconoce.mx\/#website","url":"http:\/\/www.reconoce.mx\/","name":"Reconoce MX","description":"En Reconoce MX difundimos arte, cultura y conciencia social en M\u00e9xico. Tu ciudad en otra perspectiva.","publisher":{"@id":"http:\/\/www.reconoce.mx\/#organization"},"potentialAction":[{"@type":"SearchAction","target":{"@type":"EntryPoint","urlTemplate":"http:\/\/www.reconoce.mx\/?s={search_term_string}"},"query-input":{"@type":"PropertyValueSpecification","valueRequired":true,"valueName":"search_term_string"}}],"inLanguage":"es"},{"@type":"Organization","@id":"http:\/\/www.reconoce.mx\/#organization","name":"Reconoce MX","url":"http:\/\/www.reconoce.mx\/","logo":{"@type":"ImageObject","inLanguage":"es","@id":"http:\/\/www.reconoce.mx\/#\/schema\/logo\/image\/","url":"https:\/\/www.reconoce.mx\/wp-content\/uploads\/2019\/03\/logorcmx-good-1.png","contentUrl":"https:\/\/www.reconoce.mx\/wp-content\/uploads\/2019\/03\/logorcmx-good-1.png","width":280,"height":90,"caption":"Reconoce MX"},"image":{"@id":"http:\/\/www.reconoce.mx\/#\/schema\/logo\/image\/"},"sameAs":["https:\/\/es-la.facebook.com\/ReconoceMX\/","https:\/\/x.com\/reconocemx","http:\/\/@reconocemx"]},{"@type":"Person","@id":"http:\/\/www.reconoce.mx\/#\/schema\/person\/2117e997d7051dc15d6880eaf9bca0b2","name":"Reconoce MX","image":{"@type":"ImageObject","inLanguage":"es","@id":"http:\/\/www.reconoce.mx\/#\/schema\/person\/image\/","url":"https:\/\/secure.gravatar.com\/avatar\/6c8d4dc7569ca1c90c5fdcc349f839d5ddef6fe1e70b4337ead2ef1a4c43fc3a?s=96&d=identicon&r=g","contentUrl":"https:\/\/secure.gravatar.com\/avatar\/6c8d4dc7569ca1c90c5fdcc349f839d5ddef6fe1e70b4337ead2ef1a4c43fc3a?s=96&d=identicon&r=g","caption":"Reconoce MX"},"description":"Reconoce MX es un proyecto de difusi\u00f3n art\u00edstica, cultural y de conciencia social que est\u00e1 enfocado a difundir y fomentar el entretenimiento alternativo de calidad para todo el p\u00fablico que comparta el mismo entusiasmo.","sameAs":["http:\/\/www.reconoce.mx"],"url":"https:\/\/www.reconoce.mx\/?author=2"}]}},"_links":{"self":[{"href":"https:\/\/www.reconoce.mx\/index.php?rest_route=\/wp\/v2\/posts\/73166","targetHints":{"allow":["GET"]}}],"collection":[{"href":"https:\/\/www.reconoce.mx\/index.php?rest_route=\/wp\/v2\/posts"}],"about":[{"href":"https:\/\/www.reconoce.mx\/index.php?rest_route=\/wp\/v2\/types\/post"}],"author":[{"embeddable":true,"href":"https:\/\/www.reconoce.mx\/index.php?rest_route=\/wp\/v2\/users\/2"}],"replies":[{"embeddable":true,"href":"https:\/\/www.reconoce.mx\/index.php?rest_route=%2Fwp%2Fv2%2Fcomments&post=73166"}],"version-history":[{"count":1,"href":"https:\/\/www.reconoce.mx\/index.php?rest_route=\/wp\/v2\/posts\/73166\/revisions"}],"predecessor-version":[{"id":73168,"href":"https:\/\/www.reconoce.mx\/index.php?rest_route=\/wp\/v2\/posts\/73166\/revisions\/73168"}],"wp:featuredmedia":[{"embeddable":true,"href":"https:\/\/www.reconoce.mx\/index.php?rest_route=\/wp\/v2\/media\/73167"}],"wp:attachment":[{"href":"https:\/\/www.reconoce.mx\/index.php?rest_route=%2Fwp%2Fv2%2Fmedia&parent=73166"}],"wp:term":[{"taxonomy":"category","embeddable":true,"href":"https:\/\/www.reconoce.mx\/index.php?rest_route=%2Fwp%2Fv2%2Fcategories&post=73166"},{"taxonomy":"post_tag","embeddable":true,"href":"https:\/\/www.reconoce.mx\/index.php?rest_route=%2Fwp%2Fv2%2Ftags&post=73166"}],"curies":[{"name":"wp","href":"https:\/\/api.w.org\/{rel}","templated":true}]}}