{"id":74414,"date":"2018-06-27T00:07:18","date_gmt":"2018-06-27T05:07:18","guid":{"rendered":"http:\/\/www.reconoce.mx\/?p=74414"},"modified":"2018-06-27T13:50:14","modified_gmt":"2018-06-27T18:50:14","slug":"machaca-fest-2018-los-regios-si-saben-como-divertirse","status":"publish","type":"post","link":"https:\/\/www.reconoce.mx\/?p=74414","title":{"rendered":"Machaca Fest 2018: los regios s\u00ed saben c\u00f3mo divertirse"},"content":{"rendered":"<p><strong>Texto y fotos por <a href=\"https:\/\/twitter.com\/YessicaDaniels\" target=\"_blank\" rel=\"noopener\">Yessica Daniels<\/a>.<\/strong><\/p>\n<p>El pasado fin de semana se llev\u00f3 a cabo una emisi\u00f3n m\u00e1s del <strong>Machaca Fest<\/strong> que para su edici\u00f3n 2018, una vez m\u00e1s realizada en Monterrey, Nuevo Le\u00f3n, logr\u00f3 reunir a poco m\u00e1s de 30 mil personas, mismas que se dieron cita en las instalaciones del<strong> Parque Fundidora<\/strong>.<\/p>\n<p>Y es que aunque la marca es competencia directa del <strong>Pa&#8217;l Norte<\/strong>, lo \u00fanico que podemos decirles es que \u201cqu\u00e9 buenas fiestas musicales\u201d organizan los regios. Sus carteles siempre nos muestran a grandes estrellas de la m\u00fasica, motivo por el cual <strong>Machaca Fest<\/strong> es considerado como uno de los mejores eventos el pa\u00eds. Para muestra un bot\u00f3n, ya que en esta emisi\u00f3n pudimos observar grandes actos musicales, as\u00ed como tambi\u00e9n alguna que otra sorpresa.<\/p>\n<p>Desde muy temprano el ambiente futbolero pod\u00eda observarse en las cercan\u00edas del parque, con personas que fueron al concierto pero que no dejaron de apoyar a la selecci\u00f3n; as\u00ed que antes de una buena dosis musical, algunas personas apoyaron a nuestra selecci\u00f3n en algunas pantallas que estaban por la zona.<\/p>\n<p><img loading=\"lazy\" decoding=\"async\" class=\"alignnone size-full\" src=\"https:\/\/c1.staticflickr.com\/2\/1761\/28161844087_a9391f9d1b_c.jpg\" width=\"800\" height=\"530\" \/><\/p>\n<p><strong><em>&gt;&gt;<a href=\"https:\/\/www.flickr.com\/photos\/reconocemx\/sets\/72157696743466501\" target=\"_blank\" rel=\"noopener\">Disfruta nuestra galer\u00eda completa de Gran Sur en Machaca Fest 2018<\/a>&lt;&lt;<\/em><\/strong><\/p>\n<p>En las puertas para ingresar despu\u00e9s del partido todav\u00eda pod\u00edan observarse muchos fan\u00e1ticos con el uniforme puesto, pero inmediatamente entrando al recinto ya iniciaron las actividades con la banda <strong>Gran Sur<\/strong>,un conjunto de grandes artistas cuyo sonido se basa en la combinaci\u00f3n de jaranas, trompetas, violines, charangos , una poderosa bater\u00eda a cargo de Elo\u00edn Corona y las guitarras el\u00e9ctricas que hicieron de su m\u00fasica un proyecto digno de escuchar.<\/p>\n<p><img loading=\"lazy\" decoding=\"async\" class=\"alignnone size-full\" src=\"https:\/\/c1.staticflickr.com\/1\/917\/42312178184_b332c8538f_c.jpg\" width=\"800\" height=\"530\" \/><\/p>\n<p><strong><em>&gt;&gt;<a href=\"https:\/\/www.flickr.com\/photos\/reconocemx\/sets\/72157697920719814\" target=\"_blank\" rel=\"noopener\">Disfruta nuestra galer\u00eda completa de Los Rom\u00e1nticos de Zacatecas en Machaca Fest 2018<\/a>&lt;&lt;<\/em><\/strong><\/p>\n<p>Un poco m\u00e1s tarde lleg\u00f3 el turno de Los Rom\u00e1nticos de Zacatecas, quienes desbordaron energ\u00eda como ya es costumbre; as\u00ed como Banda de Turistas, quienes fueron recibidos de gran manera.<\/p>\n<p><img loading=\"lazy\" decoding=\"async\" class=\"alignnone size-full\" src=\"https:\/\/c1.staticflickr.com\/2\/1783\/28161734497_4e9c4b160f_c.jpg\" width=\"800\" height=\"530\" \/><\/p>\n<p><strong><em>&gt;&gt;<a href=\"https:\/\/www.flickr.com\/photos\/reconocemx\/sets\/72157697919989344\/with\/28161734497\/\" target=\"_blank\" rel=\"noopener\">Disfruta nuestra galer\u00eda completa de Banda de Turistas en Machaca Fest 2018<\/a>&lt;&lt;<\/em><\/strong><\/p>\n<p><img loading=\"lazy\" decoding=\"async\" class=\"alignnone size-full\" src=\"https:\/\/c1.staticflickr.com\/2\/1790\/28161952437_2fe5d29af8_c.jpg\" width=\"800\" height=\"530\" \/><\/p>\n<p><strong><em>&gt;&gt;<a href=\"https:\/\/www.flickr.com\/photos\/reconocemx\/sets\/72157692626645250\" target=\"_blank\" rel=\"noopener\">Disfruta nuestra galer\u00eda completa de La Mosca Ts\u00e9-Ts\u00e9 en Machaca Fest 2018<\/a>&lt;&lt;<\/em><\/strong><\/p>\n<p>Un momento importante del festival fue el gran regreso de <strong>La Mosca Ts\u00e9-Ts\u00e9<\/strong>, quienes actualmente se encuentran girando por nuestro pa\u00eds en su gira de reencuentro-regreso a la que si tienes la oportunidad de asistir, te lo recomiendo ampliamente. Adem\u00e1s de escuchar \u00e9xitos como \u00abTe quiero comer la boca\u00bb, \u00abTodos tenemos un amor\u00bb y \u00abPara no verte m\u00e1s\u00bb,<strong> La Mosca Ts\u00e9-Ts\u00e9<\/strong> son una gran banda representativa del ska argentino.<\/p>\n<p><img loading=\"lazy\" decoding=\"async\" class=\"alignnone size-full\" src=\"https:\/\/c1.staticflickr.com\/2\/1822\/42312159974_3b7297d755_c.jpg\" width=\"800\" height=\"530\" \/><\/p>\n<p><strong><em>&gt;&gt;<a href=\"https:\/\/www.flickr.com\/photos\/reconocemx\/sets\/72157668508726237\" target=\"_blank\" rel=\"noopener\">Disfruta nuestra galer\u00eda completa de No Te Va Gustar en Machaca Fest 2018<\/a>&lt;&lt;<\/em><\/strong><\/p>\n<p><strong>No Te Va Gustar<\/strong> ofrecieron un peque\u00f1o pero gran repertorio musical, alegrando a sus fans regios que los esperaban desde muy temprano.<\/p>\n<p><img loading=\"lazy\" decoding=\"async\" class=\"alignnone size-full\" src=\"https:\/\/c1.staticflickr.com\/2\/1786\/42311936714_73f1ec80e8_c.jpg\" width=\"800\" height=\"530\" \/><\/p>\n<p><strong><em>&gt;&gt;<a href=\"https:\/\/www.flickr.com\/photos\/reconocemx\/sets\/72157668508335227\" target=\"_blank\" rel=\"noopener\">Disfruta nuestra galer\u00eda completa de Hello Seahorse! en Machaca Fest 2018<\/a>&lt;&lt;<\/em><\/strong><\/p>\n<p><img loading=\"lazy\" decoding=\"async\" class=\"alignnone size-full\" src=\"https:\/\/c1.staticflickr.com\/2\/1790\/42128421795_014a138978_c.jpg\" width=\"800\" height=\"530\" \/><\/p>\n<p><strong><em>&gt;&gt;<a href=\"https:\/\/www.flickr.com\/photos\/reconocemx\/albums\/72157668536998367\" target=\"_blank\" rel=\"noopener\">Disfruta nuestra galer\u00eda completa de Mon Laferte en Machaca Fest 2018<\/a>&lt;&lt;<\/em><\/strong><\/p>\n<p><strong>Hello Seahorse!<\/strong> tambi\u00e9n tuvieron una gran tarde, pero sin lugar a dudas, otro de los actos que m\u00e1s celebraron los asistentes fue la presentaci\u00f3n de la chilena <strong>Mon Laferte<\/strong>. Mientras m\u00e1s pasan los d\u00edas, m\u00e1s conquista Mon al p\u00fablico regio. A pesar de haberse presentado en un escenario no principal, la chilena abarrot\u00f3 el lugar en un horario complicado.<\/p>\n<p><img loading=\"lazy\" decoding=\"async\" class=\"alignnone size-full\" src=\"https:\/\/c1.staticflickr.com\/1\/919\/42128012665_be00a4819f_c.jpg\" width=\"800\" height=\"530\" \/><\/p>\n<p><strong><em>&gt;&gt;<a href=\"https:\/\/www.flickr.com\/photos\/reconocemx\/albums\/72157692626204980\" target=\"_blank\" rel=\"noopener\">Disfruta nuestra galer\u00eda completa de Babas\u00f3nicos en Machaca Fest 2018<\/a>&lt;&lt;<\/em><\/strong><\/p>\n<p><img loading=\"lazy\" decoding=\"async\" class=\"alignnone size-full\" src=\"https:\/\/c1.staticflickr.com\/2\/1790\/42980940762_e93da959e7_c.jpg\" width=\"800\" height=\"530\" \/><\/p>\n<p><strong><em>&gt;&gt;<a href=\"https:\/\/www.flickr.com\/photos\/reconocemx\/sets\/72157696744082641\" target=\"_blank\" rel=\"noopener\">Disfruta nuestra galer\u00eda completa de Vicentico en Machaca Fest 2018<\/a>&lt;&lt;<\/em><\/strong><\/p>\n<p>Los argentinos <strong>Babas\u00f3nicos<\/strong> y <strong>Vicentico<\/strong> estuvieron presentes en esta edici\u00f3n del Machaca donde el p\u00fablico no estuvo tan prendido como en otras ocasiones, aunque s\u00ed disfrutaron de ambos shows. En mi opini\u00f3n fue la selecci\u00f3n de canciones para ambos shows las que no motivaron a los presentes.<\/p>\n<p><img loading=\"lazy\" decoding=\"async\" class=\"alignnone size-full\" src=\"https:\/\/c1.staticflickr.com\/2\/1824\/28161991677_855345f1fc_c.jpg\" width=\"800\" height=\"530\" \/><\/p>\n<p><strong><em>&gt;&gt;<a href=\"https:\/\/www.flickr.com\/photos\/reconocemx\/sets\/72157695254842352\" target=\"_blank\" rel=\"noopener\">Disfruta nuestra galer\u00eda completa de Moderatto en Machaca Fest 2018<\/a>&lt;&lt;<\/em><\/strong><\/p>\n<p>Otro momento clave del festival fue la gran presentaci\u00f3n de <strong>Moderatto<\/strong>, quienes abarrotaron un escenario peque\u00f1o de manera impresionante. El anterior hecho me puso a pensar un poco en lo distinto que es el \u201cpublico regio\u201d, y lo digo no solo porque he tenido la fortuna de visitar varios estados con sus festivales musicales, sino porque si hacemos una peque\u00f1a comparaci\u00f3n con el p\u00fablico de la Ciudad de M\u00e9xico, creo que los del norte son m\u00e1s chidos. No solo porque a mi parecer disfrutan la m\u00fasica por lo que es: m\u00fasica, sino porque dejan de estar armando controversias en si una banda deber\u00eda estar o no en sus carteles. S\u00f3lo vean lo r\u00e1pido que se venden sus boletos a\u00fan sin haber sido anunciadas las bandas, hecho que por supuesto te habla del gran apoyo a sus festivales. Siguiendo con el show de <strong>Moderatto<\/strong>, ese mismo escenario no lo podr\u00edamos ver nunca en Ciudad de M\u00e9xico y menos en un festival como el <strong>Vive Latino<\/strong>, ya que los m\u00fasicos hubieran sido bajados a botellazos o monedazos del escenario. Ya ven que en ocasiones nos sentimos con el poder de exigir qui\u00e9nes s\u00ed deben y qui\u00e9nes no deben ser integrados en un cartel musical. Algo as\u00ed ya sucedi\u00f3 en el a\u00f1o 2000, les recomiendo buscar videos.<\/p>\n<p><img loading=\"lazy\" decoding=\"async\" class=\"alignnone size-full\" src=\"https:\/\/c1.staticflickr.com\/2\/1824\/42128173265_fed847ca11_c.jpg\" width=\"800\" height=\"530\" \/><\/p>\n<p><strong><em>&gt;&gt;<a href=\"https:\/\/www.flickr.com\/photos\/reconocemx\/sets\/72157696743420371\" target=\"_blank\" rel=\"noopener\">Disfruta nuestra galer\u00eda completa de Don Omar en Machaca Fest 2018<\/a>&lt;&lt;<\/em><\/strong><\/p>\n<p><img loading=\"lazy\" decoding=\"async\" class=\"alignnone size-full\" src=\"https:\/\/c1.staticflickr.com\/2\/1823\/28161902787_724d012222_c.jpg\" width=\"800\" height=\"530\" \/><\/p>\n<p><strong><em>&gt;&gt;<a href=\"https:\/\/www.flickr.com\/photos\/reconocemx\/sets\/72157698420513505\" target=\"_blank\" rel=\"noopener\">Disfruta nuestra galer\u00eda completa de J Balvin en Machaca Fest 2018<\/a>&lt;&lt;<\/em><\/strong><\/p>\n<p>Siguiendo con lo abiertos que son los regios a nuevos estilos musicales, los reguetoneros <strong>J Balvin<\/strong> y <strong>Don Omar<\/strong> fueron recibidos como si del mism\u00edsimo <strong>Paul McCartney<\/strong> se tratara; todos los presentes abarrotaron el escenario de la cerveza patrocinadora de una manera impresionante.<\/p>\n<p><img loading=\"lazy\" decoding=\"async\" class=\"alignnone size-full\" src=\"https:\/\/c1.staticflickr.com\/2\/1788\/42980588912_05c8b30c3c_c.jpg\" width=\"800\" height=\"514\" \/><\/p>\n<p><strong><em>&gt;&gt;<a href=\"https:\/\/www.flickr.com\/photos\/reconocemx\/sets\/72157698420250395\" target=\"_blank\" rel=\"noopener\">Disfruta nuestra galer\u00eda completa de Caifanes en Machaca Fest 2018<\/a>&lt;&lt;<\/em><\/strong><\/p>\n<p>Mientras hac\u00eda mi cobertura escuch\u00e9 a una reportera del peri\u00f3dico local decir que lo mejor que le hab\u00eda pasado al Machaca hab\u00eda sido haber invitado a <strong>Caifanes<\/strong>, una de las bandas que m\u00e1s fueron arropadas como si fueran de casa fueron los liderados por <strong>Sa\u00fal Hern\u00e1ndez<\/strong>.<\/p>\n<p>La agrupaci\u00f3n regional mexicana <strong>Intocable<\/strong> no tiene por qu\u00e9 tener explicaci\u00f3n del porqu\u00e9 tambi\u00e9n fueron considerados como uno de los grandes actos de la noche; su m\u00fasica ha formado parte de la vida de todos, creo yo, sin exagerar.<\/p>\n<p>Ya para cerrar esta nota, es importante se\u00f1alar el acto musical de la banda que era esperado por todos, <strong>30 Seconds to Mars<\/strong>, ya que su show en todo momento fue un acto dif\u00edcil de olvidar.<\/p>\n<p><img loading=\"lazy\" decoding=\"async\" class=\"alignnone size-full\" src=\"https:\/\/c1.staticflickr.com\/2\/1827\/29158894698_d81ef4ba97_c.jpg\" width=\"800\" height=\"530\" \/><\/p>\n<p><strong><em>&gt;&gt;<a href=\"https:\/\/www.flickr.com\/photos\/reconocemx\/sets\/72157698420892025\" target=\"_blank\" rel=\"noopener\">Disfruta nuestra galer\u00eda completa de 30 Seconds to Mars en Machaca Fest 2018<\/a>&lt;&lt;<\/em><\/strong><\/p>\n<p>Jared Leto, l\u00edder y vocal de la banda, sali\u00f3 al escenario con un chal hecho en M\u00e9xico y con una gran bandera mexicana en el pecho. Adem\u00e1s su agencia decidi\u00f3 subir algunas fans al escenario en un tipo gradas para que vieran el show de m\u00e1s cerca. <strong>Shanon Leto<\/strong> hizo lo propio en una poderosa bater\u00eda que hizo feliz a cientos de admiradoras que le gritaban con el deseo de ser escuchadas.<\/p>\n<p>Asi fue como un festival tan grande y tan bonito se realiz\u00f3 con saldo blanco y con un gran organizaci\u00f3n, no solo para los asistentes, sino tambi\u00e9n para la prensa local y for\u00e1nea como nosotros, ya que en todo momento los organizadores mostraron su disponibilidad para apoyar a todos.<\/p>\n<p>Gracias <strong>Machaca Fest 2018<\/strong>. \u00a1Nos vemos en 2019!<\/p>\n<p>&nbsp;<\/p>\n<p>&nbsp;<\/p>\n","protected":false},"excerpt":{"rendered":"<p>El pasado fin de semana se llev\u00f3 a cabo una emisi\u00f3n m\u00e1s del Machaca Fest que para su edici\u00f3n 2018, una vez m\u00e1s realizada en Monterrey, Nuevo Le\u00f3n, logr\u00f3 reunir a poco m\u00e1s de 30 mil personas, mismas que se dieron cita en las instalaciones del Parque Fundidora.<\/p>\n","protected":false},"author":2,"featured_media":74416,"comment_status":"open","ping_status":"open","sticky":false,"template":"","format":"standard","meta":{"footnotes":""},"categories":[1,18,17],"tags":[],"class_list":["post-74414","post","type-post","status-publish","format-standard","has-post-thumbnail","hentry","category-cultura","category-musica","category-principal"],"yoast_head":"<!-- This site is optimized with the Yoast SEO plugin v24.7 - https:\/\/yoast.com\/wordpress\/plugins\/seo\/ -->\n<title>Machaca Fest 2018: los regios s\u00ed saben c\u00f3mo divertirse &#171; Reconoce MX<\/title>\n<meta name=\"robots\" content=\"index, follow, max-snippet:-1, max-image-preview:large, max-video-preview:-1\" \/>\n<link rel=\"canonical\" href=\"http:\/\/www.reconoce.mx\/?p=74414\" \/>\n<meta property=\"og:locale\" content=\"es_ES\" \/>\n<meta property=\"og:type\" content=\"article\" \/>\n<meta property=\"og:title\" content=\"Machaca Fest 2018: los regios s\u00ed saben c\u00f3mo divertirse &#171; Reconoce MX\" \/>\n<meta property=\"og:description\" content=\"El pasado fin de semana se llev\u00f3 a cabo una emisi\u00f3n m\u00e1s del Machaca Fest que para su edici\u00f3n 2018, una vez m\u00e1s realizada en Monterrey, Nuevo Le\u00f3n, logr\u00f3 reunir a poco m\u00e1s de 30 mil personas, mismas que se dieron cita en las instalaciones del Parque Fundidora.\" \/>\n<meta property=\"og:url\" content=\"http:\/\/www.reconoce.mx\/?p=74414\" \/>\n<meta property=\"og:site_name\" content=\"Reconoce MX\" \/>\n<meta property=\"article:publisher\" content=\"https:\/\/es-la.facebook.com\/ReconoceMX\/\" \/>\n<meta property=\"article:published_time\" content=\"2018-06-27T05:07:18+00:00\" \/>\n<meta property=\"article:modified_time\" content=\"2018-06-27T18:50:14+00:00\" \/>\n<meta property=\"og:image\" content=\"http:\/\/www.reconoce.mx\/wp-content\/uploads\/2018\/06\/30-seconds-to-mars.jpg\" \/>\n\t<meta property=\"og:image:width\" content=\"590\" \/>\n\t<meta property=\"og:image:height\" content=\"380\" \/>\n\t<meta property=\"og:image:type\" content=\"image\/jpeg\" \/>\n<meta name=\"author\" content=\"Reconoce MX\" \/>\n<meta name=\"twitter:card\" content=\"summary_large_image\" \/>\n<meta name=\"twitter:creator\" content=\"@reconocemx\" \/>\n<meta name=\"twitter:site\" content=\"@reconocemx\" \/>\n<meta name=\"twitter:label1\" content=\"Escrito por\" \/>\n\t<meta name=\"twitter:data1\" content=\"Reconoce MX\" \/>\n\t<meta name=\"twitter:label2\" content=\"Tiempo de lectura\" \/>\n\t<meta name=\"twitter:data2\" content=\"6 minutos\" \/>\n<script type=\"application\/ld+json\" class=\"yoast-schema-graph\">{\"@context\":\"https:\/\/schema.org\",\"@graph\":[{\"@type\":\"Article\",\"@id\":\"http:\/\/www.reconoce.mx\/?p=74414#article\",\"isPartOf\":{\"@id\":\"http:\/\/www.reconoce.mx\/?p=74414\"},\"author\":{\"name\":\"Reconoce MX\",\"@id\":\"http:\/\/www.reconoce.mx\/#\/schema\/person\/2117e997d7051dc15d6880eaf9bca0b2\"},\"headline\":\"Machaca Fest 2018: los regios s\u00ed saben c\u00f3mo divertirse\",\"datePublished\":\"2018-06-27T05:07:18+00:00\",\"dateModified\":\"2018-06-27T18:50:14+00:00\",\"mainEntityOfPage\":{\"@id\":\"http:\/\/www.reconoce.mx\/?p=74414\"},\"wordCount\":1289,\"commentCount\":0,\"publisher\":{\"@id\":\"http:\/\/www.reconoce.mx\/#organization\"},\"image\":{\"@id\":\"http:\/\/www.reconoce.mx\/?p=74414#primaryimage\"},\"thumbnailUrl\":\"https:\/\/www.reconoce.mx\/wp-content\/uploads\/2018\/06\/30-seconds-to-mars.jpg\",\"articleSection\":[\"Cultura\",\"M\u00fasica\",\"Principal\"],\"inLanguage\":\"es\",\"potentialAction\":[{\"@type\":\"CommentAction\",\"name\":\"Comment\",\"target\":[\"http:\/\/www.reconoce.mx\/?p=74414#respond\"]}]},{\"@type\":\"WebPage\",\"@id\":\"http:\/\/www.reconoce.mx\/?p=74414\",\"url\":\"http:\/\/www.reconoce.mx\/?p=74414\",\"name\":\"Machaca Fest 2018: los regios s\u00ed saben c\u00f3mo divertirse &#171; Reconoce MX\",\"isPartOf\":{\"@id\":\"http:\/\/www.reconoce.mx\/#website\"},\"primaryImageOfPage\":{\"@id\":\"http:\/\/www.reconoce.mx\/?p=74414#primaryimage\"},\"image\":{\"@id\":\"http:\/\/www.reconoce.mx\/?p=74414#primaryimage\"},\"thumbnailUrl\":\"https:\/\/www.reconoce.mx\/wp-content\/uploads\/2018\/06\/30-seconds-to-mars.jpg\",\"datePublished\":\"2018-06-27T05:07:18+00:00\",\"dateModified\":\"2018-06-27T18:50:14+00:00\",\"breadcrumb\":{\"@id\":\"http:\/\/www.reconoce.mx\/?p=74414#breadcrumb\"},\"inLanguage\":\"es\",\"potentialAction\":[{\"@type\":\"ReadAction\",\"target\":[\"http:\/\/www.reconoce.mx\/?p=74414\"]}]},{\"@type\":\"ImageObject\",\"inLanguage\":\"es\",\"@id\":\"http:\/\/www.reconoce.mx\/?p=74414#primaryimage\",\"url\":\"https:\/\/www.reconoce.mx\/wp-content\/uploads\/2018\/06\/30-seconds-to-mars.jpg\",\"contentUrl\":\"https:\/\/www.reconoce.mx\/wp-content\/uploads\/2018\/06\/30-seconds-to-mars.jpg\",\"width\":590,\"height\":380},{\"@type\":\"BreadcrumbList\",\"@id\":\"http:\/\/www.reconoce.mx\/?p=74414#breadcrumb\",\"itemListElement\":[{\"@type\":\"ListItem\",\"position\":1,\"name\":\"Portada\",\"item\":\"http:\/\/www.reconoce.mx\/\"},{\"@type\":\"ListItem\",\"position\":2,\"name\":\"Machaca Fest 2018: los regios s\u00ed saben c\u00f3mo divertirse\"}]},{\"@type\":\"WebSite\",\"@id\":\"http:\/\/www.reconoce.mx\/#website\",\"url\":\"http:\/\/www.reconoce.mx\/\",\"name\":\"Reconoce MX\",\"description\":\"En Reconoce MX difundimos arte, cultura y conciencia social en M\u00e9xico. Tu ciudad en otra perspectiva.\",\"publisher\":{\"@id\":\"http:\/\/www.reconoce.mx\/#organization\"},\"potentialAction\":[{\"@type\":\"SearchAction\",\"target\":{\"@type\":\"EntryPoint\",\"urlTemplate\":\"http:\/\/www.reconoce.mx\/?s={search_term_string}\"},\"query-input\":{\"@type\":\"PropertyValueSpecification\",\"valueRequired\":true,\"valueName\":\"search_term_string\"}}],\"inLanguage\":\"es\"},{\"@type\":\"Organization\",\"@id\":\"http:\/\/www.reconoce.mx\/#organization\",\"name\":\"Reconoce MX\",\"url\":\"http:\/\/www.reconoce.mx\/\",\"logo\":{\"@type\":\"ImageObject\",\"inLanguage\":\"es\",\"@id\":\"http:\/\/www.reconoce.mx\/#\/schema\/logo\/image\/\",\"url\":\"https:\/\/www.reconoce.mx\/wp-content\/uploads\/2019\/03\/logorcmx-good-1.png\",\"contentUrl\":\"https:\/\/www.reconoce.mx\/wp-content\/uploads\/2019\/03\/logorcmx-good-1.png\",\"width\":280,\"height\":90,\"caption\":\"Reconoce MX\"},\"image\":{\"@id\":\"http:\/\/www.reconoce.mx\/#\/schema\/logo\/image\/\"},\"sameAs\":[\"https:\/\/es-la.facebook.com\/ReconoceMX\/\",\"https:\/\/x.com\/reconocemx\",\"http:\/\/@reconocemx\"]},{\"@type\":\"Person\",\"@id\":\"http:\/\/www.reconoce.mx\/#\/schema\/person\/2117e997d7051dc15d6880eaf9bca0b2\",\"name\":\"Reconoce MX\",\"image\":{\"@type\":\"ImageObject\",\"inLanguage\":\"es\",\"@id\":\"http:\/\/www.reconoce.mx\/#\/schema\/person\/image\/\",\"url\":\"https:\/\/secure.gravatar.com\/avatar\/6c8d4dc7569ca1c90c5fdcc349f839d5ddef6fe1e70b4337ead2ef1a4c43fc3a?s=96&d=identicon&r=g\",\"contentUrl\":\"https:\/\/secure.gravatar.com\/avatar\/6c8d4dc7569ca1c90c5fdcc349f839d5ddef6fe1e70b4337ead2ef1a4c43fc3a?s=96&d=identicon&r=g\",\"caption\":\"Reconoce MX\"},\"description\":\"Reconoce MX es un proyecto de difusi\u00f3n art\u00edstica, cultural y de conciencia social que est\u00e1 enfocado a difundir y fomentar el entretenimiento alternativo de calidad para todo el p\u00fablico que comparta el mismo entusiasmo.\",\"sameAs\":[\"http:\/\/www.reconoce.mx\"],\"url\":\"https:\/\/www.reconoce.mx\/?author=2\"}]}<\/script>\n<!-- \/ Yoast SEO plugin. -->","yoast_head_json":{"title":"Machaca Fest 2018: los regios s\u00ed saben c\u00f3mo divertirse &#171; Reconoce MX","robots":{"index":"index","follow":"follow","max-snippet":"max-snippet:-1","max-image-preview":"max-image-preview:large","max-video-preview":"max-video-preview:-1"},"canonical":"http:\/\/www.reconoce.mx\/?p=74414","og_locale":"es_ES","og_type":"article","og_title":"Machaca Fest 2018: los regios s\u00ed saben c\u00f3mo divertirse &#171; Reconoce MX","og_description":"El pasado fin de semana se llev\u00f3 a cabo una emisi\u00f3n m\u00e1s del Machaca Fest que para su edici\u00f3n 2018, una vez m\u00e1s realizada en Monterrey, Nuevo Le\u00f3n, logr\u00f3 reunir a poco m\u00e1s de 30 mil personas, mismas que se dieron cita en las instalaciones del Parque Fundidora.","og_url":"http:\/\/www.reconoce.mx\/?p=74414","og_site_name":"Reconoce MX","article_publisher":"https:\/\/es-la.facebook.com\/ReconoceMX\/","article_published_time":"2018-06-27T05:07:18+00:00","article_modified_time":"2018-06-27T18:50:14+00:00","og_image":[{"width":590,"height":380,"url":"http:\/\/www.reconoce.mx\/wp-content\/uploads\/2018\/06\/30-seconds-to-mars.jpg","type":"image\/jpeg"}],"author":"Reconoce MX","twitter_card":"summary_large_image","twitter_creator":"@reconocemx","twitter_site":"@reconocemx","twitter_misc":{"Escrito por":"Reconoce MX","Tiempo de lectura":"6 minutos"},"schema":{"@context":"https:\/\/schema.org","@graph":[{"@type":"Article","@id":"http:\/\/www.reconoce.mx\/?p=74414#article","isPartOf":{"@id":"http:\/\/www.reconoce.mx\/?p=74414"},"author":{"name":"Reconoce MX","@id":"http:\/\/www.reconoce.mx\/#\/schema\/person\/2117e997d7051dc15d6880eaf9bca0b2"},"headline":"Machaca Fest 2018: los regios s\u00ed saben c\u00f3mo divertirse","datePublished":"2018-06-27T05:07:18+00:00","dateModified":"2018-06-27T18:50:14+00:00","mainEntityOfPage":{"@id":"http:\/\/www.reconoce.mx\/?p=74414"},"wordCount":1289,"commentCount":0,"publisher":{"@id":"http:\/\/www.reconoce.mx\/#organization"},"image":{"@id":"http:\/\/www.reconoce.mx\/?p=74414#primaryimage"},"thumbnailUrl":"https:\/\/www.reconoce.mx\/wp-content\/uploads\/2018\/06\/30-seconds-to-mars.jpg","articleSection":["Cultura","M\u00fasica","Principal"],"inLanguage":"es","potentialAction":[{"@type":"CommentAction","name":"Comment","target":["http:\/\/www.reconoce.mx\/?p=74414#respond"]}]},{"@type":"WebPage","@id":"http:\/\/www.reconoce.mx\/?p=74414","url":"http:\/\/www.reconoce.mx\/?p=74414","name":"Machaca Fest 2018: los regios s\u00ed saben c\u00f3mo divertirse &#171; Reconoce MX","isPartOf":{"@id":"http:\/\/www.reconoce.mx\/#website"},"primaryImageOfPage":{"@id":"http:\/\/www.reconoce.mx\/?p=74414#primaryimage"},"image":{"@id":"http:\/\/www.reconoce.mx\/?p=74414#primaryimage"},"thumbnailUrl":"https:\/\/www.reconoce.mx\/wp-content\/uploads\/2018\/06\/30-seconds-to-mars.jpg","datePublished":"2018-06-27T05:07:18+00:00","dateModified":"2018-06-27T18:50:14+00:00","breadcrumb":{"@id":"http:\/\/www.reconoce.mx\/?p=74414#breadcrumb"},"inLanguage":"es","potentialAction":[{"@type":"ReadAction","target":["http:\/\/www.reconoce.mx\/?p=74414"]}]},{"@type":"ImageObject","inLanguage":"es","@id":"http:\/\/www.reconoce.mx\/?p=74414#primaryimage","url":"https:\/\/www.reconoce.mx\/wp-content\/uploads\/2018\/06\/30-seconds-to-mars.jpg","contentUrl":"https:\/\/www.reconoce.mx\/wp-content\/uploads\/2018\/06\/30-seconds-to-mars.jpg","width":590,"height":380},{"@type":"BreadcrumbList","@id":"http:\/\/www.reconoce.mx\/?p=74414#breadcrumb","itemListElement":[{"@type":"ListItem","position":1,"name":"Portada","item":"http:\/\/www.reconoce.mx\/"},{"@type":"ListItem","position":2,"name":"Machaca Fest 2018: los regios s\u00ed saben c\u00f3mo divertirse"}]},{"@type":"WebSite","@id":"http:\/\/www.reconoce.mx\/#website","url":"http:\/\/www.reconoce.mx\/","name":"Reconoce MX","description":"En Reconoce MX difundimos arte, cultura y conciencia social en M\u00e9xico. Tu ciudad en otra perspectiva.","publisher":{"@id":"http:\/\/www.reconoce.mx\/#organization"},"potentialAction":[{"@type":"SearchAction","target":{"@type":"EntryPoint","urlTemplate":"http:\/\/www.reconoce.mx\/?s={search_term_string}"},"query-input":{"@type":"PropertyValueSpecification","valueRequired":true,"valueName":"search_term_string"}}],"inLanguage":"es"},{"@type":"Organization","@id":"http:\/\/www.reconoce.mx\/#organization","name":"Reconoce MX","url":"http:\/\/www.reconoce.mx\/","logo":{"@type":"ImageObject","inLanguage":"es","@id":"http:\/\/www.reconoce.mx\/#\/schema\/logo\/image\/","url":"https:\/\/www.reconoce.mx\/wp-content\/uploads\/2019\/03\/logorcmx-good-1.png","contentUrl":"https:\/\/www.reconoce.mx\/wp-content\/uploads\/2019\/03\/logorcmx-good-1.png","width":280,"height":90,"caption":"Reconoce MX"},"image":{"@id":"http:\/\/www.reconoce.mx\/#\/schema\/logo\/image\/"},"sameAs":["https:\/\/es-la.facebook.com\/ReconoceMX\/","https:\/\/x.com\/reconocemx","http:\/\/@reconocemx"]},{"@type":"Person","@id":"http:\/\/www.reconoce.mx\/#\/schema\/person\/2117e997d7051dc15d6880eaf9bca0b2","name":"Reconoce MX","image":{"@type":"ImageObject","inLanguage":"es","@id":"http:\/\/www.reconoce.mx\/#\/schema\/person\/image\/","url":"https:\/\/secure.gravatar.com\/avatar\/6c8d4dc7569ca1c90c5fdcc349f839d5ddef6fe1e70b4337ead2ef1a4c43fc3a?s=96&d=identicon&r=g","contentUrl":"https:\/\/secure.gravatar.com\/avatar\/6c8d4dc7569ca1c90c5fdcc349f839d5ddef6fe1e70b4337ead2ef1a4c43fc3a?s=96&d=identicon&r=g","caption":"Reconoce MX"},"description":"Reconoce MX es un proyecto de difusi\u00f3n art\u00edstica, cultural y de conciencia social que est\u00e1 enfocado a difundir y fomentar el entretenimiento alternativo de calidad para todo el p\u00fablico que comparta el mismo entusiasmo.","sameAs":["http:\/\/www.reconoce.mx"],"url":"https:\/\/www.reconoce.mx\/?author=2"}]}},"_links":{"self":[{"href":"https:\/\/www.reconoce.mx\/index.php?rest_route=\/wp\/v2\/posts\/74414","targetHints":{"allow":["GET"]}}],"collection":[{"href":"https:\/\/www.reconoce.mx\/index.php?rest_route=\/wp\/v2\/posts"}],"about":[{"href":"https:\/\/www.reconoce.mx\/index.php?rest_route=\/wp\/v2\/types\/post"}],"author":[{"embeddable":true,"href":"https:\/\/www.reconoce.mx\/index.php?rest_route=\/wp\/v2\/users\/2"}],"replies":[{"embeddable":true,"href":"https:\/\/www.reconoce.mx\/index.php?rest_route=%2Fwp%2Fv2%2Fcomments&post=74414"}],"version-history":[{"count":5,"href":"https:\/\/www.reconoce.mx\/index.php?rest_route=\/wp\/v2\/posts\/74414\/revisions"}],"predecessor-version":[{"id":74431,"href":"https:\/\/www.reconoce.mx\/index.php?rest_route=\/wp\/v2\/posts\/74414\/revisions\/74431"}],"wp:featuredmedia":[{"embeddable":true,"href":"https:\/\/www.reconoce.mx\/index.php?rest_route=\/wp\/v2\/media\/74416"}],"wp:attachment":[{"href":"https:\/\/www.reconoce.mx\/index.php?rest_route=%2Fwp%2Fv2%2Fmedia&parent=74414"}],"wp:term":[{"taxonomy":"category","embeddable":true,"href":"https:\/\/www.reconoce.mx\/index.php?rest_route=%2Fwp%2Fv2%2Fcategories&post=74414"},{"taxonomy":"post_tag","embeddable":true,"href":"https:\/\/www.reconoce.mx\/index.php?rest_route=%2Fwp%2Fv2%2Ftags&post=74414"}],"curies":[{"name":"wp","href":"https:\/\/api.w.org\/{rel}","templated":true}]}}