{"id":74423,"date":"2018-06-27T00:05:17","date_gmt":"2018-06-27T05:05:17","guid":{"rendered":"http:\/\/www.reconoce.mx\/?p=74423"},"modified":"2018-06-27T01:58:12","modified_gmt":"2018-06-27T06:58:12","slug":"giff2018-el-fin-de-la-critica-critica","status":"publish","type":"post","link":"https:\/\/www.reconoce.mx\/?p=74423","title":{"rendered":"#GIFF2018: \u00bfEl fin de la cr\u00edtica cr\u00edtica?"},"content":{"rendered":"<p><strong>Por Gina Szclar<\/strong>.<\/p>\n<p>Si algo ha caracterizado a <strong>Sarah Hoch<\/strong> es, adem\u00e1s de su energ\u00eda, el dinamismo e impulso con el que dirige el <strong>Festival Internacional de Cine de Guanajuato<\/strong> (GIFF).<\/p>\n<p><a href=\"http:\/\/www.reconoce.mx\/wp-content\/uploads\/2018\/06\/unnamed4.jpg\"><img loading=\"lazy\" decoding=\"async\" class=\"aligncenter size-full wp-image-74425\" src=\"http:\/\/www.reconoce.mx\/wp-content\/uploads\/2018\/06\/unnamed4.jpg\" alt=\"\" width=\"1134\" height=\"1701\" srcset=\"https:\/\/www.reconoce.mx\/wp-content\/uploads\/2018\/06\/unnamed4.jpg 1134w, https:\/\/www.reconoce.mx\/wp-content\/uploads\/2018\/06\/unnamed4-200x300.jpg 200w, https:\/\/www.reconoce.mx\/wp-content\/uploads\/2018\/06\/unnamed4-768x1152.jpg 768w, https:\/\/www.reconoce.mx\/wp-content\/uploads\/2018\/06\/unnamed4-683x1024.jpg 683w, https:\/\/www.reconoce.mx\/wp-content\/uploads\/2018\/06\/unnamed4-150x225.jpg 150w, https:\/\/www.reconoce.mx\/wp-content\/uploads\/2018\/06\/unnamed4-700x1050.jpg 700w, https:\/\/www.reconoce.mx\/wp-content\/uploads\/2018\/06\/unnamed4-658x987.jpg 658w, https:\/\/www.reconoce.mx\/wp-content\/uploads\/2018\/06\/unnamed4-300x450.jpg 300w\" sizes=\"auto, (max-width: 1134px) 100vw, 1134px\" \/><\/a><\/p>\n<p>Con el fin de estrechar lazos y reconocer la labor de la cr\u00edtica cinematogr\u00e1fica, el pasado 13 de junio el GIFF dio a conocer una nueva actividad que arrancar\u00e1 en el marco de su edici\u00f3n 21 en la que habr\u00e1 un encuentro entre cr\u00edticos nacionales e internacionales quienes dialogar\u00e1n en torno a este oficio que ha debido dar un giro de 180\u00b0 para poder adaptarse a los nuevos cambios tecnol\u00f3gicos. Este acercamiento se llevar\u00e1 a cabo el fin de semana del 20 al 22 de julio en San Miguel de Allende, de ah\u00ed que surja este juego de palabras \u00abEl fin de la Cr\u00edtica\u00bb como punto de arranque para cuestionarnos, a lo largo de esos 3 d\u00edas, si la cr\u00edtica ha llegado a su fin o simplemente ha cambiado su objetivo.<\/p>\n<p>Quiz\u00e1 la propuesta m\u00e1s ambiciosa sea el <strong>Sal\u00f3n de la Cr\u00edtica<\/strong>, un cine club virtual que invita a cin\u00e9filos de todo el pa\u00eds a ver y analizar una pel\u00edcula (la cual estar\u00e1 disponible en varias plataformas). Las mejores cr\u00edticas ser\u00e1n publicadas en el sitio <a href=\"http:\/\/www.giff.mx\/\" target=\"_blank\" rel=\"noopener\">giff.mx<\/a> y los ganadores podr\u00e1n participar en los diferentes talleres- totalmente gratuitos- para ayudarlos a definir y pulir su propio estilo. Como actividad complementaria a lo anterior, se abrir\u00e1 un <strong>Taller de la Cr\u00edtica<\/strong> conjuntamente con diversas instituciones para reforzar este proyecto.<\/p>\n<p>Entre los invitados a esta primera edici\u00f3n se encuentran: <strong>Rafael Avi\u00f1a<\/strong>, <strong>Jorge Ayala Blanco<\/strong>, <strong>Carlos Bonfil<\/strong>,<strong> Luis Tovar<\/strong>, <strong>Fernanda Sol\u00f3rzano<\/strong>, por mencionar solo algunos; personalidades destacadas y respetadas y con amplio dominio en el tema y en el \u00e1mbito internacional. Se contar\u00e1 con la presencia de <strong>Gerardo S\u00e1nchez<\/strong>, cr\u00edtico y director del programa \u201cD\u00edas de cine\u201d de <strong>Televisi\u00f3n Espa\u00f1ola<\/strong> y <strong>Steve Gaydos<\/strong>, vicepresidente y editor ejecutivo de la revista <strong>Variety<\/strong>, una de las m\u00e1s prestigiosas del medio.<\/p>\n<p>Estos eventos son para todo tipo de p\u00fablico, ya sea profesional, principiante o simplemente amante del buen cine, no hay restricciones de edad y con la plataforma virtual tampoco lo habr\u00e1 de distancia.<\/p>\n<p>Amigos&#8230; \u00a1a preparar l\u00e1piz y papel!<\/p>\n<p>La edici\u00f3n 21 del<strong> Festival Internacional de Cine Guanajuato<\/strong> se celebrar\u00e1 del 20 al 29 de julio de 2018 en San Miguel de Allende y Guanajuato capital.<\/p>\n<p style=\"text-align: right;\">Con im\u00e1genes cortes\u00eda del <strong>GIFF<\/strong>.<\/p>\n<p>&nbsp;<\/p>\n<p>&nbsp;<\/p>\n","protected":false},"excerpt":{"rendered":"<p>Si algo ha caracterizado a Sarah Hoch es, adem\u00e1s de su energ\u00eda, el dinamismo e impulso con el que dirige el Festival Internacional de Cine de Guanajuato (GIFF). <\/p>\n","protected":false},"author":2,"featured_media":74424,"comment_status":"open","ping_status":"open","sticky":false,"template":"","format":"standard","meta":{"footnotes":""},"categories":[24,1,17],"tags":[],"class_list":["post-74423","post","type-post","status-publish","format-standard","has-post-thumbnail","hentry","category-cine","category-cultura","category-principal"],"yoast_head":"<!-- This site is optimized with the Yoast SEO plugin v24.7 - https:\/\/yoast.com\/wordpress\/plugins\/seo\/ -->\n<title>#GIFF2018: \u00bfEl fin de la cr\u00edtica cr\u00edtica? &#171; Reconoce MX<\/title>\n<meta name=\"robots\" content=\"index, follow, max-snippet:-1, max-image-preview:large, max-video-preview:-1\" \/>\n<link rel=\"canonical\" href=\"http:\/\/www.reconoce.mx\/?p=74423\" \/>\n<meta property=\"og:locale\" content=\"es_ES\" \/>\n<meta property=\"og:type\" content=\"article\" \/>\n<meta property=\"og:title\" content=\"#GIFF2018: \u00bfEl fin de la cr\u00edtica cr\u00edtica? &#171; Reconoce MX\" \/>\n<meta property=\"og:description\" content=\"Si algo ha caracterizado a Sarah Hoch es, adem\u00e1s de su energ\u00eda, el dinamismo e impulso con el que dirige el Festival Internacional de Cine de Guanajuato (GIFF).\" \/>\n<meta property=\"og:url\" content=\"http:\/\/www.reconoce.mx\/?p=74423\" \/>\n<meta property=\"og:site_name\" content=\"Reconoce MX\" \/>\n<meta property=\"article:publisher\" content=\"https:\/\/es-la.facebook.com\/ReconoceMX\/\" \/>\n<meta property=\"article:published_time\" content=\"2018-06-27T05:05:17+00:00\" \/>\n<meta property=\"article:modified_time\" content=\"2018-06-27T06:58:12+00:00\" \/>\n<meta property=\"og:image\" content=\"http:\/\/www.reconoce.mx\/wp-content\/uploads\/2018\/06\/el-salon-de-la-critica-cover.jpg\" \/>\n\t<meta property=\"og:image:width\" content=\"590\" \/>\n\t<meta property=\"og:image:height\" content=\"380\" \/>\n\t<meta property=\"og:image:type\" content=\"image\/jpeg\" \/>\n<meta name=\"author\" content=\"Reconoce MX\" \/>\n<meta name=\"twitter:card\" content=\"summary_large_image\" \/>\n<meta name=\"twitter:creator\" content=\"@reconocemx\" \/>\n<meta name=\"twitter:site\" content=\"@reconocemx\" \/>\n<meta name=\"twitter:label1\" content=\"Escrito por\" \/>\n\t<meta name=\"twitter:data1\" content=\"Reconoce MX\" \/>\n\t<meta name=\"twitter:label2\" content=\"Tiempo de lectura\" \/>\n\t<meta name=\"twitter:data2\" content=\"2 minutos\" \/>\n<script type=\"application\/ld+json\" class=\"yoast-schema-graph\">{\"@context\":\"https:\/\/schema.org\",\"@graph\":[{\"@type\":\"Article\",\"@id\":\"http:\/\/www.reconoce.mx\/?p=74423#article\",\"isPartOf\":{\"@id\":\"http:\/\/www.reconoce.mx\/?p=74423\"},\"author\":{\"name\":\"Reconoce MX\",\"@id\":\"http:\/\/www.reconoce.mx\/#\/schema\/person\/2117e997d7051dc15d6880eaf9bca0b2\"},\"headline\":\"#GIFF2018: \u00bfEl fin de la cr\u00edtica cr\u00edtica?\",\"datePublished\":\"2018-06-27T05:05:17+00:00\",\"dateModified\":\"2018-06-27T06:58:12+00:00\",\"mainEntityOfPage\":{\"@id\":\"http:\/\/www.reconoce.mx\/?p=74423\"},\"wordCount\":433,\"commentCount\":0,\"publisher\":{\"@id\":\"http:\/\/www.reconoce.mx\/#organization\"},\"image\":{\"@id\":\"http:\/\/www.reconoce.mx\/?p=74423#primaryimage\"},\"thumbnailUrl\":\"https:\/\/www.reconoce.mx\/wp-content\/uploads\/2018\/06\/el-salon-de-la-critica-cover.jpg\",\"articleSection\":[\"Cine\",\"Cultura\",\"Principal\"],\"inLanguage\":\"es\",\"potentialAction\":[{\"@type\":\"CommentAction\",\"name\":\"Comment\",\"target\":[\"http:\/\/www.reconoce.mx\/?p=74423#respond\"]}]},{\"@type\":\"WebPage\",\"@id\":\"http:\/\/www.reconoce.mx\/?p=74423\",\"url\":\"http:\/\/www.reconoce.mx\/?p=74423\",\"name\":\"#GIFF2018: \u00bfEl fin de la cr\u00edtica cr\u00edtica? &#171; Reconoce MX\",\"isPartOf\":{\"@id\":\"http:\/\/www.reconoce.mx\/#website\"},\"primaryImageOfPage\":{\"@id\":\"http:\/\/www.reconoce.mx\/?p=74423#primaryimage\"},\"image\":{\"@id\":\"http:\/\/www.reconoce.mx\/?p=74423#primaryimage\"},\"thumbnailUrl\":\"https:\/\/www.reconoce.mx\/wp-content\/uploads\/2018\/06\/el-salon-de-la-critica-cover.jpg\",\"datePublished\":\"2018-06-27T05:05:17+00:00\",\"dateModified\":\"2018-06-27T06:58:12+00:00\",\"breadcrumb\":{\"@id\":\"http:\/\/www.reconoce.mx\/?p=74423#breadcrumb\"},\"inLanguage\":\"es\",\"potentialAction\":[{\"@type\":\"ReadAction\",\"target\":[\"http:\/\/www.reconoce.mx\/?p=74423\"]}]},{\"@type\":\"ImageObject\",\"inLanguage\":\"es\",\"@id\":\"http:\/\/www.reconoce.mx\/?p=74423#primaryimage\",\"url\":\"https:\/\/www.reconoce.mx\/wp-content\/uploads\/2018\/06\/el-salon-de-la-critica-cover.jpg\",\"contentUrl\":\"https:\/\/www.reconoce.mx\/wp-content\/uploads\/2018\/06\/el-salon-de-la-critica-cover.jpg\",\"width\":590,\"height\":380},{\"@type\":\"BreadcrumbList\",\"@id\":\"http:\/\/www.reconoce.mx\/?p=74423#breadcrumb\",\"itemListElement\":[{\"@type\":\"ListItem\",\"position\":1,\"name\":\"Portada\",\"item\":\"http:\/\/www.reconoce.mx\/\"},{\"@type\":\"ListItem\",\"position\":2,\"name\":\"#GIFF2018: \u00bfEl fin de la cr\u00edtica cr\u00edtica?\"}]},{\"@type\":\"WebSite\",\"@id\":\"http:\/\/www.reconoce.mx\/#website\",\"url\":\"http:\/\/www.reconoce.mx\/\",\"name\":\"Reconoce MX\",\"description\":\"En Reconoce MX difundimos arte, cultura y conciencia social en M\u00e9xico. Tu ciudad en otra perspectiva.\",\"publisher\":{\"@id\":\"http:\/\/www.reconoce.mx\/#organization\"},\"potentialAction\":[{\"@type\":\"SearchAction\",\"target\":{\"@type\":\"EntryPoint\",\"urlTemplate\":\"http:\/\/www.reconoce.mx\/?s={search_term_string}\"},\"query-input\":{\"@type\":\"PropertyValueSpecification\",\"valueRequired\":true,\"valueName\":\"search_term_string\"}}],\"inLanguage\":\"es\"},{\"@type\":\"Organization\",\"@id\":\"http:\/\/www.reconoce.mx\/#organization\",\"name\":\"Reconoce MX\",\"url\":\"http:\/\/www.reconoce.mx\/\",\"logo\":{\"@type\":\"ImageObject\",\"inLanguage\":\"es\",\"@id\":\"http:\/\/www.reconoce.mx\/#\/schema\/logo\/image\/\",\"url\":\"https:\/\/www.reconoce.mx\/wp-content\/uploads\/2019\/03\/logorcmx-good-1.png\",\"contentUrl\":\"https:\/\/www.reconoce.mx\/wp-content\/uploads\/2019\/03\/logorcmx-good-1.png\",\"width\":280,\"height\":90,\"caption\":\"Reconoce MX\"},\"image\":{\"@id\":\"http:\/\/www.reconoce.mx\/#\/schema\/logo\/image\/\"},\"sameAs\":[\"https:\/\/es-la.facebook.com\/ReconoceMX\/\",\"https:\/\/x.com\/reconocemx\",\"http:\/\/@reconocemx\"]},{\"@type\":\"Person\",\"@id\":\"http:\/\/www.reconoce.mx\/#\/schema\/person\/2117e997d7051dc15d6880eaf9bca0b2\",\"name\":\"Reconoce MX\",\"image\":{\"@type\":\"ImageObject\",\"inLanguage\":\"es\",\"@id\":\"http:\/\/www.reconoce.mx\/#\/schema\/person\/image\/\",\"url\":\"https:\/\/secure.gravatar.com\/avatar\/6c8d4dc7569ca1c90c5fdcc349f839d5ddef6fe1e70b4337ead2ef1a4c43fc3a?s=96&d=identicon&r=g\",\"contentUrl\":\"https:\/\/secure.gravatar.com\/avatar\/6c8d4dc7569ca1c90c5fdcc349f839d5ddef6fe1e70b4337ead2ef1a4c43fc3a?s=96&d=identicon&r=g\",\"caption\":\"Reconoce MX\"},\"description\":\"Reconoce MX es un proyecto de difusi\u00f3n art\u00edstica, cultural y de conciencia social que est\u00e1 enfocado a difundir y fomentar el entretenimiento alternativo de calidad para todo el p\u00fablico que comparta el mismo entusiasmo.\",\"sameAs\":[\"http:\/\/www.reconoce.mx\"],\"url\":\"https:\/\/www.reconoce.mx\/?author=2\"}]}<\/script>\n<!-- \/ Yoast SEO plugin. -->","yoast_head_json":{"title":"#GIFF2018: \u00bfEl fin de la cr\u00edtica cr\u00edtica? &#171; Reconoce MX","robots":{"index":"index","follow":"follow","max-snippet":"max-snippet:-1","max-image-preview":"max-image-preview:large","max-video-preview":"max-video-preview:-1"},"canonical":"http:\/\/www.reconoce.mx\/?p=74423","og_locale":"es_ES","og_type":"article","og_title":"#GIFF2018: \u00bfEl fin de la cr\u00edtica cr\u00edtica? &#171; Reconoce MX","og_description":"Si algo ha caracterizado a Sarah Hoch es, adem\u00e1s de su energ\u00eda, el dinamismo e impulso con el que dirige el Festival Internacional de Cine de Guanajuato (GIFF).","og_url":"http:\/\/www.reconoce.mx\/?p=74423","og_site_name":"Reconoce MX","article_publisher":"https:\/\/es-la.facebook.com\/ReconoceMX\/","article_published_time":"2018-06-27T05:05:17+00:00","article_modified_time":"2018-06-27T06:58:12+00:00","og_image":[{"width":590,"height":380,"url":"http:\/\/www.reconoce.mx\/wp-content\/uploads\/2018\/06\/el-salon-de-la-critica-cover.jpg","type":"image\/jpeg"}],"author":"Reconoce MX","twitter_card":"summary_large_image","twitter_creator":"@reconocemx","twitter_site":"@reconocemx","twitter_misc":{"Escrito por":"Reconoce MX","Tiempo de lectura":"2 minutos"},"schema":{"@context":"https:\/\/schema.org","@graph":[{"@type":"Article","@id":"http:\/\/www.reconoce.mx\/?p=74423#article","isPartOf":{"@id":"http:\/\/www.reconoce.mx\/?p=74423"},"author":{"name":"Reconoce MX","@id":"http:\/\/www.reconoce.mx\/#\/schema\/person\/2117e997d7051dc15d6880eaf9bca0b2"},"headline":"#GIFF2018: \u00bfEl fin de la cr\u00edtica cr\u00edtica?","datePublished":"2018-06-27T05:05:17+00:00","dateModified":"2018-06-27T06:58:12+00:00","mainEntityOfPage":{"@id":"http:\/\/www.reconoce.mx\/?p=74423"},"wordCount":433,"commentCount":0,"publisher":{"@id":"http:\/\/www.reconoce.mx\/#organization"},"image":{"@id":"http:\/\/www.reconoce.mx\/?p=74423#primaryimage"},"thumbnailUrl":"https:\/\/www.reconoce.mx\/wp-content\/uploads\/2018\/06\/el-salon-de-la-critica-cover.jpg","articleSection":["Cine","Cultura","Principal"],"inLanguage":"es","potentialAction":[{"@type":"CommentAction","name":"Comment","target":["http:\/\/www.reconoce.mx\/?p=74423#respond"]}]},{"@type":"WebPage","@id":"http:\/\/www.reconoce.mx\/?p=74423","url":"http:\/\/www.reconoce.mx\/?p=74423","name":"#GIFF2018: \u00bfEl fin de la cr\u00edtica cr\u00edtica? &#171; Reconoce MX","isPartOf":{"@id":"http:\/\/www.reconoce.mx\/#website"},"primaryImageOfPage":{"@id":"http:\/\/www.reconoce.mx\/?p=74423#primaryimage"},"image":{"@id":"http:\/\/www.reconoce.mx\/?p=74423#primaryimage"},"thumbnailUrl":"https:\/\/www.reconoce.mx\/wp-content\/uploads\/2018\/06\/el-salon-de-la-critica-cover.jpg","datePublished":"2018-06-27T05:05:17+00:00","dateModified":"2018-06-27T06:58:12+00:00","breadcrumb":{"@id":"http:\/\/www.reconoce.mx\/?p=74423#breadcrumb"},"inLanguage":"es","potentialAction":[{"@type":"ReadAction","target":["http:\/\/www.reconoce.mx\/?p=74423"]}]},{"@type":"ImageObject","inLanguage":"es","@id":"http:\/\/www.reconoce.mx\/?p=74423#primaryimage","url":"https:\/\/www.reconoce.mx\/wp-content\/uploads\/2018\/06\/el-salon-de-la-critica-cover.jpg","contentUrl":"https:\/\/www.reconoce.mx\/wp-content\/uploads\/2018\/06\/el-salon-de-la-critica-cover.jpg","width":590,"height":380},{"@type":"BreadcrumbList","@id":"http:\/\/www.reconoce.mx\/?p=74423#breadcrumb","itemListElement":[{"@type":"ListItem","position":1,"name":"Portada","item":"http:\/\/www.reconoce.mx\/"},{"@type":"ListItem","position":2,"name":"#GIFF2018: \u00bfEl fin de la cr\u00edtica cr\u00edtica?"}]},{"@type":"WebSite","@id":"http:\/\/www.reconoce.mx\/#website","url":"http:\/\/www.reconoce.mx\/","name":"Reconoce MX","description":"En Reconoce MX difundimos arte, cultura y conciencia social en M\u00e9xico. Tu ciudad en otra perspectiva.","publisher":{"@id":"http:\/\/www.reconoce.mx\/#organization"},"potentialAction":[{"@type":"SearchAction","target":{"@type":"EntryPoint","urlTemplate":"http:\/\/www.reconoce.mx\/?s={search_term_string}"},"query-input":{"@type":"PropertyValueSpecification","valueRequired":true,"valueName":"search_term_string"}}],"inLanguage":"es"},{"@type":"Organization","@id":"http:\/\/www.reconoce.mx\/#organization","name":"Reconoce MX","url":"http:\/\/www.reconoce.mx\/","logo":{"@type":"ImageObject","inLanguage":"es","@id":"http:\/\/www.reconoce.mx\/#\/schema\/logo\/image\/","url":"https:\/\/www.reconoce.mx\/wp-content\/uploads\/2019\/03\/logorcmx-good-1.png","contentUrl":"https:\/\/www.reconoce.mx\/wp-content\/uploads\/2019\/03\/logorcmx-good-1.png","width":280,"height":90,"caption":"Reconoce MX"},"image":{"@id":"http:\/\/www.reconoce.mx\/#\/schema\/logo\/image\/"},"sameAs":["https:\/\/es-la.facebook.com\/ReconoceMX\/","https:\/\/x.com\/reconocemx","http:\/\/@reconocemx"]},{"@type":"Person","@id":"http:\/\/www.reconoce.mx\/#\/schema\/person\/2117e997d7051dc15d6880eaf9bca0b2","name":"Reconoce MX","image":{"@type":"ImageObject","inLanguage":"es","@id":"http:\/\/www.reconoce.mx\/#\/schema\/person\/image\/","url":"https:\/\/secure.gravatar.com\/avatar\/6c8d4dc7569ca1c90c5fdcc349f839d5ddef6fe1e70b4337ead2ef1a4c43fc3a?s=96&d=identicon&r=g","contentUrl":"https:\/\/secure.gravatar.com\/avatar\/6c8d4dc7569ca1c90c5fdcc349f839d5ddef6fe1e70b4337ead2ef1a4c43fc3a?s=96&d=identicon&r=g","caption":"Reconoce MX"},"description":"Reconoce MX es un proyecto de difusi\u00f3n art\u00edstica, cultural y de conciencia social que est\u00e1 enfocado a difundir y fomentar el entretenimiento alternativo de calidad para todo el p\u00fablico que comparta el mismo entusiasmo.","sameAs":["http:\/\/www.reconoce.mx"],"url":"https:\/\/www.reconoce.mx\/?author=2"}]}},"_links":{"self":[{"href":"https:\/\/www.reconoce.mx\/index.php?rest_route=\/wp\/v2\/posts\/74423","targetHints":{"allow":["GET"]}}],"collection":[{"href":"https:\/\/www.reconoce.mx\/index.php?rest_route=\/wp\/v2\/posts"}],"about":[{"href":"https:\/\/www.reconoce.mx\/index.php?rest_route=\/wp\/v2\/types\/post"}],"author":[{"embeddable":true,"href":"https:\/\/www.reconoce.mx\/index.php?rest_route=\/wp\/v2\/users\/2"}],"replies":[{"embeddable":true,"href":"https:\/\/www.reconoce.mx\/index.php?rest_route=%2Fwp%2Fv2%2Fcomments&post=74423"}],"version-history":[{"count":1,"href":"https:\/\/www.reconoce.mx\/index.php?rest_route=\/wp\/v2\/posts\/74423\/revisions"}],"predecessor-version":[{"id":74426,"href":"https:\/\/www.reconoce.mx\/index.php?rest_route=\/wp\/v2\/posts\/74423\/revisions\/74426"}],"wp:featuredmedia":[{"embeddable":true,"href":"https:\/\/www.reconoce.mx\/index.php?rest_route=\/wp\/v2\/media\/74424"}],"wp:attachment":[{"href":"https:\/\/www.reconoce.mx\/index.php?rest_route=%2Fwp%2Fv2%2Fmedia&parent=74423"}],"wp:term":[{"taxonomy":"category","embeddable":true,"href":"https:\/\/www.reconoce.mx\/index.php?rest_route=%2Fwp%2Fv2%2Fcategories&post=74423"},{"taxonomy":"post_tag","embeddable":true,"href":"https:\/\/www.reconoce.mx\/index.php?rest_route=%2Fwp%2Fv2%2Ftags&post=74423"}],"curies":[{"name":"wp","href":"https:\/\/api.w.org\/{rel}","templated":true}]}}