{"id":74443,"date":"2018-06-28T00:01:07","date_gmt":"2018-06-28T05:01:07","guid":{"rendered":"http:\/\/www.reconoce.mx\/?p=74443"},"modified":"2018-06-28T00:13:11","modified_gmt":"2018-06-28T05:13:11","slug":"johnny-marr-por-primera-vez-en-mexico","status":"publish","type":"post","link":"https:\/\/www.reconoce.mx\/?p=74443","title":{"rendered":"Johnny Marr por primera vez en M\u00e9xico"},"content":{"rendered":"<p><strong>Por <a href=\"https:\/\/www.instagram.com\/miriam_alavez\/\" target=\"_blank\" rel=\"noopener\">Miriam Alavez Garc\u00eda<\/a>.<\/strong><\/p>\n<p>El reconocido guitarrista y compositor ingl\u00e9s,<strong> Johnny Marr<\/strong>, visitar\u00e1 por vez primera Ciudad de M\u00e9xico como parte de su gira mundial titulada \u201cCall The Comet\u201d, pues el pasado 15 de junio sali\u00f3 a la luz \u00a0su nuevo \u00e1lbum del mismo nombre a trav\u00e9s de <strong>New Voodoo<\/strong> grabado en <strong>Crazy Face<\/strong>, los propios estudios de Marr.<\/p>\n<p><a href=\"http:\/\/www.reconoce.mx\/wp-content\/uploads\/2018\/06\/34016865_1924838410900741_8792381947125956608_o.jpg\"><img loading=\"lazy\" decoding=\"async\" class=\"aligncenter size-full wp-image-74444\" src=\"http:\/\/www.reconoce.mx\/wp-content\/uploads\/2018\/06\/34016865_1924838410900741_8792381947125956608_o.jpg\" alt=\"\" width=\"1080\" height=\"1080\" srcset=\"https:\/\/www.reconoce.mx\/wp-content\/uploads\/2018\/06\/34016865_1924838410900741_8792381947125956608_o.jpg 1080w, https:\/\/www.reconoce.mx\/wp-content\/uploads\/2018\/06\/34016865_1924838410900741_8792381947125956608_o-150x150.jpg 150w, https:\/\/www.reconoce.mx\/wp-content\/uploads\/2018\/06\/34016865_1924838410900741_8792381947125956608_o-300x300.jpg 300w, https:\/\/www.reconoce.mx\/wp-content\/uploads\/2018\/06\/34016865_1924838410900741_8792381947125956608_o-768x768.jpg 768w, https:\/\/www.reconoce.mx\/wp-content\/uploads\/2018\/06\/34016865_1924838410900741_8792381947125956608_o-1024x1024.jpg 1024w, https:\/\/www.reconoce.mx\/wp-content\/uploads\/2018\/06\/34016865_1924838410900741_8792381947125956608_o-65x65.jpg 65w, https:\/\/www.reconoce.mx\/wp-content\/uploads\/2018\/06\/34016865_1924838410900741_8792381947125956608_o-700x700.jpg 700w, https:\/\/www.reconoce.mx\/wp-content\/uploads\/2018\/06\/34016865_1924838410900741_8792381947125956608_o-658x658.jpg 658w\" sizes=\"auto, (max-width: 1080px) 100vw, 1080px\" \/><\/a><\/p>\n<p>A lo largo de su carrera ha sido parte de proyectos sonoros como <strong>Modest Mouse<\/strong>, <strong>The Cribs<\/strong> y <strong>Johnny Marr and the Healers<\/strong>, y por supuesto de la banda inglesa m\u00e1s codiciada de los a\u00f1os 80: <strong>The Smiths<\/strong>, donde dej\u00f3 huella de forma activa en composiciones y arreglos musicales junto a <strong>Morrissey<\/strong>.<\/p>\n<p>Cabe destacar que es uno de los guitarristas m\u00e1s influyentes en la historia del rock; sus inspiraciones sonoras son el pop y el punk de los a\u00f1os 60 y se ven reflejadas en cada una de sus canciones. En 2003, la revista estadounidense <strong>Rolling Stone<\/strong> lo incluy\u00f3 en una lista titulada \u201cLos cien mejores guitarristas de todos los tiempos\u201d.<\/p>\n<p>Ser\u00e1 el pr\u00f3ximo 2 de octubre cuando M\u00e9xico reciba a <strong>Johnny Marr<\/strong> en <strong>El Plaza Condesa<\/strong>. Los boletos ya est\u00e1n disponibles a trav\u00e9s del <a href=\"http:\/\/www.ticketmaster.com.mx\/johnny-marr-mexico-distrito-federal-02-10-2018\/event\/140054BA13F4B579\" target=\"_blank\" rel=\"noopener\">Sistema de Ticketmaster<\/a> y en las taquillas del <em>venue<\/em>. No dejes pasar esta gran oportunidad, ser\u00e1 una velada inolvidable.<\/p>\n<p>&nbsp;<\/p>\n<p>&nbsp;<\/p>\n","protected":false},"excerpt":{"rendered":"<p>El reconocido guitarrista y compositor ingl\u00e9s, Johnny Marr, visitar\u00e1 por vez primera Ciudad de M\u00e9xico como parte de su gira mundial titulada \u201cCall The Comet\u201d, pues el pasado 15 de junio sali\u00f3 a la luz  su nuevo \u00e1lbum del mismo nombre a trav\u00e9s de New Voodoo grabado en Crazy Face, los propios estudios de Marr.<\/p>\n","protected":false},"author":2,"featured_media":74445,"comment_status":"open","ping_status":"open","sticky":false,"template":"","format":"standard","meta":{"footnotes":""},"categories":[1,18,17],"tags":[],"class_list":["post-74443","post","type-post","status-publish","format-standard","has-post-thumbnail","hentry","category-cultura","category-musica","category-principal"],"yoast_head":"<!-- This site is optimized with the Yoast SEO plugin v24.7 - https:\/\/yoast.com\/wordpress\/plugins\/seo\/ -->\n<title>Johnny Marr por primera vez en M\u00e9xico &#171; Reconoce MX<\/title>\n<meta name=\"robots\" content=\"index, follow, max-snippet:-1, max-image-preview:large, max-video-preview:-1\" \/>\n<link rel=\"canonical\" href=\"https:\/\/www.reconoce.mx\/?p=74443\" \/>\n<meta property=\"og:locale\" content=\"es_ES\" \/>\n<meta property=\"og:type\" content=\"article\" \/>\n<meta property=\"og:title\" content=\"Johnny Marr por primera vez en M\u00e9xico &#171; Reconoce MX\" \/>\n<meta property=\"og:description\" content=\"El reconocido guitarrista y compositor ingl\u00e9s, Johnny Marr, visitar\u00e1 por vez primera Ciudad de M\u00e9xico como parte de su gira mundial titulada \u201cCall The Comet\u201d, pues el pasado 15 de junio sali\u00f3 a la luz su nuevo \u00e1lbum del mismo nombre a trav\u00e9s de New Voodoo grabado en Crazy Face, los propios estudios de Marr.\" \/>\n<meta property=\"og:url\" content=\"https:\/\/www.reconoce.mx\/?p=74443\" \/>\n<meta property=\"og:site_name\" content=\"Reconoce MX\" \/>\n<meta property=\"article:publisher\" content=\"https:\/\/es-la.facebook.com\/ReconoceMX\/\" \/>\n<meta property=\"article:published_time\" content=\"2018-06-28T05:01:07+00:00\" \/>\n<meta property=\"article:modified_time\" content=\"2018-06-28T05:13:11+00:00\" \/>\n<meta property=\"og:image\" content=\"https:\/\/www.reconoce.mx\/wp-content\/uploads\/2018\/06\/johnny-marr-cover.jpg\" \/>\n\t<meta property=\"og:image:width\" content=\"590\" \/>\n\t<meta property=\"og:image:height\" content=\"380\" \/>\n\t<meta property=\"og:image:type\" content=\"image\/jpeg\" \/>\n<meta name=\"author\" content=\"Reconoce MX\" \/>\n<meta name=\"twitter:card\" content=\"summary_large_image\" \/>\n<meta name=\"twitter:creator\" content=\"@reconocemx\" \/>\n<meta name=\"twitter:site\" content=\"@reconocemx\" \/>\n<meta name=\"twitter:label1\" content=\"Escrito por\" \/>\n\t<meta name=\"twitter:data1\" content=\"Reconoce MX\" \/>\n\t<meta name=\"twitter:label2\" content=\"Tiempo de lectura\" \/>\n\t<meta name=\"twitter:data2\" content=\"1 minuto\" \/>\n<script type=\"application\/ld+json\" class=\"yoast-schema-graph\">{\"@context\":\"https:\/\/schema.org\",\"@graph\":[{\"@type\":\"Article\",\"@id\":\"https:\/\/www.reconoce.mx\/?p=74443#article\",\"isPartOf\":{\"@id\":\"https:\/\/www.reconoce.mx\/?p=74443\"},\"author\":{\"name\":\"Reconoce MX\",\"@id\":\"http:\/\/www.reconoce.mx\/#\/schema\/person\/2117e997d7051dc15d6880eaf9bca0b2\"},\"headline\":\"Johnny Marr por primera vez en M\u00e9xico\",\"datePublished\":\"2018-06-28T05:01:07+00:00\",\"dateModified\":\"2018-06-28T05:13:11+00:00\",\"mainEntityOfPage\":{\"@id\":\"https:\/\/www.reconoce.mx\/?p=74443\"},\"wordCount\":230,\"commentCount\":0,\"publisher\":{\"@id\":\"http:\/\/www.reconoce.mx\/#organization\"},\"image\":{\"@id\":\"https:\/\/www.reconoce.mx\/?p=74443#primaryimage\"},\"thumbnailUrl\":\"https:\/\/www.reconoce.mx\/wp-content\/uploads\/2018\/06\/johnny-marr-cover.jpg\",\"articleSection\":[\"Cultura\",\"M\u00fasica\",\"Principal\"],\"inLanguage\":\"es\",\"potentialAction\":[{\"@type\":\"CommentAction\",\"name\":\"Comment\",\"target\":[\"https:\/\/www.reconoce.mx\/?p=74443#respond\"]}]},{\"@type\":\"WebPage\",\"@id\":\"https:\/\/www.reconoce.mx\/?p=74443\",\"url\":\"https:\/\/www.reconoce.mx\/?p=74443\",\"name\":\"Johnny Marr por primera vez en M\u00e9xico &#171; Reconoce MX\",\"isPartOf\":{\"@id\":\"http:\/\/www.reconoce.mx\/#website\"},\"primaryImageOfPage\":{\"@id\":\"https:\/\/www.reconoce.mx\/?p=74443#primaryimage\"},\"image\":{\"@id\":\"https:\/\/www.reconoce.mx\/?p=74443#primaryimage\"},\"thumbnailUrl\":\"https:\/\/www.reconoce.mx\/wp-content\/uploads\/2018\/06\/johnny-marr-cover.jpg\",\"datePublished\":\"2018-06-28T05:01:07+00:00\",\"dateModified\":\"2018-06-28T05:13:11+00:00\",\"breadcrumb\":{\"@id\":\"https:\/\/www.reconoce.mx\/?p=74443#breadcrumb\"},\"inLanguage\":\"es\",\"potentialAction\":[{\"@type\":\"ReadAction\",\"target\":[\"https:\/\/www.reconoce.mx\/?p=74443\"]}]},{\"@type\":\"ImageObject\",\"inLanguage\":\"es\",\"@id\":\"https:\/\/www.reconoce.mx\/?p=74443#primaryimage\",\"url\":\"https:\/\/www.reconoce.mx\/wp-content\/uploads\/2018\/06\/johnny-marr-cover.jpg\",\"contentUrl\":\"https:\/\/www.reconoce.mx\/wp-content\/uploads\/2018\/06\/johnny-marr-cover.jpg\",\"width\":590,\"height\":380},{\"@type\":\"BreadcrumbList\",\"@id\":\"https:\/\/www.reconoce.mx\/?p=74443#breadcrumb\",\"itemListElement\":[{\"@type\":\"ListItem\",\"position\":1,\"name\":\"Portada\",\"item\":\"http:\/\/www.reconoce.mx\/\"},{\"@type\":\"ListItem\",\"position\":2,\"name\":\"Johnny Marr por primera vez en M\u00e9xico\"}]},{\"@type\":\"WebSite\",\"@id\":\"http:\/\/www.reconoce.mx\/#website\",\"url\":\"http:\/\/www.reconoce.mx\/\",\"name\":\"Reconoce MX\",\"description\":\"En Reconoce MX difundimos arte, cultura y conciencia social en M\u00e9xico. Tu ciudad en otra perspectiva.\",\"publisher\":{\"@id\":\"http:\/\/www.reconoce.mx\/#organization\"},\"potentialAction\":[{\"@type\":\"SearchAction\",\"target\":{\"@type\":\"EntryPoint\",\"urlTemplate\":\"http:\/\/www.reconoce.mx\/?s={search_term_string}\"},\"query-input\":{\"@type\":\"PropertyValueSpecification\",\"valueRequired\":true,\"valueName\":\"search_term_string\"}}],\"inLanguage\":\"es\"},{\"@type\":\"Organization\",\"@id\":\"http:\/\/www.reconoce.mx\/#organization\",\"name\":\"Reconoce MX\",\"url\":\"http:\/\/www.reconoce.mx\/\",\"logo\":{\"@type\":\"ImageObject\",\"inLanguage\":\"es\",\"@id\":\"http:\/\/www.reconoce.mx\/#\/schema\/logo\/image\/\",\"url\":\"https:\/\/www.reconoce.mx\/wp-content\/uploads\/2019\/03\/logorcmx-good-1.png\",\"contentUrl\":\"https:\/\/www.reconoce.mx\/wp-content\/uploads\/2019\/03\/logorcmx-good-1.png\",\"width\":280,\"height\":90,\"caption\":\"Reconoce MX\"},\"image\":{\"@id\":\"http:\/\/www.reconoce.mx\/#\/schema\/logo\/image\/\"},\"sameAs\":[\"https:\/\/es-la.facebook.com\/ReconoceMX\/\",\"https:\/\/x.com\/reconocemx\",\"http:\/\/@reconocemx\"]},{\"@type\":\"Person\",\"@id\":\"http:\/\/www.reconoce.mx\/#\/schema\/person\/2117e997d7051dc15d6880eaf9bca0b2\",\"name\":\"Reconoce MX\",\"image\":{\"@type\":\"ImageObject\",\"inLanguage\":\"es\",\"@id\":\"http:\/\/www.reconoce.mx\/#\/schema\/person\/image\/\",\"url\":\"https:\/\/secure.gravatar.com\/avatar\/6c8d4dc7569ca1c90c5fdcc349f839d5ddef6fe1e70b4337ead2ef1a4c43fc3a?s=96&d=identicon&r=g\",\"contentUrl\":\"https:\/\/secure.gravatar.com\/avatar\/6c8d4dc7569ca1c90c5fdcc349f839d5ddef6fe1e70b4337ead2ef1a4c43fc3a?s=96&d=identicon&r=g\",\"caption\":\"Reconoce MX\"},\"description\":\"Reconoce MX es un proyecto de difusi\u00f3n art\u00edstica, cultural y de conciencia social que est\u00e1 enfocado a difundir y fomentar el entretenimiento alternativo de calidad para todo el p\u00fablico que comparta el mismo entusiasmo.\",\"sameAs\":[\"http:\/\/www.reconoce.mx\"],\"url\":\"https:\/\/www.reconoce.mx\/?author=2\"}]}<\/script>\n<!-- \/ Yoast SEO plugin. -->","yoast_head_json":{"title":"Johnny Marr por primera vez en M\u00e9xico &#171; Reconoce MX","robots":{"index":"index","follow":"follow","max-snippet":"max-snippet:-1","max-image-preview":"max-image-preview:large","max-video-preview":"max-video-preview:-1"},"canonical":"https:\/\/www.reconoce.mx\/?p=74443","og_locale":"es_ES","og_type":"article","og_title":"Johnny Marr por primera vez en M\u00e9xico &#171; Reconoce MX","og_description":"El reconocido guitarrista y compositor ingl\u00e9s, Johnny Marr, visitar\u00e1 por vez primera Ciudad de M\u00e9xico como parte de su gira mundial titulada \u201cCall The Comet\u201d, pues el pasado 15 de junio sali\u00f3 a la luz su nuevo \u00e1lbum del mismo nombre a trav\u00e9s de New Voodoo grabado en Crazy Face, los propios estudios de Marr.","og_url":"https:\/\/www.reconoce.mx\/?p=74443","og_site_name":"Reconoce MX","article_publisher":"https:\/\/es-la.facebook.com\/ReconoceMX\/","article_published_time":"2018-06-28T05:01:07+00:00","article_modified_time":"2018-06-28T05:13:11+00:00","og_image":[{"width":590,"height":380,"url":"https:\/\/www.reconoce.mx\/wp-content\/uploads\/2018\/06\/johnny-marr-cover.jpg","type":"image\/jpeg"}],"author":"Reconoce MX","twitter_card":"summary_large_image","twitter_creator":"@reconocemx","twitter_site":"@reconocemx","twitter_misc":{"Escrito por":"Reconoce MX","Tiempo de lectura":"1 minuto"},"schema":{"@context":"https:\/\/schema.org","@graph":[{"@type":"Article","@id":"https:\/\/www.reconoce.mx\/?p=74443#article","isPartOf":{"@id":"https:\/\/www.reconoce.mx\/?p=74443"},"author":{"name":"Reconoce MX","@id":"http:\/\/www.reconoce.mx\/#\/schema\/person\/2117e997d7051dc15d6880eaf9bca0b2"},"headline":"Johnny Marr por primera vez en M\u00e9xico","datePublished":"2018-06-28T05:01:07+00:00","dateModified":"2018-06-28T05:13:11+00:00","mainEntityOfPage":{"@id":"https:\/\/www.reconoce.mx\/?p=74443"},"wordCount":230,"commentCount":0,"publisher":{"@id":"http:\/\/www.reconoce.mx\/#organization"},"image":{"@id":"https:\/\/www.reconoce.mx\/?p=74443#primaryimage"},"thumbnailUrl":"https:\/\/www.reconoce.mx\/wp-content\/uploads\/2018\/06\/johnny-marr-cover.jpg","articleSection":["Cultura","M\u00fasica","Principal"],"inLanguage":"es","potentialAction":[{"@type":"CommentAction","name":"Comment","target":["https:\/\/www.reconoce.mx\/?p=74443#respond"]}]},{"@type":"WebPage","@id":"https:\/\/www.reconoce.mx\/?p=74443","url":"https:\/\/www.reconoce.mx\/?p=74443","name":"Johnny Marr por primera vez en M\u00e9xico &#171; Reconoce MX","isPartOf":{"@id":"http:\/\/www.reconoce.mx\/#website"},"primaryImageOfPage":{"@id":"https:\/\/www.reconoce.mx\/?p=74443#primaryimage"},"image":{"@id":"https:\/\/www.reconoce.mx\/?p=74443#primaryimage"},"thumbnailUrl":"https:\/\/www.reconoce.mx\/wp-content\/uploads\/2018\/06\/johnny-marr-cover.jpg","datePublished":"2018-06-28T05:01:07+00:00","dateModified":"2018-06-28T05:13:11+00:00","breadcrumb":{"@id":"https:\/\/www.reconoce.mx\/?p=74443#breadcrumb"},"inLanguage":"es","potentialAction":[{"@type":"ReadAction","target":["https:\/\/www.reconoce.mx\/?p=74443"]}]},{"@type":"ImageObject","inLanguage":"es","@id":"https:\/\/www.reconoce.mx\/?p=74443#primaryimage","url":"https:\/\/www.reconoce.mx\/wp-content\/uploads\/2018\/06\/johnny-marr-cover.jpg","contentUrl":"https:\/\/www.reconoce.mx\/wp-content\/uploads\/2018\/06\/johnny-marr-cover.jpg","width":590,"height":380},{"@type":"BreadcrumbList","@id":"https:\/\/www.reconoce.mx\/?p=74443#breadcrumb","itemListElement":[{"@type":"ListItem","position":1,"name":"Portada","item":"http:\/\/www.reconoce.mx\/"},{"@type":"ListItem","position":2,"name":"Johnny Marr por primera vez en M\u00e9xico"}]},{"@type":"WebSite","@id":"http:\/\/www.reconoce.mx\/#website","url":"http:\/\/www.reconoce.mx\/","name":"Reconoce MX","description":"En Reconoce MX difundimos arte, cultura y conciencia social en M\u00e9xico. Tu ciudad en otra perspectiva.","publisher":{"@id":"http:\/\/www.reconoce.mx\/#organization"},"potentialAction":[{"@type":"SearchAction","target":{"@type":"EntryPoint","urlTemplate":"http:\/\/www.reconoce.mx\/?s={search_term_string}"},"query-input":{"@type":"PropertyValueSpecification","valueRequired":true,"valueName":"search_term_string"}}],"inLanguage":"es"},{"@type":"Organization","@id":"http:\/\/www.reconoce.mx\/#organization","name":"Reconoce MX","url":"http:\/\/www.reconoce.mx\/","logo":{"@type":"ImageObject","inLanguage":"es","@id":"http:\/\/www.reconoce.mx\/#\/schema\/logo\/image\/","url":"https:\/\/www.reconoce.mx\/wp-content\/uploads\/2019\/03\/logorcmx-good-1.png","contentUrl":"https:\/\/www.reconoce.mx\/wp-content\/uploads\/2019\/03\/logorcmx-good-1.png","width":280,"height":90,"caption":"Reconoce MX"},"image":{"@id":"http:\/\/www.reconoce.mx\/#\/schema\/logo\/image\/"},"sameAs":["https:\/\/es-la.facebook.com\/ReconoceMX\/","https:\/\/x.com\/reconocemx","http:\/\/@reconocemx"]},{"@type":"Person","@id":"http:\/\/www.reconoce.mx\/#\/schema\/person\/2117e997d7051dc15d6880eaf9bca0b2","name":"Reconoce MX","image":{"@type":"ImageObject","inLanguage":"es","@id":"http:\/\/www.reconoce.mx\/#\/schema\/person\/image\/","url":"https:\/\/secure.gravatar.com\/avatar\/6c8d4dc7569ca1c90c5fdcc349f839d5ddef6fe1e70b4337ead2ef1a4c43fc3a?s=96&d=identicon&r=g","contentUrl":"https:\/\/secure.gravatar.com\/avatar\/6c8d4dc7569ca1c90c5fdcc349f839d5ddef6fe1e70b4337ead2ef1a4c43fc3a?s=96&d=identicon&r=g","caption":"Reconoce MX"},"description":"Reconoce MX es un proyecto de difusi\u00f3n art\u00edstica, cultural y de conciencia social que est\u00e1 enfocado a difundir y fomentar el entretenimiento alternativo de calidad para todo el p\u00fablico que comparta el mismo entusiasmo.","sameAs":["http:\/\/www.reconoce.mx"],"url":"https:\/\/www.reconoce.mx\/?author=2"}]}},"_links":{"self":[{"href":"https:\/\/www.reconoce.mx\/index.php?rest_route=\/wp\/v2\/posts\/74443","targetHints":{"allow":["GET"]}}],"collection":[{"href":"https:\/\/www.reconoce.mx\/index.php?rest_route=\/wp\/v2\/posts"}],"about":[{"href":"https:\/\/www.reconoce.mx\/index.php?rest_route=\/wp\/v2\/types\/post"}],"author":[{"embeddable":true,"href":"https:\/\/www.reconoce.mx\/index.php?rest_route=\/wp\/v2\/users\/2"}],"replies":[{"embeddable":true,"href":"https:\/\/www.reconoce.mx\/index.php?rest_route=%2Fwp%2Fv2%2Fcomments&post=74443"}],"version-history":[{"count":1,"href":"https:\/\/www.reconoce.mx\/index.php?rest_route=\/wp\/v2\/posts\/74443\/revisions"}],"predecessor-version":[{"id":74446,"href":"https:\/\/www.reconoce.mx\/index.php?rest_route=\/wp\/v2\/posts\/74443\/revisions\/74446"}],"wp:featuredmedia":[{"embeddable":true,"href":"https:\/\/www.reconoce.mx\/index.php?rest_route=\/wp\/v2\/media\/74445"}],"wp:attachment":[{"href":"https:\/\/www.reconoce.mx\/index.php?rest_route=%2Fwp%2Fv2%2Fmedia&parent=74443"}],"wp:term":[{"taxonomy":"category","embeddable":true,"href":"https:\/\/www.reconoce.mx\/index.php?rest_route=%2Fwp%2Fv2%2Fcategories&post=74443"},{"taxonomy":"post_tag","embeddable":true,"href":"https:\/\/www.reconoce.mx\/index.php?rest_route=%2Fwp%2Fv2%2Ftags&post=74443"}],"curies":[{"name":"wp","href":"https:\/\/api.w.org\/{rel}","templated":true}]}}