{"id":74457,"date":"2018-06-28T00:02:04","date_gmt":"2018-06-28T05:02:04","guid":{"rendered":"http:\/\/www.reconoce.mx\/?p=74457"},"modified":"2018-06-28T19:34:10","modified_gmt":"2018-06-29T00:34:10","slug":"ims-presentara-disco-popular-en-el-plaza-condesa","status":"publish","type":"post","link":"https:\/\/www.reconoce.mx\/?p=74457","title":{"rendered":"IMS presentar\u00e1 \u00abDisco popular\u00bb en El Plaza Condesa"},"content":{"rendered":"<p><strong>Por\u00a0<a href=\"https:\/\/twitter.com\/alice_freckles\" target=\"_blank\" rel=\"noopener noreferrer\">Alicia \u00c1vila Monroy<\/a>.<\/strong><\/p>\n<p>El <strong>Instituto Mexicano del Sonido<\/strong> (IMS), proyecto liderado por Camilo Lara, presenta el 26 de octubre a las 21:00 horas en <strong>El Plaza Condesa<\/strong> de Ciudad de M\u00e9xico su nuevo material \u00abDisco popular\u00bb.<\/p>\n<p><a href=\"http:\/\/www.reconoce.mx\/wp-content\/uploads\/2018\/06\/ims_28X432.jpg\"><img loading=\"lazy\" decoding=\"async\" class=\"aligncenter size-full wp-image-74459\" src=\"http:\/\/www.reconoce.mx\/wp-content\/uploads\/2018\/06\/ims_28X432.jpg\" alt=\"\" width=\"794\" height=\"1219\" srcset=\"https:\/\/www.reconoce.mx\/wp-content\/uploads\/2018\/06\/ims_28X432.jpg 794w, https:\/\/www.reconoce.mx\/wp-content\/uploads\/2018\/06\/ims_28X432-195x300.jpg 195w, https:\/\/www.reconoce.mx\/wp-content\/uploads\/2018\/06\/ims_28X432-768x1179.jpg 768w, https:\/\/www.reconoce.mx\/wp-content\/uploads\/2018\/06\/ims_28X432-667x1024.jpg 667w, https:\/\/www.reconoce.mx\/wp-content\/uploads\/2018\/06\/ims_28X432-150x230.jpg 150w, https:\/\/www.reconoce.mx\/wp-content\/uploads\/2018\/06\/ims_28X432-700x1075.jpg 700w, https:\/\/www.reconoce.mx\/wp-content\/uploads\/2018\/06\/ims_28X432-658x1010.jpg 658w, https:\/\/www.reconoce.mx\/wp-content\/uploads\/2018\/06\/ims_28X432-300x461.jpg 300w\" sizes=\"auto, (max-width: 794px) 100vw, 794px\" \/><\/a><\/p>\n<p>Esta \u00faltima producci\u00f3n fue mezclada por <strong>Mario Caldato Jr.<\/strong> y grabado en Kingston, Jamaica; Ciudad de M\u00e9xico; Tucson, Arizona y Los \u00c1ngeles. El nuevo LP cuenta con distintas colaboraciones y leyendas como <strong>Ad\u00e1n Jodorowsky<\/strong>, <strong>La Yegros<\/strong>, los jamaiquinos <strong>Sly and Robbie<\/strong> y otros m\u00e1s.<\/p>\n<p>Considerado como el \u201camo de las colaboraciones\u201d, el m\u00fasico y productor Camilo Lara trabaja desde el a\u00f1o pasado en este quinto \u00e1lbum de estudio.<\/p>\n<blockquote><p>Lee tambi\u00e9n: \u00ab<a href=\"http:\/\/www.reconoce.mx\/disco-popular-disco-con-barrio-disco-con-calle-lo-nuevo-del-ims\/\" target=\"_blank\" rel=\"noopener\">&#8216;Disco popular&#8217;: Disco con barrio, disco con calle, lo nuevo del IMS<\/a>\u00ab.<\/p><\/blockquote>\n<p>&nbsp;<\/p>\n<p>Su trayectoria es larga, pues en 2001 le dio vida junto a Jos\u00e9 Enrique Fern\u00e1ndez, Jorge Vergara y Alfonso Cuar\u00f3n, al sello <strong>Suave Records<\/strong>, una productora dedicada a bandas independientes internacionales reconocidas en aquel entonces, del que eran parte bandas como R\u00f6yksopp y Ladytron, entre otros. No solamente apoyaron el talento fuera de M\u00e9xico, sino que tambi\u00e9n trabajaron con proyectos mexicanos como Silverio, Volov\u00e1n y dieron luz a soundtracks de pel\u00edculas como\u00bb Y tu mam\u00e1 tambi\u00e9n\u00bb (2001). <strong>Suave Records<\/strong> dur\u00f3 como dos a\u00f1os.<\/p>\n<p>Camilo Lara no se qued\u00f3 de brazos cruzados, por eso cuando llegaron las ideas fue posible hacer el <strong>Instituto Mexicano del Sonido<\/strong>. \u00c9l no ten\u00eda idea en lo que se convertir\u00eda, de ser un proyecto peque\u00f1o de remixes, se convirti\u00f3 en un gran \u00e1lbum apoyado por el sello espa\u00f1ol <strong>Lovemonk<\/strong>. As\u00ed naci\u00f3 el <strong>IMS<\/strong>, considerada hoy como una banda que cuenta con una gran experiencia en vivo con todo y producci\u00f3n.<\/p>\n<p>Las entradas para ver al <strong>IMS<\/strong> en <strong>El Plaza Condesa<\/strong> ya est\u00e1n a la venta a trav\u00e9s del <a href=\"http:\/\/www.ticketmaster.com.mx\/instituto-mexicano-del-sonido-el-plaza-condesa-mexico-df\/venueartist\/164618\/1409167\" target=\"_blank\" rel=\"noopener\">Sistema Ticketmaster<\/a> y en taquillas del recinto.<\/p>\n<p>&nbsp;<\/p>\n<p>&nbsp;<\/p>\n","protected":false},"excerpt":{"rendered":"<p>El Instituto Mexicano del Sonido (IMS), proyecto liderado por Camilo Lara, presenta el 26 de octubre a las 21:00 horas en El Plaza Condesa de Ciudad de M\u00e9xico su nuevo material \u00abDisco popular\u00bb.<\/p>\n","protected":false},"author":2,"featured_media":74458,"comment_status":"open","ping_status":"open","sticky":false,"template":"","format":"standard","meta":{"footnotes":""},"categories":[1,18,17],"tags":[],"class_list":["post-74457","post","type-post","status-publish","format-standard","has-post-thumbnail","hentry","category-cultura","category-musica","category-principal"],"yoast_head":"<!-- This site is optimized with the Yoast SEO plugin v24.7 - https:\/\/yoast.com\/wordpress\/plugins\/seo\/ -->\n<title>IMS presentar\u00e1 &quot;Disco popular&quot; en El Plaza Condesa &#171; Reconoce MX<\/title>\n<meta name=\"robots\" content=\"index, follow, max-snippet:-1, max-image-preview:large, max-video-preview:-1\" \/>\n<link rel=\"canonical\" href=\"https:\/\/www.reconoce.mx\/?p=74457\" \/>\n<meta property=\"og:locale\" content=\"es_ES\" \/>\n<meta property=\"og:type\" content=\"article\" \/>\n<meta property=\"og:title\" content=\"IMS presentar\u00e1 &quot;Disco popular&quot; en El Plaza Condesa &#171; Reconoce MX\" \/>\n<meta property=\"og:description\" content=\"El Instituto Mexicano del Sonido (IMS), proyecto liderado por Camilo Lara, presenta el 26 de octubre a las 21:00 horas en El Plaza Condesa de Ciudad de M\u00e9xico su nuevo material &quot;Disco popular&quot;.\" \/>\n<meta property=\"og:url\" content=\"https:\/\/www.reconoce.mx\/?p=74457\" \/>\n<meta property=\"og:site_name\" content=\"Reconoce MX\" \/>\n<meta property=\"article:publisher\" content=\"https:\/\/es-la.facebook.com\/ReconoceMX\/\" \/>\n<meta property=\"article:published_time\" content=\"2018-06-28T05:02:04+00:00\" \/>\n<meta property=\"article:modified_time\" content=\"2018-06-29T00:34:10+00:00\" \/>\n<meta property=\"og:image\" content=\"https:\/\/www.reconoce.mx\/wp-content\/uploads\/2018\/06\/ims-el-plaza.jpg\" \/>\n\t<meta property=\"og:image:width\" content=\"590\" \/>\n\t<meta property=\"og:image:height\" content=\"380\" \/>\n\t<meta property=\"og:image:type\" content=\"image\/jpeg\" \/>\n<meta name=\"author\" content=\"Reconoce MX\" \/>\n<meta name=\"twitter:card\" content=\"summary_large_image\" \/>\n<meta name=\"twitter:creator\" content=\"@reconocemx\" \/>\n<meta name=\"twitter:site\" content=\"@reconocemx\" \/>\n<meta name=\"twitter:label1\" content=\"Escrito por\" \/>\n\t<meta name=\"twitter:data1\" content=\"Reconoce MX\" \/>\n\t<meta name=\"twitter:label2\" content=\"Tiempo de lectura\" \/>\n\t<meta name=\"twitter:data2\" content=\"2 minutos\" \/>\n<script type=\"application\/ld+json\" class=\"yoast-schema-graph\">{\"@context\":\"https:\/\/schema.org\",\"@graph\":[{\"@type\":\"Article\",\"@id\":\"https:\/\/www.reconoce.mx\/?p=74457#article\",\"isPartOf\":{\"@id\":\"https:\/\/www.reconoce.mx\/?p=74457\"},\"author\":{\"name\":\"Reconoce MX\",\"@id\":\"http:\/\/www.reconoce.mx\/#\/schema\/person\/2117e997d7051dc15d6880eaf9bca0b2\"},\"headline\":\"IMS presentar\u00e1 \u00abDisco popular\u00bb en El Plaza Condesa\",\"datePublished\":\"2018-06-28T05:02:04+00:00\",\"dateModified\":\"2018-06-29T00:34:10+00:00\",\"mainEntityOfPage\":{\"@id\":\"https:\/\/www.reconoce.mx\/?p=74457\"},\"wordCount\":329,\"commentCount\":0,\"publisher\":{\"@id\":\"http:\/\/www.reconoce.mx\/#organization\"},\"image\":{\"@id\":\"https:\/\/www.reconoce.mx\/?p=74457#primaryimage\"},\"thumbnailUrl\":\"https:\/\/www.reconoce.mx\/wp-content\/uploads\/2018\/06\/ims-el-plaza.jpg\",\"articleSection\":[\"Cultura\",\"M\u00fasica\",\"Principal\"],\"inLanguage\":\"es\",\"potentialAction\":[{\"@type\":\"CommentAction\",\"name\":\"Comment\",\"target\":[\"https:\/\/www.reconoce.mx\/?p=74457#respond\"]}]},{\"@type\":\"WebPage\",\"@id\":\"https:\/\/www.reconoce.mx\/?p=74457\",\"url\":\"https:\/\/www.reconoce.mx\/?p=74457\",\"name\":\"IMS presentar\u00e1 \\\"Disco popular\\\" en El Plaza Condesa &#171; Reconoce MX\",\"isPartOf\":{\"@id\":\"http:\/\/www.reconoce.mx\/#website\"},\"primaryImageOfPage\":{\"@id\":\"https:\/\/www.reconoce.mx\/?p=74457#primaryimage\"},\"image\":{\"@id\":\"https:\/\/www.reconoce.mx\/?p=74457#primaryimage\"},\"thumbnailUrl\":\"https:\/\/www.reconoce.mx\/wp-content\/uploads\/2018\/06\/ims-el-plaza.jpg\",\"datePublished\":\"2018-06-28T05:02:04+00:00\",\"dateModified\":\"2018-06-29T00:34:10+00:00\",\"breadcrumb\":{\"@id\":\"https:\/\/www.reconoce.mx\/?p=74457#breadcrumb\"},\"inLanguage\":\"es\",\"potentialAction\":[{\"@type\":\"ReadAction\",\"target\":[\"https:\/\/www.reconoce.mx\/?p=74457\"]}]},{\"@type\":\"ImageObject\",\"inLanguage\":\"es\",\"@id\":\"https:\/\/www.reconoce.mx\/?p=74457#primaryimage\",\"url\":\"https:\/\/www.reconoce.mx\/wp-content\/uploads\/2018\/06\/ims-el-plaza.jpg\",\"contentUrl\":\"https:\/\/www.reconoce.mx\/wp-content\/uploads\/2018\/06\/ims-el-plaza.jpg\",\"width\":590,\"height\":380},{\"@type\":\"BreadcrumbList\",\"@id\":\"https:\/\/www.reconoce.mx\/?p=74457#breadcrumb\",\"itemListElement\":[{\"@type\":\"ListItem\",\"position\":1,\"name\":\"Portada\",\"item\":\"http:\/\/www.reconoce.mx\/\"},{\"@type\":\"ListItem\",\"position\":2,\"name\":\"IMS presentar\u00e1 \u00abDisco popular\u00bb en El Plaza Condesa\"}]},{\"@type\":\"WebSite\",\"@id\":\"http:\/\/www.reconoce.mx\/#website\",\"url\":\"http:\/\/www.reconoce.mx\/\",\"name\":\"Reconoce MX\",\"description\":\"En Reconoce MX difundimos arte, cultura y conciencia social en M\u00e9xico. Tu ciudad en otra perspectiva.\",\"publisher\":{\"@id\":\"http:\/\/www.reconoce.mx\/#organization\"},\"potentialAction\":[{\"@type\":\"SearchAction\",\"target\":{\"@type\":\"EntryPoint\",\"urlTemplate\":\"http:\/\/www.reconoce.mx\/?s={search_term_string}\"},\"query-input\":{\"@type\":\"PropertyValueSpecification\",\"valueRequired\":true,\"valueName\":\"search_term_string\"}}],\"inLanguage\":\"es\"},{\"@type\":\"Organization\",\"@id\":\"http:\/\/www.reconoce.mx\/#organization\",\"name\":\"Reconoce MX\",\"url\":\"http:\/\/www.reconoce.mx\/\",\"logo\":{\"@type\":\"ImageObject\",\"inLanguage\":\"es\",\"@id\":\"http:\/\/www.reconoce.mx\/#\/schema\/logo\/image\/\",\"url\":\"https:\/\/www.reconoce.mx\/wp-content\/uploads\/2019\/03\/logorcmx-good-1.png\",\"contentUrl\":\"https:\/\/www.reconoce.mx\/wp-content\/uploads\/2019\/03\/logorcmx-good-1.png\",\"width\":280,\"height\":90,\"caption\":\"Reconoce MX\"},\"image\":{\"@id\":\"http:\/\/www.reconoce.mx\/#\/schema\/logo\/image\/\"},\"sameAs\":[\"https:\/\/es-la.facebook.com\/ReconoceMX\/\",\"https:\/\/x.com\/reconocemx\",\"http:\/\/@reconocemx\"]},{\"@type\":\"Person\",\"@id\":\"http:\/\/www.reconoce.mx\/#\/schema\/person\/2117e997d7051dc15d6880eaf9bca0b2\",\"name\":\"Reconoce MX\",\"image\":{\"@type\":\"ImageObject\",\"inLanguage\":\"es\",\"@id\":\"http:\/\/www.reconoce.mx\/#\/schema\/person\/image\/\",\"url\":\"https:\/\/secure.gravatar.com\/avatar\/6c8d4dc7569ca1c90c5fdcc349f839d5ddef6fe1e70b4337ead2ef1a4c43fc3a?s=96&d=identicon&r=g\",\"contentUrl\":\"https:\/\/secure.gravatar.com\/avatar\/6c8d4dc7569ca1c90c5fdcc349f839d5ddef6fe1e70b4337ead2ef1a4c43fc3a?s=96&d=identicon&r=g\",\"caption\":\"Reconoce MX\"},\"description\":\"Reconoce MX es un proyecto de difusi\u00f3n art\u00edstica, cultural y de conciencia social que est\u00e1 enfocado a difundir y fomentar el entretenimiento alternativo de calidad para todo el p\u00fablico que comparta el mismo entusiasmo.\",\"sameAs\":[\"http:\/\/www.reconoce.mx\"],\"url\":\"https:\/\/www.reconoce.mx\/?author=2\"}]}<\/script>\n<!-- \/ Yoast SEO plugin. -->","yoast_head_json":{"title":"IMS presentar\u00e1 \"Disco popular\" en El Plaza Condesa &#171; Reconoce MX","robots":{"index":"index","follow":"follow","max-snippet":"max-snippet:-1","max-image-preview":"max-image-preview:large","max-video-preview":"max-video-preview:-1"},"canonical":"https:\/\/www.reconoce.mx\/?p=74457","og_locale":"es_ES","og_type":"article","og_title":"IMS presentar\u00e1 \"Disco popular\" en El Plaza Condesa &#171; Reconoce MX","og_description":"El Instituto Mexicano del Sonido (IMS), proyecto liderado por Camilo Lara, presenta el 26 de octubre a las 21:00 horas en El Plaza Condesa de Ciudad de M\u00e9xico su nuevo material \"Disco popular\".","og_url":"https:\/\/www.reconoce.mx\/?p=74457","og_site_name":"Reconoce MX","article_publisher":"https:\/\/es-la.facebook.com\/ReconoceMX\/","article_published_time":"2018-06-28T05:02:04+00:00","article_modified_time":"2018-06-29T00:34:10+00:00","og_image":[{"width":590,"height":380,"url":"https:\/\/www.reconoce.mx\/wp-content\/uploads\/2018\/06\/ims-el-plaza.jpg","type":"image\/jpeg"}],"author":"Reconoce MX","twitter_card":"summary_large_image","twitter_creator":"@reconocemx","twitter_site":"@reconocemx","twitter_misc":{"Escrito por":"Reconoce MX","Tiempo de lectura":"2 minutos"},"schema":{"@context":"https:\/\/schema.org","@graph":[{"@type":"Article","@id":"https:\/\/www.reconoce.mx\/?p=74457#article","isPartOf":{"@id":"https:\/\/www.reconoce.mx\/?p=74457"},"author":{"name":"Reconoce MX","@id":"http:\/\/www.reconoce.mx\/#\/schema\/person\/2117e997d7051dc15d6880eaf9bca0b2"},"headline":"IMS presentar\u00e1 \u00abDisco popular\u00bb en El Plaza Condesa","datePublished":"2018-06-28T05:02:04+00:00","dateModified":"2018-06-29T00:34:10+00:00","mainEntityOfPage":{"@id":"https:\/\/www.reconoce.mx\/?p=74457"},"wordCount":329,"commentCount":0,"publisher":{"@id":"http:\/\/www.reconoce.mx\/#organization"},"image":{"@id":"https:\/\/www.reconoce.mx\/?p=74457#primaryimage"},"thumbnailUrl":"https:\/\/www.reconoce.mx\/wp-content\/uploads\/2018\/06\/ims-el-plaza.jpg","articleSection":["Cultura","M\u00fasica","Principal"],"inLanguage":"es","potentialAction":[{"@type":"CommentAction","name":"Comment","target":["https:\/\/www.reconoce.mx\/?p=74457#respond"]}]},{"@type":"WebPage","@id":"https:\/\/www.reconoce.mx\/?p=74457","url":"https:\/\/www.reconoce.mx\/?p=74457","name":"IMS presentar\u00e1 \"Disco popular\" en El Plaza Condesa &#171; Reconoce MX","isPartOf":{"@id":"http:\/\/www.reconoce.mx\/#website"},"primaryImageOfPage":{"@id":"https:\/\/www.reconoce.mx\/?p=74457#primaryimage"},"image":{"@id":"https:\/\/www.reconoce.mx\/?p=74457#primaryimage"},"thumbnailUrl":"https:\/\/www.reconoce.mx\/wp-content\/uploads\/2018\/06\/ims-el-plaza.jpg","datePublished":"2018-06-28T05:02:04+00:00","dateModified":"2018-06-29T00:34:10+00:00","breadcrumb":{"@id":"https:\/\/www.reconoce.mx\/?p=74457#breadcrumb"},"inLanguage":"es","potentialAction":[{"@type":"ReadAction","target":["https:\/\/www.reconoce.mx\/?p=74457"]}]},{"@type":"ImageObject","inLanguage":"es","@id":"https:\/\/www.reconoce.mx\/?p=74457#primaryimage","url":"https:\/\/www.reconoce.mx\/wp-content\/uploads\/2018\/06\/ims-el-plaza.jpg","contentUrl":"https:\/\/www.reconoce.mx\/wp-content\/uploads\/2018\/06\/ims-el-plaza.jpg","width":590,"height":380},{"@type":"BreadcrumbList","@id":"https:\/\/www.reconoce.mx\/?p=74457#breadcrumb","itemListElement":[{"@type":"ListItem","position":1,"name":"Portada","item":"http:\/\/www.reconoce.mx\/"},{"@type":"ListItem","position":2,"name":"IMS presentar\u00e1 \u00abDisco popular\u00bb en El Plaza Condesa"}]},{"@type":"WebSite","@id":"http:\/\/www.reconoce.mx\/#website","url":"http:\/\/www.reconoce.mx\/","name":"Reconoce MX","description":"En Reconoce MX difundimos arte, cultura y conciencia social en M\u00e9xico. Tu ciudad en otra perspectiva.","publisher":{"@id":"http:\/\/www.reconoce.mx\/#organization"},"potentialAction":[{"@type":"SearchAction","target":{"@type":"EntryPoint","urlTemplate":"http:\/\/www.reconoce.mx\/?s={search_term_string}"},"query-input":{"@type":"PropertyValueSpecification","valueRequired":true,"valueName":"search_term_string"}}],"inLanguage":"es"},{"@type":"Organization","@id":"http:\/\/www.reconoce.mx\/#organization","name":"Reconoce MX","url":"http:\/\/www.reconoce.mx\/","logo":{"@type":"ImageObject","inLanguage":"es","@id":"http:\/\/www.reconoce.mx\/#\/schema\/logo\/image\/","url":"https:\/\/www.reconoce.mx\/wp-content\/uploads\/2019\/03\/logorcmx-good-1.png","contentUrl":"https:\/\/www.reconoce.mx\/wp-content\/uploads\/2019\/03\/logorcmx-good-1.png","width":280,"height":90,"caption":"Reconoce MX"},"image":{"@id":"http:\/\/www.reconoce.mx\/#\/schema\/logo\/image\/"},"sameAs":["https:\/\/es-la.facebook.com\/ReconoceMX\/","https:\/\/x.com\/reconocemx","http:\/\/@reconocemx"]},{"@type":"Person","@id":"http:\/\/www.reconoce.mx\/#\/schema\/person\/2117e997d7051dc15d6880eaf9bca0b2","name":"Reconoce MX","image":{"@type":"ImageObject","inLanguage":"es","@id":"http:\/\/www.reconoce.mx\/#\/schema\/person\/image\/","url":"https:\/\/secure.gravatar.com\/avatar\/6c8d4dc7569ca1c90c5fdcc349f839d5ddef6fe1e70b4337ead2ef1a4c43fc3a?s=96&d=identicon&r=g","contentUrl":"https:\/\/secure.gravatar.com\/avatar\/6c8d4dc7569ca1c90c5fdcc349f839d5ddef6fe1e70b4337ead2ef1a4c43fc3a?s=96&d=identicon&r=g","caption":"Reconoce MX"},"description":"Reconoce MX es un proyecto de difusi\u00f3n art\u00edstica, cultural y de conciencia social que est\u00e1 enfocado a difundir y fomentar el entretenimiento alternativo de calidad para todo el p\u00fablico que comparta el mismo entusiasmo.","sameAs":["http:\/\/www.reconoce.mx"],"url":"https:\/\/www.reconoce.mx\/?author=2"}]}},"_links":{"self":[{"href":"https:\/\/www.reconoce.mx\/index.php?rest_route=\/wp\/v2\/posts\/74457","targetHints":{"allow":["GET"]}}],"collection":[{"href":"https:\/\/www.reconoce.mx\/index.php?rest_route=\/wp\/v2\/posts"}],"about":[{"href":"https:\/\/www.reconoce.mx\/index.php?rest_route=\/wp\/v2\/types\/post"}],"author":[{"embeddable":true,"href":"https:\/\/www.reconoce.mx\/index.php?rest_route=\/wp\/v2\/users\/2"}],"replies":[{"embeddable":true,"href":"https:\/\/www.reconoce.mx\/index.php?rest_route=%2Fwp%2Fv2%2Fcomments&post=74457"}],"version-history":[{"count":2,"href":"https:\/\/www.reconoce.mx\/index.php?rest_route=\/wp\/v2\/posts\/74457\/revisions"}],"predecessor-version":[{"id":74461,"href":"https:\/\/www.reconoce.mx\/index.php?rest_route=\/wp\/v2\/posts\/74457\/revisions\/74461"}],"wp:featuredmedia":[{"embeddable":true,"href":"https:\/\/www.reconoce.mx\/index.php?rest_route=\/wp\/v2\/media\/74458"}],"wp:attachment":[{"href":"https:\/\/www.reconoce.mx\/index.php?rest_route=%2Fwp%2Fv2%2Fmedia&parent=74457"}],"wp:term":[{"taxonomy":"category","embeddable":true,"href":"https:\/\/www.reconoce.mx\/index.php?rest_route=%2Fwp%2Fv2%2Fcategories&post=74457"},{"taxonomy":"post_tag","embeddable":true,"href":"https:\/\/www.reconoce.mx\/index.php?rest_route=%2Fwp%2Fv2%2Ftags&post=74457"}],"curies":[{"name":"wp","href":"https:\/\/api.w.org\/{rel}","templated":true}]}}