{"id":74462,"date":"2018-06-28T00:04:16","date_gmt":"2018-06-28T05:04:16","guid":{"rendered":"http:\/\/www.reconoce.mx\/?p=74462"},"modified":"2018-06-28T22:19:27","modified_gmt":"2018-06-29T03:19:27","slug":"diego-luna-invita-a-pensar-en-eldiadespues","status":"publish","type":"post","link":"https:\/\/www.reconoce.mx\/?p=74462","title":{"rendered":"Diego Luna invita a pensar en #ElD\u00edaDespu\u00e9s"},"content":{"rendered":"<p><strong>Por\u00a0<a title=\"@enriquefa86\" href=\"https:\/\/twitter.com\/enriquefa86\" target=\"_blank\" rel=\"noopener\">Enrique Figueroa Anaya<\/a>.<\/strong><\/p>\n<p>Acabaron las campa\u00f1as electorales a puestos de elecci\u00f3n popular, y ahora tocan los d\u00edas previos a las elecciones para terminar de reflexionar sobre qu\u00e9 hacer cada uno con nuestro voto. Sin embargo, y como el actor, productor y director <strong>Diego Luna<\/strong> nos invita a reflexionar, despu\u00e9s del 1 de julio llegar\u00e1 \u00abEl d\u00eda despu\u00e9s\u00bb.<\/p>\n<style>.embed-container { position: relative; padding-bottom: 56.25%; height: 0; overflow: hidden; max-width: 100%; } .embed-container iframe, .embed-container object, .embed-container embed { position: absolute; top: 0; left: 0; width: 100%; height: 100%; }<\/style>\n<div class=\"embed-container\"><iframe src=\"https:\/\/www.youtube.com\/embed\/3vcpg2Po6Q0\" frameborder=\"0\" allowfullscreen=\"allowfullscreen\"><\/iframe><\/div>\n<p>&nbsp;<\/p>\n<p><strong>Diego Luna<\/strong>, vocero de la iniciativa ciudadana \u00abEl d\u00eda despu\u00e9s\u00bb\u200b, invit\u00f3 en d\u00edas pasados a la sociedad mexicana a actuar con empat\u00eda durante el proceso electoral. En especial, a partir del 2 de julio que es cuando comienza el reto de adaptarnos a una nueva realidad y conciliar nuestras diferencias.<\/p>\n<p>\u00abVota por quien quieras, pero piensa que no s\u00f3lo votas por ti\u00bb, pide la iniciativa \u00abEl d\u00eda despu\u00e9s\u00bb. \u00abVota por quien quieras pero comprende que la elecci\u00f3n es s\u00f3lo una etapa de la construcci\u00f3n democr\u00e1tica y que las voces de todas y todos caben en la verdadera noci\u00f3n de pol\u00edtica, que no es aquello que malhacen [sic] nuestros gobernantes, sino la interacci\u00f3n cotidiana con las personas con las que compartimos un mismo espacio.\u00bb<\/p>\n<p>Adem\u00e1s de <strong>Diego Luna<\/strong>, a \u00abEl d\u00eda despu\u00e9s\u00bb se suman tambi\u00e9n <strong>Luigi Amara<\/strong>, escritor; <strong>Ximena Andi\u00f3n<\/strong>, feminista y defensora de derechos humanos; <strong>Ricardo Baruch<\/strong>, activista e investigador en derechos sexuales y reproductivos; <strong>Lydia Cacho<\/strong>, periodista; <strong>Salvador Camarena<\/strong>, periodista; <strong>Ixchel Cisneros<\/strong>, directora de CENCOS y periodista; <strong>Carlos Cruz<\/strong>, integrante de cauce ciudadano y red reto\u00f1o; <strong>Daniel Moreno<\/strong>, periodista; <strong>Jos\u00e9 Merino<\/strong>, polit\u00f3logo; <strong>Gisela P\u00e9rez de Acha<\/strong>, activista y abogada; <strong>Carlos Puig<\/strong>, periodista; y Jos\u00e9 Woldenberg, acad\u00e9mico.<\/p>\n<p>\u00bfTe interesa participar? T\u00fa tambi\u00e9n puedes ser parte de \u00abEl d\u00eda despu\u00e9s\u00bb trav\u00e9s de <a href=\"http:\/\/eldiadespues.mx\/\" target=\"_blank\" rel=\"noopener\">este link<\/a> donde podr\u00e1s leer el manifiesto y firmar.<\/p>\n<p style=\"text-align: right;\">Con informaci\u00f3n e imagen cortes\u00eda de <strong>IQ Icunacury Acosta &amp; Co<\/strong>.<\/p>\n<p>&nbsp;<\/p>\n<p>&nbsp;<\/p>\n","protected":false},"excerpt":{"rendered":"<p>Acabaron las campa\u00f1as electorales a puestos de elecci\u00f3n popular, y ahora tocan los d\u00edas previos a las elecciones para terminar de reflexionar sobre qu\u00e9 hacer cada uno con nuestro voto. Sin embargo, y como el actor, productor y director Diego Luna nos invita a reflexionar, despu\u00e9s del 1 de julio llegar\u00e1 \u00abEl d\u00eda despu\u00e9s\u00bb.<\/p>\n","protected":false},"author":2,"featured_media":74474,"comment_status":"open","ping_status":"open","sticky":false,"template":"","format":"standard","meta":{"footnotes":""},"categories":[247,43,17],"tags":[],"class_list":["post-74462","post","type-post","status-publish","format-standard","has-post-thumbnail","hentry","category-asociaciones-civiles","category-conciencia","category-principal"],"yoast_head":"<!-- This site is optimized with the Yoast SEO plugin v24.7 - https:\/\/yoast.com\/wordpress\/plugins\/seo\/ -->\n<title>Diego Luna invita a pensar en #ElD\u00edaDespu\u00e9s &#171; Reconoce MX<\/title>\n<meta name=\"robots\" content=\"index, follow, max-snippet:-1, max-image-preview:large, max-video-preview:-1\" \/>\n<link rel=\"canonical\" href=\"https:\/\/www.reconoce.mx\/?p=74462\" \/>\n<meta property=\"og:locale\" content=\"es_ES\" \/>\n<meta property=\"og:type\" content=\"article\" \/>\n<meta property=\"og:title\" content=\"Diego Luna invita a pensar en #ElD\u00edaDespu\u00e9s &#171; Reconoce MX\" \/>\n<meta property=\"og:description\" content=\"Acabaron las campa\u00f1as electorales a puestos de elecci\u00f3n popular, y ahora tocan los d\u00edas previos a las elecciones para terminar de reflexionar sobre qu\u00e9 hacer cada uno con nuestro voto. Sin embargo, y como el actor, productor y director Diego Luna nos invita a reflexionar, despu\u00e9s del 1 de julio llegar\u00e1 &quot;El d\u00eda despu\u00e9s&quot;.\" \/>\n<meta property=\"og:url\" content=\"https:\/\/www.reconoce.mx\/?p=74462\" \/>\n<meta property=\"og:site_name\" content=\"Reconoce MX\" \/>\n<meta property=\"article:publisher\" content=\"https:\/\/es-la.facebook.com\/ReconoceMX\/\" \/>\n<meta property=\"article:published_time\" content=\"2018-06-28T05:04:16+00:00\" \/>\n<meta property=\"article:modified_time\" content=\"2018-06-29T03:19:27+00:00\" \/>\n<meta property=\"og:image\" content=\"https:\/\/www.reconoce.mx\/wp-content\/uploads\/2018\/06\/el-dia-despues.jpg\" \/>\n\t<meta property=\"og:image:width\" content=\"590\" \/>\n\t<meta property=\"og:image:height\" content=\"380\" \/>\n\t<meta property=\"og:image:type\" content=\"image\/jpeg\" \/>\n<meta name=\"author\" content=\"Reconoce MX\" \/>\n<meta name=\"twitter:card\" content=\"summary_large_image\" \/>\n<meta name=\"twitter:creator\" content=\"@reconocemx\" \/>\n<meta name=\"twitter:site\" content=\"@reconocemx\" \/>\n<meta name=\"twitter:label1\" content=\"Escrito por\" \/>\n\t<meta name=\"twitter:data1\" content=\"Reconoce MX\" \/>\n\t<meta name=\"twitter:label2\" content=\"Tiempo de lectura\" \/>\n\t<meta name=\"twitter:data2\" content=\"2 minutos\" \/>\n<script type=\"application\/ld+json\" class=\"yoast-schema-graph\">{\"@context\":\"https:\/\/schema.org\",\"@graph\":[{\"@type\":\"Article\",\"@id\":\"https:\/\/www.reconoce.mx\/?p=74462#article\",\"isPartOf\":{\"@id\":\"https:\/\/www.reconoce.mx\/?p=74462\"},\"author\":{\"name\":\"Reconoce MX\",\"@id\":\"http:\/\/www.reconoce.mx\/#\/schema\/person\/2117e997d7051dc15d6880eaf9bca0b2\"},\"headline\":\"Diego Luna invita a pensar en #ElD\u00edaDespu\u00e9s\",\"datePublished\":\"2018-06-28T05:04:16+00:00\",\"dateModified\":\"2018-06-29T03:19:27+00:00\",\"mainEntityOfPage\":{\"@id\":\"https:\/\/www.reconoce.mx\/?p=74462\"},\"wordCount\":335,\"commentCount\":0,\"publisher\":{\"@id\":\"http:\/\/www.reconoce.mx\/#organization\"},\"image\":{\"@id\":\"https:\/\/www.reconoce.mx\/?p=74462#primaryimage\"},\"thumbnailUrl\":\"https:\/\/www.reconoce.mx\/wp-content\/uploads\/2018\/06\/el-dia-despues.jpg\",\"articleSection\":[\"Asociaciones Civiles\",\"Conciencia\",\"Principal\"],\"inLanguage\":\"es\",\"potentialAction\":[{\"@type\":\"CommentAction\",\"name\":\"Comment\",\"target\":[\"https:\/\/www.reconoce.mx\/?p=74462#respond\"]}]},{\"@type\":\"WebPage\",\"@id\":\"https:\/\/www.reconoce.mx\/?p=74462\",\"url\":\"https:\/\/www.reconoce.mx\/?p=74462\",\"name\":\"Diego Luna invita a pensar en #ElD\u00edaDespu\u00e9s &#171; Reconoce MX\",\"isPartOf\":{\"@id\":\"http:\/\/www.reconoce.mx\/#website\"},\"primaryImageOfPage\":{\"@id\":\"https:\/\/www.reconoce.mx\/?p=74462#primaryimage\"},\"image\":{\"@id\":\"https:\/\/www.reconoce.mx\/?p=74462#primaryimage\"},\"thumbnailUrl\":\"https:\/\/www.reconoce.mx\/wp-content\/uploads\/2018\/06\/el-dia-despues.jpg\",\"datePublished\":\"2018-06-28T05:04:16+00:00\",\"dateModified\":\"2018-06-29T03:19:27+00:00\",\"breadcrumb\":{\"@id\":\"https:\/\/www.reconoce.mx\/?p=74462#breadcrumb\"},\"inLanguage\":\"es\",\"potentialAction\":[{\"@type\":\"ReadAction\",\"target\":[\"https:\/\/www.reconoce.mx\/?p=74462\"]}]},{\"@type\":\"ImageObject\",\"inLanguage\":\"es\",\"@id\":\"https:\/\/www.reconoce.mx\/?p=74462#primaryimage\",\"url\":\"https:\/\/www.reconoce.mx\/wp-content\/uploads\/2018\/06\/el-dia-despues.jpg\",\"contentUrl\":\"https:\/\/www.reconoce.mx\/wp-content\/uploads\/2018\/06\/el-dia-despues.jpg\",\"width\":590,\"height\":380},{\"@type\":\"BreadcrumbList\",\"@id\":\"https:\/\/www.reconoce.mx\/?p=74462#breadcrumb\",\"itemListElement\":[{\"@type\":\"ListItem\",\"position\":1,\"name\":\"Portada\",\"item\":\"http:\/\/www.reconoce.mx\/\"},{\"@type\":\"ListItem\",\"position\":2,\"name\":\"Diego Luna invita a pensar en #ElD\u00edaDespu\u00e9s\"}]},{\"@type\":\"WebSite\",\"@id\":\"http:\/\/www.reconoce.mx\/#website\",\"url\":\"http:\/\/www.reconoce.mx\/\",\"name\":\"Reconoce MX\",\"description\":\"En Reconoce MX difundimos arte, cultura y conciencia social en M\u00e9xico. Tu ciudad en otra perspectiva.\",\"publisher\":{\"@id\":\"http:\/\/www.reconoce.mx\/#organization\"},\"potentialAction\":[{\"@type\":\"SearchAction\",\"target\":{\"@type\":\"EntryPoint\",\"urlTemplate\":\"http:\/\/www.reconoce.mx\/?s={search_term_string}\"},\"query-input\":{\"@type\":\"PropertyValueSpecification\",\"valueRequired\":true,\"valueName\":\"search_term_string\"}}],\"inLanguage\":\"es\"},{\"@type\":\"Organization\",\"@id\":\"http:\/\/www.reconoce.mx\/#organization\",\"name\":\"Reconoce MX\",\"url\":\"http:\/\/www.reconoce.mx\/\",\"logo\":{\"@type\":\"ImageObject\",\"inLanguage\":\"es\",\"@id\":\"http:\/\/www.reconoce.mx\/#\/schema\/logo\/image\/\",\"url\":\"https:\/\/www.reconoce.mx\/wp-content\/uploads\/2019\/03\/logorcmx-good-1.png\",\"contentUrl\":\"https:\/\/www.reconoce.mx\/wp-content\/uploads\/2019\/03\/logorcmx-good-1.png\",\"width\":280,\"height\":90,\"caption\":\"Reconoce MX\"},\"image\":{\"@id\":\"http:\/\/www.reconoce.mx\/#\/schema\/logo\/image\/\"},\"sameAs\":[\"https:\/\/es-la.facebook.com\/ReconoceMX\/\",\"https:\/\/x.com\/reconocemx\",\"http:\/\/@reconocemx\"]},{\"@type\":\"Person\",\"@id\":\"http:\/\/www.reconoce.mx\/#\/schema\/person\/2117e997d7051dc15d6880eaf9bca0b2\",\"name\":\"Reconoce MX\",\"image\":{\"@type\":\"ImageObject\",\"inLanguage\":\"es\",\"@id\":\"http:\/\/www.reconoce.mx\/#\/schema\/person\/image\/\",\"url\":\"https:\/\/secure.gravatar.com\/avatar\/6c8d4dc7569ca1c90c5fdcc349f839d5ddef6fe1e70b4337ead2ef1a4c43fc3a?s=96&d=identicon&r=g\",\"contentUrl\":\"https:\/\/secure.gravatar.com\/avatar\/6c8d4dc7569ca1c90c5fdcc349f839d5ddef6fe1e70b4337ead2ef1a4c43fc3a?s=96&d=identicon&r=g\",\"caption\":\"Reconoce MX\"},\"description\":\"Reconoce MX es un proyecto de difusi\u00f3n art\u00edstica, cultural y de conciencia social que est\u00e1 enfocado a difundir y fomentar el entretenimiento alternativo de calidad para todo el p\u00fablico que comparta el mismo entusiasmo.\",\"sameAs\":[\"http:\/\/www.reconoce.mx\"],\"url\":\"https:\/\/www.reconoce.mx\/?author=2\"}]}<\/script>\n<!-- \/ Yoast SEO plugin. -->","yoast_head_json":{"title":"Diego Luna invita a pensar en #ElD\u00edaDespu\u00e9s &#171; Reconoce MX","robots":{"index":"index","follow":"follow","max-snippet":"max-snippet:-1","max-image-preview":"max-image-preview:large","max-video-preview":"max-video-preview:-1"},"canonical":"https:\/\/www.reconoce.mx\/?p=74462","og_locale":"es_ES","og_type":"article","og_title":"Diego Luna invita a pensar en #ElD\u00edaDespu\u00e9s &#171; Reconoce MX","og_description":"Acabaron las campa\u00f1as electorales a puestos de elecci\u00f3n popular, y ahora tocan los d\u00edas previos a las elecciones para terminar de reflexionar sobre qu\u00e9 hacer cada uno con nuestro voto. Sin embargo, y como el actor, productor y director Diego Luna nos invita a reflexionar, despu\u00e9s del 1 de julio llegar\u00e1 \"El d\u00eda despu\u00e9s\".","og_url":"https:\/\/www.reconoce.mx\/?p=74462","og_site_name":"Reconoce MX","article_publisher":"https:\/\/es-la.facebook.com\/ReconoceMX\/","article_published_time":"2018-06-28T05:04:16+00:00","article_modified_time":"2018-06-29T03:19:27+00:00","og_image":[{"width":590,"height":380,"url":"https:\/\/www.reconoce.mx\/wp-content\/uploads\/2018\/06\/el-dia-despues.jpg","type":"image\/jpeg"}],"author":"Reconoce MX","twitter_card":"summary_large_image","twitter_creator":"@reconocemx","twitter_site":"@reconocemx","twitter_misc":{"Escrito por":"Reconoce MX","Tiempo de lectura":"2 minutos"},"schema":{"@context":"https:\/\/schema.org","@graph":[{"@type":"Article","@id":"https:\/\/www.reconoce.mx\/?p=74462#article","isPartOf":{"@id":"https:\/\/www.reconoce.mx\/?p=74462"},"author":{"name":"Reconoce MX","@id":"http:\/\/www.reconoce.mx\/#\/schema\/person\/2117e997d7051dc15d6880eaf9bca0b2"},"headline":"Diego Luna invita a pensar en #ElD\u00edaDespu\u00e9s","datePublished":"2018-06-28T05:04:16+00:00","dateModified":"2018-06-29T03:19:27+00:00","mainEntityOfPage":{"@id":"https:\/\/www.reconoce.mx\/?p=74462"},"wordCount":335,"commentCount":0,"publisher":{"@id":"http:\/\/www.reconoce.mx\/#organization"},"image":{"@id":"https:\/\/www.reconoce.mx\/?p=74462#primaryimage"},"thumbnailUrl":"https:\/\/www.reconoce.mx\/wp-content\/uploads\/2018\/06\/el-dia-despues.jpg","articleSection":["Asociaciones Civiles","Conciencia","Principal"],"inLanguage":"es","potentialAction":[{"@type":"CommentAction","name":"Comment","target":["https:\/\/www.reconoce.mx\/?p=74462#respond"]}]},{"@type":"WebPage","@id":"https:\/\/www.reconoce.mx\/?p=74462","url":"https:\/\/www.reconoce.mx\/?p=74462","name":"Diego Luna invita a pensar en #ElD\u00edaDespu\u00e9s &#171; Reconoce MX","isPartOf":{"@id":"http:\/\/www.reconoce.mx\/#website"},"primaryImageOfPage":{"@id":"https:\/\/www.reconoce.mx\/?p=74462#primaryimage"},"image":{"@id":"https:\/\/www.reconoce.mx\/?p=74462#primaryimage"},"thumbnailUrl":"https:\/\/www.reconoce.mx\/wp-content\/uploads\/2018\/06\/el-dia-despues.jpg","datePublished":"2018-06-28T05:04:16+00:00","dateModified":"2018-06-29T03:19:27+00:00","breadcrumb":{"@id":"https:\/\/www.reconoce.mx\/?p=74462#breadcrumb"},"inLanguage":"es","potentialAction":[{"@type":"ReadAction","target":["https:\/\/www.reconoce.mx\/?p=74462"]}]},{"@type":"ImageObject","inLanguage":"es","@id":"https:\/\/www.reconoce.mx\/?p=74462#primaryimage","url":"https:\/\/www.reconoce.mx\/wp-content\/uploads\/2018\/06\/el-dia-despues.jpg","contentUrl":"https:\/\/www.reconoce.mx\/wp-content\/uploads\/2018\/06\/el-dia-despues.jpg","width":590,"height":380},{"@type":"BreadcrumbList","@id":"https:\/\/www.reconoce.mx\/?p=74462#breadcrumb","itemListElement":[{"@type":"ListItem","position":1,"name":"Portada","item":"http:\/\/www.reconoce.mx\/"},{"@type":"ListItem","position":2,"name":"Diego Luna invita a pensar en #ElD\u00edaDespu\u00e9s"}]},{"@type":"WebSite","@id":"http:\/\/www.reconoce.mx\/#website","url":"http:\/\/www.reconoce.mx\/","name":"Reconoce MX","description":"En Reconoce MX difundimos arte, cultura y conciencia social en M\u00e9xico. Tu ciudad en otra perspectiva.","publisher":{"@id":"http:\/\/www.reconoce.mx\/#organization"},"potentialAction":[{"@type":"SearchAction","target":{"@type":"EntryPoint","urlTemplate":"http:\/\/www.reconoce.mx\/?s={search_term_string}"},"query-input":{"@type":"PropertyValueSpecification","valueRequired":true,"valueName":"search_term_string"}}],"inLanguage":"es"},{"@type":"Organization","@id":"http:\/\/www.reconoce.mx\/#organization","name":"Reconoce MX","url":"http:\/\/www.reconoce.mx\/","logo":{"@type":"ImageObject","inLanguage":"es","@id":"http:\/\/www.reconoce.mx\/#\/schema\/logo\/image\/","url":"https:\/\/www.reconoce.mx\/wp-content\/uploads\/2019\/03\/logorcmx-good-1.png","contentUrl":"https:\/\/www.reconoce.mx\/wp-content\/uploads\/2019\/03\/logorcmx-good-1.png","width":280,"height":90,"caption":"Reconoce MX"},"image":{"@id":"http:\/\/www.reconoce.mx\/#\/schema\/logo\/image\/"},"sameAs":["https:\/\/es-la.facebook.com\/ReconoceMX\/","https:\/\/x.com\/reconocemx","http:\/\/@reconocemx"]},{"@type":"Person","@id":"http:\/\/www.reconoce.mx\/#\/schema\/person\/2117e997d7051dc15d6880eaf9bca0b2","name":"Reconoce MX","image":{"@type":"ImageObject","inLanguage":"es","@id":"http:\/\/www.reconoce.mx\/#\/schema\/person\/image\/","url":"https:\/\/secure.gravatar.com\/avatar\/6c8d4dc7569ca1c90c5fdcc349f839d5ddef6fe1e70b4337ead2ef1a4c43fc3a?s=96&d=identicon&r=g","contentUrl":"https:\/\/secure.gravatar.com\/avatar\/6c8d4dc7569ca1c90c5fdcc349f839d5ddef6fe1e70b4337ead2ef1a4c43fc3a?s=96&d=identicon&r=g","caption":"Reconoce MX"},"description":"Reconoce MX es un proyecto de difusi\u00f3n art\u00edstica, cultural y de conciencia social que est\u00e1 enfocado a difundir y fomentar el entretenimiento alternativo de calidad para todo el p\u00fablico que comparta el mismo entusiasmo.","sameAs":["http:\/\/www.reconoce.mx"],"url":"https:\/\/www.reconoce.mx\/?author=2"}]}},"_links":{"self":[{"href":"https:\/\/www.reconoce.mx\/index.php?rest_route=\/wp\/v2\/posts\/74462","targetHints":{"allow":["GET"]}}],"collection":[{"href":"https:\/\/www.reconoce.mx\/index.php?rest_route=\/wp\/v2\/posts"}],"about":[{"href":"https:\/\/www.reconoce.mx\/index.php?rest_route=\/wp\/v2\/types\/post"}],"author":[{"embeddable":true,"href":"https:\/\/www.reconoce.mx\/index.php?rest_route=\/wp\/v2\/users\/2"}],"replies":[{"embeddable":true,"href":"https:\/\/www.reconoce.mx\/index.php?rest_route=%2Fwp%2Fv2%2Fcomments&post=74462"}],"version-history":[{"count":4,"href":"https:\/\/www.reconoce.mx\/index.php?rest_route=\/wp\/v2\/posts\/74462\/revisions"}],"predecessor-version":[{"id":74477,"href":"https:\/\/www.reconoce.mx\/index.php?rest_route=\/wp\/v2\/posts\/74462\/revisions\/74477"}],"wp:featuredmedia":[{"embeddable":true,"href":"https:\/\/www.reconoce.mx\/index.php?rest_route=\/wp\/v2\/media\/74474"}],"wp:attachment":[{"href":"https:\/\/www.reconoce.mx\/index.php?rest_route=%2Fwp%2Fv2%2Fmedia&parent=74462"}],"wp:term":[{"taxonomy":"category","embeddable":true,"href":"https:\/\/www.reconoce.mx\/index.php?rest_route=%2Fwp%2Fv2%2Fcategories&post=74462"},{"taxonomy":"post_tag","embeddable":true,"href":"https:\/\/www.reconoce.mx\/index.php?rest_route=%2Fwp%2Fv2%2Ftags&post=74462"}],"curies":[{"name":"wp","href":"https:\/\/api.w.org\/{rel}","templated":true}]}}