{"id":76533,"date":"2018-09-18T00:05:01","date_gmt":"2018-09-18T05:05:01","guid":{"rendered":"http:\/\/www.reconoce.mx\/?p=76533"},"modified":"2018-09-18T08:24:00","modified_gmt":"2018-09-18T13:24:00","slug":"scandal-estruendoso-y-tremendo-concierto-en-el-plaza","status":"publish","type":"post","link":"https:\/\/www.reconoce.mx\/?p=76533","title":{"rendered":"SCANDAL: estruendoso y tremendo concierto en El Plaza"},"content":{"rendered":"<p><strong>Texto por Yvan Alejandro L\u00f3pez Galv\u00e1n<\/strong>.<br \/>\n<strong>Fotos por <a href=\"https:\/\/twitter.com\/_AriZam\" target=\"_blank\" rel=\"noopener\">Ariana Zamaron Solis<\/a><\/strong>.<\/p>\n<p>La escena del J-Rock no podr\u00eda estar m\u00e1s viva en Am\u00e9rica latina y el evento que se vivi\u00f3 el 14 de septiembre en <strong>El Plaza Condesa<\/strong> es una afirmaci\u00f3n de ello. <strong>SCANDAL<\/strong> se volvi\u00f3 a presentar en M\u00e9xico despu\u00e9s de tres a\u00f1os, presentando canciones de sus discos pasados y del nuevo que sali\u00f3 hace poco. Esto es lo que se vivi\u00f3 en el \u00abSpecial Thanks Tour\u00bb.<\/p>\n<p><img loading=\"lazy\" decoding=\"async\" class=\"alignnone size-full\" src=\"https:\/\/c1.staticflickr.com\/2\/1846\/29790281417_ce39de9f19_k.jpg\" width=\"1365\" height=\"2048\" \/><\/p>\n<p><strong><em>&gt;&gt;<a href=\"https:\/\/www.flickr.com\/photos\/reconocemx\/albums\/72157699827919301\" target=\"_blank\" rel=\"noopener\">Disfruta nuestra galer\u00eda completa de SCANDAL en El Plaza<\/a>&lt;&lt;<\/em><\/strong><\/p>\n<p>Desde el inicio, al pisar el recinto me top\u00e9 con una marabunta de gente; para m\u00ed fue algo inaudito poder ver a tantas personas juntas para ver a una banda que honestamente no sab\u00eda que exist\u00eda hasta hace pocos meses; de ah\u00ed mi primera afirmaci\u00f3n, nunca pens\u00e9 que este g\u00e9nero fuese demasiado escuchado y alabado en M\u00e9xico. Cuando supe de estas cuatro hermosas chicas me parec\u00edan un producto prefabricado para vender la idea de la nueva ola de rock japon\u00e9s, pero cuando escuch\u00e9 su m\u00fasica por primera vez supe que estaba muy equivocado. <strong>SCANDAL<\/strong> es un grupo que, si bien est\u00e1 conformado por mujeres atractivas que se visten a la moda con mini faldas, no son de esas que solo van a vender su belleza, ya que su talento se siente en la ejecuci\u00f3n de su m\u00fasica y en vivo se puede presenciar la energ\u00eda y lo vivaz que pueden llegar a ser cuando est\u00e1n frente a un p\u00fablico que aprecia lo que hace.<\/p>\n<p>Cuando las luces estaban bajas y el concierto por fin empez\u00f3, la gente desbord\u00f3 una serie de desenfrenados gritos y aplausos por ver a las chicas por fin entrar al escenario; estos estruendosos gritos de amor se volvieron m\u00e1s fuertes cuando abrieron con \u201cShunkan Sentimental\u201d, una canci\u00f3n que lleva m\u00e1s de 8 a\u00f1os en el mercado, por lo que no me sorprendi\u00f3 tanto que la reacci\u00f3n de los fans, siendo \u00e9sta una canci\u00f3n muy amada, y que sirvi\u00f3 como uno de los temas del famoso anime \u00abFull Metal Alchemist\u00bb. Me atrevo a decir que muchos conocieron por primera vez a esta banda por la misma caricatura que comparte la misma fama. Procedieron con \u201cAwanai Tsumori No, Genki Dene\u201d otro gran tema de las oriundas de Jap\u00f3n, y uno de los temas m\u00e1s famosos del g\u00e9nero en 2013 y definitivamente de los favoritos por los escucha; aqu\u00ed la tensi\u00f3n tom\u00f3 otro nivel y el recinto empez\u00f3 a sentir la vibraci\u00f3n de las notas, pero sobre todo de una fanaticada pose\u00edda por la emoci\u00f3n. Cuando \u201cStamp\u201d comenz\u00f3 se not\u00f3 c\u00f3mo la gente dejaba un poco de hacer eco al cantar con las chicas, ya que se trata de una canci\u00f3n nueva, pero compartiendo la misma vibra que las pasadas ya que a\u00fan se sent\u00edan los saltos y bailes provenientes del frente del escenario.<\/p>\n<p><img loading=\"lazy\" decoding=\"async\" class=\"alignnone size-full\" src=\"https:\/\/c1.staticflickr.com\/2\/1854\/42917619390_8fbe3944c3_k.jpg\" width=\"1365\" height=\"2048\" \/><\/p>\n<p><strong><em>&gt;&gt;<a href=\"https:\/\/www.flickr.com\/photos\/reconocemx\/albums\/72157699827919301\" target=\"_blank\" rel=\"noopener\">Disfruta nuestra galer\u00eda completa de SCANDAL en El Plaza<\/a>&lt;&lt;<\/em><\/strong><\/p>\n<p>Despu\u00e9s de tocar varias canciones pasadas tales como \u201cYour Song\u201d y \u201cScandal Baby\u201d, procedieron a saludar a todo su p\u00fablico; las chicas empezaron a hablar en su idioma, un poco de ingl\u00e9s y un poco menos de espa\u00f1ol, algo que me agrad\u00f3 bastante. Lo anterior demostr\u00f3 c\u00f3mo <strong>SCANDAL<\/strong> llega a amar a las personas que les escuchan; incluso mencionaron que se enteraron que el d\u00eda siguiente de su concierto (15 de septiembre) es el D\u00eda de la Independencia de M\u00e9xico, por lo que no tuvieron miedo de su propia pronunciaci\u00f3n y empezaron a gritar \u201c\u00a1VIVA M\u00c9XICO!\u201d para ser secundadas con un \u201cVIVA\u201d de todos. Un c\u00e1lido acto que sin duda hizo sonre\u00edr a muchos y que las hizo sentir como parte del mismo pa\u00eds.<\/p>\n<p>Claro que no solo escuchamos mucho de lo que ya se ha escuchado por parte de la banda, tampoco se vieron temerosas al presentar \u201cPlataform Syndrome\u201d un tema que sali\u00f3 este a\u00f1o y que levant\u00f3 muchas manos para los aplausos r\u00edtmicos y as\u00ed volver a tocar m\u00e1s canciones que son mundialmente conocidas por los fan\u00e1ticos. Para cerrar tocaron una serie de canciones que a mi parecer fueron de las fuertes de todo su repertorio; \u201cElectric Girl\u201d, \u201cTake Me Out\u201d y \u201cSurvive\u201d fueron de las m\u00e1s movidas y que demostraron toda la destreza con las que las chicas desempe\u00f1an sus composiciones y que demuestra que no son solo unas caras bonitas, sino que rebosan de un gran talento y t\u00e9cnica para tocar su respectivo instrumento y crear experiencias maravillosas al presenciarlas en vivo.<\/p>\n<p><img loading=\"lazy\" decoding=\"async\" class=\"alignnone size-full\" src=\"https:\/\/c1.staticflickr.com\/2\/1876\/44009309694_a7a174fd30_c.jpg\" width=\"800\" height=\"534\" \/><\/p>\n<p><strong><em>&gt;&gt;<a href=\"https:\/\/www.flickr.com\/photos\/reconocemx\/albums\/72157699827919301\" target=\"_blank\" rel=\"noopener\">Disfruta nuestra galer\u00eda completa de SCANDAL en El Plaza<\/a>&lt;&lt;<\/em><\/strong><\/p>\n<p>Mi primer concierto de J-Rock fue una gran experiencia, y me ense\u00f1\u00f3 que, a pesar de ser un g\u00e9nero no muy famoso entre la comunidad mexicana, hay gente que se mantiene fiel a \u00e9ste; ya sea por tener un rimbombante sonido, pegajosas melod\u00edas o sentimentalismo musical, me es claro que cada vez va creciendo m\u00e1s y m\u00e1s todo este concepto de la m\u00fasica japonesa en el mundo, y que M\u00e9xico es solo un brazo muy fuerte que le da impulso a este movimiento. Si est\u00e1n leyendo esto y se creen unos entusiastas de la m\u00fasica en general, denle una oportunidad a <strong>SCANDAL<\/strong>, de ese modo ver\u00e1n de lo que es capaz el g\u00e9nero y, sobre todo, los introducir\u00e1 a un mundo del que probablemente no querr\u00e1n salir.<\/p>\n<p>&nbsp;<\/p>\n<p>&nbsp;<\/p>\n","protected":false},"excerpt":{"rendered":"<p>La escena del J-Rock no podr\u00eda estar m\u00e1s viva en Am\u00e9rica latina y el evento que se vivi\u00f3 el 14 de septiembre en El Plaza Condesa es una afirmaci\u00f3n de ello. SCANDAL se volvi\u00f3 a presentar en M\u00e9xico despu\u00e9s de tres a\u00f1os, presentando canciones de sus discos pasados y del nuevo que sali\u00f3 hace poco. Esto es lo que se vivi\u00f3 en el \u00abSpecial Thanks Tour\u00bb.<\/p>\n","protected":false},"author":2,"featured_media":76534,"comment_status":"open","ping_status":"open","sticky":false,"template":"","format":"standard","meta":{"footnotes":""},"categories":[1,18,17],"tags":[],"class_list":["post-76533","post","type-post","status-publish","format-standard","has-post-thumbnail","hentry","category-cultura","category-musica","category-principal"],"yoast_head":"<!-- This site is optimized with the Yoast SEO plugin v24.7 - https:\/\/yoast.com\/wordpress\/plugins\/seo\/ -->\n<title>SCANDAL: estruendoso y tremendo concierto en El Plaza &#171; Reconoce MX<\/title>\n<meta name=\"robots\" content=\"index, follow, max-snippet:-1, max-image-preview:large, max-video-preview:-1\" \/>\n<link rel=\"canonical\" href=\"http:\/\/www.reconoce.mx\/?p=76533\" \/>\n<meta property=\"og:locale\" content=\"es_ES\" \/>\n<meta property=\"og:type\" content=\"article\" \/>\n<meta property=\"og:title\" content=\"SCANDAL: estruendoso y tremendo concierto en El Plaza &#171; Reconoce MX\" \/>\n<meta property=\"og:description\" content=\"La escena del J-Rock no podr\u00eda estar m\u00e1s viva en Am\u00e9rica latina y el evento que se vivi\u00f3 el 14 de septiembre en El Plaza Condesa es una afirmaci\u00f3n de ello. SCANDAL se volvi\u00f3 a presentar en M\u00e9xico despu\u00e9s de tres a\u00f1os, presentando canciones de sus discos pasados y del nuevo que sali\u00f3 hace poco. Esto es lo que se vivi\u00f3 en el &quot;Special Thanks Tour&quot;.\" \/>\n<meta property=\"og:url\" content=\"http:\/\/www.reconoce.mx\/?p=76533\" \/>\n<meta property=\"og:site_name\" content=\"Reconoce MX\" \/>\n<meta property=\"article:publisher\" content=\"https:\/\/es-la.facebook.com\/ReconoceMX\/\" \/>\n<meta property=\"article:published_time\" content=\"2018-09-18T05:05:01+00:00\" \/>\n<meta property=\"article:modified_time\" content=\"2018-09-18T13:24:00+00:00\" \/>\n<meta property=\"og:image\" content=\"http:\/\/www.reconoce.mx\/wp-content\/uploads\/2018\/09\/scandal-cover-1.jpg\" \/>\n\t<meta property=\"og:image:width\" content=\"590\" \/>\n\t<meta property=\"og:image:height\" content=\"380\" \/>\n\t<meta property=\"og:image:type\" content=\"image\/jpeg\" \/>\n<meta name=\"author\" content=\"Reconoce MX\" \/>\n<meta name=\"twitter:card\" content=\"summary_large_image\" \/>\n<meta name=\"twitter:creator\" content=\"@reconocemx\" \/>\n<meta name=\"twitter:site\" content=\"@reconocemx\" \/>\n<meta name=\"twitter:label1\" content=\"Escrito por\" \/>\n\t<meta name=\"twitter:data1\" content=\"Reconoce MX\" \/>\n\t<meta name=\"twitter:label2\" content=\"Tiempo de lectura\" \/>\n\t<meta name=\"twitter:data2\" content=\"5 minutos\" \/>\n<script type=\"application\/ld+json\" class=\"yoast-schema-graph\">{\"@context\":\"https:\/\/schema.org\",\"@graph\":[{\"@type\":\"Article\",\"@id\":\"http:\/\/www.reconoce.mx\/?p=76533#article\",\"isPartOf\":{\"@id\":\"http:\/\/www.reconoce.mx\/?p=76533\"},\"author\":{\"name\":\"Reconoce MX\",\"@id\":\"http:\/\/www.reconoce.mx\/#\/schema\/person\/2117e997d7051dc15d6880eaf9bca0b2\"},\"headline\":\"SCANDAL: estruendoso y tremendo concierto en El Plaza\",\"datePublished\":\"2018-09-18T05:05:01+00:00\",\"dateModified\":\"2018-09-18T13:24:00+00:00\",\"mainEntityOfPage\":{\"@id\":\"http:\/\/www.reconoce.mx\/?p=76533\"},\"wordCount\":963,\"commentCount\":0,\"publisher\":{\"@id\":\"http:\/\/www.reconoce.mx\/#organization\"},\"image\":{\"@id\":\"http:\/\/www.reconoce.mx\/?p=76533#primaryimage\"},\"thumbnailUrl\":\"https:\/\/www.reconoce.mx\/wp-content\/uploads\/2018\/09\/scandal-cover-1.jpg\",\"articleSection\":[\"Cultura\",\"M\u00fasica\",\"Principal\"],\"inLanguage\":\"es\",\"potentialAction\":[{\"@type\":\"CommentAction\",\"name\":\"Comment\",\"target\":[\"http:\/\/www.reconoce.mx\/?p=76533#respond\"]}]},{\"@type\":\"WebPage\",\"@id\":\"http:\/\/www.reconoce.mx\/?p=76533\",\"url\":\"http:\/\/www.reconoce.mx\/?p=76533\",\"name\":\"SCANDAL: estruendoso y tremendo concierto en El Plaza &#171; Reconoce MX\",\"isPartOf\":{\"@id\":\"http:\/\/www.reconoce.mx\/#website\"},\"primaryImageOfPage\":{\"@id\":\"http:\/\/www.reconoce.mx\/?p=76533#primaryimage\"},\"image\":{\"@id\":\"http:\/\/www.reconoce.mx\/?p=76533#primaryimage\"},\"thumbnailUrl\":\"https:\/\/www.reconoce.mx\/wp-content\/uploads\/2018\/09\/scandal-cover-1.jpg\",\"datePublished\":\"2018-09-18T05:05:01+00:00\",\"dateModified\":\"2018-09-18T13:24:00+00:00\",\"breadcrumb\":{\"@id\":\"http:\/\/www.reconoce.mx\/?p=76533#breadcrumb\"},\"inLanguage\":\"es\",\"potentialAction\":[{\"@type\":\"ReadAction\",\"target\":[\"http:\/\/www.reconoce.mx\/?p=76533\"]}]},{\"@type\":\"ImageObject\",\"inLanguage\":\"es\",\"@id\":\"http:\/\/www.reconoce.mx\/?p=76533#primaryimage\",\"url\":\"https:\/\/www.reconoce.mx\/wp-content\/uploads\/2018\/09\/scandal-cover-1.jpg\",\"contentUrl\":\"https:\/\/www.reconoce.mx\/wp-content\/uploads\/2018\/09\/scandal-cover-1.jpg\",\"width\":590,\"height\":380},{\"@type\":\"BreadcrumbList\",\"@id\":\"http:\/\/www.reconoce.mx\/?p=76533#breadcrumb\",\"itemListElement\":[{\"@type\":\"ListItem\",\"position\":1,\"name\":\"Portada\",\"item\":\"http:\/\/www.reconoce.mx\/\"},{\"@type\":\"ListItem\",\"position\":2,\"name\":\"SCANDAL: estruendoso y tremendo concierto en El Plaza\"}]},{\"@type\":\"WebSite\",\"@id\":\"http:\/\/www.reconoce.mx\/#website\",\"url\":\"http:\/\/www.reconoce.mx\/\",\"name\":\"Reconoce MX\",\"description\":\"En Reconoce MX difundimos arte, cultura y conciencia social en M\u00e9xico. Tu ciudad en otra perspectiva.\",\"publisher\":{\"@id\":\"http:\/\/www.reconoce.mx\/#organization\"},\"potentialAction\":[{\"@type\":\"SearchAction\",\"target\":{\"@type\":\"EntryPoint\",\"urlTemplate\":\"http:\/\/www.reconoce.mx\/?s={search_term_string}\"},\"query-input\":{\"@type\":\"PropertyValueSpecification\",\"valueRequired\":true,\"valueName\":\"search_term_string\"}}],\"inLanguage\":\"es\"},{\"@type\":\"Organization\",\"@id\":\"http:\/\/www.reconoce.mx\/#organization\",\"name\":\"Reconoce MX\",\"url\":\"http:\/\/www.reconoce.mx\/\",\"logo\":{\"@type\":\"ImageObject\",\"inLanguage\":\"es\",\"@id\":\"http:\/\/www.reconoce.mx\/#\/schema\/logo\/image\/\",\"url\":\"https:\/\/www.reconoce.mx\/wp-content\/uploads\/2019\/03\/logorcmx-good-1.png\",\"contentUrl\":\"https:\/\/www.reconoce.mx\/wp-content\/uploads\/2019\/03\/logorcmx-good-1.png\",\"width\":280,\"height\":90,\"caption\":\"Reconoce MX\"},\"image\":{\"@id\":\"http:\/\/www.reconoce.mx\/#\/schema\/logo\/image\/\"},\"sameAs\":[\"https:\/\/es-la.facebook.com\/ReconoceMX\/\",\"https:\/\/x.com\/reconocemx\",\"http:\/\/@reconocemx\"]},{\"@type\":\"Person\",\"@id\":\"http:\/\/www.reconoce.mx\/#\/schema\/person\/2117e997d7051dc15d6880eaf9bca0b2\",\"name\":\"Reconoce MX\",\"image\":{\"@type\":\"ImageObject\",\"inLanguage\":\"es\",\"@id\":\"http:\/\/www.reconoce.mx\/#\/schema\/person\/image\/\",\"url\":\"https:\/\/secure.gravatar.com\/avatar\/6c8d4dc7569ca1c90c5fdcc349f839d5ddef6fe1e70b4337ead2ef1a4c43fc3a?s=96&d=identicon&r=g\",\"contentUrl\":\"https:\/\/secure.gravatar.com\/avatar\/6c8d4dc7569ca1c90c5fdcc349f839d5ddef6fe1e70b4337ead2ef1a4c43fc3a?s=96&d=identicon&r=g\",\"caption\":\"Reconoce MX\"},\"description\":\"Reconoce MX es un proyecto de difusi\u00f3n art\u00edstica, cultural y de conciencia social que est\u00e1 enfocado a difundir y fomentar el entretenimiento alternativo de calidad para todo el p\u00fablico que comparta el mismo entusiasmo.\",\"sameAs\":[\"http:\/\/www.reconoce.mx\"],\"url\":\"https:\/\/www.reconoce.mx\/?author=2\"}]}<\/script>\n<!-- \/ Yoast SEO plugin. -->","yoast_head_json":{"title":"SCANDAL: estruendoso y tremendo concierto en El Plaza &#171; Reconoce MX","robots":{"index":"index","follow":"follow","max-snippet":"max-snippet:-1","max-image-preview":"max-image-preview:large","max-video-preview":"max-video-preview:-1"},"canonical":"http:\/\/www.reconoce.mx\/?p=76533","og_locale":"es_ES","og_type":"article","og_title":"SCANDAL: estruendoso y tremendo concierto en El Plaza &#171; Reconoce MX","og_description":"La escena del J-Rock no podr\u00eda estar m\u00e1s viva en Am\u00e9rica latina y el evento que se vivi\u00f3 el 14 de septiembre en El Plaza Condesa es una afirmaci\u00f3n de ello. SCANDAL se volvi\u00f3 a presentar en M\u00e9xico despu\u00e9s de tres a\u00f1os, presentando canciones de sus discos pasados y del nuevo que sali\u00f3 hace poco. Esto es lo que se vivi\u00f3 en el \"Special Thanks Tour\".","og_url":"http:\/\/www.reconoce.mx\/?p=76533","og_site_name":"Reconoce MX","article_publisher":"https:\/\/es-la.facebook.com\/ReconoceMX\/","article_published_time":"2018-09-18T05:05:01+00:00","article_modified_time":"2018-09-18T13:24:00+00:00","og_image":[{"width":590,"height":380,"url":"http:\/\/www.reconoce.mx\/wp-content\/uploads\/2018\/09\/scandal-cover-1.jpg","type":"image\/jpeg"}],"author":"Reconoce MX","twitter_card":"summary_large_image","twitter_creator":"@reconocemx","twitter_site":"@reconocemx","twitter_misc":{"Escrito por":"Reconoce MX","Tiempo de lectura":"5 minutos"},"schema":{"@context":"https:\/\/schema.org","@graph":[{"@type":"Article","@id":"http:\/\/www.reconoce.mx\/?p=76533#article","isPartOf":{"@id":"http:\/\/www.reconoce.mx\/?p=76533"},"author":{"name":"Reconoce MX","@id":"http:\/\/www.reconoce.mx\/#\/schema\/person\/2117e997d7051dc15d6880eaf9bca0b2"},"headline":"SCANDAL: estruendoso y tremendo concierto en El Plaza","datePublished":"2018-09-18T05:05:01+00:00","dateModified":"2018-09-18T13:24:00+00:00","mainEntityOfPage":{"@id":"http:\/\/www.reconoce.mx\/?p=76533"},"wordCount":963,"commentCount":0,"publisher":{"@id":"http:\/\/www.reconoce.mx\/#organization"},"image":{"@id":"http:\/\/www.reconoce.mx\/?p=76533#primaryimage"},"thumbnailUrl":"https:\/\/www.reconoce.mx\/wp-content\/uploads\/2018\/09\/scandal-cover-1.jpg","articleSection":["Cultura","M\u00fasica","Principal"],"inLanguage":"es","potentialAction":[{"@type":"CommentAction","name":"Comment","target":["http:\/\/www.reconoce.mx\/?p=76533#respond"]}]},{"@type":"WebPage","@id":"http:\/\/www.reconoce.mx\/?p=76533","url":"http:\/\/www.reconoce.mx\/?p=76533","name":"SCANDAL: estruendoso y tremendo concierto en El Plaza &#171; Reconoce MX","isPartOf":{"@id":"http:\/\/www.reconoce.mx\/#website"},"primaryImageOfPage":{"@id":"http:\/\/www.reconoce.mx\/?p=76533#primaryimage"},"image":{"@id":"http:\/\/www.reconoce.mx\/?p=76533#primaryimage"},"thumbnailUrl":"https:\/\/www.reconoce.mx\/wp-content\/uploads\/2018\/09\/scandal-cover-1.jpg","datePublished":"2018-09-18T05:05:01+00:00","dateModified":"2018-09-18T13:24:00+00:00","breadcrumb":{"@id":"http:\/\/www.reconoce.mx\/?p=76533#breadcrumb"},"inLanguage":"es","potentialAction":[{"@type":"ReadAction","target":["http:\/\/www.reconoce.mx\/?p=76533"]}]},{"@type":"ImageObject","inLanguage":"es","@id":"http:\/\/www.reconoce.mx\/?p=76533#primaryimage","url":"https:\/\/www.reconoce.mx\/wp-content\/uploads\/2018\/09\/scandal-cover-1.jpg","contentUrl":"https:\/\/www.reconoce.mx\/wp-content\/uploads\/2018\/09\/scandal-cover-1.jpg","width":590,"height":380},{"@type":"BreadcrumbList","@id":"http:\/\/www.reconoce.mx\/?p=76533#breadcrumb","itemListElement":[{"@type":"ListItem","position":1,"name":"Portada","item":"http:\/\/www.reconoce.mx\/"},{"@type":"ListItem","position":2,"name":"SCANDAL: estruendoso y tremendo concierto en El Plaza"}]},{"@type":"WebSite","@id":"http:\/\/www.reconoce.mx\/#website","url":"http:\/\/www.reconoce.mx\/","name":"Reconoce MX","description":"En Reconoce MX difundimos arte, cultura y conciencia social en M\u00e9xico. Tu ciudad en otra perspectiva.","publisher":{"@id":"http:\/\/www.reconoce.mx\/#organization"},"potentialAction":[{"@type":"SearchAction","target":{"@type":"EntryPoint","urlTemplate":"http:\/\/www.reconoce.mx\/?s={search_term_string}"},"query-input":{"@type":"PropertyValueSpecification","valueRequired":true,"valueName":"search_term_string"}}],"inLanguage":"es"},{"@type":"Organization","@id":"http:\/\/www.reconoce.mx\/#organization","name":"Reconoce MX","url":"http:\/\/www.reconoce.mx\/","logo":{"@type":"ImageObject","inLanguage":"es","@id":"http:\/\/www.reconoce.mx\/#\/schema\/logo\/image\/","url":"https:\/\/www.reconoce.mx\/wp-content\/uploads\/2019\/03\/logorcmx-good-1.png","contentUrl":"https:\/\/www.reconoce.mx\/wp-content\/uploads\/2019\/03\/logorcmx-good-1.png","width":280,"height":90,"caption":"Reconoce MX"},"image":{"@id":"http:\/\/www.reconoce.mx\/#\/schema\/logo\/image\/"},"sameAs":["https:\/\/es-la.facebook.com\/ReconoceMX\/","https:\/\/x.com\/reconocemx","http:\/\/@reconocemx"]},{"@type":"Person","@id":"http:\/\/www.reconoce.mx\/#\/schema\/person\/2117e997d7051dc15d6880eaf9bca0b2","name":"Reconoce MX","image":{"@type":"ImageObject","inLanguage":"es","@id":"http:\/\/www.reconoce.mx\/#\/schema\/person\/image\/","url":"https:\/\/secure.gravatar.com\/avatar\/6c8d4dc7569ca1c90c5fdcc349f839d5ddef6fe1e70b4337ead2ef1a4c43fc3a?s=96&d=identicon&r=g","contentUrl":"https:\/\/secure.gravatar.com\/avatar\/6c8d4dc7569ca1c90c5fdcc349f839d5ddef6fe1e70b4337ead2ef1a4c43fc3a?s=96&d=identicon&r=g","caption":"Reconoce MX"},"description":"Reconoce MX es un proyecto de difusi\u00f3n art\u00edstica, cultural y de conciencia social que est\u00e1 enfocado a difundir y fomentar el entretenimiento alternativo de calidad para todo el p\u00fablico que comparta el mismo entusiasmo.","sameAs":["http:\/\/www.reconoce.mx"],"url":"https:\/\/www.reconoce.mx\/?author=2"}]}},"_links":{"self":[{"href":"https:\/\/www.reconoce.mx\/index.php?rest_route=\/wp\/v2\/posts\/76533","targetHints":{"allow":["GET"]}}],"collection":[{"href":"https:\/\/www.reconoce.mx\/index.php?rest_route=\/wp\/v2\/posts"}],"about":[{"href":"https:\/\/www.reconoce.mx\/index.php?rest_route=\/wp\/v2\/types\/post"}],"author":[{"embeddable":true,"href":"https:\/\/www.reconoce.mx\/index.php?rest_route=\/wp\/v2\/users\/2"}],"replies":[{"embeddable":true,"href":"https:\/\/www.reconoce.mx\/index.php?rest_route=%2Fwp%2Fv2%2Fcomments&post=76533"}],"version-history":[{"count":2,"href":"https:\/\/www.reconoce.mx\/index.php?rest_route=\/wp\/v2\/posts\/76533\/revisions"}],"predecessor-version":[{"id":76536,"href":"https:\/\/www.reconoce.mx\/index.php?rest_route=\/wp\/v2\/posts\/76533\/revisions\/76536"}],"wp:featuredmedia":[{"embeddable":true,"href":"https:\/\/www.reconoce.mx\/index.php?rest_route=\/wp\/v2\/media\/76534"}],"wp:attachment":[{"href":"https:\/\/www.reconoce.mx\/index.php?rest_route=%2Fwp%2Fv2%2Fmedia&parent=76533"}],"wp:term":[{"taxonomy":"category","embeddable":true,"href":"https:\/\/www.reconoce.mx\/index.php?rest_route=%2Fwp%2Fv2%2Fcategories&post=76533"},{"taxonomy":"post_tag","embeddable":true,"href":"https:\/\/www.reconoce.mx\/index.php?rest_route=%2Fwp%2Fv2%2Ftags&post=76533"}],"curies":[{"name":"wp","href":"https:\/\/api.w.org\/{rel}","templated":true}]}}