{"id":76554,"date":"2018-09-19T00:06:52","date_gmt":"2018-09-19T05:06:52","guid":{"rendered":"http:\/\/www.reconoce.mx\/?p=76554"},"modified":"2018-09-19T12:50:55","modified_gmt":"2018-09-19T17:50:55","slug":"19-de-septiembre-un-ano-despues","status":"publish","type":"post","link":"https:\/\/www.reconoce.mx\/?p=76554","title":{"rendered":"19 de septiembre un a\u00f1o despu\u00e9s"},"content":{"rendered":"<p><strong>Compilado por\u00a0<a title=\"@enriquefa86\" href=\"https:\/\/twitter.com\/enriquefa86\" target=\"_blank\" rel=\"noopener\">Enrique Figueroa Anaya<\/a>.<br \/>\nFotos por <a href=\"https:\/\/twitter.com\/alvarockbarker\" target=\"_blank\" rel=\"noopener\">\u00c1lvaro Pe\u00f1a<\/a>.<br \/>\n<\/strong><\/p>\n<p>Hoy se cumple un a\u00f1o del sismo del 19 de septiembre de 2017, mismo que signific\u00f3 el primero de gran magnitud para la gran mayor\u00eda de los que escribimos diariamente en <span style=\"color: #a81f25;\"><strong>Reconoce MX<\/strong><\/span>. La cr\u00f3nica de los d\u00edas del sismo, misma que pueden revisar aqu\u00ed, fue en s\u00ed otro reto nunca antes enfrentado por todos los que conformamos este proyecto de difusi\u00f3n independiente. A continuaci\u00f3n la memoria de algunos de nuestros colaboradores, a un a\u00f1o del sismo que cambi\u00f3 para siempre nuestras vidas. Y ustedes, \u00bfc\u00f3mo viven el 19 de septiembre un a\u00f1o despu\u00e9s?<\/p>\n<p><a href=\"http:\/\/www.reconoce.mx\/wp-content\/uploads\/2018\/09\/Avatar-Septiembre.png\"><img loading=\"lazy\" decoding=\"async\" class=\"aligncenter size-full wp-image-76475\" src=\"http:\/\/www.reconoce.mx\/wp-content\/uploads\/2018\/09\/Avatar-Septiembre.png\" alt=\"\" width=\"798\" height=\"798\" srcset=\"https:\/\/www.reconoce.mx\/wp-content\/uploads\/2018\/09\/Avatar-Septiembre.png 798w, https:\/\/www.reconoce.mx\/wp-content\/uploads\/2018\/09\/Avatar-Septiembre-150x150.png 150w, https:\/\/www.reconoce.mx\/wp-content\/uploads\/2018\/09\/Avatar-Septiembre-300x300.png 300w, https:\/\/www.reconoce.mx\/wp-content\/uploads\/2018\/09\/Avatar-Septiembre-768x768.png 768w, https:\/\/www.reconoce.mx\/wp-content\/uploads\/2018\/09\/Avatar-Septiembre-65x65.png 65w, https:\/\/www.reconoce.mx\/wp-content\/uploads\/2018\/09\/Avatar-Septiembre-700x700.png 700w, https:\/\/www.reconoce.mx\/wp-content\/uploads\/2018\/09\/Avatar-Septiembre-658x658.png 658w\" sizes=\"auto, (max-width: 798px) 100vw, 798px\" \/><\/a><\/p>\n<p><strong><span class=\"st\"><a href=\"https:\/\/twitter.com\/Amauryshow\" target=\"_blank\" rel=\"noopener noreferrer\">Amaury Berdejo Ju\u00e1rez<\/a><\/span><\/strong>:<\/p>\n<p>Experimentar un sismo como el del #19s en 2017 es una experiencia que te hace aprender de ti mismo y de tu entorno en las circunstancias m\u00e1s crudas y humanas posibles. Tienes tu trabajo, actividades, familia, pareja y de pronto, en un segundo, un fuerte movimiento sacude los cimientos de tu ciudad, reduciendo todos los planes, preocupaciones y pensamientos al simple hecho de valerte de tus habilidades para sobrevivir a la incertidumbre&#8230; \u00bfLlegar\u00e9 a bajar estas escaleras? \u00bfDeber\u00eda quedarme? \u00bfDeber\u00eda ayudar a quienes no pueden desplazarse r\u00e1pidamente o deber\u00eda ver solo por mi?<\/p>\n<p>Sucedi\u00f3 tan r\u00e1pido y se qued\u00f3 tan dentro de todos nosotros, que <strong>solo nos queda honrar a los que desde cualquier trinchera ayudaron a que la ciudad no se hundiera, ni entre los escombros, ni entre la desesperanza<\/strong>.<\/p>\n<p><img loading=\"lazy\" decoding=\"async\" class=\"alignnone size-full\" src=\"https:\/\/c1.staticflickr.com\/2\/1873\/29794224797_f2c034e7bb_k.jpg\" width=\"2048\" height=\"1365\" \/><\/p>\n<p><strong><a href=\"https:\/\/twitter.com\/alice_freckles\" target=\"_blank\" rel=\"noopener noreferrer\">Alicia \u00c1vila Monroy<\/a><\/strong>:<\/p>\n<p>Un d\u00eda laboral donde no todos estuvimos dentro para seguir el protocolo planeado para el simulacro. Alrededor de las 13:30 horas, en el piso 1 de la torre A afuera de Plaza Antara, comenzaron a moverse escritorios, l\u00e1mparas y sillas&#8230; Estaba temblando y no paraba.<\/p>\n<p>En mi oficina, no nos dejaron bajar por las escaleras, pues es donde m\u00e1s puede accidentarse la gente; por lo que nos pegamos a la pared y as\u00ed estuvimos un rato, se sinti\u00f3 mucho.<\/p>\n<p>Es un momento en el que te bloqueas, en el que todo mundo quiere sacar su celular para marcar a los seres importantes para saber c\u00f3mo est\u00e1n; pero en el que no nos damos cuenta que estorbamos. Por m\u00e1s protocolos que haya no los seguimos, estamos asustados.<\/p>\n<p>Fue un caos la ciudad; muerte, p\u00e9rdidas materiales como construcciones, edificios, casas, viviendas, autos y escuelas. Las siguientes semanas nos marcaron de por vida: <strong>nos unimos como nunca, nos hicimos fuertes para siempre<\/strong>.<\/p>\n<p><img loading=\"lazy\" decoding=\"async\" class=\"alignnone size-full\" src=\"https:\/\/c1.staticflickr.com\/2\/1862\/29794223127_8838213343_c.jpg\" width=\"800\" height=\"534\" \/><\/p>\n<p><strong><a title=\"@iKtz\" href=\"https:\/\/twitter.com\/iktz\" target=\"_blank\" rel=\"noopener\">Katia Stephanie Ib\u00e1\u00f1ez Del Rivero<\/a><\/strong>:<\/p>\n<p>El pasado 19 de septiembre estaba en Guadalajara por trabajo. Le\u00ed la noticia en Twitter y poco a poco me fui enterando de la gravedad de la situaci\u00f3n. Todav\u00eda recuerdo demasiado bien cuando me enter\u00e9 del colapso del Colegio R\u00e9bsamen, la escuela de mi primito, el m\u00e1s peque\u00f1o de la familia.<\/p>\n<p>C\u00f3mo param\u00e9dico, mi primer instinto fie salir corriendo. Luego entend\u00ed que pese a mi frustraci\u00f3n, hab\u00eda manos perfectamente capacitadas, dispuestas y m\u00e1s cerca que las m\u00edas.<\/p>\n<p>Cu\u00e1ndo llegu\u00e9 a Le\u00f3n, d\u00f3nde actualmente vivo, toda la gente a mi alrededor estaba teniendo un d\u00eda normal, nadie ten\u00eda caras largas, nadie estaba preocupado, angustiado o nervioso. Ah\u00ed fue cu\u00e1ndo entend\u00ed que la empat\u00eda no es posible sin una experiencia personal que te conecte con el sufrimiento del otro. Sigo sin perdonar la apat\u00eda de mis conciudadanos y al mismo tiempo deseo que nunca aprendan lo que es vivir esa angustia.<\/p>\n<p>Mi primo fue uno de los afortunados que sali\u00f3 ileso de aquel colegio convertido en ruinas. Aunque ileso es un decir&#8230; Pasar\u00e1 mucho tiempo antes de que deje de asustarse con las alarmas de los carros o de los centros comerciales. Y eso es algo que s\u00f3lo los chilangos entendemos. <strong>Nuestra ciudad, lo bueno y lo malo, se queda contigo vayas a donde vayas<\/strong>.<\/p>\n<p><img loading=\"lazy\" decoding=\"async\" class=\"alignnone size-full\" src=\"https:\/\/c1.staticflickr.com\/2\/1879\/42921525150_d19ccaec43_c.jpg\" width=\"800\" height=\"534\" \/><\/p>\n<p><strong><a title=\"@remedi_bla\" href=\"https:\/\/twitter.com\/remedi_bla\" target=\"_blank\" rel=\"noopener\">Regina Medina<\/a><\/strong>:<\/p>\n<p>El 19 de septiembre de 2017, hace un a\u00f1o, experiment\u00e9 el mayor miedo que he sentido; fueron para mi los minutos m\u00e1s largos, pero todo fue peor al ver redes sociales y ver todo los desastres que ocurrieron por esos minutos. Los videos que circulaban de c\u00f3mo se desplomaban los edificios y luego la noticia del Tec de Monterrey, Campus Ciudad de M\u00e9xico y del Colegio R\u00e9bsamen. La verdad ah\u00ed fue cuando me puse a llorar de impotencia.<\/p>\n<p>No pasaron ni una hora cuando ya los llamados\u00a0millennial estaban ayudando, quitando piedras, juntando comida, dando lo que ten\u00edan para ayudar;nunca me sent\u00ed mas orgullosa de ser mexicana, como cuando vi c\u00f3mo todos nos un\u00edamos para ayudar al otro. Ir al s\u00faper y ver todo vac\u00edo porque todos est\u00e1bamos comprando para ayudar; en lo personal yo fui a Xochimilco y nunca sent\u00ed mi coraz\u00f3n tan lleno de amor, la gente lloraba y te abrazaba por ayudarlos y eso abrazos nos llenaban de energ\u00eda para seguir ayudando a las largas horas fe la madrugada.<\/p>\n<p>Hoy a un a\u00f1o s\u00e9 que si M\u00e9xico volviera a sufrir, todos nos juntamos para ayudar sin dudarlo un segundo; s\u00e9 que falta bastante para estar como antes del terremoto y hay personas que siguen sin casas, pero todo es paso a paso, nunca duden de que un mexicano se una a la ayuda; s\u00e9 que saldremos poco a poco adelante. Pasamos por meses muy dif\u00edciles, pero tambi\u00e9n es importante no olvidar que todav\u00eda hay muchas personas que siguen sin casas. No podemos olvidar que si un mexicano nos necesita es importante ayudar, porque <strong>ma\u00f1ana podemos ser nosotros quienes necesitemos de alguien m\u00e1s, y seguro alguien m\u00e1s nos ayudar\u00eda sin conocernos<\/strong>.<\/p>\n<p><img loading=\"lazy\" decoding=\"async\" class=\"alignnone size-full\" src=\"https:\/\/c1.staticflickr.com\/2\/1854\/42921520000_2bd4f06ca6_c.jpg\" width=\"800\" height=\"534\" \/><\/p>\n<p><strong><a href=\"https:\/\/twitter.com\/MoreMoreMor3\" target=\"_blank\" rel=\"noopener noreferrer\">Morelia Mart\u00ednez Rodr\u00edguez<\/a><\/strong>:<\/p>\n<p>En Morelia, Michoac\u00e1n, el sismo afortunadamente no result\u00f3 a mayores. Su servidora se encontraba trabajando en una oficina, de hecho ya iba a terminar mi horario de trabajo, cuando pas\u00f3 el temblor. Estuve \u201cpegada\u201d a la computadora tratando de recabar toda la informaci\u00f3n y subirla al medio en el que trabajaba en ese entonces.<br \/>\nVer los edificios caerse, ver el p\u00e1nico de las personas, las trajineras moverse bruscamente. Polvo, solo polvo y p\u00e1nico. Sal\u00ed de la oficina, tuve que caminar por la avenida Madero, la principal en la capital michoacana, y la tranquilidad me resultaba bastante inc\u00f3moda: \u201c\u00a1\u00bfPor qu\u00e9 demonios est\u00e1n tan tranquilos?!\u201d, \u201c\u00a1\u00bfPor qu\u00e9 tienen una sonrisa en sus rostros?!\u201d, \u201c\u00a1La Ciudad de M\u00e9xico se est\u00e1 cayendo a pedazos, carajo!\u201d, fueron las cosas que me segu\u00eda repitiendo a cada paso que daba al ver que los morelianos a\u00fan no se percataban de lo que estaba pasando.<\/p>\n<p>Es incre\u00edble el poder humano, la solidaridad, el coraje, la sensibilidad. <strong>Somos mexicanos, somos vida, somos cabrones<\/strong>. Mis respetos a todos aquellos que lucharon minuto a minuto con el pu\u00f1o en al aire y en el coraz\u00f3n.<\/p>\n<p><img loading=\"lazy\" decoding=\"async\" class=\"alignnone size-full\" src=\"https:\/\/c1.staticflickr.com\/2\/1847\/30860492468_ce0dd12c81_c.jpg\" width=\"800\" height=\"534\" \/><\/p>\n<p><strong><a href=\"https:\/\/twitter.com\/heelraff\" target=\"_blank\" rel=\"noopener noreferrer\">Rafael P\u00e9rez Aldana<\/a><\/strong>:<\/p>\n<p>Todos en la oficina est\u00e1bamos nerviosos por lo que acababa de pasar, la tierra se hab\u00eda movido. Algunos bromeaban, otros intentaban comunicarse con sus seres queridos, pero ninguno de nosotros sab\u00eda la magnitud del desastre que acaba de azotar a nuestra ciudad. Logr\u00e9 comunicarme a mi casa y me dijeron que todo estaba bien; solo se hab\u00edan ca\u00eddo algunas macetas y todos mis dem\u00e1s familiares estaban a salvo. Cuando regresamos a la zona de trabajo y pudimos tener acceso a internet nos dimos cuenta de que no hab\u00eda sido un terremoto peque\u00f1o, que \u00e9ste en verdad hab\u00eda dejado estructuras derrumbadas y a muchas personas afectadas.<\/p>\n<p>El camino a mi casa fue dos horas m\u00e1s largo de lo que me hac\u00eda normalmente, no pod\u00eda dejar de mirar por la ventana y percatarme del caos en el que estaba convertida la ciudad: cables de luz por los pisos, sirenas sonaban por doquier, filas enormes en las tiendas para poder adquirir v\u00edveres, gente aterrada por todos lados. <strong>A donde quiera que mirabas se sent\u00eda el terror de lo que hab\u00eda acontecido, pero detr\u00e1s de todo esto hab\u00eda amor, uni\u00f3n, solidaridad y empat\u00eda<\/strong>.<\/p>\n<p><img loading=\"lazy\" decoding=\"async\" class=\"alignnone size-full\" src=\"https:\/\/c1.staticflickr.com\/2\/1881\/30860490918_de44cd589d_c.jpg\" width=\"800\" height=\"534\" \/><\/p>\n<p><strong><a title=\"@danielhiga_al\" href=\"https:\/\/twitter.com\/danielhiga_al\" target=\"_blank\" rel=\"noopener noreferrer\">Daniel Higa Alquicira<\/a><\/strong>:<\/p>\n<p>El pu\u00f1o arriba como s\u00edmbolo de esperanza. El pu\u00f1o en alto siempre ha sido s\u00edmbolo de lucha, de fuerza y entre los escombros de un terremoto, de posibilidad de vida. Despu\u00e9s de un a\u00f1o del 19s, es recurrente esa imagen en la calle Escocia, colonia Del Valle en la Ciudad de M\u00e9xico, cuando alguien arriba de los escombros levantaba el pu\u00f1o y todos callaban y conten\u00edan hasta la respiraci\u00f3n; pero al menos en mi mente, <strong>esa se\u00f1al se convirti\u00f3 en un mensaje de esperanza, que la recuerdo y a\u00fan me estremece<\/strong>.<\/p>\n<p><img loading=\"lazy\" decoding=\"async\" class=\"alignnone size-full\" src=\"https:\/\/c1.staticflickr.com\/2\/1897\/29794219957_32370c9a71_c.jpg\" width=\"800\" height=\"534\" \/><\/p>\n<p><strong><a href=\"https:\/\/www.instagram.com\/alexcfranco\/\" target=\"_blank\" rel=\"noopener noreferrer\">Alexandra Careaga Franco<\/a><\/strong>:<\/p>\n<p>Antes de septiembre del a\u00f1o pasado yo y muchos de mi generaci\u00f3n sol\u00edamos hacerle las mismas pregunta a nuestros pap\u00e1s: \u00bfc\u00f3mo fue el terremoto del &#8217;85?, \u00bfc\u00f3mo se sinti\u00f3?, \u00bfc\u00f3mo se recuperaron? Los adultos nos contaban sus historias una tras otra, pero jam\u00e1s fuimos capaces de comprender realmente dichas experiencias, hasta 2017.<\/p>\n<p>Hace un a\u00f1o se nos contestaron todas las preguntas que sol\u00edamos hacer. Vimos nuestra ciudad caer en cuesti\u00f3n de segundos, conocimos el temor de no saber el paradero de nuestros seres queridos y de lo que suceder\u00eda despu\u00e9s. Pero en lugar de encogernos y esperar ayuda, todos nos levantamos. Se convirti\u00f3 en nuestro turno de levantar cada pedazo de escombro, tal como lo hicieron nuestros padres antes de nosotros.<\/p>\n<p>Puedo decir que presenci\u00e9 con mis propios ojos lo que los mexicanos podemos hacer juntos, sin importar la raza, religi\u00f3n, estado socio econ\u00f3mico o partido al que apoyamos. Como dicen por ah\u00ed: <strong>entre toda la obscuridad siempre habr\u00e1 un rayo de luz y en esta ocasi\u00f3n esa luz fueron los mexicanos y extranjeros que arribaron a nuestro auxilio<\/strong>.<\/p>\n<p>Que no se nos olvide que la persona desconocida que est\u00e1 a nuestro lado podr\u00eda ser alguien que nos salve la vida. Una vez m\u00e1s M\u00e9xico demostr\u00f3 que juntos podemos lograr lo que queramos.<\/p>\n<p>Toda esta experiencia, aunque tr\u00e1gica, me hizo sentir m\u00e1s orgullosa que nunca de ser mexicana. \u00a1Fuerza M\u00e9xico!<\/p>\n<p><img loading=\"lazy\" decoding=\"async\" class=\"alignnone size-full\" src=\"https:\/\/c1.staticflickr.com\/2\/1866\/42921532560_7a645a052c_c.jpg\" width=\"800\" height=\"534\" \/><\/p>\n<p><strong><a href=\"https:\/\/twitter.com\/DemoniaRomantik\" target=\"_blank\" rel=\"noopener\">Adyerin Rueda<\/a><\/strong>:<\/p>\n<p>El silencio de la destrucci\u00f3n. Hay momentos en que le pertenecemos al silencio. Los instantes de la destrucci\u00f3n son los m\u00e1s silenciosos. La voracidad de la naturaleza ataca la fragilidad de nuestro andar por el mundo cuando las entra\u00f1as de la tierra se estremecen. Un movimiento imprevisible cambia el rumbo de los destinos de un segundo a otro; segundos en el que el silencio lo entierra todo incluso al miedo porque, a pesar del da\u00f1o por la cat\u00e1strofe, nuestro esp\u00edritu humano rompe ese vac\u00edo sonoro con solidaridad y fuerza. <strong>El silencio nos hace temblar, luchar y nunca olvidar<\/strong>.<\/p>\n<p><img loading=\"lazy\" decoding=\"async\" class=\"alignnone size-full\" src=\"https:\/\/c1.staticflickr.com\/2\/1895\/42921530130_c74219b02f_c.jpg\" width=\"800\" height=\"534\" \/><\/p>\n<p><strong><a href=\"https:\/\/twitter.com\/lalamagica\" target=\"_blank\" rel=\"noopener\">Laura Ram\u00edrez Delgado<\/a><\/strong>:<\/p>\n<p>Pas\u00f3 ya un a\u00f1o, pero todav\u00eda no se va la ansiedad por las noches. Sigo teniendo miedo de escuchar la alerta s\u00edsmica. Antes, cuando temblaba, tomaba las cosas con relativa calma. Hoy no. Hoy me afecta, me pongo a llorar, me siento mal. Hoy ya tengo un plan de evacuaci\u00f3n en casa y en el trabajo. Y lo m\u00e1s importante, me tomo en serio los simulacros y la prevenci\u00f3n. El <span class=\"il\">19s<\/span> fue el evento que cambi\u00f3 mi vida adulta para siempre. No solo me dej\u00f3 un estr\u00e9s postraum\u00e1tico fuerte, sino que me hizo redescubrir la fuerza de mi generaci\u00f3n y con ello, algo de esperanza. Sin duda, <strong>no volvimos a ser los mismos<\/strong>.<\/p>\n<p><img loading=\"lazy\" decoding=\"async\" class=\"alignnone size-full\" src=\"https:\/\/c1.staticflickr.com\/2\/1861\/30860489928_f7d72c1061_k.jpg\" width=\"1365\" height=\"2048\" \/><\/p>\n<p><strong><a href=\"https:\/\/twitter.com\/lauyan\" target=\"_blank\" rel=\"noopener\">Laura Yan\u00edz<\/a><\/strong>:<\/p>\n<p>Siempre me han gustado los sismos. Me gusta sentirme peque\u00f1a en el planeta en el que vivimos. Me gusta la ciencia, me gusta ver a la naturaleza ser. Pero, ese martes, cre\u00ed en el azar, en la buena suerte, en la chiripa y hasta en lo espiritual. Una hora antes estuve en varios puntos: un hospital cuyas paredes se quebraron, una farmacia donde la casa de al lado se derrumb\u00f3, una calle donde varios edificios se colapsaron o quedaron a punto de caer y a la una de la tarde ten\u00eda una cita para una entrevista en un caf\u00e9 de Galer\u00edas Coapa. La entrevistada me cancel\u00f3 a las 12:45. Desist\u00ed de quedarme en la zona y regres\u00e9 a casa. A la una y diez yo estaba en el elevador. Me avent\u00e9 a la cama, envi\u00e9 un mensaje, y todo empez\u00f3. Piso 7, imposible bajar. Mis l\u00e1mparas se rompieron, mis macetas cayeron, varios de mis platos se despostillaron, pero mis paredes no soltaron ni un poco de polvo de yeso, ni una peque\u00f1a fisura. Vivo en un edificio m\u00e1s o menos nuevo que fue bien construido, por suerte.<\/p>\n<p>Por suerte, la entrevistada me cancel\u00f3 para recoger a su hija que se enferm\u00f3. Por suerte, adelantaron mi cita en el s\u00f3tano del hospital, para que no se atrasara tanto con el simulacro de la ma\u00f1ana. Por suerte, pas\u00e9 antes a la farmacia. Por suerte, una amiga no dio clases ese d\u00eda. Por suerte, varios estamos vivos. Lo que siento al pensar en ese d\u00eda es coraje porque muchos no tuvieron \u201csuerte\u201d. No se le puede llamar de otra manera al azar de estar en edificios mal construidos, sin salidas de emergencia, sin estudios de suelo, con corruptelas y negligencias como cimientos. Me parece injusto y terriblemente irritante que <strong>nuestro destino como ciudad ese d\u00eda se dividi\u00f3 entre buena y mala suerte, como si no hubiera podido evitarse<\/strong>.<\/p>\n<p>&nbsp;<\/p>\n<p>&nbsp;<\/p>\n","protected":false},"excerpt":{"rendered":"<p>Hoy se cumple un a\u00f1o del sismo del 19 de septiembre de 2017, mismo que signific\u00f3 el primero de gran magnitud para la gran mayor\u00eda de los que escribimos diariamente en Reconoce MX.<\/p>\n","protected":false},"author":2,"featured_media":76559,"comment_status":"open","ping_status":"open","sticky":false,"template":"","format":"standard","meta":{"footnotes":""},"categories":[3,17,2663],"tags":[],"class_list":["post-76554","post","type-post","status-publish","format-standard","has-post-thumbnail","hentry","category-ciudad","category-principal","category-sismo-19-s"],"yoast_head":"<!-- This site is optimized with the Yoast SEO plugin v24.7 - https:\/\/yoast.com\/wordpress\/plugins\/seo\/ -->\n<title>19 de septiembre un a\u00f1o despu\u00e9s &#171; Reconoce MX<\/title>\n<meta name=\"robots\" content=\"index, follow, max-snippet:-1, max-image-preview:large, max-video-preview:-1\" \/>\n<link rel=\"canonical\" href=\"https:\/\/www.reconoce.mx\/?p=76554\" \/>\n<meta property=\"og:locale\" content=\"es_ES\" \/>\n<meta property=\"og:type\" content=\"article\" \/>\n<meta property=\"og:title\" content=\"19 de septiembre un a\u00f1o despu\u00e9s &#171; Reconoce MX\" \/>\n<meta property=\"og:description\" content=\"Hoy se cumple un a\u00f1o del sismo del 19 de septiembre de 2017, mismo que signific\u00f3 el primero de gran magnitud para la gran mayor\u00eda de los que escribimos diariamente en Reconoce MX.\" \/>\n<meta property=\"og:url\" content=\"https:\/\/www.reconoce.mx\/?p=76554\" \/>\n<meta property=\"og:site_name\" content=\"Reconoce MX\" \/>\n<meta property=\"article:publisher\" content=\"https:\/\/es-la.facebook.com\/ReconoceMX\/\" \/>\n<meta property=\"article:published_time\" content=\"2018-09-19T05:06:52+00:00\" \/>\n<meta property=\"article:modified_time\" content=\"2018-09-19T17:50:55+00:00\" \/>\n<meta property=\"og:image\" content=\"https:\/\/www.reconoce.mx\/wp-content\/uploads\/2018\/09\/19s-cover.jpg\" \/>\n\t<meta property=\"og:image:width\" content=\"590\" \/>\n\t<meta property=\"og:image:height\" content=\"380\" \/>\n\t<meta property=\"og:image:type\" content=\"image\/jpeg\" \/>\n<meta name=\"author\" content=\"Reconoce MX\" \/>\n<meta name=\"twitter:card\" content=\"summary_large_image\" \/>\n<meta name=\"twitter:creator\" content=\"@reconocemx\" \/>\n<meta name=\"twitter:site\" content=\"@reconocemx\" \/>\n<meta name=\"twitter:label1\" content=\"Escrito por\" \/>\n\t<meta name=\"twitter:data1\" content=\"Reconoce MX\" \/>\n\t<meta name=\"twitter:label2\" content=\"Tiempo de lectura\" \/>\n\t<meta name=\"twitter:data2\" content=\"11 minutos\" \/>\n<script type=\"application\/ld+json\" class=\"yoast-schema-graph\">{\"@context\":\"https:\/\/schema.org\",\"@graph\":[{\"@type\":\"Article\",\"@id\":\"https:\/\/www.reconoce.mx\/?p=76554#article\",\"isPartOf\":{\"@id\":\"https:\/\/www.reconoce.mx\/?p=76554\"},\"author\":{\"name\":\"Reconoce MX\",\"@id\":\"http:\/\/www.reconoce.mx\/#\/schema\/person\/2117e997d7051dc15d6880eaf9bca0b2\"},\"headline\":\"19 de septiembre un a\u00f1o despu\u00e9s\",\"datePublished\":\"2018-09-19T05:06:52+00:00\",\"dateModified\":\"2018-09-19T17:50:55+00:00\",\"mainEntityOfPage\":{\"@id\":\"https:\/\/www.reconoce.mx\/?p=76554\"},\"wordCount\":2305,\"commentCount\":0,\"publisher\":{\"@id\":\"http:\/\/www.reconoce.mx\/#organization\"},\"image\":{\"@id\":\"https:\/\/www.reconoce.mx\/?p=76554#primaryimage\"},\"thumbnailUrl\":\"https:\/\/www.reconoce.mx\/wp-content\/uploads\/2018\/09\/19s-cover.jpg\",\"articleSection\":[\"Ciudad\",\"Principal\",\"Sismo 19-S\"],\"inLanguage\":\"es\",\"potentialAction\":[{\"@type\":\"CommentAction\",\"name\":\"Comment\",\"target\":[\"https:\/\/www.reconoce.mx\/?p=76554#respond\"]}]},{\"@type\":\"WebPage\",\"@id\":\"https:\/\/www.reconoce.mx\/?p=76554\",\"url\":\"https:\/\/www.reconoce.mx\/?p=76554\",\"name\":\"19 de septiembre un a\u00f1o despu\u00e9s &#171; Reconoce MX\",\"isPartOf\":{\"@id\":\"http:\/\/www.reconoce.mx\/#website\"},\"primaryImageOfPage\":{\"@id\":\"https:\/\/www.reconoce.mx\/?p=76554#primaryimage\"},\"image\":{\"@id\":\"https:\/\/www.reconoce.mx\/?p=76554#primaryimage\"},\"thumbnailUrl\":\"https:\/\/www.reconoce.mx\/wp-content\/uploads\/2018\/09\/19s-cover.jpg\",\"datePublished\":\"2018-09-19T05:06:52+00:00\",\"dateModified\":\"2018-09-19T17:50:55+00:00\",\"breadcrumb\":{\"@id\":\"https:\/\/www.reconoce.mx\/?p=76554#breadcrumb\"},\"inLanguage\":\"es\",\"potentialAction\":[{\"@type\":\"ReadAction\",\"target\":[\"https:\/\/www.reconoce.mx\/?p=76554\"]}]},{\"@type\":\"ImageObject\",\"inLanguage\":\"es\",\"@id\":\"https:\/\/www.reconoce.mx\/?p=76554#primaryimage\",\"url\":\"https:\/\/www.reconoce.mx\/wp-content\/uploads\/2018\/09\/19s-cover.jpg\",\"contentUrl\":\"https:\/\/www.reconoce.mx\/wp-content\/uploads\/2018\/09\/19s-cover.jpg\",\"width\":590,\"height\":380},{\"@type\":\"BreadcrumbList\",\"@id\":\"https:\/\/www.reconoce.mx\/?p=76554#breadcrumb\",\"itemListElement\":[{\"@type\":\"ListItem\",\"position\":1,\"name\":\"Portada\",\"item\":\"http:\/\/www.reconoce.mx\/\"},{\"@type\":\"ListItem\",\"position\":2,\"name\":\"19 de septiembre un a\u00f1o despu\u00e9s\"}]},{\"@type\":\"WebSite\",\"@id\":\"http:\/\/www.reconoce.mx\/#website\",\"url\":\"http:\/\/www.reconoce.mx\/\",\"name\":\"Reconoce MX\",\"description\":\"En Reconoce MX difundimos arte, cultura y conciencia social en M\u00e9xico. Tu ciudad en otra perspectiva.\",\"publisher\":{\"@id\":\"http:\/\/www.reconoce.mx\/#organization\"},\"potentialAction\":[{\"@type\":\"SearchAction\",\"target\":{\"@type\":\"EntryPoint\",\"urlTemplate\":\"http:\/\/www.reconoce.mx\/?s={search_term_string}\"},\"query-input\":{\"@type\":\"PropertyValueSpecification\",\"valueRequired\":true,\"valueName\":\"search_term_string\"}}],\"inLanguage\":\"es\"},{\"@type\":\"Organization\",\"@id\":\"http:\/\/www.reconoce.mx\/#organization\",\"name\":\"Reconoce MX\",\"url\":\"http:\/\/www.reconoce.mx\/\",\"logo\":{\"@type\":\"ImageObject\",\"inLanguage\":\"es\",\"@id\":\"http:\/\/www.reconoce.mx\/#\/schema\/logo\/image\/\",\"url\":\"https:\/\/www.reconoce.mx\/wp-content\/uploads\/2019\/03\/logorcmx-good-1.png\",\"contentUrl\":\"https:\/\/www.reconoce.mx\/wp-content\/uploads\/2019\/03\/logorcmx-good-1.png\",\"width\":280,\"height\":90,\"caption\":\"Reconoce MX\"},\"image\":{\"@id\":\"http:\/\/www.reconoce.mx\/#\/schema\/logo\/image\/\"},\"sameAs\":[\"https:\/\/es-la.facebook.com\/ReconoceMX\/\",\"https:\/\/x.com\/reconocemx\",\"http:\/\/@reconocemx\"]},{\"@type\":\"Person\",\"@id\":\"http:\/\/www.reconoce.mx\/#\/schema\/person\/2117e997d7051dc15d6880eaf9bca0b2\",\"name\":\"Reconoce MX\",\"image\":{\"@type\":\"ImageObject\",\"inLanguage\":\"es\",\"@id\":\"http:\/\/www.reconoce.mx\/#\/schema\/person\/image\/\",\"url\":\"https:\/\/secure.gravatar.com\/avatar\/6c8d4dc7569ca1c90c5fdcc349f839d5ddef6fe1e70b4337ead2ef1a4c43fc3a?s=96&d=identicon&r=g\",\"contentUrl\":\"https:\/\/secure.gravatar.com\/avatar\/6c8d4dc7569ca1c90c5fdcc349f839d5ddef6fe1e70b4337ead2ef1a4c43fc3a?s=96&d=identicon&r=g\",\"caption\":\"Reconoce MX\"},\"description\":\"Reconoce MX es un proyecto de difusi\u00f3n art\u00edstica, cultural y de conciencia social que est\u00e1 enfocado a difundir y fomentar el entretenimiento alternativo de calidad para todo el p\u00fablico que comparta el mismo entusiasmo.\",\"sameAs\":[\"http:\/\/www.reconoce.mx\"],\"url\":\"https:\/\/www.reconoce.mx\/?author=2\"}]}<\/script>\n<!-- \/ Yoast SEO plugin. -->","yoast_head_json":{"title":"19 de septiembre un a\u00f1o despu\u00e9s &#171; Reconoce MX","robots":{"index":"index","follow":"follow","max-snippet":"max-snippet:-1","max-image-preview":"max-image-preview:large","max-video-preview":"max-video-preview:-1"},"canonical":"https:\/\/www.reconoce.mx\/?p=76554","og_locale":"es_ES","og_type":"article","og_title":"19 de septiembre un a\u00f1o despu\u00e9s &#171; Reconoce MX","og_description":"Hoy se cumple un a\u00f1o del sismo del 19 de septiembre de 2017, mismo que signific\u00f3 el primero de gran magnitud para la gran mayor\u00eda de los que escribimos diariamente en Reconoce MX.","og_url":"https:\/\/www.reconoce.mx\/?p=76554","og_site_name":"Reconoce MX","article_publisher":"https:\/\/es-la.facebook.com\/ReconoceMX\/","article_published_time":"2018-09-19T05:06:52+00:00","article_modified_time":"2018-09-19T17:50:55+00:00","og_image":[{"width":590,"height":380,"url":"https:\/\/www.reconoce.mx\/wp-content\/uploads\/2018\/09\/19s-cover.jpg","type":"image\/jpeg"}],"author":"Reconoce MX","twitter_card":"summary_large_image","twitter_creator":"@reconocemx","twitter_site":"@reconocemx","twitter_misc":{"Escrito por":"Reconoce MX","Tiempo de lectura":"11 minutos"},"schema":{"@context":"https:\/\/schema.org","@graph":[{"@type":"Article","@id":"https:\/\/www.reconoce.mx\/?p=76554#article","isPartOf":{"@id":"https:\/\/www.reconoce.mx\/?p=76554"},"author":{"name":"Reconoce MX","@id":"http:\/\/www.reconoce.mx\/#\/schema\/person\/2117e997d7051dc15d6880eaf9bca0b2"},"headline":"19 de septiembre un a\u00f1o despu\u00e9s","datePublished":"2018-09-19T05:06:52+00:00","dateModified":"2018-09-19T17:50:55+00:00","mainEntityOfPage":{"@id":"https:\/\/www.reconoce.mx\/?p=76554"},"wordCount":2305,"commentCount":0,"publisher":{"@id":"http:\/\/www.reconoce.mx\/#organization"},"image":{"@id":"https:\/\/www.reconoce.mx\/?p=76554#primaryimage"},"thumbnailUrl":"https:\/\/www.reconoce.mx\/wp-content\/uploads\/2018\/09\/19s-cover.jpg","articleSection":["Ciudad","Principal","Sismo 19-S"],"inLanguage":"es","potentialAction":[{"@type":"CommentAction","name":"Comment","target":["https:\/\/www.reconoce.mx\/?p=76554#respond"]}]},{"@type":"WebPage","@id":"https:\/\/www.reconoce.mx\/?p=76554","url":"https:\/\/www.reconoce.mx\/?p=76554","name":"19 de septiembre un a\u00f1o despu\u00e9s &#171; Reconoce MX","isPartOf":{"@id":"http:\/\/www.reconoce.mx\/#website"},"primaryImageOfPage":{"@id":"https:\/\/www.reconoce.mx\/?p=76554#primaryimage"},"image":{"@id":"https:\/\/www.reconoce.mx\/?p=76554#primaryimage"},"thumbnailUrl":"https:\/\/www.reconoce.mx\/wp-content\/uploads\/2018\/09\/19s-cover.jpg","datePublished":"2018-09-19T05:06:52+00:00","dateModified":"2018-09-19T17:50:55+00:00","breadcrumb":{"@id":"https:\/\/www.reconoce.mx\/?p=76554#breadcrumb"},"inLanguage":"es","potentialAction":[{"@type":"ReadAction","target":["https:\/\/www.reconoce.mx\/?p=76554"]}]},{"@type":"ImageObject","inLanguage":"es","@id":"https:\/\/www.reconoce.mx\/?p=76554#primaryimage","url":"https:\/\/www.reconoce.mx\/wp-content\/uploads\/2018\/09\/19s-cover.jpg","contentUrl":"https:\/\/www.reconoce.mx\/wp-content\/uploads\/2018\/09\/19s-cover.jpg","width":590,"height":380},{"@type":"BreadcrumbList","@id":"https:\/\/www.reconoce.mx\/?p=76554#breadcrumb","itemListElement":[{"@type":"ListItem","position":1,"name":"Portada","item":"http:\/\/www.reconoce.mx\/"},{"@type":"ListItem","position":2,"name":"19 de septiembre un a\u00f1o despu\u00e9s"}]},{"@type":"WebSite","@id":"http:\/\/www.reconoce.mx\/#website","url":"http:\/\/www.reconoce.mx\/","name":"Reconoce MX","description":"En Reconoce MX difundimos arte, cultura y conciencia social en M\u00e9xico. Tu ciudad en otra perspectiva.","publisher":{"@id":"http:\/\/www.reconoce.mx\/#organization"},"potentialAction":[{"@type":"SearchAction","target":{"@type":"EntryPoint","urlTemplate":"http:\/\/www.reconoce.mx\/?s={search_term_string}"},"query-input":{"@type":"PropertyValueSpecification","valueRequired":true,"valueName":"search_term_string"}}],"inLanguage":"es"},{"@type":"Organization","@id":"http:\/\/www.reconoce.mx\/#organization","name":"Reconoce MX","url":"http:\/\/www.reconoce.mx\/","logo":{"@type":"ImageObject","inLanguage":"es","@id":"http:\/\/www.reconoce.mx\/#\/schema\/logo\/image\/","url":"https:\/\/www.reconoce.mx\/wp-content\/uploads\/2019\/03\/logorcmx-good-1.png","contentUrl":"https:\/\/www.reconoce.mx\/wp-content\/uploads\/2019\/03\/logorcmx-good-1.png","width":280,"height":90,"caption":"Reconoce MX"},"image":{"@id":"http:\/\/www.reconoce.mx\/#\/schema\/logo\/image\/"},"sameAs":["https:\/\/es-la.facebook.com\/ReconoceMX\/","https:\/\/x.com\/reconocemx","http:\/\/@reconocemx"]},{"@type":"Person","@id":"http:\/\/www.reconoce.mx\/#\/schema\/person\/2117e997d7051dc15d6880eaf9bca0b2","name":"Reconoce MX","image":{"@type":"ImageObject","inLanguage":"es","@id":"http:\/\/www.reconoce.mx\/#\/schema\/person\/image\/","url":"https:\/\/secure.gravatar.com\/avatar\/6c8d4dc7569ca1c90c5fdcc349f839d5ddef6fe1e70b4337ead2ef1a4c43fc3a?s=96&d=identicon&r=g","contentUrl":"https:\/\/secure.gravatar.com\/avatar\/6c8d4dc7569ca1c90c5fdcc349f839d5ddef6fe1e70b4337ead2ef1a4c43fc3a?s=96&d=identicon&r=g","caption":"Reconoce MX"},"description":"Reconoce MX es un proyecto de difusi\u00f3n art\u00edstica, cultural y de conciencia social que est\u00e1 enfocado a difundir y fomentar el entretenimiento alternativo de calidad para todo el p\u00fablico que comparta el mismo entusiasmo.","sameAs":["http:\/\/www.reconoce.mx"],"url":"https:\/\/www.reconoce.mx\/?author=2"}]}},"_links":{"self":[{"href":"https:\/\/www.reconoce.mx\/index.php?rest_route=\/wp\/v2\/posts\/76554","targetHints":{"allow":["GET"]}}],"collection":[{"href":"https:\/\/www.reconoce.mx\/index.php?rest_route=\/wp\/v2\/posts"}],"about":[{"href":"https:\/\/www.reconoce.mx\/index.php?rest_route=\/wp\/v2\/types\/post"}],"author":[{"embeddable":true,"href":"https:\/\/www.reconoce.mx\/index.php?rest_route=\/wp\/v2\/users\/2"}],"replies":[{"embeddable":true,"href":"https:\/\/www.reconoce.mx\/index.php?rest_route=%2Fwp%2Fv2%2Fcomments&post=76554"}],"version-history":[{"count":7,"href":"https:\/\/www.reconoce.mx\/index.php?rest_route=\/wp\/v2\/posts\/76554\/revisions"}],"predecessor-version":[{"id":76623,"href":"https:\/\/www.reconoce.mx\/index.php?rest_route=\/wp\/v2\/posts\/76554\/revisions\/76623"}],"wp:featuredmedia":[{"embeddable":true,"href":"https:\/\/www.reconoce.mx\/index.php?rest_route=\/wp\/v2\/media\/76559"}],"wp:attachment":[{"href":"https:\/\/www.reconoce.mx\/index.php?rest_route=%2Fwp%2Fv2%2Fmedia&parent=76554"}],"wp:term":[{"taxonomy":"category","embeddable":true,"href":"https:\/\/www.reconoce.mx\/index.php?rest_route=%2Fwp%2Fv2%2Fcategories&post=76554"},{"taxonomy":"post_tag","embeddable":true,"href":"https:\/\/www.reconoce.mx\/index.php?rest_route=%2Fwp%2Fv2%2Ftags&post=76554"}],"curies":[{"name":"wp","href":"https:\/\/api.w.org\/{rel}","templated":true}]}}