{"id":76774,"date":"2018-09-25T00:03:18","date_gmt":"2018-09-25T05:03:18","guid":{"rendered":"http:\/\/www.reconoce.mx\/?p=76774"},"modified":"2018-09-25T15:44:57","modified_gmt":"2018-09-25T20:44:57","slug":"talentoemergente4-al-abrir-mis-ojos","status":"publish","type":"post","link":"https:\/\/www.reconoce.mx\/?p=76774","title":{"rendered":"#TalentoEmergente4: \u00abAl abrir mis ojos\u00bb"},"content":{"rendered":"<p><strong> Por <a title=\"@AsfaltosTweets\" href=\"http:\/\/twitter.com\/AsfaltosTweets\" target=\"_blank\" rel=\"noopener noreferrer\" data-slimstat-type=\"0\" data-slimstat-callback=\"false\" data-slimstat-tracking=\"true\">Asfaltos<\/a><\/strong>.<\/p>\n<p>Ya en pleno en la segunda mitad de <a href=\"http:\/\/www.reconoce.mx\/talento-emergente-2018-cine-joven-y-con-gran-potencial-en-cineteca-nacional\/\" target=\"_blank\" rel=\"noopener\"><strong>Talento Emergente<\/strong><\/a> en Cineteca Nacional, nos sumergimos ahora en una pel\u00edcula de T\u00fanez, cinematograf\u00eda que sigue resultando poco difundida en nuestro pa\u00eds, y en este caso en Ciudad de M\u00e9xico. Bajo la premisa de presentarnos nuevas y frescas voces en el cine, de <strong>Talento Emergente<\/strong> nos toca ahora sumergirnos en \u201cAl abrir los ojos\u201d (2015).<\/p>\n<p><a href=\"http:\/\/www.reconoce.mx\/wp-content\/uploads\/2018\/09\/cartel_A_PEINE_JOUVRES.jpg\"><img loading=\"lazy\" decoding=\"async\" class=\"aligncenter size-full wp-image-76778\" src=\"http:\/\/www.reconoce.mx\/wp-content\/uploads\/2018\/09\/cartel_A_PEINE_JOUVRES.jpg\" alt=\"\" width=\"899\" height=\"1198\" srcset=\"https:\/\/www.reconoce.mx\/wp-content\/uploads\/2018\/09\/cartel_A_PEINE_JOUVRES.jpg 899w, https:\/\/www.reconoce.mx\/wp-content\/uploads\/2018\/09\/cartel_A_PEINE_JOUVRES-225x300.jpg 225w, https:\/\/www.reconoce.mx\/wp-content\/uploads\/2018\/09\/cartel_A_PEINE_JOUVRES-768x1024.jpg 768w, https:\/\/www.reconoce.mx\/wp-content\/uploads\/2018\/09\/cartel_A_PEINE_JOUVRES-150x200.jpg 150w, https:\/\/www.reconoce.mx\/wp-content\/uploads\/2018\/09\/cartel_A_PEINE_JOUVRES-700x933.jpg 700w, https:\/\/www.reconoce.mx\/wp-content\/uploads\/2018\/09\/cartel_A_PEINE_JOUVRES-658x877.jpg 658w, https:\/\/www.reconoce.mx\/wp-content\/uploads\/2018\/09\/cartel_A_PEINE_JOUVRES-300x400.jpg 300w\" sizes=\"auto, (max-width: 899px) 100vw, 899px\" \/><\/a><\/p>\n<p>La pel\u00edcula, filmada por la cineasta tunecina <strong>Leyla Bouzid<\/strong>, significa la primera pel\u00edcula en una filmograf\u00eda que esperamos boyante. Entre sus trabajos anteriores a \u00e9ste destacan ya los cortometrajes \u00abZakaria\u00bb (2013) y Mkhobbi Fi Kobba (2012). Pues bien, para su \u00f3pera prima, Bouzid se enfoc\u00f3 en una historia de maduraci\u00f3n juvenil muy particular. Anclada, desde luego en su propia realidad, nos presenta la historia de Farah, interpretada por una joven y bella actriz de nombre <strong>Baya Medhaffar<\/strong>. La simple presencia frente a la c\u00e1mara de Medhaffar resulta refrescante, pues es precisamente su juventud la que brilla en un mundo donde su \u00edmpetu y fuerza se ir\u00e1n encontrando con la realidad.<\/p>\n<p>Estamos en M\u00e9xico muy acostumbrados a ver pel\u00edculas del llamado g\u00e9nero <em>coming-of-age<\/em>, en el que se nos presentan historias donde j\u00f3venes a partir de unas circunstancias particulares, terminan por enfrentarse a la dura e inevitable realidad. Pues bien, <strong>Leyla Bouzid<\/strong> hace exactamente eso, pero a partir de la propia realidad de su pa\u00eds natal.<\/p>\n<p><a href=\"http:\/\/www.reconoce.mx\/wp-content\/uploads\/2018\/09\/al-abrir-mis-ojos-2.jpg\"><img loading=\"lazy\" decoding=\"async\" class=\"aligncenter size-full wp-image-76776\" src=\"http:\/\/www.reconoce.mx\/wp-content\/uploads\/2018\/09\/al-abrir-mis-ojos-2.jpg\" alt=\"\" width=\"590\" height=\"380\" srcset=\"https:\/\/www.reconoce.mx\/wp-content\/uploads\/2018\/09\/al-abrir-mis-ojos-2.jpg 590w, https:\/\/www.reconoce.mx\/wp-content\/uploads\/2018\/09\/al-abrir-mis-ojos-2-300x193.jpg 300w, https:\/\/www.reconoce.mx\/wp-content\/uploads\/2018\/09\/al-abrir-mis-ojos-2-150x97.jpg 150w\" sizes=\"auto, (max-width: 590px) 100vw, 590px\" \/><\/a><\/p>\n<p>Destac\u00f3 entre las muchas virtudes de \u00abAl abrir mis ojos\u00bb, en primera instancia su ritmo tan \u00e1gil. La historia nos resulta desde el inicio sumamente interesante y cautivadora. Ver c\u00f3mo una joven Farah se va abriendo paso para cumplir con el que es su sue\u00f1o en la m\u00fasica, atrapa desde el inicio nuestra atenci\u00f3n. Igualmente los elementos que la rodean: primero su familia que busca para ella un futuro m\u00e1s solvente en lo que a lo econ\u00f3mico respecta; y luego su entorno de amistad, el musical, el de su grupo, ese que ve en ella a un pieza vital para poder cumplir con la dif\u00edcil tarea de salir del anonimato inicial de cualquier carrera art\u00edstica. Pero adem\u00e1s, y como es usual en esa edad, a los 18 a\u00f1os a Farah se le presenta tambi\u00e9n el amor.<\/p>\n<p>Otro elemento que destacar\u00eda es el de la m\u00fasica, siempre presente a lo largo de la pel\u00edcula, y adem\u00e1s con un papel fundamental como parte de la trama. La m\u00fasica que toca la banda de Farah es deliciosa y tremendamente agradable de escuchar en una sala de cine con el sonido correspondiente. Es tanta la fuerza que tiene la misma m\u00fasica, que termina por ser por s\u00ed misma un deleite particular que se antoja revisar por separado y una vez habiendo disfrutado de la pel\u00edcula.<\/p>\n<p><a href=\"http:\/\/www.reconoce.mx\/wp-content\/uploads\/2018\/09\/al-abrir-mis-ojos-3.jpg\"><img loading=\"lazy\" decoding=\"async\" class=\"aligncenter size-full wp-image-76777\" src=\"http:\/\/www.reconoce.mx\/wp-content\/uploads\/2018\/09\/al-abrir-mis-ojos-3.jpg\" alt=\"\" width=\"590\" height=\"380\" srcset=\"https:\/\/www.reconoce.mx\/wp-content\/uploads\/2018\/09\/al-abrir-mis-ojos-3.jpg 590w, https:\/\/www.reconoce.mx\/wp-content\/uploads\/2018\/09\/al-abrir-mis-ojos-3-300x193.jpg 300w, https:\/\/www.reconoce.mx\/wp-content\/uploads\/2018\/09\/al-abrir-mis-ojos-3-150x97.jpg 150w\" sizes=\"auto, (max-width: 590px) 100vw, 590px\" \/><\/a><\/p>\n<p>Las actuaciones y la fotograf\u00eda redondean una pel\u00edcula que resulta adem\u00e1s una muy buena reflexi\u00f3n sobre el paso del tiempo; y no solo de la ni\u00f1ez a la juventud, sino tambi\u00e9n lo que sucede con el paso de los a\u00f1os en la propia adultez.<\/p>\n<p>De las cerca de 9 pel\u00edculas que pudimos ver en <strong>Talento Emergente<\/strong> en su cuarta edici\u00f3n -recuento que finalizamos ma\u00f1ana, aunque el ciclo contin\u00faa-, \u00abAl abrir los ojos\u00bb me result\u00f3 a nivel personal de las cintas m\u00e1s disfrutables. Ma\u00f1ana, por cierto, publicamos otra que me result\u00f3 de la misma manera. S\u00ed, remarco el comentario a nivel personal, pues en<strong> Talento Emergente<\/strong> hay propuestas para todos los gustos; eso s\u00ed todas muy interesantes.<\/p>\n<style>.embed-container { position: relative; padding-bottom: 56.25%; height: 0; overflow: hidden; max-width: 100%; } .embed-container iframe, .embed-container object, .embed-container embed { position: absolute; top: 0; left: 0; width: 100%; height: 100%; }<\/style>\n<div class='embed-container'><iframe src='https:\/\/www.youtube.com\/embed\/JfSXsC7ELRk' frameborder='0' allowfullscreen><\/iframe><\/div>\n<p>&nbsp;<\/p>\n<p><a href=\"http:\/\/www.reconoce.mx\/talento-emergente-2018-cine-joven-y-con-gran-potencial-en-cineteca-nacional\/\" target=\"_blank\" rel=\"noopener\"><strong>Talento Emergente 2018<\/strong><\/a> se puede disfrutar hasta el pr\u00f3ximo lunes 1 de octubre en <strong>Cineteca Nacional<\/strong>; desde el pasado 21 de septiembre se puede ver ya en el circuito alternativo de Ciudad de M\u00e9xico; y durante octubre y noviembre se podr\u00e1 observar en el circuito alternativo pero a nivel nacional. Para m\u00e1s informaci\u00f3n consulta el <a href=\"https:\/\/www.cinetecanacional.net\/micrositios\/talento_emergente4\/\" target=\"_blank\" rel=\"noopener\">micrositio de <strong>Talento Emergente 2018<\/strong> en <strong>Cineteca Nacional<\/strong><\/a>.<\/p>\n<p style=\"text-align: right;\">Con informaci\u00f3n e im\u00e1genes cortes\u00eda de <strong>Cineteca Nacional<\/strong>.<\/p>\n<p>&nbsp;<\/p>\n<p>&nbsp;<\/p>\n","protected":false},"excerpt":{"rendered":"<p>Ya en pleno en la segunda mitad de Talento Emergente en Cineteca Nacional, nos sumergimos ahora en una pel\u00edcula de T\u00fanez, cinematograf\u00eda que sigue resultando poco difundida en nuestro pa\u00eds, y en este caso en Ciudad de M\u00e9xico.<\/p>\n","protected":false},"author":2,"featured_media":76775,"comment_status":"open","ping_status":"open","sticky":false,"template":"","format":"standard","meta":{"footnotes":""},"categories":[24,1,17],"tags":[],"class_list":["post-76774","post","type-post","status-publish","format-standard","has-post-thumbnail","hentry","category-cine","category-cultura","category-principal"],"yoast_head":"<!-- This site is optimized with the Yoast SEO plugin v24.7 - https:\/\/yoast.com\/wordpress\/plugins\/seo\/ -->\n<title>#TalentoEmergente4: &quot;Al abrir mis ojos&quot; &#171; Reconoce MX<\/title>\n<meta name=\"robots\" content=\"index, follow, max-snippet:-1, max-image-preview:large, max-video-preview:-1\" \/>\n<link rel=\"canonical\" href=\"http:\/\/www.reconoce.mx\/?p=76774\" \/>\n<meta property=\"og:locale\" content=\"es_ES\" \/>\n<meta property=\"og:type\" content=\"article\" \/>\n<meta property=\"og:title\" content=\"#TalentoEmergente4: &quot;Al abrir mis ojos&quot; &#171; Reconoce MX\" \/>\n<meta property=\"og:description\" content=\"Ya en pleno en la segunda mitad de Talento Emergente en Cineteca Nacional, nos sumergimos ahora en una pel\u00edcula de T\u00fanez, cinematograf\u00eda que sigue resultando poco difundida en nuestro pa\u00eds, y en este caso en Ciudad de M\u00e9xico.\" \/>\n<meta property=\"og:url\" content=\"http:\/\/www.reconoce.mx\/?p=76774\" \/>\n<meta property=\"og:site_name\" content=\"Reconoce MX\" \/>\n<meta property=\"article:publisher\" content=\"https:\/\/es-la.facebook.com\/ReconoceMX\/\" \/>\n<meta property=\"article:published_time\" content=\"2018-09-25T05:03:18+00:00\" \/>\n<meta property=\"article:modified_time\" content=\"2018-09-25T20:44:57+00:00\" \/>\n<meta property=\"og:image\" content=\"http:\/\/www.reconoce.mx\/wp-content\/uploads\/2018\/09\/al-abrir-mis-ojos-1.jpg\" \/>\n\t<meta property=\"og:image:width\" content=\"590\" \/>\n\t<meta property=\"og:image:height\" content=\"380\" \/>\n\t<meta property=\"og:image:type\" content=\"image\/jpeg\" \/>\n<meta name=\"author\" content=\"Reconoce MX\" \/>\n<meta name=\"twitter:card\" content=\"summary_large_image\" \/>\n<meta name=\"twitter:creator\" content=\"@reconocemx\" \/>\n<meta name=\"twitter:site\" content=\"@reconocemx\" \/>\n<meta name=\"twitter:label1\" content=\"Escrito por\" \/>\n\t<meta name=\"twitter:data1\" content=\"Reconoce MX\" \/>\n\t<meta name=\"twitter:label2\" content=\"Tiempo de lectura\" \/>\n\t<meta name=\"twitter:data2\" content=\"3 minutos\" \/>\n<script type=\"application\/ld+json\" class=\"yoast-schema-graph\">{\"@context\":\"https:\/\/schema.org\",\"@graph\":[{\"@type\":\"Article\",\"@id\":\"http:\/\/www.reconoce.mx\/?p=76774#article\",\"isPartOf\":{\"@id\":\"http:\/\/www.reconoce.mx\/?p=76774\"},\"author\":{\"name\":\"Reconoce MX\",\"@id\":\"http:\/\/www.reconoce.mx\/#\/schema\/person\/2117e997d7051dc15d6880eaf9bca0b2\"},\"headline\":\"#TalentoEmergente4: \u00abAl abrir mis ojos\u00bb\",\"datePublished\":\"2018-09-25T05:03:18+00:00\",\"dateModified\":\"2018-09-25T20:44:57+00:00\",\"mainEntityOfPage\":{\"@id\":\"http:\/\/www.reconoce.mx\/?p=76774\"},\"wordCount\":690,\"commentCount\":0,\"publisher\":{\"@id\":\"http:\/\/www.reconoce.mx\/#organization\"},\"image\":{\"@id\":\"http:\/\/www.reconoce.mx\/?p=76774#primaryimage\"},\"thumbnailUrl\":\"https:\/\/www.reconoce.mx\/wp-content\/uploads\/2018\/09\/al-abrir-mis-ojos-1.jpg\",\"articleSection\":[\"Cine\",\"Cultura\",\"Principal\"],\"inLanguage\":\"es\",\"potentialAction\":[{\"@type\":\"CommentAction\",\"name\":\"Comment\",\"target\":[\"http:\/\/www.reconoce.mx\/?p=76774#respond\"]}]},{\"@type\":\"WebPage\",\"@id\":\"http:\/\/www.reconoce.mx\/?p=76774\",\"url\":\"http:\/\/www.reconoce.mx\/?p=76774\",\"name\":\"#TalentoEmergente4: \\\"Al abrir mis ojos\\\" &#171; Reconoce MX\",\"isPartOf\":{\"@id\":\"http:\/\/www.reconoce.mx\/#website\"},\"primaryImageOfPage\":{\"@id\":\"http:\/\/www.reconoce.mx\/?p=76774#primaryimage\"},\"image\":{\"@id\":\"http:\/\/www.reconoce.mx\/?p=76774#primaryimage\"},\"thumbnailUrl\":\"https:\/\/www.reconoce.mx\/wp-content\/uploads\/2018\/09\/al-abrir-mis-ojos-1.jpg\",\"datePublished\":\"2018-09-25T05:03:18+00:00\",\"dateModified\":\"2018-09-25T20:44:57+00:00\",\"breadcrumb\":{\"@id\":\"http:\/\/www.reconoce.mx\/?p=76774#breadcrumb\"},\"inLanguage\":\"es\",\"potentialAction\":[{\"@type\":\"ReadAction\",\"target\":[\"http:\/\/www.reconoce.mx\/?p=76774\"]}]},{\"@type\":\"ImageObject\",\"inLanguage\":\"es\",\"@id\":\"http:\/\/www.reconoce.mx\/?p=76774#primaryimage\",\"url\":\"https:\/\/www.reconoce.mx\/wp-content\/uploads\/2018\/09\/al-abrir-mis-ojos-1.jpg\",\"contentUrl\":\"https:\/\/www.reconoce.mx\/wp-content\/uploads\/2018\/09\/al-abrir-mis-ojos-1.jpg\",\"width\":590,\"height\":380},{\"@type\":\"BreadcrumbList\",\"@id\":\"http:\/\/www.reconoce.mx\/?p=76774#breadcrumb\",\"itemListElement\":[{\"@type\":\"ListItem\",\"position\":1,\"name\":\"Portada\",\"item\":\"http:\/\/www.reconoce.mx\/\"},{\"@type\":\"ListItem\",\"position\":2,\"name\":\"#TalentoEmergente4: \u00abAl abrir mis ojos\u00bb\"}]},{\"@type\":\"WebSite\",\"@id\":\"http:\/\/www.reconoce.mx\/#website\",\"url\":\"http:\/\/www.reconoce.mx\/\",\"name\":\"Reconoce MX\",\"description\":\"En Reconoce MX difundimos arte, cultura y conciencia social en M\u00e9xico. Tu ciudad en otra perspectiva.\",\"publisher\":{\"@id\":\"http:\/\/www.reconoce.mx\/#organization\"},\"potentialAction\":[{\"@type\":\"SearchAction\",\"target\":{\"@type\":\"EntryPoint\",\"urlTemplate\":\"http:\/\/www.reconoce.mx\/?s={search_term_string}\"},\"query-input\":{\"@type\":\"PropertyValueSpecification\",\"valueRequired\":true,\"valueName\":\"search_term_string\"}}],\"inLanguage\":\"es\"},{\"@type\":\"Organization\",\"@id\":\"http:\/\/www.reconoce.mx\/#organization\",\"name\":\"Reconoce MX\",\"url\":\"http:\/\/www.reconoce.mx\/\",\"logo\":{\"@type\":\"ImageObject\",\"inLanguage\":\"es\",\"@id\":\"http:\/\/www.reconoce.mx\/#\/schema\/logo\/image\/\",\"url\":\"https:\/\/www.reconoce.mx\/wp-content\/uploads\/2019\/03\/logorcmx-good-1.png\",\"contentUrl\":\"https:\/\/www.reconoce.mx\/wp-content\/uploads\/2019\/03\/logorcmx-good-1.png\",\"width\":280,\"height\":90,\"caption\":\"Reconoce MX\"},\"image\":{\"@id\":\"http:\/\/www.reconoce.mx\/#\/schema\/logo\/image\/\"},\"sameAs\":[\"https:\/\/es-la.facebook.com\/ReconoceMX\/\",\"https:\/\/x.com\/reconocemx\",\"http:\/\/@reconocemx\"]},{\"@type\":\"Person\",\"@id\":\"http:\/\/www.reconoce.mx\/#\/schema\/person\/2117e997d7051dc15d6880eaf9bca0b2\",\"name\":\"Reconoce MX\",\"image\":{\"@type\":\"ImageObject\",\"inLanguage\":\"es\",\"@id\":\"http:\/\/www.reconoce.mx\/#\/schema\/person\/image\/\",\"url\":\"https:\/\/secure.gravatar.com\/avatar\/6c8d4dc7569ca1c90c5fdcc349f839d5ddef6fe1e70b4337ead2ef1a4c43fc3a?s=96&d=identicon&r=g\",\"contentUrl\":\"https:\/\/secure.gravatar.com\/avatar\/6c8d4dc7569ca1c90c5fdcc349f839d5ddef6fe1e70b4337ead2ef1a4c43fc3a?s=96&d=identicon&r=g\",\"caption\":\"Reconoce MX\"},\"description\":\"Reconoce MX es un proyecto de difusi\u00f3n art\u00edstica, cultural y de conciencia social que est\u00e1 enfocado a difundir y fomentar el entretenimiento alternativo de calidad para todo el p\u00fablico que comparta el mismo entusiasmo.\",\"sameAs\":[\"http:\/\/www.reconoce.mx\"],\"url\":\"https:\/\/www.reconoce.mx\/?author=2\"}]}<\/script>\n<!-- \/ Yoast SEO plugin. -->","yoast_head_json":{"title":"#TalentoEmergente4: \"Al abrir mis ojos\" &#171; Reconoce MX","robots":{"index":"index","follow":"follow","max-snippet":"max-snippet:-1","max-image-preview":"max-image-preview:large","max-video-preview":"max-video-preview:-1"},"canonical":"http:\/\/www.reconoce.mx\/?p=76774","og_locale":"es_ES","og_type":"article","og_title":"#TalentoEmergente4: \"Al abrir mis ojos\" &#171; Reconoce MX","og_description":"Ya en pleno en la segunda mitad de Talento Emergente en Cineteca Nacional, nos sumergimos ahora en una pel\u00edcula de T\u00fanez, cinematograf\u00eda que sigue resultando poco difundida en nuestro pa\u00eds, y en este caso en Ciudad de M\u00e9xico.","og_url":"http:\/\/www.reconoce.mx\/?p=76774","og_site_name":"Reconoce MX","article_publisher":"https:\/\/es-la.facebook.com\/ReconoceMX\/","article_published_time":"2018-09-25T05:03:18+00:00","article_modified_time":"2018-09-25T20:44:57+00:00","og_image":[{"width":590,"height":380,"url":"http:\/\/www.reconoce.mx\/wp-content\/uploads\/2018\/09\/al-abrir-mis-ojos-1.jpg","type":"image\/jpeg"}],"author":"Reconoce MX","twitter_card":"summary_large_image","twitter_creator":"@reconocemx","twitter_site":"@reconocemx","twitter_misc":{"Escrito por":"Reconoce MX","Tiempo de lectura":"3 minutos"},"schema":{"@context":"https:\/\/schema.org","@graph":[{"@type":"Article","@id":"http:\/\/www.reconoce.mx\/?p=76774#article","isPartOf":{"@id":"http:\/\/www.reconoce.mx\/?p=76774"},"author":{"name":"Reconoce MX","@id":"http:\/\/www.reconoce.mx\/#\/schema\/person\/2117e997d7051dc15d6880eaf9bca0b2"},"headline":"#TalentoEmergente4: \u00abAl abrir mis ojos\u00bb","datePublished":"2018-09-25T05:03:18+00:00","dateModified":"2018-09-25T20:44:57+00:00","mainEntityOfPage":{"@id":"http:\/\/www.reconoce.mx\/?p=76774"},"wordCount":690,"commentCount":0,"publisher":{"@id":"http:\/\/www.reconoce.mx\/#organization"},"image":{"@id":"http:\/\/www.reconoce.mx\/?p=76774#primaryimage"},"thumbnailUrl":"https:\/\/www.reconoce.mx\/wp-content\/uploads\/2018\/09\/al-abrir-mis-ojos-1.jpg","articleSection":["Cine","Cultura","Principal"],"inLanguage":"es","potentialAction":[{"@type":"CommentAction","name":"Comment","target":["http:\/\/www.reconoce.mx\/?p=76774#respond"]}]},{"@type":"WebPage","@id":"http:\/\/www.reconoce.mx\/?p=76774","url":"http:\/\/www.reconoce.mx\/?p=76774","name":"#TalentoEmergente4: \"Al abrir mis ojos\" &#171; Reconoce MX","isPartOf":{"@id":"http:\/\/www.reconoce.mx\/#website"},"primaryImageOfPage":{"@id":"http:\/\/www.reconoce.mx\/?p=76774#primaryimage"},"image":{"@id":"http:\/\/www.reconoce.mx\/?p=76774#primaryimage"},"thumbnailUrl":"https:\/\/www.reconoce.mx\/wp-content\/uploads\/2018\/09\/al-abrir-mis-ojos-1.jpg","datePublished":"2018-09-25T05:03:18+00:00","dateModified":"2018-09-25T20:44:57+00:00","breadcrumb":{"@id":"http:\/\/www.reconoce.mx\/?p=76774#breadcrumb"},"inLanguage":"es","potentialAction":[{"@type":"ReadAction","target":["http:\/\/www.reconoce.mx\/?p=76774"]}]},{"@type":"ImageObject","inLanguage":"es","@id":"http:\/\/www.reconoce.mx\/?p=76774#primaryimage","url":"https:\/\/www.reconoce.mx\/wp-content\/uploads\/2018\/09\/al-abrir-mis-ojos-1.jpg","contentUrl":"https:\/\/www.reconoce.mx\/wp-content\/uploads\/2018\/09\/al-abrir-mis-ojos-1.jpg","width":590,"height":380},{"@type":"BreadcrumbList","@id":"http:\/\/www.reconoce.mx\/?p=76774#breadcrumb","itemListElement":[{"@type":"ListItem","position":1,"name":"Portada","item":"http:\/\/www.reconoce.mx\/"},{"@type":"ListItem","position":2,"name":"#TalentoEmergente4: \u00abAl abrir mis ojos\u00bb"}]},{"@type":"WebSite","@id":"http:\/\/www.reconoce.mx\/#website","url":"http:\/\/www.reconoce.mx\/","name":"Reconoce MX","description":"En Reconoce MX difundimos arte, cultura y conciencia social en M\u00e9xico. Tu ciudad en otra perspectiva.","publisher":{"@id":"http:\/\/www.reconoce.mx\/#organization"},"potentialAction":[{"@type":"SearchAction","target":{"@type":"EntryPoint","urlTemplate":"http:\/\/www.reconoce.mx\/?s={search_term_string}"},"query-input":{"@type":"PropertyValueSpecification","valueRequired":true,"valueName":"search_term_string"}}],"inLanguage":"es"},{"@type":"Organization","@id":"http:\/\/www.reconoce.mx\/#organization","name":"Reconoce MX","url":"http:\/\/www.reconoce.mx\/","logo":{"@type":"ImageObject","inLanguage":"es","@id":"http:\/\/www.reconoce.mx\/#\/schema\/logo\/image\/","url":"https:\/\/www.reconoce.mx\/wp-content\/uploads\/2019\/03\/logorcmx-good-1.png","contentUrl":"https:\/\/www.reconoce.mx\/wp-content\/uploads\/2019\/03\/logorcmx-good-1.png","width":280,"height":90,"caption":"Reconoce MX"},"image":{"@id":"http:\/\/www.reconoce.mx\/#\/schema\/logo\/image\/"},"sameAs":["https:\/\/es-la.facebook.com\/ReconoceMX\/","https:\/\/x.com\/reconocemx","http:\/\/@reconocemx"]},{"@type":"Person","@id":"http:\/\/www.reconoce.mx\/#\/schema\/person\/2117e997d7051dc15d6880eaf9bca0b2","name":"Reconoce MX","image":{"@type":"ImageObject","inLanguage":"es","@id":"http:\/\/www.reconoce.mx\/#\/schema\/person\/image\/","url":"https:\/\/secure.gravatar.com\/avatar\/6c8d4dc7569ca1c90c5fdcc349f839d5ddef6fe1e70b4337ead2ef1a4c43fc3a?s=96&d=identicon&r=g","contentUrl":"https:\/\/secure.gravatar.com\/avatar\/6c8d4dc7569ca1c90c5fdcc349f839d5ddef6fe1e70b4337ead2ef1a4c43fc3a?s=96&d=identicon&r=g","caption":"Reconoce MX"},"description":"Reconoce MX es un proyecto de difusi\u00f3n art\u00edstica, cultural y de conciencia social que est\u00e1 enfocado a difundir y fomentar el entretenimiento alternativo de calidad para todo el p\u00fablico que comparta el mismo entusiasmo.","sameAs":["http:\/\/www.reconoce.mx"],"url":"https:\/\/www.reconoce.mx\/?author=2"}]}},"_links":{"self":[{"href":"https:\/\/www.reconoce.mx\/index.php?rest_route=\/wp\/v2\/posts\/76774","targetHints":{"allow":["GET"]}}],"collection":[{"href":"https:\/\/www.reconoce.mx\/index.php?rest_route=\/wp\/v2\/posts"}],"about":[{"href":"https:\/\/www.reconoce.mx\/index.php?rest_route=\/wp\/v2\/types\/post"}],"author":[{"embeddable":true,"href":"https:\/\/www.reconoce.mx\/index.php?rest_route=\/wp\/v2\/users\/2"}],"replies":[{"embeddable":true,"href":"https:\/\/www.reconoce.mx\/index.php?rest_route=%2Fwp%2Fv2%2Fcomments&post=76774"}],"version-history":[{"count":2,"href":"https:\/\/www.reconoce.mx\/index.php?rest_route=\/wp\/v2\/posts\/76774\/revisions"}],"predecessor-version":[{"id":76780,"href":"https:\/\/www.reconoce.mx\/index.php?rest_route=\/wp\/v2\/posts\/76774\/revisions\/76780"}],"wp:featuredmedia":[{"embeddable":true,"href":"https:\/\/www.reconoce.mx\/index.php?rest_route=\/wp\/v2\/media\/76775"}],"wp:attachment":[{"href":"https:\/\/www.reconoce.mx\/index.php?rest_route=%2Fwp%2Fv2%2Fmedia&parent=76774"}],"wp:term":[{"taxonomy":"category","embeddable":true,"href":"https:\/\/www.reconoce.mx\/index.php?rest_route=%2Fwp%2Fv2%2Fcategories&post=76774"},{"taxonomy":"post_tag","embeddable":true,"href":"https:\/\/www.reconoce.mx\/index.php?rest_route=%2Fwp%2Fv2%2Ftags&post=76774"}],"curies":[{"name":"wp","href":"https:\/\/api.w.org\/{rel}","templated":true}]}}