{"id":78893,"date":"2018-12-13T00:03:44","date_gmt":"2018-12-13T06:03:44","guid":{"rendered":"http:\/\/www.reconoce.mx\/?p=78893"},"modified":"2018-12-14T07:50:36","modified_gmt":"2018-12-14T13:50:36","slug":"politicamente-irrespetuoso","status":"publish","type":"post","link":"https:\/\/www.reconoce.mx\/?p=78893","title":{"rendered":"Pol\u00edticamente irrespetuoso"},"content":{"rendered":"<p><strong>Por <a href=\"https:\/\/twitter.com\/mf_pac\" target=\"_blank\" rel=\"noopener\">Fernanda Pazar\u00e1n<\/a><\/strong>.<\/p>\n<p style=\"text-align: right;\">\u00abPodr\u00e9 no estar de acuerdo con lo que dices, pero defender\u00e9 hasta la muerte tu derecho a decirlo\u00bb,<br \/>\n<strong>Evelyn Beatrice Hall<\/strong>.<\/p>\n<p>Todos tenemos una opini\u00f3n diferente sobre las cosas y respeto eso, lo que me enoja bastante es el hecho que los usuarios de redes sociales crean que tienen el derecho de juzgar a los dem\u00e1s por c\u00f3mo se ven o una manera diferente de pensar. Lo \u201cpol\u00edticamente correcto\u201d son las palabras utilizadas para no ser ofensivo, eso no significa que somos una sociedad inclusiva. De hecho, la moda de ser inclusivos con el \u201camixes\u201d, \u201ctodes\u201d y dem\u00e1s, tampoco se traduce en la eliminaci\u00f3n de la discriminaci\u00f3n.<\/p>\n<p>Con los eventos nacionales e internacionales podemos analizar que la discriminaci\u00f3n es el problema social que deber\u00eda ser erradicado; de ah\u00ed nace el \u201cbullying\u201d, la violencia, los genocidios.<\/p>\n<p>Lo que nos hace falta no es ser \u201cpol\u00edticamente correctos\u201d para no ofender a nadie, sino respetar nuestras diferencias y llamarle a las cosas por su nombre. Ser\u00eda una cuesti\u00f3n de tolerancia seg\u00fan la definici\u00f3n de la <strong>RAE<\/strong>, la cual dice: \u00abRespeto a las ideas, creencias o pr\u00e1cticas de los dem\u00e1s cuando son diferentes o contrarias a las propias\u00bb.<\/p>\n<p>Puedo aceptar que hemos hecho un avance sustancial porque los temas como equidad de g\u00e9nero y la homosexualidad, son debatidos y comprendidos: dejaron de ser un tab\u00fa. El problema es que nuestras diferencias f\u00edsicas e ideol\u00f3gicas siguen siendo un tema que crea discriminaci\u00f3n, racismo y clasismo.<\/p>\n<p>Tengo tres ejemplos de mujeres famosas de ambientes completamente diferentes. La primera es <strong>Chiara Ferragni<\/strong>, la empresaria de origen italiano de la cual amo su cuenta en <strong>Instagram<\/strong> porque tiene una familia hermosa, su boda fue incre\u00edble y sus <em>outfits<\/em> son simplemente perfectos pero sus seguidores la discriminan por tener senos peque\u00f1os. \u00bfEn qu\u00e9 afecta eso si la mujer sigue siendo bell\u00edsima?<\/p>\n<p>La segunda es <strong>Yalitza Aparicio<\/strong>, la actriz de la pel\u00edcula \u201c<a href=\"http:\/\/www.reconoce.mx\/roma-en-la-roma-la-belleza-que-se-asoma-entre-el-caos\/\" target=\"_blank\" rel=\"noopener\">Roma<\/a>\u201d dirigida por <strong>Alfonso Cuar\u00f3n<\/strong>, cuyo talento le hizo estar nominada al Premio Gotham a \u00abInt\u00e9rprete revelaci\u00f3n\u00bb y el Premio Satellite a la \u00abMejor actriz\u00bb. El problema fue que mucha gente no le pareci\u00f3 que fuera la imagen de una sesi\u00f3n fotogr\u00e1fica de<strong> Vanity Fair<\/strong> con dise\u00f1os de Louis Vuitton y Gucci. Es guapa y me alegra que haya cumplido su sue\u00f1o de viajar: \u00bfseguimos con los estereotipos para que una mujer pueda ser modelo?<\/p>\n<p>Finalmente, <strong>Beatriz Guti\u00e9rrez M\u00fcller<\/strong>, escritora y periodista, tambi\u00e9n la esposa del actual presidente; sin embargo, juzgada por su estilo sencillo en comparaci\u00f3n con <strong>Ang\u00e9lica Rivera<\/strong>: \u00bfsi ella se siente c\u00f3moda por c\u00f3mo se viste, a los dem\u00e1s qu\u00e9 nos importa? El dilema con esto es que la gente se quejaba de lo que costaban los vestidos de la ex primera dama y que muchas personas perciben que la actual familia presidencial da\u00f1a la imagen del pa\u00eds por no ser suficientemente guapos.<\/p>\n<p>Los comentarios en redes sociales son ofensivos y de muy mal gusto. Tratar de tener un lenguaje inclusivo va m\u00e1s all\u00e1 del g\u00e9nero que se les da a las palabras. Una cuesti\u00f3n es tener una opini\u00f3n diferente y otra cosa es ofender. Defender a los homosexuales y la equidad de g\u00e9nero no es sin\u00f3nimo de ser \u00abpol\u00edticamente correcto\u00bb, si al mismo tiempo se discrimina sobre otros temas.<\/p>\n<p>Debemos aprender a ser tolerantes con todas las personas que nos rodean; que no importe la raza, el sexo, la ideolog\u00eda, religi\u00f3n u orientaci\u00f3n pol\u00edtica, todos merecemos respeto.<\/p>\n<p>La vida deber\u00eda estar regida por el principio de que cada persona tiene el derecho de ser y hacer lo que se le de la chingada gana, sin chingar verbal o f\u00edsicamente a otra persona.<\/p>\n<p>&nbsp;<\/p>\n<p>&nbsp;<\/p>\n","protected":false},"excerpt":{"rendered":"<p>Todos tenemos una opini\u00f3n diferente sobre las cosas y respeto eso, lo que me enoja bastante es el hecho que los usuarios de redes sociales crean que tienen el derecho de juzgar a los dem\u00e1s por c\u00f3mo se ven o una manera diferente de pensar. <\/p>\n","protected":false},"author":2,"featured_media":78898,"comment_status":"open","ping_status":"open","sticky":false,"template":"","format":"standard","meta":{"footnotes":""},"categories":[43,275,17],"tags":[],"class_list":["post-78893","post","type-post","status-publish","format-standard","has-post-thumbnail","hentry","category-conciencia","category-derechos-humanos","category-principal"],"yoast_head":"<!-- This site is optimized with the Yoast SEO plugin v24.7 - https:\/\/yoast.com\/wordpress\/plugins\/seo\/ -->\n<title>Pol\u00edticamente irrespetuoso &#171; Reconoce MX<\/title>\n<meta name=\"robots\" content=\"index, follow, max-snippet:-1, max-image-preview:large, max-video-preview:-1\" \/>\n<link rel=\"canonical\" href=\"https:\/\/www.reconoce.mx\/?p=78893\" \/>\n<meta property=\"og:locale\" content=\"es_ES\" \/>\n<meta property=\"og:type\" content=\"article\" \/>\n<meta property=\"og:title\" content=\"Pol\u00edticamente irrespetuoso &#171; Reconoce MX\" \/>\n<meta property=\"og:description\" content=\"Todos tenemos una opini\u00f3n diferente sobre las cosas y respeto eso, lo que me enoja bastante es el hecho que los usuarios de redes sociales crean que tienen el derecho de juzgar a los dem\u00e1s por c\u00f3mo se ven o una manera diferente de pensar.\" \/>\n<meta property=\"og:url\" content=\"https:\/\/www.reconoce.mx\/?p=78893\" \/>\n<meta property=\"og:site_name\" content=\"Reconoce MX\" \/>\n<meta property=\"article:publisher\" content=\"https:\/\/es-la.facebook.com\/ReconoceMX\/\" \/>\n<meta property=\"article:published_time\" content=\"2018-12-13T06:03:44+00:00\" \/>\n<meta property=\"article:modified_time\" content=\"2018-12-14T13:50:36+00:00\" \/>\n<meta property=\"og:image\" content=\"https:\/\/www.reconoce.mx\/wp-content\/uploads\/2018\/12\/discusion-cover.jpg\" \/>\n\t<meta property=\"og:image:width\" content=\"590\" \/>\n\t<meta property=\"og:image:height\" content=\"380\" \/>\n\t<meta property=\"og:image:type\" content=\"image\/jpeg\" \/>\n<meta name=\"author\" content=\"Reconoce MX\" \/>\n<meta name=\"twitter:card\" content=\"summary_large_image\" \/>\n<meta name=\"twitter:creator\" content=\"@reconocemx\" \/>\n<meta name=\"twitter:site\" content=\"@reconocemx\" \/>\n<meta name=\"twitter:label1\" content=\"Escrito por\" \/>\n\t<meta name=\"twitter:data1\" content=\"Reconoce MX\" \/>\n\t<meta name=\"twitter:label2\" content=\"Tiempo de lectura\" \/>\n\t<meta name=\"twitter:data2\" content=\"3 minutos\" \/>\n<script type=\"application\/ld+json\" class=\"yoast-schema-graph\">{\"@context\":\"https:\/\/schema.org\",\"@graph\":[{\"@type\":\"Article\",\"@id\":\"https:\/\/www.reconoce.mx\/?p=78893#article\",\"isPartOf\":{\"@id\":\"https:\/\/www.reconoce.mx\/?p=78893\"},\"author\":{\"name\":\"Reconoce MX\",\"@id\":\"http:\/\/www.reconoce.mx\/#\/schema\/person\/2117e997d7051dc15d6880eaf9bca0b2\"},\"headline\":\"Pol\u00edticamente irrespetuoso\",\"datePublished\":\"2018-12-13T06:03:44+00:00\",\"dateModified\":\"2018-12-14T13:50:36+00:00\",\"mainEntityOfPage\":{\"@id\":\"https:\/\/www.reconoce.mx\/?p=78893\"},\"wordCount\":661,\"commentCount\":0,\"publisher\":{\"@id\":\"http:\/\/www.reconoce.mx\/#organization\"},\"image\":{\"@id\":\"https:\/\/www.reconoce.mx\/?p=78893#primaryimage\"},\"thumbnailUrl\":\"https:\/\/www.reconoce.mx\/wp-content\/uploads\/2018\/12\/discusion-cover.jpg\",\"articleSection\":[\"Conciencia\",\"Derechos Humanos\",\"Principal\"],\"inLanguage\":\"es\",\"potentialAction\":[{\"@type\":\"CommentAction\",\"name\":\"Comment\",\"target\":[\"https:\/\/www.reconoce.mx\/?p=78893#respond\"]}]},{\"@type\":\"WebPage\",\"@id\":\"https:\/\/www.reconoce.mx\/?p=78893\",\"url\":\"https:\/\/www.reconoce.mx\/?p=78893\",\"name\":\"Pol\u00edticamente irrespetuoso &#171; Reconoce MX\",\"isPartOf\":{\"@id\":\"http:\/\/www.reconoce.mx\/#website\"},\"primaryImageOfPage\":{\"@id\":\"https:\/\/www.reconoce.mx\/?p=78893#primaryimage\"},\"image\":{\"@id\":\"https:\/\/www.reconoce.mx\/?p=78893#primaryimage\"},\"thumbnailUrl\":\"https:\/\/www.reconoce.mx\/wp-content\/uploads\/2018\/12\/discusion-cover.jpg\",\"datePublished\":\"2018-12-13T06:03:44+00:00\",\"dateModified\":\"2018-12-14T13:50:36+00:00\",\"breadcrumb\":{\"@id\":\"https:\/\/www.reconoce.mx\/?p=78893#breadcrumb\"},\"inLanguage\":\"es\",\"potentialAction\":[{\"@type\":\"ReadAction\",\"target\":[\"https:\/\/www.reconoce.mx\/?p=78893\"]}]},{\"@type\":\"ImageObject\",\"inLanguage\":\"es\",\"@id\":\"https:\/\/www.reconoce.mx\/?p=78893#primaryimage\",\"url\":\"https:\/\/www.reconoce.mx\/wp-content\/uploads\/2018\/12\/discusion-cover.jpg\",\"contentUrl\":\"https:\/\/www.reconoce.mx\/wp-content\/uploads\/2018\/12\/discusion-cover.jpg\",\"width\":590,\"height\":380},{\"@type\":\"BreadcrumbList\",\"@id\":\"https:\/\/www.reconoce.mx\/?p=78893#breadcrumb\",\"itemListElement\":[{\"@type\":\"ListItem\",\"position\":1,\"name\":\"Portada\",\"item\":\"http:\/\/www.reconoce.mx\/\"},{\"@type\":\"ListItem\",\"position\":2,\"name\":\"Pol\u00edticamente irrespetuoso\"}]},{\"@type\":\"WebSite\",\"@id\":\"http:\/\/www.reconoce.mx\/#website\",\"url\":\"http:\/\/www.reconoce.mx\/\",\"name\":\"Reconoce MX\",\"description\":\"En Reconoce MX difundimos arte, cultura y conciencia social en M\u00e9xico. Tu ciudad en otra perspectiva.\",\"publisher\":{\"@id\":\"http:\/\/www.reconoce.mx\/#organization\"},\"potentialAction\":[{\"@type\":\"SearchAction\",\"target\":{\"@type\":\"EntryPoint\",\"urlTemplate\":\"http:\/\/www.reconoce.mx\/?s={search_term_string}\"},\"query-input\":{\"@type\":\"PropertyValueSpecification\",\"valueRequired\":true,\"valueName\":\"search_term_string\"}}],\"inLanguage\":\"es\"},{\"@type\":\"Organization\",\"@id\":\"http:\/\/www.reconoce.mx\/#organization\",\"name\":\"Reconoce MX\",\"url\":\"http:\/\/www.reconoce.mx\/\",\"logo\":{\"@type\":\"ImageObject\",\"inLanguage\":\"es\",\"@id\":\"http:\/\/www.reconoce.mx\/#\/schema\/logo\/image\/\",\"url\":\"https:\/\/www.reconoce.mx\/wp-content\/uploads\/2019\/03\/logorcmx-good-1.png\",\"contentUrl\":\"https:\/\/www.reconoce.mx\/wp-content\/uploads\/2019\/03\/logorcmx-good-1.png\",\"width\":280,\"height\":90,\"caption\":\"Reconoce MX\"},\"image\":{\"@id\":\"http:\/\/www.reconoce.mx\/#\/schema\/logo\/image\/\"},\"sameAs\":[\"https:\/\/es-la.facebook.com\/ReconoceMX\/\",\"https:\/\/x.com\/reconocemx\",\"http:\/\/@reconocemx\"]},{\"@type\":\"Person\",\"@id\":\"http:\/\/www.reconoce.mx\/#\/schema\/person\/2117e997d7051dc15d6880eaf9bca0b2\",\"name\":\"Reconoce MX\",\"image\":{\"@type\":\"ImageObject\",\"inLanguage\":\"es\",\"@id\":\"http:\/\/www.reconoce.mx\/#\/schema\/person\/image\/\",\"url\":\"https:\/\/secure.gravatar.com\/avatar\/6c8d4dc7569ca1c90c5fdcc349f839d5ddef6fe1e70b4337ead2ef1a4c43fc3a?s=96&d=identicon&r=g\",\"contentUrl\":\"https:\/\/secure.gravatar.com\/avatar\/6c8d4dc7569ca1c90c5fdcc349f839d5ddef6fe1e70b4337ead2ef1a4c43fc3a?s=96&d=identicon&r=g\",\"caption\":\"Reconoce MX\"},\"description\":\"Reconoce MX es un proyecto de difusi\u00f3n art\u00edstica, cultural y de conciencia social que est\u00e1 enfocado a difundir y fomentar el entretenimiento alternativo de calidad para todo el p\u00fablico que comparta el mismo entusiasmo.\",\"sameAs\":[\"http:\/\/www.reconoce.mx\"],\"url\":\"https:\/\/www.reconoce.mx\/?author=2\"}]}<\/script>\n<!-- \/ Yoast SEO plugin. -->","yoast_head_json":{"title":"Pol\u00edticamente irrespetuoso &#171; Reconoce MX","robots":{"index":"index","follow":"follow","max-snippet":"max-snippet:-1","max-image-preview":"max-image-preview:large","max-video-preview":"max-video-preview:-1"},"canonical":"https:\/\/www.reconoce.mx\/?p=78893","og_locale":"es_ES","og_type":"article","og_title":"Pol\u00edticamente irrespetuoso &#171; Reconoce MX","og_description":"Todos tenemos una opini\u00f3n diferente sobre las cosas y respeto eso, lo que me enoja bastante es el hecho que los usuarios de redes sociales crean que tienen el derecho de juzgar a los dem\u00e1s por c\u00f3mo se ven o una manera diferente de pensar.","og_url":"https:\/\/www.reconoce.mx\/?p=78893","og_site_name":"Reconoce MX","article_publisher":"https:\/\/es-la.facebook.com\/ReconoceMX\/","article_published_time":"2018-12-13T06:03:44+00:00","article_modified_time":"2018-12-14T13:50:36+00:00","og_image":[{"width":590,"height":380,"url":"https:\/\/www.reconoce.mx\/wp-content\/uploads\/2018\/12\/discusion-cover.jpg","type":"image\/jpeg"}],"author":"Reconoce MX","twitter_card":"summary_large_image","twitter_creator":"@reconocemx","twitter_site":"@reconocemx","twitter_misc":{"Escrito por":"Reconoce MX","Tiempo de lectura":"3 minutos"},"schema":{"@context":"https:\/\/schema.org","@graph":[{"@type":"Article","@id":"https:\/\/www.reconoce.mx\/?p=78893#article","isPartOf":{"@id":"https:\/\/www.reconoce.mx\/?p=78893"},"author":{"name":"Reconoce MX","@id":"http:\/\/www.reconoce.mx\/#\/schema\/person\/2117e997d7051dc15d6880eaf9bca0b2"},"headline":"Pol\u00edticamente irrespetuoso","datePublished":"2018-12-13T06:03:44+00:00","dateModified":"2018-12-14T13:50:36+00:00","mainEntityOfPage":{"@id":"https:\/\/www.reconoce.mx\/?p=78893"},"wordCount":661,"commentCount":0,"publisher":{"@id":"http:\/\/www.reconoce.mx\/#organization"},"image":{"@id":"https:\/\/www.reconoce.mx\/?p=78893#primaryimage"},"thumbnailUrl":"https:\/\/www.reconoce.mx\/wp-content\/uploads\/2018\/12\/discusion-cover.jpg","articleSection":["Conciencia","Derechos Humanos","Principal"],"inLanguage":"es","potentialAction":[{"@type":"CommentAction","name":"Comment","target":["https:\/\/www.reconoce.mx\/?p=78893#respond"]}]},{"@type":"WebPage","@id":"https:\/\/www.reconoce.mx\/?p=78893","url":"https:\/\/www.reconoce.mx\/?p=78893","name":"Pol\u00edticamente irrespetuoso &#171; Reconoce MX","isPartOf":{"@id":"http:\/\/www.reconoce.mx\/#website"},"primaryImageOfPage":{"@id":"https:\/\/www.reconoce.mx\/?p=78893#primaryimage"},"image":{"@id":"https:\/\/www.reconoce.mx\/?p=78893#primaryimage"},"thumbnailUrl":"https:\/\/www.reconoce.mx\/wp-content\/uploads\/2018\/12\/discusion-cover.jpg","datePublished":"2018-12-13T06:03:44+00:00","dateModified":"2018-12-14T13:50:36+00:00","breadcrumb":{"@id":"https:\/\/www.reconoce.mx\/?p=78893#breadcrumb"},"inLanguage":"es","potentialAction":[{"@type":"ReadAction","target":["https:\/\/www.reconoce.mx\/?p=78893"]}]},{"@type":"ImageObject","inLanguage":"es","@id":"https:\/\/www.reconoce.mx\/?p=78893#primaryimage","url":"https:\/\/www.reconoce.mx\/wp-content\/uploads\/2018\/12\/discusion-cover.jpg","contentUrl":"https:\/\/www.reconoce.mx\/wp-content\/uploads\/2018\/12\/discusion-cover.jpg","width":590,"height":380},{"@type":"BreadcrumbList","@id":"https:\/\/www.reconoce.mx\/?p=78893#breadcrumb","itemListElement":[{"@type":"ListItem","position":1,"name":"Portada","item":"http:\/\/www.reconoce.mx\/"},{"@type":"ListItem","position":2,"name":"Pol\u00edticamente irrespetuoso"}]},{"@type":"WebSite","@id":"http:\/\/www.reconoce.mx\/#website","url":"http:\/\/www.reconoce.mx\/","name":"Reconoce MX","description":"En Reconoce MX difundimos arte, cultura y conciencia social en M\u00e9xico. Tu ciudad en otra perspectiva.","publisher":{"@id":"http:\/\/www.reconoce.mx\/#organization"},"potentialAction":[{"@type":"SearchAction","target":{"@type":"EntryPoint","urlTemplate":"http:\/\/www.reconoce.mx\/?s={search_term_string}"},"query-input":{"@type":"PropertyValueSpecification","valueRequired":true,"valueName":"search_term_string"}}],"inLanguage":"es"},{"@type":"Organization","@id":"http:\/\/www.reconoce.mx\/#organization","name":"Reconoce MX","url":"http:\/\/www.reconoce.mx\/","logo":{"@type":"ImageObject","inLanguage":"es","@id":"http:\/\/www.reconoce.mx\/#\/schema\/logo\/image\/","url":"https:\/\/www.reconoce.mx\/wp-content\/uploads\/2019\/03\/logorcmx-good-1.png","contentUrl":"https:\/\/www.reconoce.mx\/wp-content\/uploads\/2019\/03\/logorcmx-good-1.png","width":280,"height":90,"caption":"Reconoce MX"},"image":{"@id":"http:\/\/www.reconoce.mx\/#\/schema\/logo\/image\/"},"sameAs":["https:\/\/es-la.facebook.com\/ReconoceMX\/","https:\/\/x.com\/reconocemx","http:\/\/@reconocemx"]},{"@type":"Person","@id":"http:\/\/www.reconoce.mx\/#\/schema\/person\/2117e997d7051dc15d6880eaf9bca0b2","name":"Reconoce MX","image":{"@type":"ImageObject","inLanguage":"es","@id":"http:\/\/www.reconoce.mx\/#\/schema\/person\/image\/","url":"https:\/\/secure.gravatar.com\/avatar\/6c8d4dc7569ca1c90c5fdcc349f839d5ddef6fe1e70b4337ead2ef1a4c43fc3a?s=96&d=identicon&r=g","contentUrl":"https:\/\/secure.gravatar.com\/avatar\/6c8d4dc7569ca1c90c5fdcc349f839d5ddef6fe1e70b4337ead2ef1a4c43fc3a?s=96&d=identicon&r=g","caption":"Reconoce MX"},"description":"Reconoce MX es un proyecto de difusi\u00f3n art\u00edstica, cultural y de conciencia social que est\u00e1 enfocado a difundir y fomentar el entretenimiento alternativo de calidad para todo el p\u00fablico que comparta el mismo entusiasmo.","sameAs":["http:\/\/www.reconoce.mx"],"url":"https:\/\/www.reconoce.mx\/?author=2"}]}},"_links":{"self":[{"href":"https:\/\/www.reconoce.mx\/index.php?rest_route=\/wp\/v2\/posts\/78893","targetHints":{"allow":["GET"]}}],"collection":[{"href":"https:\/\/www.reconoce.mx\/index.php?rest_route=\/wp\/v2\/posts"}],"about":[{"href":"https:\/\/www.reconoce.mx\/index.php?rest_route=\/wp\/v2\/types\/post"}],"author":[{"embeddable":true,"href":"https:\/\/www.reconoce.mx\/index.php?rest_route=\/wp\/v2\/users\/2"}],"replies":[{"embeddable":true,"href":"https:\/\/www.reconoce.mx\/index.php?rest_route=%2Fwp%2Fv2%2Fcomments&post=78893"}],"version-history":[{"count":1,"href":"https:\/\/www.reconoce.mx\/index.php?rest_route=\/wp\/v2\/posts\/78893\/revisions"}],"predecessor-version":[{"id":78899,"href":"https:\/\/www.reconoce.mx\/index.php?rest_route=\/wp\/v2\/posts\/78893\/revisions\/78899"}],"wp:featuredmedia":[{"embeddable":true,"href":"https:\/\/www.reconoce.mx\/index.php?rest_route=\/wp\/v2\/media\/78898"}],"wp:attachment":[{"href":"https:\/\/www.reconoce.mx\/index.php?rest_route=%2Fwp%2Fv2%2Fmedia&parent=78893"}],"wp:term":[{"taxonomy":"category","embeddable":true,"href":"https:\/\/www.reconoce.mx\/index.php?rest_route=%2Fwp%2Fv2%2Fcategories&post=78893"},{"taxonomy":"post_tag","embeddable":true,"href":"https:\/\/www.reconoce.mx\/index.php?rest_route=%2Fwp%2Fv2%2Ftags&post=78893"}],"curies":[{"name":"wp","href":"https:\/\/api.w.org\/{rel}","templated":true}]}}