{"id":79144,"date":"2018-12-21T00:02:38","date_gmt":"2018-12-21T06:02:38","guid":{"rendered":"http:\/\/www.reconoce.mx\/?p=79144"},"modified":"2018-12-21T00:19:30","modified_gmt":"2018-12-21T06:19:30","slug":"asi-vivimos-el-eresfest-2018","status":"publish","type":"post","link":"https:\/\/www.reconoce.mx\/?p=79144","title":{"rendered":"\u00a1As\u00ed vivimos el #EresFest 2018!"},"content":{"rendered":"<p><strong>Texto y fotos por <a href=\"https:\/\/twitter.com\/HEELCass\" target=\"_blank\" rel=\"noopener noreferrer\">Cassiel Miranda L\u00f3pez<\/a><\/strong>.<\/p>\n<p>Desde 2012 que desapareci\u00f3 la revista <strong>Eres<\/strong> hab\u00eda un vac\u00edo en la industria del espect\u00e1culo en M\u00e9xico, esa revista que se public\u00f3 por primera vez en 1988 brillaba por su ausencia. 6 a\u00f1os despu\u00e9s de su desaparici\u00f3n anunci\u00f3 que volv\u00eda en este mismo 2018, y regres\u00f3 a lo grande; primero con los <strong>Premios Eres<\/strong>, donde se premia a lo mejor de la m\u00fasica y despu\u00e9s con el <strong>Eres Fest<\/strong>, concierto que reuni\u00f3 a lo mejor de la m\u00fasica.<\/p>\n<p><a href=\"http:\/\/www.reconoce.mx\/wp-content\/uploads\/2018\/12\/2.jpg\"><img loading=\"lazy\" decoding=\"async\" class=\"aligncenter size-full wp-image-79147\" src=\"http:\/\/www.reconoce.mx\/wp-content\/uploads\/2018\/12\/2.jpg\" alt=\"\" width=\"960\" height=\"1280\" srcset=\"https:\/\/www.reconoce.mx\/wp-content\/uploads\/2018\/12\/2.jpg 960w, https:\/\/www.reconoce.mx\/wp-content\/uploads\/2018\/12\/2-225x300.jpg 225w, https:\/\/www.reconoce.mx\/wp-content\/uploads\/2018\/12\/2-768x1024.jpg 768w, https:\/\/www.reconoce.mx\/wp-content\/uploads\/2018\/12\/2-150x200.jpg 150w, https:\/\/www.reconoce.mx\/wp-content\/uploads\/2018\/12\/2-700x933.jpg 700w, https:\/\/www.reconoce.mx\/wp-content\/uploads\/2018\/12\/2-658x877.jpg 658w, https:\/\/www.reconoce.mx\/wp-content\/uploads\/2018\/12\/2-300x400.jpg 300w\" sizes=\"auto, (max-width: 960px) 100vw, 960px\" \/><\/a><\/p>\n<p>En el <strong>Eres Fest<\/strong>, que se celebr\u00f3 el pasado 20 de noviembre en el Palacio de los Deportes, el p\u00fablico pudo entrar al recinto desde 2 horas antes ya que en las pantallas del lugar podr\u00edan ver la alfombra roja que ten\u00edan preparada los organizadores. El evento fue patrocinado por <strong>Estudio F<\/strong>, por lo cual la marca se encarg\u00f3 de vestir a varias celebridades que estuvieron en el evento, no solo a los artistas, sino tambi\u00e9n a lo <em>influencers<\/em> que invitaron.<\/p>\n<p>Terminada la alfombra roja dio inicio el evento, el cual tuvo como presentadora a <strong>Dulce Mar\u00eda<\/strong>, la cual tuvo la tarea de develar las 2 portadas en las que aparecer\u00eda <strong>Belinda<\/strong>, quien se hizo presente en el escenario para firmar ambas y prometerle un gran show al p\u00fablico. Se apagaron las luces e inici\u00f3 el concierto que el p\u00fablico tanto ansiaba, en el escenario ya se encontraba <strong>Moderato<\/strong> quienes hicieron gritar y brincar a los presentes, tocaron 3 de sus grandes \u00e9xitos y para cerrar su presentaci\u00f3n invitaron a la misma <strong>Belinda<\/strong> a tocar su canci\u00f3n \u201cMuriendo lento\u201d con ellos.<\/p>\n<p>Tras acabar la presentaci\u00f3n de <strong>Moderato<\/strong> fue <strong>Joss Favela<\/strong> el encargado de encender al p\u00fablico; el cantautor de Guam\u00fachil, Sonora, tambi\u00e9n se present\u00f3 emocionado ante el p\u00fablico; \u201ces un honor poder estar en el Eres Fest\u201d dijo antes de cerrar su presentaci\u00f3n con la canci\u00f3n que interpreta con Becky G \u201cPienso en ti\u201d.<\/p>\n<p><a href=\"http:\/\/www.reconoce.mx\/wp-content\/uploads\/2018\/12\/3.jpg\"><img loading=\"lazy\" decoding=\"async\" class=\"aligncenter size-full wp-image-79148\" src=\"http:\/\/www.reconoce.mx\/wp-content\/uploads\/2018\/12\/3.jpg\" alt=\"\" width=\"1280\" height=\"960\" srcset=\"https:\/\/www.reconoce.mx\/wp-content\/uploads\/2018\/12\/3.jpg 1280w, https:\/\/www.reconoce.mx\/wp-content\/uploads\/2018\/12\/3-300x225.jpg 300w, https:\/\/www.reconoce.mx\/wp-content\/uploads\/2018\/12\/3-768x576.jpg 768w, https:\/\/www.reconoce.mx\/wp-content\/uploads\/2018\/12\/3-1024x768.jpg 1024w, https:\/\/www.reconoce.mx\/wp-content\/uploads\/2018\/12\/3-150x113.jpg 150w, https:\/\/www.reconoce.mx\/wp-content\/uploads\/2018\/12\/3-700x525.jpg 700w, https:\/\/www.reconoce.mx\/wp-content\/uploads\/2018\/12\/3-658x494.jpg 658w\" sizes=\"auto, (max-width: 1280px) 100vw, 1280px\" \/><\/a><\/p>\n<p>La siguiente artista en subir al escenario fue la argentina <strong>Daniela Spalla<\/strong>, quien antes de subir al escenario fue entrevistada y se le ve\u00eda muy nerviosa; en dicha entrevista se le pregunt\u00f3 qu\u00e9 hac\u00eda antes de subir al escenario e incluso se le puso a jugar con un balero. Al parecer los ejercicios de voz que la artista dijo practicar antes de su presentaci\u00f3n funcionaron, ya que no decepcion\u00f3 al p\u00fablico.<\/p>\n<p>Los encargados del evento pon\u00edan en las pantallas entrevistas y c\u00f3mo se viv\u00eda el ambiente tras bastidores mientras se preparaba el escenario para el siguiente artista, por lo cual tuvimos la oportunidad de ver la intimidad de varios artistas, entre ellos <strong>Danna Paola<\/strong>, <strong>Los Socios del Ritmo<\/strong>, <strong>Beto Cuevas<\/strong>,<strong> Pipe Bueno<\/strong> y <strong>Sebasti\u00e1n Yatra<\/strong>; y aunque estos segmentos fueron bien recibidos por el p\u00fablico, al mismo tiempo los impacientaban por ver a su artista preferido.<\/p>\n<p><strong>Playa Limbo<\/strong> fueron los que siguieron con el concierto. Antes de empezar su presentaci\u00f3n hab\u00edan dicho que la revista <strong>Eres<\/strong> hab\u00eda sido muy importante para ellos por lo cual sent\u00edan que era lo correcto tocar una canci\u00f3n de anta\u00f1o y un nuevo sencillo para representar el pasado y presente de la revista, lo cual lograron con sus canciones \u201cEl eco de tu voz\u201d y \u201cUniverso amor\u201d.<\/p>\n<p><a href=\"http:\/\/www.reconoce.mx\/wp-content\/uploads\/2018\/12\/4.jpg\"><img loading=\"lazy\" decoding=\"async\" class=\"aligncenter size-full wp-image-79149\" src=\"http:\/\/www.reconoce.mx\/wp-content\/uploads\/2018\/12\/4.jpg\" alt=\"\" width=\"960\" height=\"1280\" srcset=\"https:\/\/www.reconoce.mx\/wp-content\/uploads\/2018\/12\/4.jpg 960w, https:\/\/www.reconoce.mx\/wp-content\/uploads\/2018\/12\/4-225x300.jpg 225w, https:\/\/www.reconoce.mx\/wp-content\/uploads\/2018\/12\/4-768x1024.jpg 768w, https:\/\/www.reconoce.mx\/wp-content\/uploads\/2018\/12\/4-150x200.jpg 150w, https:\/\/www.reconoce.mx\/wp-content\/uploads\/2018\/12\/4-700x933.jpg 700w, https:\/\/www.reconoce.mx\/wp-content\/uploads\/2018\/12\/4-658x877.jpg 658w, https:\/\/www.reconoce.mx\/wp-content\/uploads\/2018\/12\/4-300x400.jpg 300w\" sizes=\"auto, (max-width: 960px) 100vw, 960px\" \/><\/a><\/p>\n<p><strong>Los Hijos de S\u00e1nchez<\/strong> y despu\u00e9s <strong>Mar\u00eda Le\u00f3n<\/strong> hicieron bailar al p\u00fablico, pero no fue hasta que <strong>Kalimba<\/strong> subi\u00f3 al escenario que la gente volvi\u00f3 a gritar y a descontrolarse en el concierto. El ex <strong>OV7<\/strong> cant\u00f3 3 de sus \u00e9xitos adem\u00e1s de ponerse a bailar en el escenario y as\u00ed descontrolar a sus fans; con un grupo de bailarinas y m\u00fasicos hizo su presentaci\u00f3n una para recordar.<\/p>\n<p>Fueron despu\u00e9s<strong> Los Socios del Ritmo<\/strong> con<strong> Big Metra<\/strong> quienes hicieron cantar a lo presentes; \u00e9ste \u00faltimo rape\u00f3 de una forma que dej\u00f3 sorprendido a los presentes. Los Socios pasaron a invitar a su siguiente colaborador<strong> Alexander Acha<\/strong>, con quien cantaron la canci\u00f3n de \u201cLlorar\u201d parte de su disco \u00abHoy\u00bb en el cual colaboran con varios artistas, cosa que est\u00e1 muy de moda hoy en d\u00eda.<\/p>\n<p>El colombiano <strong>Pipe Bueno<\/strong> fue el siguiente en presentarse frente a la audiencia; al igual que la mayor\u00eda de los artistas tuvo la oportunidad de interpretar 3 canciones, pero fue antes de su canci\u00f3n \u201cConfesi\u00f3n\u201d que le revel\u00f3 al p\u00fablico sentirse muy enamorado de M\u00e9xico y que por eso su m\u00fasica reflejaba una combinaci\u00f3n de la tradicional mexicana con la <em>urban<\/em>. <strong>Beto Cuevas<\/strong> tom\u00f3 el relevo en el escenario y de igual forma emocion\u00f3 a los presentes con su m\u00fasica, tanto que al terminar se escucharon los cl\u00e1sicos gritos de \u201c\u00a1otra, otra!\u201d por parte del p\u00fablico.<\/p>\n<p><a href=\"http:\/\/www.reconoce.mx\/wp-content\/uploads\/2018\/12\/5.jpg\"><img loading=\"lazy\" decoding=\"async\" class=\"aligncenter size-full wp-image-79150\" src=\"http:\/\/www.reconoce.mx\/wp-content\/uploads\/2018\/12\/5.jpg\" alt=\"\" width=\"1280\" height=\"960\" srcset=\"https:\/\/www.reconoce.mx\/wp-content\/uploads\/2018\/12\/5.jpg 1280w, https:\/\/www.reconoce.mx\/wp-content\/uploads\/2018\/12\/5-300x225.jpg 300w, https:\/\/www.reconoce.mx\/wp-content\/uploads\/2018\/12\/5-768x576.jpg 768w, https:\/\/www.reconoce.mx\/wp-content\/uploads\/2018\/12\/5-1024x768.jpg 1024w, https:\/\/www.reconoce.mx\/wp-content\/uploads\/2018\/12\/5-150x113.jpg 150w, https:\/\/www.reconoce.mx\/wp-content\/uploads\/2018\/12\/5-700x525.jpg 700w, https:\/\/www.reconoce.mx\/wp-content\/uploads\/2018\/12\/5-658x494.jpg 658w\" sizes=\"auto, (max-width: 1280px) 100vw, 1280px\" \/><\/a><\/p>\n<p>La noche ten\u00eda que seguir con este gran regreso de <strong>Eres<\/strong> y fue el show de <strong>Cox<\/strong> el que hizo recordar otros tiempo al p\u00fablico; lo logr\u00f3 con canciones como \u201cMi gran noche\u201d y \u201cHazme una se\u00f1al\u201d que el p\u00fablico cant\u00f3 con junto con \u00e9l. Otro grupo de lo 80 tambi\u00e9n estuvo presente. <strong>Fandango<\/strong> quienes se ve\u00edan muy felices por estar en un gran escenario otra vez, deleitaron al p\u00fablico con \u201cAutos, moda y rock &amp; roll\u00bb y prometieron a sus fans seguir consinti\u00e9ndolos en su gira por los Estados Unidos.<\/p>\n<p><strong>Dulce Mar\u00eda<\/strong> regres\u00f3 al escenario por \u00faltima vez para dar gracias a lo presentes y presentar al \u00faltimo artista de la noche,<strong> Sebasti\u00e1n Yatra<\/strong>, quien ya era muy esperado por sus fans para escuchar su m\u00fasica. Las luces se apagaron por \u00faltima vez y ah\u00ed estaba ya sobre el escenario el artista colombiano que tanto \u00e9xito ha tenido los \u00faltimos a\u00f1os. Su show cont\u00f3 con efectos de humo y pirotecnia; hizo bailar al p\u00fablico aunque solo tocar\u00e1 sus 2 canciones \u201cYa no tiene novio\u201d y \u201cRobarte un beso\u201d.<\/p>\n<p>El show termin\u00f3 y dej\u00f3 al p\u00fablico esperando por el <strong>Eres Fest 2019<\/strong>.<\/p>\n<p>&nbsp;<\/p>\n<p>&nbsp;<\/p>\n","protected":false},"excerpt":{"rendered":"<p>Desde 2012 que desapareci\u00f3 la revista Eres hab\u00eda un vac\u00edo en la industria del espect\u00e1culo en M\u00e9xico, esa revista que se public\u00f3 por primera vez en 1988 brillaba por su ausencia. <\/p>\n","protected":false},"author":2,"featured_media":79151,"comment_status":"open","ping_status":"open","sticky":false,"template":"","format":"standard","meta":{"footnotes":""},"categories":[1,18,17],"tags":[],"class_list":["post-79144","post","type-post","status-publish","format-standard","has-post-thumbnail","hentry","category-cultura","category-musica","category-principal"],"yoast_head":"<!-- This site is optimized with the Yoast SEO plugin v24.7 - https:\/\/yoast.com\/wordpress\/plugins\/seo\/ -->\n<title>\u00a1As\u00ed vivimos el #EresFest 2018! &#171; Reconoce MX<\/title>\n<meta name=\"robots\" content=\"index, follow, max-snippet:-1, max-image-preview:large, max-video-preview:-1\" \/>\n<link rel=\"canonical\" href=\"http:\/\/www.reconoce.mx\/?p=79144\" \/>\n<meta property=\"og:locale\" content=\"es_ES\" \/>\n<meta property=\"og:type\" content=\"article\" \/>\n<meta property=\"og:title\" content=\"\u00a1As\u00ed vivimos el #EresFest 2018! &#171; Reconoce MX\" \/>\n<meta property=\"og:description\" content=\"Desde 2012 que desapareci\u00f3 la revista Eres hab\u00eda un vac\u00edo en la industria del espect\u00e1culo en M\u00e9xico, esa revista que se public\u00f3 por primera vez en 1988 brillaba por su ausencia.\" \/>\n<meta property=\"og:url\" content=\"http:\/\/www.reconoce.mx\/?p=79144\" \/>\n<meta property=\"og:site_name\" content=\"Reconoce MX\" \/>\n<meta property=\"article:publisher\" content=\"https:\/\/es-la.facebook.com\/ReconoceMX\/\" \/>\n<meta property=\"article:published_time\" content=\"2018-12-21T06:02:38+00:00\" \/>\n<meta property=\"article:modified_time\" content=\"2018-12-21T06:19:30+00:00\" \/>\n<meta property=\"og:image\" content=\"http:\/\/www.reconoce.mx\/wp-content\/uploads\/2018\/12\/eres-fest-cover.jpg\" \/>\n\t<meta property=\"og:image:width\" content=\"590\" \/>\n\t<meta property=\"og:image:height\" content=\"380\" \/>\n\t<meta property=\"og:image:type\" content=\"image\/jpeg\" \/>\n<meta name=\"author\" content=\"Reconoce MX\" \/>\n<meta name=\"twitter:card\" content=\"summary_large_image\" \/>\n<meta name=\"twitter:creator\" content=\"@reconocemx\" \/>\n<meta name=\"twitter:site\" content=\"@reconocemx\" \/>\n<meta name=\"twitter:label1\" content=\"Escrito por\" \/>\n\t<meta name=\"twitter:data1\" content=\"Reconoce MX\" \/>\n\t<meta name=\"twitter:label2\" content=\"Tiempo de lectura\" \/>\n\t<meta name=\"twitter:data2\" content=\"5 minutos\" \/>\n<script type=\"application\/ld+json\" class=\"yoast-schema-graph\">{\"@context\":\"https:\/\/schema.org\",\"@graph\":[{\"@type\":\"Article\",\"@id\":\"http:\/\/www.reconoce.mx\/?p=79144#article\",\"isPartOf\":{\"@id\":\"http:\/\/www.reconoce.mx\/?p=79144\"},\"author\":{\"name\":\"Reconoce MX\",\"@id\":\"http:\/\/www.reconoce.mx\/#\/schema\/person\/2117e997d7051dc15d6880eaf9bca0b2\"},\"headline\":\"\u00a1As\u00ed vivimos el #EresFest 2018!\",\"datePublished\":\"2018-12-21T06:02:38+00:00\",\"dateModified\":\"2018-12-21T06:19:30+00:00\",\"mainEntityOfPage\":{\"@id\":\"http:\/\/www.reconoce.mx\/?p=79144\"},\"wordCount\":1025,\"commentCount\":0,\"publisher\":{\"@id\":\"http:\/\/www.reconoce.mx\/#organization\"},\"image\":{\"@id\":\"http:\/\/www.reconoce.mx\/?p=79144#primaryimage\"},\"thumbnailUrl\":\"https:\/\/www.reconoce.mx\/wp-content\/uploads\/2018\/12\/eres-fest-cover.jpg\",\"articleSection\":[\"Cultura\",\"M\u00fasica\",\"Principal\"],\"inLanguage\":\"es\",\"potentialAction\":[{\"@type\":\"CommentAction\",\"name\":\"Comment\",\"target\":[\"http:\/\/www.reconoce.mx\/?p=79144#respond\"]}]},{\"@type\":\"WebPage\",\"@id\":\"http:\/\/www.reconoce.mx\/?p=79144\",\"url\":\"http:\/\/www.reconoce.mx\/?p=79144\",\"name\":\"\u00a1As\u00ed vivimos el #EresFest 2018! &#171; Reconoce MX\",\"isPartOf\":{\"@id\":\"http:\/\/www.reconoce.mx\/#website\"},\"primaryImageOfPage\":{\"@id\":\"http:\/\/www.reconoce.mx\/?p=79144#primaryimage\"},\"image\":{\"@id\":\"http:\/\/www.reconoce.mx\/?p=79144#primaryimage\"},\"thumbnailUrl\":\"https:\/\/www.reconoce.mx\/wp-content\/uploads\/2018\/12\/eres-fest-cover.jpg\",\"datePublished\":\"2018-12-21T06:02:38+00:00\",\"dateModified\":\"2018-12-21T06:19:30+00:00\",\"breadcrumb\":{\"@id\":\"http:\/\/www.reconoce.mx\/?p=79144#breadcrumb\"},\"inLanguage\":\"es\",\"potentialAction\":[{\"@type\":\"ReadAction\",\"target\":[\"http:\/\/www.reconoce.mx\/?p=79144\"]}]},{\"@type\":\"ImageObject\",\"inLanguage\":\"es\",\"@id\":\"http:\/\/www.reconoce.mx\/?p=79144#primaryimage\",\"url\":\"https:\/\/www.reconoce.mx\/wp-content\/uploads\/2018\/12\/eres-fest-cover.jpg\",\"contentUrl\":\"https:\/\/www.reconoce.mx\/wp-content\/uploads\/2018\/12\/eres-fest-cover.jpg\",\"width\":590,\"height\":380},{\"@type\":\"BreadcrumbList\",\"@id\":\"http:\/\/www.reconoce.mx\/?p=79144#breadcrumb\",\"itemListElement\":[{\"@type\":\"ListItem\",\"position\":1,\"name\":\"Portada\",\"item\":\"http:\/\/www.reconoce.mx\/\"},{\"@type\":\"ListItem\",\"position\":2,\"name\":\"\u00a1As\u00ed vivimos el #EresFest 2018!\"}]},{\"@type\":\"WebSite\",\"@id\":\"http:\/\/www.reconoce.mx\/#website\",\"url\":\"http:\/\/www.reconoce.mx\/\",\"name\":\"Reconoce MX\",\"description\":\"En Reconoce MX difundimos arte, cultura y conciencia social en M\u00e9xico. Tu ciudad en otra perspectiva.\",\"publisher\":{\"@id\":\"http:\/\/www.reconoce.mx\/#organization\"},\"potentialAction\":[{\"@type\":\"SearchAction\",\"target\":{\"@type\":\"EntryPoint\",\"urlTemplate\":\"http:\/\/www.reconoce.mx\/?s={search_term_string}\"},\"query-input\":{\"@type\":\"PropertyValueSpecification\",\"valueRequired\":true,\"valueName\":\"search_term_string\"}}],\"inLanguage\":\"es\"},{\"@type\":\"Organization\",\"@id\":\"http:\/\/www.reconoce.mx\/#organization\",\"name\":\"Reconoce MX\",\"url\":\"http:\/\/www.reconoce.mx\/\",\"logo\":{\"@type\":\"ImageObject\",\"inLanguage\":\"es\",\"@id\":\"http:\/\/www.reconoce.mx\/#\/schema\/logo\/image\/\",\"url\":\"https:\/\/www.reconoce.mx\/wp-content\/uploads\/2019\/03\/logorcmx-good-1.png\",\"contentUrl\":\"https:\/\/www.reconoce.mx\/wp-content\/uploads\/2019\/03\/logorcmx-good-1.png\",\"width\":280,\"height\":90,\"caption\":\"Reconoce MX\"},\"image\":{\"@id\":\"http:\/\/www.reconoce.mx\/#\/schema\/logo\/image\/\"},\"sameAs\":[\"https:\/\/es-la.facebook.com\/ReconoceMX\/\",\"https:\/\/x.com\/reconocemx\",\"http:\/\/@reconocemx\"]},{\"@type\":\"Person\",\"@id\":\"http:\/\/www.reconoce.mx\/#\/schema\/person\/2117e997d7051dc15d6880eaf9bca0b2\",\"name\":\"Reconoce MX\",\"image\":{\"@type\":\"ImageObject\",\"inLanguage\":\"es\",\"@id\":\"http:\/\/www.reconoce.mx\/#\/schema\/person\/image\/\",\"url\":\"https:\/\/secure.gravatar.com\/avatar\/6c8d4dc7569ca1c90c5fdcc349f839d5ddef6fe1e70b4337ead2ef1a4c43fc3a?s=96&d=identicon&r=g\",\"contentUrl\":\"https:\/\/secure.gravatar.com\/avatar\/6c8d4dc7569ca1c90c5fdcc349f839d5ddef6fe1e70b4337ead2ef1a4c43fc3a?s=96&d=identicon&r=g\",\"caption\":\"Reconoce MX\"},\"description\":\"Reconoce MX es un proyecto de difusi\u00f3n art\u00edstica, cultural y de conciencia social que est\u00e1 enfocado a difundir y fomentar el entretenimiento alternativo de calidad para todo el p\u00fablico que comparta el mismo entusiasmo.\",\"sameAs\":[\"http:\/\/www.reconoce.mx\"],\"url\":\"https:\/\/www.reconoce.mx\/?author=2\"}]}<\/script>\n<!-- \/ Yoast SEO plugin. -->","yoast_head_json":{"title":"\u00a1As\u00ed vivimos el #EresFest 2018! &#171; Reconoce MX","robots":{"index":"index","follow":"follow","max-snippet":"max-snippet:-1","max-image-preview":"max-image-preview:large","max-video-preview":"max-video-preview:-1"},"canonical":"http:\/\/www.reconoce.mx\/?p=79144","og_locale":"es_ES","og_type":"article","og_title":"\u00a1As\u00ed vivimos el #EresFest 2018! &#171; Reconoce MX","og_description":"Desde 2012 que desapareci\u00f3 la revista Eres hab\u00eda un vac\u00edo en la industria del espect\u00e1culo en M\u00e9xico, esa revista que se public\u00f3 por primera vez en 1988 brillaba por su ausencia.","og_url":"http:\/\/www.reconoce.mx\/?p=79144","og_site_name":"Reconoce MX","article_publisher":"https:\/\/es-la.facebook.com\/ReconoceMX\/","article_published_time":"2018-12-21T06:02:38+00:00","article_modified_time":"2018-12-21T06:19:30+00:00","og_image":[{"width":590,"height":380,"url":"http:\/\/www.reconoce.mx\/wp-content\/uploads\/2018\/12\/eres-fest-cover.jpg","type":"image\/jpeg"}],"author":"Reconoce MX","twitter_card":"summary_large_image","twitter_creator":"@reconocemx","twitter_site":"@reconocemx","twitter_misc":{"Escrito por":"Reconoce MX","Tiempo de lectura":"5 minutos"},"schema":{"@context":"https:\/\/schema.org","@graph":[{"@type":"Article","@id":"http:\/\/www.reconoce.mx\/?p=79144#article","isPartOf":{"@id":"http:\/\/www.reconoce.mx\/?p=79144"},"author":{"name":"Reconoce MX","@id":"http:\/\/www.reconoce.mx\/#\/schema\/person\/2117e997d7051dc15d6880eaf9bca0b2"},"headline":"\u00a1As\u00ed vivimos el #EresFest 2018!","datePublished":"2018-12-21T06:02:38+00:00","dateModified":"2018-12-21T06:19:30+00:00","mainEntityOfPage":{"@id":"http:\/\/www.reconoce.mx\/?p=79144"},"wordCount":1025,"commentCount":0,"publisher":{"@id":"http:\/\/www.reconoce.mx\/#organization"},"image":{"@id":"http:\/\/www.reconoce.mx\/?p=79144#primaryimage"},"thumbnailUrl":"https:\/\/www.reconoce.mx\/wp-content\/uploads\/2018\/12\/eres-fest-cover.jpg","articleSection":["Cultura","M\u00fasica","Principal"],"inLanguage":"es","potentialAction":[{"@type":"CommentAction","name":"Comment","target":["http:\/\/www.reconoce.mx\/?p=79144#respond"]}]},{"@type":"WebPage","@id":"http:\/\/www.reconoce.mx\/?p=79144","url":"http:\/\/www.reconoce.mx\/?p=79144","name":"\u00a1As\u00ed vivimos el #EresFest 2018! &#171; Reconoce MX","isPartOf":{"@id":"http:\/\/www.reconoce.mx\/#website"},"primaryImageOfPage":{"@id":"http:\/\/www.reconoce.mx\/?p=79144#primaryimage"},"image":{"@id":"http:\/\/www.reconoce.mx\/?p=79144#primaryimage"},"thumbnailUrl":"https:\/\/www.reconoce.mx\/wp-content\/uploads\/2018\/12\/eres-fest-cover.jpg","datePublished":"2018-12-21T06:02:38+00:00","dateModified":"2018-12-21T06:19:30+00:00","breadcrumb":{"@id":"http:\/\/www.reconoce.mx\/?p=79144#breadcrumb"},"inLanguage":"es","potentialAction":[{"@type":"ReadAction","target":["http:\/\/www.reconoce.mx\/?p=79144"]}]},{"@type":"ImageObject","inLanguage":"es","@id":"http:\/\/www.reconoce.mx\/?p=79144#primaryimage","url":"https:\/\/www.reconoce.mx\/wp-content\/uploads\/2018\/12\/eres-fest-cover.jpg","contentUrl":"https:\/\/www.reconoce.mx\/wp-content\/uploads\/2018\/12\/eres-fest-cover.jpg","width":590,"height":380},{"@type":"BreadcrumbList","@id":"http:\/\/www.reconoce.mx\/?p=79144#breadcrumb","itemListElement":[{"@type":"ListItem","position":1,"name":"Portada","item":"http:\/\/www.reconoce.mx\/"},{"@type":"ListItem","position":2,"name":"\u00a1As\u00ed vivimos el #EresFest 2018!"}]},{"@type":"WebSite","@id":"http:\/\/www.reconoce.mx\/#website","url":"http:\/\/www.reconoce.mx\/","name":"Reconoce MX","description":"En Reconoce MX difundimos arte, cultura y conciencia social en M\u00e9xico. Tu ciudad en otra perspectiva.","publisher":{"@id":"http:\/\/www.reconoce.mx\/#organization"},"potentialAction":[{"@type":"SearchAction","target":{"@type":"EntryPoint","urlTemplate":"http:\/\/www.reconoce.mx\/?s={search_term_string}"},"query-input":{"@type":"PropertyValueSpecification","valueRequired":true,"valueName":"search_term_string"}}],"inLanguage":"es"},{"@type":"Organization","@id":"http:\/\/www.reconoce.mx\/#organization","name":"Reconoce MX","url":"http:\/\/www.reconoce.mx\/","logo":{"@type":"ImageObject","inLanguage":"es","@id":"http:\/\/www.reconoce.mx\/#\/schema\/logo\/image\/","url":"https:\/\/www.reconoce.mx\/wp-content\/uploads\/2019\/03\/logorcmx-good-1.png","contentUrl":"https:\/\/www.reconoce.mx\/wp-content\/uploads\/2019\/03\/logorcmx-good-1.png","width":280,"height":90,"caption":"Reconoce MX"},"image":{"@id":"http:\/\/www.reconoce.mx\/#\/schema\/logo\/image\/"},"sameAs":["https:\/\/es-la.facebook.com\/ReconoceMX\/","https:\/\/x.com\/reconocemx","http:\/\/@reconocemx"]},{"@type":"Person","@id":"http:\/\/www.reconoce.mx\/#\/schema\/person\/2117e997d7051dc15d6880eaf9bca0b2","name":"Reconoce MX","image":{"@type":"ImageObject","inLanguage":"es","@id":"http:\/\/www.reconoce.mx\/#\/schema\/person\/image\/","url":"https:\/\/secure.gravatar.com\/avatar\/6c8d4dc7569ca1c90c5fdcc349f839d5ddef6fe1e70b4337ead2ef1a4c43fc3a?s=96&d=identicon&r=g","contentUrl":"https:\/\/secure.gravatar.com\/avatar\/6c8d4dc7569ca1c90c5fdcc349f839d5ddef6fe1e70b4337ead2ef1a4c43fc3a?s=96&d=identicon&r=g","caption":"Reconoce MX"},"description":"Reconoce MX es un proyecto de difusi\u00f3n art\u00edstica, cultural y de conciencia social que est\u00e1 enfocado a difundir y fomentar el entretenimiento alternativo de calidad para todo el p\u00fablico que comparta el mismo entusiasmo.","sameAs":["http:\/\/www.reconoce.mx"],"url":"https:\/\/www.reconoce.mx\/?author=2"}]}},"_links":{"self":[{"href":"https:\/\/www.reconoce.mx\/index.php?rest_route=\/wp\/v2\/posts\/79144","targetHints":{"allow":["GET"]}}],"collection":[{"href":"https:\/\/www.reconoce.mx\/index.php?rest_route=\/wp\/v2\/posts"}],"about":[{"href":"https:\/\/www.reconoce.mx\/index.php?rest_route=\/wp\/v2\/types\/post"}],"author":[{"embeddable":true,"href":"https:\/\/www.reconoce.mx\/index.php?rest_route=\/wp\/v2\/users\/2"}],"replies":[{"embeddable":true,"href":"https:\/\/www.reconoce.mx\/index.php?rest_route=%2Fwp%2Fv2%2Fcomments&post=79144"}],"version-history":[{"count":4,"href":"https:\/\/www.reconoce.mx\/index.php?rest_route=\/wp\/v2\/posts\/79144\/revisions"}],"predecessor-version":[{"id":79164,"href":"https:\/\/www.reconoce.mx\/index.php?rest_route=\/wp\/v2\/posts\/79144\/revisions\/79164"}],"wp:featuredmedia":[{"embeddable":true,"href":"https:\/\/www.reconoce.mx\/index.php?rest_route=\/wp\/v2\/media\/79151"}],"wp:attachment":[{"href":"https:\/\/www.reconoce.mx\/index.php?rest_route=%2Fwp%2Fv2%2Fmedia&parent=79144"}],"wp:term":[{"taxonomy":"category","embeddable":true,"href":"https:\/\/www.reconoce.mx\/index.php?rest_route=%2Fwp%2Fv2%2Fcategories&post=79144"},{"taxonomy":"post_tag","embeddable":true,"href":"https:\/\/www.reconoce.mx\/index.php?rest_route=%2Fwp%2Fv2%2Ftags&post=79144"}],"curies":[{"name":"wp","href":"https:\/\/api.w.org\/{rel}","templated":true}]}}