{"id":79180,"date":"2018-12-21T00:05:30","date_gmt":"2018-12-21T06:05:30","guid":{"rendered":"http:\/\/www.reconoce.mx\/?p=79180"},"modified":"2018-12-21T16:24:43","modified_gmt":"2018-12-21T22:24:43","slug":"la-balada-de-buster-scruggs-refrescante-homenaje-al-western","status":"publish","type":"post","link":"https:\/\/www.reconoce.mx\/?p=79180","title":{"rendered":"\u00abLa balada de Buster Scruggs\u00bb: refrescante homenaje al western"},"content":{"rendered":"<p><strong> Por <a title=\"@AsfaltosTweets\" href=\"http:\/\/twitter.com\/AsfaltosTweets\" target=\"_blank\" rel=\"noopener noreferrer\">Asfaltos<\/a><\/strong>.<\/p>\n<p>No todos los caminos en <strong>Netflix<\/strong> llevan a \u00abRoma\u00bb. Y ojo, no le escribo para provocar a nadie -pues <a href=\"http:\/\/www.reconoce.mx\/roma-en-la-roma-la-belleza-que-se-asoma-entre-el-caos\/\" target=\"_blank\" rel=\"noopener\">yo mismo le ech\u00e9 loas<\/a>, y <a href=\"http:\/\/www.reconoce.mx\/roma-intima-y-personal-devastadora-y-dura\/\" target=\"_blank\" rel=\"noopener\">mi compa\u00f1era Berenice Alamilla tambi\u00e9n<\/a>-, sino porque afortunadamente hay m\u00e1s buen cine presente en la plataforma de <em>video on demand<\/em> por excelencia. \u00bfLos responsables? Nada mas y nada menos que <strong>Joel David Coen<\/strong> e <strong>Ethan Jesse Coen<\/strong>, mejor conocidos como los <strong>hermanos Coen<\/strong>. \u00bfEl t\u00edtulo? \u00abLa balada de Buster Scruggs\u00bb (2018).<\/p>\n<p><a href=\"http:\/\/www.reconoce.mx\/wp-content\/uploads\/2018\/12\/balada-de-buster-poster.jpg\"><img loading=\"lazy\" decoding=\"async\" class=\"aligncenter size-full wp-image-79186\" src=\"http:\/\/www.reconoce.mx\/wp-content\/uploads\/2018\/12\/balada-de-buster-poster.jpg\" alt=\"\" width=\"810\" height=\"1200\" srcset=\"https:\/\/www.reconoce.mx\/wp-content\/uploads\/2018\/12\/balada-de-buster-poster.jpg 810w, https:\/\/www.reconoce.mx\/wp-content\/uploads\/2018\/12\/balada-de-buster-poster-203x300.jpg 203w, https:\/\/www.reconoce.mx\/wp-content\/uploads\/2018\/12\/balada-de-buster-poster-768x1138.jpg 768w, https:\/\/www.reconoce.mx\/wp-content\/uploads\/2018\/12\/balada-de-buster-poster-691x1024.jpg 691w, https:\/\/www.reconoce.mx\/wp-content\/uploads\/2018\/12\/balada-de-buster-poster-150x222.jpg 150w, https:\/\/www.reconoce.mx\/wp-content\/uploads\/2018\/12\/balada-de-buster-poster-700x1037.jpg 700w, https:\/\/www.reconoce.mx\/wp-content\/uploads\/2018\/12\/balada-de-buster-poster-658x975.jpg 658w, https:\/\/www.reconoce.mx\/wp-content\/uploads\/2018\/12\/balada-de-buster-poster-300x444.jpg 300w\" sizes=\"auto, (max-width: 810px) 100vw, 810px\" \/><\/a><\/p>\n<p>Los<strong> hermanos Coen<\/strong> se han distinguido sin duda por esa mezcla de humor negro y emotividad que resulta muy curiosa para el espectador. Sus pel\u00edculas suelen ser trabajos no tan sencillos de digerir a la primera, pero en cuanto atrapan la atenci\u00f3n no dejan de ser garant\u00eda de un entretenimiento de primera. S\u00ed, \u00abLa balada de Buster Scruggs\u00bb ya tiene varias semanas de haberse estrenado v\u00eda Netflix, pero no quer\u00edamos dejar de comentarla por este medio. La pel\u00edcula cumple con todas las expectativas que se tiene de la marca de los <strong>Coen<\/strong>.<\/p>\n<p>La estructura de \u00abLa balada de Buster Scruggs\u00bb, escrita, dirigida, producida y editada por los <strong>hermanos Coen<\/strong>, es la de un compilado de cuentos cortos ubicados en el mism\u00edsimo Viejo Oeste. Para el servidor que les escribe, el hecho de encontrarse frente a su g\u00e9nero favorito, el <em>western<\/em>, dirigido por unos de sus directores favoritos, los <strong>Coen<\/strong>, era ya una invitaci\u00f3n inmediata para poderse sentar y disfrutar la pel\u00edcula. \u00abLa balada de Buster Scruggs\u00bb es sin duda una de las mejores pel\u00edculas del presente a\u00f1o.<\/p>\n<p><a href=\"http:\/\/www.reconoce.mx\/wp-content\/uploads\/2018\/12\/balada-de-buster-2.jpg\"><img loading=\"lazy\" decoding=\"async\" class=\"aligncenter size-full wp-image-79184\" src=\"http:\/\/www.reconoce.mx\/wp-content\/uploads\/2018\/12\/balada-de-buster-2.jpg\" alt=\"\" width=\"590\" height=\"380\" srcset=\"https:\/\/www.reconoce.mx\/wp-content\/uploads\/2018\/12\/balada-de-buster-2.jpg 590w, https:\/\/www.reconoce.mx\/wp-content\/uploads\/2018\/12\/balada-de-buster-2-300x193.jpg 300w, https:\/\/www.reconoce.mx\/wp-content\/uploads\/2018\/12\/balada-de-buster-2-150x97.jpg 150w\" sizes=\"auto, (max-width: 590px) 100vw, 590px\" \/><\/a><\/p>\n<p>Seis historias son las que componen \u00abLa balada de Buster Scruggs\u00bb. Todas, o casi todas, de muy buena manufactura. Pasando del humor negro al drama m\u00e1s conmovedor, los <strong>Coen<\/strong> consiguen con una gran mano una perfecta colecci\u00f3n de historias audiovisuales que terminan por honrar al <em>western<\/em> m\u00e1s cl\u00e1sico de la d\u00e9cada pasada. S\u00ed, desde luego que la mano de los <strong>Coen<\/strong> no deja de estar presente, pero sin duda con un respecto y un cari\u00f1o por la \u00e9poca que retratan que queda perfectamente manifiesta.<\/p>\n<p>No es la primera vez que los Coen se aventuran con un <em>western<\/em>. Ya los hab\u00edamos visto probar suerte con su remake de \u00abTemple de acero\u00bb, aunque a mi parecer no con tan buenos resultados; pero tambi\u00e9n con su muy bien lograda \u00abSin lugar para los c\u00e9lebres\u00bb, misma que les har\u00eda triunfadores en los <strong>Premios de la Academia<\/strong>. Para \u00abLa balada de Buster Scruggs\u00bb hay en efecto para todos los gustos. Quienes busquen algo absolutamente de humor negro, la primera historia con precisamente Buster Scruggs como protagonista, les resultar\u00e1 un deleite; pero tambi\u00e9n, para quienes busquen conmoverse, por lo menos las historias cuyas im\u00e1genes coloco en esta rese\u00f1a les resultar\u00e1n m\u00e1s que perfectas.<\/p>\n<p><a href=\"http:\/\/www.reconoce.mx\/wp-content\/uploads\/2018\/12\/balada-de-buster-3.jpg\"><img loading=\"lazy\" decoding=\"async\" class=\"aligncenter size-full wp-image-79185\" src=\"http:\/\/www.reconoce.mx\/wp-content\/uploads\/2018\/12\/balada-de-buster-3.jpg\" alt=\"\" width=\"590\" height=\"380\" srcset=\"https:\/\/www.reconoce.mx\/wp-content\/uploads\/2018\/12\/balada-de-buster-3.jpg 590w, https:\/\/www.reconoce.mx\/wp-content\/uploads\/2018\/12\/balada-de-buster-3-300x193.jpg 300w, https:\/\/www.reconoce.mx\/wp-content\/uploads\/2018\/12\/balada-de-buster-3-150x97.jpg 150w\" sizes=\"auto, (max-width: 590px) 100vw, 590px\" \/><\/a><\/p>\n<p>Como parte del elenco cabe destacar los tremendos nombres que son incluidos en la pel\u00edcula. <strong>Tim Blake Nelson<\/strong>, <strong>James Franco<\/strong>, <strong>Liam Neeson<\/strong> y <strong>Tom Waits<\/strong> son algunos de los que reconocer\u00e1n no solo por sus caras, sino evidentemente tambi\u00e9n y principalmente por su talento. Menci\u00f3n aparte para <strong>Harry Melling<\/strong> y <strong>Zoe Kazan<\/strong>, quienes brillan con luz propia en una pel\u00edcula en la que comparten cr\u00e9ditos con pesos pesados.<\/p>\n<p>Otro elemento importante, adem\u00e1s de la extraordinaria fotograf\u00eda de <strong>Bruno Delbonnel<\/strong> -que por cierto, nos hace lamentar no haber podido ver en cines comerciales este estreno-, es sin duda la m\u00fasica de <strong>Carter Burwell<\/strong>. El m\u00fasico es sin duda pieza clave en algunos de los trabajos m\u00e1s emblem\u00e1ticos de los<strong> hermanos Coen<\/strong>, y lo vuelve a hacer ahora con este <em>western<\/em> que remite a la mejor m\u00fasica de las cintas de este g\u00e9nero; s\u00ed, me refiero a la del mism\u00edsimo <strong>Ennio Morricone<\/strong>.<\/p>\n<style>.embed-container { position: relative; padding-bottom: 56.25%; height: 0; overflow: hidden; max-width: 100%; } .embed-container iframe, .embed-container object, .embed-container embed { position: absolute; top: 0; left: 0; width: 100%; height: 100%; }<\/style>\n<div class=\"embed-container\"><iframe src=\"https:\/\/www.youtube.com\/embed\/JBolJ2j_oUc\" frameborder=\"0\" allowfullscreen=\"allowfullscreen\"><\/iframe><\/div>\n<p>&nbsp;<\/p>\n<p>\u00abLa balada de Buster Scruggs\u00bb es entonces una aut\u00e9ntica gozadera. La verdad es que la pel\u00edcula se coloca sin duda entre las mejores de este a\u00f1o, por lo que si cuentan con el servicio de <strong>Netflix<\/strong> es de inmediato una de las imperdibles. \u00bfSi la ven la comentan conmigo? Ya saben que me gusta platicarlas con ustedes.<\/p>\n<p>&nbsp;<\/p>\n<p>&nbsp;<\/p>\n","protected":false},"excerpt":{"rendered":"<p>No todos los caminos en Netflix llevan a \u201cRoma\u201d. Y ojo, no le escribo para provocar a nadie -pues yo mismo le ech\u00e9 loas, y mi compa\u00f1era Berenice Alamilla tambi\u00e9n-, sino porque afortunadamente hay m\u00e1s buen cine presente en la plataforma de video on demand por excelencia.<\/p>\n","protected":false},"author":2,"featured_media":79183,"comment_status":"open","ping_status":"open","sticky":false,"template":"","format":"standard","meta":{"footnotes":""},"categories":[24,1,17],"tags":[],"class_list":["post-79180","post","type-post","status-publish","format-standard","has-post-thumbnail","hentry","category-cine","category-cultura","category-principal"],"yoast_head":"<!-- This site is optimized with the Yoast SEO plugin v24.7 - https:\/\/yoast.com\/wordpress\/plugins\/seo\/ -->\n<title>&quot;La balada de Buster Scruggs&quot;: refrescante homenaje al western &#171; Reconoce MX<\/title>\n<meta name=\"robots\" content=\"index, follow, max-snippet:-1, max-image-preview:large, max-video-preview:-1\" \/>\n<link rel=\"canonical\" href=\"https:\/\/www.reconoce.mx\/?p=79180\" \/>\n<meta property=\"og:locale\" content=\"es_ES\" \/>\n<meta property=\"og:type\" content=\"article\" \/>\n<meta property=\"og:title\" content=\"&quot;La balada de Buster Scruggs&quot;: refrescante homenaje al western &#171; Reconoce MX\" \/>\n<meta property=\"og:description\" content=\"No todos los caminos en Netflix llevan a \u201cRoma\u201d. Y ojo, no le escribo para provocar a nadie -pues yo mismo le ech\u00e9 loas, y mi compa\u00f1era Berenice Alamilla tambi\u00e9n-, sino porque afortunadamente hay m\u00e1s buen cine presente en la plataforma de video on demand por excelencia.\" \/>\n<meta property=\"og:url\" content=\"https:\/\/www.reconoce.mx\/?p=79180\" \/>\n<meta property=\"og:site_name\" content=\"Reconoce MX\" \/>\n<meta property=\"article:publisher\" content=\"https:\/\/es-la.facebook.com\/ReconoceMX\/\" \/>\n<meta property=\"article:published_time\" content=\"2018-12-21T06:05:30+00:00\" \/>\n<meta property=\"article:modified_time\" content=\"2018-12-21T22:24:43+00:00\" \/>\n<meta property=\"og:image\" content=\"https:\/\/www.reconoce.mx\/wp-content\/uploads\/2018\/12\/balada-de-buster-1.jpg\" \/>\n\t<meta property=\"og:image:width\" content=\"590\" \/>\n\t<meta property=\"og:image:height\" content=\"380\" \/>\n\t<meta property=\"og:image:type\" content=\"image\/jpeg\" \/>\n<meta name=\"author\" content=\"Reconoce MX\" \/>\n<meta name=\"twitter:card\" content=\"summary_large_image\" \/>\n<meta name=\"twitter:creator\" content=\"@reconocemx\" \/>\n<meta name=\"twitter:site\" content=\"@reconocemx\" \/>\n<meta name=\"twitter:label1\" content=\"Escrito por\" \/>\n\t<meta name=\"twitter:data1\" content=\"Reconoce MX\" \/>\n\t<meta name=\"twitter:label2\" content=\"Tiempo de lectura\" \/>\n\t<meta name=\"twitter:data2\" content=\"4 minutos\" \/>\n<script type=\"application\/ld+json\" class=\"yoast-schema-graph\">{\"@context\":\"https:\/\/schema.org\",\"@graph\":[{\"@type\":\"Article\",\"@id\":\"https:\/\/www.reconoce.mx\/?p=79180#article\",\"isPartOf\":{\"@id\":\"https:\/\/www.reconoce.mx\/?p=79180\"},\"author\":{\"name\":\"Reconoce MX\",\"@id\":\"http:\/\/www.reconoce.mx\/#\/schema\/person\/2117e997d7051dc15d6880eaf9bca0b2\"},\"headline\":\"\u00abLa balada de Buster Scruggs\u00bb: refrescante homenaje al western\",\"datePublished\":\"2018-12-21T06:05:30+00:00\",\"dateModified\":\"2018-12-21T22:24:43+00:00\",\"mainEntityOfPage\":{\"@id\":\"https:\/\/www.reconoce.mx\/?p=79180\"},\"wordCount\":719,\"commentCount\":0,\"publisher\":{\"@id\":\"http:\/\/www.reconoce.mx\/#organization\"},\"image\":{\"@id\":\"https:\/\/www.reconoce.mx\/?p=79180#primaryimage\"},\"thumbnailUrl\":\"https:\/\/www.reconoce.mx\/wp-content\/uploads\/2018\/12\/balada-de-buster-1.jpg\",\"articleSection\":[\"Cine\",\"Cultura\",\"Principal\"],\"inLanguage\":\"es\",\"potentialAction\":[{\"@type\":\"CommentAction\",\"name\":\"Comment\",\"target\":[\"https:\/\/www.reconoce.mx\/?p=79180#respond\"]}]},{\"@type\":\"WebPage\",\"@id\":\"https:\/\/www.reconoce.mx\/?p=79180\",\"url\":\"https:\/\/www.reconoce.mx\/?p=79180\",\"name\":\"\\\"La balada de Buster Scruggs\\\": refrescante homenaje al western &#171; Reconoce MX\",\"isPartOf\":{\"@id\":\"http:\/\/www.reconoce.mx\/#website\"},\"primaryImageOfPage\":{\"@id\":\"https:\/\/www.reconoce.mx\/?p=79180#primaryimage\"},\"image\":{\"@id\":\"https:\/\/www.reconoce.mx\/?p=79180#primaryimage\"},\"thumbnailUrl\":\"https:\/\/www.reconoce.mx\/wp-content\/uploads\/2018\/12\/balada-de-buster-1.jpg\",\"datePublished\":\"2018-12-21T06:05:30+00:00\",\"dateModified\":\"2018-12-21T22:24:43+00:00\",\"breadcrumb\":{\"@id\":\"https:\/\/www.reconoce.mx\/?p=79180#breadcrumb\"},\"inLanguage\":\"es\",\"potentialAction\":[{\"@type\":\"ReadAction\",\"target\":[\"https:\/\/www.reconoce.mx\/?p=79180\"]}]},{\"@type\":\"ImageObject\",\"inLanguage\":\"es\",\"@id\":\"https:\/\/www.reconoce.mx\/?p=79180#primaryimage\",\"url\":\"https:\/\/www.reconoce.mx\/wp-content\/uploads\/2018\/12\/balada-de-buster-1.jpg\",\"contentUrl\":\"https:\/\/www.reconoce.mx\/wp-content\/uploads\/2018\/12\/balada-de-buster-1.jpg\",\"width\":590,\"height\":380},{\"@type\":\"BreadcrumbList\",\"@id\":\"https:\/\/www.reconoce.mx\/?p=79180#breadcrumb\",\"itemListElement\":[{\"@type\":\"ListItem\",\"position\":1,\"name\":\"Portada\",\"item\":\"http:\/\/www.reconoce.mx\/\"},{\"@type\":\"ListItem\",\"position\":2,\"name\":\"\u00abLa balada de Buster Scruggs\u00bb: refrescante homenaje al western\"}]},{\"@type\":\"WebSite\",\"@id\":\"http:\/\/www.reconoce.mx\/#website\",\"url\":\"http:\/\/www.reconoce.mx\/\",\"name\":\"Reconoce MX\",\"description\":\"En Reconoce MX difundimos arte, cultura y conciencia social en M\u00e9xico. Tu ciudad en otra perspectiva.\",\"publisher\":{\"@id\":\"http:\/\/www.reconoce.mx\/#organization\"},\"potentialAction\":[{\"@type\":\"SearchAction\",\"target\":{\"@type\":\"EntryPoint\",\"urlTemplate\":\"http:\/\/www.reconoce.mx\/?s={search_term_string}\"},\"query-input\":{\"@type\":\"PropertyValueSpecification\",\"valueRequired\":true,\"valueName\":\"search_term_string\"}}],\"inLanguage\":\"es\"},{\"@type\":\"Organization\",\"@id\":\"http:\/\/www.reconoce.mx\/#organization\",\"name\":\"Reconoce MX\",\"url\":\"http:\/\/www.reconoce.mx\/\",\"logo\":{\"@type\":\"ImageObject\",\"inLanguage\":\"es\",\"@id\":\"http:\/\/www.reconoce.mx\/#\/schema\/logo\/image\/\",\"url\":\"https:\/\/www.reconoce.mx\/wp-content\/uploads\/2019\/03\/logorcmx-good-1.png\",\"contentUrl\":\"https:\/\/www.reconoce.mx\/wp-content\/uploads\/2019\/03\/logorcmx-good-1.png\",\"width\":280,\"height\":90,\"caption\":\"Reconoce MX\"},\"image\":{\"@id\":\"http:\/\/www.reconoce.mx\/#\/schema\/logo\/image\/\"},\"sameAs\":[\"https:\/\/es-la.facebook.com\/ReconoceMX\/\",\"https:\/\/x.com\/reconocemx\",\"http:\/\/@reconocemx\"]},{\"@type\":\"Person\",\"@id\":\"http:\/\/www.reconoce.mx\/#\/schema\/person\/2117e997d7051dc15d6880eaf9bca0b2\",\"name\":\"Reconoce MX\",\"image\":{\"@type\":\"ImageObject\",\"inLanguage\":\"es\",\"@id\":\"http:\/\/www.reconoce.mx\/#\/schema\/person\/image\/\",\"url\":\"https:\/\/secure.gravatar.com\/avatar\/6c8d4dc7569ca1c90c5fdcc349f839d5ddef6fe1e70b4337ead2ef1a4c43fc3a?s=96&d=identicon&r=g\",\"contentUrl\":\"https:\/\/secure.gravatar.com\/avatar\/6c8d4dc7569ca1c90c5fdcc349f839d5ddef6fe1e70b4337ead2ef1a4c43fc3a?s=96&d=identicon&r=g\",\"caption\":\"Reconoce MX\"},\"description\":\"Reconoce MX es un proyecto de difusi\u00f3n art\u00edstica, cultural y de conciencia social que est\u00e1 enfocado a difundir y fomentar el entretenimiento alternativo de calidad para todo el p\u00fablico que comparta el mismo entusiasmo.\",\"sameAs\":[\"http:\/\/www.reconoce.mx\"],\"url\":\"https:\/\/www.reconoce.mx\/?author=2\"}]}<\/script>\n<!-- \/ Yoast SEO plugin. -->","yoast_head_json":{"title":"\"La balada de Buster Scruggs\": refrescante homenaje al western &#171; Reconoce MX","robots":{"index":"index","follow":"follow","max-snippet":"max-snippet:-1","max-image-preview":"max-image-preview:large","max-video-preview":"max-video-preview:-1"},"canonical":"https:\/\/www.reconoce.mx\/?p=79180","og_locale":"es_ES","og_type":"article","og_title":"\"La balada de Buster Scruggs\": refrescante homenaje al western &#171; Reconoce MX","og_description":"No todos los caminos en Netflix llevan a \u201cRoma\u201d. Y ojo, no le escribo para provocar a nadie -pues yo mismo le ech\u00e9 loas, y mi compa\u00f1era Berenice Alamilla tambi\u00e9n-, sino porque afortunadamente hay m\u00e1s buen cine presente en la plataforma de video on demand por excelencia.","og_url":"https:\/\/www.reconoce.mx\/?p=79180","og_site_name":"Reconoce MX","article_publisher":"https:\/\/es-la.facebook.com\/ReconoceMX\/","article_published_time":"2018-12-21T06:05:30+00:00","article_modified_time":"2018-12-21T22:24:43+00:00","og_image":[{"width":590,"height":380,"url":"https:\/\/www.reconoce.mx\/wp-content\/uploads\/2018\/12\/balada-de-buster-1.jpg","type":"image\/jpeg"}],"author":"Reconoce MX","twitter_card":"summary_large_image","twitter_creator":"@reconocemx","twitter_site":"@reconocemx","twitter_misc":{"Escrito por":"Reconoce MX","Tiempo de lectura":"4 minutos"},"schema":{"@context":"https:\/\/schema.org","@graph":[{"@type":"Article","@id":"https:\/\/www.reconoce.mx\/?p=79180#article","isPartOf":{"@id":"https:\/\/www.reconoce.mx\/?p=79180"},"author":{"name":"Reconoce MX","@id":"http:\/\/www.reconoce.mx\/#\/schema\/person\/2117e997d7051dc15d6880eaf9bca0b2"},"headline":"\u00abLa balada de Buster Scruggs\u00bb: refrescante homenaje al western","datePublished":"2018-12-21T06:05:30+00:00","dateModified":"2018-12-21T22:24:43+00:00","mainEntityOfPage":{"@id":"https:\/\/www.reconoce.mx\/?p=79180"},"wordCount":719,"commentCount":0,"publisher":{"@id":"http:\/\/www.reconoce.mx\/#organization"},"image":{"@id":"https:\/\/www.reconoce.mx\/?p=79180#primaryimage"},"thumbnailUrl":"https:\/\/www.reconoce.mx\/wp-content\/uploads\/2018\/12\/balada-de-buster-1.jpg","articleSection":["Cine","Cultura","Principal"],"inLanguage":"es","potentialAction":[{"@type":"CommentAction","name":"Comment","target":["https:\/\/www.reconoce.mx\/?p=79180#respond"]}]},{"@type":"WebPage","@id":"https:\/\/www.reconoce.mx\/?p=79180","url":"https:\/\/www.reconoce.mx\/?p=79180","name":"\"La balada de Buster Scruggs\": refrescante homenaje al western &#171; Reconoce MX","isPartOf":{"@id":"http:\/\/www.reconoce.mx\/#website"},"primaryImageOfPage":{"@id":"https:\/\/www.reconoce.mx\/?p=79180#primaryimage"},"image":{"@id":"https:\/\/www.reconoce.mx\/?p=79180#primaryimage"},"thumbnailUrl":"https:\/\/www.reconoce.mx\/wp-content\/uploads\/2018\/12\/balada-de-buster-1.jpg","datePublished":"2018-12-21T06:05:30+00:00","dateModified":"2018-12-21T22:24:43+00:00","breadcrumb":{"@id":"https:\/\/www.reconoce.mx\/?p=79180#breadcrumb"},"inLanguage":"es","potentialAction":[{"@type":"ReadAction","target":["https:\/\/www.reconoce.mx\/?p=79180"]}]},{"@type":"ImageObject","inLanguage":"es","@id":"https:\/\/www.reconoce.mx\/?p=79180#primaryimage","url":"https:\/\/www.reconoce.mx\/wp-content\/uploads\/2018\/12\/balada-de-buster-1.jpg","contentUrl":"https:\/\/www.reconoce.mx\/wp-content\/uploads\/2018\/12\/balada-de-buster-1.jpg","width":590,"height":380},{"@type":"BreadcrumbList","@id":"https:\/\/www.reconoce.mx\/?p=79180#breadcrumb","itemListElement":[{"@type":"ListItem","position":1,"name":"Portada","item":"http:\/\/www.reconoce.mx\/"},{"@type":"ListItem","position":2,"name":"\u00abLa balada de Buster Scruggs\u00bb: refrescante homenaje al western"}]},{"@type":"WebSite","@id":"http:\/\/www.reconoce.mx\/#website","url":"http:\/\/www.reconoce.mx\/","name":"Reconoce MX","description":"En Reconoce MX difundimos arte, cultura y conciencia social en M\u00e9xico. Tu ciudad en otra perspectiva.","publisher":{"@id":"http:\/\/www.reconoce.mx\/#organization"},"potentialAction":[{"@type":"SearchAction","target":{"@type":"EntryPoint","urlTemplate":"http:\/\/www.reconoce.mx\/?s={search_term_string}"},"query-input":{"@type":"PropertyValueSpecification","valueRequired":true,"valueName":"search_term_string"}}],"inLanguage":"es"},{"@type":"Organization","@id":"http:\/\/www.reconoce.mx\/#organization","name":"Reconoce MX","url":"http:\/\/www.reconoce.mx\/","logo":{"@type":"ImageObject","inLanguage":"es","@id":"http:\/\/www.reconoce.mx\/#\/schema\/logo\/image\/","url":"https:\/\/www.reconoce.mx\/wp-content\/uploads\/2019\/03\/logorcmx-good-1.png","contentUrl":"https:\/\/www.reconoce.mx\/wp-content\/uploads\/2019\/03\/logorcmx-good-1.png","width":280,"height":90,"caption":"Reconoce MX"},"image":{"@id":"http:\/\/www.reconoce.mx\/#\/schema\/logo\/image\/"},"sameAs":["https:\/\/es-la.facebook.com\/ReconoceMX\/","https:\/\/x.com\/reconocemx","http:\/\/@reconocemx"]},{"@type":"Person","@id":"http:\/\/www.reconoce.mx\/#\/schema\/person\/2117e997d7051dc15d6880eaf9bca0b2","name":"Reconoce MX","image":{"@type":"ImageObject","inLanguage":"es","@id":"http:\/\/www.reconoce.mx\/#\/schema\/person\/image\/","url":"https:\/\/secure.gravatar.com\/avatar\/6c8d4dc7569ca1c90c5fdcc349f839d5ddef6fe1e70b4337ead2ef1a4c43fc3a?s=96&d=identicon&r=g","contentUrl":"https:\/\/secure.gravatar.com\/avatar\/6c8d4dc7569ca1c90c5fdcc349f839d5ddef6fe1e70b4337ead2ef1a4c43fc3a?s=96&d=identicon&r=g","caption":"Reconoce MX"},"description":"Reconoce MX es un proyecto de difusi\u00f3n art\u00edstica, cultural y de conciencia social que est\u00e1 enfocado a difundir y fomentar el entretenimiento alternativo de calidad para todo el p\u00fablico que comparta el mismo entusiasmo.","sameAs":["http:\/\/www.reconoce.mx"],"url":"https:\/\/www.reconoce.mx\/?author=2"}]}},"_links":{"self":[{"href":"https:\/\/www.reconoce.mx\/index.php?rest_route=\/wp\/v2\/posts\/79180","targetHints":{"allow":["GET"]}}],"collection":[{"href":"https:\/\/www.reconoce.mx\/index.php?rest_route=\/wp\/v2\/posts"}],"about":[{"href":"https:\/\/www.reconoce.mx\/index.php?rest_route=\/wp\/v2\/types\/post"}],"author":[{"embeddable":true,"href":"https:\/\/www.reconoce.mx\/index.php?rest_route=\/wp\/v2\/users\/2"}],"replies":[{"embeddable":true,"href":"https:\/\/www.reconoce.mx\/index.php?rest_route=%2Fwp%2Fv2%2Fcomments&post=79180"}],"version-history":[{"count":4,"href":"https:\/\/www.reconoce.mx\/index.php?rest_route=\/wp\/v2\/posts\/79180\/revisions"}],"predecessor-version":[{"id":79190,"href":"https:\/\/www.reconoce.mx\/index.php?rest_route=\/wp\/v2\/posts\/79180\/revisions\/79190"}],"wp:featuredmedia":[{"embeddable":true,"href":"https:\/\/www.reconoce.mx\/index.php?rest_route=\/wp\/v2\/media\/79183"}],"wp:attachment":[{"href":"https:\/\/www.reconoce.mx\/index.php?rest_route=%2Fwp%2Fv2%2Fmedia&parent=79180"}],"wp:term":[{"taxonomy":"category","embeddable":true,"href":"https:\/\/www.reconoce.mx\/index.php?rest_route=%2Fwp%2Fv2%2Fcategories&post=79180"},{"taxonomy":"post_tag","embeddable":true,"href":"https:\/\/www.reconoce.mx\/index.php?rest_route=%2Fwp%2Fv2%2Ftags&post=79180"}],"curies":[{"name":"wp","href":"https:\/\/api.w.org\/{rel}","templated":true}]}}