{"id":80096,"date":"2019-01-18T00:02:42","date_gmt":"2019-01-18T06:02:42","guid":{"rendered":"http:\/\/www.reconoce.mx\/?p=80096"},"modified":"2019-01-25T08:50:05","modified_gmt":"2019-01-25T14:50:05","slug":"una-mitologica-jornada-de-metal-llega-a-mexico-mayan-y-visions-of-atlantis-en-concierto","status":"publish","type":"post","link":"https:\/\/www.reconoce.mx\/?p=80096","title":{"rendered":"Una mitol\u00f3gica jornada de metal llega a M\u00e9xico: Mayan y Visions of Atlantis en concierto"},"content":{"rendered":"<p><strong>Por <a href=\"https:\/\/twitter.com\/DemoniaRomantik\" target=\"_blank\" rel=\"noopener\">Adyerin Rueda<\/a>.<\/strong><\/p>\n<p>Death y power metal sinf\u00f3nicos se unen para traer una noche \u00e9pica a tierras mexicanas. Las bandas europeas <strong>Mayan<\/strong> y <strong>Vision of Atlantis<\/strong> ofrecer\u00e1n un festejo a la m\u00fasica y a las m\u00e1s diversas cosmogon\u00edas ancestrales.<\/p>\n<p><a href=\"http:\/\/www.reconoce.mx\/wp-content\/uploads\/2019\/01\/46493587_2592982927386508_7502410909436870656_o.jpg\"><img loading=\"lazy\" decoding=\"async\" class=\"aligncenter size-full wp-image-80099\" src=\"http:\/\/www.reconoce.mx\/wp-content\/uploads\/2019\/01\/46493587_2592982927386508_7502410909436870656_o.jpg\" alt=\"\" width=\"826\" height=\"1323\" srcset=\"https:\/\/www.reconoce.mx\/wp-content\/uploads\/2019\/01\/46493587_2592982927386508_7502410909436870656_o.jpg 826w, https:\/\/www.reconoce.mx\/wp-content\/uploads\/2019\/01\/46493587_2592982927386508_7502410909436870656_o-187x300.jpg 187w, https:\/\/www.reconoce.mx\/wp-content\/uploads\/2019\/01\/46493587_2592982927386508_7502410909436870656_o-768x1230.jpg 768w, https:\/\/www.reconoce.mx\/wp-content\/uploads\/2019\/01\/46493587_2592982927386508_7502410909436870656_o-639x1024.jpg 639w, https:\/\/www.reconoce.mx\/wp-content\/uploads\/2019\/01\/46493587_2592982927386508_7502410909436870656_o-150x240.jpg 150w, https:\/\/www.reconoce.mx\/wp-content\/uploads\/2019\/01\/46493587_2592982927386508_7502410909436870656_o-700x1121.jpg 700w, https:\/\/www.reconoce.mx\/wp-content\/uploads\/2019\/01\/46493587_2592982927386508_7502410909436870656_o-658x1054.jpg 658w, https:\/\/www.reconoce.mx\/wp-content\/uploads\/2019\/01\/46493587_2592982927386508_7502410909436870656_o-300x481.jpg 300w\" sizes=\"auto, (max-width: 826px) 100vw, 826px\" \/><\/a><\/p>\n<p><strong>Mayan<\/strong>, que vuelve a M\u00e9xico despu\u00e9s de ocho a\u00f1os, se reconoce como una banda holandesa aunque sus integrantes provienen de diferentes nacionalidades como el neerland\u00e9s Mark Jansen (l\u00edder y creador de la banda en 2010), la italiana Laura Macri y la mexicana Marcela Bovio quien ha colaborado con Epica, Ayreon, The Gentle Storm y Stream of Passion por mencionar algunos.<\/p>\n<p>Jansen, inspirado por las culturas mesoamericanas, decidi\u00f3 nombrar <strong>Mayan<\/strong> a la agrupaci\u00f3n por su pasi\u00f3n por los hombres de ma\u00edz que alimentan con sangre y decapitaciones humanas a los dioses para continuar el c\u00edclico devenir de mundos infinitos.<\/p>\n<p>Despu\u00e9s de dos exitosos \u00e1lbumes (\u00abQuarterpast\u00bb y \u00abAntagonise\u00bb) este a\u00f1o lanzaron \u00abDhyana\u00bb (disco que conceptualiza la b\u00fasqueda espiritual de la esencia del ser y motivo por el que emprendieron gira internacional), junto a la <strong>Orquesta de Praga<\/strong> (o la Film Opera Koncert), fundada en 1934 con la finalidad de musicalizar las cintas cinematogr\u00e1ficas checas de la \u00e9poca y cuya excelente ejecuci\u00f3n le dio fama y el t\u00edtulo de la orquesta oficial de la ciudad. Orquesta que, por cierto, es reconocida por sus trabajos en la saga de <strong>Star Wars<\/strong>, <strong>Hannibal<\/strong> y su participaci\u00f3n en el disco \u00abDeath Cult Armageddon\u00bb de los black metaleros <strong>Dimmu Borgir<\/strong>.<\/p>\n<p>Por otro lado, la fascinaci\u00f3n por la enigm\u00e1tica Atl\u00e1ntida dio vida en el a\u00f1o 2000 a<strong> Visions of Atlantis<\/strong> que combina melodiosamente voces masculinas (Michele Guaitoli) y femeninas (Cl\u00e9mentine Delauney) para relatar los mitos de la civilizaci\u00f3n hundida y que aperturar\u00e1 la odisea el pr\u00f3ximo 26 de enero de 2019 en el <strong>Foro Inidie Rocks!<\/strong> de Ciudad de M\u00e9xico.<\/p>\n<p>Los boletos tienen un costo de $650 pesos. Habr\u00e1n boletos VIP con M&amp;G por $1,000 a trav\u00e9s de la p\u00e1gina de <strong>Eyescream Productions<\/strong>.<\/p>\n<p style=\"text-align: right;\">Con imagen cortes\u00eda de <strong>Eyescream Production<\/strong>s.<\/p>\n<p>&nbsp;<\/p>\n<p>&nbsp;<\/p>\n","protected":false},"excerpt":{"rendered":"<p>Death y power metal sinf\u00f3nicos se unen para traer una noche \u00e9pica a tierras mexicanas. Las bandas europeas Mayan y Vision of Atlantis ofrecer\u00e1n un festejo a la m\u00fasica y a las m\u00e1s diversas cosmogon\u00edas ancestrales.<\/p>\n","protected":false},"author":2,"featured_media":80100,"comment_status":"open","ping_status":"open","sticky":false,"template":"","format":"standard","meta":{"footnotes":""},"categories":[1,18,17],"tags":[],"class_list":["post-80096","post","type-post","status-publish","format-standard","has-post-thumbnail","hentry","category-cultura","category-musica","category-principal"],"yoast_head":"<!-- This site is optimized with the Yoast SEO plugin v24.7 - https:\/\/yoast.com\/wordpress\/plugins\/seo\/ -->\n<title>Una mitol\u00f3gica jornada de metal llega a M\u00e9xico: Mayan y Visions of Atlantis en concierto &#171; Reconoce MX<\/title>\n<meta name=\"robots\" content=\"index, follow, max-snippet:-1, max-image-preview:large, max-video-preview:-1\" \/>\n<link rel=\"canonical\" href=\"https:\/\/www.reconoce.mx\/?p=80096\" \/>\n<meta property=\"og:locale\" content=\"es_ES\" \/>\n<meta property=\"og:type\" content=\"article\" \/>\n<meta property=\"og:title\" content=\"Una mitol\u00f3gica jornada de metal llega a M\u00e9xico: Mayan y Visions of Atlantis en concierto &#171; Reconoce MX\" \/>\n<meta property=\"og:description\" content=\"Death y power metal sinf\u00f3nicos se unen para traer una noche \u00e9pica a tierras mexicanas. Las bandas europeas Mayan y Vision of Atlantis ofrecer\u00e1n un festejo a la m\u00fasica y a las m\u00e1s diversas cosmogon\u00edas ancestrales.\" \/>\n<meta property=\"og:url\" content=\"https:\/\/www.reconoce.mx\/?p=80096\" \/>\n<meta property=\"og:site_name\" content=\"Reconoce MX\" \/>\n<meta property=\"article:publisher\" content=\"https:\/\/es-la.facebook.com\/ReconoceMX\/\" \/>\n<meta property=\"article:published_time\" content=\"2019-01-18T06:02:42+00:00\" \/>\n<meta property=\"article:modified_time\" content=\"2019-01-25T14:50:05+00:00\" \/>\n<meta property=\"og:image\" content=\"https:\/\/www.reconoce.mx\/wp-content\/uploads\/2019\/01\/mayan-cover.jpg\" \/>\n\t<meta property=\"og:image:width\" content=\"590\" \/>\n\t<meta property=\"og:image:height\" content=\"380\" \/>\n\t<meta property=\"og:image:type\" content=\"image\/jpeg\" \/>\n<meta name=\"author\" content=\"Reconoce MX\" \/>\n<meta name=\"twitter:card\" content=\"summary_large_image\" \/>\n<meta name=\"twitter:creator\" content=\"@reconocemx\" \/>\n<meta name=\"twitter:site\" content=\"@reconocemx\" \/>\n<meta name=\"twitter:label1\" content=\"Escrito por\" \/>\n\t<meta name=\"twitter:data1\" content=\"Reconoce MX\" \/>\n\t<meta name=\"twitter:label2\" content=\"Tiempo de lectura\" \/>\n\t<meta name=\"twitter:data2\" content=\"2 minutos\" \/>\n<script type=\"application\/ld+json\" class=\"yoast-schema-graph\">{\"@context\":\"https:\/\/schema.org\",\"@graph\":[{\"@type\":\"Article\",\"@id\":\"https:\/\/www.reconoce.mx\/?p=80096#article\",\"isPartOf\":{\"@id\":\"https:\/\/www.reconoce.mx\/?p=80096\"},\"author\":{\"name\":\"Reconoce MX\",\"@id\":\"http:\/\/www.reconoce.mx\/#\/schema\/person\/2117e997d7051dc15d6880eaf9bca0b2\"},\"headline\":\"Una mitol\u00f3gica jornada de metal llega a M\u00e9xico: Mayan y Visions of Atlantis en concierto\",\"datePublished\":\"2019-01-18T06:02:42+00:00\",\"dateModified\":\"2019-01-25T14:50:05+00:00\",\"mainEntityOfPage\":{\"@id\":\"https:\/\/www.reconoce.mx\/?p=80096\"},\"wordCount\":377,\"commentCount\":0,\"publisher\":{\"@id\":\"http:\/\/www.reconoce.mx\/#organization\"},\"image\":{\"@id\":\"https:\/\/www.reconoce.mx\/?p=80096#primaryimage\"},\"thumbnailUrl\":\"https:\/\/www.reconoce.mx\/wp-content\/uploads\/2019\/01\/mayan-cover.jpg\",\"articleSection\":[\"Cultura\",\"M\u00fasica\",\"Principal\"],\"inLanguage\":\"es\",\"potentialAction\":[{\"@type\":\"CommentAction\",\"name\":\"Comment\",\"target\":[\"https:\/\/www.reconoce.mx\/?p=80096#respond\"]}]},{\"@type\":\"WebPage\",\"@id\":\"https:\/\/www.reconoce.mx\/?p=80096\",\"url\":\"https:\/\/www.reconoce.mx\/?p=80096\",\"name\":\"Una mitol\u00f3gica jornada de metal llega a M\u00e9xico: Mayan y Visions of Atlantis en concierto &#171; Reconoce MX\",\"isPartOf\":{\"@id\":\"http:\/\/www.reconoce.mx\/#website\"},\"primaryImageOfPage\":{\"@id\":\"https:\/\/www.reconoce.mx\/?p=80096#primaryimage\"},\"image\":{\"@id\":\"https:\/\/www.reconoce.mx\/?p=80096#primaryimage\"},\"thumbnailUrl\":\"https:\/\/www.reconoce.mx\/wp-content\/uploads\/2019\/01\/mayan-cover.jpg\",\"datePublished\":\"2019-01-18T06:02:42+00:00\",\"dateModified\":\"2019-01-25T14:50:05+00:00\",\"breadcrumb\":{\"@id\":\"https:\/\/www.reconoce.mx\/?p=80096#breadcrumb\"},\"inLanguage\":\"es\",\"potentialAction\":[{\"@type\":\"ReadAction\",\"target\":[\"https:\/\/www.reconoce.mx\/?p=80096\"]}]},{\"@type\":\"ImageObject\",\"inLanguage\":\"es\",\"@id\":\"https:\/\/www.reconoce.mx\/?p=80096#primaryimage\",\"url\":\"https:\/\/www.reconoce.mx\/wp-content\/uploads\/2019\/01\/mayan-cover.jpg\",\"contentUrl\":\"https:\/\/www.reconoce.mx\/wp-content\/uploads\/2019\/01\/mayan-cover.jpg\",\"width\":590,\"height\":380},{\"@type\":\"BreadcrumbList\",\"@id\":\"https:\/\/www.reconoce.mx\/?p=80096#breadcrumb\",\"itemListElement\":[{\"@type\":\"ListItem\",\"position\":1,\"name\":\"Portada\",\"item\":\"http:\/\/www.reconoce.mx\/\"},{\"@type\":\"ListItem\",\"position\":2,\"name\":\"Una mitol\u00f3gica jornada de metal llega a M\u00e9xico: Mayan y Visions of Atlantis en concierto\"}]},{\"@type\":\"WebSite\",\"@id\":\"http:\/\/www.reconoce.mx\/#website\",\"url\":\"http:\/\/www.reconoce.mx\/\",\"name\":\"Reconoce MX\",\"description\":\"En Reconoce MX difundimos arte, cultura y conciencia social en M\u00e9xico. Tu ciudad en otra perspectiva.\",\"publisher\":{\"@id\":\"http:\/\/www.reconoce.mx\/#organization\"},\"potentialAction\":[{\"@type\":\"SearchAction\",\"target\":{\"@type\":\"EntryPoint\",\"urlTemplate\":\"http:\/\/www.reconoce.mx\/?s={search_term_string}\"},\"query-input\":{\"@type\":\"PropertyValueSpecification\",\"valueRequired\":true,\"valueName\":\"search_term_string\"}}],\"inLanguage\":\"es\"},{\"@type\":\"Organization\",\"@id\":\"http:\/\/www.reconoce.mx\/#organization\",\"name\":\"Reconoce MX\",\"url\":\"http:\/\/www.reconoce.mx\/\",\"logo\":{\"@type\":\"ImageObject\",\"inLanguage\":\"es\",\"@id\":\"http:\/\/www.reconoce.mx\/#\/schema\/logo\/image\/\",\"url\":\"https:\/\/www.reconoce.mx\/wp-content\/uploads\/2019\/03\/logorcmx-good-1.png\",\"contentUrl\":\"https:\/\/www.reconoce.mx\/wp-content\/uploads\/2019\/03\/logorcmx-good-1.png\",\"width\":280,\"height\":90,\"caption\":\"Reconoce MX\"},\"image\":{\"@id\":\"http:\/\/www.reconoce.mx\/#\/schema\/logo\/image\/\"},\"sameAs\":[\"https:\/\/es-la.facebook.com\/ReconoceMX\/\",\"https:\/\/x.com\/reconocemx\",\"http:\/\/@reconocemx\"]},{\"@type\":\"Person\",\"@id\":\"http:\/\/www.reconoce.mx\/#\/schema\/person\/2117e997d7051dc15d6880eaf9bca0b2\",\"name\":\"Reconoce MX\",\"image\":{\"@type\":\"ImageObject\",\"inLanguage\":\"es\",\"@id\":\"http:\/\/www.reconoce.mx\/#\/schema\/person\/image\/\",\"url\":\"https:\/\/secure.gravatar.com\/avatar\/6c8d4dc7569ca1c90c5fdcc349f839d5ddef6fe1e70b4337ead2ef1a4c43fc3a?s=96&d=identicon&r=g\",\"contentUrl\":\"https:\/\/secure.gravatar.com\/avatar\/6c8d4dc7569ca1c90c5fdcc349f839d5ddef6fe1e70b4337ead2ef1a4c43fc3a?s=96&d=identicon&r=g\",\"caption\":\"Reconoce MX\"},\"description\":\"Reconoce MX es un proyecto de difusi\u00f3n art\u00edstica, cultural y de conciencia social que est\u00e1 enfocado a difundir y fomentar el entretenimiento alternativo de calidad para todo el p\u00fablico que comparta el mismo entusiasmo.\",\"sameAs\":[\"http:\/\/www.reconoce.mx\"],\"url\":\"https:\/\/www.reconoce.mx\/?author=2\"}]}<\/script>\n<!-- \/ Yoast SEO plugin. -->","yoast_head_json":{"title":"Una mitol\u00f3gica jornada de metal llega a M\u00e9xico: Mayan y Visions of Atlantis en concierto &#171; Reconoce MX","robots":{"index":"index","follow":"follow","max-snippet":"max-snippet:-1","max-image-preview":"max-image-preview:large","max-video-preview":"max-video-preview:-1"},"canonical":"https:\/\/www.reconoce.mx\/?p=80096","og_locale":"es_ES","og_type":"article","og_title":"Una mitol\u00f3gica jornada de metal llega a M\u00e9xico: Mayan y Visions of Atlantis en concierto &#171; Reconoce MX","og_description":"Death y power metal sinf\u00f3nicos se unen para traer una noche \u00e9pica a tierras mexicanas. Las bandas europeas Mayan y Vision of Atlantis ofrecer\u00e1n un festejo a la m\u00fasica y a las m\u00e1s diversas cosmogon\u00edas ancestrales.","og_url":"https:\/\/www.reconoce.mx\/?p=80096","og_site_name":"Reconoce MX","article_publisher":"https:\/\/es-la.facebook.com\/ReconoceMX\/","article_published_time":"2019-01-18T06:02:42+00:00","article_modified_time":"2019-01-25T14:50:05+00:00","og_image":[{"width":590,"height":380,"url":"https:\/\/www.reconoce.mx\/wp-content\/uploads\/2019\/01\/mayan-cover.jpg","type":"image\/jpeg"}],"author":"Reconoce MX","twitter_card":"summary_large_image","twitter_creator":"@reconocemx","twitter_site":"@reconocemx","twitter_misc":{"Escrito por":"Reconoce MX","Tiempo de lectura":"2 minutos"},"schema":{"@context":"https:\/\/schema.org","@graph":[{"@type":"Article","@id":"https:\/\/www.reconoce.mx\/?p=80096#article","isPartOf":{"@id":"https:\/\/www.reconoce.mx\/?p=80096"},"author":{"name":"Reconoce MX","@id":"http:\/\/www.reconoce.mx\/#\/schema\/person\/2117e997d7051dc15d6880eaf9bca0b2"},"headline":"Una mitol\u00f3gica jornada de metal llega a M\u00e9xico: Mayan y Visions of Atlantis en concierto","datePublished":"2019-01-18T06:02:42+00:00","dateModified":"2019-01-25T14:50:05+00:00","mainEntityOfPage":{"@id":"https:\/\/www.reconoce.mx\/?p=80096"},"wordCount":377,"commentCount":0,"publisher":{"@id":"http:\/\/www.reconoce.mx\/#organization"},"image":{"@id":"https:\/\/www.reconoce.mx\/?p=80096#primaryimage"},"thumbnailUrl":"https:\/\/www.reconoce.mx\/wp-content\/uploads\/2019\/01\/mayan-cover.jpg","articleSection":["Cultura","M\u00fasica","Principal"],"inLanguage":"es","potentialAction":[{"@type":"CommentAction","name":"Comment","target":["https:\/\/www.reconoce.mx\/?p=80096#respond"]}]},{"@type":"WebPage","@id":"https:\/\/www.reconoce.mx\/?p=80096","url":"https:\/\/www.reconoce.mx\/?p=80096","name":"Una mitol\u00f3gica jornada de metal llega a M\u00e9xico: Mayan y Visions of Atlantis en concierto &#171; Reconoce MX","isPartOf":{"@id":"http:\/\/www.reconoce.mx\/#website"},"primaryImageOfPage":{"@id":"https:\/\/www.reconoce.mx\/?p=80096#primaryimage"},"image":{"@id":"https:\/\/www.reconoce.mx\/?p=80096#primaryimage"},"thumbnailUrl":"https:\/\/www.reconoce.mx\/wp-content\/uploads\/2019\/01\/mayan-cover.jpg","datePublished":"2019-01-18T06:02:42+00:00","dateModified":"2019-01-25T14:50:05+00:00","breadcrumb":{"@id":"https:\/\/www.reconoce.mx\/?p=80096#breadcrumb"},"inLanguage":"es","potentialAction":[{"@type":"ReadAction","target":["https:\/\/www.reconoce.mx\/?p=80096"]}]},{"@type":"ImageObject","inLanguage":"es","@id":"https:\/\/www.reconoce.mx\/?p=80096#primaryimage","url":"https:\/\/www.reconoce.mx\/wp-content\/uploads\/2019\/01\/mayan-cover.jpg","contentUrl":"https:\/\/www.reconoce.mx\/wp-content\/uploads\/2019\/01\/mayan-cover.jpg","width":590,"height":380},{"@type":"BreadcrumbList","@id":"https:\/\/www.reconoce.mx\/?p=80096#breadcrumb","itemListElement":[{"@type":"ListItem","position":1,"name":"Portada","item":"http:\/\/www.reconoce.mx\/"},{"@type":"ListItem","position":2,"name":"Una mitol\u00f3gica jornada de metal llega a M\u00e9xico: Mayan y Visions of Atlantis en concierto"}]},{"@type":"WebSite","@id":"http:\/\/www.reconoce.mx\/#website","url":"http:\/\/www.reconoce.mx\/","name":"Reconoce MX","description":"En Reconoce MX difundimos arte, cultura y conciencia social en M\u00e9xico. Tu ciudad en otra perspectiva.","publisher":{"@id":"http:\/\/www.reconoce.mx\/#organization"},"potentialAction":[{"@type":"SearchAction","target":{"@type":"EntryPoint","urlTemplate":"http:\/\/www.reconoce.mx\/?s={search_term_string}"},"query-input":{"@type":"PropertyValueSpecification","valueRequired":true,"valueName":"search_term_string"}}],"inLanguage":"es"},{"@type":"Organization","@id":"http:\/\/www.reconoce.mx\/#organization","name":"Reconoce MX","url":"http:\/\/www.reconoce.mx\/","logo":{"@type":"ImageObject","inLanguage":"es","@id":"http:\/\/www.reconoce.mx\/#\/schema\/logo\/image\/","url":"https:\/\/www.reconoce.mx\/wp-content\/uploads\/2019\/03\/logorcmx-good-1.png","contentUrl":"https:\/\/www.reconoce.mx\/wp-content\/uploads\/2019\/03\/logorcmx-good-1.png","width":280,"height":90,"caption":"Reconoce MX"},"image":{"@id":"http:\/\/www.reconoce.mx\/#\/schema\/logo\/image\/"},"sameAs":["https:\/\/es-la.facebook.com\/ReconoceMX\/","https:\/\/x.com\/reconocemx","http:\/\/@reconocemx"]},{"@type":"Person","@id":"http:\/\/www.reconoce.mx\/#\/schema\/person\/2117e997d7051dc15d6880eaf9bca0b2","name":"Reconoce MX","image":{"@type":"ImageObject","inLanguage":"es","@id":"http:\/\/www.reconoce.mx\/#\/schema\/person\/image\/","url":"https:\/\/secure.gravatar.com\/avatar\/6c8d4dc7569ca1c90c5fdcc349f839d5ddef6fe1e70b4337ead2ef1a4c43fc3a?s=96&d=identicon&r=g","contentUrl":"https:\/\/secure.gravatar.com\/avatar\/6c8d4dc7569ca1c90c5fdcc349f839d5ddef6fe1e70b4337ead2ef1a4c43fc3a?s=96&d=identicon&r=g","caption":"Reconoce MX"},"description":"Reconoce MX es un proyecto de difusi\u00f3n art\u00edstica, cultural y de conciencia social que est\u00e1 enfocado a difundir y fomentar el entretenimiento alternativo de calidad para todo el p\u00fablico que comparta el mismo entusiasmo.","sameAs":["http:\/\/www.reconoce.mx"],"url":"https:\/\/www.reconoce.mx\/?author=2"}]}},"_links":{"self":[{"href":"https:\/\/www.reconoce.mx\/index.php?rest_route=\/wp\/v2\/posts\/80096","targetHints":{"allow":["GET"]}}],"collection":[{"href":"https:\/\/www.reconoce.mx\/index.php?rest_route=\/wp\/v2\/posts"}],"about":[{"href":"https:\/\/www.reconoce.mx\/index.php?rest_route=\/wp\/v2\/types\/post"}],"author":[{"embeddable":true,"href":"https:\/\/www.reconoce.mx\/index.php?rest_route=\/wp\/v2\/users\/2"}],"replies":[{"embeddable":true,"href":"https:\/\/www.reconoce.mx\/index.php?rest_route=%2Fwp%2Fv2%2Fcomments&post=80096"}],"version-history":[{"count":1,"href":"https:\/\/www.reconoce.mx\/index.php?rest_route=\/wp\/v2\/posts\/80096\/revisions"}],"predecessor-version":[{"id":80101,"href":"https:\/\/www.reconoce.mx\/index.php?rest_route=\/wp\/v2\/posts\/80096\/revisions\/80101"}],"wp:featuredmedia":[{"embeddable":true,"href":"https:\/\/www.reconoce.mx\/index.php?rest_route=\/wp\/v2\/media\/80100"}],"wp:attachment":[{"href":"https:\/\/www.reconoce.mx\/index.php?rest_route=%2Fwp%2Fv2%2Fmedia&parent=80096"}],"wp:term":[{"taxonomy":"category","embeddable":true,"href":"https:\/\/www.reconoce.mx\/index.php?rest_route=%2Fwp%2Fv2%2Fcategories&post=80096"},{"taxonomy":"post_tag","embeddable":true,"href":"https:\/\/www.reconoce.mx\/index.php?rest_route=%2Fwp%2Fv2%2Ftags&post=80096"}],"curies":[{"name":"wp","href":"https:\/\/api.w.org\/{rel}","templated":true}]}}