{"id":80102,"date":"2019-01-19T00:01:36","date_gmt":"2019-01-19T06:01:36","guid":{"rendered":"http:\/\/www.reconoce.mx\/?p=80102"},"modified":"2019-01-19T10:43:25","modified_gmt":"2019-01-19T16:43:25","slug":"festivalciudadania2019-regresara-para-seguir-reflexionando-el-19s","status":"publish","type":"post","link":"https:\/\/www.reconoce.mx\/?p=80102","title":{"rendered":"#FestivalCIUDADAn\u00eda2019 regresar\u00e1 para seguir reflexionando el #19s"},"content":{"rendered":"<p><strong>Por\u00a0<a title=\"@enriquefa86\" href=\"https:\/\/twitter.com\/enriquefa86\" target=\"_blank\" rel=\"noopener noreferrer\">Enrique Figueroa Anaya<\/a>.<\/strong><\/p>\n<p>A 16 meses del <a href=\"http:\/\/www.reconoce.mx\/category\/ciudad\/sismo-19-s\/\" target=\"_blank\" rel=\"noopener\">sismo del 19 de septiembre de 2017<\/a>, la reconstrucci\u00f3n en Ciudad de M\u00e9xico sigue sin ser visible. Con un cambio en las administraciones federal y local para la reconstrucci\u00f3n, el proceso se reorganiza, por lo que seguir teni\u00e9ndolo visible contin\u00faa siendo una obligaci\u00f3n inmediata.<\/p>\n<p><a href=\"http:\/\/www.reconoce.mx\/wp-content\/uploads\/2019\/01\/unnamed-1.jpg\"><img loading=\"lazy\" decoding=\"async\" class=\"aligncenter size-full wp-image-80106\" src=\"http:\/\/www.reconoce.mx\/wp-content\/uploads\/2019\/01\/unnamed-1.jpg\" alt=\"\" width=\"534\" height=\"356\" srcset=\"https:\/\/www.reconoce.mx\/wp-content\/uploads\/2019\/01\/unnamed-1.jpg 534w, https:\/\/www.reconoce.mx\/wp-content\/uploads\/2019\/01\/unnamed-1-300x200.jpg 300w, https:\/\/www.reconoce.mx\/wp-content\/uploads\/2019\/01\/unnamed-1-150x100.jpg 150w\" sizes=\"auto, (max-width: 534px) 100vw, 534px\" \/><\/a><\/p>\n<p>El colectivo <strong>CIUDADan\u00eda19s<\/strong> regresar\u00e1 el<strong> Festival de la CIUDADan\u00eda19s<\/strong> los d\u00edas 9, 10 y 11 de marzo de 2019, para volver as\u00ed a reunir la energ\u00eda c\u00edvica generada tras el #19s. La segunda edici\u00f3n, despu\u00e9s de la primera exitosa del a\u00f1o pasado, volver\u00e1 a presentar herramientas para hacer una ciudad m\u00e1s justa, incluyente y segura. Las herramientas son resultado de meses en los que organizaciones, colectivos, activistas y vecinos han generado y compartido conocimiento t\u00e9cnico que resulta fundamental frente a la incertidumbre y la falta de informaci\u00f3n.<\/p>\n<p>Ahora como integrantes de la <strong>Subcomisi\u00f3n de Transparencia de la nueva Comisi\u00f3n para la Reconstrucci\u00f3n<\/strong> -de manera honor\u00edfica y sin ninguna retribuci\u00f3n econ\u00f3mica-, el colectivo <strong>CIUDADan\u00eda19s<\/strong> buscar\u00e1 presentar a la ciudadan\u00eda el ecosistema de la capital, la apropiaci\u00f3n ciudadana del #AtlasdeRiesgoYA, los mapas y la informaci\u00f3n en datos abiertos, el acceso a la justicia y las responsabilidad, as\u00ed como la memoria y las humanidades en acci\u00f3n, entre otros.<\/p>\n<p>El <strong>Festival de la CIUDADan\u00eda19s 2019<\/strong> se realizar\u00e1 en la <strong>Universidad de la Comunicaci\u00f3n<\/strong> (Zacatecas 120, Colonia Roma), los d\u00edas 9, 10 y 11 de marzo; el registro se puede hacer ya en l\u00ednea <a href=\"https:\/\/www.rutacivica.org\/civicrm\/?page=CiviCRM&amp;q=civicrm\/event\/register&amp;reset=1&amp;id=67\" target=\"_blank\" rel=\"noopener\">en esta liga<\/a>. <strong>CIUDADan\u00eda19s<\/strong> contin\u00faa con su actividad en su sitio oficial, as\u00ed como en <a href=\"https:\/\/www.facebook.com\/ciudadania19s\/\" target=\"_blank\" rel=\"noopener\">Facebook<\/a> y <a href=\"https:\/\/twitter.com\/CIUDADania19s\" target=\"_blank\" rel=\"noopener\">Twitter<\/a>. Todos podemos ayudar.<\/p>\n<p style=\"text-align: right;\">Fotograf\u00eda de interior:<strong> Annick Donkers<\/strong>.<br \/>\nCon informaci\u00f3n e im\u00e1genes cortes\u00eda de <strong>Ruta C\u00edvica &gt; CIUDADan\u00eda19S<\/strong>.<\/p>\n<p>&nbsp;<\/p>\n<p>&nbsp;<\/p>\n","protected":false},"excerpt":{"rendered":"<p>A 16 meses del sismo del 19 de septiembre de 2017, la reconstrucci\u00f3n en Ciudad de M\u00e9xico sigue sin ser visible. Con un cambio en las administraciones federal y local para la reconstrucci\u00f3n, el proceso se reorganiza, por lo que seguir teni\u00e9ndolo visible contin\u00faa siendo una obligaci\u00f3n inmediata.<\/p>\n","protected":false},"author":2,"featured_media":80105,"comment_status":"open","ping_status":"open","sticky":false,"template":"","format":"standard","meta":{"footnotes":""},"categories":[3,17,2663],"tags":[],"class_list":["post-80102","post","type-post","status-publish","format-standard","has-post-thumbnail","hentry","category-ciudad","category-principal","category-sismo-19-s"],"yoast_head":"<!-- This site is optimized with the Yoast SEO plugin v24.7 - https:\/\/yoast.com\/wordpress\/plugins\/seo\/ -->\n<title>#FestivalCIUDADAn\u00eda2019 regresar\u00e1 para seguir reflexionando el #19s &#171; Reconoce MX<\/title>\n<meta name=\"robots\" content=\"index, follow, max-snippet:-1, max-image-preview:large, max-video-preview:-1\" \/>\n<link rel=\"canonical\" href=\"http:\/\/www.reconoce.mx\/?p=80102\" \/>\n<meta property=\"og:locale\" content=\"es_ES\" \/>\n<meta property=\"og:type\" content=\"article\" \/>\n<meta property=\"og:title\" content=\"#FestivalCIUDADAn\u00eda2019 regresar\u00e1 para seguir reflexionando el #19s &#171; Reconoce MX\" \/>\n<meta property=\"og:description\" content=\"A 16 meses del sismo del 19 de septiembre de 2017, la reconstrucci\u00f3n en Ciudad de M\u00e9xico sigue sin ser visible. Con un cambio en las administraciones federal y local para la reconstrucci\u00f3n, el proceso se reorganiza, por lo que seguir teni\u00e9ndolo visible contin\u00faa siendo una obligaci\u00f3n inmediata.\" \/>\n<meta property=\"og:url\" content=\"http:\/\/www.reconoce.mx\/?p=80102\" \/>\n<meta property=\"og:site_name\" content=\"Reconoce MX\" \/>\n<meta property=\"article:publisher\" content=\"https:\/\/es-la.facebook.com\/ReconoceMX\/\" \/>\n<meta property=\"article:published_time\" content=\"2019-01-19T06:01:36+00:00\" \/>\n<meta property=\"article:modified_time\" content=\"2019-01-19T16:43:25+00:00\" \/>\n<meta property=\"og:image\" content=\"http:\/\/www.reconoce.mx\/wp-content\/uploads\/2019\/01\/festivalciudadania2019.jpg\" \/>\n\t<meta property=\"og:image:width\" content=\"590\" \/>\n\t<meta property=\"og:image:height\" content=\"380\" \/>\n\t<meta property=\"og:image:type\" content=\"image\/jpeg\" \/>\n<meta name=\"author\" content=\"Reconoce MX\" \/>\n<meta name=\"twitter:card\" content=\"summary_large_image\" \/>\n<meta name=\"twitter:creator\" content=\"@reconocemx\" \/>\n<meta name=\"twitter:site\" content=\"@reconocemx\" \/>\n<meta name=\"twitter:label1\" content=\"Escrito por\" \/>\n\t<meta name=\"twitter:data1\" content=\"Reconoce MX\" \/>\n\t<meta name=\"twitter:label2\" content=\"Tiempo de lectura\" \/>\n\t<meta name=\"twitter:data2\" content=\"2 minutos\" \/>\n<script type=\"application\/ld+json\" class=\"yoast-schema-graph\">{\"@context\":\"https:\/\/schema.org\",\"@graph\":[{\"@type\":\"Article\",\"@id\":\"http:\/\/www.reconoce.mx\/?p=80102#article\",\"isPartOf\":{\"@id\":\"http:\/\/www.reconoce.mx\/?p=80102\"},\"author\":{\"name\":\"Reconoce MX\",\"@id\":\"http:\/\/www.reconoce.mx\/#\/schema\/person\/2117e997d7051dc15d6880eaf9bca0b2\"},\"headline\":\"#FestivalCIUDADAn\u00eda2019 regresar\u00e1 para seguir reflexionando el #19s\",\"datePublished\":\"2019-01-19T06:01:36+00:00\",\"dateModified\":\"2019-01-19T16:43:25+00:00\",\"mainEntityOfPage\":{\"@id\":\"http:\/\/www.reconoce.mx\/?p=80102\"},\"wordCount\":321,\"commentCount\":0,\"publisher\":{\"@id\":\"http:\/\/www.reconoce.mx\/#organization\"},\"image\":{\"@id\":\"http:\/\/www.reconoce.mx\/?p=80102#primaryimage\"},\"thumbnailUrl\":\"https:\/\/www.reconoce.mx\/wp-content\/uploads\/2019\/01\/festivalciudadania2019.jpg\",\"articleSection\":[\"Ciudad\",\"Principal\",\"Sismo 19-S\"],\"inLanguage\":\"es\",\"potentialAction\":[{\"@type\":\"CommentAction\",\"name\":\"Comment\",\"target\":[\"http:\/\/www.reconoce.mx\/?p=80102#respond\"]}]},{\"@type\":\"WebPage\",\"@id\":\"http:\/\/www.reconoce.mx\/?p=80102\",\"url\":\"http:\/\/www.reconoce.mx\/?p=80102\",\"name\":\"#FestivalCIUDADAn\u00eda2019 regresar\u00e1 para seguir reflexionando el #19s &#171; Reconoce MX\",\"isPartOf\":{\"@id\":\"http:\/\/www.reconoce.mx\/#website\"},\"primaryImageOfPage\":{\"@id\":\"http:\/\/www.reconoce.mx\/?p=80102#primaryimage\"},\"image\":{\"@id\":\"http:\/\/www.reconoce.mx\/?p=80102#primaryimage\"},\"thumbnailUrl\":\"https:\/\/www.reconoce.mx\/wp-content\/uploads\/2019\/01\/festivalciudadania2019.jpg\",\"datePublished\":\"2019-01-19T06:01:36+00:00\",\"dateModified\":\"2019-01-19T16:43:25+00:00\",\"breadcrumb\":{\"@id\":\"http:\/\/www.reconoce.mx\/?p=80102#breadcrumb\"},\"inLanguage\":\"es\",\"potentialAction\":[{\"@type\":\"ReadAction\",\"target\":[\"http:\/\/www.reconoce.mx\/?p=80102\"]}]},{\"@type\":\"ImageObject\",\"inLanguage\":\"es\",\"@id\":\"http:\/\/www.reconoce.mx\/?p=80102#primaryimage\",\"url\":\"https:\/\/www.reconoce.mx\/wp-content\/uploads\/2019\/01\/festivalciudadania2019.jpg\",\"contentUrl\":\"https:\/\/www.reconoce.mx\/wp-content\/uploads\/2019\/01\/festivalciudadania2019.jpg\",\"width\":590,\"height\":380},{\"@type\":\"BreadcrumbList\",\"@id\":\"http:\/\/www.reconoce.mx\/?p=80102#breadcrumb\",\"itemListElement\":[{\"@type\":\"ListItem\",\"position\":1,\"name\":\"Portada\",\"item\":\"http:\/\/www.reconoce.mx\/\"},{\"@type\":\"ListItem\",\"position\":2,\"name\":\"#FestivalCIUDADAn\u00eda2019 regresar\u00e1 para seguir reflexionando el #19s\"}]},{\"@type\":\"WebSite\",\"@id\":\"http:\/\/www.reconoce.mx\/#website\",\"url\":\"http:\/\/www.reconoce.mx\/\",\"name\":\"Reconoce MX\",\"description\":\"En Reconoce MX difundimos arte, cultura y conciencia social en M\u00e9xico. Tu ciudad en otra perspectiva.\",\"publisher\":{\"@id\":\"http:\/\/www.reconoce.mx\/#organization\"},\"potentialAction\":[{\"@type\":\"SearchAction\",\"target\":{\"@type\":\"EntryPoint\",\"urlTemplate\":\"http:\/\/www.reconoce.mx\/?s={search_term_string}\"},\"query-input\":{\"@type\":\"PropertyValueSpecification\",\"valueRequired\":true,\"valueName\":\"search_term_string\"}}],\"inLanguage\":\"es\"},{\"@type\":\"Organization\",\"@id\":\"http:\/\/www.reconoce.mx\/#organization\",\"name\":\"Reconoce MX\",\"url\":\"http:\/\/www.reconoce.mx\/\",\"logo\":{\"@type\":\"ImageObject\",\"inLanguage\":\"es\",\"@id\":\"http:\/\/www.reconoce.mx\/#\/schema\/logo\/image\/\",\"url\":\"https:\/\/www.reconoce.mx\/wp-content\/uploads\/2019\/03\/logorcmx-good-1.png\",\"contentUrl\":\"https:\/\/www.reconoce.mx\/wp-content\/uploads\/2019\/03\/logorcmx-good-1.png\",\"width\":280,\"height\":90,\"caption\":\"Reconoce MX\"},\"image\":{\"@id\":\"http:\/\/www.reconoce.mx\/#\/schema\/logo\/image\/\"},\"sameAs\":[\"https:\/\/es-la.facebook.com\/ReconoceMX\/\",\"https:\/\/x.com\/reconocemx\",\"http:\/\/@reconocemx\"]},{\"@type\":\"Person\",\"@id\":\"http:\/\/www.reconoce.mx\/#\/schema\/person\/2117e997d7051dc15d6880eaf9bca0b2\",\"name\":\"Reconoce MX\",\"image\":{\"@type\":\"ImageObject\",\"inLanguage\":\"es\",\"@id\":\"http:\/\/www.reconoce.mx\/#\/schema\/person\/image\/\",\"url\":\"https:\/\/secure.gravatar.com\/avatar\/6c8d4dc7569ca1c90c5fdcc349f839d5ddef6fe1e70b4337ead2ef1a4c43fc3a?s=96&d=identicon&r=g\",\"contentUrl\":\"https:\/\/secure.gravatar.com\/avatar\/6c8d4dc7569ca1c90c5fdcc349f839d5ddef6fe1e70b4337ead2ef1a4c43fc3a?s=96&d=identicon&r=g\",\"caption\":\"Reconoce MX\"},\"description\":\"Reconoce MX es un proyecto de difusi\u00f3n art\u00edstica, cultural y de conciencia social que est\u00e1 enfocado a difundir y fomentar el entretenimiento alternativo de calidad para todo el p\u00fablico que comparta el mismo entusiasmo.\",\"sameAs\":[\"http:\/\/www.reconoce.mx\"],\"url\":\"https:\/\/www.reconoce.mx\/?author=2\"}]}<\/script>\n<!-- \/ Yoast SEO plugin. -->","yoast_head_json":{"title":"#FestivalCIUDADAn\u00eda2019 regresar\u00e1 para seguir reflexionando el #19s &#171; Reconoce MX","robots":{"index":"index","follow":"follow","max-snippet":"max-snippet:-1","max-image-preview":"max-image-preview:large","max-video-preview":"max-video-preview:-1"},"canonical":"http:\/\/www.reconoce.mx\/?p=80102","og_locale":"es_ES","og_type":"article","og_title":"#FestivalCIUDADAn\u00eda2019 regresar\u00e1 para seguir reflexionando el #19s &#171; Reconoce MX","og_description":"A 16 meses del sismo del 19 de septiembre de 2017, la reconstrucci\u00f3n en Ciudad de M\u00e9xico sigue sin ser visible. Con un cambio en las administraciones federal y local para la reconstrucci\u00f3n, el proceso se reorganiza, por lo que seguir teni\u00e9ndolo visible contin\u00faa siendo una obligaci\u00f3n inmediata.","og_url":"http:\/\/www.reconoce.mx\/?p=80102","og_site_name":"Reconoce MX","article_publisher":"https:\/\/es-la.facebook.com\/ReconoceMX\/","article_published_time":"2019-01-19T06:01:36+00:00","article_modified_time":"2019-01-19T16:43:25+00:00","og_image":[{"width":590,"height":380,"url":"http:\/\/www.reconoce.mx\/wp-content\/uploads\/2019\/01\/festivalciudadania2019.jpg","type":"image\/jpeg"}],"author":"Reconoce MX","twitter_card":"summary_large_image","twitter_creator":"@reconocemx","twitter_site":"@reconocemx","twitter_misc":{"Escrito por":"Reconoce MX","Tiempo de lectura":"2 minutos"},"schema":{"@context":"https:\/\/schema.org","@graph":[{"@type":"Article","@id":"http:\/\/www.reconoce.mx\/?p=80102#article","isPartOf":{"@id":"http:\/\/www.reconoce.mx\/?p=80102"},"author":{"name":"Reconoce MX","@id":"http:\/\/www.reconoce.mx\/#\/schema\/person\/2117e997d7051dc15d6880eaf9bca0b2"},"headline":"#FestivalCIUDADAn\u00eda2019 regresar\u00e1 para seguir reflexionando el #19s","datePublished":"2019-01-19T06:01:36+00:00","dateModified":"2019-01-19T16:43:25+00:00","mainEntityOfPage":{"@id":"http:\/\/www.reconoce.mx\/?p=80102"},"wordCount":321,"commentCount":0,"publisher":{"@id":"http:\/\/www.reconoce.mx\/#organization"},"image":{"@id":"http:\/\/www.reconoce.mx\/?p=80102#primaryimage"},"thumbnailUrl":"https:\/\/www.reconoce.mx\/wp-content\/uploads\/2019\/01\/festivalciudadania2019.jpg","articleSection":["Ciudad","Principal","Sismo 19-S"],"inLanguage":"es","potentialAction":[{"@type":"CommentAction","name":"Comment","target":["http:\/\/www.reconoce.mx\/?p=80102#respond"]}]},{"@type":"WebPage","@id":"http:\/\/www.reconoce.mx\/?p=80102","url":"http:\/\/www.reconoce.mx\/?p=80102","name":"#FestivalCIUDADAn\u00eda2019 regresar\u00e1 para seguir reflexionando el #19s &#171; Reconoce MX","isPartOf":{"@id":"http:\/\/www.reconoce.mx\/#website"},"primaryImageOfPage":{"@id":"http:\/\/www.reconoce.mx\/?p=80102#primaryimage"},"image":{"@id":"http:\/\/www.reconoce.mx\/?p=80102#primaryimage"},"thumbnailUrl":"https:\/\/www.reconoce.mx\/wp-content\/uploads\/2019\/01\/festivalciudadania2019.jpg","datePublished":"2019-01-19T06:01:36+00:00","dateModified":"2019-01-19T16:43:25+00:00","breadcrumb":{"@id":"http:\/\/www.reconoce.mx\/?p=80102#breadcrumb"},"inLanguage":"es","potentialAction":[{"@type":"ReadAction","target":["http:\/\/www.reconoce.mx\/?p=80102"]}]},{"@type":"ImageObject","inLanguage":"es","@id":"http:\/\/www.reconoce.mx\/?p=80102#primaryimage","url":"https:\/\/www.reconoce.mx\/wp-content\/uploads\/2019\/01\/festivalciudadania2019.jpg","contentUrl":"https:\/\/www.reconoce.mx\/wp-content\/uploads\/2019\/01\/festivalciudadania2019.jpg","width":590,"height":380},{"@type":"BreadcrumbList","@id":"http:\/\/www.reconoce.mx\/?p=80102#breadcrumb","itemListElement":[{"@type":"ListItem","position":1,"name":"Portada","item":"http:\/\/www.reconoce.mx\/"},{"@type":"ListItem","position":2,"name":"#FestivalCIUDADAn\u00eda2019 regresar\u00e1 para seguir reflexionando el #19s"}]},{"@type":"WebSite","@id":"http:\/\/www.reconoce.mx\/#website","url":"http:\/\/www.reconoce.mx\/","name":"Reconoce MX","description":"En Reconoce MX difundimos arte, cultura y conciencia social en M\u00e9xico. Tu ciudad en otra perspectiva.","publisher":{"@id":"http:\/\/www.reconoce.mx\/#organization"},"potentialAction":[{"@type":"SearchAction","target":{"@type":"EntryPoint","urlTemplate":"http:\/\/www.reconoce.mx\/?s={search_term_string}"},"query-input":{"@type":"PropertyValueSpecification","valueRequired":true,"valueName":"search_term_string"}}],"inLanguage":"es"},{"@type":"Organization","@id":"http:\/\/www.reconoce.mx\/#organization","name":"Reconoce MX","url":"http:\/\/www.reconoce.mx\/","logo":{"@type":"ImageObject","inLanguage":"es","@id":"http:\/\/www.reconoce.mx\/#\/schema\/logo\/image\/","url":"https:\/\/www.reconoce.mx\/wp-content\/uploads\/2019\/03\/logorcmx-good-1.png","contentUrl":"https:\/\/www.reconoce.mx\/wp-content\/uploads\/2019\/03\/logorcmx-good-1.png","width":280,"height":90,"caption":"Reconoce MX"},"image":{"@id":"http:\/\/www.reconoce.mx\/#\/schema\/logo\/image\/"},"sameAs":["https:\/\/es-la.facebook.com\/ReconoceMX\/","https:\/\/x.com\/reconocemx","http:\/\/@reconocemx"]},{"@type":"Person","@id":"http:\/\/www.reconoce.mx\/#\/schema\/person\/2117e997d7051dc15d6880eaf9bca0b2","name":"Reconoce MX","image":{"@type":"ImageObject","inLanguage":"es","@id":"http:\/\/www.reconoce.mx\/#\/schema\/person\/image\/","url":"https:\/\/secure.gravatar.com\/avatar\/6c8d4dc7569ca1c90c5fdcc349f839d5ddef6fe1e70b4337ead2ef1a4c43fc3a?s=96&d=identicon&r=g","contentUrl":"https:\/\/secure.gravatar.com\/avatar\/6c8d4dc7569ca1c90c5fdcc349f839d5ddef6fe1e70b4337ead2ef1a4c43fc3a?s=96&d=identicon&r=g","caption":"Reconoce MX"},"description":"Reconoce MX es un proyecto de difusi\u00f3n art\u00edstica, cultural y de conciencia social que est\u00e1 enfocado a difundir y fomentar el entretenimiento alternativo de calidad para todo el p\u00fablico que comparta el mismo entusiasmo.","sameAs":["http:\/\/www.reconoce.mx"],"url":"https:\/\/www.reconoce.mx\/?author=2"}]}},"_links":{"self":[{"href":"https:\/\/www.reconoce.mx\/index.php?rest_route=\/wp\/v2\/posts\/80102","targetHints":{"allow":["GET"]}}],"collection":[{"href":"https:\/\/www.reconoce.mx\/index.php?rest_route=\/wp\/v2\/posts"}],"about":[{"href":"https:\/\/www.reconoce.mx\/index.php?rest_route=\/wp\/v2\/types\/post"}],"author":[{"embeddable":true,"href":"https:\/\/www.reconoce.mx\/index.php?rest_route=\/wp\/v2\/users\/2"}],"replies":[{"embeddable":true,"href":"https:\/\/www.reconoce.mx\/index.php?rest_route=%2Fwp%2Fv2%2Fcomments&post=80102"}],"version-history":[{"count":2,"href":"https:\/\/www.reconoce.mx\/index.php?rest_route=\/wp\/v2\/posts\/80102\/revisions"}],"predecessor-version":[{"id":80108,"href":"https:\/\/www.reconoce.mx\/index.php?rest_route=\/wp\/v2\/posts\/80102\/revisions\/80108"}],"wp:featuredmedia":[{"embeddable":true,"href":"https:\/\/www.reconoce.mx\/index.php?rest_route=\/wp\/v2\/media\/80105"}],"wp:attachment":[{"href":"https:\/\/www.reconoce.mx\/index.php?rest_route=%2Fwp%2Fv2%2Fmedia&parent=80102"}],"wp:term":[{"taxonomy":"category","embeddable":true,"href":"https:\/\/www.reconoce.mx\/index.php?rest_route=%2Fwp%2Fv2%2Fcategories&post=80102"},{"taxonomy":"post_tag","embeddable":true,"href":"https:\/\/www.reconoce.mx\/index.php?rest_route=%2Fwp%2Fv2%2Ftags&post=80102"}],"curies":[{"name":"wp","href":"https:\/\/api.w.org\/{rel}","templated":true}]}}