{"id":81290,"date":"2019-02-27T00:02:57","date_gmt":"2019-02-27T06:02:57","guid":{"rendered":"http:\/\/www.reconoce.mx\/?p=81290"},"modified":"2019-02-27T07:29:27","modified_gmt":"2019-02-27T13:29:27","slug":"nuestra-experiencia-en-la-isla-tzibanza-cadereyta-de-montes","status":"publish","type":"post","link":"https:\/\/www.reconoce.mx\/?p=81290","title":{"rendered":"Nuestra experiencia en la Isla Tzibanza \/ Cadereyta de Montes"},"content":{"rendered":"<p><a href=\"https:\/\/www.facebook.com\/undiacondya\/?fref=nf\" target=\"_blank\" rel=\"noopener noreferrer\"><img loading=\"lazy\" decoding=\"async\" class=\"aligncenter size-full wp-image-38360\" src=\"http:\/\/www.reconoce.mx\/wp-content\/uploads\/2016\/12\/Banner-Dya.png\" alt=\"Martes\" width=\"550\" height=\"70\" \/><\/a><strong><br \/>\nRedacci\u00f3n Reconoce MX<\/strong>.<\/p>\n<p>Como saben, quienes nos leen de manera continua, en <strong>Reconoce MX<\/strong> todas las voces tienen cabida; y sobre todo, nuestros colaboradores. Este es el caso de Diana y Aar\u00f3n, dos recurrentes en nuestras coberturas de conciertos y festivales, quienes se lanzan a esta nueva aventura en video donde de manera regular nos compartir\u00e1n su d\u00eda en alg\u00fan punto de la capital mexicana. Ojo\u2026 todo lo que visitan, comen o compran, se antoja y mucho.<\/p>\n<style>.embed-container { position: relative; padding-bottom: 56.25%; height: 0; overflow: hidden; max-width: 100%; } .embed-container iframe, .embed-container object, .embed-container embed { position: absolute; top: 0; left: 0; width: 100%; height: 100%; }<\/style>\n<div class='embed-container'><iframe src='https:\/\/www.youtube.com\/embed\/jhVQrcOA7LI' frameborder='0' allowfullscreen><\/iframe><\/div>\n<p>&nbsp;<\/p>\n<p><strong>SINOPSIS<\/strong>: Quer\u00e9taro est\u00e1 ubicado en la regi\u00f3n centronorte del pa\u00eds limitando al norte con Guanajuato y San Luis Potos\u00ed, al sur con Hidalgo y Estado de M\u00e9xico y al oeste con Michoac\u00e1n. La isla se encuentra dentro del municipio de Cadereyta que se localiza al este del estado. Limita al sur con Ezequiel Montes, al norte con San Joaqu\u00edn, Pinal y Pe\u00f1amiller, al oeste con Col\u00f3n y al este con el estado de Hidalgo. Est\u00e1 a una altura promedio de 2000 msnm y tiene una extensi\u00f3n territorial de 1131 km\u00b2. La mitad norte la ocupa la Sierra Gorda y la mitad sur la llanura.<\/p>\n<p>\u00bfCon ganas de seguir m\u00e1s de Diana y Aar\u00f3n? \u00a1Atento que quieren compartir contigo los mejores momentos de sus d\u00edas! S\u00edguelos en <a href=\"https:\/\/www.facebook.com\/undiacondya\/\" target=\"_blank\" rel=\"noopener noreferrer\">Facebook<\/a> e <a href=\"https:\/\/www.instagram.com\/undiacondyaMX\" target=\"_blank\" rel=\"noopener noreferrer\">Instagram<\/a>, y no dejes de suscribirte a su canal en <a href=\"https:\/\/www.youtube.com\/channel\/UCx7L-qV2r_7gtMMqmUGK4fA\/featured\" target=\"_blank\" rel=\"noopener noreferrer\">YouTube<\/a>.<\/p>\n<p>S\u00ed, se aceptan recomendaciones para un siguiente video, \u00a1as\u00ed que adelante!<\/p>\n<blockquote><p><a href=\"http:\/\/www.reconoce.mx\/wp-content\/uploads\/2016\/12\/undiacondya-photo-e1481688554830.png\" rel=\"lightbox[76550]\"><img loading=\"lazy\" decoding=\"async\" class=\"alignleft size-thumbnail wp-image-39872\" src=\"http:\/\/www.reconoce.mx\/wp-content\/uploads\/2016\/12\/undiacondya-photo-e1481688554830.png\" alt=\"IMG_5743\" width=\"150\" height=\"150\" \/><\/a><strong>Un d\u00eda con D y A<\/strong>. Diana y Aar\u00f3n quieren compartir los mejores momentos de sus d\u00edas. Nos gusta la comida y visitar lugares nuevos. Creemos que una imagen dice m\u00e1s que mil palabra.<\/p><\/blockquote>\n<p>&nbsp;<\/p>\n<p>&nbsp;<\/p>\n","protected":false},"excerpt":{"rendered":"<p>Quer\u00e9taro est\u00e1 ubicado en la regi\u00f3n centronorte del pa\u00eds limitando al norte con Guanajuato y San Luis Potos\u00ed, al sur con Hidalgo y Estado de M\u00e9xico y al oeste con Michoac\u00e1n.<\/p>\n","protected":false},"author":2,"featured_media":81293,"comment_status":"open","ping_status":"open","sticky":false,"template":"","format":"standard","meta":{"footnotes":""},"categories":[16,17,2654],"tags":[],"class_list":["post-81290","post","type-post","status-publish","format-standard","has-post-thumbnail","hentry","category-columnistas","category-principal","category-un-dia-con-d-y-a"],"yoast_head":"<!-- This site is optimized with the Yoast SEO plugin v24.7 - https:\/\/yoast.com\/wordpress\/plugins\/seo\/ -->\n<title>Nuestra experiencia en la Isla Tzibanza \/ Cadereyta de Montes &#171; Reconoce MX<\/title>\n<meta name=\"robots\" content=\"index, follow, max-snippet:-1, max-image-preview:large, max-video-preview:-1\" \/>\n<link rel=\"canonical\" href=\"https:\/\/www.reconoce.mx\/?p=81290\" \/>\n<meta property=\"og:locale\" content=\"es_ES\" \/>\n<meta property=\"og:type\" content=\"article\" \/>\n<meta property=\"og:title\" content=\"Nuestra experiencia en la Isla Tzibanza \/ Cadereyta de Montes &#171; Reconoce MX\" \/>\n<meta property=\"og:description\" content=\"Quer\u00e9taro est\u00e1 ubicado en la regi\u00f3n centronorte del pa\u00eds limitando al norte con Guanajuato y San Luis Potos\u00ed, al sur con Hidalgo y Estado de M\u00e9xico y al oeste con Michoac\u00e1n.\" \/>\n<meta property=\"og:url\" content=\"https:\/\/www.reconoce.mx\/?p=81290\" \/>\n<meta property=\"og:site_name\" content=\"Reconoce MX\" \/>\n<meta property=\"article:publisher\" content=\"https:\/\/es-la.facebook.com\/ReconoceMX\/\" \/>\n<meta property=\"article:published_time\" content=\"2019-02-27T06:02:57+00:00\" \/>\n<meta property=\"article:modified_time\" content=\"2019-02-27T13:29:27+00:00\" \/>\n<meta property=\"og:image\" content=\"https:\/\/www.reconoce.mx\/wp-content\/uploads\/2019\/02\/un-dia-con-dya.jpg\" \/>\n\t<meta property=\"og:image:width\" content=\"590\" \/>\n\t<meta property=\"og:image:height\" content=\"380\" \/>\n\t<meta property=\"og:image:type\" content=\"image\/jpeg\" \/>\n<meta name=\"author\" content=\"Reconoce MX\" \/>\n<meta name=\"twitter:card\" content=\"summary_large_image\" \/>\n<meta name=\"twitter:creator\" content=\"@reconocemx\" \/>\n<meta name=\"twitter:site\" content=\"@reconocemx\" \/>\n<meta name=\"twitter:label1\" content=\"Escrito por\" \/>\n\t<meta name=\"twitter:data1\" content=\"Reconoce MX\" \/>\n\t<meta name=\"twitter:label2\" content=\"Tiempo de lectura\" \/>\n\t<meta name=\"twitter:data2\" content=\"1 minuto\" \/>\n<script type=\"application\/ld+json\" class=\"yoast-schema-graph\">{\"@context\":\"https:\/\/schema.org\",\"@graph\":[{\"@type\":\"Article\",\"@id\":\"https:\/\/www.reconoce.mx\/?p=81290#article\",\"isPartOf\":{\"@id\":\"https:\/\/www.reconoce.mx\/?p=81290\"},\"author\":{\"name\":\"Reconoce MX\",\"@id\":\"http:\/\/www.reconoce.mx\/#\/schema\/person\/2117e997d7051dc15d6880eaf9bca0b2\"},\"headline\":\"Nuestra experiencia en la Isla Tzibanza \/ Cadereyta de Montes\",\"datePublished\":\"2019-02-27T06:02:57+00:00\",\"dateModified\":\"2019-02-27T13:29:27+00:00\",\"mainEntityOfPage\":{\"@id\":\"https:\/\/www.reconoce.mx\/?p=81290\"},\"wordCount\":293,\"commentCount\":0,\"publisher\":{\"@id\":\"http:\/\/www.reconoce.mx\/#organization\"},\"image\":{\"@id\":\"https:\/\/www.reconoce.mx\/?p=81290#primaryimage\"},\"thumbnailUrl\":\"https:\/\/www.reconoce.mx\/wp-content\/uploads\/2019\/02\/un-dia-con-dya.jpg\",\"articleSection\":[\"Columnistas\",\"Principal\",\"Un d\u00eda con D y A\"],\"inLanguage\":\"es\",\"potentialAction\":[{\"@type\":\"CommentAction\",\"name\":\"Comment\",\"target\":[\"https:\/\/www.reconoce.mx\/?p=81290#respond\"]}]},{\"@type\":\"WebPage\",\"@id\":\"https:\/\/www.reconoce.mx\/?p=81290\",\"url\":\"https:\/\/www.reconoce.mx\/?p=81290\",\"name\":\"Nuestra experiencia en la Isla Tzibanza \/ Cadereyta de Montes &#171; Reconoce MX\",\"isPartOf\":{\"@id\":\"http:\/\/www.reconoce.mx\/#website\"},\"primaryImageOfPage\":{\"@id\":\"https:\/\/www.reconoce.mx\/?p=81290#primaryimage\"},\"image\":{\"@id\":\"https:\/\/www.reconoce.mx\/?p=81290#primaryimage\"},\"thumbnailUrl\":\"https:\/\/www.reconoce.mx\/wp-content\/uploads\/2019\/02\/un-dia-con-dya.jpg\",\"datePublished\":\"2019-02-27T06:02:57+00:00\",\"dateModified\":\"2019-02-27T13:29:27+00:00\",\"breadcrumb\":{\"@id\":\"https:\/\/www.reconoce.mx\/?p=81290#breadcrumb\"},\"inLanguage\":\"es\",\"potentialAction\":[{\"@type\":\"ReadAction\",\"target\":[\"https:\/\/www.reconoce.mx\/?p=81290\"]}]},{\"@type\":\"ImageObject\",\"inLanguage\":\"es\",\"@id\":\"https:\/\/www.reconoce.mx\/?p=81290#primaryimage\",\"url\":\"https:\/\/www.reconoce.mx\/wp-content\/uploads\/2019\/02\/un-dia-con-dya.jpg\",\"contentUrl\":\"https:\/\/www.reconoce.mx\/wp-content\/uploads\/2019\/02\/un-dia-con-dya.jpg\",\"width\":590,\"height\":380},{\"@type\":\"BreadcrumbList\",\"@id\":\"https:\/\/www.reconoce.mx\/?p=81290#breadcrumb\",\"itemListElement\":[{\"@type\":\"ListItem\",\"position\":1,\"name\":\"Portada\",\"item\":\"http:\/\/www.reconoce.mx\/\"},{\"@type\":\"ListItem\",\"position\":2,\"name\":\"Nuestra experiencia en la Isla Tzibanza \/ Cadereyta de Montes\"}]},{\"@type\":\"WebSite\",\"@id\":\"http:\/\/www.reconoce.mx\/#website\",\"url\":\"http:\/\/www.reconoce.mx\/\",\"name\":\"Reconoce MX\",\"description\":\"En Reconoce MX difundimos arte, cultura y conciencia social en M\u00e9xico. Tu ciudad en otra perspectiva.\",\"publisher\":{\"@id\":\"http:\/\/www.reconoce.mx\/#organization\"},\"potentialAction\":[{\"@type\":\"SearchAction\",\"target\":{\"@type\":\"EntryPoint\",\"urlTemplate\":\"http:\/\/www.reconoce.mx\/?s={search_term_string}\"},\"query-input\":{\"@type\":\"PropertyValueSpecification\",\"valueRequired\":true,\"valueName\":\"search_term_string\"}}],\"inLanguage\":\"es\"},{\"@type\":\"Organization\",\"@id\":\"http:\/\/www.reconoce.mx\/#organization\",\"name\":\"Reconoce MX\",\"url\":\"http:\/\/www.reconoce.mx\/\",\"logo\":{\"@type\":\"ImageObject\",\"inLanguage\":\"es\",\"@id\":\"http:\/\/www.reconoce.mx\/#\/schema\/logo\/image\/\",\"url\":\"https:\/\/www.reconoce.mx\/wp-content\/uploads\/2019\/03\/logorcmx-good-1.png\",\"contentUrl\":\"https:\/\/www.reconoce.mx\/wp-content\/uploads\/2019\/03\/logorcmx-good-1.png\",\"width\":280,\"height\":90,\"caption\":\"Reconoce MX\"},\"image\":{\"@id\":\"http:\/\/www.reconoce.mx\/#\/schema\/logo\/image\/\"},\"sameAs\":[\"https:\/\/es-la.facebook.com\/ReconoceMX\/\",\"https:\/\/x.com\/reconocemx\",\"http:\/\/@reconocemx\"]},{\"@type\":\"Person\",\"@id\":\"http:\/\/www.reconoce.mx\/#\/schema\/person\/2117e997d7051dc15d6880eaf9bca0b2\",\"name\":\"Reconoce MX\",\"image\":{\"@type\":\"ImageObject\",\"inLanguage\":\"es\",\"@id\":\"http:\/\/www.reconoce.mx\/#\/schema\/person\/image\/\",\"url\":\"https:\/\/secure.gravatar.com\/avatar\/6c8d4dc7569ca1c90c5fdcc349f839d5ddef6fe1e70b4337ead2ef1a4c43fc3a?s=96&d=identicon&r=g\",\"contentUrl\":\"https:\/\/secure.gravatar.com\/avatar\/6c8d4dc7569ca1c90c5fdcc349f839d5ddef6fe1e70b4337ead2ef1a4c43fc3a?s=96&d=identicon&r=g\",\"caption\":\"Reconoce MX\"},\"description\":\"Reconoce MX es un proyecto de difusi\u00f3n art\u00edstica, cultural y de conciencia social que est\u00e1 enfocado a difundir y fomentar el entretenimiento alternativo de calidad para todo el p\u00fablico que comparta el mismo entusiasmo.\",\"sameAs\":[\"http:\/\/www.reconoce.mx\"],\"url\":\"https:\/\/www.reconoce.mx\/?author=2\"}]}<\/script>\n<!-- \/ Yoast SEO plugin. -->","yoast_head_json":{"title":"Nuestra experiencia en la Isla Tzibanza \/ Cadereyta de Montes &#171; Reconoce MX","robots":{"index":"index","follow":"follow","max-snippet":"max-snippet:-1","max-image-preview":"max-image-preview:large","max-video-preview":"max-video-preview:-1"},"canonical":"https:\/\/www.reconoce.mx\/?p=81290","og_locale":"es_ES","og_type":"article","og_title":"Nuestra experiencia en la Isla Tzibanza \/ Cadereyta de Montes &#171; Reconoce MX","og_description":"Quer\u00e9taro est\u00e1 ubicado en la regi\u00f3n centronorte del pa\u00eds limitando al norte con Guanajuato y San Luis Potos\u00ed, al sur con Hidalgo y Estado de M\u00e9xico y al oeste con Michoac\u00e1n.","og_url":"https:\/\/www.reconoce.mx\/?p=81290","og_site_name":"Reconoce MX","article_publisher":"https:\/\/es-la.facebook.com\/ReconoceMX\/","article_published_time":"2019-02-27T06:02:57+00:00","article_modified_time":"2019-02-27T13:29:27+00:00","og_image":[{"width":590,"height":380,"url":"https:\/\/www.reconoce.mx\/wp-content\/uploads\/2019\/02\/un-dia-con-dya.jpg","type":"image\/jpeg"}],"author":"Reconoce MX","twitter_card":"summary_large_image","twitter_creator":"@reconocemx","twitter_site":"@reconocemx","twitter_misc":{"Escrito por":"Reconoce MX","Tiempo de lectura":"1 minuto"},"schema":{"@context":"https:\/\/schema.org","@graph":[{"@type":"Article","@id":"https:\/\/www.reconoce.mx\/?p=81290#article","isPartOf":{"@id":"https:\/\/www.reconoce.mx\/?p=81290"},"author":{"name":"Reconoce MX","@id":"http:\/\/www.reconoce.mx\/#\/schema\/person\/2117e997d7051dc15d6880eaf9bca0b2"},"headline":"Nuestra experiencia en la Isla Tzibanza \/ Cadereyta de Montes","datePublished":"2019-02-27T06:02:57+00:00","dateModified":"2019-02-27T13:29:27+00:00","mainEntityOfPage":{"@id":"https:\/\/www.reconoce.mx\/?p=81290"},"wordCount":293,"commentCount":0,"publisher":{"@id":"http:\/\/www.reconoce.mx\/#organization"},"image":{"@id":"https:\/\/www.reconoce.mx\/?p=81290#primaryimage"},"thumbnailUrl":"https:\/\/www.reconoce.mx\/wp-content\/uploads\/2019\/02\/un-dia-con-dya.jpg","articleSection":["Columnistas","Principal","Un d\u00eda con D y A"],"inLanguage":"es","potentialAction":[{"@type":"CommentAction","name":"Comment","target":["https:\/\/www.reconoce.mx\/?p=81290#respond"]}]},{"@type":"WebPage","@id":"https:\/\/www.reconoce.mx\/?p=81290","url":"https:\/\/www.reconoce.mx\/?p=81290","name":"Nuestra experiencia en la Isla Tzibanza \/ Cadereyta de Montes &#171; Reconoce MX","isPartOf":{"@id":"http:\/\/www.reconoce.mx\/#website"},"primaryImageOfPage":{"@id":"https:\/\/www.reconoce.mx\/?p=81290#primaryimage"},"image":{"@id":"https:\/\/www.reconoce.mx\/?p=81290#primaryimage"},"thumbnailUrl":"https:\/\/www.reconoce.mx\/wp-content\/uploads\/2019\/02\/un-dia-con-dya.jpg","datePublished":"2019-02-27T06:02:57+00:00","dateModified":"2019-02-27T13:29:27+00:00","breadcrumb":{"@id":"https:\/\/www.reconoce.mx\/?p=81290#breadcrumb"},"inLanguage":"es","potentialAction":[{"@type":"ReadAction","target":["https:\/\/www.reconoce.mx\/?p=81290"]}]},{"@type":"ImageObject","inLanguage":"es","@id":"https:\/\/www.reconoce.mx\/?p=81290#primaryimage","url":"https:\/\/www.reconoce.mx\/wp-content\/uploads\/2019\/02\/un-dia-con-dya.jpg","contentUrl":"https:\/\/www.reconoce.mx\/wp-content\/uploads\/2019\/02\/un-dia-con-dya.jpg","width":590,"height":380},{"@type":"BreadcrumbList","@id":"https:\/\/www.reconoce.mx\/?p=81290#breadcrumb","itemListElement":[{"@type":"ListItem","position":1,"name":"Portada","item":"http:\/\/www.reconoce.mx\/"},{"@type":"ListItem","position":2,"name":"Nuestra experiencia en la Isla Tzibanza \/ Cadereyta de Montes"}]},{"@type":"WebSite","@id":"http:\/\/www.reconoce.mx\/#website","url":"http:\/\/www.reconoce.mx\/","name":"Reconoce MX","description":"En Reconoce MX difundimos arte, cultura y conciencia social en M\u00e9xico. Tu ciudad en otra perspectiva.","publisher":{"@id":"http:\/\/www.reconoce.mx\/#organization"},"potentialAction":[{"@type":"SearchAction","target":{"@type":"EntryPoint","urlTemplate":"http:\/\/www.reconoce.mx\/?s={search_term_string}"},"query-input":{"@type":"PropertyValueSpecification","valueRequired":true,"valueName":"search_term_string"}}],"inLanguage":"es"},{"@type":"Organization","@id":"http:\/\/www.reconoce.mx\/#organization","name":"Reconoce MX","url":"http:\/\/www.reconoce.mx\/","logo":{"@type":"ImageObject","inLanguage":"es","@id":"http:\/\/www.reconoce.mx\/#\/schema\/logo\/image\/","url":"https:\/\/www.reconoce.mx\/wp-content\/uploads\/2019\/03\/logorcmx-good-1.png","contentUrl":"https:\/\/www.reconoce.mx\/wp-content\/uploads\/2019\/03\/logorcmx-good-1.png","width":280,"height":90,"caption":"Reconoce MX"},"image":{"@id":"http:\/\/www.reconoce.mx\/#\/schema\/logo\/image\/"},"sameAs":["https:\/\/es-la.facebook.com\/ReconoceMX\/","https:\/\/x.com\/reconocemx","http:\/\/@reconocemx"]},{"@type":"Person","@id":"http:\/\/www.reconoce.mx\/#\/schema\/person\/2117e997d7051dc15d6880eaf9bca0b2","name":"Reconoce MX","image":{"@type":"ImageObject","inLanguage":"es","@id":"http:\/\/www.reconoce.mx\/#\/schema\/person\/image\/","url":"https:\/\/secure.gravatar.com\/avatar\/6c8d4dc7569ca1c90c5fdcc349f839d5ddef6fe1e70b4337ead2ef1a4c43fc3a?s=96&d=identicon&r=g","contentUrl":"https:\/\/secure.gravatar.com\/avatar\/6c8d4dc7569ca1c90c5fdcc349f839d5ddef6fe1e70b4337ead2ef1a4c43fc3a?s=96&d=identicon&r=g","caption":"Reconoce MX"},"description":"Reconoce MX es un proyecto de difusi\u00f3n art\u00edstica, cultural y de conciencia social que est\u00e1 enfocado a difundir y fomentar el entretenimiento alternativo de calidad para todo el p\u00fablico que comparta el mismo entusiasmo.","sameAs":["http:\/\/www.reconoce.mx"],"url":"https:\/\/www.reconoce.mx\/?author=2"}]}},"_links":{"self":[{"href":"https:\/\/www.reconoce.mx\/index.php?rest_route=\/wp\/v2\/posts\/81290","targetHints":{"allow":["GET"]}}],"collection":[{"href":"https:\/\/www.reconoce.mx\/index.php?rest_route=\/wp\/v2\/posts"}],"about":[{"href":"https:\/\/www.reconoce.mx\/index.php?rest_route=\/wp\/v2\/types\/post"}],"author":[{"embeddable":true,"href":"https:\/\/www.reconoce.mx\/index.php?rest_route=\/wp\/v2\/users\/2"}],"replies":[{"embeddable":true,"href":"https:\/\/www.reconoce.mx\/index.php?rest_route=%2Fwp%2Fv2%2Fcomments&post=81290"}],"version-history":[{"count":3,"href":"https:\/\/www.reconoce.mx\/index.php?rest_route=\/wp\/v2\/posts\/81290\/revisions"}],"predecessor-version":[{"id":81296,"href":"https:\/\/www.reconoce.mx\/index.php?rest_route=\/wp\/v2\/posts\/81290\/revisions\/81296"}],"wp:featuredmedia":[{"embeddable":true,"href":"https:\/\/www.reconoce.mx\/index.php?rest_route=\/wp\/v2\/media\/81293"}],"wp:attachment":[{"href":"https:\/\/www.reconoce.mx\/index.php?rest_route=%2Fwp%2Fv2%2Fmedia&parent=81290"}],"wp:term":[{"taxonomy":"category","embeddable":true,"href":"https:\/\/www.reconoce.mx\/index.php?rest_route=%2Fwp%2Fv2%2Fcategories&post=81290"},{"taxonomy":"post_tag","embeddable":true,"href":"https:\/\/www.reconoce.mx\/index.php?rest_route=%2Fwp%2Fv2%2Ftags&post=81290"}],"curies":[{"name":"wp","href":"https:\/\/api.w.org\/{rel}","templated":true}]}}