{"id":81416,"date":"2019-03-01T00:05:36","date_gmt":"2019-03-01T06:05:36","guid":{"rendered":"http:\/\/www.reconoce.mx\/?p=81416"},"modified":"2019-03-01T09:46:28","modified_gmt":"2019-03-01T15:46:28","slug":"la-polemica-del-fracking-y-las-limitaciones-de-amlo-para-frenarlo","status":"publish","type":"post","link":"https:\/\/www.reconoce.mx\/?p=81416","title":{"rendered":"La pol\u00e9mica del fracking y las limitaciones de AMLO para frenarlo"},"content":{"rendered":"<p><a href=\"http:\/\/www.reconoce.mx\/category\/conciencia\/\"><img loading=\"lazy\" decoding=\"async\" class=\"aligncenter size-full wp-image-40651\" src=\"http:\/\/www.reconoce.mx\/wp-content\/uploads\/2019\/02\/ConcienciaRCMX.png\" alt=\"Conciencia\" width=\"570\" height=\"70\" \/><\/a><\/p>\n<p><strong>Por <a title=\"@danielhiga_al\" href=\"https:\/\/twitter.com\/danielhiga_al\" target=\"_blank\" rel=\"noopener noreferrer\">Daniel Higa Alquicira<\/a><\/strong>.<\/p>\n<p>El tema de los energ\u00e9ticos sigue siendo uno de los puntos de mayor discusi\u00f3n al comienzo del sexenio de <strong>Andr\u00e9s Manuel L\u00f3pez Obrador<\/strong>, impulsado por la enorme carga que representa <strong>Pemex<\/strong> para el gobierno, la cancelaci\u00f3n de las rondas de licitaciones, la confirmaci\u00f3n de que la reforma energ\u00e9tica ha sido un rotundo fracaso y ahora, por el <em>fracking<\/em>.<\/p>\n<p>El <em>fracking<\/em> o la fracturaci\u00f3n hidr\u00e1ulica, es una t\u00e9cnica de extracci\u00f3n de hidrocarburos sumamente t\u00f3xica y depredadora del medio ambiente y a pesar de esto, es una pr\u00e1ctica generalizada en M\u00e9xico que comenz\u00f3 en enero de 1996 en un pozo en Tabasco y que ha causado muchas protestas y repudios sociales por sus efectos nocivos para la sociedad.<\/p>\n<p>Actualmente hay al menos \u201c7 mil 879 pozos los que han sido fracturados que suman 36 mil 159 fracturaciones\u201d, explica a <strong>CartoCr\u00edtica<\/strong>, una organizaci\u00f3n civil que \u201cque promueve la transparencia y el acceso p\u00fablico a la informaci\u00f3n socioambiental georreferenciada\u201d.<\/p>\n<p>Pero este tema puede generar muchas discusiones y encontronazos entre el gobierno federal con los \u00f3rganos reguladores en materia energ\u00e9tica.<\/p>\n<p>Esto debido a que la <strong>Comisi\u00f3n Nacional de Hidrocarburos<\/strong> (CNH), present\u00f3 y aprob\u00f3 la Resoluci\u00f3n para la modificaci\u00f3n de cuatro Planes de Exploraci\u00f3n presentados por Pemex Exploraci\u00f3n y Producci\u00f3n, \u201cen formaciones no convencionales que incluye autorizar el uso de fractura hidr\u00e1ulica\u201d.<\/p>\n<p>Esto pr\u00e1cticamente desoye y va en contra de lo dicho por <strong>AMLO<\/strong>, en el sentido de que en su administraci\u00f3n no se usar\u00e1 el fracking en la explotaci\u00f3n de yacimientos de petr\u00f3leo y gas natural denominados como hidrocarburos no convencionales.<\/p>\n<p>\u201c\u00a1No al <em>fracking<\/em>! Ese es el compromiso, a lo mejor por la inercia se estableci\u00f3 el uso de esa tecnolog\u00eda pero no se va a usar, ese es un compromiso, somos ambientalistas de verdad, aut\u00e9nticos\u201d, asegur\u00f3 el mandatario en una de sus conferencias matutinas.<\/p>\n<p>Sin embargo, la secretaria de Energ\u00eda, <strong>Roc\u00edo Nahle<\/strong>, tambi\u00e9n cre\u00f3 pol\u00e9mica ya que desde su perspectiva, \u201cest\u00e1 avanzando la tecnolog\u00eda y se tiene que esperar\u201d para analizar las nuevas opciones que ofrece el <em>fracking<\/em>, abriendo una posibilidad de que se pueda utilizar incluso en este mismo gobierno.<\/p>\n<p>Ahora bien, las posturas extremas de <strong>AMLO<\/strong> que dice \u201cno al fracking\u201d mientras la <strong>CNH<\/strong> lo aprueba, es una muestra de las diferencias y compromisos que tiene cada uno desde su posici\u00f3n, aunque ninguno de los dos ha incumplido la ley.<\/p>\n<p>El problema que tiene el presidente, es que el <em>fracking<\/em> es una pr\u00e1ctica aprobada y reglamentada en M\u00e9xico, que en teor\u00eda debe cumplir con todas las estipulaciones normativas para \u201cproteger\u201d el medio ambiente y que adem\u00e1s, se aplica de manera constante en el pa\u00eds.<\/p>\n<p>Tal como lo se\u00f1al\u00f3 <strong>Gaspar Franco Hern\u00e1ndez<\/strong>, comisionado de la <strong>CNH<\/strong>, \u201ca veces se habla de prohibir el <em>fracking<\/em> pero hasta el momento, el tema o el marco legal permite que al operador le otorguemos autorizaci\u00f3n para que haga los trabajos cuidando la normatividad existente\u2026\u201d.<\/p>\n<p>Esta disyuntiva entre el marco legal y los deseos de <strong>AMLO<\/strong>, ha provocado hasta cierto punto confusi\u00f3n entre los grupos sociales que le exigen al presidente que detenga el <em>fracking<\/em>, pero el problema real es que no lo puede hacer nada m\u00e1s con declaraciones o reafirmando su postura ante los medios, en realidad se necesitan otros mecanismo legales y legislativos para que quede prohibida esta actividad, que est\u00e1 por dem\u00e1s decir es muy da\u00f1ina en todos los sentidos.<\/p>\n<p>Y a todo esto hay que agregarle un factor pol\u00edtico que se ha acrecentado en las \u00faltimas semanas y tiene que ver con los desacuerdos que tiene <strong>AMLO<\/strong> con los \u00f3rganos reguladores independientes \u2013y la CNH es una de ellas-, \u00a0a quienes acusa de ser parte de un engranaje creado para justificar acciones de corrupci\u00f3n en las administraciones pasadas.<\/p>\n<p>\u201cSe crearon diversos organismos supuestamente aut\u00f3nomos, independientes,\u00a0 otro gobierno para operar el saqueo, para facilitar el robo, para entregar contratos, permisos a empresas particulares\u201d, dijo el mandatario.<\/p>\n<p>Tal vez esto no haya sido factor para que la <strong>CNH<\/strong> aprobara los cuatro Planes de Exploraci\u00f3n presentados por <strong>Pemex Exploraci\u00f3n y Producci\u00f3n<\/strong>, lo cierto es que esto aumenta las tensiones entre el mandatario y los \u00f3rganos reguladores en dos posturas complemente distantes y ubicadas en los extremos en materia de explotaci\u00f3n de yacimientos y en particular, con el uso del <em>fracking<\/em>.<\/p>\n<p>\u00a1Pero ojo! Un dato importante es que fue a las filiales de <strong>Pemex<\/strong> a quienes se les otorgaron estos permisos y por lo tanto, <strong>AMLO<\/strong> y su gobierno podr\u00edan tener cierta injerencia para que no se\u00a0 lleven a cabo al menos con el uso de <em>fracking<\/em>, algo que le da una posici\u00f3n de ventaja al presidente para cumplir con su promesa de no utilizar esta t\u00e9cnica durante su gesti\u00f3n.<\/p>\n<p style=\"text-align: right;\">Foto: <strong>Simon Fraser University &#8211; Communications &amp; Marketing<\/strong>.<\/p>\n<blockquote><p><a href=\"http:\/\/www.reconoce.mx\/wp-content\/uploads\/2019\/02\/daniel-higa-e1551073934151.jpg\" rel=\"lightbox[49198]\"><img loading=\"lazy\" decoding=\"async\" class=\"alignleft size-thumbnail wp-image-39872\" src=\"http:\/\/www.reconoce.mx\/wp-content\/uploads\/2019\/02\/daniel-higa-e1551073934151.jpg\" alt=\"IMG_5743\" width=\"150\" height=\"150\" \/><\/a><strong>Daniel Higa Alquicira \/ #ConcienciaRCMX<\/strong>. Estudi\u00e9 periodismo en la Facultad de Estudios Superiores Acatl\u00e1n (UNAM) y soy un ferviente seguidor de los Pumas; me encanta el f\u00fatbol, la m\u00fasica, el cine, la literatura y los viajes. Adem\u00e1s de un buen caf\u00e9, la cerveza, tequila y mezcal (puro sabor mexicano). Tambi\u00e9n me encanta platicar con las personas y descubrir lo que piensan y lo que sienten. Soy un enamorado (y lo digo con todo el romanticismo posible) del poder que tienen los individuos para cambiar su entorno a trav\u00e9s de acciones simples y que la mayor\u00eda de las veces, pasan desapercibidas. La tarea que me he propuesto es encontrarlas y hacerlas visibles.<\/p><\/blockquote>\n<p>&nbsp;<\/p>\n<p>&nbsp;<\/p>\n","protected":false},"excerpt":{"rendered":"<p>El tema de los energ\u00e9ticos sigue siendo uno de los puntos de mayor discusi\u00f3n al comienzo del sexenio de Andr\u00e9s Manuel L\u00f3pez Obrador, impulsado por la enorme carga que representa Pemex para el gobierno, la cancelaci\u00f3n de las rondas de licitaciones, la confirmaci\u00f3n de que la reforma energ\u00e9tica ha sido un rotundo fracaso y ahora, por el fracking.<\/p>\n","protected":false},"author":2,"featured_media":81418,"comment_status":"open","ping_status":"open","sticky":false,"template":"","format":"standard","meta":{"footnotes":""},"categories":[43,262,17],"tags":[],"class_list":["post-81416","post","type-post","status-publish","format-standard","has-post-thumbnail","hentry","category-conciencia","category-ecologia","category-principal"],"yoast_head":"<!-- This site is optimized with the Yoast SEO plugin v24.7 - https:\/\/yoast.com\/wordpress\/plugins\/seo\/ -->\n<title>La pol\u00e9mica del fracking y las limitaciones de AMLO para frenarlo &#171; Reconoce MX<\/title>\n<meta name=\"robots\" content=\"index, follow, max-snippet:-1, max-image-preview:large, max-video-preview:-1\" \/>\n<link rel=\"canonical\" href=\"https:\/\/www.reconoce.mx\/?p=81416\" \/>\n<meta property=\"og:locale\" content=\"es_ES\" \/>\n<meta property=\"og:type\" content=\"article\" \/>\n<meta property=\"og:title\" content=\"La pol\u00e9mica del fracking y las limitaciones de AMLO para frenarlo &#171; Reconoce MX\" \/>\n<meta property=\"og:description\" content=\"El tema de los energ\u00e9ticos sigue siendo uno de los puntos de mayor discusi\u00f3n al comienzo del sexenio de Andr\u00e9s Manuel L\u00f3pez Obrador, impulsado por la enorme carga que representa Pemex para el gobierno, la cancelaci\u00f3n de las rondas de licitaciones, la confirmaci\u00f3n de que la reforma energ\u00e9tica ha sido un rotundo fracaso y ahora, por el fracking.\" \/>\n<meta property=\"og:url\" content=\"https:\/\/www.reconoce.mx\/?p=81416\" \/>\n<meta property=\"og:site_name\" content=\"Reconoce MX\" \/>\n<meta property=\"article:publisher\" content=\"https:\/\/es-la.facebook.com\/ReconoceMX\/\" \/>\n<meta property=\"article:published_time\" content=\"2019-03-01T06:05:36+00:00\" \/>\n<meta property=\"article:modified_time\" content=\"2019-03-01T15:46:28+00:00\" \/>\n<meta property=\"og:image\" content=\"https:\/\/www.reconoce.mx\/wp-content\/uploads\/2019\/02\/fracking-cover.jpg\" \/>\n\t<meta property=\"og:image:width\" content=\"590\" \/>\n\t<meta property=\"og:image:height\" content=\"380\" \/>\n\t<meta property=\"og:image:type\" content=\"image\/jpeg\" \/>\n<meta name=\"author\" content=\"Reconoce MX\" \/>\n<meta name=\"twitter:card\" content=\"summary_large_image\" \/>\n<meta name=\"twitter:creator\" content=\"@reconocemx\" \/>\n<meta name=\"twitter:site\" content=\"@reconocemx\" \/>\n<meta name=\"twitter:label1\" content=\"Escrito por\" \/>\n\t<meta name=\"twitter:data1\" content=\"Reconoce MX\" \/>\n\t<meta name=\"twitter:label2\" content=\"Tiempo de lectura\" \/>\n\t<meta name=\"twitter:data2\" content=\"5 minutos\" \/>\n<script type=\"application\/ld+json\" class=\"yoast-schema-graph\">{\"@context\":\"https:\/\/schema.org\",\"@graph\":[{\"@type\":\"Article\",\"@id\":\"https:\/\/www.reconoce.mx\/?p=81416#article\",\"isPartOf\":{\"@id\":\"https:\/\/www.reconoce.mx\/?p=81416\"},\"author\":{\"name\":\"Reconoce MX\",\"@id\":\"http:\/\/www.reconoce.mx\/#\/schema\/person\/2117e997d7051dc15d6880eaf9bca0b2\"},\"headline\":\"La pol\u00e9mica del fracking y las limitaciones de AMLO para frenarlo\",\"datePublished\":\"2019-03-01T06:05:36+00:00\",\"dateModified\":\"2019-03-01T15:46:28+00:00\",\"mainEntityOfPage\":{\"@id\":\"https:\/\/www.reconoce.mx\/?p=81416\"},\"wordCount\":971,\"commentCount\":0,\"publisher\":{\"@id\":\"http:\/\/www.reconoce.mx\/#organization\"},\"image\":{\"@id\":\"https:\/\/www.reconoce.mx\/?p=81416#primaryimage\"},\"thumbnailUrl\":\"https:\/\/www.reconoce.mx\/wp-content\/uploads\/2019\/02\/fracking-cover.jpg\",\"articleSection\":[\"Conciencia\",\"Ecolog\u00eda\",\"Principal\"],\"inLanguage\":\"es\",\"potentialAction\":[{\"@type\":\"CommentAction\",\"name\":\"Comment\",\"target\":[\"https:\/\/www.reconoce.mx\/?p=81416#respond\"]}]},{\"@type\":\"WebPage\",\"@id\":\"https:\/\/www.reconoce.mx\/?p=81416\",\"url\":\"https:\/\/www.reconoce.mx\/?p=81416\",\"name\":\"La pol\u00e9mica del fracking y las limitaciones de AMLO para frenarlo &#171; Reconoce MX\",\"isPartOf\":{\"@id\":\"http:\/\/www.reconoce.mx\/#website\"},\"primaryImageOfPage\":{\"@id\":\"https:\/\/www.reconoce.mx\/?p=81416#primaryimage\"},\"image\":{\"@id\":\"https:\/\/www.reconoce.mx\/?p=81416#primaryimage\"},\"thumbnailUrl\":\"https:\/\/www.reconoce.mx\/wp-content\/uploads\/2019\/02\/fracking-cover.jpg\",\"datePublished\":\"2019-03-01T06:05:36+00:00\",\"dateModified\":\"2019-03-01T15:46:28+00:00\",\"breadcrumb\":{\"@id\":\"https:\/\/www.reconoce.mx\/?p=81416#breadcrumb\"},\"inLanguage\":\"es\",\"potentialAction\":[{\"@type\":\"ReadAction\",\"target\":[\"https:\/\/www.reconoce.mx\/?p=81416\"]}]},{\"@type\":\"ImageObject\",\"inLanguage\":\"es\",\"@id\":\"https:\/\/www.reconoce.mx\/?p=81416#primaryimage\",\"url\":\"https:\/\/www.reconoce.mx\/wp-content\/uploads\/2019\/02\/fracking-cover.jpg\",\"contentUrl\":\"https:\/\/www.reconoce.mx\/wp-content\/uploads\/2019\/02\/fracking-cover.jpg\",\"width\":590,\"height\":380},{\"@type\":\"BreadcrumbList\",\"@id\":\"https:\/\/www.reconoce.mx\/?p=81416#breadcrumb\",\"itemListElement\":[{\"@type\":\"ListItem\",\"position\":1,\"name\":\"Portada\",\"item\":\"http:\/\/www.reconoce.mx\/\"},{\"@type\":\"ListItem\",\"position\":2,\"name\":\"La pol\u00e9mica del fracking y las limitaciones de AMLO para frenarlo\"}]},{\"@type\":\"WebSite\",\"@id\":\"http:\/\/www.reconoce.mx\/#website\",\"url\":\"http:\/\/www.reconoce.mx\/\",\"name\":\"Reconoce MX\",\"description\":\"En Reconoce MX difundimos arte, cultura y conciencia social en M\u00e9xico. Tu ciudad en otra perspectiva.\",\"publisher\":{\"@id\":\"http:\/\/www.reconoce.mx\/#organization\"},\"potentialAction\":[{\"@type\":\"SearchAction\",\"target\":{\"@type\":\"EntryPoint\",\"urlTemplate\":\"http:\/\/www.reconoce.mx\/?s={search_term_string}\"},\"query-input\":{\"@type\":\"PropertyValueSpecification\",\"valueRequired\":true,\"valueName\":\"search_term_string\"}}],\"inLanguage\":\"es\"},{\"@type\":\"Organization\",\"@id\":\"http:\/\/www.reconoce.mx\/#organization\",\"name\":\"Reconoce MX\",\"url\":\"http:\/\/www.reconoce.mx\/\",\"logo\":{\"@type\":\"ImageObject\",\"inLanguage\":\"es\",\"@id\":\"http:\/\/www.reconoce.mx\/#\/schema\/logo\/image\/\",\"url\":\"https:\/\/www.reconoce.mx\/wp-content\/uploads\/2019\/03\/logorcmx-good-1.png\",\"contentUrl\":\"https:\/\/www.reconoce.mx\/wp-content\/uploads\/2019\/03\/logorcmx-good-1.png\",\"width\":280,\"height\":90,\"caption\":\"Reconoce MX\"},\"image\":{\"@id\":\"http:\/\/www.reconoce.mx\/#\/schema\/logo\/image\/\"},\"sameAs\":[\"https:\/\/es-la.facebook.com\/ReconoceMX\/\",\"https:\/\/x.com\/reconocemx\",\"http:\/\/@reconocemx\"]},{\"@type\":\"Person\",\"@id\":\"http:\/\/www.reconoce.mx\/#\/schema\/person\/2117e997d7051dc15d6880eaf9bca0b2\",\"name\":\"Reconoce MX\",\"image\":{\"@type\":\"ImageObject\",\"inLanguage\":\"es\",\"@id\":\"http:\/\/www.reconoce.mx\/#\/schema\/person\/image\/\",\"url\":\"https:\/\/secure.gravatar.com\/avatar\/6c8d4dc7569ca1c90c5fdcc349f839d5ddef6fe1e70b4337ead2ef1a4c43fc3a?s=96&d=identicon&r=g\",\"contentUrl\":\"https:\/\/secure.gravatar.com\/avatar\/6c8d4dc7569ca1c90c5fdcc349f839d5ddef6fe1e70b4337ead2ef1a4c43fc3a?s=96&d=identicon&r=g\",\"caption\":\"Reconoce MX\"},\"description\":\"Reconoce MX es un proyecto de difusi\u00f3n art\u00edstica, cultural y de conciencia social que est\u00e1 enfocado a difundir y fomentar el entretenimiento alternativo de calidad para todo el p\u00fablico que comparta el mismo entusiasmo.\",\"sameAs\":[\"http:\/\/www.reconoce.mx\"],\"url\":\"https:\/\/www.reconoce.mx\/?author=2\"}]}<\/script>\n<!-- \/ Yoast SEO plugin. -->","yoast_head_json":{"title":"La pol\u00e9mica del fracking y las limitaciones de AMLO para frenarlo &#171; Reconoce MX","robots":{"index":"index","follow":"follow","max-snippet":"max-snippet:-1","max-image-preview":"max-image-preview:large","max-video-preview":"max-video-preview:-1"},"canonical":"https:\/\/www.reconoce.mx\/?p=81416","og_locale":"es_ES","og_type":"article","og_title":"La pol\u00e9mica del fracking y las limitaciones de AMLO para frenarlo &#171; Reconoce MX","og_description":"El tema de los energ\u00e9ticos sigue siendo uno de los puntos de mayor discusi\u00f3n al comienzo del sexenio de Andr\u00e9s Manuel L\u00f3pez Obrador, impulsado por la enorme carga que representa Pemex para el gobierno, la cancelaci\u00f3n de las rondas de licitaciones, la confirmaci\u00f3n de que la reforma energ\u00e9tica ha sido un rotundo fracaso y ahora, por el fracking.","og_url":"https:\/\/www.reconoce.mx\/?p=81416","og_site_name":"Reconoce MX","article_publisher":"https:\/\/es-la.facebook.com\/ReconoceMX\/","article_published_time":"2019-03-01T06:05:36+00:00","article_modified_time":"2019-03-01T15:46:28+00:00","og_image":[{"width":590,"height":380,"url":"https:\/\/www.reconoce.mx\/wp-content\/uploads\/2019\/02\/fracking-cover.jpg","type":"image\/jpeg"}],"author":"Reconoce MX","twitter_card":"summary_large_image","twitter_creator":"@reconocemx","twitter_site":"@reconocemx","twitter_misc":{"Escrito por":"Reconoce MX","Tiempo de lectura":"5 minutos"},"schema":{"@context":"https:\/\/schema.org","@graph":[{"@type":"Article","@id":"https:\/\/www.reconoce.mx\/?p=81416#article","isPartOf":{"@id":"https:\/\/www.reconoce.mx\/?p=81416"},"author":{"name":"Reconoce MX","@id":"http:\/\/www.reconoce.mx\/#\/schema\/person\/2117e997d7051dc15d6880eaf9bca0b2"},"headline":"La pol\u00e9mica del fracking y las limitaciones de AMLO para frenarlo","datePublished":"2019-03-01T06:05:36+00:00","dateModified":"2019-03-01T15:46:28+00:00","mainEntityOfPage":{"@id":"https:\/\/www.reconoce.mx\/?p=81416"},"wordCount":971,"commentCount":0,"publisher":{"@id":"http:\/\/www.reconoce.mx\/#organization"},"image":{"@id":"https:\/\/www.reconoce.mx\/?p=81416#primaryimage"},"thumbnailUrl":"https:\/\/www.reconoce.mx\/wp-content\/uploads\/2019\/02\/fracking-cover.jpg","articleSection":["Conciencia","Ecolog\u00eda","Principal"],"inLanguage":"es","potentialAction":[{"@type":"CommentAction","name":"Comment","target":["https:\/\/www.reconoce.mx\/?p=81416#respond"]}]},{"@type":"WebPage","@id":"https:\/\/www.reconoce.mx\/?p=81416","url":"https:\/\/www.reconoce.mx\/?p=81416","name":"La pol\u00e9mica del fracking y las limitaciones de AMLO para frenarlo &#171; Reconoce MX","isPartOf":{"@id":"http:\/\/www.reconoce.mx\/#website"},"primaryImageOfPage":{"@id":"https:\/\/www.reconoce.mx\/?p=81416#primaryimage"},"image":{"@id":"https:\/\/www.reconoce.mx\/?p=81416#primaryimage"},"thumbnailUrl":"https:\/\/www.reconoce.mx\/wp-content\/uploads\/2019\/02\/fracking-cover.jpg","datePublished":"2019-03-01T06:05:36+00:00","dateModified":"2019-03-01T15:46:28+00:00","breadcrumb":{"@id":"https:\/\/www.reconoce.mx\/?p=81416#breadcrumb"},"inLanguage":"es","potentialAction":[{"@type":"ReadAction","target":["https:\/\/www.reconoce.mx\/?p=81416"]}]},{"@type":"ImageObject","inLanguage":"es","@id":"https:\/\/www.reconoce.mx\/?p=81416#primaryimage","url":"https:\/\/www.reconoce.mx\/wp-content\/uploads\/2019\/02\/fracking-cover.jpg","contentUrl":"https:\/\/www.reconoce.mx\/wp-content\/uploads\/2019\/02\/fracking-cover.jpg","width":590,"height":380},{"@type":"BreadcrumbList","@id":"https:\/\/www.reconoce.mx\/?p=81416#breadcrumb","itemListElement":[{"@type":"ListItem","position":1,"name":"Portada","item":"http:\/\/www.reconoce.mx\/"},{"@type":"ListItem","position":2,"name":"La pol\u00e9mica del fracking y las limitaciones de AMLO para frenarlo"}]},{"@type":"WebSite","@id":"http:\/\/www.reconoce.mx\/#website","url":"http:\/\/www.reconoce.mx\/","name":"Reconoce MX","description":"En Reconoce MX difundimos arte, cultura y conciencia social en M\u00e9xico. Tu ciudad en otra perspectiva.","publisher":{"@id":"http:\/\/www.reconoce.mx\/#organization"},"potentialAction":[{"@type":"SearchAction","target":{"@type":"EntryPoint","urlTemplate":"http:\/\/www.reconoce.mx\/?s={search_term_string}"},"query-input":{"@type":"PropertyValueSpecification","valueRequired":true,"valueName":"search_term_string"}}],"inLanguage":"es"},{"@type":"Organization","@id":"http:\/\/www.reconoce.mx\/#organization","name":"Reconoce MX","url":"http:\/\/www.reconoce.mx\/","logo":{"@type":"ImageObject","inLanguage":"es","@id":"http:\/\/www.reconoce.mx\/#\/schema\/logo\/image\/","url":"https:\/\/www.reconoce.mx\/wp-content\/uploads\/2019\/03\/logorcmx-good-1.png","contentUrl":"https:\/\/www.reconoce.mx\/wp-content\/uploads\/2019\/03\/logorcmx-good-1.png","width":280,"height":90,"caption":"Reconoce MX"},"image":{"@id":"http:\/\/www.reconoce.mx\/#\/schema\/logo\/image\/"},"sameAs":["https:\/\/es-la.facebook.com\/ReconoceMX\/","https:\/\/x.com\/reconocemx","http:\/\/@reconocemx"]},{"@type":"Person","@id":"http:\/\/www.reconoce.mx\/#\/schema\/person\/2117e997d7051dc15d6880eaf9bca0b2","name":"Reconoce MX","image":{"@type":"ImageObject","inLanguage":"es","@id":"http:\/\/www.reconoce.mx\/#\/schema\/person\/image\/","url":"https:\/\/secure.gravatar.com\/avatar\/6c8d4dc7569ca1c90c5fdcc349f839d5ddef6fe1e70b4337ead2ef1a4c43fc3a?s=96&d=identicon&r=g","contentUrl":"https:\/\/secure.gravatar.com\/avatar\/6c8d4dc7569ca1c90c5fdcc349f839d5ddef6fe1e70b4337ead2ef1a4c43fc3a?s=96&d=identicon&r=g","caption":"Reconoce MX"},"description":"Reconoce MX es un proyecto de difusi\u00f3n art\u00edstica, cultural y de conciencia social que est\u00e1 enfocado a difundir y fomentar el entretenimiento alternativo de calidad para todo el p\u00fablico que comparta el mismo entusiasmo.","sameAs":["http:\/\/www.reconoce.mx"],"url":"https:\/\/www.reconoce.mx\/?author=2"}]}},"_links":{"self":[{"href":"https:\/\/www.reconoce.mx\/index.php?rest_route=\/wp\/v2\/posts\/81416","targetHints":{"allow":["GET"]}}],"collection":[{"href":"https:\/\/www.reconoce.mx\/index.php?rest_route=\/wp\/v2\/posts"}],"about":[{"href":"https:\/\/www.reconoce.mx\/index.php?rest_route=\/wp\/v2\/types\/post"}],"author":[{"embeddable":true,"href":"https:\/\/www.reconoce.mx\/index.php?rest_route=\/wp\/v2\/users\/2"}],"replies":[{"embeddable":true,"href":"https:\/\/www.reconoce.mx\/index.php?rest_route=%2Fwp%2Fv2%2Fcomments&post=81416"}],"version-history":[{"count":1,"href":"https:\/\/www.reconoce.mx\/index.php?rest_route=\/wp\/v2\/posts\/81416\/revisions"}],"predecessor-version":[{"id":81419,"href":"https:\/\/www.reconoce.mx\/index.php?rest_route=\/wp\/v2\/posts\/81416\/revisions\/81419"}],"wp:featuredmedia":[{"embeddable":true,"href":"https:\/\/www.reconoce.mx\/index.php?rest_route=\/wp\/v2\/media\/81418"}],"wp:attachment":[{"href":"https:\/\/www.reconoce.mx\/index.php?rest_route=%2Fwp%2Fv2%2Fmedia&parent=81416"}],"wp:term":[{"taxonomy":"category","embeddable":true,"href":"https:\/\/www.reconoce.mx\/index.php?rest_route=%2Fwp%2Fv2%2Fcategories&post=81416"},{"taxonomy":"post_tag","embeddable":true,"href":"https:\/\/www.reconoce.mx\/index.php?rest_route=%2Fwp%2Fv2%2Ftags&post=81416"}],"curies":[{"name":"wp","href":"https:\/\/api.w.org\/{rel}","templated":true}]}}