{"id":81446,"date":"2019-03-05T00:01:46","date_gmt":"2019-03-05T06:01:46","guid":{"rendered":"http:\/\/www.reconoce.mx\/?p=81446"},"modified":"2019-03-05T10:12:47","modified_gmt":"2019-03-05T16:12:47","slug":"pate-de-fua-celebro-en-el-metropolitan-13-anos-de-vivencias","status":"publish","type":"post","link":"https:\/\/www.reconoce.mx\/?p=81446","title":{"rendered":"Pat\u00e9 de Fu\u00e1 celebr\u00f3 en el Metrop\u00f3litan 13 a\u00f1os de vivencias"},"content":{"rendered":"<p><strong>Por <a href=\"https:\/\/twitter.com\/cegartfilms\" target=\"_blank\" rel=\"noopener\">Christian Escamilla<\/a><\/strong>.<\/p>\n<p>La noche del 23 de febrero, la banda conformada por integrantes de M\u00e9xico y Argentina, <strong>Pat\u00e9 de Fu\u00e1<\/strong>, tuvo una cita con sus seguidores para celebrar sus 13 a\u00f1os de carrera.<\/p>\n<blockquote class=\"twitter-tweet\" data-lang=\"es\">\n<p dir=\"ltr\" lang=\"es\">\u00a1Nos deleitamos con un conciertazo de <a href=\"https:\/\/twitter.com\/patedefua?ref_src=twsrc%5Etfw\">@patedefua<\/a> en el <a href=\"https:\/\/twitter.com\/TMetropolitanMx?ref_src=twsrc%5Etfw\">@TMetropolitanMx<\/a>! \u2728<\/p>\n<p>As\u00ed de incre\u00edble estuvo&#8230;<br \/>\n\ud83c\udfa5: <a href=\"https:\/\/twitter.com\/cegartfilms?ref_src=twsrc%5Etfw\">@cegartfilms<\/a> <a href=\"https:\/\/t.co\/SFYkVUI0ZQ\">pic.twitter.com\/SFYkVUI0ZQ<\/a><\/p>\n<p>\u2014 Reconoce MX (@reconocemx) <a href=\"https:\/\/twitter.com\/reconocemx\/status\/1099838662521569281?ref_src=twsrc%5Etfw\">25 de febrero de 2019<\/a><\/p><\/blockquote>\n<p><script async src=\"https:\/\/platform.twitter.com\/widgets.js\" charset=\"utf-8\"><\/script><\/p>\n<p>El show comenz\u00f3 minutos despu\u00e9s de las 20:30 horas con \u00abLa colegiala\u00bb y \u00abEl extranjero\u00bb, donde <strong>Yayo Gonz\u00e1lez<\/strong> aprovech\u00f3 para compartir su pasi\u00f3n por nuestro pa\u00eds agradeciendo a los asistentes.<\/p>\n<p>Enseguida sigui\u00f3 con \u00abMi coraz\u00f3n\u00bb, tema en colaboraci\u00f3n con <strong>Natalia Lafourcade<\/strong>. \u00abLleg\u00f3 tu amor\u00bb, \u00abLa tempestad\u00bb y \u00abEl tren de la alegr\u00eda\u00bb tambi\u00e9n.<\/p>\n<p>M\u00e1s tarde, presentaron ante los fans un nuevo tema: \u00abPiensa en mi\u00bb de <strong>Agust\u00edn Lara<\/strong>; esta canci\u00f3n cont\u00f3 con arreglos propios del grupo.<\/p>\n<p>Un momento especial fue al entonar \u00abPrincesita\u00bb, tema inspirada en su hija.<\/p>\n<p>\u00abEl fantasma enamorado\u00bb y \u00abEl valsecito de don Seraf\u00edn\u00bb, fueron de las canciones m\u00e1s coreadas por todo el recinto durante la velada.<\/p>\n<p>Con una noche m\u00e1gica llena de sonido, jazz, tango y disfrutando de un recorrido por sus 6 producciones discogr\u00e1ficas de estudio, <strong>Pat\u00e9 de Fu\u00e1<\/strong> entre mcuhos aplausos, celebr\u00f3 su aniversario agradeciendo y prometiendo material nuevo y pr\u00f3ximo reencuentro con su p\u00fablico.<\/p>\n<p>&nbsp;<\/p>\n<p>&nbsp;<\/p>\n","protected":false},"excerpt":{"rendered":"<p>La noche del 23 de febrero, la banda conformada por integrantes de M\u00e9xico y Argentina, Pat\u00e9 de Fu\u00e1, tuvo una cita con sus seguidores para celebrar sus 13 a\u00f1os de carrera.<\/p>\n","protected":false},"author":2,"featured_media":81546,"comment_status":"open","ping_status":"open","sticky":false,"template":"","format":"standard","meta":{"footnotes":""},"categories":[1,18,17],"tags":[],"class_list":["post-81446","post","type-post","status-publish","format-standard","has-post-thumbnail","hentry","category-cultura","category-musica","category-principal"],"yoast_head":"<!-- This site is optimized with the Yoast SEO plugin v24.7 - https:\/\/yoast.com\/wordpress\/plugins\/seo\/ -->\n<title>Pat\u00e9 de Fu\u00e1 celebr\u00f3 en el Metrop\u00f3litan 13 a\u00f1os de vivencias &#171; Reconoce MX<\/title>\n<meta name=\"robots\" content=\"index, follow, max-snippet:-1, max-image-preview:large, max-video-preview:-1\" \/>\n<link rel=\"canonical\" href=\"http:\/\/www.reconoce.mx\/?p=81446\" \/>\n<meta property=\"og:locale\" content=\"es_ES\" \/>\n<meta property=\"og:type\" content=\"article\" \/>\n<meta property=\"og:title\" content=\"Pat\u00e9 de Fu\u00e1 celebr\u00f3 en el Metrop\u00f3litan 13 a\u00f1os de vivencias &#171; Reconoce MX\" \/>\n<meta property=\"og:description\" content=\"La noche del 23 de febrero, la banda conformada por integrantes de M\u00e9xico y Argentina, Pat\u00e9 de Fu\u00e1, tuvo una cita con sus seguidores para celebrar sus 13 a\u00f1os de carrera.\" \/>\n<meta property=\"og:url\" content=\"http:\/\/www.reconoce.mx\/?p=81446\" \/>\n<meta property=\"og:site_name\" content=\"Reconoce MX\" \/>\n<meta property=\"article:publisher\" content=\"https:\/\/es-la.facebook.com\/ReconoceMX\/\" \/>\n<meta property=\"article:published_time\" content=\"2019-03-05T06:01:46+00:00\" \/>\n<meta property=\"article:modified_time\" content=\"2019-03-05T16:12:47+00:00\" \/>\n<meta property=\"og:image\" content=\"http:\/\/www.reconoce.mx\/wp-content\/uploads\/2019\/03\/pate-de-fua-metropolitan.jpg\" \/>\n\t<meta property=\"og:image:width\" content=\"590\" \/>\n\t<meta property=\"og:image:height\" content=\"380\" \/>\n\t<meta property=\"og:image:type\" content=\"image\/jpeg\" \/>\n<meta name=\"author\" content=\"Reconoce MX\" \/>\n<meta name=\"twitter:card\" content=\"summary_large_image\" \/>\n<meta name=\"twitter:creator\" content=\"@reconocemx\" \/>\n<meta name=\"twitter:site\" content=\"@reconocemx\" \/>\n<meta name=\"twitter:label1\" content=\"Escrito por\" \/>\n\t<meta name=\"twitter:data1\" content=\"Reconoce MX\" \/>\n\t<meta name=\"twitter:label2\" content=\"Tiempo de lectura\" \/>\n\t<meta name=\"twitter:data2\" content=\"1 minuto\" \/>\n<script type=\"application\/ld+json\" class=\"yoast-schema-graph\">{\"@context\":\"https:\/\/schema.org\",\"@graph\":[{\"@type\":\"Article\",\"@id\":\"http:\/\/www.reconoce.mx\/?p=81446#article\",\"isPartOf\":{\"@id\":\"http:\/\/www.reconoce.mx\/?p=81446\"},\"author\":{\"name\":\"Reconoce MX\",\"@id\":\"http:\/\/www.reconoce.mx\/#\/schema\/person\/2117e997d7051dc15d6880eaf9bca0b2\"},\"headline\":\"Pat\u00e9 de Fu\u00e1 celebr\u00f3 en el Metrop\u00f3litan 13 a\u00f1os de vivencias\",\"datePublished\":\"2019-03-05T06:01:46+00:00\",\"dateModified\":\"2019-03-05T16:12:47+00:00\",\"mainEntityOfPage\":{\"@id\":\"http:\/\/www.reconoce.mx\/?p=81446\"},\"wordCount\":241,\"commentCount\":0,\"publisher\":{\"@id\":\"http:\/\/www.reconoce.mx\/#organization\"},\"image\":{\"@id\":\"http:\/\/www.reconoce.mx\/?p=81446#primaryimage\"},\"thumbnailUrl\":\"https:\/\/www.reconoce.mx\/wp-content\/uploads\/2019\/03\/pate-de-fua-metropolitan.jpg\",\"articleSection\":[\"Cultura\",\"M\u00fasica\",\"Principal\"],\"inLanguage\":\"es\",\"potentialAction\":[{\"@type\":\"CommentAction\",\"name\":\"Comment\",\"target\":[\"http:\/\/www.reconoce.mx\/?p=81446#respond\"]}]},{\"@type\":\"WebPage\",\"@id\":\"http:\/\/www.reconoce.mx\/?p=81446\",\"url\":\"http:\/\/www.reconoce.mx\/?p=81446\",\"name\":\"Pat\u00e9 de Fu\u00e1 celebr\u00f3 en el Metrop\u00f3litan 13 a\u00f1os de vivencias &#171; Reconoce MX\",\"isPartOf\":{\"@id\":\"http:\/\/www.reconoce.mx\/#website\"},\"primaryImageOfPage\":{\"@id\":\"http:\/\/www.reconoce.mx\/?p=81446#primaryimage\"},\"image\":{\"@id\":\"http:\/\/www.reconoce.mx\/?p=81446#primaryimage\"},\"thumbnailUrl\":\"https:\/\/www.reconoce.mx\/wp-content\/uploads\/2019\/03\/pate-de-fua-metropolitan.jpg\",\"datePublished\":\"2019-03-05T06:01:46+00:00\",\"dateModified\":\"2019-03-05T16:12:47+00:00\",\"breadcrumb\":{\"@id\":\"http:\/\/www.reconoce.mx\/?p=81446#breadcrumb\"},\"inLanguage\":\"es\",\"potentialAction\":[{\"@type\":\"ReadAction\",\"target\":[\"http:\/\/www.reconoce.mx\/?p=81446\"]}]},{\"@type\":\"ImageObject\",\"inLanguage\":\"es\",\"@id\":\"http:\/\/www.reconoce.mx\/?p=81446#primaryimage\",\"url\":\"https:\/\/www.reconoce.mx\/wp-content\/uploads\/2019\/03\/pate-de-fua-metropolitan.jpg\",\"contentUrl\":\"https:\/\/www.reconoce.mx\/wp-content\/uploads\/2019\/03\/pate-de-fua-metropolitan.jpg\",\"width\":590,\"height\":380},{\"@type\":\"BreadcrumbList\",\"@id\":\"http:\/\/www.reconoce.mx\/?p=81446#breadcrumb\",\"itemListElement\":[{\"@type\":\"ListItem\",\"position\":1,\"name\":\"Portada\",\"item\":\"http:\/\/www.reconoce.mx\/\"},{\"@type\":\"ListItem\",\"position\":2,\"name\":\"Pat\u00e9 de Fu\u00e1 celebr\u00f3 en el Metrop\u00f3litan 13 a\u00f1os de vivencias\"}]},{\"@type\":\"WebSite\",\"@id\":\"http:\/\/www.reconoce.mx\/#website\",\"url\":\"http:\/\/www.reconoce.mx\/\",\"name\":\"Reconoce MX\",\"description\":\"En Reconoce MX difundimos arte, cultura y conciencia social en M\u00e9xico. Tu ciudad en otra perspectiva.\",\"publisher\":{\"@id\":\"http:\/\/www.reconoce.mx\/#organization\"},\"potentialAction\":[{\"@type\":\"SearchAction\",\"target\":{\"@type\":\"EntryPoint\",\"urlTemplate\":\"http:\/\/www.reconoce.mx\/?s={search_term_string}\"},\"query-input\":{\"@type\":\"PropertyValueSpecification\",\"valueRequired\":true,\"valueName\":\"search_term_string\"}}],\"inLanguage\":\"es\"},{\"@type\":\"Organization\",\"@id\":\"http:\/\/www.reconoce.mx\/#organization\",\"name\":\"Reconoce MX\",\"url\":\"http:\/\/www.reconoce.mx\/\",\"logo\":{\"@type\":\"ImageObject\",\"inLanguage\":\"es\",\"@id\":\"http:\/\/www.reconoce.mx\/#\/schema\/logo\/image\/\",\"url\":\"https:\/\/www.reconoce.mx\/wp-content\/uploads\/2019\/03\/logorcmx-good-1.png\",\"contentUrl\":\"https:\/\/www.reconoce.mx\/wp-content\/uploads\/2019\/03\/logorcmx-good-1.png\",\"width\":280,\"height\":90,\"caption\":\"Reconoce MX\"},\"image\":{\"@id\":\"http:\/\/www.reconoce.mx\/#\/schema\/logo\/image\/\"},\"sameAs\":[\"https:\/\/es-la.facebook.com\/ReconoceMX\/\",\"https:\/\/x.com\/reconocemx\",\"http:\/\/@reconocemx\"]},{\"@type\":\"Person\",\"@id\":\"http:\/\/www.reconoce.mx\/#\/schema\/person\/2117e997d7051dc15d6880eaf9bca0b2\",\"name\":\"Reconoce MX\",\"image\":{\"@type\":\"ImageObject\",\"inLanguage\":\"es\",\"@id\":\"http:\/\/www.reconoce.mx\/#\/schema\/person\/image\/\",\"url\":\"https:\/\/secure.gravatar.com\/avatar\/6c8d4dc7569ca1c90c5fdcc349f839d5ddef6fe1e70b4337ead2ef1a4c43fc3a?s=96&d=identicon&r=g\",\"contentUrl\":\"https:\/\/secure.gravatar.com\/avatar\/6c8d4dc7569ca1c90c5fdcc349f839d5ddef6fe1e70b4337ead2ef1a4c43fc3a?s=96&d=identicon&r=g\",\"caption\":\"Reconoce MX\"},\"description\":\"Reconoce MX es un proyecto de difusi\u00f3n art\u00edstica, cultural y de conciencia social que est\u00e1 enfocado a difundir y fomentar el entretenimiento alternativo de calidad para todo el p\u00fablico que comparta el mismo entusiasmo.\",\"sameAs\":[\"http:\/\/www.reconoce.mx\"],\"url\":\"https:\/\/www.reconoce.mx\/?author=2\"}]}<\/script>\n<!-- \/ Yoast SEO plugin. -->","yoast_head_json":{"title":"Pat\u00e9 de Fu\u00e1 celebr\u00f3 en el Metrop\u00f3litan 13 a\u00f1os de vivencias &#171; Reconoce MX","robots":{"index":"index","follow":"follow","max-snippet":"max-snippet:-1","max-image-preview":"max-image-preview:large","max-video-preview":"max-video-preview:-1"},"canonical":"http:\/\/www.reconoce.mx\/?p=81446","og_locale":"es_ES","og_type":"article","og_title":"Pat\u00e9 de Fu\u00e1 celebr\u00f3 en el Metrop\u00f3litan 13 a\u00f1os de vivencias &#171; Reconoce MX","og_description":"La noche del 23 de febrero, la banda conformada por integrantes de M\u00e9xico y Argentina, Pat\u00e9 de Fu\u00e1, tuvo una cita con sus seguidores para celebrar sus 13 a\u00f1os de carrera.","og_url":"http:\/\/www.reconoce.mx\/?p=81446","og_site_name":"Reconoce MX","article_publisher":"https:\/\/es-la.facebook.com\/ReconoceMX\/","article_published_time":"2019-03-05T06:01:46+00:00","article_modified_time":"2019-03-05T16:12:47+00:00","og_image":[{"width":590,"height":380,"url":"http:\/\/www.reconoce.mx\/wp-content\/uploads\/2019\/03\/pate-de-fua-metropolitan.jpg","type":"image\/jpeg"}],"author":"Reconoce MX","twitter_card":"summary_large_image","twitter_creator":"@reconocemx","twitter_site":"@reconocemx","twitter_misc":{"Escrito por":"Reconoce MX","Tiempo de lectura":"1 minuto"},"schema":{"@context":"https:\/\/schema.org","@graph":[{"@type":"Article","@id":"http:\/\/www.reconoce.mx\/?p=81446#article","isPartOf":{"@id":"http:\/\/www.reconoce.mx\/?p=81446"},"author":{"name":"Reconoce MX","@id":"http:\/\/www.reconoce.mx\/#\/schema\/person\/2117e997d7051dc15d6880eaf9bca0b2"},"headline":"Pat\u00e9 de Fu\u00e1 celebr\u00f3 en el Metrop\u00f3litan 13 a\u00f1os de vivencias","datePublished":"2019-03-05T06:01:46+00:00","dateModified":"2019-03-05T16:12:47+00:00","mainEntityOfPage":{"@id":"http:\/\/www.reconoce.mx\/?p=81446"},"wordCount":241,"commentCount":0,"publisher":{"@id":"http:\/\/www.reconoce.mx\/#organization"},"image":{"@id":"http:\/\/www.reconoce.mx\/?p=81446#primaryimage"},"thumbnailUrl":"https:\/\/www.reconoce.mx\/wp-content\/uploads\/2019\/03\/pate-de-fua-metropolitan.jpg","articleSection":["Cultura","M\u00fasica","Principal"],"inLanguage":"es","potentialAction":[{"@type":"CommentAction","name":"Comment","target":["http:\/\/www.reconoce.mx\/?p=81446#respond"]}]},{"@type":"WebPage","@id":"http:\/\/www.reconoce.mx\/?p=81446","url":"http:\/\/www.reconoce.mx\/?p=81446","name":"Pat\u00e9 de Fu\u00e1 celebr\u00f3 en el Metrop\u00f3litan 13 a\u00f1os de vivencias &#171; Reconoce MX","isPartOf":{"@id":"http:\/\/www.reconoce.mx\/#website"},"primaryImageOfPage":{"@id":"http:\/\/www.reconoce.mx\/?p=81446#primaryimage"},"image":{"@id":"http:\/\/www.reconoce.mx\/?p=81446#primaryimage"},"thumbnailUrl":"https:\/\/www.reconoce.mx\/wp-content\/uploads\/2019\/03\/pate-de-fua-metropolitan.jpg","datePublished":"2019-03-05T06:01:46+00:00","dateModified":"2019-03-05T16:12:47+00:00","breadcrumb":{"@id":"http:\/\/www.reconoce.mx\/?p=81446#breadcrumb"},"inLanguage":"es","potentialAction":[{"@type":"ReadAction","target":["http:\/\/www.reconoce.mx\/?p=81446"]}]},{"@type":"ImageObject","inLanguage":"es","@id":"http:\/\/www.reconoce.mx\/?p=81446#primaryimage","url":"https:\/\/www.reconoce.mx\/wp-content\/uploads\/2019\/03\/pate-de-fua-metropolitan.jpg","contentUrl":"https:\/\/www.reconoce.mx\/wp-content\/uploads\/2019\/03\/pate-de-fua-metropolitan.jpg","width":590,"height":380},{"@type":"BreadcrumbList","@id":"http:\/\/www.reconoce.mx\/?p=81446#breadcrumb","itemListElement":[{"@type":"ListItem","position":1,"name":"Portada","item":"http:\/\/www.reconoce.mx\/"},{"@type":"ListItem","position":2,"name":"Pat\u00e9 de Fu\u00e1 celebr\u00f3 en el Metrop\u00f3litan 13 a\u00f1os de vivencias"}]},{"@type":"WebSite","@id":"http:\/\/www.reconoce.mx\/#website","url":"http:\/\/www.reconoce.mx\/","name":"Reconoce MX","description":"En Reconoce MX difundimos arte, cultura y conciencia social en M\u00e9xico. Tu ciudad en otra perspectiva.","publisher":{"@id":"http:\/\/www.reconoce.mx\/#organization"},"potentialAction":[{"@type":"SearchAction","target":{"@type":"EntryPoint","urlTemplate":"http:\/\/www.reconoce.mx\/?s={search_term_string}"},"query-input":{"@type":"PropertyValueSpecification","valueRequired":true,"valueName":"search_term_string"}}],"inLanguage":"es"},{"@type":"Organization","@id":"http:\/\/www.reconoce.mx\/#organization","name":"Reconoce MX","url":"http:\/\/www.reconoce.mx\/","logo":{"@type":"ImageObject","inLanguage":"es","@id":"http:\/\/www.reconoce.mx\/#\/schema\/logo\/image\/","url":"https:\/\/www.reconoce.mx\/wp-content\/uploads\/2019\/03\/logorcmx-good-1.png","contentUrl":"https:\/\/www.reconoce.mx\/wp-content\/uploads\/2019\/03\/logorcmx-good-1.png","width":280,"height":90,"caption":"Reconoce MX"},"image":{"@id":"http:\/\/www.reconoce.mx\/#\/schema\/logo\/image\/"},"sameAs":["https:\/\/es-la.facebook.com\/ReconoceMX\/","https:\/\/x.com\/reconocemx","http:\/\/@reconocemx"]},{"@type":"Person","@id":"http:\/\/www.reconoce.mx\/#\/schema\/person\/2117e997d7051dc15d6880eaf9bca0b2","name":"Reconoce MX","image":{"@type":"ImageObject","inLanguage":"es","@id":"http:\/\/www.reconoce.mx\/#\/schema\/person\/image\/","url":"https:\/\/secure.gravatar.com\/avatar\/6c8d4dc7569ca1c90c5fdcc349f839d5ddef6fe1e70b4337ead2ef1a4c43fc3a?s=96&d=identicon&r=g","contentUrl":"https:\/\/secure.gravatar.com\/avatar\/6c8d4dc7569ca1c90c5fdcc349f839d5ddef6fe1e70b4337ead2ef1a4c43fc3a?s=96&d=identicon&r=g","caption":"Reconoce MX"},"description":"Reconoce MX es un proyecto de difusi\u00f3n art\u00edstica, cultural y de conciencia social que est\u00e1 enfocado a difundir y fomentar el entretenimiento alternativo de calidad para todo el p\u00fablico que comparta el mismo entusiasmo.","sameAs":["http:\/\/www.reconoce.mx"],"url":"https:\/\/www.reconoce.mx\/?author=2"}]}},"_links":{"self":[{"href":"https:\/\/www.reconoce.mx\/index.php?rest_route=\/wp\/v2\/posts\/81446","targetHints":{"allow":["GET"]}}],"collection":[{"href":"https:\/\/www.reconoce.mx\/index.php?rest_route=\/wp\/v2\/posts"}],"about":[{"href":"https:\/\/www.reconoce.mx\/index.php?rest_route=\/wp\/v2\/types\/post"}],"author":[{"embeddable":true,"href":"https:\/\/www.reconoce.mx\/index.php?rest_route=\/wp\/v2\/users\/2"}],"replies":[{"embeddable":true,"href":"https:\/\/www.reconoce.mx\/index.php?rest_route=%2Fwp%2Fv2%2Fcomments&post=81446"}],"version-history":[{"count":3,"href":"https:\/\/www.reconoce.mx\/index.php?rest_route=\/wp\/v2\/posts\/81446\/revisions"}],"predecessor-version":[{"id":81547,"href":"https:\/\/www.reconoce.mx\/index.php?rest_route=\/wp\/v2\/posts\/81446\/revisions\/81547"}],"wp:featuredmedia":[{"embeddable":true,"href":"https:\/\/www.reconoce.mx\/index.php?rest_route=\/wp\/v2\/media\/81546"}],"wp:attachment":[{"href":"https:\/\/www.reconoce.mx\/index.php?rest_route=%2Fwp%2Fv2%2Fmedia&parent=81446"}],"wp:term":[{"taxonomy":"category","embeddable":true,"href":"https:\/\/www.reconoce.mx\/index.php?rest_route=%2Fwp%2Fv2%2Fcategories&post=81446"},{"taxonomy":"post_tag","embeddable":true,"href":"https:\/\/www.reconoce.mx\/index.php?rest_route=%2Fwp%2Fv2%2Ftags&post=81446"}],"curies":[{"name":"wp","href":"https:\/\/api.w.org\/{rel}","templated":true}]}}