{"id":81521,"date":"2019-03-04T00:05:10","date_gmt":"2019-03-04T06:05:10","guid":{"rendered":"http:\/\/www.reconoce.mx\/?p=81521"},"modified":"2019-03-03T23:57:10","modified_gmt":"2019-03-04T05:57:10","slug":"esteman-en-el-plaza-una-noche-sensorial","status":"publish","type":"post","link":"https:\/\/www.reconoce.mx\/?p=81521","title":{"rendered":"Esteman en El Plaza: una noche sensorial"},"content":{"rendered":"<p><strong>Texto por <a href=\"https:\/\/twitter.com\/bere_alamo\" target=\"_blank\" rel=\"noopener\">Berenice Alamilla Monta\u00f1o<\/a><\/strong>.<br \/>\n<strong>Fotos por <a href=\"https:\/\/twitter.com\/jiobellamy?lang=es\" target=\"_blank\" rel=\"noopener\">Jiovanna Bellamy<\/a><\/strong>.<\/p>\n<p>El pasado 28 de febrero <strong>Esteman <\/strong>se present\u00f3 en <strong>El Plaza Condesa<\/strong> para iniciar con la gira promocional de su nuevo disco \u201cAmor libre\u201d, el cual fue presentado oficialmente el 14 de febrero en M\u00e9xico. El concierto dio inicio a las 21 horas con quince minutos despu\u00e9s del evento de apertura protagonizado por <strong>Marco Mares<\/strong>, quien puso a los asistentes a bailar mientras coreaban canciones que instaban al amor libre como \u201cNo s\u00e9 decirte no\u201d y \u201cFlaquita\u201d; muy agradecido por la invitaci\u00f3n present\u00f3 a <strong>Esteman<\/strong>, dej\u00e1ndole el escenario listo y a los asistentes emocionados.<\/p>\n<p><img loading=\"lazy\" decoding=\"async\" class=\"alignnone size-full\" src=\"https:\/\/farm8.staticflickr.com\/7884\/46360721365_9baefe1c31_c.jpg\" width=\"800\" height=\"534\" \/><\/p>\n<p><strong><em>&gt;&gt;<a href=\"https:\/\/www.flickr.com\/photos\/reconocemx\/albums\/72157707322563804\" target=\"_blank\" rel=\"noopener\">Disfruta nuestra galer\u00eda completa de Esteman en El Plaza<\/a>&lt;&lt;<\/em><\/strong><\/p>\n<p>Entre m\u00fasicos de toda Latinoam\u00e9rica, <strong>Esteban Mateus<\/strong> hizo su gran aparici\u00f3n agitando las caderas entre sombras con el vitoreo proveniente de los asistentes de fondo. El p\u00fablico explot\u00f3 en gritos y coreo con fuerza \u201cDe otro planeta\u201d, la canci\u00f3n que dio inicio a la fiesta por el amor. El colombiano deleit\u00f3 a los asistentes con canciones de su m\u00e1s reciente disco como \u201cSociedad\u201d y \u201c7 D\u00edas\u201d, as\u00ed como canciones de otros discos como \u201cCa\u00f3tica belleza\u201d y \u201cEl distractor\u201d.<\/p>\n<p><img loading=\"lazy\" decoding=\"async\" class=\"alignnone size-full\" src=\"https:\/\/farm8.staticflickr.com\/7840\/32333262937_664a872ae6_c.jpg\" width=\"800\" height=\"547\" \/><\/p>\n<p><strong><em>&gt;&gt;<a href=\"https:\/\/www.flickr.com\/photos\/reconocemx\/albums\/72157707322563804\" target=\"_blank\" rel=\"noopener\">Disfruta nuestra galer\u00eda completa de Esteman en El Plaza<\/a>&lt;&lt;<\/em><\/strong><\/p>\n<p>La primera invitada de la noche fue la cantante argentina <strong>Daniela Spalla<\/strong>, quien interpret\u00f3 \u201cAdelante\u201d con mucha energ\u00eda y emoci\u00f3n. Sin duda, <a href=\"http:\/\/www.reconoce.mx\/entrevista-con-esteman-hablemos-del-amor-libre\/\" target=\"_blank\" rel=\"noopener\">como bien nos mencion\u00f3 <strong>Esteman<\/strong> en una entrevista previa al evento<\/a>, la mejor parte del concierto es cuando comparte escenario con sus amigos, sobre todo con aquellos que lo han acompa\u00f1ado a lo largo de toda su traves\u00eda como es el caso de <strong>Juan Pablo Vega<\/strong> con quien interpret\u00f3 \u201cSe nos perdi\u00f3\u201d.<\/p>\n<p><img loading=\"lazy\" decoding=\"async\" class=\"alignnone size-full\" src=\"https:\/\/farm8.staticflickr.com\/7875\/46360716615_50c2288d9a_c.jpg\" width=\"800\" height=\"534\" \/><\/p>\n<p><strong><em>&gt;&gt;<a href=\"https:\/\/www.flickr.com\/photos\/reconocemx\/albums\/72157707322563804\" target=\"_blank\" rel=\"noopener\">Disfruta nuestra galer\u00eda completa de Esteman en El Plaza<\/a>&lt;&lt;<\/em><\/strong><\/p>\n<p>Otra de las espectaculares presentaciones estuvo a cargo de <strong>Ximena Sari\u00f1ana<\/strong>, quien puso a bailar al p\u00fablico con \u201cNoche sensorial\u201d. Adem\u00e1s de <strong>Marco Madero<\/strong>, quien volvi\u00f3 a subirse al escenario, esta vez para acompa\u00f1ar a Esteban y al resto de los m\u00fasicos para tocar \u201cOn top\u201d, uno de los sencillos del \u00faltimo disco. Los integrantes de <strong>Daniel, me est\u00e1s matando<\/strong> amenizaron la fiesta con la m\u00e1gica tonada de \u201cBah\u00eda San Miguel\u201d. Y <strong>Elsa y el mar<\/strong> fue una de las \u00faltimas en subir al escenario, sin embargo, no por ello fue menos en\u00e9rgica con su presentaci\u00f3n de \u201cBurkina Faso\u201d.<\/p>\n<p><img loading=\"lazy\" decoding=\"async\" class=\"alignnone size-full\" src=\"https:\/\/farm8.staticflickr.com\/7830\/46551923194_de2259f4a6_c.jpg\" width=\"800\" height=\"534\" \/><\/p>\n<p><strong><em>&gt;&gt;<a href=\"https:\/\/www.flickr.com\/photos\/reconocemx\/albums\/72157707322563804\" target=\"_blank\" rel=\"noopener\">Disfruta nuestra galer\u00eda completa de Esteman en El Plaza<\/a>&lt;&lt;<\/em><\/strong><\/p>\n<p>Entre gritos y baile, <strong>Esteman<\/strong> present\u00f3 \u201cMr. Trance\u201d y \u201cSolo\u201d. Aunque a decir verdad la canci\u00f3n m\u00e1s esperada de la noche fue \u201cAmor libre\u201d, la cual hizo retumbar <strong>El Plaza<\/strong> con cientos de personas core\u00e1ndola con el amor sinti\u00e9ndose en el pecho. Entre los asistentes hubo muchas parejas que iban con la intenci\u00f3n de difundir este amor libre y que gritaron con fuerza haciendo eco a la voz de Esteban.<\/p>\n<p><img loading=\"lazy\" decoding=\"async\" class=\"alignnone size-full\" src=\"https:\/\/farm8.staticflickr.com\/7867\/47223135952_e8d276d7e7_c.jpg\" width=\"800\" height=\"534\" \/><\/p>\n<p><strong><em>&gt;&gt;<a href=\"https:\/\/www.flickr.com\/photos\/reconocemx\/albums\/72157707322563804\" target=\"_blank\" rel=\"noopener\">Disfruta nuestra galer\u00eda completa de Esteman en El Plaza<\/a>&lt;&lt;<\/em><\/strong><\/p>\n<p>Entre v\u00edtores y baile, <strong>Esteman<\/strong> intent\u00f3 dar por concluido el concierto tres veces, la primera con \u201cBaila\u201d, la segunda con \u201cFuimos amor\u201d y para la tercera, que ya no estaba planeada seg\u00fan dijo al retomar el poder del micr\u00f3fono, improvis\u00f3 un poco con \u201cPobre coraz\u00f3n\u201d envuelto en la bandera mexicana con mucha emoci\u00f3n en la voz. As\u00ed despidi\u00f3 a los asistentes, dando por terminado un concierto lleno de amor y buena vibra. En resumen, fue una noche sensorial, llena de baile, alegr\u00eda, emoci\u00f3n y mucho mucho amor.<\/p>\n<p>&nbsp;<\/p>\n<p>&nbsp;<\/p>\n","protected":false},"excerpt":{"rendered":"<p>El pasado 28 de febrero Esteman se present\u00f3 en El Plaza Condesa para iniciar con la gira promocional de su nuevo disco \u201cAmor libre\u201d, el cual fue presentado oficialmente el 14 de febrero en M\u00e9xico.<\/p>\n","protected":false},"author":2,"featured_media":81523,"comment_status":"open","ping_status":"open","sticky":false,"template":"","format":"standard","meta":{"footnotes":""},"categories":[1,18,17],"tags":[],"class_list":["post-81521","post","type-post","status-publish","format-standard","has-post-thumbnail","hentry","category-cultura","category-musica","category-principal"],"yoast_head":"<!-- This site is optimized with the Yoast SEO plugin v24.7 - https:\/\/yoast.com\/wordpress\/plugins\/seo\/ -->\n<title>Esteman en El Plaza: una noche sensorial &#171; Reconoce MX<\/title>\n<meta name=\"robots\" content=\"index, follow, max-snippet:-1, max-image-preview:large, max-video-preview:-1\" \/>\n<link rel=\"canonical\" href=\"https:\/\/www.reconoce.mx\/?p=81521\" \/>\n<meta property=\"og:locale\" content=\"es_ES\" \/>\n<meta property=\"og:type\" content=\"article\" \/>\n<meta property=\"og:title\" content=\"Esteman en El Plaza: una noche sensorial &#171; Reconoce MX\" \/>\n<meta property=\"og:description\" content=\"El pasado 28 de febrero Esteman se present\u00f3 en El Plaza Condesa para iniciar con la gira promocional de su nuevo disco \u201cAmor libre\u201d, el cual fue presentado oficialmente el 14 de febrero en M\u00e9xico.\" \/>\n<meta property=\"og:url\" content=\"https:\/\/www.reconoce.mx\/?p=81521\" \/>\n<meta property=\"og:site_name\" content=\"Reconoce MX\" \/>\n<meta property=\"article:publisher\" content=\"https:\/\/es-la.facebook.com\/ReconoceMX\/\" \/>\n<meta property=\"article:published_time\" content=\"2019-03-04T06:05:10+00:00\" \/>\n<meta property=\"og:image\" content=\"https:\/\/www.reconoce.mx\/wp-content\/uploads\/2019\/03\/esteman-cover.jpg\" \/>\n\t<meta property=\"og:image:width\" content=\"590\" \/>\n\t<meta property=\"og:image:height\" content=\"380\" \/>\n\t<meta property=\"og:image:type\" content=\"image\/jpeg\" \/>\n<meta name=\"author\" content=\"Reconoce MX\" \/>\n<meta name=\"twitter:card\" content=\"summary_large_image\" \/>\n<meta name=\"twitter:creator\" content=\"@reconocemx\" \/>\n<meta name=\"twitter:site\" content=\"@reconocemx\" \/>\n<meta name=\"twitter:label1\" content=\"Escrito por\" \/>\n\t<meta name=\"twitter:data1\" content=\"Reconoce MX\" \/>\n\t<meta name=\"twitter:label2\" content=\"Tiempo de lectura\" \/>\n\t<meta name=\"twitter:data2\" content=\"3 minutos\" \/>\n<script type=\"application\/ld+json\" class=\"yoast-schema-graph\">{\"@context\":\"https:\/\/schema.org\",\"@graph\":[{\"@type\":\"Article\",\"@id\":\"https:\/\/www.reconoce.mx\/?p=81521#article\",\"isPartOf\":{\"@id\":\"https:\/\/www.reconoce.mx\/?p=81521\"},\"author\":{\"name\":\"Reconoce MX\",\"@id\":\"http:\/\/www.reconoce.mx\/#\/schema\/person\/2117e997d7051dc15d6880eaf9bca0b2\"},\"headline\":\"Esteman en El Plaza: una noche sensorial\",\"datePublished\":\"2019-03-04T06:05:10+00:00\",\"mainEntityOfPage\":{\"@id\":\"https:\/\/www.reconoce.mx\/?p=81521\"},\"wordCount\":625,\"commentCount\":0,\"publisher\":{\"@id\":\"http:\/\/www.reconoce.mx\/#organization\"},\"image\":{\"@id\":\"https:\/\/www.reconoce.mx\/?p=81521#primaryimage\"},\"thumbnailUrl\":\"https:\/\/www.reconoce.mx\/wp-content\/uploads\/2019\/03\/esteman-cover.jpg\",\"articleSection\":[\"Cultura\",\"M\u00fasica\",\"Principal\"],\"inLanguage\":\"es\",\"potentialAction\":[{\"@type\":\"CommentAction\",\"name\":\"Comment\",\"target\":[\"https:\/\/www.reconoce.mx\/?p=81521#respond\"]}]},{\"@type\":\"WebPage\",\"@id\":\"https:\/\/www.reconoce.mx\/?p=81521\",\"url\":\"https:\/\/www.reconoce.mx\/?p=81521\",\"name\":\"Esteman en El Plaza: una noche sensorial &#171; Reconoce MX\",\"isPartOf\":{\"@id\":\"http:\/\/www.reconoce.mx\/#website\"},\"primaryImageOfPage\":{\"@id\":\"https:\/\/www.reconoce.mx\/?p=81521#primaryimage\"},\"image\":{\"@id\":\"https:\/\/www.reconoce.mx\/?p=81521#primaryimage\"},\"thumbnailUrl\":\"https:\/\/www.reconoce.mx\/wp-content\/uploads\/2019\/03\/esteman-cover.jpg\",\"datePublished\":\"2019-03-04T06:05:10+00:00\",\"breadcrumb\":{\"@id\":\"https:\/\/www.reconoce.mx\/?p=81521#breadcrumb\"},\"inLanguage\":\"es\",\"potentialAction\":[{\"@type\":\"ReadAction\",\"target\":[\"https:\/\/www.reconoce.mx\/?p=81521\"]}]},{\"@type\":\"ImageObject\",\"inLanguage\":\"es\",\"@id\":\"https:\/\/www.reconoce.mx\/?p=81521#primaryimage\",\"url\":\"https:\/\/www.reconoce.mx\/wp-content\/uploads\/2019\/03\/esteman-cover.jpg\",\"contentUrl\":\"https:\/\/www.reconoce.mx\/wp-content\/uploads\/2019\/03\/esteman-cover.jpg\",\"width\":590,\"height\":380},{\"@type\":\"BreadcrumbList\",\"@id\":\"https:\/\/www.reconoce.mx\/?p=81521#breadcrumb\",\"itemListElement\":[{\"@type\":\"ListItem\",\"position\":1,\"name\":\"Portada\",\"item\":\"http:\/\/www.reconoce.mx\/\"},{\"@type\":\"ListItem\",\"position\":2,\"name\":\"Esteman en El Plaza: una noche sensorial\"}]},{\"@type\":\"WebSite\",\"@id\":\"http:\/\/www.reconoce.mx\/#website\",\"url\":\"http:\/\/www.reconoce.mx\/\",\"name\":\"Reconoce MX\",\"description\":\"En Reconoce MX difundimos arte, cultura y conciencia social en M\u00e9xico. Tu ciudad en otra perspectiva.\",\"publisher\":{\"@id\":\"http:\/\/www.reconoce.mx\/#organization\"},\"potentialAction\":[{\"@type\":\"SearchAction\",\"target\":{\"@type\":\"EntryPoint\",\"urlTemplate\":\"http:\/\/www.reconoce.mx\/?s={search_term_string}\"},\"query-input\":{\"@type\":\"PropertyValueSpecification\",\"valueRequired\":true,\"valueName\":\"search_term_string\"}}],\"inLanguage\":\"es\"},{\"@type\":\"Organization\",\"@id\":\"http:\/\/www.reconoce.mx\/#organization\",\"name\":\"Reconoce MX\",\"url\":\"http:\/\/www.reconoce.mx\/\",\"logo\":{\"@type\":\"ImageObject\",\"inLanguage\":\"es\",\"@id\":\"http:\/\/www.reconoce.mx\/#\/schema\/logo\/image\/\",\"url\":\"https:\/\/www.reconoce.mx\/wp-content\/uploads\/2019\/03\/logorcmx-good-1.png\",\"contentUrl\":\"https:\/\/www.reconoce.mx\/wp-content\/uploads\/2019\/03\/logorcmx-good-1.png\",\"width\":280,\"height\":90,\"caption\":\"Reconoce MX\"},\"image\":{\"@id\":\"http:\/\/www.reconoce.mx\/#\/schema\/logo\/image\/\"},\"sameAs\":[\"https:\/\/es-la.facebook.com\/ReconoceMX\/\",\"https:\/\/x.com\/reconocemx\",\"http:\/\/@reconocemx\"]},{\"@type\":\"Person\",\"@id\":\"http:\/\/www.reconoce.mx\/#\/schema\/person\/2117e997d7051dc15d6880eaf9bca0b2\",\"name\":\"Reconoce MX\",\"image\":{\"@type\":\"ImageObject\",\"inLanguage\":\"es\",\"@id\":\"http:\/\/www.reconoce.mx\/#\/schema\/person\/image\/\",\"url\":\"https:\/\/secure.gravatar.com\/avatar\/6c8d4dc7569ca1c90c5fdcc349f839d5ddef6fe1e70b4337ead2ef1a4c43fc3a?s=96&d=identicon&r=g\",\"contentUrl\":\"https:\/\/secure.gravatar.com\/avatar\/6c8d4dc7569ca1c90c5fdcc349f839d5ddef6fe1e70b4337ead2ef1a4c43fc3a?s=96&d=identicon&r=g\",\"caption\":\"Reconoce MX\"},\"description\":\"Reconoce MX es un proyecto de difusi\u00f3n art\u00edstica, cultural y de conciencia social que est\u00e1 enfocado a difundir y fomentar el entretenimiento alternativo de calidad para todo el p\u00fablico que comparta el mismo entusiasmo.\",\"sameAs\":[\"http:\/\/www.reconoce.mx\"],\"url\":\"https:\/\/www.reconoce.mx\/?author=2\"}]}<\/script>\n<!-- \/ Yoast SEO plugin. -->","yoast_head_json":{"title":"Esteman en El Plaza: una noche sensorial &#171; Reconoce MX","robots":{"index":"index","follow":"follow","max-snippet":"max-snippet:-1","max-image-preview":"max-image-preview:large","max-video-preview":"max-video-preview:-1"},"canonical":"https:\/\/www.reconoce.mx\/?p=81521","og_locale":"es_ES","og_type":"article","og_title":"Esteman en El Plaza: una noche sensorial &#171; Reconoce MX","og_description":"El pasado 28 de febrero Esteman se present\u00f3 en El Plaza Condesa para iniciar con la gira promocional de su nuevo disco \u201cAmor libre\u201d, el cual fue presentado oficialmente el 14 de febrero en M\u00e9xico.","og_url":"https:\/\/www.reconoce.mx\/?p=81521","og_site_name":"Reconoce MX","article_publisher":"https:\/\/es-la.facebook.com\/ReconoceMX\/","article_published_time":"2019-03-04T06:05:10+00:00","og_image":[{"width":590,"height":380,"url":"https:\/\/www.reconoce.mx\/wp-content\/uploads\/2019\/03\/esteman-cover.jpg","type":"image\/jpeg"}],"author":"Reconoce MX","twitter_card":"summary_large_image","twitter_creator":"@reconocemx","twitter_site":"@reconocemx","twitter_misc":{"Escrito por":"Reconoce MX","Tiempo de lectura":"3 minutos"},"schema":{"@context":"https:\/\/schema.org","@graph":[{"@type":"Article","@id":"https:\/\/www.reconoce.mx\/?p=81521#article","isPartOf":{"@id":"https:\/\/www.reconoce.mx\/?p=81521"},"author":{"name":"Reconoce MX","@id":"http:\/\/www.reconoce.mx\/#\/schema\/person\/2117e997d7051dc15d6880eaf9bca0b2"},"headline":"Esteman en El Plaza: una noche sensorial","datePublished":"2019-03-04T06:05:10+00:00","mainEntityOfPage":{"@id":"https:\/\/www.reconoce.mx\/?p=81521"},"wordCount":625,"commentCount":0,"publisher":{"@id":"http:\/\/www.reconoce.mx\/#organization"},"image":{"@id":"https:\/\/www.reconoce.mx\/?p=81521#primaryimage"},"thumbnailUrl":"https:\/\/www.reconoce.mx\/wp-content\/uploads\/2019\/03\/esteman-cover.jpg","articleSection":["Cultura","M\u00fasica","Principal"],"inLanguage":"es","potentialAction":[{"@type":"CommentAction","name":"Comment","target":["https:\/\/www.reconoce.mx\/?p=81521#respond"]}]},{"@type":"WebPage","@id":"https:\/\/www.reconoce.mx\/?p=81521","url":"https:\/\/www.reconoce.mx\/?p=81521","name":"Esteman en El Plaza: una noche sensorial &#171; Reconoce MX","isPartOf":{"@id":"http:\/\/www.reconoce.mx\/#website"},"primaryImageOfPage":{"@id":"https:\/\/www.reconoce.mx\/?p=81521#primaryimage"},"image":{"@id":"https:\/\/www.reconoce.mx\/?p=81521#primaryimage"},"thumbnailUrl":"https:\/\/www.reconoce.mx\/wp-content\/uploads\/2019\/03\/esteman-cover.jpg","datePublished":"2019-03-04T06:05:10+00:00","breadcrumb":{"@id":"https:\/\/www.reconoce.mx\/?p=81521#breadcrumb"},"inLanguage":"es","potentialAction":[{"@type":"ReadAction","target":["https:\/\/www.reconoce.mx\/?p=81521"]}]},{"@type":"ImageObject","inLanguage":"es","@id":"https:\/\/www.reconoce.mx\/?p=81521#primaryimage","url":"https:\/\/www.reconoce.mx\/wp-content\/uploads\/2019\/03\/esteman-cover.jpg","contentUrl":"https:\/\/www.reconoce.mx\/wp-content\/uploads\/2019\/03\/esteman-cover.jpg","width":590,"height":380},{"@type":"BreadcrumbList","@id":"https:\/\/www.reconoce.mx\/?p=81521#breadcrumb","itemListElement":[{"@type":"ListItem","position":1,"name":"Portada","item":"http:\/\/www.reconoce.mx\/"},{"@type":"ListItem","position":2,"name":"Esteman en El Plaza: una noche sensorial"}]},{"@type":"WebSite","@id":"http:\/\/www.reconoce.mx\/#website","url":"http:\/\/www.reconoce.mx\/","name":"Reconoce MX","description":"En Reconoce MX difundimos arte, cultura y conciencia social en M\u00e9xico. Tu ciudad en otra perspectiva.","publisher":{"@id":"http:\/\/www.reconoce.mx\/#organization"},"potentialAction":[{"@type":"SearchAction","target":{"@type":"EntryPoint","urlTemplate":"http:\/\/www.reconoce.mx\/?s={search_term_string}"},"query-input":{"@type":"PropertyValueSpecification","valueRequired":true,"valueName":"search_term_string"}}],"inLanguage":"es"},{"@type":"Organization","@id":"http:\/\/www.reconoce.mx\/#organization","name":"Reconoce MX","url":"http:\/\/www.reconoce.mx\/","logo":{"@type":"ImageObject","inLanguage":"es","@id":"http:\/\/www.reconoce.mx\/#\/schema\/logo\/image\/","url":"https:\/\/www.reconoce.mx\/wp-content\/uploads\/2019\/03\/logorcmx-good-1.png","contentUrl":"https:\/\/www.reconoce.mx\/wp-content\/uploads\/2019\/03\/logorcmx-good-1.png","width":280,"height":90,"caption":"Reconoce MX"},"image":{"@id":"http:\/\/www.reconoce.mx\/#\/schema\/logo\/image\/"},"sameAs":["https:\/\/es-la.facebook.com\/ReconoceMX\/","https:\/\/x.com\/reconocemx","http:\/\/@reconocemx"]},{"@type":"Person","@id":"http:\/\/www.reconoce.mx\/#\/schema\/person\/2117e997d7051dc15d6880eaf9bca0b2","name":"Reconoce MX","image":{"@type":"ImageObject","inLanguage":"es","@id":"http:\/\/www.reconoce.mx\/#\/schema\/person\/image\/","url":"https:\/\/secure.gravatar.com\/avatar\/6c8d4dc7569ca1c90c5fdcc349f839d5ddef6fe1e70b4337ead2ef1a4c43fc3a?s=96&d=identicon&r=g","contentUrl":"https:\/\/secure.gravatar.com\/avatar\/6c8d4dc7569ca1c90c5fdcc349f839d5ddef6fe1e70b4337ead2ef1a4c43fc3a?s=96&d=identicon&r=g","caption":"Reconoce MX"},"description":"Reconoce MX es un proyecto de difusi\u00f3n art\u00edstica, cultural y de conciencia social que est\u00e1 enfocado a difundir y fomentar el entretenimiento alternativo de calidad para todo el p\u00fablico que comparta el mismo entusiasmo.","sameAs":["http:\/\/www.reconoce.mx"],"url":"https:\/\/www.reconoce.mx\/?author=2"}]}},"_links":{"self":[{"href":"https:\/\/www.reconoce.mx\/index.php?rest_route=\/wp\/v2\/posts\/81521","targetHints":{"allow":["GET"]}}],"collection":[{"href":"https:\/\/www.reconoce.mx\/index.php?rest_route=\/wp\/v2\/posts"}],"about":[{"href":"https:\/\/www.reconoce.mx\/index.php?rest_route=\/wp\/v2\/types\/post"}],"author":[{"embeddable":true,"href":"https:\/\/www.reconoce.mx\/index.php?rest_route=\/wp\/v2\/users\/2"}],"replies":[{"embeddable":true,"href":"https:\/\/www.reconoce.mx\/index.php?rest_route=%2Fwp%2Fv2%2Fcomments&post=81521"}],"version-history":[{"count":1,"href":"https:\/\/www.reconoce.mx\/index.php?rest_route=\/wp\/v2\/posts\/81521\/revisions"}],"predecessor-version":[{"id":81524,"href":"https:\/\/www.reconoce.mx\/index.php?rest_route=\/wp\/v2\/posts\/81521\/revisions\/81524"}],"wp:featuredmedia":[{"embeddable":true,"href":"https:\/\/www.reconoce.mx\/index.php?rest_route=\/wp\/v2\/media\/81523"}],"wp:attachment":[{"href":"https:\/\/www.reconoce.mx\/index.php?rest_route=%2Fwp%2Fv2%2Fmedia&parent=81521"}],"wp:term":[{"taxonomy":"category","embeddable":true,"href":"https:\/\/www.reconoce.mx\/index.php?rest_route=%2Fwp%2Fv2%2Fcategories&post=81521"},{"taxonomy":"post_tag","embeddable":true,"href":"https:\/\/www.reconoce.mx\/index.php?rest_route=%2Fwp%2Fv2%2Ftags&post=81521"}],"curies":[{"name":"wp","href":"https:\/\/api.w.org\/{rel}","templated":true}]}}