{"id":81525,"date":"2019-03-04T00:06:33","date_gmt":"2019-03-04T06:06:33","guid":{"rendered":"http:\/\/www.reconoce.mx\/?p=81525"},"modified":"2019-03-04T08:19:35","modified_gmt":"2019-03-04T14:19:35","slug":"ficunam9-o-processo","status":"publish","type":"post","link":"https:\/\/www.reconoce.mx\/?p=81525","title":{"rendered":"#FICUNAM9: \u00abO processo\u00bb"},"content":{"rendered":"<p><strong> Por <a title=\"@AsfaltosTweets\" href=\"http:\/\/twitter.com\/AsfaltosTweets\" target=\"_blank\" rel=\"noopener noreferrer\" data-slimstat-type=\"0\" data-slimstat-callback=\"false\" data-slimstat-tracking=\"true\">Asfaltos<\/a><\/strong>.<\/p>\n<p>Contin\u00faa desarroll\u00e1ndose el <strong>Festival Internacional de Cine UNAM, <a href=\"http:\/\/www.reconoce.mx\/?s=ficunam\" target=\"_blank\" rel=\"noopener\">FICUNAM<\/a><\/strong>, una ventana importante para un cine distinto que permite la diversidad de voces y de miradas. En el marco de este festival, en el <strong>Centro Cultural Universitario de la UNAM<\/strong>, tuve la oportunidad de disfrutar de un documental tremendo. La realizadora de la producci\u00f3n de Brasil, Pa\u00edses Bajos y Alemania, \u00abO processo\u00bb (2018), es la brasile\u00f1a <strong>Maria Augusta Ramos<\/strong>.<\/p>\n<p><a href=\"http:\/\/www.reconoce.mx\/wp-content\/uploads\/2019\/03\/o-processo-poster.jpg\"><img loading=\"lazy\" decoding=\"async\" class=\"aligncenter size-full wp-image-81529\" src=\"http:\/\/www.reconoce.mx\/wp-content\/uploads\/2019\/03\/o-processo-poster.jpg\" alt=\"\" width=\"1090\" height=\"1600\" srcset=\"https:\/\/www.reconoce.mx\/wp-content\/uploads\/2019\/03\/o-processo-poster.jpg 1090w, https:\/\/www.reconoce.mx\/wp-content\/uploads\/2019\/03\/o-processo-poster-204x300.jpg 204w, https:\/\/www.reconoce.mx\/wp-content\/uploads\/2019\/03\/o-processo-poster-768x1127.jpg 768w, https:\/\/www.reconoce.mx\/wp-content\/uploads\/2019\/03\/o-processo-poster-698x1024.jpg 698w, https:\/\/www.reconoce.mx\/wp-content\/uploads\/2019\/03\/o-processo-poster-150x220.jpg 150w, https:\/\/www.reconoce.mx\/wp-content\/uploads\/2019\/03\/o-processo-poster-700x1028.jpg 700w, https:\/\/www.reconoce.mx\/wp-content\/uploads\/2019\/03\/o-processo-poster-658x966.jpg 658w, https:\/\/www.reconoce.mx\/wp-content\/uploads\/2019\/03\/o-processo-poster-300x440.jpg 300w\" sizes=\"auto, (max-width: 1090px) 100vw, 1090px\" \/><\/a><\/p>\n<p>Brasil, 2013, momento importante para la naci\u00f3n sudamericana en el que se pone sobre la mesa la destituci\u00f3n de la entonces presidenta <strong>Dilma Rousseff<\/strong>. Por una serie de faltas que la oposici\u00f3n empieza a escalar, el <strong>Congreso Nacional<\/strong>, con una mayor\u00eda opositora, se decide a llegar hasta las \u00faltimas consecuencias y remover as\u00ed del poder a la presidenta que lleg\u00f3 al puesto en 2011 con el apoyo de una importante mayor\u00eda.<\/p>\n<p>En las primeras im\u00e1genes del trabajo se nos permite observar una vista a\u00e9rea de la capital brasile\u00f1a, Brasilia, donde la poblaci\u00f3n se congrega frente a pantallas para ser testigos del voto de los representantes del pueblo. La decisi\u00f3n que se observa, como si se tratase de un partido de f\u00fatbol con hinchas en ambos lados, es la de si se llevar\u00e1 a proceso el analizar las faltas presentadas contra el gobierno de Rousseff, para entonces arrancar el camino hacia la posible destituci\u00f3n. La decisi\u00f3n final es s\u00ed ir contra la presidenta; un lado de la poblaci\u00f3n celebra, mientras el otro permanece en silencio.<\/p>\n<p><a href=\"http:\/\/www.reconoce.mx\/wp-content\/uploads\/2019\/03\/o-processo.jpg\"><img loading=\"lazy\" decoding=\"async\" class=\"aligncenter size-full wp-image-81530\" src=\"http:\/\/www.reconoce.mx\/wp-content\/uploads\/2019\/03\/o-processo.jpg\" alt=\"\" width=\"700\" height=\"505\" srcset=\"https:\/\/www.reconoce.mx\/wp-content\/uploads\/2019\/03\/o-processo.jpg 700w, https:\/\/www.reconoce.mx\/wp-content\/uploads\/2019\/03\/o-processo-300x216.jpg 300w, https:\/\/www.reconoce.mx\/wp-content\/uploads\/2019\/03\/o-processo-150x108.jpg 150w, https:\/\/www.reconoce.mx\/wp-content\/uploads\/2019\/03\/o-processo-658x475.jpg 658w\" sizes=\"auto, (max-width: 700px) 100vw, 700px\" \/><\/a><\/p>\n<p>Sin ser un reportaje de tipo noticioso, y mas bien un testimonio cuidadoso de precisamente \u00abO processo\u00bb de destituci\u00f3n contra<strong> Dilma Rousseff<\/strong>, <strong>Maria Augusta Ramos<\/strong> nos coloca en medio de uno de los momentos pol\u00edticos m\u00e1s conflictivos de su naci\u00f3n. Si uno no conoce la situaci\u00f3n que se vive en aquel pa\u00eds, no resulta fundamental para ir siguiendo la trama que con cuidado se nos va presentando detalle a detalle. La realizadora s\u00ed toma partido en el momento hist\u00f3rico, pero lo hace con elegancia present\u00e1ndonos el amplio panorama de las cosas.<\/p>\n<p>Por un lado vamos siguiendo a la fracci\u00f3n del partido de la presidenta, el <strong>PT<\/strong>, quienes con argumentos y pruebas van intentando contrarrestar la que parece ser una decisi\u00f3n que es solo cuesti\u00f3n de tiempo que se tome. Por el otro lado, en la oposici\u00f3n, vemos mas bien una lucha en el mundo de las ideas. A remarcar, con importante peso, la presencia de la abogada y profesora en la Universidad de S\u00e3o Paulo, <strong>Janaina Paschoal<\/strong>, quien lidera la parte emocional del proceso; llegando inclusive a momentos rid\u00edculos que no hacen mas que ofender a quien le observa.<\/p>\n<p><a href=\"http:\/\/www.reconoce.mx\/wp-content\/uploads\/2019\/03\/President6.jpg\"><img loading=\"lazy\" decoding=\"async\" class=\"aligncenter size-full wp-image-81531\" src=\"http:\/\/www.reconoce.mx\/wp-content\/uploads\/2019\/03\/President6.jpg\" alt=\"\" width=\"960\" height=\"540\" srcset=\"https:\/\/www.reconoce.mx\/wp-content\/uploads\/2019\/03\/President6.jpg 960w, https:\/\/www.reconoce.mx\/wp-content\/uploads\/2019\/03\/President6-300x169.jpg 300w, https:\/\/www.reconoce.mx\/wp-content\/uploads\/2019\/03\/President6-768x432.jpg 768w, https:\/\/www.reconoce.mx\/wp-content\/uploads\/2019\/03\/President6-150x84.jpg 150w, https:\/\/www.reconoce.mx\/wp-content\/uploads\/2019\/03\/President6-700x394.jpg 700w, https:\/\/www.reconoce.mx\/wp-content\/uploads\/2019\/03\/President6-658x370.jpg 658w\" sizes=\"auto, (max-width: 960px) 100vw, 960px\" \/><\/a><\/p>\n<p>S\u00ed, en \u00abO processo\u00bb vamos siendo testigos de lo que la realizadora brasile\u00f1a nos presenta como un golpe de estado institucional. Sin frenos, como parte de un engranaje imparable que tambi\u00e9n es apoyado por los medios de comunicaci\u00f3n masivos, el camino para destituir a <strong>Dilma Rousseff <\/strong>es inevitable. En un momento de autocr\u00edtica, pronunciado por una de las senadoras que defiende a la presidenta, reflexiona \u00e9sta sobre las fallas que el gobierno que quieren sacar ha tenido; las fallas y las ausencias, sin embargo, no deber\u00edan haber llevado a su parecer al resultado final que ya muchos conocemos.<\/p>\n<p>No miento al afirmar que el documental resulta tremendamente poderoso. Ya que si bien pudiera parecer que somos ajenos a la pol\u00edtica de la naci\u00f3n brasile\u00f1a, en cuanto vamos observando todos los elementos de ese momento hist\u00f3rico, nos queda claro que estamos frente a una lucha que hemos visto ya antes en b\u00fasqueda del poder. Terminar de ver \u00abO processo\u00bb es un ejercicio desgastante, y no por la calidad de \u00e9ste que marcar\u00eda como impecable, sino por lo duro que es ver parte del camino que ha llevado a Brasil a la crisis que actualmente se vive. Quienes impulsaron la destituci\u00f3n de <strong>Dilma Rousseff<\/strong> tienen ahora a su pa\u00eds en una situaci\u00f3n delicada; m\u00e1s all\u00e1 de aquellas primeras faltas que le imputaron a la ahora expresidenta.<\/p>\n<style>.embed-container { position: relative; padding-bottom: 56.25%; height: 0; overflow: hidden; max-width: 100%; } .embed-container iframe, .embed-container object, .embed-container embed { position: absolute; top: 0; left: 0; width: 100%; height: 100%; }<\/style>\n<div class=\"embed-container\"><iframe src=\"https:\/\/www.youtube.com\/embed\/Z3rHUGdOXUs\" frameborder=\"0\" allowfullscreen=\"allowfullscreen\"><\/iframe><\/div>\n<p>&nbsp;<\/p>\n<p>\u00abO processo\u00bb pueden disfrutarla todav\u00eda hoy lunes 4 de marzo a las 17:00 horas en el <strong>Cin\u00e9polis Diana<\/strong>; y el domingo 10 de marzo a las 13:30 horas en la <strong>Sala Carlos Monsiv\u00e1is<\/strong> del Centro Cultural Universitario de la UNAM. FICUNAM,<strong> Festival Internacional de Cine UNAM<\/strong>, se celebrar\u00e1 hasta al 10 de marzo de 2019 en distintas sedes en Ciudad de M\u00e9xico. Para m\u00e1s informaci\u00f3n consulta el <a href=\"http:\/\/ficunam.unam.mx\/\" target=\"_blank\" rel=\"noopener\">sitio oficial<\/a>.<\/p>\n<p>&nbsp;<\/p>\n<p>&nbsp;<\/p>\n","protected":false},"excerpt":{"rendered":"<p>Contin\u00faa desarroll\u00e1ndose el Festival Internacional de Cine UNAM, FICUNAM, una ventana importante para un cine distinto que permite la diversidad de voces y de miradas.<\/p>\n","protected":false},"author":2,"featured_media":81532,"comment_status":"open","ping_status":"open","sticky":false,"template":"","format":"standard","meta":{"footnotes":""},"categories":[24,1,17],"tags":[],"class_list":["post-81525","post","type-post","status-publish","format-standard","has-post-thumbnail","hentry","category-cine","category-cultura","category-principal"],"yoast_head":"<!-- This site is optimized with the Yoast SEO plugin v24.7 - https:\/\/yoast.com\/wordpress\/plugins\/seo\/ -->\n<title>#FICUNAM9: &quot;O processo&quot; &#171; Reconoce MX<\/title>\n<meta name=\"robots\" content=\"index, follow, max-snippet:-1, max-image-preview:large, max-video-preview:-1\" \/>\n<link rel=\"canonical\" href=\"http:\/\/www.reconoce.mx\/?p=81525\" \/>\n<meta property=\"og:locale\" content=\"es_ES\" \/>\n<meta property=\"og:type\" content=\"article\" \/>\n<meta property=\"og:title\" content=\"#FICUNAM9: &quot;O processo&quot; &#171; Reconoce MX\" \/>\n<meta property=\"og:description\" content=\"Contin\u00faa desarroll\u00e1ndose el Festival Internacional de Cine UNAM, FICUNAM, una ventana importante para un cine distinto que permite la diversidad de voces y de miradas.\" \/>\n<meta property=\"og:url\" content=\"http:\/\/www.reconoce.mx\/?p=81525\" \/>\n<meta property=\"og:site_name\" content=\"Reconoce MX\" \/>\n<meta property=\"article:publisher\" content=\"https:\/\/es-la.facebook.com\/ReconoceMX\/\" \/>\n<meta property=\"article:published_time\" content=\"2019-03-04T06:06:33+00:00\" \/>\n<meta property=\"article:modified_time\" content=\"2019-03-04T14:19:35+00:00\" \/>\n<meta property=\"og:image\" content=\"http:\/\/www.reconoce.mx\/wp-content\/uploads\/2019\/03\/o-processo-cover-2.jpg\" \/>\n\t<meta property=\"og:image:width\" content=\"588\" \/>\n\t<meta property=\"og:image:height\" content=\"380\" \/>\n\t<meta property=\"og:image:type\" content=\"image\/jpeg\" \/>\n<meta name=\"author\" content=\"Reconoce MX\" \/>\n<meta name=\"twitter:card\" content=\"summary_large_image\" \/>\n<meta name=\"twitter:creator\" content=\"@reconocemx\" \/>\n<meta name=\"twitter:site\" content=\"@reconocemx\" \/>\n<meta name=\"twitter:label1\" content=\"Escrito por\" \/>\n\t<meta name=\"twitter:data1\" content=\"Reconoce MX\" \/>\n\t<meta name=\"twitter:label2\" content=\"Tiempo de lectura\" \/>\n\t<meta name=\"twitter:data2\" content=\"4 minutos\" \/>\n<script type=\"application\/ld+json\" class=\"yoast-schema-graph\">{\"@context\":\"https:\/\/schema.org\",\"@graph\":[{\"@type\":\"Article\",\"@id\":\"http:\/\/www.reconoce.mx\/?p=81525#article\",\"isPartOf\":{\"@id\":\"http:\/\/www.reconoce.mx\/?p=81525\"},\"author\":{\"name\":\"Reconoce MX\",\"@id\":\"http:\/\/www.reconoce.mx\/#\/schema\/person\/2117e997d7051dc15d6880eaf9bca0b2\"},\"headline\":\"#FICUNAM9: \u00abO processo\u00bb\",\"datePublished\":\"2019-03-04T06:06:33+00:00\",\"dateModified\":\"2019-03-04T14:19:35+00:00\",\"mainEntityOfPage\":{\"@id\":\"http:\/\/www.reconoce.mx\/?p=81525\"},\"wordCount\":777,\"commentCount\":0,\"publisher\":{\"@id\":\"http:\/\/www.reconoce.mx\/#organization\"},\"image\":{\"@id\":\"http:\/\/www.reconoce.mx\/?p=81525#primaryimage\"},\"thumbnailUrl\":\"https:\/\/www.reconoce.mx\/wp-content\/uploads\/2019\/03\/o-processo-cover-2.jpg\",\"articleSection\":[\"Cine\",\"Cultura\",\"Principal\"],\"inLanguage\":\"es\",\"potentialAction\":[{\"@type\":\"CommentAction\",\"name\":\"Comment\",\"target\":[\"http:\/\/www.reconoce.mx\/?p=81525#respond\"]}]},{\"@type\":\"WebPage\",\"@id\":\"http:\/\/www.reconoce.mx\/?p=81525\",\"url\":\"http:\/\/www.reconoce.mx\/?p=81525\",\"name\":\"#FICUNAM9: \\\"O processo\\\" &#171; Reconoce MX\",\"isPartOf\":{\"@id\":\"http:\/\/www.reconoce.mx\/#website\"},\"primaryImageOfPage\":{\"@id\":\"http:\/\/www.reconoce.mx\/?p=81525#primaryimage\"},\"image\":{\"@id\":\"http:\/\/www.reconoce.mx\/?p=81525#primaryimage\"},\"thumbnailUrl\":\"https:\/\/www.reconoce.mx\/wp-content\/uploads\/2019\/03\/o-processo-cover-2.jpg\",\"datePublished\":\"2019-03-04T06:06:33+00:00\",\"dateModified\":\"2019-03-04T14:19:35+00:00\",\"breadcrumb\":{\"@id\":\"http:\/\/www.reconoce.mx\/?p=81525#breadcrumb\"},\"inLanguage\":\"es\",\"potentialAction\":[{\"@type\":\"ReadAction\",\"target\":[\"http:\/\/www.reconoce.mx\/?p=81525\"]}]},{\"@type\":\"ImageObject\",\"inLanguage\":\"es\",\"@id\":\"http:\/\/www.reconoce.mx\/?p=81525#primaryimage\",\"url\":\"https:\/\/www.reconoce.mx\/wp-content\/uploads\/2019\/03\/o-processo-cover-2.jpg\",\"contentUrl\":\"https:\/\/www.reconoce.mx\/wp-content\/uploads\/2019\/03\/o-processo-cover-2.jpg\",\"width\":588,\"height\":380},{\"@type\":\"BreadcrumbList\",\"@id\":\"http:\/\/www.reconoce.mx\/?p=81525#breadcrumb\",\"itemListElement\":[{\"@type\":\"ListItem\",\"position\":1,\"name\":\"Portada\",\"item\":\"http:\/\/www.reconoce.mx\/\"},{\"@type\":\"ListItem\",\"position\":2,\"name\":\"#FICUNAM9: \u00abO processo\u00bb\"}]},{\"@type\":\"WebSite\",\"@id\":\"http:\/\/www.reconoce.mx\/#website\",\"url\":\"http:\/\/www.reconoce.mx\/\",\"name\":\"Reconoce MX\",\"description\":\"En Reconoce MX difundimos arte, cultura y conciencia social en M\u00e9xico. Tu ciudad en otra perspectiva.\",\"publisher\":{\"@id\":\"http:\/\/www.reconoce.mx\/#organization\"},\"potentialAction\":[{\"@type\":\"SearchAction\",\"target\":{\"@type\":\"EntryPoint\",\"urlTemplate\":\"http:\/\/www.reconoce.mx\/?s={search_term_string}\"},\"query-input\":{\"@type\":\"PropertyValueSpecification\",\"valueRequired\":true,\"valueName\":\"search_term_string\"}}],\"inLanguage\":\"es\"},{\"@type\":\"Organization\",\"@id\":\"http:\/\/www.reconoce.mx\/#organization\",\"name\":\"Reconoce MX\",\"url\":\"http:\/\/www.reconoce.mx\/\",\"logo\":{\"@type\":\"ImageObject\",\"inLanguage\":\"es\",\"@id\":\"http:\/\/www.reconoce.mx\/#\/schema\/logo\/image\/\",\"url\":\"https:\/\/www.reconoce.mx\/wp-content\/uploads\/2019\/03\/logorcmx-good-1.png\",\"contentUrl\":\"https:\/\/www.reconoce.mx\/wp-content\/uploads\/2019\/03\/logorcmx-good-1.png\",\"width\":280,\"height\":90,\"caption\":\"Reconoce MX\"},\"image\":{\"@id\":\"http:\/\/www.reconoce.mx\/#\/schema\/logo\/image\/\"},\"sameAs\":[\"https:\/\/es-la.facebook.com\/ReconoceMX\/\",\"https:\/\/x.com\/reconocemx\",\"http:\/\/@reconocemx\"]},{\"@type\":\"Person\",\"@id\":\"http:\/\/www.reconoce.mx\/#\/schema\/person\/2117e997d7051dc15d6880eaf9bca0b2\",\"name\":\"Reconoce MX\",\"image\":{\"@type\":\"ImageObject\",\"inLanguage\":\"es\",\"@id\":\"http:\/\/www.reconoce.mx\/#\/schema\/person\/image\/\",\"url\":\"https:\/\/secure.gravatar.com\/avatar\/6c8d4dc7569ca1c90c5fdcc349f839d5ddef6fe1e70b4337ead2ef1a4c43fc3a?s=96&d=identicon&r=g\",\"contentUrl\":\"https:\/\/secure.gravatar.com\/avatar\/6c8d4dc7569ca1c90c5fdcc349f839d5ddef6fe1e70b4337ead2ef1a4c43fc3a?s=96&d=identicon&r=g\",\"caption\":\"Reconoce MX\"},\"description\":\"Reconoce MX es un proyecto de difusi\u00f3n art\u00edstica, cultural y de conciencia social que est\u00e1 enfocado a difundir y fomentar el entretenimiento alternativo de calidad para todo el p\u00fablico que comparta el mismo entusiasmo.\",\"sameAs\":[\"http:\/\/www.reconoce.mx\"],\"url\":\"https:\/\/www.reconoce.mx\/?author=2\"}]}<\/script>\n<!-- \/ Yoast SEO plugin. -->","yoast_head_json":{"title":"#FICUNAM9: \"O processo\" &#171; Reconoce MX","robots":{"index":"index","follow":"follow","max-snippet":"max-snippet:-1","max-image-preview":"max-image-preview:large","max-video-preview":"max-video-preview:-1"},"canonical":"http:\/\/www.reconoce.mx\/?p=81525","og_locale":"es_ES","og_type":"article","og_title":"#FICUNAM9: \"O processo\" &#171; Reconoce MX","og_description":"Contin\u00faa desarroll\u00e1ndose el Festival Internacional de Cine UNAM, FICUNAM, una ventana importante para un cine distinto que permite la diversidad de voces y de miradas.","og_url":"http:\/\/www.reconoce.mx\/?p=81525","og_site_name":"Reconoce MX","article_publisher":"https:\/\/es-la.facebook.com\/ReconoceMX\/","article_published_time":"2019-03-04T06:06:33+00:00","article_modified_time":"2019-03-04T14:19:35+00:00","og_image":[{"width":588,"height":380,"url":"http:\/\/www.reconoce.mx\/wp-content\/uploads\/2019\/03\/o-processo-cover-2.jpg","type":"image\/jpeg"}],"author":"Reconoce MX","twitter_card":"summary_large_image","twitter_creator":"@reconocemx","twitter_site":"@reconocemx","twitter_misc":{"Escrito por":"Reconoce MX","Tiempo de lectura":"4 minutos"},"schema":{"@context":"https:\/\/schema.org","@graph":[{"@type":"Article","@id":"http:\/\/www.reconoce.mx\/?p=81525#article","isPartOf":{"@id":"http:\/\/www.reconoce.mx\/?p=81525"},"author":{"name":"Reconoce MX","@id":"http:\/\/www.reconoce.mx\/#\/schema\/person\/2117e997d7051dc15d6880eaf9bca0b2"},"headline":"#FICUNAM9: \u00abO processo\u00bb","datePublished":"2019-03-04T06:06:33+00:00","dateModified":"2019-03-04T14:19:35+00:00","mainEntityOfPage":{"@id":"http:\/\/www.reconoce.mx\/?p=81525"},"wordCount":777,"commentCount":0,"publisher":{"@id":"http:\/\/www.reconoce.mx\/#organization"},"image":{"@id":"http:\/\/www.reconoce.mx\/?p=81525#primaryimage"},"thumbnailUrl":"https:\/\/www.reconoce.mx\/wp-content\/uploads\/2019\/03\/o-processo-cover-2.jpg","articleSection":["Cine","Cultura","Principal"],"inLanguage":"es","potentialAction":[{"@type":"CommentAction","name":"Comment","target":["http:\/\/www.reconoce.mx\/?p=81525#respond"]}]},{"@type":"WebPage","@id":"http:\/\/www.reconoce.mx\/?p=81525","url":"http:\/\/www.reconoce.mx\/?p=81525","name":"#FICUNAM9: \"O processo\" &#171; Reconoce MX","isPartOf":{"@id":"http:\/\/www.reconoce.mx\/#website"},"primaryImageOfPage":{"@id":"http:\/\/www.reconoce.mx\/?p=81525#primaryimage"},"image":{"@id":"http:\/\/www.reconoce.mx\/?p=81525#primaryimage"},"thumbnailUrl":"https:\/\/www.reconoce.mx\/wp-content\/uploads\/2019\/03\/o-processo-cover-2.jpg","datePublished":"2019-03-04T06:06:33+00:00","dateModified":"2019-03-04T14:19:35+00:00","breadcrumb":{"@id":"http:\/\/www.reconoce.mx\/?p=81525#breadcrumb"},"inLanguage":"es","potentialAction":[{"@type":"ReadAction","target":["http:\/\/www.reconoce.mx\/?p=81525"]}]},{"@type":"ImageObject","inLanguage":"es","@id":"http:\/\/www.reconoce.mx\/?p=81525#primaryimage","url":"https:\/\/www.reconoce.mx\/wp-content\/uploads\/2019\/03\/o-processo-cover-2.jpg","contentUrl":"https:\/\/www.reconoce.mx\/wp-content\/uploads\/2019\/03\/o-processo-cover-2.jpg","width":588,"height":380},{"@type":"BreadcrumbList","@id":"http:\/\/www.reconoce.mx\/?p=81525#breadcrumb","itemListElement":[{"@type":"ListItem","position":1,"name":"Portada","item":"http:\/\/www.reconoce.mx\/"},{"@type":"ListItem","position":2,"name":"#FICUNAM9: \u00abO processo\u00bb"}]},{"@type":"WebSite","@id":"http:\/\/www.reconoce.mx\/#website","url":"http:\/\/www.reconoce.mx\/","name":"Reconoce MX","description":"En Reconoce MX difundimos arte, cultura y conciencia social en M\u00e9xico. Tu ciudad en otra perspectiva.","publisher":{"@id":"http:\/\/www.reconoce.mx\/#organization"},"potentialAction":[{"@type":"SearchAction","target":{"@type":"EntryPoint","urlTemplate":"http:\/\/www.reconoce.mx\/?s={search_term_string}"},"query-input":{"@type":"PropertyValueSpecification","valueRequired":true,"valueName":"search_term_string"}}],"inLanguage":"es"},{"@type":"Organization","@id":"http:\/\/www.reconoce.mx\/#organization","name":"Reconoce MX","url":"http:\/\/www.reconoce.mx\/","logo":{"@type":"ImageObject","inLanguage":"es","@id":"http:\/\/www.reconoce.mx\/#\/schema\/logo\/image\/","url":"https:\/\/www.reconoce.mx\/wp-content\/uploads\/2019\/03\/logorcmx-good-1.png","contentUrl":"https:\/\/www.reconoce.mx\/wp-content\/uploads\/2019\/03\/logorcmx-good-1.png","width":280,"height":90,"caption":"Reconoce MX"},"image":{"@id":"http:\/\/www.reconoce.mx\/#\/schema\/logo\/image\/"},"sameAs":["https:\/\/es-la.facebook.com\/ReconoceMX\/","https:\/\/x.com\/reconocemx","http:\/\/@reconocemx"]},{"@type":"Person","@id":"http:\/\/www.reconoce.mx\/#\/schema\/person\/2117e997d7051dc15d6880eaf9bca0b2","name":"Reconoce MX","image":{"@type":"ImageObject","inLanguage":"es","@id":"http:\/\/www.reconoce.mx\/#\/schema\/person\/image\/","url":"https:\/\/secure.gravatar.com\/avatar\/6c8d4dc7569ca1c90c5fdcc349f839d5ddef6fe1e70b4337ead2ef1a4c43fc3a?s=96&d=identicon&r=g","contentUrl":"https:\/\/secure.gravatar.com\/avatar\/6c8d4dc7569ca1c90c5fdcc349f839d5ddef6fe1e70b4337ead2ef1a4c43fc3a?s=96&d=identicon&r=g","caption":"Reconoce MX"},"description":"Reconoce MX es un proyecto de difusi\u00f3n art\u00edstica, cultural y de conciencia social que est\u00e1 enfocado a difundir y fomentar el entretenimiento alternativo de calidad para todo el p\u00fablico que comparta el mismo entusiasmo.","sameAs":["http:\/\/www.reconoce.mx"],"url":"https:\/\/www.reconoce.mx\/?author=2"}]}},"_links":{"self":[{"href":"https:\/\/www.reconoce.mx\/index.php?rest_route=\/wp\/v2\/posts\/81525","targetHints":{"allow":["GET"]}}],"collection":[{"href":"https:\/\/www.reconoce.mx\/index.php?rest_route=\/wp\/v2\/posts"}],"about":[{"href":"https:\/\/www.reconoce.mx\/index.php?rest_route=\/wp\/v2\/types\/post"}],"author":[{"embeddable":true,"href":"https:\/\/www.reconoce.mx\/index.php?rest_route=\/wp\/v2\/users\/2"}],"replies":[{"embeddable":true,"href":"https:\/\/www.reconoce.mx\/index.php?rest_route=%2Fwp%2Fv2%2Fcomments&post=81525"}],"version-history":[{"count":2,"href":"https:\/\/www.reconoce.mx\/index.php?rest_route=\/wp\/v2\/posts\/81525\/revisions"}],"predecessor-version":[{"id":81534,"href":"https:\/\/www.reconoce.mx\/index.php?rest_route=\/wp\/v2\/posts\/81525\/revisions\/81534"}],"wp:featuredmedia":[{"embeddable":true,"href":"https:\/\/www.reconoce.mx\/index.php?rest_route=\/wp\/v2\/media\/81532"}],"wp:attachment":[{"href":"https:\/\/www.reconoce.mx\/index.php?rest_route=%2Fwp%2Fv2%2Fmedia&parent=81525"}],"wp:term":[{"taxonomy":"category","embeddable":true,"href":"https:\/\/www.reconoce.mx\/index.php?rest_route=%2Fwp%2Fv2%2Fcategories&post=81525"},{"taxonomy":"post_tag","embeddable":true,"href":"https:\/\/www.reconoce.mx\/index.php?rest_route=%2Fwp%2Fv2%2Ftags&post=81525"}],"curies":[{"name":"wp","href":"https:\/\/api.w.org\/{rel}","templated":true}]}}