{"id":81540,"date":"2019-03-05T00:05:17","date_gmt":"2019-03-05T06:05:17","guid":{"rendered":"http:\/\/www.reconoce.mx\/?p=81540"},"modified":"2019-03-05T10:12:57","modified_gmt":"2019-03-05T16:12:57","slug":"billy-idol-y-la-esencia-de-los-ochenta","status":"publish","type":"post","link":"https:\/\/www.reconoce.mx\/?p=81540","title":{"rendered":"Billy Idol y la esencia de los ochenta"},"content":{"rendered":"<p><a href=\"http:\/\/www.reconoce.mx\/category\/columnistas\/\"><img loading=\"lazy\" decoding=\"async\" class=\"aligncenter size-full wp-image-40651\" src=\"http:\/\/www.reconoce.mx\/wp-content\/uploads\/2015\/09\/ColumnistaRCMX.png\" alt=\"Columnistainvitado\" width=\"570\" height=\"70\" \/><\/a><\/p>\n<p><strong>Por <a title=\"@DemoniaRomantik\" href=\"https:\/\/twitter.com\/DemoniaRomantik\" target=\"_blank\" rel=\"noopener\">Ady\u2019e Rueda<\/a><\/strong>.<\/p>\n<p>Desenfreno, drogas y m\u00fasica fueron el estandarte de una generaci\u00f3n de j\u00f3venes de finales de 1960, una generaci\u00f3n marcada con una gran X por Charles Hamblett y Jane Deverson quienes, en una serie de entrevistas a muchachos de la \u00e9poca, escribieron un libro donde reflejaban el estilo de vida y pensamiento de los mismos; un pensamiento heredado del movimiento amor y paz del que tomaron la promiscuidad y una vida al margen de los esquemas establecidos.<\/p>\n<style>.embed-container { position: relative; padding-bottom: 56.25%; height: 0; overflow: hidden; max-width: 100%; } .embed-container iframe, .embed-container object, .embed-container embed { position: absolute; top: 0; left: 0; width: 100%; height: 100%; }<\/style>\n<div class='embed-container'><iframe src='https:\/\/www.youtube.com\/embed\/VdphvuyaV_I' frameborder='0' allowfullscreen><\/iframe><\/div>\n<p>&nbsp;<\/p>\n<p>Todos esos elementos sirvieron de inspiraci\u00f3n a un adolescente ingl\u00e9s admirador de <strong>David Bowie<\/strong> y del punk, para crear su propia banda a la que llam\u00f3 <strong>Generation X<\/strong> como un ep\u00edtome de ese <em>modus vivendi <\/em>emparentado estrechamente con la m\u00fasica y la juventud.<\/p>\n<p>William Michael Albert Broad, mejor conocido como<strong> Billy Idol<\/strong>, fue ese creador de <strong>Generation X<\/strong> a quien le dio voz y vida de 1976 a 1981, a\u00f1o en el que comenz\u00f3 a trabajar en su carrera como solista; una carrera basada en una admiraci\u00f3n profunda al movimiento punk, esa subcultura que, en los setenta, era la otra cara de la cultura juvenil: la ant\u00edtesis de los hippies y los chicos <em>beat<\/em>.<\/p>\n<style>.embed-container { position: relative; padding-bottom: 56.25%; height: 0; overflow: hidden; max-width: 100%; } .embed-container iframe, .embed-container object, .embed-container embed { position: absolute; top: 0; left: 0; width: 100%; height: 100%; }<\/style>\n<div class='embed-container'><iframe src='https:\/\/www.youtube.com\/embed\/FG1NrQYXjLU' frameborder='0' allowfullscreen><\/iframe><\/div>\n<p>&nbsp;<\/p>\n<p>El punk dejaba de lado el virtuosismo del rock y el metal y se val\u00eda de la pura emoci\u00f3n, de la furia y la autenticidad. No era importante tocar bien sino tocar fuerte y r\u00e1pido. Los punks eran desali\u00f1ados y de cierto modo anarquistas al crear sus\u00a0 propios espacios, moda y reglas. Sus letras, comportamiento y sonidos impactan al joven Idol (Television, Suicide, los mismos Ramones) quien no tarda en tocar puertas en el mundo de la m\u00fasica.<\/p>\n<p>Con una actitud rebelde moderada, es decir, lejos de los actos hardcore de los <strong>Sex Pistols<\/strong> y la mohicana de largas puntas, <strong>Billy Idol<\/strong> se convierte en la nueva imagen del punk rockero de los ochenta: s\u00ed el rebelde con el gesto de desprecio en sus muecas y ce\u00f1o fruncido, s\u00ed con chaqueta de piel y estoperoles; pero con un sonido que es el resultado de la mezcolanza de los g\u00e9neros como el new wave, el post punk, el synth pop -el propio y puro pop- y el hard rock, lo que lo catapult\u00f3 a la fama al ser un \u00e9xito en <strong>MTV<\/strong> y en los medios en general. Todo su personaje era-y es- la esencia de la d\u00e9cada ochentera: una rebeld\u00eda <em>fashion<\/em> de canciones ic\u00f3nicas, bien hechas y que trascienden fronteras y generaciones.<\/p>\n<p><a href=\"http:\/\/www.reconoce.mx\/wp-content\/uploads\/2019\/03\/51703080_10155868995717161_3982743832373493760_n.jpg\"><img loading=\"lazy\" decoding=\"async\" src=\"http:\/\/www.reconoce.mx\/wp-content\/uploads\/2019\/03\/51703080_10155868995717161_3982743832373493760_n.jpg\" alt=\"\" width=\"960\" height=\"960\" class=\"aligncenter size-full wp-image-81542\" srcset=\"https:\/\/www.reconoce.mx\/wp-content\/uploads\/2019\/03\/51703080_10155868995717161_3982743832373493760_n.jpg 960w, https:\/\/www.reconoce.mx\/wp-content\/uploads\/2019\/03\/51703080_10155868995717161_3982743832373493760_n-150x150.jpg 150w, https:\/\/www.reconoce.mx\/wp-content\/uploads\/2019\/03\/51703080_10155868995717161_3982743832373493760_n-300x300.jpg 300w, https:\/\/www.reconoce.mx\/wp-content\/uploads\/2019\/03\/51703080_10155868995717161_3982743832373493760_n-768x768.jpg 768w, https:\/\/www.reconoce.mx\/wp-content\/uploads\/2019\/03\/51703080_10155868995717161_3982743832373493760_n-65x65.jpg 65w, https:\/\/www.reconoce.mx\/wp-content\/uploads\/2019\/03\/51703080_10155868995717161_3982743832373493760_n-700x700.jpg 700w, https:\/\/www.reconoce.mx\/wp-content\/uploads\/2019\/03\/51703080_10155868995717161_3982743832373493760_n-658x658.jpg 658w\" sizes=\"auto, (max-width: 960px) 100vw, 960px\" \/><\/a><\/p>\n<p>\u00abDancing With My Self\u00bb fue el gran hit seguido de \u00abRebel Yell\u00bb que es un himno para todos los amantes del hard rock de los a\u00f1os de la moda extravagante y peinados estrafalarios. Con m\u00e1s de seis discos y una fruct\u00edfera y muy popular trayectoria, <strong>Billy Idol<\/strong> jam\u00e1s se hab\u00eda presentado en M\u00e9xico, hasta ahora. Un par de fechas han sido anunciadas para octubre de 2019 y sin duda es un espect\u00e1culo imperdible en el que se ver\u00e1 encarnada el alma de los ochenta en el chico \u00eddolo que enloquec\u00eda a las mujeres e inspiraba a los <em>teenagers<\/em> de aquel entonces, el santo patrono rock popero de los nost\u00e1lgicos.<\/p>\n<p>Ser joven es la clave y el punto de partida en el que nacen los sue\u00f1os y las filosof\u00edas como aquellas que persigui\u00f3 en su momento <strong>Billy Idol<\/strong> y que hoy, en la vejez- uno- s\u00f3lo puede conservar y disfrutar del esp\u00edritu.<\/p>\n<blockquote><p><a href=\"http:\/\/www.reconoce.mx\/wp-content\/uploads\/2019\/01\/IMG-20190129-WA0020-e1548826666778.jpg\" rel=\"lightbox[49198]\"><img loading=\"lazy\" decoding=\"async\" class=\"alignleft size-thumbnail wp-image-39872\" src=\"http:\/\/www.reconoce.mx\/wp-content\/uploads\/2019\/01\/IMG-20190129-WA0020-e1548826666778.jpg\" alt=\"IMG_5743\" width=\"150\" height=\"150\" \/><\/a><strong>Ady\u2019e Rueda \/ Mara\u00f1as negras<\/strong>. Comunic\u00f3loga, cuentista y danzarina. Creyente de la UNAM a quien le debo todo. Amante del metal, el terror y los a\u00f1os ochenta. Luciferina estudiosa del arte, el erotismo y la posmodernidad. Fan\u00e1tica de los perros, el mar y lo <em>goth<\/em>. Exc\u00e9ntrica, cin\u00e9fila, mel\u00f3mana y bibli\u00f3fila. Tambi\u00e9n creo que debe haber islas, all\u00e1, al sur de las cosas.<\/p><\/blockquote>\n<p>&nbsp;<\/p>\n<p>&nbsp;<\/p>\n","protected":false},"excerpt":{"rendered":"<p>Desenfreno, drogas y m\u00fasica fueron el estandarte de una generaci\u00f3n de j\u00f3venes de finales de 1960, una generaci\u00f3n marcada con una gran X por Charles Hamblett y Jane Deverson.<\/p>\n","protected":false},"author":2,"featured_media":81543,"comment_status":"open","ping_status":"open","sticky":false,"template":"","format":"standard","meta":{"footnotes":""},"categories":[16,2673,17],"tags":[],"class_list":["post-81540","post","type-post","status-publish","format-standard","has-post-thumbnail","hentry","category-columnistas","category-maranas-negras","category-principal"],"yoast_head":"<!-- This site is optimized with the Yoast SEO plugin v24.7 - https:\/\/yoast.com\/wordpress\/plugins\/seo\/ -->\n<title>Billy Idol y la esencia de los ochenta &#171; Reconoce MX<\/title>\n<meta name=\"robots\" content=\"index, follow, max-snippet:-1, max-image-preview:large, max-video-preview:-1\" \/>\n<link rel=\"canonical\" href=\"http:\/\/www.reconoce.mx\/?p=81540\" \/>\n<meta property=\"og:locale\" content=\"es_ES\" \/>\n<meta property=\"og:type\" content=\"article\" \/>\n<meta property=\"og:title\" content=\"Billy Idol y la esencia de los ochenta &#171; Reconoce MX\" \/>\n<meta property=\"og:description\" content=\"Desenfreno, drogas y m\u00fasica fueron el estandarte de una generaci\u00f3n de j\u00f3venes de finales de 1960, una generaci\u00f3n marcada con una gran X por Charles Hamblett y Jane Deverson.\" \/>\n<meta property=\"og:url\" content=\"http:\/\/www.reconoce.mx\/?p=81540\" \/>\n<meta property=\"og:site_name\" content=\"Reconoce MX\" \/>\n<meta property=\"article:publisher\" content=\"https:\/\/es-la.facebook.com\/ReconoceMX\/\" \/>\n<meta property=\"article:published_time\" content=\"2019-03-05T06:05:17+00:00\" \/>\n<meta property=\"article:modified_time\" content=\"2019-03-05T16:12:57+00:00\" \/>\n<meta property=\"og:image\" content=\"http:\/\/www.reconoce.mx\/wp-content\/uploads\/2019\/03\/billy-idol-cover.jpg\" \/>\n\t<meta property=\"og:image:width\" content=\"590\" \/>\n\t<meta property=\"og:image:height\" content=\"380\" \/>\n\t<meta property=\"og:image:type\" content=\"image\/jpeg\" \/>\n<meta name=\"author\" content=\"Reconoce MX\" \/>\n<meta name=\"twitter:card\" content=\"summary_large_image\" \/>\n<meta name=\"twitter:creator\" content=\"@reconocemx\" \/>\n<meta name=\"twitter:site\" content=\"@reconocemx\" \/>\n<meta name=\"twitter:label1\" content=\"Escrito por\" \/>\n\t<meta name=\"twitter:data1\" content=\"Reconoce MX\" \/>\n\t<meta name=\"twitter:label2\" content=\"Tiempo de lectura\" \/>\n\t<meta name=\"twitter:data2\" content=\"3 minutos\" \/>\n<script type=\"application\/ld+json\" class=\"yoast-schema-graph\">{\"@context\":\"https:\/\/schema.org\",\"@graph\":[{\"@type\":\"Article\",\"@id\":\"http:\/\/www.reconoce.mx\/?p=81540#article\",\"isPartOf\":{\"@id\":\"http:\/\/www.reconoce.mx\/?p=81540\"},\"author\":{\"name\":\"Reconoce MX\",\"@id\":\"http:\/\/www.reconoce.mx\/#\/schema\/person\/2117e997d7051dc15d6880eaf9bca0b2\"},\"headline\":\"Billy Idol y la esencia de los ochenta\",\"datePublished\":\"2019-03-05T06:05:17+00:00\",\"dateModified\":\"2019-03-05T16:12:57+00:00\",\"mainEntityOfPage\":{\"@id\":\"http:\/\/www.reconoce.mx\/?p=81540\"},\"wordCount\":670,\"commentCount\":0,\"publisher\":{\"@id\":\"http:\/\/www.reconoce.mx\/#organization\"},\"image\":{\"@id\":\"http:\/\/www.reconoce.mx\/?p=81540#primaryimage\"},\"thumbnailUrl\":\"https:\/\/www.reconoce.mx\/wp-content\/uploads\/2019\/03\/billy-idol-cover.jpg\",\"articleSection\":[\"Columnistas\",\"Mara\u00f1as negras\",\"Principal\"],\"inLanguage\":\"es\",\"potentialAction\":[{\"@type\":\"CommentAction\",\"name\":\"Comment\",\"target\":[\"http:\/\/www.reconoce.mx\/?p=81540#respond\"]}]},{\"@type\":\"WebPage\",\"@id\":\"http:\/\/www.reconoce.mx\/?p=81540\",\"url\":\"http:\/\/www.reconoce.mx\/?p=81540\",\"name\":\"Billy Idol y la esencia de los ochenta &#171; Reconoce MX\",\"isPartOf\":{\"@id\":\"http:\/\/www.reconoce.mx\/#website\"},\"primaryImageOfPage\":{\"@id\":\"http:\/\/www.reconoce.mx\/?p=81540#primaryimage\"},\"image\":{\"@id\":\"http:\/\/www.reconoce.mx\/?p=81540#primaryimage\"},\"thumbnailUrl\":\"https:\/\/www.reconoce.mx\/wp-content\/uploads\/2019\/03\/billy-idol-cover.jpg\",\"datePublished\":\"2019-03-05T06:05:17+00:00\",\"dateModified\":\"2019-03-05T16:12:57+00:00\",\"breadcrumb\":{\"@id\":\"http:\/\/www.reconoce.mx\/?p=81540#breadcrumb\"},\"inLanguage\":\"es\",\"potentialAction\":[{\"@type\":\"ReadAction\",\"target\":[\"http:\/\/www.reconoce.mx\/?p=81540\"]}]},{\"@type\":\"ImageObject\",\"inLanguage\":\"es\",\"@id\":\"http:\/\/www.reconoce.mx\/?p=81540#primaryimage\",\"url\":\"https:\/\/www.reconoce.mx\/wp-content\/uploads\/2019\/03\/billy-idol-cover.jpg\",\"contentUrl\":\"https:\/\/www.reconoce.mx\/wp-content\/uploads\/2019\/03\/billy-idol-cover.jpg\",\"width\":590,\"height\":380},{\"@type\":\"BreadcrumbList\",\"@id\":\"http:\/\/www.reconoce.mx\/?p=81540#breadcrumb\",\"itemListElement\":[{\"@type\":\"ListItem\",\"position\":1,\"name\":\"Portada\",\"item\":\"http:\/\/www.reconoce.mx\/\"},{\"@type\":\"ListItem\",\"position\":2,\"name\":\"Billy Idol y la esencia de los ochenta\"}]},{\"@type\":\"WebSite\",\"@id\":\"http:\/\/www.reconoce.mx\/#website\",\"url\":\"http:\/\/www.reconoce.mx\/\",\"name\":\"Reconoce MX\",\"description\":\"En Reconoce MX difundimos arte, cultura y conciencia social en M\u00e9xico. Tu ciudad en otra perspectiva.\",\"publisher\":{\"@id\":\"http:\/\/www.reconoce.mx\/#organization\"},\"potentialAction\":[{\"@type\":\"SearchAction\",\"target\":{\"@type\":\"EntryPoint\",\"urlTemplate\":\"http:\/\/www.reconoce.mx\/?s={search_term_string}\"},\"query-input\":{\"@type\":\"PropertyValueSpecification\",\"valueRequired\":true,\"valueName\":\"search_term_string\"}}],\"inLanguage\":\"es\"},{\"@type\":\"Organization\",\"@id\":\"http:\/\/www.reconoce.mx\/#organization\",\"name\":\"Reconoce MX\",\"url\":\"http:\/\/www.reconoce.mx\/\",\"logo\":{\"@type\":\"ImageObject\",\"inLanguage\":\"es\",\"@id\":\"http:\/\/www.reconoce.mx\/#\/schema\/logo\/image\/\",\"url\":\"https:\/\/www.reconoce.mx\/wp-content\/uploads\/2019\/03\/logorcmx-good-1.png\",\"contentUrl\":\"https:\/\/www.reconoce.mx\/wp-content\/uploads\/2019\/03\/logorcmx-good-1.png\",\"width\":280,\"height\":90,\"caption\":\"Reconoce MX\"},\"image\":{\"@id\":\"http:\/\/www.reconoce.mx\/#\/schema\/logo\/image\/\"},\"sameAs\":[\"https:\/\/es-la.facebook.com\/ReconoceMX\/\",\"https:\/\/x.com\/reconocemx\",\"http:\/\/@reconocemx\"]},{\"@type\":\"Person\",\"@id\":\"http:\/\/www.reconoce.mx\/#\/schema\/person\/2117e997d7051dc15d6880eaf9bca0b2\",\"name\":\"Reconoce MX\",\"image\":{\"@type\":\"ImageObject\",\"inLanguage\":\"es\",\"@id\":\"http:\/\/www.reconoce.mx\/#\/schema\/person\/image\/\",\"url\":\"https:\/\/secure.gravatar.com\/avatar\/6c8d4dc7569ca1c90c5fdcc349f839d5ddef6fe1e70b4337ead2ef1a4c43fc3a?s=96&d=identicon&r=g\",\"contentUrl\":\"https:\/\/secure.gravatar.com\/avatar\/6c8d4dc7569ca1c90c5fdcc349f839d5ddef6fe1e70b4337ead2ef1a4c43fc3a?s=96&d=identicon&r=g\",\"caption\":\"Reconoce MX\"},\"description\":\"Reconoce MX es un proyecto de difusi\u00f3n art\u00edstica, cultural y de conciencia social que est\u00e1 enfocado a difundir y fomentar el entretenimiento alternativo de calidad para todo el p\u00fablico que comparta el mismo entusiasmo.\",\"sameAs\":[\"http:\/\/www.reconoce.mx\"],\"url\":\"https:\/\/www.reconoce.mx\/?author=2\"}]}<\/script>\n<!-- \/ Yoast SEO plugin. -->","yoast_head_json":{"title":"Billy Idol y la esencia de los ochenta &#171; Reconoce MX","robots":{"index":"index","follow":"follow","max-snippet":"max-snippet:-1","max-image-preview":"max-image-preview:large","max-video-preview":"max-video-preview:-1"},"canonical":"http:\/\/www.reconoce.mx\/?p=81540","og_locale":"es_ES","og_type":"article","og_title":"Billy Idol y la esencia de los ochenta &#171; Reconoce MX","og_description":"Desenfreno, drogas y m\u00fasica fueron el estandarte de una generaci\u00f3n de j\u00f3venes de finales de 1960, una generaci\u00f3n marcada con una gran X por Charles Hamblett y Jane Deverson.","og_url":"http:\/\/www.reconoce.mx\/?p=81540","og_site_name":"Reconoce MX","article_publisher":"https:\/\/es-la.facebook.com\/ReconoceMX\/","article_published_time":"2019-03-05T06:05:17+00:00","article_modified_time":"2019-03-05T16:12:57+00:00","og_image":[{"width":590,"height":380,"url":"http:\/\/www.reconoce.mx\/wp-content\/uploads\/2019\/03\/billy-idol-cover.jpg","type":"image\/jpeg"}],"author":"Reconoce MX","twitter_card":"summary_large_image","twitter_creator":"@reconocemx","twitter_site":"@reconocemx","twitter_misc":{"Escrito por":"Reconoce MX","Tiempo de lectura":"3 minutos"},"schema":{"@context":"https:\/\/schema.org","@graph":[{"@type":"Article","@id":"http:\/\/www.reconoce.mx\/?p=81540#article","isPartOf":{"@id":"http:\/\/www.reconoce.mx\/?p=81540"},"author":{"name":"Reconoce MX","@id":"http:\/\/www.reconoce.mx\/#\/schema\/person\/2117e997d7051dc15d6880eaf9bca0b2"},"headline":"Billy Idol y la esencia de los ochenta","datePublished":"2019-03-05T06:05:17+00:00","dateModified":"2019-03-05T16:12:57+00:00","mainEntityOfPage":{"@id":"http:\/\/www.reconoce.mx\/?p=81540"},"wordCount":670,"commentCount":0,"publisher":{"@id":"http:\/\/www.reconoce.mx\/#organization"},"image":{"@id":"http:\/\/www.reconoce.mx\/?p=81540#primaryimage"},"thumbnailUrl":"https:\/\/www.reconoce.mx\/wp-content\/uploads\/2019\/03\/billy-idol-cover.jpg","articleSection":["Columnistas","Mara\u00f1as negras","Principal"],"inLanguage":"es","potentialAction":[{"@type":"CommentAction","name":"Comment","target":["http:\/\/www.reconoce.mx\/?p=81540#respond"]}]},{"@type":"WebPage","@id":"http:\/\/www.reconoce.mx\/?p=81540","url":"http:\/\/www.reconoce.mx\/?p=81540","name":"Billy Idol y la esencia de los ochenta &#171; Reconoce MX","isPartOf":{"@id":"http:\/\/www.reconoce.mx\/#website"},"primaryImageOfPage":{"@id":"http:\/\/www.reconoce.mx\/?p=81540#primaryimage"},"image":{"@id":"http:\/\/www.reconoce.mx\/?p=81540#primaryimage"},"thumbnailUrl":"https:\/\/www.reconoce.mx\/wp-content\/uploads\/2019\/03\/billy-idol-cover.jpg","datePublished":"2019-03-05T06:05:17+00:00","dateModified":"2019-03-05T16:12:57+00:00","breadcrumb":{"@id":"http:\/\/www.reconoce.mx\/?p=81540#breadcrumb"},"inLanguage":"es","potentialAction":[{"@type":"ReadAction","target":["http:\/\/www.reconoce.mx\/?p=81540"]}]},{"@type":"ImageObject","inLanguage":"es","@id":"http:\/\/www.reconoce.mx\/?p=81540#primaryimage","url":"https:\/\/www.reconoce.mx\/wp-content\/uploads\/2019\/03\/billy-idol-cover.jpg","contentUrl":"https:\/\/www.reconoce.mx\/wp-content\/uploads\/2019\/03\/billy-idol-cover.jpg","width":590,"height":380},{"@type":"BreadcrumbList","@id":"http:\/\/www.reconoce.mx\/?p=81540#breadcrumb","itemListElement":[{"@type":"ListItem","position":1,"name":"Portada","item":"http:\/\/www.reconoce.mx\/"},{"@type":"ListItem","position":2,"name":"Billy Idol y la esencia de los ochenta"}]},{"@type":"WebSite","@id":"http:\/\/www.reconoce.mx\/#website","url":"http:\/\/www.reconoce.mx\/","name":"Reconoce MX","description":"En Reconoce MX difundimos arte, cultura y conciencia social en M\u00e9xico. Tu ciudad en otra perspectiva.","publisher":{"@id":"http:\/\/www.reconoce.mx\/#organization"},"potentialAction":[{"@type":"SearchAction","target":{"@type":"EntryPoint","urlTemplate":"http:\/\/www.reconoce.mx\/?s={search_term_string}"},"query-input":{"@type":"PropertyValueSpecification","valueRequired":true,"valueName":"search_term_string"}}],"inLanguage":"es"},{"@type":"Organization","@id":"http:\/\/www.reconoce.mx\/#organization","name":"Reconoce MX","url":"http:\/\/www.reconoce.mx\/","logo":{"@type":"ImageObject","inLanguage":"es","@id":"http:\/\/www.reconoce.mx\/#\/schema\/logo\/image\/","url":"https:\/\/www.reconoce.mx\/wp-content\/uploads\/2019\/03\/logorcmx-good-1.png","contentUrl":"https:\/\/www.reconoce.mx\/wp-content\/uploads\/2019\/03\/logorcmx-good-1.png","width":280,"height":90,"caption":"Reconoce MX"},"image":{"@id":"http:\/\/www.reconoce.mx\/#\/schema\/logo\/image\/"},"sameAs":["https:\/\/es-la.facebook.com\/ReconoceMX\/","https:\/\/x.com\/reconocemx","http:\/\/@reconocemx"]},{"@type":"Person","@id":"http:\/\/www.reconoce.mx\/#\/schema\/person\/2117e997d7051dc15d6880eaf9bca0b2","name":"Reconoce MX","image":{"@type":"ImageObject","inLanguage":"es","@id":"http:\/\/www.reconoce.mx\/#\/schema\/person\/image\/","url":"https:\/\/secure.gravatar.com\/avatar\/6c8d4dc7569ca1c90c5fdcc349f839d5ddef6fe1e70b4337ead2ef1a4c43fc3a?s=96&d=identicon&r=g","contentUrl":"https:\/\/secure.gravatar.com\/avatar\/6c8d4dc7569ca1c90c5fdcc349f839d5ddef6fe1e70b4337ead2ef1a4c43fc3a?s=96&d=identicon&r=g","caption":"Reconoce MX"},"description":"Reconoce MX es un proyecto de difusi\u00f3n art\u00edstica, cultural y de conciencia social que est\u00e1 enfocado a difundir y fomentar el entretenimiento alternativo de calidad para todo el p\u00fablico que comparta el mismo entusiasmo.","sameAs":["http:\/\/www.reconoce.mx"],"url":"https:\/\/www.reconoce.mx\/?author=2"}]}},"_links":{"self":[{"href":"https:\/\/www.reconoce.mx\/index.php?rest_route=\/wp\/v2\/posts\/81540","targetHints":{"allow":["GET"]}}],"collection":[{"href":"https:\/\/www.reconoce.mx\/index.php?rest_route=\/wp\/v2\/posts"}],"about":[{"href":"https:\/\/www.reconoce.mx\/index.php?rest_route=\/wp\/v2\/types\/post"}],"author":[{"embeddable":true,"href":"https:\/\/www.reconoce.mx\/index.php?rest_route=\/wp\/v2\/users\/2"}],"replies":[{"embeddable":true,"href":"https:\/\/www.reconoce.mx\/index.php?rest_route=%2Fwp%2Fv2%2Fcomments&post=81540"}],"version-history":[{"count":2,"href":"https:\/\/www.reconoce.mx\/index.php?rest_route=\/wp\/v2\/posts\/81540\/revisions"}],"predecessor-version":[{"id":81545,"href":"https:\/\/www.reconoce.mx\/index.php?rest_route=\/wp\/v2\/posts\/81540\/revisions\/81545"}],"wp:featuredmedia":[{"embeddable":true,"href":"https:\/\/www.reconoce.mx\/index.php?rest_route=\/wp\/v2\/media\/81543"}],"wp:attachment":[{"href":"https:\/\/www.reconoce.mx\/index.php?rest_route=%2Fwp%2Fv2%2Fmedia&parent=81540"}],"wp:term":[{"taxonomy":"category","embeddable":true,"href":"https:\/\/www.reconoce.mx\/index.php?rest_route=%2Fwp%2Fv2%2Fcategories&post=81540"},{"taxonomy":"post_tag","embeddable":true,"href":"https:\/\/www.reconoce.mx\/index.php?rest_route=%2Fwp%2Fv2%2Ftags&post=81540"}],"curies":[{"name":"wp","href":"https:\/\/api.w.org\/{rel}","templated":true}]}}