{"id":81551,"date":"2019-03-05T00:02:24","date_gmt":"2019-03-05T06:02:24","guid":{"rendered":"http:\/\/www.reconoce.mx\/?p=81551"},"modified":"2019-03-05T10:11:56","modified_gmt":"2019-03-05T16:11:56","slug":"esquinas-desiertas-de-tere-estrada","status":"publish","type":"post","link":"https:\/\/www.reconoce.mx\/?p=81551","title":{"rendered":"&#8216;Esquinas desiertas&#8217;, de Tere Estrada"},"content":{"rendered":"<p><a href=\"http:\/\/www.reconoce.mx\/category\/cultura\/musica\/martes-asfaltoso\/\"><img loading=\"lazy\" decoding=\"async\" class=\"aligncenter size-full wp-image-38360\" src=\"http:\/\/www.reconoce.mx\/wp-content\/uploads\/2015\/06\/Martes.png\" alt=\"Martes\" width=\"550\" height=\"70\" \/><\/a><strong><br \/>\nPor <a title=\"@AsfaltosTweets\" href=\"http:\/\/twitter.com\/AsfaltosTweets\" target=\"_blank\" rel=\"noopener noreferrer\">Asfaltos<\/a><\/strong>.<\/p>\n<p>En la semana que le dediqu\u00e9 a la mujer en mis columnas musicales, toca el <a href=\"http:\/\/www.reconoce.mx\/category\/cultura\/musica\/martes-asfaltoso\/\" target=\"_blank\" rel=\"noopener\">Martes asfaltoso<\/a> con una de las f\u00e9minas pioneras del rock mexicano. La protagonista de la columna dedicada a canciones relacionadas con la capital mexicana es la soci\u00f3loga y compositora <strong>Tere Estrada<\/strong>, quien con m\u00e1s de 30 a\u00f1os de carrera no solo nos ha regalado tiempo, sino tambi\u00e9n calidad.<\/p>\n<style>.embed-container { position: relative; padding-bottom: 56.25%; height: 0; overflow: hidden; max-width: 100%; } .embed-container iframe, .embed-container object, .embed-container embed { position: absolute; top: 0; left: 0; width: 100%; height: 100%; }<\/style>\n<div class='embed-container'><iframe src='https:\/\/www.youtube.com\/embed\/YpSSt7vUBpk' frameborder='0' allowfullscreen><\/iframe><\/div>\n<p>&nbsp;<\/p>\n<p>Nacida en Ciudad de M\u00e9xico a finales de los a\u00f1os sesenta, el andar de Tere en la m\u00fasica comenz\u00f3 por grupos como Follaje, Entenados del Enjambre y Esquina Bajan. Con estudios musicales en el Sindicato de M\u00fasicos y en la Sociedad de Autores y Compositores, el talento de Tere la ha llevado a brillar en g\u00e9neros como el rock, el blues y el jazz, por mencionar algunos.<\/p>\n<p>Con una clara influencia de la m\u00fasica rupestre enarbolada por los grandes cronistas musicales <strong>Jaime L\u00f3pez<\/strong> y <strong>Rockridgo Gonz\u00e1lez<\/strong>, Tere se fue destacando por tocar temas tan diversos como el interior del ser, la sensualidad, el acoso, la soledad, y s\u00ed, Ciudad de M\u00e9xico y sus muchos protagonistas.<\/p>\n<p>En \u00abEsquinas desiertas\u00bb, tema incluido en su material \u00abEncuentros cercanos conmigo\u00bb (1997), <strong>Tere Estrada<\/strong> nos regala un canto m\u00e1s a la ciudad; esa que a pesar de todos sus muchos contras, no deja de ser mas que el mejor sitio en el que nos pudo tocar vivir. Sin luz, entre charcos, sin trabajo y con sue\u00f1os enterrados -entre otras cerencias-, \u00abChilangolandia\u00bb sigue siendo a pesar de todo ese sitio de \u00abEsquinas desiertas\u00bb&#8230;<\/p>\n<p>\u00bfLes gust\u00f3 el tema? \u00bfLo conoc\u00edan?<\/p>\n<p>&nbsp;<\/p>\n<p>&nbsp;<\/p>\n","protected":false},"excerpt":{"rendered":"<p>En la semana que le dediqu\u00e9 a la mujer en mis columnas musicales, toca el Martes asfaltoso con una de las f\u00e9minas pioneras del rock mexicano.<\/p>\n","protected":false},"author":2,"featured_media":81554,"comment_status":"open","ping_status":"open","sticky":false,"template":"","format":"standard","meta":{"footnotes":""},"categories":[1,2592,18,17],"tags":[],"class_list":["post-81551","post","type-post","status-publish","format-standard","has-post-thumbnail","hentry","category-cultura","category-martes-asfaltoso","category-musica","category-principal"],"yoast_head":"<!-- This site is optimized with the Yoast SEO plugin v24.7 - https:\/\/yoast.com\/wordpress\/plugins\/seo\/ -->\n<title>&#039;Esquinas desiertas&#039;, de Tere Estrada &#171; Reconoce MX<\/title>\n<meta name=\"robots\" content=\"index, follow, max-snippet:-1, max-image-preview:large, max-video-preview:-1\" \/>\n<link rel=\"canonical\" href=\"https:\/\/www.reconoce.mx\/?p=81551\" \/>\n<meta property=\"og:locale\" content=\"es_ES\" \/>\n<meta property=\"og:type\" content=\"article\" \/>\n<meta property=\"og:title\" content=\"&#039;Esquinas desiertas&#039;, de Tere Estrada &#171; Reconoce MX\" \/>\n<meta property=\"og:description\" content=\"En la semana que le dediqu\u00e9 a la mujer en mis columnas musicales, toca el Martes asfaltoso con una de las f\u00e9minas pioneras del rock mexicano.\" \/>\n<meta property=\"og:url\" content=\"https:\/\/www.reconoce.mx\/?p=81551\" \/>\n<meta property=\"og:site_name\" content=\"Reconoce MX\" \/>\n<meta property=\"article:publisher\" content=\"https:\/\/es-la.facebook.com\/ReconoceMX\/\" \/>\n<meta property=\"article:published_time\" content=\"2019-03-05T06:02:24+00:00\" \/>\n<meta property=\"article:modified_time\" content=\"2019-03-05T16:11:56+00:00\" \/>\n<meta property=\"og:image\" content=\"https:\/\/www.reconoce.mx\/wp-content\/uploads\/2019\/03\/tere-estrada-encuentros-conmigo.jpg\" \/>\n\t<meta property=\"og:image:width\" content=\"590\" \/>\n\t<meta property=\"og:image:height\" content=\"380\" \/>\n\t<meta property=\"og:image:type\" content=\"image\/jpeg\" \/>\n<meta name=\"author\" content=\"Reconoce MX\" \/>\n<meta name=\"twitter:card\" content=\"summary_large_image\" \/>\n<meta name=\"twitter:creator\" content=\"@reconocemx\" \/>\n<meta name=\"twitter:site\" content=\"@reconocemx\" \/>\n<meta name=\"twitter:label1\" content=\"Escrito por\" \/>\n\t<meta name=\"twitter:data1\" content=\"Reconoce MX\" \/>\n\t<meta name=\"twitter:label2\" content=\"Tiempo de lectura\" \/>\n\t<meta name=\"twitter:data2\" content=\"1 minuto\" \/>\n<script type=\"application\/ld+json\" class=\"yoast-schema-graph\">{\"@context\":\"https:\/\/schema.org\",\"@graph\":[{\"@type\":\"Article\",\"@id\":\"https:\/\/www.reconoce.mx\/?p=81551#article\",\"isPartOf\":{\"@id\":\"https:\/\/www.reconoce.mx\/?p=81551\"},\"author\":{\"name\":\"Reconoce MX\",\"@id\":\"http:\/\/www.reconoce.mx\/#\/schema\/person\/2117e997d7051dc15d6880eaf9bca0b2\"},\"headline\":\"&#8216;Esquinas desiertas&#8217;, de Tere Estrada\",\"datePublished\":\"2019-03-05T06:02:24+00:00\",\"dateModified\":\"2019-03-05T16:11:56+00:00\",\"mainEntityOfPage\":{\"@id\":\"https:\/\/www.reconoce.mx\/?p=81551\"},\"wordCount\":281,\"commentCount\":0,\"publisher\":{\"@id\":\"http:\/\/www.reconoce.mx\/#organization\"},\"image\":{\"@id\":\"https:\/\/www.reconoce.mx\/?p=81551#primaryimage\"},\"thumbnailUrl\":\"https:\/\/www.reconoce.mx\/wp-content\/uploads\/2019\/03\/tere-estrada-encuentros-conmigo.jpg\",\"articleSection\":[\"Cultura\",\"Martes asfaltoso\",\"M\u00fasica\",\"Principal\"],\"inLanguage\":\"es\",\"potentialAction\":[{\"@type\":\"CommentAction\",\"name\":\"Comment\",\"target\":[\"https:\/\/www.reconoce.mx\/?p=81551#respond\"]}]},{\"@type\":\"WebPage\",\"@id\":\"https:\/\/www.reconoce.mx\/?p=81551\",\"url\":\"https:\/\/www.reconoce.mx\/?p=81551\",\"name\":\"'Esquinas desiertas', de Tere Estrada &#171; Reconoce MX\",\"isPartOf\":{\"@id\":\"http:\/\/www.reconoce.mx\/#website\"},\"primaryImageOfPage\":{\"@id\":\"https:\/\/www.reconoce.mx\/?p=81551#primaryimage\"},\"image\":{\"@id\":\"https:\/\/www.reconoce.mx\/?p=81551#primaryimage\"},\"thumbnailUrl\":\"https:\/\/www.reconoce.mx\/wp-content\/uploads\/2019\/03\/tere-estrada-encuentros-conmigo.jpg\",\"datePublished\":\"2019-03-05T06:02:24+00:00\",\"dateModified\":\"2019-03-05T16:11:56+00:00\",\"breadcrumb\":{\"@id\":\"https:\/\/www.reconoce.mx\/?p=81551#breadcrumb\"},\"inLanguage\":\"es\",\"potentialAction\":[{\"@type\":\"ReadAction\",\"target\":[\"https:\/\/www.reconoce.mx\/?p=81551\"]}]},{\"@type\":\"ImageObject\",\"inLanguage\":\"es\",\"@id\":\"https:\/\/www.reconoce.mx\/?p=81551#primaryimage\",\"url\":\"https:\/\/www.reconoce.mx\/wp-content\/uploads\/2019\/03\/tere-estrada-encuentros-conmigo.jpg\",\"contentUrl\":\"https:\/\/www.reconoce.mx\/wp-content\/uploads\/2019\/03\/tere-estrada-encuentros-conmigo.jpg\",\"width\":590,\"height\":380},{\"@type\":\"BreadcrumbList\",\"@id\":\"https:\/\/www.reconoce.mx\/?p=81551#breadcrumb\",\"itemListElement\":[{\"@type\":\"ListItem\",\"position\":1,\"name\":\"Portada\",\"item\":\"http:\/\/www.reconoce.mx\/\"},{\"@type\":\"ListItem\",\"position\":2,\"name\":\"&#8216;Esquinas desiertas&#8217;, de Tere Estrada\"}]},{\"@type\":\"WebSite\",\"@id\":\"http:\/\/www.reconoce.mx\/#website\",\"url\":\"http:\/\/www.reconoce.mx\/\",\"name\":\"Reconoce MX\",\"description\":\"En Reconoce MX difundimos arte, cultura y conciencia social en M\u00e9xico. Tu ciudad en otra perspectiva.\",\"publisher\":{\"@id\":\"http:\/\/www.reconoce.mx\/#organization\"},\"potentialAction\":[{\"@type\":\"SearchAction\",\"target\":{\"@type\":\"EntryPoint\",\"urlTemplate\":\"http:\/\/www.reconoce.mx\/?s={search_term_string}\"},\"query-input\":{\"@type\":\"PropertyValueSpecification\",\"valueRequired\":true,\"valueName\":\"search_term_string\"}}],\"inLanguage\":\"es\"},{\"@type\":\"Organization\",\"@id\":\"http:\/\/www.reconoce.mx\/#organization\",\"name\":\"Reconoce MX\",\"url\":\"http:\/\/www.reconoce.mx\/\",\"logo\":{\"@type\":\"ImageObject\",\"inLanguage\":\"es\",\"@id\":\"http:\/\/www.reconoce.mx\/#\/schema\/logo\/image\/\",\"url\":\"https:\/\/www.reconoce.mx\/wp-content\/uploads\/2019\/03\/logorcmx-good-1.png\",\"contentUrl\":\"https:\/\/www.reconoce.mx\/wp-content\/uploads\/2019\/03\/logorcmx-good-1.png\",\"width\":280,\"height\":90,\"caption\":\"Reconoce MX\"},\"image\":{\"@id\":\"http:\/\/www.reconoce.mx\/#\/schema\/logo\/image\/\"},\"sameAs\":[\"https:\/\/es-la.facebook.com\/ReconoceMX\/\",\"https:\/\/x.com\/reconocemx\",\"http:\/\/@reconocemx\"]},{\"@type\":\"Person\",\"@id\":\"http:\/\/www.reconoce.mx\/#\/schema\/person\/2117e997d7051dc15d6880eaf9bca0b2\",\"name\":\"Reconoce MX\",\"image\":{\"@type\":\"ImageObject\",\"inLanguage\":\"es\",\"@id\":\"http:\/\/www.reconoce.mx\/#\/schema\/person\/image\/\",\"url\":\"https:\/\/secure.gravatar.com\/avatar\/6c8d4dc7569ca1c90c5fdcc349f839d5ddef6fe1e70b4337ead2ef1a4c43fc3a?s=96&d=identicon&r=g\",\"contentUrl\":\"https:\/\/secure.gravatar.com\/avatar\/6c8d4dc7569ca1c90c5fdcc349f839d5ddef6fe1e70b4337ead2ef1a4c43fc3a?s=96&d=identicon&r=g\",\"caption\":\"Reconoce MX\"},\"description\":\"Reconoce MX es un proyecto de difusi\u00f3n art\u00edstica, cultural y de conciencia social que est\u00e1 enfocado a difundir y fomentar el entretenimiento alternativo de calidad para todo el p\u00fablico que comparta el mismo entusiasmo.\",\"sameAs\":[\"http:\/\/www.reconoce.mx\"],\"url\":\"https:\/\/www.reconoce.mx\/?author=2\"}]}<\/script>\n<!-- \/ Yoast SEO plugin. -->","yoast_head_json":{"title":"'Esquinas desiertas', de Tere Estrada &#171; Reconoce MX","robots":{"index":"index","follow":"follow","max-snippet":"max-snippet:-1","max-image-preview":"max-image-preview:large","max-video-preview":"max-video-preview:-1"},"canonical":"https:\/\/www.reconoce.mx\/?p=81551","og_locale":"es_ES","og_type":"article","og_title":"'Esquinas desiertas', de Tere Estrada &#171; Reconoce MX","og_description":"En la semana que le dediqu\u00e9 a la mujer en mis columnas musicales, toca el Martes asfaltoso con una de las f\u00e9minas pioneras del rock mexicano.","og_url":"https:\/\/www.reconoce.mx\/?p=81551","og_site_name":"Reconoce MX","article_publisher":"https:\/\/es-la.facebook.com\/ReconoceMX\/","article_published_time":"2019-03-05T06:02:24+00:00","article_modified_time":"2019-03-05T16:11:56+00:00","og_image":[{"width":590,"height":380,"url":"https:\/\/www.reconoce.mx\/wp-content\/uploads\/2019\/03\/tere-estrada-encuentros-conmigo.jpg","type":"image\/jpeg"}],"author":"Reconoce MX","twitter_card":"summary_large_image","twitter_creator":"@reconocemx","twitter_site":"@reconocemx","twitter_misc":{"Escrito por":"Reconoce MX","Tiempo de lectura":"1 minuto"},"schema":{"@context":"https:\/\/schema.org","@graph":[{"@type":"Article","@id":"https:\/\/www.reconoce.mx\/?p=81551#article","isPartOf":{"@id":"https:\/\/www.reconoce.mx\/?p=81551"},"author":{"name":"Reconoce MX","@id":"http:\/\/www.reconoce.mx\/#\/schema\/person\/2117e997d7051dc15d6880eaf9bca0b2"},"headline":"&#8216;Esquinas desiertas&#8217;, de Tere Estrada","datePublished":"2019-03-05T06:02:24+00:00","dateModified":"2019-03-05T16:11:56+00:00","mainEntityOfPage":{"@id":"https:\/\/www.reconoce.mx\/?p=81551"},"wordCount":281,"commentCount":0,"publisher":{"@id":"http:\/\/www.reconoce.mx\/#organization"},"image":{"@id":"https:\/\/www.reconoce.mx\/?p=81551#primaryimage"},"thumbnailUrl":"https:\/\/www.reconoce.mx\/wp-content\/uploads\/2019\/03\/tere-estrada-encuentros-conmigo.jpg","articleSection":["Cultura","Martes asfaltoso","M\u00fasica","Principal"],"inLanguage":"es","potentialAction":[{"@type":"CommentAction","name":"Comment","target":["https:\/\/www.reconoce.mx\/?p=81551#respond"]}]},{"@type":"WebPage","@id":"https:\/\/www.reconoce.mx\/?p=81551","url":"https:\/\/www.reconoce.mx\/?p=81551","name":"'Esquinas desiertas', de Tere Estrada &#171; Reconoce MX","isPartOf":{"@id":"http:\/\/www.reconoce.mx\/#website"},"primaryImageOfPage":{"@id":"https:\/\/www.reconoce.mx\/?p=81551#primaryimage"},"image":{"@id":"https:\/\/www.reconoce.mx\/?p=81551#primaryimage"},"thumbnailUrl":"https:\/\/www.reconoce.mx\/wp-content\/uploads\/2019\/03\/tere-estrada-encuentros-conmigo.jpg","datePublished":"2019-03-05T06:02:24+00:00","dateModified":"2019-03-05T16:11:56+00:00","breadcrumb":{"@id":"https:\/\/www.reconoce.mx\/?p=81551#breadcrumb"},"inLanguage":"es","potentialAction":[{"@type":"ReadAction","target":["https:\/\/www.reconoce.mx\/?p=81551"]}]},{"@type":"ImageObject","inLanguage":"es","@id":"https:\/\/www.reconoce.mx\/?p=81551#primaryimage","url":"https:\/\/www.reconoce.mx\/wp-content\/uploads\/2019\/03\/tere-estrada-encuentros-conmigo.jpg","contentUrl":"https:\/\/www.reconoce.mx\/wp-content\/uploads\/2019\/03\/tere-estrada-encuentros-conmigo.jpg","width":590,"height":380},{"@type":"BreadcrumbList","@id":"https:\/\/www.reconoce.mx\/?p=81551#breadcrumb","itemListElement":[{"@type":"ListItem","position":1,"name":"Portada","item":"http:\/\/www.reconoce.mx\/"},{"@type":"ListItem","position":2,"name":"&#8216;Esquinas desiertas&#8217;, de Tere Estrada"}]},{"@type":"WebSite","@id":"http:\/\/www.reconoce.mx\/#website","url":"http:\/\/www.reconoce.mx\/","name":"Reconoce MX","description":"En Reconoce MX difundimos arte, cultura y conciencia social en M\u00e9xico. Tu ciudad en otra perspectiva.","publisher":{"@id":"http:\/\/www.reconoce.mx\/#organization"},"potentialAction":[{"@type":"SearchAction","target":{"@type":"EntryPoint","urlTemplate":"http:\/\/www.reconoce.mx\/?s={search_term_string}"},"query-input":{"@type":"PropertyValueSpecification","valueRequired":true,"valueName":"search_term_string"}}],"inLanguage":"es"},{"@type":"Organization","@id":"http:\/\/www.reconoce.mx\/#organization","name":"Reconoce MX","url":"http:\/\/www.reconoce.mx\/","logo":{"@type":"ImageObject","inLanguage":"es","@id":"http:\/\/www.reconoce.mx\/#\/schema\/logo\/image\/","url":"https:\/\/www.reconoce.mx\/wp-content\/uploads\/2019\/03\/logorcmx-good-1.png","contentUrl":"https:\/\/www.reconoce.mx\/wp-content\/uploads\/2019\/03\/logorcmx-good-1.png","width":280,"height":90,"caption":"Reconoce MX"},"image":{"@id":"http:\/\/www.reconoce.mx\/#\/schema\/logo\/image\/"},"sameAs":["https:\/\/es-la.facebook.com\/ReconoceMX\/","https:\/\/x.com\/reconocemx","http:\/\/@reconocemx"]},{"@type":"Person","@id":"http:\/\/www.reconoce.mx\/#\/schema\/person\/2117e997d7051dc15d6880eaf9bca0b2","name":"Reconoce MX","image":{"@type":"ImageObject","inLanguage":"es","@id":"http:\/\/www.reconoce.mx\/#\/schema\/person\/image\/","url":"https:\/\/secure.gravatar.com\/avatar\/6c8d4dc7569ca1c90c5fdcc349f839d5ddef6fe1e70b4337ead2ef1a4c43fc3a?s=96&d=identicon&r=g","contentUrl":"https:\/\/secure.gravatar.com\/avatar\/6c8d4dc7569ca1c90c5fdcc349f839d5ddef6fe1e70b4337ead2ef1a4c43fc3a?s=96&d=identicon&r=g","caption":"Reconoce MX"},"description":"Reconoce MX es un proyecto de difusi\u00f3n art\u00edstica, cultural y de conciencia social que est\u00e1 enfocado a difundir y fomentar el entretenimiento alternativo de calidad para todo el p\u00fablico que comparta el mismo entusiasmo.","sameAs":["http:\/\/www.reconoce.mx"],"url":"https:\/\/www.reconoce.mx\/?author=2"}]}},"_links":{"self":[{"href":"https:\/\/www.reconoce.mx\/index.php?rest_route=\/wp\/v2\/posts\/81551","targetHints":{"allow":["GET"]}}],"collection":[{"href":"https:\/\/www.reconoce.mx\/index.php?rest_route=\/wp\/v2\/posts"}],"about":[{"href":"https:\/\/www.reconoce.mx\/index.php?rest_route=\/wp\/v2\/types\/post"}],"author":[{"embeddable":true,"href":"https:\/\/www.reconoce.mx\/index.php?rest_route=\/wp\/v2\/users\/2"}],"replies":[{"embeddable":true,"href":"https:\/\/www.reconoce.mx\/index.php?rest_route=%2Fwp%2Fv2%2Fcomments&post=81551"}],"version-history":[{"count":1,"href":"https:\/\/www.reconoce.mx\/index.php?rest_route=\/wp\/v2\/posts\/81551\/revisions"}],"predecessor-version":[{"id":81555,"href":"https:\/\/www.reconoce.mx\/index.php?rest_route=\/wp\/v2\/posts\/81551\/revisions\/81555"}],"wp:featuredmedia":[{"embeddable":true,"href":"https:\/\/www.reconoce.mx\/index.php?rest_route=\/wp\/v2\/media\/81554"}],"wp:attachment":[{"href":"https:\/\/www.reconoce.mx\/index.php?rest_route=%2Fwp%2Fv2%2Fmedia&parent=81551"}],"wp:term":[{"taxonomy":"category","embeddable":true,"href":"https:\/\/www.reconoce.mx\/index.php?rest_route=%2Fwp%2Fv2%2Fcategories&post=81551"},{"taxonomy":"post_tag","embeddable":true,"href":"https:\/\/www.reconoce.mx\/index.php?rest_route=%2Fwp%2Fv2%2Ftags&post=81551"}],"curies":[{"name":"wp","href":"https:\/\/api.w.org\/{rel}","templated":true}]}}