{"id":81556,"date":"2019-03-05T00:03:54","date_gmt":"2019-03-05T06:03:54","guid":{"rendered":"http:\/\/www.reconoce.mx\/?p=81556"},"modified":"2019-03-05T10:11:43","modified_gmt":"2019-03-05T16:11:43","slug":"ficunam9-que-vas-a-hacer-cuando-el-mundo-este-en-llamas","status":"publish","type":"post","link":"https:\/\/www.reconoce.mx\/?p=81556","title":{"rendered":"#FICUNAM9: \u00ab\u00bfQu\u00e9 vas a hacer cuando el mundo est\u00e9 en llamas?\u00bb"},"content":{"rendered":"<p><strong> Por <a title=\"@AsfaltosTweets\" href=\"http:\/\/twitter.com\/AsfaltosTweets\" target=\"_blank\" rel=\"noopener noreferrer\" data-slimstat-type=\"0\" data-slimstat-callback=\"false\" data-slimstat-tracking=\"true\">Asfaltos<\/a><\/strong>.<\/p>\n<p>Continuando con nuestro seguimiento de las pel\u00edculas presentadas en el marco del <strong>9\u00b0 FICUNAM, Festival Internacional de Cine UNAM<\/strong>, toca revisar ahora el m\u00e1s reciente proyecto del realizador italiano <strong>Roberto Minervini<\/strong>. Bajo el nombre de \u00ab\u00bfQu\u00e9 vas a hacer cuando el mundo est\u00e9 en llamas?\u00bb (2018), Minervini nos presenta un documental poderoso en el que se retrata la dif\u00edcil actualidad de la sociedad afroamericana en los Estados Unidos de Am\u00e9rica de hoy d\u00eda.<\/p>\n<p><a href=\"http:\/\/www.reconoce.mx\/wp-content\/uploads\/2019\/03\/WHATYOUGONNADOWHENTHEWORLDSONFIRE-LOWRES.jpg\"><img loading=\"lazy\" decoding=\"async\" class=\"aligncenter size-full wp-image-81561\" src=\"http:\/\/www.reconoce.mx\/wp-content\/uploads\/2019\/03\/WHATYOUGONNADOWHENTHEWORLDSONFIRE-LOWRES.jpg\" alt=\"\" width=\"750\" height=\"1062\" srcset=\"https:\/\/www.reconoce.mx\/wp-content\/uploads\/2019\/03\/WHATYOUGONNADOWHENTHEWORLDSONFIRE-LOWRES.jpg 750w, https:\/\/www.reconoce.mx\/wp-content\/uploads\/2019\/03\/WHATYOUGONNADOWHENTHEWORLDSONFIRE-LOWRES-212x300.jpg 212w, https:\/\/www.reconoce.mx\/wp-content\/uploads\/2019\/03\/WHATYOUGONNADOWHENTHEWORLDSONFIRE-LOWRES-723x1024.jpg 723w, https:\/\/www.reconoce.mx\/wp-content\/uploads\/2019\/03\/WHATYOUGONNADOWHENTHEWORLDSONFIRE-LOWRES-150x212.jpg 150w, https:\/\/www.reconoce.mx\/wp-content\/uploads\/2019\/03\/WHATYOUGONNADOWHENTHEWORLDSONFIRE-LOWRES-700x991.jpg 700w, https:\/\/www.reconoce.mx\/wp-content\/uploads\/2019\/03\/WHATYOUGONNADOWHENTHEWORLDSONFIRE-LOWRES-658x932.jpg 658w, https:\/\/www.reconoce.mx\/wp-content\/uploads\/2019\/03\/WHATYOUGONNADOWHENTHEWORLDSONFIRE-LOWRES-300x425.jpg 300w\" sizes=\"auto, (max-width: 750px) 100vw, 750px\" \/><\/a><\/p>\n<p>Es el verano de 2017 en el vecino pa\u00eds del norte; una serie de asesinatos ha impactado a la comunidad negra del sur del pa\u00eds. Por un lado en Nueva Orleans y por el otro en Jackson County, Misisipi, 4 historias principales se van cruzando para presentarnos el presente de quienes herederos de a\u00f1os de injusticia, siguen reclamando&#8230;<\/p>\n<p>Una mujer fuerte, due\u00f1a de un bar y a la cabeza de su familia, lidia no solo con lo que padece su comunidad, sino tambi\u00e9n con los dilemas diarios de su d\u00eda a d\u00eda. El jefe de un pueblo, en un mundo globalizado pero a la vez cada vez m\u00e1s desconectado de sus ra\u00edces, intenta mantener sus tradiciones rumbo a una celebraci\u00f3n local. Un grupo peque\u00f1o, pero s\u00f3lido y pacifista del <strong>Nuevo Partido de las Panteras Negras<\/strong>, levanta la voz frente a un gobierno que les ignora en vida y tambi\u00e9n en muerte. Dos chicos, la futura generaci\u00f3n de afroamericanos, lidia con su presente al tiempo que se prepara para su pr\u00f3ximo futuro que les resulta ya adverso.<\/p>\n<p><a href=\"http:\/\/www.reconoce.mx\/wp-content\/uploads\/2019\/03\/what-you-gonna-do-when-the-worlds-on-fire-roberto-minervini-3.jpg\"><img loading=\"lazy\" decoding=\"async\" class=\"aligncenter size-full wp-image-81563\" src=\"http:\/\/www.reconoce.mx\/wp-content\/uploads\/2019\/03\/what-you-gonna-do-when-the-worlds-on-fire-roberto-minervini-3.jpg\" alt=\"\" width=\"2048\" height=\"1152\" srcset=\"https:\/\/www.reconoce.mx\/wp-content\/uploads\/2019\/03\/what-you-gonna-do-when-the-worlds-on-fire-roberto-minervini-3.jpg 2048w, https:\/\/www.reconoce.mx\/wp-content\/uploads\/2019\/03\/what-you-gonna-do-when-the-worlds-on-fire-roberto-minervini-3-300x169.jpg 300w, https:\/\/www.reconoce.mx\/wp-content\/uploads\/2019\/03\/what-you-gonna-do-when-the-worlds-on-fire-roberto-minervini-3-768x432.jpg 768w, https:\/\/www.reconoce.mx\/wp-content\/uploads\/2019\/03\/what-you-gonna-do-when-the-worlds-on-fire-roberto-minervini-3-1024x576.jpg 1024w, https:\/\/www.reconoce.mx\/wp-content\/uploads\/2019\/03\/what-you-gonna-do-when-the-worlds-on-fire-roberto-minervini-3-150x84.jpg 150w, https:\/\/www.reconoce.mx\/wp-content\/uploads\/2019\/03\/what-you-gonna-do-when-the-worlds-on-fire-roberto-minervini-3-700x394.jpg 700w, https:\/\/www.reconoce.mx\/wp-content\/uploads\/2019\/03\/what-you-gonna-do-when-the-worlds-on-fire-roberto-minervini-3-658x370.jpg 658w\" sizes=\"auto, (max-width: 2048px) 100vw, 2048px\" \/><\/a><\/p>\n<p>Filmada en un elegant\u00edsimo blanco y negro que convierte el testimonio en uno sin caducidad -pues bien podr\u00eda retratar cualquier momento de la compleja historia de la sociedad afroamericana-, el realizador <strong>Roberto Minervini<\/strong> consigue en principio un trabajo impactante. El cuidado en sus im\u00e1genes, el retrato fino y el detalle en cada elemento cinematogr\u00e1fico, hacen de \u00ab\u00bfQu\u00e9 vas a hacer cuando el mundo est\u00e9 en llamas?\u00bb un trabajo francamente envolvente.<\/p>\n<p>Filmada con apenas 5 personas, de acuerdo a uno de los miembros de su equipo quien nos present\u00f3 la pel\u00edcula, \u00ab\u00bfQu\u00e9 vas a hacer cuando el mundo est\u00e9 en llamas?\u00bb consigue adentrarnos no solo en las historias presentadas, sino tambi\u00e9n en la psique de una comunidad que sigue siendo juzgada por algo tan b\u00e1sico como su color de piel. En un momento del documental, en el bar de la mujer al mando de su familia, uno de los chicos agradece haber llegado con vida a los 23 a\u00f1os de edad&#8230; No lo cre\u00eda posible.<\/p>\n<p><a href=\"http:\/\/www.reconoce.mx\/wp-content\/uploads\/2019\/03\/what-you-gonna-do-when-the-worlds-on-fire-roberto-minervini-2.jpg\"><img loading=\"lazy\" decoding=\"async\" class=\"aligncenter size-full wp-image-81562\" src=\"http:\/\/www.reconoce.mx\/wp-content\/uploads\/2019\/03\/what-you-gonna-do-when-the-worlds-on-fire-roberto-minervini-2.jpg\" alt=\"\" width=\"2048\" height=\"1152\" srcset=\"https:\/\/www.reconoce.mx\/wp-content\/uploads\/2019\/03\/what-you-gonna-do-when-the-worlds-on-fire-roberto-minervini-2.jpg 2048w, https:\/\/www.reconoce.mx\/wp-content\/uploads\/2019\/03\/what-you-gonna-do-when-the-worlds-on-fire-roberto-minervini-2-300x169.jpg 300w, https:\/\/www.reconoce.mx\/wp-content\/uploads\/2019\/03\/what-you-gonna-do-when-the-worlds-on-fire-roberto-minervini-2-768x432.jpg 768w, https:\/\/www.reconoce.mx\/wp-content\/uploads\/2019\/03\/what-you-gonna-do-when-the-worlds-on-fire-roberto-minervini-2-1024x576.jpg 1024w, https:\/\/www.reconoce.mx\/wp-content\/uploads\/2019\/03\/what-you-gonna-do-when-the-worlds-on-fire-roberto-minervini-2-150x84.jpg 150w, https:\/\/www.reconoce.mx\/wp-content\/uploads\/2019\/03\/what-you-gonna-do-when-the-worlds-on-fire-roberto-minervini-2-700x394.jpg 700w, https:\/\/www.reconoce.mx\/wp-content\/uploads\/2019\/03\/what-you-gonna-do-when-the-worlds-on-fire-roberto-minervini-2-658x370.jpg 658w\" sizes=\"auto, (max-width: 2048px) 100vw, 2048px\" \/><\/a><\/p>\n<p>Las historias, todas con elementos comunes, terminan sin embargo present\u00e1ndonos aristas distintas. La m\u00e1s impactante y dura, a mi parecer, es posiblemente la principal de la pel\u00edcula: la de los dos chicos.<\/p>\n<p>Los dos hermanos pasan sus d\u00edas en calles que ya les son muy adversas; el mayor, ense\u00f1\u00e1ndole a su todav\u00eda inocente hermano sobre lo que le espera, en una escena le confronta para ense\u00f1arle a pelear. El peque\u00f1o, resisti\u00e9ndose y pregunt\u00e1ndole del porqu\u00e9 de su actitud, recibe la respuesta de su hermano mayor: \u00abA la gente no le gusta pelear&#8230; le gusta disparar\u00bb.<\/p>\n<style>.embed-container { position: relative; padding-bottom: 56.25%; height: 0; overflow: hidden; max-width: 100%; } .embed-container iframe, .embed-container object, .embed-container embed { position: absolute; top: 0; left: 0; width: 100%; height: 100%; }<\/style>\n<div class=\"embed-container\"><iframe src=\"https:\/\/www.youtube.com\/embed\/vxa6DVz_flM\" frameborder=\"0\" allowfullscreen=\"allowfullscreen\"><\/iframe><\/div>\n<p>&nbsp;<\/p>\n<p>Sin invadir, en una intimidad que sacude, <strong>Roberto Minervini<\/strong> nos zarandea con un trabajo que resulta a la vez alentador y desesperanzador. Al final, y como su mismo t\u00edtulo nos marca, las tramas presentadas est\u00e1n para provocarnos y cuestionarnos. \u00ab\u00bfQu\u00e9 vas a hacer cuando el mundo est\u00e9 en llamas?\u00bb, se pregunta el realizador; y al final, respondemos: \u00abEl mundo est\u00e1 ya en llamas, \u00bfqu\u00e9 vamos a hacer?\u00bb<\/p>\n<p>\u00ab\u00bfQu\u00e9 vas a hacer cuando el mundo est\u00e9 en llamas?\u00bb pueden disfrutarla todav\u00eda ma\u00f1ana mi\u00e9rcoles 6 de marzo a las 18:20 horas en el <strong>Cin\u00e9polis Diana<\/strong>. FICUNAM,<strong> Festival Internacional de Cine UNAM<\/strong>, se celebra hasta al 10 de marzo de 2019 en distintas sedes en Ciudad de M\u00e9xico. Para m\u00e1s informaci\u00f3n consulta el <a href=\"http:\/\/ficunam.unam.mx\/\" target=\"_blank\" rel=\"noopener\">sitio oficial<\/a>.<\/p>\n<p style=\"text-align: right;\">Con im\u00e1genes cortes\u00eda del <strong>FICUNAM<\/strong>.<\/p>\n<p>&nbsp;<\/p>\n<p>&nbsp;<\/p>\n","protected":false},"excerpt":{"rendered":"<p>Continuando con nuestro seguimiento de las pel\u00edculas presentadas en el marco del 9\u00b0 FICUNAM, Festival Internacional de Cine UNAM, toca revisar ahora el m\u00e1s reciente proyecto del realizador italiano Roberto Minervini. <\/p>\n","protected":false},"author":2,"featured_media":81560,"comment_status":"open","ping_status":"open","sticky":false,"template":"","format":"standard","meta":{"footnotes":""},"categories":[24,1,18,17],"tags":[],"class_list":["post-81556","post","type-post","status-publish","format-standard","has-post-thumbnail","hentry","category-cine","category-cultura","category-musica","category-principal"],"yoast_head":"<!-- This site is optimized with the Yoast SEO plugin v24.7 - https:\/\/yoast.com\/wordpress\/plugins\/seo\/ -->\n<title>#FICUNAM9: &quot;\u00bfQu\u00e9 vas a hacer cuando el mundo est\u00e9 en llamas?&quot; &#171; Reconoce MX<\/title>\n<meta name=\"robots\" content=\"index, follow, max-snippet:-1, max-image-preview:large, max-video-preview:-1\" \/>\n<link rel=\"canonical\" href=\"http:\/\/www.reconoce.mx\/?p=81556\" \/>\n<meta property=\"og:locale\" content=\"es_ES\" \/>\n<meta property=\"og:type\" content=\"article\" \/>\n<meta property=\"og:title\" content=\"#FICUNAM9: &quot;\u00bfQu\u00e9 vas a hacer cuando el mundo est\u00e9 en llamas?&quot; &#171; Reconoce MX\" \/>\n<meta property=\"og:description\" content=\"Continuando con nuestro seguimiento de las pel\u00edculas presentadas en el marco del 9\u00b0 FICUNAM, Festival Internacional de Cine UNAM, toca revisar ahora el m\u00e1s reciente proyecto del realizador italiano Roberto Minervini.\" \/>\n<meta property=\"og:url\" content=\"http:\/\/www.reconoce.mx\/?p=81556\" \/>\n<meta property=\"og:site_name\" content=\"Reconoce MX\" \/>\n<meta property=\"article:publisher\" content=\"https:\/\/es-la.facebook.com\/ReconoceMX\/\" \/>\n<meta property=\"article:published_time\" content=\"2019-03-05T06:03:54+00:00\" \/>\n<meta property=\"article:modified_time\" content=\"2019-03-05T16:11:43+00:00\" \/>\n<meta property=\"og:image\" content=\"http:\/\/www.reconoce.mx\/wp-content\/uploads\/2019\/03\/que-vas-a-hacer-cuando-el-mundo-este-en-llamas-cover.jpg\" \/>\n\t<meta property=\"og:image:width\" content=\"590\" \/>\n\t<meta property=\"og:image:height\" content=\"380\" \/>\n\t<meta property=\"og:image:type\" content=\"image\/jpeg\" \/>\n<meta name=\"author\" content=\"Reconoce MX\" \/>\n<meta name=\"twitter:card\" content=\"summary_large_image\" \/>\n<meta name=\"twitter:creator\" content=\"@reconocemx\" \/>\n<meta name=\"twitter:site\" content=\"@reconocemx\" \/>\n<meta name=\"twitter:label1\" content=\"Escrito por\" \/>\n\t<meta name=\"twitter:data1\" content=\"Reconoce MX\" \/>\n\t<meta name=\"twitter:label2\" content=\"Tiempo de lectura\" \/>\n\t<meta name=\"twitter:data2\" content=\"3 minutos\" \/>\n<script type=\"application\/ld+json\" class=\"yoast-schema-graph\">{\"@context\":\"https:\/\/schema.org\",\"@graph\":[{\"@type\":\"Article\",\"@id\":\"http:\/\/www.reconoce.mx\/?p=81556#article\",\"isPartOf\":{\"@id\":\"http:\/\/www.reconoce.mx\/?p=81556\"},\"author\":{\"name\":\"Reconoce MX\",\"@id\":\"http:\/\/www.reconoce.mx\/#\/schema\/person\/2117e997d7051dc15d6880eaf9bca0b2\"},\"headline\":\"#FICUNAM9: \u00ab\u00bfQu\u00e9 vas a hacer cuando el mundo est\u00e9 en llamas?\u00bb\",\"datePublished\":\"2019-03-05T06:03:54+00:00\",\"dateModified\":\"2019-03-05T16:11:43+00:00\",\"mainEntityOfPage\":{\"@id\":\"http:\/\/www.reconoce.mx\/?p=81556\"},\"wordCount\":691,\"commentCount\":0,\"publisher\":{\"@id\":\"http:\/\/www.reconoce.mx\/#organization\"},\"image\":{\"@id\":\"http:\/\/www.reconoce.mx\/?p=81556#primaryimage\"},\"thumbnailUrl\":\"https:\/\/www.reconoce.mx\/wp-content\/uploads\/2019\/03\/que-vas-a-hacer-cuando-el-mundo-este-en-llamas-cover.jpg\",\"articleSection\":[\"Cine\",\"Cultura\",\"M\u00fasica\",\"Principal\"],\"inLanguage\":\"es\",\"potentialAction\":[{\"@type\":\"CommentAction\",\"name\":\"Comment\",\"target\":[\"http:\/\/www.reconoce.mx\/?p=81556#respond\"]}]},{\"@type\":\"WebPage\",\"@id\":\"http:\/\/www.reconoce.mx\/?p=81556\",\"url\":\"http:\/\/www.reconoce.mx\/?p=81556\",\"name\":\"#FICUNAM9: \\\"\u00bfQu\u00e9 vas a hacer cuando el mundo est\u00e9 en llamas?\\\" &#171; Reconoce MX\",\"isPartOf\":{\"@id\":\"http:\/\/www.reconoce.mx\/#website\"},\"primaryImageOfPage\":{\"@id\":\"http:\/\/www.reconoce.mx\/?p=81556#primaryimage\"},\"image\":{\"@id\":\"http:\/\/www.reconoce.mx\/?p=81556#primaryimage\"},\"thumbnailUrl\":\"https:\/\/www.reconoce.mx\/wp-content\/uploads\/2019\/03\/que-vas-a-hacer-cuando-el-mundo-este-en-llamas-cover.jpg\",\"datePublished\":\"2019-03-05T06:03:54+00:00\",\"dateModified\":\"2019-03-05T16:11:43+00:00\",\"breadcrumb\":{\"@id\":\"http:\/\/www.reconoce.mx\/?p=81556#breadcrumb\"},\"inLanguage\":\"es\",\"potentialAction\":[{\"@type\":\"ReadAction\",\"target\":[\"http:\/\/www.reconoce.mx\/?p=81556\"]}]},{\"@type\":\"ImageObject\",\"inLanguage\":\"es\",\"@id\":\"http:\/\/www.reconoce.mx\/?p=81556#primaryimage\",\"url\":\"https:\/\/www.reconoce.mx\/wp-content\/uploads\/2019\/03\/que-vas-a-hacer-cuando-el-mundo-este-en-llamas-cover.jpg\",\"contentUrl\":\"https:\/\/www.reconoce.mx\/wp-content\/uploads\/2019\/03\/que-vas-a-hacer-cuando-el-mundo-este-en-llamas-cover.jpg\",\"width\":590,\"height\":380},{\"@type\":\"BreadcrumbList\",\"@id\":\"http:\/\/www.reconoce.mx\/?p=81556#breadcrumb\",\"itemListElement\":[{\"@type\":\"ListItem\",\"position\":1,\"name\":\"Portada\",\"item\":\"http:\/\/www.reconoce.mx\/\"},{\"@type\":\"ListItem\",\"position\":2,\"name\":\"#FICUNAM9: \u00ab\u00bfQu\u00e9 vas a hacer cuando el mundo est\u00e9 en llamas?\u00bb\"}]},{\"@type\":\"WebSite\",\"@id\":\"http:\/\/www.reconoce.mx\/#website\",\"url\":\"http:\/\/www.reconoce.mx\/\",\"name\":\"Reconoce MX\",\"description\":\"En Reconoce MX difundimos arte, cultura y conciencia social en M\u00e9xico. Tu ciudad en otra perspectiva.\",\"publisher\":{\"@id\":\"http:\/\/www.reconoce.mx\/#organization\"},\"potentialAction\":[{\"@type\":\"SearchAction\",\"target\":{\"@type\":\"EntryPoint\",\"urlTemplate\":\"http:\/\/www.reconoce.mx\/?s={search_term_string}\"},\"query-input\":{\"@type\":\"PropertyValueSpecification\",\"valueRequired\":true,\"valueName\":\"search_term_string\"}}],\"inLanguage\":\"es\"},{\"@type\":\"Organization\",\"@id\":\"http:\/\/www.reconoce.mx\/#organization\",\"name\":\"Reconoce MX\",\"url\":\"http:\/\/www.reconoce.mx\/\",\"logo\":{\"@type\":\"ImageObject\",\"inLanguage\":\"es\",\"@id\":\"http:\/\/www.reconoce.mx\/#\/schema\/logo\/image\/\",\"url\":\"https:\/\/www.reconoce.mx\/wp-content\/uploads\/2019\/03\/logorcmx-good-1.png\",\"contentUrl\":\"https:\/\/www.reconoce.mx\/wp-content\/uploads\/2019\/03\/logorcmx-good-1.png\",\"width\":280,\"height\":90,\"caption\":\"Reconoce MX\"},\"image\":{\"@id\":\"http:\/\/www.reconoce.mx\/#\/schema\/logo\/image\/\"},\"sameAs\":[\"https:\/\/es-la.facebook.com\/ReconoceMX\/\",\"https:\/\/x.com\/reconocemx\",\"http:\/\/@reconocemx\"]},{\"@type\":\"Person\",\"@id\":\"http:\/\/www.reconoce.mx\/#\/schema\/person\/2117e997d7051dc15d6880eaf9bca0b2\",\"name\":\"Reconoce MX\",\"image\":{\"@type\":\"ImageObject\",\"inLanguage\":\"es\",\"@id\":\"http:\/\/www.reconoce.mx\/#\/schema\/person\/image\/\",\"url\":\"https:\/\/secure.gravatar.com\/avatar\/6c8d4dc7569ca1c90c5fdcc349f839d5ddef6fe1e70b4337ead2ef1a4c43fc3a?s=96&d=identicon&r=g\",\"contentUrl\":\"https:\/\/secure.gravatar.com\/avatar\/6c8d4dc7569ca1c90c5fdcc349f839d5ddef6fe1e70b4337ead2ef1a4c43fc3a?s=96&d=identicon&r=g\",\"caption\":\"Reconoce MX\"},\"description\":\"Reconoce MX es un proyecto de difusi\u00f3n art\u00edstica, cultural y de conciencia social que est\u00e1 enfocado a difundir y fomentar el entretenimiento alternativo de calidad para todo el p\u00fablico que comparta el mismo entusiasmo.\",\"sameAs\":[\"http:\/\/www.reconoce.mx\"],\"url\":\"https:\/\/www.reconoce.mx\/?author=2\"}]}<\/script>\n<!-- \/ Yoast SEO plugin. -->","yoast_head_json":{"title":"#FICUNAM9: \"\u00bfQu\u00e9 vas a hacer cuando el mundo est\u00e9 en llamas?\" &#171; Reconoce MX","robots":{"index":"index","follow":"follow","max-snippet":"max-snippet:-1","max-image-preview":"max-image-preview:large","max-video-preview":"max-video-preview:-1"},"canonical":"http:\/\/www.reconoce.mx\/?p=81556","og_locale":"es_ES","og_type":"article","og_title":"#FICUNAM9: \"\u00bfQu\u00e9 vas a hacer cuando el mundo est\u00e9 en llamas?\" &#171; Reconoce MX","og_description":"Continuando con nuestro seguimiento de las pel\u00edculas presentadas en el marco del 9\u00b0 FICUNAM, Festival Internacional de Cine UNAM, toca revisar ahora el m\u00e1s reciente proyecto del realizador italiano Roberto Minervini.","og_url":"http:\/\/www.reconoce.mx\/?p=81556","og_site_name":"Reconoce MX","article_publisher":"https:\/\/es-la.facebook.com\/ReconoceMX\/","article_published_time":"2019-03-05T06:03:54+00:00","article_modified_time":"2019-03-05T16:11:43+00:00","og_image":[{"width":590,"height":380,"url":"http:\/\/www.reconoce.mx\/wp-content\/uploads\/2019\/03\/que-vas-a-hacer-cuando-el-mundo-este-en-llamas-cover.jpg","type":"image\/jpeg"}],"author":"Reconoce MX","twitter_card":"summary_large_image","twitter_creator":"@reconocemx","twitter_site":"@reconocemx","twitter_misc":{"Escrito por":"Reconoce MX","Tiempo de lectura":"3 minutos"},"schema":{"@context":"https:\/\/schema.org","@graph":[{"@type":"Article","@id":"http:\/\/www.reconoce.mx\/?p=81556#article","isPartOf":{"@id":"http:\/\/www.reconoce.mx\/?p=81556"},"author":{"name":"Reconoce MX","@id":"http:\/\/www.reconoce.mx\/#\/schema\/person\/2117e997d7051dc15d6880eaf9bca0b2"},"headline":"#FICUNAM9: \u00ab\u00bfQu\u00e9 vas a hacer cuando el mundo est\u00e9 en llamas?\u00bb","datePublished":"2019-03-05T06:03:54+00:00","dateModified":"2019-03-05T16:11:43+00:00","mainEntityOfPage":{"@id":"http:\/\/www.reconoce.mx\/?p=81556"},"wordCount":691,"commentCount":0,"publisher":{"@id":"http:\/\/www.reconoce.mx\/#organization"},"image":{"@id":"http:\/\/www.reconoce.mx\/?p=81556#primaryimage"},"thumbnailUrl":"https:\/\/www.reconoce.mx\/wp-content\/uploads\/2019\/03\/que-vas-a-hacer-cuando-el-mundo-este-en-llamas-cover.jpg","articleSection":["Cine","Cultura","M\u00fasica","Principal"],"inLanguage":"es","potentialAction":[{"@type":"CommentAction","name":"Comment","target":["http:\/\/www.reconoce.mx\/?p=81556#respond"]}]},{"@type":"WebPage","@id":"http:\/\/www.reconoce.mx\/?p=81556","url":"http:\/\/www.reconoce.mx\/?p=81556","name":"#FICUNAM9: \"\u00bfQu\u00e9 vas a hacer cuando el mundo est\u00e9 en llamas?\" &#171; Reconoce MX","isPartOf":{"@id":"http:\/\/www.reconoce.mx\/#website"},"primaryImageOfPage":{"@id":"http:\/\/www.reconoce.mx\/?p=81556#primaryimage"},"image":{"@id":"http:\/\/www.reconoce.mx\/?p=81556#primaryimage"},"thumbnailUrl":"https:\/\/www.reconoce.mx\/wp-content\/uploads\/2019\/03\/que-vas-a-hacer-cuando-el-mundo-este-en-llamas-cover.jpg","datePublished":"2019-03-05T06:03:54+00:00","dateModified":"2019-03-05T16:11:43+00:00","breadcrumb":{"@id":"http:\/\/www.reconoce.mx\/?p=81556#breadcrumb"},"inLanguage":"es","potentialAction":[{"@type":"ReadAction","target":["http:\/\/www.reconoce.mx\/?p=81556"]}]},{"@type":"ImageObject","inLanguage":"es","@id":"http:\/\/www.reconoce.mx\/?p=81556#primaryimage","url":"https:\/\/www.reconoce.mx\/wp-content\/uploads\/2019\/03\/que-vas-a-hacer-cuando-el-mundo-este-en-llamas-cover.jpg","contentUrl":"https:\/\/www.reconoce.mx\/wp-content\/uploads\/2019\/03\/que-vas-a-hacer-cuando-el-mundo-este-en-llamas-cover.jpg","width":590,"height":380},{"@type":"BreadcrumbList","@id":"http:\/\/www.reconoce.mx\/?p=81556#breadcrumb","itemListElement":[{"@type":"ListItem","position":1,"name":"Portada","item":"http:\/\/www.reconoce.mx\/"},{"@type":"ListItem","position":2,"name":"#FICUNAM9: \u00ab\u00bfQu\u00e9 vas a hacer cuando el mundo est\u00e9 en llamas?\u00bb"}]},{"@type":"WebSite","@id":"http:\/\/www.reconoce.mx\/#website","url":"http:\/\/www.reconoce.mx\/","name":"Reconoce MX","description":"En Reconoce MX difundimos arte, cultura y conciencia social en M\u00e9xico. Tu ciudad en otra perspectiva.","publisher":{"@id":"http:\/\/www.reconoce.mx\/#organization"},"potentialAction":[{"@type":"SearchAction","target":{"@type":"EntryPoint","urlTemplate":"http:\/\/www.reconoce.mx\/?s={search_term_string}"},"query-input":{"@type":"PropertyValueSpecification","valueRequired":true,"valueName":"search_term_string"}}],"inLanguage":"es"},{"@type":"Organization","@id":"http:\/\/www.reconoce.mx\/#organization","name":"Reconoce MX","url":"http:\/\/www.reconoce.mx\/","logo":{"@type":"ImageObject","inLanguage":"es","@id":"http:\/\/www.reconoce.mx\/#\/schema\/logo\/image\/","url":"https:\/\/www.reconoce.mx\/wp-content\/uploads\/2019\/03\/logorcmx-good-1.png","contentUrl":"https:\/\/www.reconoce.mx\/wp-content\/uploads\/2019\/03\/logorcmx-good-1.png","width":280,"height":90,"caption":"Reconoce MX"},"image":{"@id":"http:\/\/www.reconoce.mx\/#\/schema\/logo\/image\/"},"sameAs":["https:\/\/es-la.facebook.com\/ReconoceMX\/","https:\/\/x.com\/reconocemx","http:\/\/@reconocemx"]},{"@type":"Person","@id":"http:\/\/www.reconoce.mx\/#\/schema\/person\/2117e997d7051dc15d6880eaf9bca0b2","name":"Reconoce MX","image":{"@type":"ImageObject","inLanguage":"es","@id":"http:\/\/www.reconoce.mx\/#\/schema\/person\/image\/","url":"https:\/\/secure.gravatar.com\/avatar\/6c8d4dc7569ca1c90c5fdcc349f839d5ddef6fe1e70b4337ead2ef1a4c43fc3a?s=96&d=identicon&r=g","contentUrl":"https:\/\/secure.gravatar.com\/avatar\/6c8d4dc7569ca1c90c5fdcc349f839d5ddef6fe1e70b4337ead2ef1a4c43fc3a?s=96&d=identicon&r=g","caption":"Reconoce MX"},"description":"Reconoce MX es un proyecto de difusi\u00f3n art\u00edstica, cultural y de conciencia social que est\u00e1 enfocado a difundir y fomentar el entretenimiento alternativo de calidad para todo el p\u00fablico que comparta el mismo entusiasmo.","sameAs":["http:\/\/www.reconoce.mx"],"url":"https:\/\/www.reconoce.mx\/?author=2"}]}},"_links":{"self":[{"href":"https:\/\/www.reconoce.mx\/index.php?rest_route=\/wp\/v2\/posts\/81556","targetHints":{"allow":["GET"]}}],"collection":[{"href":"https:\/\/www.reconoce.mx\/index.php?rest_route=\/wp\/v2\/posts"}],"about":[{"href":"https:\/\/www.reconoce.mx\/index.php?rest_route=\/wp\/v2\/types\/post"}],"author":[{"embeddable":true,"href":"https:\/\/www.reconoce.mx\/index.php?rest_route=\/wp\/v2\/users\/2"}],"replies":[{"embeddable":true,"href":"https:\/\/www.reconoce.mx\/index.php?rest_route=%2Fwp%2Fv2%2Fcomments&post=81556"}],"version-history":[{"count":2,"href":"https:\/\/www.reconoce.mx\/index.php?rest_route=\/wp\/v2\/posts\/81556\/revisions"}],"predecessor-version":[{"id":81564,"href":"https:\/\/www.reconoce.mx\/index.php?rest_route=\/wp\/v2\/posts\/81556\/revisions\/81564"}],"wp:featuredmedia":[{"embeddable":true,"href":"https:\/\/www.reconoce.mx\/index.php?rest_route=\/wp\/v2\/media\/81560"}],"wp:attachment":[{"href":"https:\/\/www.reconoce.mx\/index.php?rest_route=%2Fwp%2Fv2%2Fmedia&parent=81556"}],"wp:term":[{"taxonomy":"category","embeddable":true,"href":"https:\/\/www.reconoce.mx\/index.php?rest_route=%2Fwp%2Fv2%2Fcategories&post=81556"},{"taxonomy":"post_tag","embeddable":true,"href":"https:\/\/www.reconoce.mx\/index.php?rest_route=%2Fwp%2Fv2%2Ftags&post=81556"}],"curies":[{"name":"wp","href":"https:\/\/api.w.org\/{rel}","templated":true}]}}