{"id":81582,"date":"2019-03-06T00:04:14","date_gmt":"2019-03-06T06:04:14","guid":{"rendered":"http:\/\/www.reconoce.mx\/?p=81582"},"modified":"2019-03-06T09:03:10","modified_gmt":"2019-03-06T15:03:10","slug":"por-que-la-favorita-debio-ser-la-favorita","status":"publish","type":"post","link":"https:\/\/www.reconoce.mx\/?p=81582","title":{"rendered":"\u00bfPor qu\u00e9 \u00abLa favorita\u00bb debi\u00f3 ser la favorita?"},"content":{"rendered":"<p><a href=\"http:\/\/www.reconoce.mx\/category\/columnistas\/\"><img loading=\"lazy\" decoding=\"async\" class=\"aligncenter size-full wp-image-40651\" src=\"http:\/\/www.reconoce.mx\/wp-content\/uploads\/2015\/09\/ColumnistaRCMX.png\" alt=\"Columnistainvitado\" width=\"570\" height=\"70\" \/><\/a><\/p>\n<p><strong>Por <a href=\"https:\/\/twitter.com\/SandyMW13\" target=\"_blank\" rel=\"noopener noreferrer\">Sandyluz<\/a><\/strong>.<\/p>\n<p>May\u00fascula sorpresa nos llevamos todos, cuando, luego de haber recibido 10 nominaciones al premio <strong>Oscar<\/strong>, la pel\u00edcula \u00ab<a href=\"http:\/\/www.reconoce.mx\/la-favorita-entretenida-comedia-negra-sobre-la-ambicion-del-poder\/\" target=\"_blank\" rel=\"noopener\">La favorita (The favourite)<\/a>\u00bb de <strong>Yorgos Lanthimos<\/strong>, apenas gan\u00f3 una estatuilla (\u00abMejor actriz\u00bb, obtenido por <strong>Olivia Colman<\/strong>), quedando injustamente ag\u00f3nica, ante las multipremiadas \u00ab<a href=\"http:\/\/www.reconoce.mx\/la-escision-del-discurso-feminista-y-machista-en-roma\/\" target=\"_blank\" rel=\"noopener\">Roma<\/a>\u00bb y \u00abBohemian Rhapsody\u00bb. Y no es que no sepamos apreciar el valor intr\u00ednseco de los otros filmes; o que tampoco advirtamos que los Oscar tuvieron la t\u00f3nica de \u201cmulticulturalidad\u201d, y que siempre siguen un criterio subjetivo, con tendencia a la elecci\u00f3n pol\u00edticamente correcta: en esta ocasi\u00f3n, dignificar al grupo racial o minoritario desfavorecido. Se piensa que influy\u00f3 que el director fuera el audaz griego, quien no es considerado parte del gremio f\u00edlmico estadounidense; se rumora que era imposible dejar pasar a una pel\u00edcula, con propuesta tan bizarra, siendo que hab\u00eda otras contendientes que apelan \u201cmejor\u201d a los valores estadounidenses, y acaso \u00bfal <em>american way of life<\/em>? (\u00abGreenbook\u00bb, \u00abMejor pel\u00edcula\u00bb). \u00bfC\u00f3mo otorgar tan digna presea a una pel\u00edcula del corte de \u00abRoma\u00bb, la cual fue estrenada y principalmente difundida, en otra plataforma, que no es la sala de cine? La <strong>Academia de Artes y Ciencias Cinematogr\u00e1ficas<\/strong> deja un mensaje claro, en torno a \u201cqui\u00e9n manda\u201d, todav\u00eda\u2026<\/p>\n<p><img loading=\"lazy\" decoding=\"async\" class=\"alignnone size-full\" src=\"http:\/\/www.reconoce.mx\/wp-content\/uploads\/2019\/01\/unnamed-3.jpg\" width=\"1382\" height=\"2048\" \/><\/p>\n<p>Hablando de \u00abLa favorita\u00bb quisiera exponerles al menos tres aspectos que la hicieron pieza \u00fanica, y por lo tanto digna de ser galardonada: actuaciones, cinematograf\u00eda, plano connotativo o simb\u00f3lico, a lo largo de su narrativa, para trabajar el manoseado tema del poder y la manipulaci\u00f3n, pero sobretodo, el empoderamiento femenino, en un mundo primordialmente machista, como el de la corte inglesa del siglo XVIII.<\/p>\n<p>En cuanto a los personajes, cabe recordar que las dos actrices de reparto (personajes secundarios) fueron nominadas al premio <strong>Oscar<\/strong>; me refiero a <strong>Emma Stone<\/strong> (Abigail) y <strong>Rachel Weisz<\/strong> (Lady Sara); ambas en constante disputa por los favores de Su Majestad, Queen Ann (<strong>Olivia Colman<\/strong>). Todos las peripecias de la trama giran en torno a su lucha por el poder; cada una, haciendo lo propio, e ingenuamente crey\u00e9ndose manipuladoras de la reina. La virtud de sus actuaciones est\u00e1 brindada por la sutil direcci\u00f3n actoral que las exige polifac\u00e9ticas y tridimensionales, impredecibles y redondas. En las actuaciones de las tres destaca ese matiz de desesperaci\u00f3n en aumento, conforme avanza la cinta; las tres van pervirti\u00e9ndose cada vez m\u00e1s, conforme se torna m\u00e1s vulnerable su posici\u00f3n estable y arm\u00f3nica en la corte. Los planos medios cortos (<em>medium shots<\/em>),<em> close ups<\/em> y extreme <em>close ups<\/em> nos muestran su pasmo, rabia y angustia; en conjunto, su involuci\u00f3n progresiva, mientras luchan ferozmente por la consecuci\u00f3n de su meta personal. Sarah y Abigail saben que s\u00f3lo puede haber una favorita, por lo cual tratan de impresionar a Ann con todas sus tretas, mientras respectivamente guardan la retaguardia, para impedir que \u201cla otra\u201d, en todo caso rival, les d\u00e9 la estocada por la espalda. Ann simplemente encarna el aspecto dual de una monarca que debe dar la talla, y que empe\u00f1a todo el porte y la compostura, ante la Corte y el Parlamento, pero que se desmorona a puerta cerrada, s\u00ed por los dolores causados por su pierna enferma, pero sobretodo, por la soledad, la falta de cari\u00f1o leg\u00edtimo y las enormes secuelas que carga consigo, al haber sido frustrada madre en diecisiete ocasiones, y al hallarse prisionera y desolada, dentro de su propia vida. Ann muestra a una reina con tesituras de amargura, caprichos exuberantes y rasgos infantiles, que ponen en duda su cordura.<\/p>\n<p><img loading=\"lazy\" decoding=\"async\" class=\"alignnone size-full\" src=\"http:\/\/www.reconoce.mx\/wp-content\/uploads\/2019\/01\/la-favorita-cover.jpg\" width=\"590\" height=\"380\" \/><\/p>\n<p>Por otro lado, merece la pena hablar de la cinematograf\u00eda peculiar de Lanthimos. En su propuesta visual destacan los planos abigarrados, logrados mediante encuadres en picada, contrapicada, planos holandeses (para mostrar desequilibrio y enaltecer o disminuir al personaje). Y qu\u00e9 decir de los planos generales, enmarcados por la redondez peculiar del lente ojo de pescado, el cual est\u00e9ticamente ya propone una visi\u00f3n distorsionada y no ver\u00eddica de la realidad. Todo el drama est\u00e1 en constante subes y bajas, debido a las peripecias, pero tambi\u00e9n con la ayuda de la c\u00e1mara en mano, la c\u00e1mara subjetiva y los <em>overshoulders<\/em>, que le dan ese peculiar sello de subjetividad e imperfecci\u00f3n a las tomas. M\u00e1s all\u00e1, mientras se va narrando visualmente la convergencia de los subtramas de Lady Sarah y Abigail, se respetan las tomas \u201ceje\u201d, o centrales, en torno a la Corte, o la alcoba real, en donde, con ayuda del <em>dolly in<\/em> o <em>dolly out<\/em>, se exhibe la solidez y edificaci\u00f3n de las estructuras imperantes que definen a una monarqu\u00eda. Y a pesar de mostrar tal congruencia, en el aspecto visual, se alternan de pronto <em>inserts<\/em> y montajes intelectuales, que dan un toque surrealista a la trama, as\u00ed como para hacernos leer y mirar entre l\u00edneas, o entre tomas; por ejemplo, cuando se intercala un escarmiento de entretenimiento (muy extra\u00f1o, por cierto), propinado a un hombre gordo, quien es golpeado constantemente con jitomates, para mostrar luego un desacuerdo entre los actantes que convergen en la alcoba real. Tambi\u00e9n hay tomas simb\u00f3licas, a trav\u00e9s del manejo del color y los elementos dispuestos, como cuando Abigail amanece, cual \u00e1ngel inmaculado, entre las s\u00e1banas blancas de la cama real; toda ella n\u00edvea, desnuda y transparente, dispuesta para la antojadiza reina. Por cierto, muy interesantes las tomas, en donde aparecen los conejos-hijos de Ann, esparcidos por doquier, desordenando todo y aludiendo a las inquietudes inocentes e incontrolables de Ann; incluso en el desenlace es muy osada la superposici\u00f3n de planos y tramas, que hace Lanthimos, permiti\u00e9ndose el uso de disolvencias, para manifestar la intersecci\u00f3n, cuando la norma estimar\u00eda los cortes directos; todo esto nos lleva a connotar que las apariencias enga\u00f1an, que hay varias versiones, en torno a un mismo evento, y tambi\u00e9n, que hay cierto rasgo de perturbaci\u00f3n, en cada uno de los personajes decisivos, pues, a pesar de que se sientan en control, dentro del juego de manipulaci\u00f3n, puedan terminar manipulados, expuestos y desquiciados.<\/p>\n<p>Por otro lado, \u00abLa favorita\u00bb, desde su t\u00edtulo propone, discursivamente, que en las cortes subyac\u00edan juegos de intrigas y relaciones l\u00e9sbicas, empleadas estrat\u00e9gicamente, para ganar el favor de la monarca absoluta. Lanthimos muestra deliberadamente inferiores a los varones, tanto en participaci\u00f3n, como en discurso, debido a su propuesta donde las mujeres urden, manipulan y se mueven habilidosamente, detr\u00e1s de las cortinas, o a puerta cerrada, cuando menos se sospechar\u00eda. Mientras los hombres discuten, en grupo y abiertamente en el parlamento, las f\u00e9minas se filtran en los menesteres y secretos \u00edntimos de Su Majestad, para ganar astutamente su preferencia, salvaguardando, de esa manera, un lugar en la corte; para obtener, sutil, pero implacablemente, el empoderamiento, que las pone incluso por encima del m\u00e1ximo consejero masculino.<\/p>\n<style>.embed-container { position: relative; padding-bottom: 56.25%; height: 0; overflow: hidden; max-width: 100%; } .embed-container iframe, .embed-container object, .embed-container embed { position: absolute; top: 0; left: 0; width: 100%; height: 100%; }<\/style>\n<div class=\"embed-container\"><iframe src=\"https:\/\/www.youtube.com\/embed\/6ciX0L-1clg\" frameborder=\"0\" allowfullscreen=\"allowfullscreen\"><\/iframe><\/div>\n<p>&nbsp;<\/p>\n<p>En todo caso, \u00abLa favorita\u00bb es un drama muy dignamente logrado; muestra las diversas peripecias que suceden dentro de la corte de la reina Ana Estuardo, fascin\u00e1ndonos con la noci\u00f3n de que las decisiones pol\u00edticas se tomaban de manera espont\u00e1nea, subjetiva y tras bambalinas. La narrativa de Lanthimos es jam\u00e1s predecible, y, adem\u00e1s de intrigar al espectador con la din\u00e1mica turbulenta de los parlamentos de sus personajes, muestra un aspecto extra\u00f1o, desconcertante y bizarro, a partir de algo \u201cnormal\u201d como un reino. Finalmente, creo que el sello de Lanthimos es lo que hace el punto y aparte con este filme, en relaci\u00f3n con otros filmes de corte hist\u00f3rico que rayan en el hero\u00edsmo desmedido y en lo cursi. Si bien \u00abLa favorita\u00bb no gan\u00f3 la presea m\u00e1xima, en esta ocasi\u00f3n, es mi recomendaci\u00f3n favorita. Ser\u00eda toda una osad\u00eda recordar a la Reina Ann con esa estampa impresa por Lanthimos, que llev\u00f3 a <strong>Olivia Colman<\/strong> a obtener tan merecido premio por su actuaci\u00f3n estelar. As\u00ed que, ya luego que se desembaracen de \u00abRoma\u00bb, deber\u00edan mirar con ojo astuto esta estrella negra de los filmes de 2018.<\/p>\n<p style=\"text-align: right;\">Fuente: <strong>Lanthimos<\/strong>, Yorgos. \u00abLa favorita\u00bb. Ireland, U.S.A, UK: Element pictures, Scarlet films and Film4, 2018.<\/p>\n<blockquote><p><a href=\"http:\/\/www.reconoce.mx\/wp-content\/uploads\/2019\/01\/sandyluz-2019-e1547097212238.jpg\" rel=\"lightbox[57492]\"><img loading=\"lazy\" decoding=\"async\" class=\"alignleft size-thumbnail wp-image-39872\" src=\"http:\/\/www.reconoce.mx\/wp-content\/uploads\/2019\/01\/sandyluz-2019-e1547097212238.jpg\" alt=\"IMG_5743\" width=\"150\" height=\"150\" \/><\/a><strong>Sandyluz<\/strong>. \u201cDetr\u00e1s de la pluma\u2026\u201d Egresada del Tecnol\u00f3gico de Monterrey Campus Toluca, de la carrera de Ciencias de la Comunicaci\u00f3n. Complet\u00f3 estudios de Creaci\u00f3n Literaria en la Escuela de Escritores del Estado de M\u00e9xico (SOGEM). Tambi\u00e9n termin\u00f3 una maestr\u00eda en Estudios Human\u00edsticos con especialidad en Literatura, en el Tecnol\u00f3gico de Monterrey. En un plano m\u00e1s relajado, es aficionada a los libros y a la escritura desde corta edad; ha escrito de manera informal cuentos y poes\u00edas; con uno de sus primeros cuentos gan\u00f3 un concurso local del cual obtuvo su primer retribuci\u00f3n econ\u00f3mica y profesional, siendo ello un significativo incentivo para seguir escribiendo. La Literatura ha sido una v\u00e1lvula de escape para no enfermar de realidad. La fantas\u00eda reanima el fulgor de los sue\u00f1os que so\u00f1amos dormidos y que so\u00f1amos despiertos\u2026<\/p><\/blockquote>\n<p>&nbsp;<\/p>\n<p>&nbsp;<\/p>\n","protected":false},"excerpt":{"rendered":"<p>May\u00fascula sorpresa nos llevamos todos, cuando, luego de haber recibido 10 nominaciones al premio Oscar, la pel\u00edcula \u00abLa favorita (The favourite)\u00bb de Yorgos Lanthimos, apenas gan\u00f3 una estatuilla (\u00abMejor actriz\u00bb, obtenido por Olivia Colman), quedando injustamente ag\u00f3nica, ante las multipremiadas \u00abRoma\u00bb y \u00abBohemian Rhapsody\u00bb.<\/p>\n","protected":false},"author":2,"featured_media":80498,"comment_status":"open","ping_status":"open","sticky":false,"template":"","format":"standard","meta":{"footnotes":""},"categories":[16,17,2648],"tags":[],"class_list":["post-81582","post","type-post","status-publish","format-standard","has-post-thumbnail","hentry","category-columnistas","category-principal","category-sandyluz"],"yoast_head":"<!-- This site is optimized with the Yoast SEO plugin v24.7 - https:\/\/yoast.com\/wordpress\/plugins\/seo\/ -->\n<title>\u00bfPor qu\u00e9 &quot;La favorita&quot; debi\u00f3 ser la favorita? &#171; Reconoce MX<\/title>\n<meta name=\"robots\" content=\"index, follow, max-snippet:-1, max-image-preview:large, max-video-preview:-1\" \/>\n<link rel=\"canonical\" href=\"http:\/\/www.reconoce.mx\/?p=81582\" \/>\n<meta property=\"og:locale\" content=\"es_ES\" \/>\n<meta property=\"og:type\" content=\"article\" \/>\n<meta property=\"og:title\" content=\"\u00bfPor qu\u00e9 &quot;La favorita&quot; debi\u00f3 ser la favorita? &#171; Reconoce MX\" \/>\n<meta property=\"og:description\" content=\"May\u00fascula sorpresa nos llevamos todos, cuando, luego de haber recibido 10 nominaciones al premio Oscar, la pel\u00edcula &quot;La favorita (The favourite)&quot; de Yorgos Lanthimos, apenas gan\u00f3 una estatuilla (&quot;Mejor actriz&quot;, obtenido por Olivia Colman), quedando injustamente ag\u00f3nica, ante las multipremiadas &quot;Roma&quot; y &quot;Bohemian Rhapsody&quot;.\" \/>\n<meta property=\"og:url\" content=\"http:\/\/www.reconoce.mx\/?p=81582\" \/>\n<meta property=\"og:site_name\" content=\"Reconoce MX\" \/>\n<meta property=\"article:publisher\" content=\"https:\/\/es-la.facebook.com\/ReconoceMX\/\" \/>\n<meta property=\"article:published_time\" content=\"2019-03-06T06:04:14+00:00\" \/>\n<meta property=\"article:modified_time\" content=\"2019-03-06T15:03:10+00:00\" \/>\n<meta property=\"og:image\" content=\"http:\/\/www.reconoce.mx\/wp-content\/uploads\/2019\/01\/la-favorita-1.jpg\" \/>\n\t<meta property=\"og:image:width\" content=\"590\" \/>\n\t<meta property=\"og:image:height\" content=\"380\" \/>\n\t<meta property=\"og:image:type\" content=\"image\/jpeg\" \/>\n<meta name=\"author\" content=\"Reconoce MX\" \/>\n<meta name=\"twitter:card\" content=\"summary_large_image\" \/>\n<meta name=\"twitter:creator\" content=\"@reconocemx\" \/>\n<meta name=\"twitter:site\" content=\"@reconocemx\" \/>\n<meta name=\"twitter:label1\" content=\"Escrito por\" \/>\n\t<meta name=\"twitter:data1\" content=\"Reconoce MX\" \/>\n\t<meta name=\"twitter:label2\" content=\"Tiempo de lectura\" \/>\n\t<meta name=\"twitter:data2\" content=\"8 minutos\" \/>\n<script type=\"application\/ld+json\" class=\"yoast-schema-graph\">{\"@context\":\"https:\/\/schema.org\",\"@graph\":[{\"@type\":\"Article\",\"@id\":\"http:\/\/www.reconoce.mx\/?p=81582#article\",\"isPartOf\":{\"@id\":\"http:\/\/www.reconoce.mx\/?p=81582\"},\"author\":{\"name\":\"Reconoce MX\",\"@id\":\"http:\/\/www.reconoce.mx\/#\/schema\/person\/2117e997d7051dc15d6880eaf9bca0b2\"},\"headline\":\"\u00bfPor qu\u00e9 \u00abLa favorita\u00bb debi\u00f3 ser la favorita?\",\"datePublished\":\"2019-03-06T06:04:14+00:00\",\"dateModified\":\"2019-03-06T15:03:10+00:00\",\"mainEntityOfPage\":{\"@id\":\"http:\/\/www.reconoce.mx\/?p=81582\"},\"wordCount\":1542,\"commentCount\":0,\"publisher\":{\"@id\":\"http:\/\/www.reconoce.mx\/#organization\"},\"image\":{\"@id\":\"http:\/\/www.reconoce.mx\/?p=81582#primaryimage\"},\"thumbnailUrl\":\"https:\/\/www.reconoce.mx\/wp-content\/uploads\/2019\/01\/la-favorita-1.jpg\",\"articleSection\":[\"Columnistas\",\"Principal\",\"Sandyluz\"],\"inLanguage\":\"es\",\"potentialAction\":[{\"@type\":\"CommentAction\",\"name\":\"Comment\",\"target\":[\"http:\/\/www.reconoce.mx\/?p=81582#respond\"]}]},{\"@type\":\"WebPage\",\"@id\":\"http:\/\/www.reconoce.mx\/?p=81582\",\"url\":\"http:\/\/www.reconoce.mx\/?p=81582\",\"name\":\"\u00bfPor qu\u00e9 \\\"La favorita\\\" debi\u00f3 ser la favorita? &#171; Reconoce MX\",\"isPartOf\":{\"@id\":\"http:\/\/www.reconoce.mx\/#website\"},\"primaryImageOfPage\":{\"@id\":\"http:\/\/www.reconoce.mx\/?p=81582#primaryimage\"},\"image\":{\"@id\":\"http:\/\/www.reconoce.mx\/?p=81582#primaryimage\"},\"thumbnailUrl\":\"https:\/\/www.reconoce.mx\/wp-content\/uploads\/2019\/01\/la-favorita-1.jpg\",\"datePublished\":\"2019-03-06T06:04:14+00:00\",\"dateModified\":\"2019-03-06T15:03:10+00:00\",\"breadcrumb\":{\"@id\":\"http:\/\/www.reconoce.mx\/?p=81582#breadcrumb\"},\"inLanguage\":\"es\",\"potentialAction\":[{\"@type\":\"ReadAction\",\"target\":[\"http:\/\/www.reconoce.mx\/?p=81582\"]}]},{\"@type\":\"ImageObject\",\"inLanguage\":\"es\",\"@id\":\"http:\/\/www.reconoce.mx\/?p=81582#primaryimage\",\"url\":\"https:\/\/www.reconoce.mx\/wp-content\/uploads\/2019\/01\/la-favorita-1.jpg\",\"contentUrl\":\"https:\/\/www.reconoce.mx\/wp-content\/uploads\/2019\/01\/la-favorita-1.jpg\",\"width\":590,\"height\":380},{\"@type\":\"BreadcrumbList\",\"@id\":\"http:\/\/www.reconoce.mx\/?p=81582#breadcrumb\",\"itemListElement\":[{\"@type\":\"ListItem\",\"position\":1,\"name\":\"Portada\",\"item\":\"http:\/\/www.reconoce.mx\/\"},{\"@type\":\"ListItem\",\"position\":2,\"name\":\"\u00bfPor qu\u00e9 \u00abLa favorita\u00bb debi\u00f3 ser la favorita?\"}]},{\"@type\":\"WebSite\",\"@id\":\"http:\/\/www.reconoce.mx\/#website\",\"url\":\"http:\/\/www.reconoce.mx\/\",\"name\":\"Reconoce MX\",\"description\":\"En Reconoce MX difundimos arte, cultura y conciencia social en M\u00e9xico. Tu ciudad en otra perspectiva.\",\"publisher\":{\"@id\":\"http:\/\/www.reconoce.mx\/#organization\"},\"potentialAction\":[{\"@type\":\"SearchAction\",\"target\":{\"@type\":\"EntryPoint\",\"urlTemplate\":\"http:\/\/www.reconoce.mx\/?s={search_term_string}\"},\"query-input\":{\"@type\":\"PropertyValueSpecification\",\"valueRequired\":true,\"valueName\":\"search_term_string\"}}],\"inLanguage\":\"es\"},{\"@type\":\"Organization\",\"@id\":\"http:\/\/www.reconoce.mx\/#organization\",\"name\":\"Reconoce MX\",\"url\":\"http:\/\/www.reconoce.mx\/\",\"logo\":{\"@type\":\"ImageObject\",\"inLanguage\":\"es\",\"@id\":\"http:\/\/www.reconoce.mx\/#\/schema\/logo\/image\/\",\"url\":\"https:\/\/www.reconoce.mx\/wp-content\/uploads\/2019\/03\/logorcmx-good-1.png\",\"contentUrl\":\"https:\/\/www.reconoce.mx\/wp-content\/uploads\/2019\/03\/logorcmx-good-1.png\",\"width\":280,\"height\":90,\"caption\":\"Reconoce MX\"},\"image\":{\"@id\":\"http:\/\/www.reconoce.mx\/#\/schema\/logo\/image\/\"},\"sameAs\":[\"https:\/\/es-la.facebook.com\/ReconoceMX\/\",\"https:\/\/x.com\/reconocemx\",\"http:\/\/@reconocemx\"]},{\"@type\":\"Person\",\"@id\":\"http:\/\/www.reconoce.mx\/#\/schema\/person\/2117e997d7051dc15d6880eaf9bca0b2\",\"name\":\"Reconoce MX\",\"image\":{\"@type\":\"ImageObject\",\"inLanguage\":\"es\",\"@id\":\"http:\/\/www.reconoce.mx\/#\/schema\/person\/image\/\",\"url\":\"https:\/\/secure.gravatar.com\/avatar\/6c8d4dc7569ca1c90c5fdcc349f839d5ddef6fe1e70b4337ead2ef1a4c43fc3a?s=96&d=identicon&r=g\",\"contentUrl\":\"https:\/\/secure.gravatar.com\/avatar\/6c8d4dc7569ca1c90c5fdcc349f839d5ddef6fe1e70b4337ead2ef1a4c43fc3a?s=96&d=identicon&r=g\",\"caption\":\"Reconoce MX\"},\"description\":\"Reconoce MX es un proyecto de difusi\u00f3n art\u00edstica, cultural y de conciencia social que est\u00e1 enfocado a difundir y fomentar el entretenimiento alternativo de calidad para todo el p\u00fablico que comparta el mismo entusiasmo.\",\"sameAs\":[\"http:\/\/www.reconoce.mx\"],\"url\":\"https:\/\/www.reconoce.mx\/?author=2\"}]}<\/script>\n<!-- \/ Yoast SEO plugin. -->","yoast_head_json":{"title":"\u00bfPor qu\u00e9 \"La favorita\" debi\u00f3 ser la favorita? &#171; Reconoce MX","robots":{"index":"index","follow":"follow","max-snippet":"max-snippet:-1","max-image-preview":"max-image-preview:large","max-video-preview":"max-video-preview:-1"},"canonical":"http:\/\/www.reconoce.mx\/?p=81582","og_locale":"es_ES","og_type":"article","og_title":"\u00bfPor qu\u00e9 \"La favorita\" debi\u00f3 ser la favorita? &#171; Reconoce MX","og_description":"May\u00fascula sorpresa nos llevamos todos, cuando, luego de haber recibido 10 nominaciones al premio Oscar, la pel\u00edcula \"La favorita (The favourite)\" de Yorgos Lanthimos, apenas gan\u00f3 una estatuilla (\"Mejor actriz\", obtenido por Olivia Colman), quedando injustamente ag\u00f3nica, ante las multipremiadas \"Roma\" y \"Bohemian Rhapsody\".","og_url":"http:\/\/www.reconoce.mx\/?p=81582","og_site_name":"Reconoce MX","article_publisher":"https:\/\/es-la.facebook.com\/ReconoceMX\/","article_published_time":"2019-03-06T06:04:14+00:00","article_modified_time":"2019-03-06T15:03:10+00:00","og_image":[{"width":590,"height":380,"url":"http:\/\/www.reconoce.mx\/wp-content\/uploads\/2019\/01\/la-favorita-1.jpg","type":"image\/jpeg"}],"author":"Reconoce MX","twitter_card":"summary_large_image","twitter_creator":"@reconocemx","twitter_site":"@reconocemx","twitter_misc":{"Escrito por":"Reconoce MX","Tiempo de lectura":"8 minutos"},"schema":{"@context":"https:\/\/schema.org","@graph":[{"@type":"Article","@id":"http:\/\/www.reconoce.mx\/?p=81582#article","isPartOf":{"@id":"http:\/\/www.reconoce.mx\/?p=81582"},"author":{"name":"Reconoce MX","@id":"http:\/\/www.reconoce.mx\/#\/schema\/person\/2117e997d7051dc15d6880eaf9bca0b2"},"headline":"\u00bfPor qu\u00e9 \u00abLa favorita\u00bb debi\u00f3 ser la favorita?","datePublished":"2019-03-06T06:04:14+00:00","dateModified":"2019-03-06T15:03:10+00:00","mainEntityOfPage":{"@id":"http:\/\/www.reconoce.mx\/?p=81582"},"wordCount":1542,"commentCount":0,"publisher":{"@id":"http:\/\/www.reconoce.mx\/#organization"},"image":{"@id":"http:\/\/www.reconoce.mx\/?p=81582#primaryimage"},"thumbnailUrl":"https:\/\/www.reconoce.mx\/wp-content\/uploads\/2019\/01\/la-favorita-1.jpg","articleSection":["Columnistas","Principal","Sandyluz"],"inLanguage":"es","potentialAction":[{"@type":"CommentAction","name":"Comment","target":["http:\/\/www.reconoce.mx\/?p=81582#respond"]}]},{"@type":"WebPage","@id":"http:\/\/www.reconoce.mx\/?p=81582","url":"http:\/\/www.reconoce.mx\/?p=81582","name":"\u00bfPor qu\u00e9 \"La favorita\" debi\u00f3 ser la favorita? &#171; Reconoce MX","isPartOf":{"@id":"http:\/\/www.reconoce.mx\/#website"},"primaryImageOfPage":{"@id":"http:\/\/www.reconoce.mx\/?p=81582#primaryimage"},"image":{"@id":"http:\/\/www.reconoce.mx\/?p=81582#primaryimage"},"thumbnailUrl":"https:\/\/www.reconoce.mx\/wp-content\/uploads\/2019\/01\/la-favorita-1.jpg","datePublished":"2019-03-06T06:04:14+00:00","dateModified":"2019-03-06T15:03:10+00:00","breadcrumb":{"@id":"http:\/\/www.reconoce.mx\/?p=81582#breadcrumb"},"inLanguage":"es","potentialAction":[{"@type":"ReadAction","target":["http:\/\/www.reconoce.mx\/?p=81582"]}]},{"@type":"ImageObject","inLanguage":"es","@id":"http:\/\/www.reconoce.mx\/?p=81582#primaryimage","url":"https:\/\/www.reconoce.mx\/wp-content\/uploads\/2019\/01\/la-favorita-1.jpg","contentUrl":"https:\/\/www.reconoce.mx\/wp-content\/uploads\/2019\/01\/la-favorita-1.jpg","width":590,"height":380},{"@type":"BreadcrumbList","@id":"http:\/\/www.reconoce.mx\/?p=81582#breadcrumb","itemListElement":[{"@type":"ListItem","position":1,"name":"Portada","item":"http:\/\/www.reconoce.mx\/"},{"@type":"ListItem","position":2,"name":"\u00bfPor qu\u00e9 \u00abLa favorita\u00bb debi\u00f3 ser la favorita?"}]},{"@type":"WebSite","@id":"http:\/\/www.reconoce.mx\/#website","url":"http:\/\/www.reconoce.mx\/","name":"Reconoce MX","description":"En Reconoce MX difundimos arte, cultura y conciencia social en M\u00e9xico. Tu ciudad en otra perspectiva.","publisher":{"@id":"http:\/\/www.reconoce.mx\/#organization"},"potentialAction":[{"@type":"SearchAction","target":{"@type":"EntryPoint","urlTemplate":"http:\/\/www.reconoce.mx\/?s={search_term_string}"},"query-input":{"@type":"PropertyValueSpecification","valueRequired":true,"valueName":"search_term_string"}}],"inLanguage":"es"},{"@type":"Organization","@id":"http:\/\/www.reconoce.mx\/#organization","name":"Reconoce MX","url":"http:\/\/www.reconoce.mx\/","logo":{"@type":"ImageObject","inLanguage":"es","@id":"http:\/\/www.reconoce.mx\/#\/schema\/logo\/image\/","url":"https:\/\/www.reconoce.mx\/wp-content\/uploads\/2019\/03\/logorcmx-good-1.png","contentUrl":"https:\/\/www.reconoce.mx\/wp-content\/uploads\/2019\/03\/logorcmx-good-1.png","width":280,"height":90,"caption":"Reconoce MX"},"image":{"@id":"http:\/\/www.reconoce.mx\/#\/schema\/logo\/image\/"},"sameAs":["https:\/\/es-la.facebook.com\/ReconoceMX\/","https:\/\/x.com\/reconocemx","http:\/\/@reconocemx"]},{"@type":"Person","@id":"http:\/\/www.reconoce.mx\/#\/schema\/person\/2117e997d7051dc15d6880eaf9bca0b2","name":"Reconoce MX","image":{"@type":"ImageObject","inLanguage":"es","@id":"http:\/\/www.reconoce.mx\/#\/schema\/person\/image\/","url":"https:\/\/secure.gravatar.com\/avatar\/6c8d4dc7569ca1c90c5fdcc349f839d5ddef6fe1e70b4337ead2ef1a4c43fc3a?s=96&d=identicon&r=g","contentUrl":"https:\/\/secure.gravatar.com\/avatar\/6c8d4dc7569ca1c90c5fdcc349f839d5ddef6fe1e70b4337ead2ef1a4c43fc3a?s=96&d=identicon&r=g","caption":"Reconoce MX"},"description":"Reconoce MX es un proyecto de difusi\u00f3n art\u00edstica, cultural y de conciencia social que est\u00e1 enfocado a difundir y fomentar el entretenimiento alternativo de calidad para todo el p\u00fablico que comparta el mismo entusiasmo.","sameAs":["http:\/\/www.reconoce.mx"],"url":"https:\/\/www.reconoce.mx\/?author=2"}]}},"_links":{"self":[{"href":"https:\/\/www.reconoce.mx\/index.php?rest_route=\/wp\/v2\/posts\/81582","targetHints":{"allow":["GET"]}}],"collection":[{"href":"https:\/\/www.reconoce.mx\/index.php?rest_route=\/wp\/v2\/posts"}],"about":[{"href":"https:\/\/www.reconoce.mx\/index.php?rest_route=\/wp\/v2\/types\/post"}],"author":[{"embeddable":true,"href":"https:\/\/www.reconoce.mx\/index.php?rest_route=\/wp\/v2\/users\/2"}],"replies":[{"embeddable":true,"href":"https:\/\/www.reconoce.mx\/index.php?rest_route=%2Fwp%2Fv2%2Fcomments&post=81582"}],"version-history":[{"count":1,"href":"https:\/\/www.reconoce.mx\/index.php?rest_route=\/wp\/v2\/posts\/81582\/revisions"}],"predecessor-version":[{"id":81585,"href":"https:\/\/www.reconoce.mx\/index.php?rest_route=\/wp\/v2\/posts\/81582\/revisions\/81585"}],"wp:featuredmedia":[{"embeddable":true,"href":"https:\/\/www.reconoce.mx\/index.php?rest_route=\/wp\/v2\/media\/80498"}],"wp:attachment":[{"href":"https:\/\/www.reconoce.mx\/index.php?rest_route=%2Fwp%2Fv2%2Fmedia&parent=81582"}],"wp:term":[{"taxonomy":"category","embeddable":true,"href":"https:\/\/www.reconoce.mx\/index.php?rest_route=%2Fwp%2Fv2%2Fcategories&post=81582"},{"taxonomy":"post_tag","embeddable":true,"href":"https:\/\/www.reconoce.mx\/index.php?rest_route=%2Fwp%2Fv2%2Ftags&post=81582"}],"curies":[{"name":"wp","href":"https:\/\/api.w.org\/{rel}","templated":true}]}}