{"id":81996,"date":"2019-03-19T00:02:05","date_gmt":"2019-03-19T06:02:05","guid":{"rendered":"http:\/\/www.reconoce.mx\/?p=81996"},"modified":"2019-03-19T07:23:16","modified_gmt":"2019-03-19T13:23:16","slug":"toro-y-moi-regresa-a-ciudad-de-mexico-con-su-aclamado-outer-peace","status":"publish","type":"post","link":"https:\/\/www.reconoce.mx\/?p=81996","title":{"rendered":"Toro y Moi regresa a Ciudad de M\u00e9xico con su aclamado \u00abOuter Peace\u00bb"},"content":{"rendered":"<p><strong>Por\u00a0<span class=\"st\"><a href=\"https:\/\/twitter.com\/Amauryshow\" target=\"_blank\" rel=\"noopener noreferrer\">Amaury Berdejo Ju\u00e1rez<\/a><\/span><\/strong><strong>.<\/strong><\/p>\n<p>Chaz Bear (antes tambi\u00e9n conocido como Bundick) naci\u00f3 siendo m\u00fasico. Mientras crec\u00eda, le era muy normal escuchar diferentes g\u00e9neros musicales en <span class=\"il\">su<\/span> casa, desde Michael Jackson pasando por Elvis Costello <span class=\"il\">y<\/span> The Specials. Estas influencias fueron realmente importantes para <span class=\"il\">su<\/span> crecimiento como un ni\u00f1o birracial del Sur de Carolina, contribuyendo a <span class=\"il\">su<\/span> complejidad <span class=\"il\">y<\/span> expresi\u00f3n a trav\u00e9s de m\u00fasica propia.<\/p>\n<p><iframe style=\"border: 0; width: 560px; height: 435px;\" src=\"https:\/\/bandcamp.com\/VideoEmbed?track=2757452509&amp;bgcol=ffffff&amp;linkcol=0687f5\" seamless=\"\" allowfullscreen=\"allowfullscreen\"><\/iframe><\/p>\n<p>Chaz comenz\u00f3 a tocar <span class=\"il\">y<\/span> grabar composiciones originales en sus a\u00f1os de preadolescencia, form\u00f3 m\u00faltiples bandas de rock indie mientras estaba en secundaria, hasta que <span class=\"il\">su<\/span> proyecto personal <strong><span class=\"il\">Toro<\/span> <span class=\"il\">y<\/span> <span class=\"il\">Moi<\/span><\/strong> fue firmado por Carpark Records en 2009. Antes de formar parte de este sello, ya era un artista incre\u00edblemente prol\u00edfico que hab\u00eda lanzado m\u00e1s de 10 \u00e1lbumes bajo el nombre de<strong> <span class=\"il\">Toro<\/span> <span class=\"il\">y<\/span> <span class=\"il\">Moi<\/span><\/strong> por <span class=\"il\">su<\/span> cuenta (<span class=\"il\">y<\/span> sin duda conserva un gran compilado de canciones in\u00e9ditas).<\/p>\n<p><span class=\"il\">\u00abOuter<\/span> <span class=\"il\">Peace\u00bb<\/span>, <span class=\"il\">su<\/span> <span class=\"il\">\u00e1lbum<\/span> reciente, fue escrito <span class=\"il\">y<\/span> grabado en el \u00e1rea de la bah\u00eda. Es una especie de celebraci\u00f3n, llena de colaboraciones <span class=\"il\">con<\/span> amigos <span class=\"il\">y<\/span> saturado de una felicidad que no hab\u00eda sido mostrada antes en los discos de <strong><span class=\"il\">Toro<\/span> <span class=\"il\">Y<\/span> <span class=\"il\">Moi<\/span><\/strong>.<\/p>\n<p><span class=\"il\">\u00abOuter<\/span> <span class=\"il\">Peace\u00bb<\/span> se muestra en\u00e9rgico en contraste <span class=\"il\">con<\/span> el m\u00e1s tranquilo <span class=\"il\">y<\/span> contemplativo \u00abBoo Boo\u00bb, un <span class=\"il\">\u00e1lbum<\/span> grabado en Portland en una relativa soledad. En \u00ab<span class=\"il\">Outer<\/span> <span class=\"il\">Peace\u00bb<\/span>, Chaz muestra <span class=\"il\">su<\/span> habilidad de crear m\u00fasica fuera de \u00e9poca, <span class=\"il\">con<\/span> referencias al hip hop contempor\u00e1neo mezclado <span class=\"il\">con<\/span> funk, eurodande <span class=\"il\">y<\/span> elementos <em>ambient<\/em>, todo unido gracias a la maestr\u00eda del sonido de <strong><span class=\"il\">Toro<\/span> <span class=\"il\">Y<\/span> <span class=\"il\">Moi<\/span><\/strong>.<\/p>\n<p><a href=\"http:\/\/www.reconoce.mx\/wp-content\/uploads\/2019\/03\/51975454_10156120341358601_5508498511504605184_o.jpg\"><img loading=\"lazy\" decoding=\"async\" class=\"aligncenter size-full wp-image-82002\" src=\"http:\/\/www.reconoce.mx\/wp-content\/uploads\/2019\/03\/51975454_10156120341358601_5508498511504605184_o.jpg\" alt=\"\" width=\"1201\" height=\"676\" srcset=\"https:\/\/www.reconoce.mx\/wp-content\/uploads\/2019\/03\/51975454_10156120341358601_5508498511504605184_o.jpg 1201w, https:\/\/www.reconoce.mx\/wp-content\/uploads\/2019\/03\/51975454_10156120341358601_5508498511504605184_o-300x169.jpg 300w, https:\/\/www.reconoce.mx\/wp-content\/uploads\/2019\/03\/51975454_10156120341358601_5508498511504605184_o-768x432.jpg 768w, https:\/\/www.reconoce.mx\/wp-content\/uploads\/2019\/03\/51975454_10156120341358601_5508498511504605184_o-1024x576.jpg 1024w, https:\/\/www.reconoce.mx\/wp-content\/uploads\/2019\/03\/51975454_10156120341358601_5508498511504605184_o-150x84.jpg 150w, https:\/\/www.reconoce.mx\/wp-content\/uploads\/2019\/03\/51975454_10156120341358601_5508498511504605184_o-700x394.jpg 700w, https:\/\/www.reconoce.mx\/wp-content\/uploads\/2019\/03\/51975454_10156120341358601_5508498511504605184_o-658x370.jpg 658w\" sizes=\"auto, (max-width: 1201px) 100vw, 1201px\" \/><\/a><\/p>\n<p>En este contexto, podremos disfrutar de un nuevo show el 25 de abril en el <strong>Auditorio BlackBerry<\/strong>. Los boletos ya est\u00e1n a la venta a trav\u00e9s de <a href=\"https:\/\/www.ticketmaster.com.mx\/event\/1400564E0F24EC5Apreadolescencia\" target=\"_blank\" rel=\"noopener\">Ticketmaster<\/a> <span class=\"il\">y<\/span> en las taquillas del recinto.<\/p>\n<p>&nbsp;<\/p>\n<p>&nbsp;<\/p>\n","protected":false},"excerpt":{"rendered":"<p>Chaz Bear (antes tambi\u00e9n conocido como Bundick) naci\u00f3 siendo m\u00fasico. Mientras crec\u00eda, le era muy normal escuchar diferentes g\u00e9neros musicales en su casa, desde Michael Jackson pasando por Elvis Costello y The Specials.<\/p>\n","protected":false},"author":2,"featured_media":82000,"comment_status":"open","ping_status":"open","sticky":false,"template":"","format":"standard","meta":{"footnotes":""},"categories":[1,18,17],"tags":[],"class_list":["post-81996","post","type-post","status-publish","format-standard","has-post-thumbnail","hentry","category-cultura","category-musica","category-principal"],"yoast_head":"<!-- This site is optimized with the Yoast SEO plugin v24.7 - https:\/\/yoast.com\/wordpress\/plugins\/seo\/ -->\n<title>Toro y Moi regresa a Ciudad de M\u00e9xico con su aclamado &quot;Outer Peace&quot; &#171; Reconoce MX<\/title>\n<meta name=\"robots\" content=\"index, follow, max-snippet:-1, max-image-preview:large, max-video-preview:-1\" \/>\n<link rel=\"canonical\" href=\"http:\/\/www.reconoce.mx\/?p=81996\" \/>\n<meta property=\"og:locale\" content=\"es_ES\" \/>\n<meta property=\"og:type\" content=\"article\" \/>\n<meta property=\"og:title\" content=\"Toro y Moi regresa a Ciudad de M\u00e9xico con su aclamado &quot;Outer Peace&quot; &#171; Reconoce MX\" \/>\n<meta property=\"og:description\" content=\"Chaz Bear (antes tambi\u00e9n conocido como Bundick) naci\u00f3 siendo m\u00fasico. Mientras crec\u00eda, le era muy normal escuchar diferentes g\u00e9neros musicales en su casa, desde Michael Jackson pasando por Elvis Costello y The Specials.\" \/>\n<meta property=\"og:url\" content=\"http:\/\/www.reconoce.mx\/?p=81996\" \/>\n<meta property=\"og:site_name\" content=\"Reconoce MX\" \/>\n<meta property=\"article:publisher\" content=\"https:\/\/es-la.facebook.com\/ReconoceMX\/\" \/>\n<meta property=\"article:published_time\" content=\"2019-03-19T06:02:05+00:00\" \/>\n<meta property=\"article:modified_time\" content=\"2019-03-19T13:23:16+00:00\" \/>\n<meta property=\"og:image\" content=\"http:\/\/www.reconoce.mx\/wp-content\/uploads\/2019\/03\/toro-y-moi-cover.jpg\" \/>\n\t<meta property=\"og:image:width\" content=\"590\" \/>\n\t<meta property=\"og:image:height\" content=\"380\" \/>\n\t<meta property=\"og:image:type\" content=\"image\/jpeg\" \/>\n<meta name=\"author\" content=\"Reconoce MX\" \/>\n<meta name=\"twitter:card\" content=\"summary_large_image\" \/>\n<meta name=\"twitter:creator\" content=\"@reconocemx\" \/>\n<meta name=\"twitter:site\" content=\"@reconocemx\" \/>\n<meta name=\"twitter:label1\" content=\"Escrito por\" \/>\n\t<meta name=\"twitter:data1\" content=\"Reconoce MX\" \/>\n\t<meta name=\"twitter:label2\" content=\"Tiempo de lectura\" \/>\n\t<meta name=\"twitter:data2\" content=\"2 minutos\" \/>\n<script type=\"application\/ld+json\" class=\"yoast-schema-graph\">{\"@context\":\"https:\/\/schema.org\",\"@graph\":[{\"@type\":\"Article\",\"@id\":\"http:\/\/www.reconoce.mx\/?p=81996#article\",\"isPartOf\":{\"@id\":\"http:\/\/www.reconoce.mx\/?p=81996\"},\"author\":{\"name\":\"Reconoce MX\",\"@id\":\"http:\/\/www.reconoce.mx\/#\/schema\/person\/2117e997d7051dc15d6880eaf9bca0b2\"},\"headline\":\"Toro y Moi regresa a Ciudad de M\u00e9xico con su aclamado \u00abOuter Peace\u00bb\",\"datePublished\":\"2019-03-19T06:02:05+00:00\",\"dateModified\":\"2019-03-19T13:23:16+00:00\",\"mainEntityOfPage\":{\"@id\":\"http:\/\/www.reconoce.mx\/?p=81996\"},\"wordCount\":320,\"commentCount\":0,\"publisher\":{\"@id\":\"http:\/\/www.reconoce.mx\/#organization\"},\"image\":{\"@id\":\"http:\/\/www.reconoce.mx\/?p=81996#primaryimage\"},\"thumbnailUrl\":\"https:\/\/www.reconoce.mx\/wp-content\/uploads\/2019\/03\/toro-y-moi-cover.jpg\",\"articleSection\":[\"Cultura\",\"M\u00fasica\",\"Principal\"],\"inLanguage\":\"es\",\"potentialAction\":[{\"@type\":\"CommentAction\",\"name\":\"Comment\",\"target\":[\"http:\/\/www.reconoce.mx\/?p=81996#respond\"]}]},{\"@type\":\"WebPage\",\"@id\":\"http:\/\/www.reconoce.mx\/?p=81996\",\"url\":\"http:\/\/www.reconoce.mx\/?p=81996\",\"name\":\"Toro y Moi regresa a Ciudad de M\u00e9xico con su aclamado \\\"Outer Peace\\\" &#171; Reconoce MX\",\"isPartOf\":{\"@id\":\"http:\/\/www.reconoce.mx\/#website\"},\"primaryImageOfPage\":{\"@id\":\"http:\/\/www.reconoce.mx\/?p=81996#primaryimage\"},\"image\":{\"@id\":\"http:\/\/www.reconoce.mx\/?p=81996#primaryimage\"},\"thumbnailUrl\":\"https:\/\/www.reconoce.mx\/wp-content\/uploads\/2019\/03\/toro-y-moi-cover.jpg\",\"datePublished\":\"2019-03-19T06:02:05+00:00\",\"dateModified\":\"2019-03-19T13:23:16+00:00\",\"breadcrumb\":{\"@id\":\"http:\/\/www.reconoce.mx\/?p=81996#breadcrumb\"},\"inLanguage\":\"es\",\"potentialAction\":[{\"@type\":\"ReadAction\",\"target\":[\"http:\/\/www.reconoce.mx\/?p=81996\"]}]},{\"@type\":\"ImageObject\",\"inLanguage\":\"es\",\"@id\":\"http:\/\/www.reconoce.mx\/?p=81996#primaryimage\",\"url\":\"https:\/\/www.reconoce.mx\/wp-content\/uploads\/2019\/03\/toro-y-moi-cover.jpg\",\"contentUrl\":\"https:\/\/www.reconoce.mx\/wp-content\/uploads\/2019\/03\/toro-y-moi-cover.jpg\",\"width\":590,\"height\":380},{\"@type\":\"BreadcrumbList\",\"@id\":\"http:\/\/www.reconoce.mx\/?p=81996#breadcrumb\",\"itemListElement\":[{\"@type\":\"ListItem\",\"position\":1,\"name\":\"Portada\",\"item\":\"http:\/\/www.reconoce.mx\/\"},{\"@type\":\"ListItem\",\"position\":2,\"name\":\"Toro y Moi regresa a Ciudad de M\u00e9xico con su aclamado \u00abOuter Peace\u00bb\"}]},{\"@type\":\"WebSite\",\"@id\":\"http:\/\/www.reconoce.mx\/#website\",\"url\":\"http:\/\/www.reconoce.mx\/\",\"name\":\"Reconoce MX\",\"description\":\"En Reconoce MX difundimos arte, cultura y conciencia social en M\u00e9xico. Tu ciudad en otra perspectiva.\",\"publisher\":{\"@id\":\"http:\/\/www.reconoce.mx\/#organization\"},\"potentialAction\":[{\"@type\":\"SearchAction\",\"target\":{\"@type\":\"EntryPoint\",\"urlTemplate\":\"http:\/\/www.reconoce.mx\/?s={search_term_string}\"},\"query-input\":{\"@type\":\"PropertyValueSpecification\",\"valueRequired\":true,\"valueName\":\"search_term_string\"}}],\"inLanguage\":\"es\"},{\"@type\":\"Organization\",\"@id\":\"http:\/\/www.reconoce.mx\/#organization\",\"name\":\"Reconoce MX\",\"url\":\"http:\/\/www.reconoce.mx\/\",\"logo\":{\"@type\":\"ImageObject\",\"inLanguage\":\"es\",\"@id\":\"http:\/\/www.reconoce.mx\/#\/schema\/logo\/image\/\",\"url\":\"https:\/\/www.reconoce.mx\/wp-content\/uploads\/2019\/03\/logorcmx-good-1.png\",\"contentUrl\":\"https:\/\/www.reconoce.mx\/wp-content\/uploads\/2019\/03\/logorcmx-good-1.png\",\"width\":280,\"height\":90,\"caption\":\"Reconoce MX\"},\"image\":{\"@id\":\"http:\/\/www.reconoce.mx\/#\/schema\/logo\/image\/\"},\"sameAs\":[\"https:\/\/es-la.facebook.com\/ReconoceMX\/\",\"https:\/\/x.com\/reconocemx\",\"http:\/\/@reconocemx\"]},{\"@type\":\"Person\",\"@id\":\"http:\/\/www.reconoce.mx\/#\/schema\/person\/2117e997d7051dc15d6880eaf9bca0b2\",\"name\":\"Reconoce MX\",\"image\":{\"@type\":\"ImageObject\",\"inLanguage\":\"es\",\"@id\":\"http:\/\/www.reconoce.mx\/#\/schema\/person\/image\/\",\"url\":\"https:\/\/secure.gravatar.com\/avatar\/6c8d4dc7569ca1c90c5fdcc349f839d5ddef6fe1e70b4337ead2ef1a4c43fc3a?s=96&d=identicon&r=g\",\"contentUrl\":\"https:\/\/secure.gravatar.com\/avatar\/6c8d4dc7569ca1c90c5fdcc349f839d5ddef6fe1e70b4337ead2ef1a4c43fc3a?s=96&d=identicon&r=g\",\"caption\":\"Reconoce MX\"},\"description\":\"Reconoce MX es un proyecto de difusi\u00f3n art\u00edstica, cultural y de conciencia social que est\u00e1 enfocado a difundir y fomentar el entretenimiento alternativo de calidad para todo el p\u00fablico que comparta el mismo entusiasmo.\",\"sameAs\":[\"http:\/\/www.reconoce.mx\"],\"url\":\"https:\/\/www.reconoce.mx\/?author=2\"}]}<\/script>\n<!-- \/ Yoast SEO plugin. -->","yoast_head_json":{"title":"Toro y Moi regresa a Ciudad de M\u00e9xico con su aclamado \"Outer Peace\" &#171; Reconoce MX","robots":{"index":"index","follow":"follow","max-snippet":"max-snippet:-1","max-image-preview":"max-image-preview:large","max-video-preview":"max-video-preview:-1"},"canonical":"http:\/\/www.reconoce.mx\/?p=81996","og_locale":"es_ES","og_type":"article","og_title":"Toro y Moi regresa a Ciudad de M\u00e9xico con su aclamado \"Outer Peace\" &#171; Reconoce MX","og_description":"Chaz Bear (antes tambi\u00e9n conocido como Bundick) naci\u00f3 siendo m\u00fasico. Mientras crec\u00eda, le era muy normal escuchar diferentes g\u00e9neros musicales en su casa, desde Michael Jackson pasando por Elvis Costello y The Specials.","og_url":"http:\/\/www.reconoce.mx\/?p=81996","og_site_name":"Reconoce MX","article_publisher":"https:\/\/es-la.facebook.com\/ReconoceMX\/","article_published_time":"2019-03-19T06:02:05+00:00","article_modified_time":"2019-03-19T13:23:16+00:00","og_image":[{"width":590,"height":380,"url":"http:\/\/www.reconoce.mx\/wp-content\/uploads\/2019\/03\/toro-y-moi-cover.jpg","type":"image\/jpeg"}],"author":"Reconoce MX","twitter_card":"summary_large_image","twitter_creator":"@reconocemx","twitter_site":"@reconocemx","twitter_misc":{"Escrito por":"Reconoce MX","Tiempo de lectura":"2 minutos"},"schema":{"@context":"https:\/\/schema.org","@graph":[{"@type":"Article","@id":"http:\/\/www.reconoce.mx\/?p=81996#article","isPartOf":{"@id":"http:\/\/www.reconoce.mx\/?p=81996"},"author":{"name":"Reconoce MX","@id":"http:\/\/www.reconoce.mx\/#\/schema\/person\/2117e997d7051dc15d6880eaf9bca0b2"},"headline":"Toro y Moi regresa a Ciudad de M\u00e9xico con su aclamado \u00abOuter Peace\u00bb","datePublished":"2019-03-19T06:02:05+00:00","dateModified":"2019-03-19T13:23:16+00:00","mainEntityOfPage":{"@id":"http:\/\/www.reconoce.mx\/?p=81996"},"wordCount":320,"commentCount":0,"publisher":{"@id":"http:\/\/www.reconoce.mx\/#organization"},"image":{"@id":"http:\/\/www.reconoce.mx\/?p=81996#primaryimage"},"thumbnailUrl":"https:\/\/www.reconoce.mx\/wp-content\/uploads\/2019\/03\/toro-y-moi-cover.jpg","articleSection":["Cultura","M\u00fasica","Principal"],"inLanguage":"es","potentialAction":[{"@type":"CommentAction","name":"Comment","target":["http:\/\/www.reconoce.mx\/?p=81996#respond"]}]},{"@type":"WebPage","@id":"http:\/\/www.reconoce.mx\/?p=81996","url":"http:\/\/www.reconoce.mx\/?p=81996","name":"Toro y Moi regresa a Ciudad de M\u00e9xico con su aclamado \"Outer Peace\" &#171; Reconoce MX","isPartOf":{"@id":"http:\/\/www.reconoce.mx\/#website"},"primaryImageOfPage":{"@id":"http:\/\/www.reconoce.mx\/?p=81996#primaryimage"},"image":{"@id":"http:\/\/www.reconoce.mx\/?p=81996#primaryimage"},"thumbnailUrl":"https:\/\/www.reconoce.mx\/wp-content\/uploads\/2019\/03\/toro-y-moi-cover.jpg","datePublished":"2019-03-19T06:02:05+00:00","dateModified":"2019-03-19T13:23:16+00:00","breadcrumb":{"@id":"http:\/\/www.reconoce.mx\/?p=81996#breadcrumb"},"inLanguage":"es","potentialAction":[{"@type":"ReadAction","target":["http:\/\/www.reconoce.mx\/?p=81996"]}]},{"@type":"ImageObject","inLanguage":"es","@id":"http:\/\/www.reconoce.mx\/?p=81996#primaryimage","url":"https:\/\/www.reconoce.mx\/wp-content\/uploads\/2019\/03\/toro-y-moi-cover.jpg","contentUrl":"https:\/\/www.reconoce.mx\/wp-content\/uploads\/2019\/03\/toro-y-moi-cover.jpg","width":590,"height":380},{"@type":"BreadcrumbList","@id":"http:\/\/www.reconoce.mx\/?p=81996#breadcrumb","itemListElement":[{"@type":"ListItem","position":1,"name":"Portada","item":"http:\/\/www.reconoce.mx\/"},{"@type":"ListItem","position":2,"name":"Toro y Moi regresa a Ciudad de M\u00e9xico con su aclamado \u00abOuter Peace\u00bb"}]},{"@type":"WebSite","@id":"http:\/\/www.reconoce.mx\/#website","url":"http:\/\/www.reconoce.mx\/","name":"Reconoce MX","description":"En Reconoce MX difundimos arte, cultura y conciencia social en M\u00e9xico. Tu ciudad en otra perspectiva.","publisher":{"@id":"http:\/\/www.reconoce.mx\/#organization"},"potentialAction":[{"@type":"SearchAction","target":{"@type":"EntryPoint","urlTemplate":"http:\/\/www.reconoce.mx\/?s={search_term_string}"},"query-input":{"@type":"PropertyValueSpecification","valueRequired":true,"valueName":"search_term_string"}}],"inLanguage":"es"},{"@type":"Organization","@id":"http:\/\/www.reconoce.mx\/#organization","name":"Reconoce MX","url":"http:\/\/www.reconoce.mx\/","logo":{"@type":"ImageObject","inLanguage":"es","@id":"http:\/\/www.reconoce.mx\/#\/schema\/logo\/image\/","url":"https:\/\/www.reconoce.mx\/wp-content\/uploads\/2019\/03\/logorcmx-good-1.png","contentUrl":"https:\/\/www.reconoce.mx\/wp-content\/uploads\/2019\/03\/logorcmx-good-1.png","width":280,"height":90,"caption":"Reconoce MX"},"image":{"@id":"http:\/\/www.reconoce.mx\/#\/schema\/logo\/image\/"},"sameAs":["https:\/\/es-la.facebook.com\/ReconoceMX\/","https:\/\/x.com\/reconocemx","http:\/\/@reconocemx"]},{"@type":"Person","@id":"http:\/\/www.reconoce.mx\/#\/schema\/person\/2117e997d7051dc15d6880eaf9bca0b2","name":"Reconoce MX","image":{"@type":"ImageObject","inLanguage":"es","@id":"http:\/\/www.reconoce.mx\/#\/schema\/person\/image\/","url":"https:\/\/secure.gravatar.com\/avatar\/6c8d4dc7569ca1c90c5fdcc349f839d5ddef6fe1e70b4337ead2ef1a4c43fc3a?s=96&d=identicon&r=g","contentUrl":"https:\/\/secure.gravatar.com\/avatar\/6c8d4dc7569ca1c90c5fdcc349f839d5ddef6fe1e70b4337ead2ef1a4c43fc3a?s=96&d=identicon&r=g","caption":"Reconoce MX"},"description":"Reconoce MX es un proyecto de difusi\u00f3n art\u00edstica, cultural y de conciencia social que est\u00e1 enfocado a difundir y fomentar el entretenimiento alternativo de calidad para todo el p\u00fablico que comparta el mismo entusiasmo.","sameAs":["http:\/\/www.reconoce.mx"],"url":"https:\/\/www.reconoce.mx\/?author=2"}]}},"_links":{"self":[{"href":"https:\/\/www.reconoce.mx\/index.php?rest_route=\/wp\/v2\/posts\/81996","targetHints":{"allow":["GET"]}}],"collection":[{"href":"https:\/\/www.reconoce.mx\/index.php?rest_route=\/wp\/v2\/posts"}],"about":[{"href":"https:\/\/www.reconoce.mx\/index.php?rest_route=\/wp\/v2\/types\/post"}],"author":[{"embeddable":true,"href":"https:\/\/www.reconoce.mx\/index.php?rest_route=\/wp\/v2\/users\/2"}],"replies":[{"embeddable":true,"href":"https:\/\/www.reconoce.mx\/index.php?rest_route=%2Fwp%2Fv2%2Fcomments&post=81996"}],"version-history":[{"count":5,"href":"https:\/\/www.reconoce.mx\/index.php?rest_route=\/wp\/v2\/posts\/81996\/revisions"}],"predecessor-version":[{"id":82071,"href":"https:\/\/www.reconoce.mx\/index.php?rest_route=\/wp\/v2\/posts\/81996\/revisions\/82071"}],"wp:featuredmedia":[{"embeddable":true,"href":"https:\/\/www.reconoce.mx\/index.php?rest_route=\/wp\/v2\/media\/82000"}],"wp:attachment":[{"href":"https:\/\/www.reconoce.mx\/index.php?rest_route=%2Fwp%2Fv2%2Fmedia&parent=81996"}],"wp:term":[{"taxonomy":"category","embeddable":true,"href":"https:\/\/www.reconoce.mx\/index.php?rest_route=%2Fwp%2Fv2%2Fcategories&post=81996"},{"taxonomy":"post_tag","embeddable":true,"href":"https:\/\/www.reconoce.mx\/index.php?rest_route=%2Fwp%2Fv2%2Ftags&post=81996"}],"curies":[{"name":"wp","href":"https:\/\/api.w.org\/{rel}","templated":true}]}}