{"id":82556,"date":"2019-04-04T00:06:56","date_gmt":"2019-04-04T06:06:56","guid":{"rendered":"http:\/\/www.reconoce.mx\/?p=82556"},"modified":"2019-04-04T00:18:57","modified_gmt":"2019-04-04T06:18:57","slug":"carnivoras-el-miedo-a-la-carne","status":"publish","type":"post","link":"https:\/\/www.reconoce.mx\/?p=82556","title":{"rendered":"\u00abCarn\u00edvoras\u00bb: el miedo a la carne"},"content":{"rendered":"<p><strong>Por <a title=\"@DemoniaRomantik\" href=\"https:\/\/twitter.com\/DemoniaRomantik\" target=\"_blank\" rel=\"noopener noreferrer\">Ady\u2019e Rueda<\/a><\/strong>.<\/p>\n<p>El terror es un g\u00e9nero que no tiene l\u00edmites claros porque se esconde bajo diversos matices y situaciones que van de lo fant\u00e1stico a la cruda realidad. El miedo es tan noble que se acurruca en los brazos de espectros, brujas, demonios y se cobija tambi\u00e9n en las atrocidades de asesinos seriales, en los estragos de la vejez, la soledad y la locura.<\/p>\n<p><img loading=\"lazy\" decoding=\"async\" class=\"alignnone size-full\" src=\"http:\/\/www.reconoce.mx\/wp-content\/uploads\/2018\/09\/carn%C3%ADvoras-poster.jpg\" width=\"795\" height=\"1080\" \/><\/p>\n<p>La psique humana es tremenda protagonista de los m\u00e1s cruentos relatos de terror en los que el suspenso y tensi\u00f3n constante, genera en los espectadores conciencia de un miedo latente a\u00fan no reconocido, como el simple hecho de comer carne para sobrevivir. Porque, aunque veganos, consumimos carne todo el tiempo para existir: somos can\u00edbales metaf\u00f3ricos y vampiros de energ\u00eda.<\/p>\n<p>El primer largometraje de los hermanos<strong> J\u00e9r\u00e9mie y Yannick Reneir<\/strong> retrata con elegancia ese ser devorador oculto en el interior de quienes vivimos en la sociedad de los grupos familiares. Un par de hermanas hu\u00e9rfanas de padre establecen una relaci\u00f3n codependiente muy a pesar de sus grandes y notorias diferencias de personalidad. Por un lado Sam, es extrovertida, desinhibida, hedonista y despreocupada y, por otro, Mona, es disciplinada, solidaria y posesiva.<\/p>\n<p><img loading=\"lazy\" decoding=\"async\" class=\"alignnone size-full\" src=\"http:\/\/www.reconoce.mx\/wp-content\/uploads\/2018\/09\/carn%C3%ADvoras-1.jpg\" width=\"590\" height=\"380\" \/><\/p>\n<p>Mona pas\u00f3 toda su vida estudiando arte dram\u00e1tico sin tener mucha suerte en los castings, mientras que Sam en un golpe de suerte es \u201cdescubierta\u201d por un reconocido director quien le da el papel central de su nueva pel\u00edcula y que por supuesto la lanzar\u00e1 a la fama. Sin trabajo ni vida social, Mona pide asilo en el hogar de Sam donde ayuda con los quehaceres, el cuidado de su sobrino y con la actuaci\u00f3n de la inexperta nueva estrella.<\/p>\n<p>La actuaci\u00f3n es una profesi\u00f3n que exige del cuerpo y la mente concentraci\u00f3n, quiebres y transformaciones; Sam no puede con ellos ni con los reclamos constantes de su esposo por el descuido hacia su peque\u00f1o hijo. La mujer se rompe alej\u00e1ndose de todo y todos. Una ausencia dolorosa para la familia y fruct\u00edfera para el cineasta que ve en esa desaparici\u00f3n repentina una oportunidad para crear una nueva cinta pol\u00e9mica centrada en el limbo en el que su antigua protagonista se encuentra.<\/p>\n<p><img loading=\"lazy\" decoding=\"async\" class=\"alignnone size-full\" src=\"http:\/\/www.reconoce.mx\/wp-content\/uploads\/2018\/09\/carn%C3%ADvoras-2.jpg\" width=\"590\" height=\"380\" \/><\/p>\n<p>La madre de las contradictorias hermanas sospecha de la muerte de Sam e insta a Mona a por fin hacerse cargo s\u00f3lo de ella misma y sus necesidades. Enojada por el aparente desd\u00e9n con el que la madre y el director tratan la delicada situaci\u00f3n, Mona lucha en contra de sus propios deseos hasta que las oportunidades tocan a su puerta: Manu, el esposo de Sam le ofrece un camino para el amor mientras que el artista le pide sea ella la actriz estelar en la cinta sobre su desaparecida hermana.<\/p>\n<p>Por fin todos los anhelos de Mona se materializan y su ser en la sombra parece desvanecerse: toma de las viejas cosas de su hermana maquillaje y ropa para su nueva vida de rodajes, de esposa y madre ejemplar. Pero toda esa felicidad se ve interrumpida cuando Sam llama por tel\u00e9fono desde un lugar lejano. Es el momento \u00e1lgido en el que Mona tendr\u00e1 que tomar una decisi\u00f3n entre enfrentar sus complejos para finalmente devorar a Sam y continuar cargando de sentido a su existir, o bien entregarle de nuevo a la ego\u00edsta y liberal pariente su vida en bandeja de plata.<\/p>\n<style>.embed-container { position: relative; padding-bottom: 56.25%; height: 0; overflow: hidden; max-width: 100%; } .embed-container iframe, .embed-container object, .embed-container embed { position: absolute; top: 0; left: 0; width: 100%; height: 100%; }<\/style>\n<div class=\"embed-container\"><iframe src=\"https:\/\/www.youtube.com\/embed\/zcACoy0OGhw\" frameborder=\"0\" allowfullscreen=\"allowfullscreen\"><\/iframe><\/div>\n<p>&nbsp;<\/p>\n<p>\u00abCarn\u00edvoras\u00bb es una propuesta distinguida en historia y fotograf\u00eda, tiene tomas po\u00e9ticas muy acertadas y un ritmo veloz que puede conducir previsiblemente al desenlace; la pregunta que se hace el espectador no es en qu\u00e9 terminar\u00e1 sino c\u00f3mo. El terror de esta historia se expresa en la rivalidad familiar, en la b\u00fasqueda de aprobaci\u00f3n y sentido, en la relaci\u00f3n amor odio que conlleva irremediablemente el compartir los d\u00edas con carne de nuestra carne; el crimen potencial en el interior de todo ser.<\/p>\n<p>\u00abCarn\u00edvoras\u00bb estrena ma\u00f1ana viernes 5 de abril en cines nacionales.<\/p>\n<p>&nbsp;<\/p>\n<p>&nbsp;<\/p>\n","protected":false},"excerpt":{"rendered":"<p>El terror es un g\u00e9nero que no tiene l\u00edmites claros porque se esconde bajo diversos matices y situaciones que van de lo fant\u00e1stico a la cruda realidad.<\/p>\n","protected":false},"author":2,"featured_media":76565,"comment_status":"open","ping_status":"open","sticky":false,"template":"","format":"standard","meta":{"footnotes":""},"categories":[24,1,17],"tags":[],"class_list":["post-82556","post","type-post","status-publish","format-standard","has-post-thumbnail","hentry","category-cine","category-cultura","category-principal"],"yoast_head":"<!-- This site is optimized with the Yoast SEO plugin v24.7 - https:\/\/yoast.com\/wordpress\/plugins\/seo\/ -->\n<title>&quot;Carn\u00edvoras&quot;: el miedo a la carne &#171; Reconoce MX<\/title>\n<meta name=\"robots\" content=\"index, follow, max-snippet:-1, max-image-preview:large, max-video-preview:-1\" \/>\n<link rel=\"canonical\" href=\"https:\/\/www.reconoce.mx\/?p=82556\" \/>\n<meta property=\"og:locale\" content=\"es_ES\" \/>\n<meta property=\"og:type\" content=\"article\" \/>\n<meta property=\"og:title\" content=\"&quot;Carn\u00edvoras&quot;: el miedo a la carne &#171; Reconoce MX\" \/>\n<meta property=\"og:description\" content=\"El terror es un g\u00e9nero que no tiene l\u00edmites claros porque se esconde bajo diversos matices y situaciones que van de lo fant\u00e1stico a la cruda realidad.\" \/>\n<meta property=\"og:url\" content=\"https:\/\/www.reconoce.mx\/?p=82556\" \/>\n<meta property=\"og:site_name\" content=\"Reconoce MX\" \/>\n<meta property=\"article:publisher\" content=\"https:\/\/es-la.facebook.com\/ReconoceMX\/\" \/>\n<meta property=\"article:published_time\" content=\"2019-04-04T06:06:56+00:00\" \/>\n<meta property=\"article:modified_time\" content=\"2019-04-04T06:18:57+00:00\" \/>\n<meta property=\"og:image\" content=\"https:\/\/www.reconoce.mx\/wp-content\/uploads\/2018\/09\/carn\u00edvoras-3.jpg\" \/>\n\t<meta property=\"og:image:width\" content=\"590\" \/>\n\t<meta property=\"og:image:height\" content=\"380\" \/>\n\t<meta property=\"og:image:type\" content=\"image\/jpeg\" \/>\n<meta name=\"author\" content=\"Reconoce MX\" \/>\n<meta name=\"twitter:card\" content=\"summary_large_image\" \/>\n<meta name=\"twitter:creator\" content=\"@reconocemx\" \/>\n<meta name=\"twitter:site\" content=\"@reconocemx\" \/>\n<meta name=\"twitter:label1\" content=\"Escrito por\" \/>\n\t<meta name=\"twitter:data1\" content=\"Reconoce MX\" \/>\n\t<meta name=\"twitter:label2\" content=\"Tiempo de lectura\" \/>\n\t<meta name=\"twitter:data2\" content=\"3 minutos\" \/>\n<script type=\"application\/ld+json\" class=\"yoast-schema-graph\">{\"@context\":\"https:\/\/schema.org\",\"@graph\":[{\"@type\":\"Article\",\"@id\":\"https:\/\/www.reconoce.mx\/?p=82556#article\",\"isPartOf\":{\"@id\":\"https:\/\/www.reconoce.mx\/?p=82556\"},\"author\":{\"name\":\"Reconoce MX\",\"@id\":\"http:\/\/www.reconoce.mx\/#\/schema\/person\/2117e997d7051dc15d6880eaf9bca0b2\"},\"headline\":\"\u00abCarn\u00edvoras\u00bb: el miedo a la carne\",\"datePublished\":\"2019-04-04T06:06:56+00:00\",\"dateModified\":\"2019-04-04T06:18:57+00:00\",\"mainEntityOfPage\":{\"@id\":\"https:\/\/www.reconoce.mx\/?p=82556\"},\"wordCount\":694,\"commentCount\":0,\"publisher\":{\"@id\":\"http:\/\/www.reconoce.mx\/#organization\"},\"image\":{\"@id\":\"https:\/\/www.reconoce.mx\/?p=82556#primaryimage\"},\"thumbnailUrl\":\"https:\/\/www.reconoce.mx\/wp-content\/uploads\/2018\/09\/carn\u00edvoras-3.jpg\",\"articleSection\":[\"Cine\",\"Cultura\",\"Principal\"],\"inLanguage\":\"es\",\"potentialAction\":[{\"@type\":\"CommentAction\",\"name\":\"Comment\",\"target\":[\"https:\/\/www.reconoce.mx\/?p=82556#respond\"]}]},{\"@type\":\"WebPage\",\"@id\":\"https:\/\/www.reconoce.mx\/?p=82556\",\"url\":\"https:\/\/www.reconoce.mx\/?p=82556\",\"name\":\"\\\"Carn\u00edvoras\\\": el miedo a la carne &#171; Reconoce MX\",\"isPartOf\":{\"@id\":\"http:\/\/www.reconoce.mx\/#website\"},\"primaryImageOfPage\":{\"@id\":\"https:\/\/www.reconoce.mx\/?p=82556#primaryimage\"},\"image\":{\"@id\":\"https:\/\/www.reconoce.mx\/?p=82556#primaryimage\"},\"thumbnailUrl\":\"https:\/\/www.reconoce.mx\/wp-content\/uploads\/2018\/09\/carn\u00edvoras-3.jpg\",\"datePublished\":\"2019-04-04T06:06:56+00:00\",\"dateModified\":\"2019-04-04T06:18:57+00:00\",\"breadcrumb\":{\"@id\":\"https:\/\/www.reconoce.mx\/?p=82556#breadcrumb\"},\"inLanguage\":\"es\",\"potentialAction\":[{\"@type\":\"ReadAction\",\"target\":[\"https:\/\/www.reconoce.mx\/?p=82556\"]}]},{\"@type\":\"ImageObject\",\"inLanguage\":\"es\",\"@id\":\"https:\/\/www.reconoce.mx\/?p=82556#primaryimage\",\"url\":\"https:\/\/www.reconoce.mx\/wp-content\/uploads\/2018\/09\/carn\u00edvoras-3.jpg\",\"contentUrl\":\"https:\/\/www.reconoce.mx\/wp-content\/uploads\/2018\/09\/carn\u00edvoras-3.jpg\",\"width\":590,\"height\":380},{\"@type\":\"BreadcrumbList\",\"@id\":\"https:\/\/www.reconoce.mx\/?p=82556#breadcrumb\",\"itemListElement\":[{\"@type\":\"ListItem\",\"position\":1,\"name\":\"Portada\",\"item\":\"http:\/\/www.reconoce.mx\/\"},{\"@type\":\"ListItem\",\"position\":2,\"name\":\"\u00abCarn\u00edvoras\u00bb: el miedo a la carne\"}]},{\"@type\":\"WebSite\",\"@id\":\"http:\/\/www.reconoce.mx\/#website\",\"url\":\"http:\/\/www.reconoce.mx\/\",\"name\":\"Reconoce MX\",\"description\":\"En Reconoce MX difundimos arte, cultura y conciencia social en M\u00e9xico. Tu ciudad en otra perspectiva.\",\"publisher\":{\"@id\":\"http:\/\/www.reconoce.mx\/#organization\"},\"potentialAction\":[{\"@type\":\"SearchAction\",\"target\":{\"@type\":\"EntryPoint\",\"urlTemplate\":\"http:\/\/www.reconoce.mx\/?s={search_term_string}\"},\"query-input\":{\"@type\":\"PropertyValueSpecification\",\"valueRequired\":true,\"valueName\":\"search_term_string\"}}],\"inLanguage\":\"es\"},{\"@type\":\"Organization\",\"@id\":\"http:\/\/www.reconoce.mx\/#organization\",\"name\":\"Reconoce MX\",\"url\":\"http:\/\/www.reconoce.mx\/\",\"logo\":{\"@type\":\"ImageObject\",\"inLanguage\":\"es\",\"@id\":\"http:\/\/www.reconoce.mx\/#\/schema\/logo\/image\/\",\"url\":\"https:\/\/www.reconoce.mx\/wp-content\/uploads\/2019\/03\/logorcmx-good-1.png\",\"contentUrl\":\"https:\/\/www.reconoce.mx\/wp-content\/uploads\/2019\/03\/logorcmx-good-1.png\",\"width\":280,\"height\":90,\"caption\":\"Reconoce MX\"},\"image\":{\"@id\":\"http:\/\/www.reconoce.mx\/#\/schema\/logo\/image\/\"},\"sameAs\":[\"https:\/\/es-la.facebook.com\/ReconoceMX\/\",\"https:\/\/x.com\/reconocemx\",\"http:\/\/@reconocemx\"]},{\"@type\":\"Person\",\"@id\":\"http:\/\/www.reconoce.mx\/#\/schema\/person\/2117e997d7051dc15d6880eaf9bca0b2\",\"name\":\"Reconoce MX\",\"image\":{\"@type\":\"ImageObject\",\"inLanguage\":\"es\",\"@id\":\"http:\/\/www.reconoce.mx\/#\/schema\/person\/image\/\",\"url\":\"https:\/\/secure.gravatar.com\/avatar\/6c8d4dc7569ca1c90c5fdcc349f839d5ddef6fe1e70b4337ead2ef1a4c43fc3a?s=96&d=identicon&r=g\",\"contentUrl\":\"https:\/\/secure.gravatar.com\/avatar\/6c8d4dc7569ca1c90c5fdcc349f839d5ddef6fe1e70b4337ead2ef1a4c43fc3a?s=96&d=identicon&r=g\",\"caption\":\"Reconoce MX\"},\"description\":\"Reconoce MX es un proyecto de difusi\u00f3n art\u00edstica, cultural y de conciencia social que est\u00e1 enfocado a difundir y fomentar el entretenimiento alternativo de calidad para todo el p\u00fablico que comparta el mismo entusiasmo.\",\"sameAs\":[\"http:\/\/www.reconoce.mx\"],\"url\":\"https:\/\/www.reconoce.mx\/?author=2\"}]}<\/script>\n<!-- \/ Yoast SEO plugin. -->","yoast_head_json":{"title":"\"Carn\u00edvoras\": el miedo a la carne &#171; Reconoce MX","robots":{"index":"index","follow":"follow","max-snippet":"max-snippet:-1","max-image-preview":"max-image-preview:large","max-video-preview":"max-video-preview:-1"},"canonical":"https:\/\/www.reconoce.mx\/?p=82556","og_locale":"es_ES","og_type":"article","og_title":"\"Carn\u00edvoras\": el miedo a la carne &#171; Reconoce MX","og_description":"El terror es un g\u00e9nero que no tiene l\u00edmites claros porque se esconde bajo diversos matices y situaciones que van de lo fant\u00e1stico a la cruda realidad.","og_url":"https:\/\/www.reconoce.mx\/?p=82556","og_site_name":"Reconoce MX","article_publisher":"https:\/\/es-la.facebook.com\/ReconoceMX\/","article_published_time":"2019-04-04T06:06:56+00:00","article_modified_time":"2019-04-04T06:18:57+00:00","og_image":[{"width":590,"height":380,"url":"https:\/\/www.reconoce.mx\/wp-content\/uploads\/2018\/09\/carn\u00edvoras-3.jpg","type":"image\/jpeg"}],"author":"Reconoce MX","twitter_card":"summary_large_image","twitter_creator":"@reconocemx","twitter_site":"@reconocemx","twitter_misc":{"Escrito por":"Reconoce MX","Tiempo de lectura":"3 minutos"},"schema":{"@context":"https:\/\/schema.org","@graph":[{"@type":"Article","@id":"https:\/\/www.reconoce.mx\/?p=82556#article","isPartOf":{"@id":"https:\/\/www.reconoce.mx\/?p=82556"},"author":{"name":"Reconoce MX","@id":"http:\/\/www.reconoce.mx\/#\/schema\/person\/2117e997d7051dc15d6880eaf9bca0b2"},"headline":"\u00abCarn\u00edvoras\u00bb: el miedo a la carne","datePublished":"2019-04-04T06:06:56+00:00","dateModified":"2019-04-04T06:18:57+00:00","mainEntityOfPage":{"@id":"https:\/\/www.reconoce.mx\/?p=82556"},"wordCount":694,"commentCount":0,"publisher":{"@id":"http:\/\/www.reconoce.mx\/#organization"},"image":{"@id":"https:\/\/www.reconoce.mx\/?p=82556#primaryimage"},"thumbnailUrl":"https:\/\/www.reconoce.mx\/wp-content\/uploads\/2018\/09\/carn\u00edvoras-3.jpg","articleSection":["Cine","Cultura","Principal"],"inLanguage":"es","potentialAction":[{"@type":"CommentAction","name":"Comment","target":["https:\/\/www.reconoce.mx\/?p=82556#respond"]}]},{"@type":"WebPage","@id":"https:\/\/www.reconoce.mx\/?p=82556","url":"https:\/\/www.reconoce.mx\/?p=82556","name":"\"Carn\u00edvoras\": el miedo a la carne &#171; Reconoce MX","isPartOf":{"@id":"http:\/\/www.reconoce.mx\/#website"},"primaryImageOfPage":{"@id":"https:\/\/www.reconoce.mx\/?p=82556#primaryimage"},"image":{"@id":"https:\/\/www.reconoce.mx\/?p=82556#primaryimage"},"thumbnailUrl":"https:\/\/www.reconoce.mx\/wp-content\/uploads\/2018\/09\/carn\u00edvoras-3.jpg","datePublished":"2019-04-04T06:06:56+00:00","dateModified":"2019-04-04T06:18:57+00:00","breadcrumb":{"@id":"https:\/\/www.reconoce.mx\/?p=82556#breadcrumb"},"inLanguage":"es","potentialAction":[{"@type":"ReadAction","target":["https:\/\/www.reconoce.mx\/?p=82556"]}]},{"@type":"ImageObject","inLanguage":"es","@id":"https:\/\/www.reconoce.mx\/?p=82556#primaryimage","url":"https:\/\/www.reconoce.mx\/wp-content\/uploads\/2018\/09\/carn\u00edvoras-3.jpg","contentUrl":"https:\/\/www.reconoce.mx\/wp-content\/uploads\/2018\/09\/carn\u00edvoras-3.jpg","width":590,"height":380},{"@type":"BreadcrumbList","@id":"https:\/\/www.reconoce.mx\/?p=82556#breadcrumb","itemListElement":[{"@type":"ListItem","position":1,"name":"Portada","item":"http:\/\/www.reconoce.mx\/"},{"@type":"ListItem","position":2,"name":"\u00abCarn\u00edvoras\u00bb: el miedo a la carne"}]},{"@type":"WebSite","@id":"http:\/\/www.reconoce.mx\/#website","url":"http:\/\/www.reconoce.mx\/","name":"Reconoce MX","description":"En Reconoce MX difundimos arte, cultura y conciencia social en M\u00e9xico. Tu ciudad en otra perspectiva.","publisher":{"@id":"http:\/\/www.reconoce.mx\/#organization"},"potentialAction":[{"@type":"SearchAction","target":{"@type":"EntryPoint","urlTemplate":"http:\/\/www.reconoce.mx\/?s={search_term_string}"},"query-input":{"@type":"PropertyValueSpecification","valueRequired":true,"valueName":"search_term_string"}}],"inLanguage":"es"},{"@type":"Organization","@id":"http:\/\/www.reconoce.mx\/#organization","name":"Reconoce MX","url":"http:\/\/www.reconoce.mx\/","logo":{"@type":"ImageObject","inLanguage":"es","@id":"http:\/\/www.reconoce.mx\/#\/schema\/logo\/image\/","url":"https:\/\/www.reconoce.mx\/wp-content\/uploads\/2019\/03\/logorcmx-good-1.png","contentUrl":"https:\/\/www.reconoce.mx\/wp-content\/uploads\/2019\/03\/logorcmx-good-1.png","width":280,"height":90,"caption":"Reconoce MX"},"image":{"@id":"http:\/\/www.reconoce.mx\/#\/schema\/logo\/image\/"},"sameAs":["https:\/\/es-la.facebook.com\/ReconoceMX\/","https:\/\/x.com\/reconocemx","http:\/\/@reconocemx"]},{"@type":"Person","@id":"http:\/\/www.reconoce.mx\/#\/schema\/person\/2117e997d7051dc15d6880eaf9bca0b2","name":"Reconoce MX","image":{"@type":"ImageObject","inLanguage":"es","@id":"http:\/\/www.reconoce.mx\/#\/schema\/person\/image\/","url":"https:\/\/secure.gravatar.com\/avatar\/6c8d4dc7569ca1c90c5fdcc349f839d5ddef6fe1e70b4337ead2ef1a4c43fc3a?s=96&d=identicon&r=g","contentUrl":"https:\/\/secure.gravatar.com\/avatar\/6c8d4dc7569ca1c90c5fdcc349f839d5ddef6fe1e70b4337ead2ef1a4c43fc3a?s=96&d=identicon&r=g","caption":"Reconoce MX"},"description":"Reconoce MX es un proyecto de difusi\u00f3n art\u00edstica, cultural y de conciencia social que est\u00e1 enfocado a difundir y fomentar el entretenimiento alternativo de calidad para todo el p\u00fablico que comparta el mismo entusiasmo.","sameAs":["http:\/\/www.reconoce.mx"],"url":"https:\/\/www.reconoce.mx\/?author=2"}]}},"_links":{"self":[{"href":"https:\/\/www.reconoce.mx\/index.php?rest_route=\/wp\/v2\/posts\/82556","targetHints":{"allow":["GET"]}}],"collection":[{"href":"https:\/\/www.reconoce.mx\/index.php?rest_route=\/wp\/v2\/posts"}],"about":[{"href":"https:\/\/www.reconoce.mx\/index.php?rest_route=\/wp\/v2\/types\/post"}],"author":[{"embeddable":true,"href":"https:\/\/www.reconoce.mx\/index.php?rest_route=\/wp\/v2\/users\/2"}],"replies":[{"embeddable":true,"href":"https:\/\/www.reconoce.mx\/index.php?rest_route=%2Fwp%2Fv2%2Fcomments&post=82556"}],"version-history":[{"count":2,"href":"https:\/\/www.reconoce.mx\/index.php?rest_route=\/wp\/v2\/posts\/82556\/revisions"}],"predecessor-version":[{"id":82559,"href":"https:\/\/www.reconoce.mx\/index.php?rest_route=\/wp\/v2\/posts\/82556\/revisions\/82559"}],"wp:featuredmedia":[{"embeddable":true,"href":"https:\/\/www.reconoce.mx\/index.php?rest_route=\/wp\/v2\/media\/76565"}],"wp:attachment":[{"href":"https:\/\/www.reconoce.mx\/index.php?rest_route=%2Fwp%2Fv2%2Fmedia&parent=82556"}],"wp:term":[{"taxonomy":"category","embeddable":true,"href":"https:\/\/www.reconoce.mx\/index.php?rest_route=%2Fwp%2Fv2%2Fcategories&post=82556"},{"taxonomy":"post_tag","embeddable":true,"href":"https:\/\/www.reconoce.mx\/index.php?rest_route=%2Fwp%2Fv2%2Ftags&post=82556"}],"curies":[{"name":"wp","href":"https:\/\/api.w.org\/{rel}","templated":true}]}}