{"id":82994,"date":"2019-04-22T00:02:23","date_gmt":"2019-04-22T05:02:23","guid":{"rendered":"http:\/\/www.reconoce.mx\/?p=82994"},"modified":"2019-04-22T08:57:19","modified_gmt":"2019-04-22T13:57:19","slug":"bravo-el-regreso-del-festival-que-fusiona-entretenimiento-y-naturaleza","status":"publish","type":"post","link":"https:\/\/www.reconoce.mx\/?p=82994","title":{"rendered":"Bravo: el regreso del festival que fusiona entretenimiento y naturaleza"},"content":{"rendered":"<p><strong>Por <a href=\"https:\/\/twitter.com\/rirk21\" target=\"_blank\" rel=\"noopener noreferrer\">Priscilla Riebeling<\/a><\/strong>.<\/p>\n<p>El bosque se convierte en el templo que alberga m\u00fasica, cultura y gastronom\u00eda; y est\u00e1 esperando a exploradores \u00e1vidos por festejar, de manera consciente y sustentable, durante dos d\u00edas.<\/p>\n<p><a href=\"http:\/\/www.reconoce.mx\/wp-content\/uploads\/2019\/04\/bravo-poster.jpg\"><img loading=\"lazy\" decoding=\"async\" class=\"aligncenter size-full wp-image-83002\" src=\"http:\/\/www.reconoce.mx\/wp-content\/uploads\/2019\/04\/bravo-poster.jpg\" alt=\"\" width=\"690\" height=\"690\" srcset=\"https:\/\/www.reconoce.mx\/wp-content\/uploads\/2019\/04\/bravo-poster.jpg 690w, https:\/\/www.reconoce.mx\/wp-content\/uploads\/2019\/04\/bravo-poster-150x150.jpg 150w, https:\/\/www.reconoce.mx\/wp-content\/uploads\/2019\/04\/bravo-poster-300x300.jpg 300w, https:\/\/www.reconoce.mx\/wp-content\/uploads\/2019\/04\/bravo-poster-65x65.jpg 65w, https:\/\/www.reconoce.mx\/wp-content\/uploads\/2019\/04\/bravo-poster-658x658.jpg 658w\" sizes=\"auto, (max-width: 690px) 100vw, 690px\" \/><\/a><\/p>\n<p>El <strong>Festival Bravo<\/strong> est\u00e1 de regreso para fusionar lo mejor de dos mundos: la naturaleza y el entretenimiento. De d\u00eda podremos disfrutar de la belleza del bosque empapada de artes esc\u00e9nicas, m\u00fasica en vivo, ambiente familiar y deliciosa comida; que nos prepara para tener la energ\u00eda necesaria para disfrutar del <em>natural dancefloor<\/em> nocturno.<\/p>\n<p>Este a\u00f1o habr\u00e1 una fiesta especial el viernes 3 de mayo para los aventureros que decidan acampar y maximizar su experiencia durante 3 d\u00edas.<\/p>\n<p>Esta edici\u00f3n del <strong>Festival Bravo<\/strong> nos regala una curadur\u00eda musical excepcional para disfrutar inmerso en el bosque.<\/p>\n<p>A continuaci\u00f3n algunos de los actos que no te debes perder:<\/p>\n<h2><strong>Bedouin<\/strong><\/h2>\n<p>D\u00fao originario Brooklyn pero residente del mundo. Han logrado capturar de manera perfecta los sonidos de diferentes regiones del mundo para mezclarlos mientras la gente baila. Sin duda no hay mejor manera de bailar sus ritmos que el bosque en Valle de Bravo.<\/p>\n<style>.embed-container { position: relative; padding-bottom: 56.25%; height: 0; overflow: hidden; max-width: 100%; } .embed-container iframe, .embed-container object, .embed-container embed { position: absolute; top: 0; left: 0; width: 100%; height: 100%; }<\/style>\n<div class=\"embed-container\"><iframe src=\"https:\/\/www.youtube.com\/embed\/1ujPK9hes9c\" frameborder=\"0\" allowfullscreen=\"allowfullscreen\"><\/iframe><\/div>\n<p>&nbsp;<\/p>\n<h2><strong>Stavroz<\/strong><\/h2>\n<p>Son un gran exponente del <em>ethnic<\/em> y <em>organic<\/em> de la m\u00fasica electr\u00f3nica. Su inconfundible estilo musical ha sido aclamado desde el primer material que este grupo de dj&#8217;s y productores musicales ha creado. El bosque es una musa recurrente para el <em>ethnic<\/em> que gran dicha bailar en \u00e9l con los \u00abpoetas\u00bb m\u00e1s reconocidos del g\u00e9nero.<\/p>\n<style>.embed-container { position: relative; padding-bottom: 56.25%; height: 0; overflow: hidden; max-width: 100%; } .embed-container iframe, .embed-container object, .embed-container embed { position: absolute; top: 0; left: 0; width: 100%; height: 100%; }<\/style>\n<div class=\"embed-container\"><iframe src=\"https:\/\/www.youtube.com\/embed\/-HlpoRR9NoM\" frameborder=\"0\" allowfullscreen=\"allowfullscreen\"><\/iframe><\/div>\n<p>&nbsp;<\/p>\n<h2><strong>Black Merlin<\/strong><\/h2>\n<p>Un genio de combinar sonidos tribales con <em>krautrock<\/em>. <strong>Black Merlin<\/strong> convivi\u00f3 con la tribu kosua qui\u00e9nes habitan en el bosque de Pap\u00faa Nueva Guinea durante varias semanas. De aqu\u00ed tomo la inspiraci\u00f3n para su segundo material de larga duraci\u00f3n \u00abKosua\u00bb. Sin duda escuchar su nuevo sonido en Valle de Bravo ser\u00e1 una experiencia \u00fanica.<\/p>\n<style>.embed-container { position: relative; padding-bottom: 56.25%; height: 0; overflow: hidden; max-width: 100%; } .embed-container iframe, .embed-container object, .embed-container embed { position: absolute; top: 0; left: 0; width: 100%; height: 100%; }<\/style>\n<div class=\"embed-container\"><iframe src=\"https:\/\/www.youtube.com\/embed\/YoaLB7PJGVw\" frameborder=\"0\" allowfullscreen=\"allowfullscreen\"><\/iframe><\/div>\n<p>&nbsp;<\/p>\n<h2><strong>Ellen Allien<\/strong><\/h2>\n<p>El bosque nos llena de energ\u00eda y no imaginamos mejor opci\u00f3n para sacar nuestros pasos de baile m\u00e1s \u00abponchados\u00bb con la veterana, productora y dj, a la que sobran palabras para presentarla. Creadora del sello <strong>BPitch Control<\/strong>, sello responsable de dar a conocer artistas como <strong>Modeselektor<\/strong> y <strong>Apparat<\/strong>. Nos deleitar\u00e1 con sus poderosos <em>beats<\/em> en el <em>dancefloor<\/em>.<\/p>\n<style>.embed-container { position: relative; padding-bottom: 56.25%; height: 0; overflow: hidden; max-width: 100%; } .embed-container iframe, .embed-container object, .embed-container embed { position: absolute; top: 0; left: 0; width: 100%; height: 100%; }<\/style>\n<div class=\"embed-container\"><iframe src=\"https:\/\/www.youtube.com\/embed\/gYeuOHhg54E\" frameborder=\"0\" allowfullscreen=\"allowfullscreen\"><\/iframe><\/div>\n<p>&nbsp;<\/p>\n<p>\u00bfCu\u00e1ndo, d\u00f3nde y de a c\u00f3mo? <strong>Bravo<\/strong> se realizar\u00e1 el s\u00e1bado 4 de mayo de 2019 en Valle de Bravo. 3 escenarios, zona de camping. Boletos &#8211;<a href=\"https:\/\/www.ticketmaster.com.mx\/event\/1400559388FF1501\" target=\"_blank\" rel=\"noopener noreferrer\">aqu\u00ed a la venta<\/a>&#8211; a un costo general de $790.00 m\u00e1s cargos. Para m\u00e1s informaci\u00f3n consulta el <a href=\"https:\/\/bravofestival.mx\/\" target=\"_blank\" rel=\"noopener noreferrer\">sitio oficial<\/a>, as\u00ed como sus canales en <a href=\"https:\/\/www.facebook.com\/festivalbravo\/\" target=\"_blank\" rel=\"noopener noreferrer\">Facebook<\/a>, <a href=\"https:\/\/twitter.com\/festivalbravo\" target=\"_blank\" rel=\"noopener noreferrer\">Twitter<\/a> e <a href=\"https:\/\/www.instagram.com\/festivalbravo\/\" target=\"_blank\" rel=\"noopener noreferrer\">Instagram<\/a>.<\/p>\n<p>&nbsp;<\/p>\n<p>&nbsp;<\/p>\n","protected":false},"excerpt":{"rendered":"<p>El bosque se convierte en el templo que alberga m\u00fasica, cultura y gastronom\u00eda; y est\u00e1 esperando a exploradores \u00e1vidos por festejar, de manera consciente y sustentable, durante dos d\u00edas.<\/p>\n","protected":false},"author":2,"featured_media":83001,"comment_status":"open","ping_status":"open","sticky":false,"template":"","format":"standard","meta":{"footnotes":""},"categories":[1,18,17],"tags":[],"class_list":["post-82994","post","type-post","status-publish","format-standard","has-post-thumbnail","hentry","category-cultura","category-musica","category-principal"],"yoast_head":"<!-- This site is optimized with the Yoast SEO plugin v24.7 - https:\/\/yoast.com\/wordpress\/plugins\/seo\/ -->\n<title>Bravo: el regreso del festival que fusiona entretenimiento y naturaleza &#171; Reconoce MX<\/title>\n<meta name=\"robots\" content=\"index, follow, max-snippet:-1, max-image-preview:large, max-video-preview:-1\" \/>\n<link rel=\"canonical\" href=\"http:\/\/www.reconoce.mx\/?p=82994\" \/>\n<meta property=\"og:locale\" content=\"es_ES\" \/>\n<meta property=\"og:type\" content=\"article\" \/>\n<meta property=\"og:title\" content=\"Bravo: el regreso del festival que fusiona entretenimiento y naturaleza &#171; Reconoce MX\" \/>\n<meta property=\"og:description\" content=\"El bosque se convierte en el templo que alberga m\u00fasica, cultura y gastronom\u00eda; y est\u00e1 esperando a exploradores \u00e1vidos por festejar, de manera consciente y sustentable, durante dos d\u00edas.\" \/>\n<meta property=\"og:url\" content=\"http:\/\/www.reconoce.mx\/?p=82994\" \/>\n<meta property=\"og:site_name\" content=\"Reconoce MX\" \/>\n<meta property=\"article:publisher\" content=\"https:\/\/es-la.facebook.com\/ReconoceMX\/\" \/>\n<meta property=\"article:published_time\" content=\"2019-04-22T05:02:23+00:00\" \/>\n<meta property=\"article:modified_time\" content=\"2019-04-22T13:57:19+00:00\" \/>\n<meta property=\"og:image\" content=\"http:\/\/www.reconoce.mx\/wp-content\/uploads\/2019\/04\/bravo-cover.jpg\" \/>\n\t<meta property=\"og:image:width\" content=\"590\" \/>\n\t<meta property=\"og:image:height\" content=\"380\" \/>\n\t<meta property=\"og:image:type\" content=\"image\/jpeg\" \/>\n<meta name=\"author\" content=\"Reconoce MX\" \/>\n<meta name=\"twitter:card\" content=\"summary_large_image\" \/>\n<meta name=\"twitter:creator\" content=\"@reconocemx\" \/>\n<meta name=\"twitter:site\" content=\"@reconocemx\" \/>\n<meta name=\"twitter:label1\" content=\"Escrito por\" \/>\n\t<meta name=\"twitter:data1\" content=\"Reconoce MX\" \/>\n\t<meta name=\"twitter:label2\" content=\"Tiempo de lectura\" \/>\n\t<meta name=\"twitter:data2\" content=\"2 minutos\" \/>\n<script type=\"application\/ld+json\" class=\"yoast-schema-graph\">{\"@context\":\"https:\/\/schema.org\",\"@graph\":[{\"@type\":\"Article\",\"@id\":\"http:\/\/www.reconoce.mx\/?p=82994#article\",\"isPartOf\":{\"@id\":\"http:\/\/www.reconoce.mx\/?p=82994\"},\"author\":{\"name\":\"Reconoce MX\",\"@id\":\"http:\/\/www.reconoce.mx\/#\/schema\/person\/2117e997d7051dc15d6880eaf9bca0b2\"},\"headline\":\"Bravo: el regreso del festival que fusiona entretenimiento y naturaleza\",\"datePublished\":\"2019-04-22T05:02:23+00:00\",\"dateModified\":\"2019-04-22T13:57:19+00:00\",\"mainEntityOfPage\":{\"@id\":\"http:\/\/www.reconoce.mx\/?p=82994\"},\"wordCount\":447,\"commentCount\":0,\"publisher\":{\"@id\":\"http:\/\/www.reconoce.mx\/#organization\"},\"image\":{\"@id\":\"http:\/\/www.reconoce.mx\/?p=82994#primaryimage\"},\"thumbnailUrl\":\"https:\/\/www.reconoce.mx\/wp-content\/uploads\/2019\/04\/bravo-cover.jpg\",\"articleSection\":[\"Cultura\",\"M\u00fasica\",\"Principal\"],\"inLanguage\":\"es\",\"potentialAction\":[{\"@type\":\"CommentAction\",\"name\":\"Comment\",\"target\":[\"http:\/\/www.reconoce.mx\/?p=82994#respond\"]}]},{\"@type\":\"WebPage\",\"@id\":\"http:\/\/www.reconoce.mx\/?p=82994\",\"url\":\"http:\/\/www.reconoce.mx\/?p=82994\",\"name\":\"Bravo: el regreso del festival que fusiona entretenimiento y naturaleza &#171; Reconoce MX\",\"isPartOf\":{\"@id\":\"http:\/\/www.reconoce.mx\/#website\"},\"primaryImageOfPage\":{\"@id\":\"http:\/\/www.reconoce.mx\/?p=82994#primaryimage\"},\"image\":{\"@id\":\"http:\/\/www.reconoce.mx\/?p=82994#primaryimage\"},\"thumbnailUrl\":\"https:\/\/www.reconoce.mx\/wp-content\/uploads\/2019\/04\/bravo-cover.jpg\",\"datePublished\":\"2019-04-22T05:02:23+00:00\",\"dateModified\":\"2019-04-22T13:57:19+00:00\",\"breadcrumb\":{\"@id\":\"http:\/\/www.reconoce.mx\/?p=82994#breadcrumb\"},\"inLanguage\":\"es\",\"potentialAction\":[{\"@type\":\"ReadAction\",\"target\":[\"http:\/\/www.reconoce.mx\/?p=82994\"]}]},{\"@type\":\"ImageObject\",\"inLanguage\":\"es\",\"@id\":\"http:\/\/www.reconoce.mx\/?p=82994#primaryimage\",\"url\":\"https:\/\/www.reconoce.mx\/wp-content\/uploads\/2019\/04\/bravo-cover.jpg\",\"contentUrl\":\"https:\/\/www.reconoce.mx\/wp-content\/uploads\/2019\/04\/bravo-cover.jpg\",\"width\":590,\"height\":380},{\"@type\":\"BreadcrumbList\",\"@id\":\"http:\/\/www.reconoce.mx\/?p=82994#breadcrumb\",\"itemListElement\":[{\"@type\":\"ListItem\",\"position\":1,\"name\":\"Portada\",\"item\":\"http:\/\/www.reconoce.mx\/\"},{\"@type\":\"ListItem\",\"position\":2,\"name\":\"Bravo: el regreso del festival que fusiona entretenimiento y naturaleza\"}]},{\"@type\":\"WebSite\",\"@id\":\"http:\/\/www.reconoce.mx\/#website\",\"url\":\"http:\/\/www.reconoce.mx\/\",\"name\":\"Reconoce MX\",\"description\":\"En Reconoce MX difundimos arte, cultura y conciencia social en M\u00e9xico. Tu ciudad en otra perspectiva.\",\"publisher\":{\"@id\":\"http:\/\/www.reconoce.mx\/#organization\"},\"potentialAction\":[{\"@type\":\"SearchAction\",\"target\":{\"@type\":\"EntryPoint\",\"urlTemplate\":\"http:\/\/www.reconoce.mx\/?s={search_term_string}\"},\"query-input\":{\"@type\":\"PropertyValueSpecification\",\"valueRequired\":true,\"valueName\":\"search_term_string\"}}],\"inLanguage\":\"es\"},{\"@type\":\"Organization\",\"@id\":\"http:\/\/www.reconoce.mx\/#organization\",\"name\":\"Reconoce MX\",\"url\":\"http:\/\/www.reconoce.mx\/\",\"logo\":{\"@type\":\"ImageObject\",\"inLanguage\":\"es\",\"@id\":\"http:\/\/www.reconoce.mx\/#\/schema\/logo\/image\/\",\"url\":\"https:\/\/www.reconoce.mx\/wp-content\/uploads\/2019\/03\/logorcmx-good-1.png\",\"contentUrl\":\"https:\/\/www.reconoce.mx\/wp-content\/uploads\/2019\/03\/logorcmx-good-1.png\",\"width\":280,\"height\":90,\"caption\":\"Reconoce MX\"},\"image\":{\"@id\":\"http:\/\/www.reconoce.mx\/#\/schema\/logo\/image\/\"},\"sameAs\":[\"https:\/\/es-la.facebook.com\/ReconoceMX\/\",\"https:\/\/x.com\/reconocemx\",\"http:\/\/@reconocemx\"]},{\"@type\":\"Person\",\"@id\":\"http:\/\/www.reconoce.mx\/#\/schema\/person\/2117e997d7051dc15d6880eaf9bca0b2\",\"name\":\"Reconoce MX\",\"image\":{\"@type\":\"ImageObject\",\"inLanguage\":\"es\",\"@id\":\"http:\/\/www.reconoce.mx\/#\/schema\/person\/image\/\",\"url\":\"https:\/\/secure.gravatar.com\/avatar\/6c8d4dc7569ca1c90c5fdcc349f839d5ddef6fe1e70b4337ead2ef1a4c43fc3a?s=96&d=identicon&r=g\",\"contentUrl\":\"https:\/\/secure.gravatar.com\/avatar\/6c8d4dc7569ca1c90c5fdcc349f839d5ddef6fe1e70b4337ead2ef1a4c43fc3a?s=96&d=identicon&r=g\",\"caption\":\"Reconoce MX\"},\"description\":\"Reconoce MX es un proyecto de difusi\u00f3n art\u00edstica, cultural y de conciencia social que est\u00e1 enfocado a difundir y fomentar el entretenimiento alternativo de calidad para todo el p\u00fablico que comparta el mismo entusiasmo.\",\"sameAs\":[\"http:\/\/www.reconoce.mx\"],\"url\":\"https:\/\/www.reconoce.mx\/?author=2\"}]}<\/script>\n<!-- \/ Yoast SEO plugin. -->","yoast_head_json":{"title":"Bravo: el regreso del festival que fusiona entretenimiento y naturaleza &#171; Reconoce MX","robots":{"index":"index","follow":"follow","max-snippet":"max-snippet:-1","max-image-preview":"max-image-preview:large","max-video-preview":"max-video-preview:-1"},"canonical":"http:\/\/www.reconoce.mx\/?p=82994","og_locale":"es_ES","og_type":"article","og_title":"Bravo: el regreso del festival que fusiona entretenimiento y naturaleza &#171; Reconoce MX","og_description":"El bosque se convierte en el templo que alberga m\u00fasica, cultura y gastronom\u00eda; y est\u00e1 esperando a exploradores \u00e1vidos por festejar, de manera consciente y sustentable, durante dos d\u00edas.","og_url":"http:\/\/www.reconoce.mx\/?p=82994","og_site_name":"Reconoce MX","article_publisher":"https:\/\/es-la.facebook.com\/ReconoceMX\/","article_published_time":"2019-04-22T05:02:23+00:00","article_modified_time":"2019-04-22T13:57:19+00:00","og_image":[{"width":590,"height":380,"url":"http:\/\/www.reconoce.mx\/wp-content\/uploads\/2019\/04\/bravo-cover.jpg","type":"image\/jpeg"}],"author":"Reconoce MX","twitter_card":"summary_large_image","twitter_creator":"@reconocemx","twitter_site":"@reconocemx","twitter_misc":{"Escrito por":"Reconoce MX","Tiempo de lectura":"2 minutos"},"schema":{"@context":"https:\/\/schema.org","@graph":[{"@type":"Article","@id":"http:\/\/www.reconoce.mx\/?p=82994#article","isPartOf":{"@id":"http:\/\/www.reconoce.mx\/?p=82994"},"author":{"name":"Reconoce MX","@id":"http:\/\/www.reconoce.mx\/#\/schema\/person\/2117e997d7051dc15d6880eaf9bca0b2"},"headline":"Bravo: el regreso del festival que fusiona entretenimiento y naturaleza","datePublished":"2019-04-22T05:02:23+00:00","dateModified":"2019-04-22T13:57:19+00:00","mainEntityOfPage":{"@id":"http:\/\/www.reconoce.mx\/?p=82994"},"wordCount":447,"commentCount":0,"publisher":{"@id":"http:\/\/www.reconoce.mx\/#organization"},"image":{"@id":"http:\/\/www.reconoce.mx\/?p=82994#primaryimage"},"thumbnailUrl":"https:\/\/www.reconoce.mx\/wp-content\/uploads\/2019\/04\/bravo-cover.jpg","articleSection":["Cultura","M\u00fasica","Principal"],"inLanguage":"es","potentialAction":[{"@type":"CommentAction","name":"Comment","target":["http:\/\/www.reconoce.mx\/?p=82994#respond"]}]},{"@type":"WebPage","@id":"http:\/\/www.reconoce.mx\/?p=82994","url":"http:\/\/www.reconoce.mx\/?p=82994","name":"Bravo: el regreso del festival que fusiona entretenimiento y naturaleza &#171; Reconoce MX","isPartOf":{"@id":"http:\/\/www.reconoce.mx\/#website"},"primaryImageOfPage":{"@id":"http:\/\/www.reconoce.mx\/?p=82994#primaryimage"},"image":{"@id":"http:\/\/www.reconoce.mx\/?p=82994#primaryimage"},"thumbnailUrl":"https:\/\/www.reconoce.mx\/wp-content\/uploads\/2019\/04\/bravo-cover.jpg","datePublished":"2019-04-22T05:02:23+00:00","dateModified":"2019-04-22T13:57:19+00:00","breadcrumb":{"@id":"http:\/\/www.reconoce.mx\/?p=82994#breadcrumb"},"inLanguage":"es","potentialAction":[{"@type":"ReadAction","target":["http:\/\/www.reconoce.mx\/?p=82994"]}]},{"@type":"ImageObject","inLanguage":"es","@id":"http:\/\/www.reconoce.mx\/?p=82994#primaryimage","url":"https:\/\/www.reconoce.mx\/wp-content\/uploads\/2019\/04\/bravo-cover.jpg","contentUrl":"https:\/\/www.reconoce.mx\/wp-content\/uploads\/2019\/04\/bravo-cover.jpg","width":590,"height":380},{"@type":"BreadcrumbList","@id":"http:\/\/www.reconoce.mx\/?p=82994#breadcrumb","itemListElement":[{"@type":"ListItem","position":1,"name":"Portada","item":"http:\/\/www.reconoce.mx\/"},{"@type":"ListItem","position":2,"name":"Bravo: el regreso del festival que fusiona entretenimiento y naturaleza"}]},{"@type":"WebSite","@id":"http:\/\/www.reconoce.mx\/#website","url":"http:\/\/www.reconoce.mx\/","name":"Reconoce MX","description":"En Reconoce MX difundimos arte, cultura y conciencia social en M\u00e9xico. Tu ciudad en otra perspectiva.","publisher":{"@id":"http:\/\/www.reconoce.mx\/#organization"},"potentialAction":[{"@type":"SearchAction","target":{"@type":"EntryPoint","urlTemplate":"http:\/\/www.reconoce.mx\/?s={search_term_string}"},"query-input":{"@type":"PropertyValueSpecification","valueRequired":true,"valueName":"search_term_string"}}],"inLanguage":"es"},{"@type":"Organization","@id":"http:\/\/www.reconoce.mx\/#organization","name":"Reconoce MX","url":"http:\/\/www.reconoce.mx\/","logo":{"@type":"ImageObject","inLanguage":"es","@id":"http:\/\/www.reconoce.mx\/#\/schema\/logo\/image\/","url":"https:\/\/www.reconoce.mx\/wp-content\/uploads\/2019\/03\/logorcmx-good-1.png","contentUrl":"https:\/\/www.reconoce.mx\/wp-content\/uploads\/2019\/03\/logorcmx-good-1.png","width":280,"height":90,"caption":"Reconoce MX"},"image":{"@id":"http:\/\/www.reconoce.mx\/#\/schema\/logo\/image\/"},"sameAs":["https:\/\/es-la.facebook.com\/ReconoceMX\/","https:\/\/x.com\/reconocemx","http:\/\/@reconocemx"]},{"@type":"Person","@id":"http:\/\/www.reconoce.mx\/#\/schema\/person\/2117e997d7051dc15d6880eaf9bca0b2","name":"Reconoce MX","image":{"@type":"ImageObject","inLanguage":"es","@id":"http:\/\/www.reconoce.mx\/#\/schema\/person\/image\/","url":"https:\/\/secure.gravatar.com\/avatar\/6c8d4dc7569ca1c90c5fdcc349f839d5ddef6fe1e70b4337ead2ef1a4c43fc3a?s=96&d=identicon&r=g","contentUrl":"https:\/\/secure.gravatar.com\/avatar\/6c8d4dc7569ca1c90c5fdcc349f839d5ddef6fe1e70b4337ead2ef1a4c43fc3a?s=96&d=identicon&r=g","caption":"Reconoce MX"},"description":"Reconoce MX es un proyecto de difusi\u00f3n art\u00edstica, cultural y de conciencia social que est\u00e1 enfocado a difundir y fomentar el entretenimiento alternativo de calidad para todo el p\u00fablico que comparta el mismo entusiasmo.","sameAs":["http:\/\/www.reconoce.mx"],"url":"https:\/\/www.reconoce.mx\/?author=2"}]}},"_links":{"self":[{"href":"https:\/\/www.reconoce.mx\/index.php?rest_route=\/wp\/v2\/posts\/82994","targetHints":{"allow":["GET"]}}],"collection":[{"href":"https:\/\/www.reconoce.mx\/index.php?rest_route=\/wp\/v2\/posts"}],"about":[{"href":"https:\/\/www.reconoce.mx\/index.php?rest_route=\/wp\/v2\/types\/post"}],"author":[{"embeddable":true,"href":"https:\/\/www.reconoce.mx\/index.php?rest_route=\/wp\/v2\/users\/2"}],"replies":[{"embeddable":true,"href":"https:\/\/www.reconoce.mx\/index.php?rest_route=%2Fwp%2Fv2%2Fcomments&post=82994"}],"version-history":[{"count":4,"href":"https:\/\/www.reconoce.mx\/index.php?rest_route=\/wp\/v2\/posts\/82994\/revisions"}],"predecessor-version":[{"id":83044,"href":"https:\/\/www.reconoce.mx\/index.php?rest_route=\/wp\/v2\/posts\/82994\/revisions\/83044"}],"wp:featuredmedia":[{"embeddable":true,"href":"https:\/\/www.reconoce.mx\/index.php?rest_route=\/wp\/v2\/media\/83001"}],"wp:attachment":[{"href":"https:\/\/www.reconoce.mx\/index.php?rest_route=%2Fwp%2Fv2%2Fmedia&parent=82994"}],"wp:term":[{"taxonomy":"category","embeddable":true,"href":"https:\/\/www.reconoce.mx\/index.php?rest_route=%2Fwp%2Fv2%2Fcategories&post=82994"},{"taxonomy":"post_tag","embeddable":true,"href":"https:\/\/www.reconoce.mx\/index.php?rest_route=%2Fwp%2Fv2%2Ftags&post=82994"}],"curies":[{"name":"wp","href":"https:\/\/api.w.org\/{rel}","templated":true}]}}