{"id":83132,"date":"2019-04-29T00:03:37","date_gmt":"2019-04-29T05:03:37","guid":{"rendered":"http:\/\/www.reconoce.mx\/?p=83132"},"modified":"2019-04-28T22:22:09","modified_gmt":"2019-04-29T03:22:09","slug":"mi-primera-vez-en-el-auditorio-che-guevara","status":"publish","type":"post","link":"https:\/\/www.reconoce.mx\/?p=83132","title":{"rendered":"Mi primera vez en el Auditorio Che Guevara"},"content":{"rendered":"<div class=\"entry\">\n<p><a href=\"http:\/\/www.reconoce.mx\/category\/columnistas\/la-ballesta-de-mascatabaco\/\"><img loading=\"lazy\" decoding=\"async\" class=\"aligncenter size-full wp-image-42011\" src=\"http:\/\/www.reconoce.mx\/wp-content\/uploads\/2015\/05\/la-ballesta.png\" sizes=\"auto, (max-width: 570px) 100vw, 570px\" srcset=\"http:\/\/www.reconoce.mx\/wp-content\/uploads\/2015\/05\/la-ballesta.png 570w, http:\/\/www.reconoce.mx\/wp-content\/uploads\/2015\/05\/la-ballesta-300x37.png 300w, http:\/\/www.reconoce.mx\/wp-content\/uploads\/2015\/05\/la-ballesta-150x18.png 150w\" alt=\"la-ballesta\" width=\"570\" height=\"70\" \/><\/a><strong><br \/>\nPor <a title=\"@AsfaltosTweets\" href=\"http:\/\/twitter.com\/AsfaltosTweets\" target=\"_blank\" rel=\"noopener noreferrer\">Asfaltos<\/a><\/strong>.<\/p>\n<p>En los casi 9 a\u00f1os que llevo pisando la <strong>Facultad de Filosof\u00eda y Letras<\/strong> de la <strong>UNAM<\/strong>, nunca hab\u00eda entrado a uno de sus rincones m\u00e1s \u00abmisteriosos\u00bb. El <strong>Auditorio Justo Sierra<\/strong>, inaugurado en un ya muy lejano 1954 por el entonces rector Nabor Carrillo, fue testigo del paso de personalidades tan diversas como Susan Sontag, Octavio Paz, Pablo Neruda, Julio Cort\u00e1zar y hasta el subcomandante Marcos. El auditorio, ahora renombrado como el <strong>Auditorio Che Guevara<\/strong>, se convirti\u00f3 en los \u00faltimos 20 a\u00f1os en todo un \u00abmisterio\u00bb para la mayor\u00eda de la comunidad universitaria.<\/p>\n<p><a href=\"http:\/\/www.reconoce.mx\/wp-content\/uploads\/2019\/04\/auditorio-che-guevara-3.jpg\"><img loading=\"lazy\" decoding=\"async\" class=\"aligncenter size-full wp-image-83139\" src=\"http:\/\/www.reconoce.mx\/wp-content\/uploads\/2019\/04\/auditorio-che-guevara-3.jpg\" alt=\"\" width=\"592\" height=\"288\" srcset=\"https:\/\/www.reconoce.mx\/wp-content\/uploads\/2019\/04\/auditorio-che-guevara-3.jpg 592w, https:\/\/www.reconoce.mx\/wp-content\/uploads\/2019\/04\/auditorio-che-guevara-3-300x146.jpg 300w, https:\/\/www.reconoce.mx\/wp-content\/uploads\/2019\/04\/auditorio-che-guevara-3-150x73.jpg 150w\" sizes=\"auto, (max-width: 592px) 100vw, 592px\" \/><\/a><br \/>\nTomado en 1999 por los huelguistas de la <strong>UNAM<\/strong> que defendieron el derecho a la educaci\u00f3n gratuita y de calidad, el <strong>Auditorio Che Guevara<\/strong> fue regresado a las autoridades universitarias en 2002, para posteriormente volver a ser tomado al a\u00f1o siguiente. A partir de 2003 la administraci\u00f3n del <strong>Che Guevara<\/strong> es liderada por el colectivo <strong>Okupaci\u00f3n Auditorio Che Guevara<\/strong>. El espacio, vilipendiado por autoridades, medios de comunicaci\u00f3n y no pocos miembros de la universidad, me result\u00f3 -como a muchos- todo un misterio que no me hab\u00eda procurado a conocer.<\/p>\n<p>El viernes pasado, a eso de las 20:00 horas, pas\u00e9 una vez m\u00e1s por el acceso principal del <strong>Auditorio Che Guevara<\/strong>; lo hice en los pasados 9 a\u00f1os, siempre de prisa sin detenerme ni observar. Las puertas, que siempre hab\u00eda pensado yo cerradas, estaban abiertas de par en par. Aquella noche me qued\u00e9 de ver con un buen amigo de la infancia, quien al toparse por vez primera con el lugar, me pregunt\u00f3: \u00ab\u00bfPor qu\u00e9 no entramos?\u00bb. La verdad es que nunca me lo hab\u00eda planteado, quiz\u00e1 por todo lo que hab\u00eda le\u00eddo y escuchado, y lo poco o nada que me detuve a verlo; para m\u00ed era simplemente un espacio clausurado, sin acceso. Por ello, sin dudarlo, le contest\u00e9 que lo hici\u00e9ramos; y lo hicimos.<\/p>\n<p><a href=\"http:\/\/www.reconoce.mx\/wp-content\/uploads\/2019\/04\/auditorio-che-guevara-5.jpg\"><img loading=\"lazy\" decoding=\"async\" class=\"aligncenter size-full wp-image-83141\" src=\"http:\/\/www.reconoce.mx\/wp-content\/uploads\/2019\/04\/auditorio-che-guevara-5.jpg\" alt=\"\" width=\"592\" height=\"288\" srcset=\"https:\/\/www.reconoce.mx\/wp-content\/uploads\/2019\/04\/auditorio-che-guevara-5.jpg 592w, https:\/\/www.reconoce.mx\/wp-content\/uploads\/2019\/04\/auditorio-che-guevara-5-300x146.jpg 300w, https:\/\/www.reconoce.mx\/wp-content\/uploads\/2019\/04\/auditorio-che-guevara-5-150x73.jpg 150w\" sizes=\"auto, (max-width: 592px) 100vw, 592px\" \/><\/a><br \/>\nAl frente de la entrada se lee la leyenda \u00abEspacio liberado: Basta de represi\u00f3n\u00bb. Para quienes administran el Auditorio, no se trata de un secuestro sino mas bien de una liberaci\u00f3n. Por lo menos en los momentos en los que estuve dentro, me sent\u00ed en completa libertad. Inclusive pude tomar las fotos que ilustran esta narraci\u00f3n. Solo hubo un chico que me pidi\u00f3 ver una de las fotos que hab\u00eda tomado, sobre todo porque era probable que sin querer yo hubiese capturado su cara. Le ense\u00f1\u00e9 las fotos, accediendo a borrarlas sin problema si as\u00ed hab\u00eda sucedido, pero qued\u00f3 claro que no. El chico sonriente me dijo que estaba bien.<\/p>\n<p>Al entrar observ\u00e9 al fondo dos espacios muy claros: <strong>La Ruda<\/strong>, en la parte superior, y que es la cocina vegetariana del recinto; y en la parte baja, <strong>La Fanzinoteca<\/strong>, ambos espacios cerrados a la hora en la que entr\u00e9. Del lado derecho encontr\u00e9 un peque\u00f1o espacio verde que se ve\u00eda cuidado, salvo por algunas latas vac\u00edas de cerveza que encontr\u00e9 en su interior. De mi lado izquierdo me top\u00e9 con un mural lleno de representaciones que remiten a las ra\u00edces, al arte y yo dir\u00eda que hasta al misticismo. En la parte baja me top\u00e9 con una posible representaci\u00f3n de la Madre Tierra, acompa\u00f1ada de una Virgen de Guadalupe muy particular y ataviada con una m\u00e1scara de gas. M\u00e1s all\u00e1 de la puerta, que parec\u00eda llevaba a la cocina, no me fue posible acceder; un chico que me vio ingresar, me dijo que solo ah\u00ed no era hora para entrar. Vi c\u00f3mo, del acceso del foro central del Auditorio, sali\u00f3 una chica que ingres\u00f3 al lugar que no se me dej\u00f3 ver. Era, posiblemente en ese momento, una especie de camerino.<\/p>\n<p><a href=\"http:\/\/www.reconoce.mx\/wp-content\/uploads\/2019\/04\/auditorio-che-guevara-4.jpg\"><img loading=\"lazy\" decoding=\"async\" class=\"aligncenter size-full wp-image-83140\" src=\"http:\/\/www.reconoce.mx\/wp-content\/uploads\/2019\/04\/auditorio-che-guevara-4.jpg\" alt=\"\" width=\"592\" height=\"287\" srcset=\"https:\/\/www.reconoce.mx\/wp-content\/uploads\/2019\/04\/auditorio-che-guevara-4.jpg 592w, https:\/\/www.reconoce.mx\/wp-content\/uploads\/2019\/04\/auditorio-che-guevara-4-300x145.jpg 300w, https:\/\/www.reconoce.mx\/wp-content\/uploads\/2019\/04\/auditorio-che-guevara-4-150x73.jpg 150w\" sizes=\"auto, (max-width: 592px) 100vw, 592px\" \/><\/a><br \/>\nAmable, el mismo chico que me coment\u00f3 lo anterior, se preparaba para entrar en monociclo a un espect\u00e1culo teatral que se llevaba a cabo. Fue la primera vez que pis\u00e9 el <strong>Auditorio Che Guevara<\/strong>. Con poca luz, por la presentaci\u00f3n del g\u00e9nero clown que se llevaba a cabo, me lleg\u00f3 un olor a marihuana producto de un peque\u00f1o grupo de chicos que observaban lo que suced\u00eda sobre el escenario. La verdad, ese olor a marihuana se huele inclusive en el espacio al aire libre entre Biblioteca Central y Rector\u00eda. El espect\u00e1culo mostraba primero a un maestro de ceremonias seguido de un supuesto luchador. \u00bfEl p\u00fablico? Adem\u00e1s de los chicos que fumaban, hab\u00edan una peque\u00f1a familia y un grupo de 4 \u00f3 5 ni\u00f1os disfrutando del show.<\/p>\n<p>Las risas de los m\u00e1s peque\u00f1os, entre 6 y 10 a\u00f1os, me resultaron tremendamente contagiosas. En el segundo acto que observ\u00e9 al interior del <strong>Che Guevara<\/strong>, el supuesto luchador entretuvo a los ni\u00f1os que no paraban de re\u00edr con las ocurrencias. Me pareci\u00f3, sin duda, un momento de gracia y de alegr\u00eda. Ver a esos ni\u00f1os disfrutar me hizo la noche.<\/p>\n<p><a href=\"http:\/\/www.reconoce.mx\/wp-content\/uploads\/2019\/04\/auditorio-che-guevara-6.jpg\"><img loading=\"lazy\" decoding=\"async\" class=\"aligncenter size-full wp-image-83143\" src=\"http:\/\/www.reconoce.mx\/wp-content\/uploads\/2019\/04\/auditorio-che-guevara-6.jpg\" alt=\"\" width=\"592\" height=\"288\" srcset=\"https:\/\/www.reconoce.mx\/wp-content\/uploads\/2019\/04\/auditorio-che-guevara-6.jpg 592w, https:\/\/www.reconoce.mx\/wp-content\/uploads\/2019\/04\/auditorio-che-guevara-6-300x146.jpg 300w, https:\/\/www.reconoce.mx\/wp-content\/uploads\/2019\/04\/auditorio-che-guevara-6-150x73.jpg 150w\" sizes=\"auto, (max-width: 592px) 100vw, 592px\" \/><\/a><br \/>\nAl salir del foro central, tom\u00e9 unas fotos m\u00e1s con las que ilustro este relato. Fuera del olor a marihuana y de las latas vac\u00edas ya descritas, no encontr\u00e9 la inmundicia que le\u00eda yo en medios de comunicaci\u00f3n sobre el lugar. Es verdad que no pas\u00e9 a la cocina ni a los ba\u00f1os, pero en la misma <strong>UNAM<\/strong> hay espacios que resultan m\u00e1s sucios que lo que observ\u00e9 en el Che Guevara -y ni hablar de los ba\u00f1os-. Inclusive el olor y las latas de cerveza son m\u00e1s visibles en los pasillos exteriores no ocupados por ning\u00fan colectivo, que en el propio Auditorio.<\/p>\n<p>Mi paso por el interior del<strong> Che Guevara<\/strong> fue muy breve, sin embargo, me result\u00f3 muy esclarecedor. Nunca antes hab\u00eda pisado un espacio estigmatizado que ahora s\u00e9 que puede ser solicitado por quien quiera hacer un buen uso de \u00e9l, como seguramente hicieron los chicos de quienes observ\u00e9 su espect\u00e1culo de tipo clown. Nadie me impidi\u00f3 el acceso, e inclusive nadie me impidi\u00f3 las fotos.<\/p>\n<p><a href=\"http:\/\/www.reconoce.mx\/wp-content\/uploads\/2019\/04\/auditorio-che-guevara-1.jpg\"><img loading=\"lazy\" decoding=\"async\" class=\"aligncenter size-full wp-image-83137\" src=\"http:\/\/www.reconoce.mx\/wp-content\/uploads\/2019\/04\/auditorio-che-guevara-1.jpg\" alt=\"\" width=\"592\" height=\"288\" srcset=\"https:\/\/www.reconoce.mx\/wp-content\/uploads\/2019\/04\/auditorio-che-guevara-1.jpg 592w, https:\/\/www.reconoce.mx\/wp-content\/uploads\/2019\/04\/auditorio-che-guevara-1-300x146.jpg 300w, https:\/\/www.reconoce.mx\/wp-content\/uploads\/2019\/04\/auditorio-che-guevara-1-150x73.jpg 150w\" sizes=\"auto, (max-width: 592px) 100vw, 592px\" \/><\/a><br \/>\nEs incre\u00edble el desconocimiento que muchos como yo, de la comunidad universitaria, tenemos de un sitio como el <strong>Che Guevara<\/strong>. En mi caso podr\u00eda argumentar que es por el poco tiempo semanal que paso en la Facultad, as\u00ed como por la brevedad de mis trayectos. Sin embargo, en realidad, yo dir\u00eda que es tambi\u00e9n producto de mi falta de inter\u00e9s. Nunca se me habr\u00eda ocurrido entrar al Auditorio, hasta que un amigo que vino del extranjero me lo pregunt\u00f3. \u00bfLa experiencia? Muy reveladora.<\/p>\n<p>El futuro del <strong>Auditorio Che Guevara<\/strong> es incierto. Lo que es cierto es su presente: un espacio liberado que ofrece actividades diversas para la comunidad de la que no se han distanciado.<\/p>\n<blockquote><p><a href=\"http:\/\/www.reconoce.mx\/wp-content\/uploads\/2016\/03\/968932_515227815190918_654397283_n-e1459260491114.jpg\" rel=\"lightbox[57474]\"><img loading=\"lazy\" decoding=\"async\" class=\"alignleft size-thumbnail wp-image-39872\" src=\"http:\/\/www.reconoce.mx\/wp-content\/uploads\/2016\/03\/968932_515227815190918_654397283_n-e1459260491114.jpg\" alt=\"IMG_5743\" width=\"150\" height=\"150\" \/><\/a><strong>Asfaltos<\/strong>. Sobrevivo en una ciudad junto a millones de personas. \u00bfMexique\u00f1o? Me enamoro r\u00e1pido y olvido dif\u00edcilmente. Amo la m\u00fasica, el cine, los c\u00f3mics, las mujeres y -\u00faltimamente gracias a los servicios de <em>streaming<\/em>\u2013 las series tambi\u00e9n. Vivo la vida a trav\u00e9s de letras y melod\u00edas. M\u00fasico frustrado. Me pueden encontrar escuchando U2, Radiohead y Coldplay; as\u00ed como Grand Funk Railroad, Styx y Eric Burdon; Chetes, Jumbo y Siddhartha; y hasta Jesse &amp; Joy, Silverio y Aleks Syntek. Batman y Star Wars mis pasiones; tambi\u00e9n el Cruz Azul, pero ya saben\u2026 subcampeon\u00edsimo. Sobreviviente y n\u00e1ufrago; ermita\u00f1o que odia la soledad.<\/p><\/blockquote>\n<p>&nbsp;<\/p>\n<p>&nbsp;<\/p>\n<\/div>\n","protected":false},"excerpt":{"rendered":"<p>Por Asfaltos. En los casi 9 a\u00f1os que llevo pisando la Facultad de Filosof\u00eda y Letras de la UNAM, nunca hab\u00eda entrado a uno de sus rincones m\u00e1s \u00abmisteriosos\u00bb. El Auditorio Justo Sierra, inaugurado en un ya muy lejano 1954 por el entonces rector Nabor Carrillo, fue testigo del paso de personalidades tan diversas como [&hellip;]<\/p>\n","protected":false},"author":2,"featured_media":83142,"comment_status":"open","ping_status":"open","sticky":false,"template":"","format":"standard","meta":{"footnotes":""},"categories":[16,2602,17],"tags":[],"class_list":["post-83132","post","type-post","status-publish","format-standard","has-post-thumbnail","hentry","category-columnistas","category-la-ballesta-de-mascatabaco","category-principal"],"yoast_head":"<!-- This site is optimized with the Yoast SEO plugin v24.7 - https:\/\/yoast.com\/wordpress\/plugins\/seo\/ -->\n<title>Mi primera vez en el Auditorio Che Guevara &#171; Reconoce MX<\/title>\n<meta name=\"robots\" content=\"index, follow, max-snippet:-1, max-image-preview:large, max-video-preview:-1\" \/>\n<link rel=\"canonical\" href=\"http:\/\/www.reconoce.mx\/?p=83132\" \/>\n<meta property=\"og:locale\" content=\"es_ES\" \/>\n<meta property=\"og:type\" content=\"article\" \/>\n<meta property=\"og:title\" content=\"Mi primera vez en el Auditorio Che Guevara &#171; Reconoce MX\" \/>\n<meta property=\"og:description\" content=\"Por Asfaltos. En los casi 9 a\u00f1os que llevo pisando la Facultad de Filosof\u00eda y Letras de la UNAM, nunca hab\u00eda entrado a uno de sus rincones m\u00e1s \u00abmisteriosos\u00bb. El Auditorio Justo Sierra, inaugurado en un ya muy lejano 1954 por el entonces rector Nabor Carrillo, fue testigo del paso de personalidades tan diversas como [&hellip;]\" \/>\n<meta property=\"og:url\" content=\"http:\/\/www.reconoce.mx\/?p=83132\" \/>\n<meta property=\"og:site_name\" content=\"Reconoce MX\" \/>\n<meta property=\"article:publisher\" content=\"https:\/\/es-la.facebook.com\/ReconoceMX\/\" \/>\n<meta property=\"article:published_time\" content=\"2019-04-29T05:03:37+00:00\" \/>\n<meta property=\"og:image\" content=\"http:\/\/www.reconoce.mx\/wp-content\/uploads\/2019\/04\/auditorio-che-guevara-cover.jpg\" \/>\n\t<meta property=\"og:image:width\" content=\"590\" \/>\n\t<meta property=\"og:image:height\" content=\"380\" \/>\n\t<meta property=\"og:image:type\" content=\"image\/jpeg\" \/>\n<meta name=\"author\" content=\"Reconoce MX\" \/>\n<meta name=\"twitter:card\" content=\"summary_large_image\" \/>\n<meta name=\"twitter:creator\" content=\"@reconocemx\" \/>\n<meta name=\"twitter:site\" content=\"@reconocemx\" \/>\n<meta name=\"twitter:label1\" content=\"Escrito por\" \/>\n\t<meta name=\"twitter:data1\" content=\"Reconoce MX\" \/>\n\t<meta name=\"twitter:label2\" content=\"Tiempo de lectura\" \/>\n\t<meta name=\"twitter:data2\" content=\"6 minutos\" \/>\n<script type=\"application\/ld+json\" class=\"yoast-schema-graph\">{\"@context\":\"https:\/\/schema.org\",\"@graph\":[{\"@type\":\"Article\",\"@id\":\"http:\/\/www.reconoce.mx\/?p=83132#article\",\"isPartOf\":{\"@id\":\"http:\/\/www.reconoce.mx\/?p=83132\"},\"author\":{\"name\":\"Reconoce MX\",\"@id\":\"http:\/\/www.reconoce.mx\/#\/schema\/person\/2117e997d7051dc15d6880eaf9bca0b2\"},\"headline\":\"Mi primera vez en el Auditorio Che Guevara\",\"datePublished\":\"2019-04-29T05:03:37+00:00\",\"mainEntityOfPage\":{\"@id\":\"http:\/\/www.reconoce.mx\/?p=83132\"},\"wordCount\":1255,\"commentCount\":0,\"publisher\":{\"@id\":\"http:\/\/www.reconoce.mx\/#organization\"},\"image\":{\"@id\":\"http:\/\/www.reconoce.mx\/?p=83132#primaryimage\"},\"thumbnailUrl\":\"https:\/\/www.reconoce.mx\/wp-content\/uploads\/2019\/04\/auditorio-che-guevara-cover.jpg\",\"articleSection\":[\"Columnistas\",\"La ballesta de Mascatabaco\",\"Principal\"],\"inLanguage\":\"es\",\"potentialAction\":[{\"@type\":\"CommentAction\",\"name\":\"Comment\",\"target\":[\"http:\/\/www.reconoce.mx\/?p=83132#respond\"]}]},{\"@type\":\"WebPage\",\"@id\":\"http:\/\/www.reconoce.mx\/?p=83132\",\"url\":\"http:\/\/www.reconoce.mx\/?p=83132\",\"name\":\"Mi primera vez en el Auditorio Che Guevara &#171; Reconoce MX\",\"isPartOf\":{\"@id\":\"http:\/\/www.reconoce.mx\/#website\"},\"primaryImageOfPage\":{\"@id\":\"http:\/\/www.reconoce.mx\/?p=83132#primaryimage\"},\"image\":{\"@id\":\"http:\/\/www.reconoce.mx\/?p=83132#primaryimage\"},\"thumbnailUrl\":\"https:\/\/www.reconoce.mx\/wp-content\/uploads\/2019\/04\/auditorio-che-guevara-cover.jpg\",\"datePublished\":\"2019-04-29T05:03:37+00:00\",\"breadcrumb\":{\"@id\":\"http:\/\/www.reconoce.mx\/?p=83132#breadcrumb\"},\"inLanguage\":\"es\",\"potentialAction\":[{\"@type\":\"ReadAction\",\"target\":[\"http:\/\/www.reconoce.mx\/?p=83132\"]}]},{\"@type\":\"ImageObject\",\"inLanguage\":\"es\",\"@id\":\"http:\/\/www.reconoce.mx\/?p=83132#primaryimage\",\"url\":\"https:\/\/www.reconoce.mx\/wp-content\/uploads\/2019\/04\/auditorio-che-guevara-cover.jpg\",\"contentUrl\":\"https:\/\/www.reconoce.mx\/wp-content\/uploads\/2019\/04\/auditorio-che-guevara-cover.jpg\",\"width\":590,\"height\":380},{\"@type\":\"BreadcrumbList\",\"@id\":\"http:\/\/www.reconoce.mx\/?p=83132#breadcrumb\",\"itemListElement\":[{\"@type\":\"ListItem\",\"position\":1,\"name\":\"Portada\",\"item\":\"http:\/\/www.reconoce.mx\/\"},{\"@type\":\"ListItem\",\"position\":2,\"name\":\"Mi primera vez en el Auditorio Che Guevara\"}]},{\"@type\":\"WebSite\",\"@id\":\"http:\/\/www.reconoce.mx\/#website\",\"url\":\"http:\/\/www.reconoce.mx\/\",\"name\":\"Reconoce MX\",\"description\":\"En Reconoce MX difundimos arte, cultura y conciencia social en M\u00e9xico. Tu ciudad en otra perspectiva.\",\"publisher\":{\"@id\":\"http:\/\/www.reconoce.mx\/#organization\"},\"potentialAction\":[{\"@type\":\"SearchAction\",\"target\":{\"@type\":\"EntryPoint\",\"urlTemplate\":\"http:\/\/www.reconoce.mx\/?s={search_term_string}\"},\"query-input\":{\"@type\":\"PropertyValueSpecification\",\"valueRequired\":true,\"valueName\":\"search_term_string\"}}],\"inLanguage\":\"es\"},{\"@type\":\"Organization\",\"@id\":\"http:\/\/www.reconoce.mx\/#organization\",\"name\":\"Reconoce MX\",\"url\":\"http:\/\/www.reconoce.mx\/\",\"logo\":{\"@type\":\"ImageObject\",\"inLanguage\":\"es\",\"@id\":\"http:\/\/www.reconoce.mx\/#\/schema\/logo\/image\/\",\"url\":\"https:\/\/www.reconoce.mx\/wp-content\/uploads\/2019\/03\/logorcmx-good-1.png\",\"contentUrl\":\"https:\/\/www.reconoce.mx\/wp-content\/uploads\/2019\/03\/logorcmx-good-1.png\",\"width\":280,\"height\":90,\"caption\":\"Reconoce MX\"},\"image\":{\"@id\":\"http:\/\/www.reconoce.mx\/#\/schema\/logo\/image\/\"},\"sameAs\":[\"https:\/\/es-la.facebook.com\/ReconoceMX\/\",\"https:\/\/x.com\/reconocemx\",\"http:\/\/@reconocemx\"]},{\"@type\":\"Person\",\"@id\":\"http:\/\/www.reconoce.mx\/#\/schema\/person\/2117e997d7051dc15d6880eaf9bca0b2\",\"name\":\"Reconoce MX\",\"image\":{\"@type\":\"ImageObject\",\"inLanguage\":\"es\",\"@id\":\"http:\/\/www.reconoce.mx\/#\/schema\/person\/image\/\",\"url\":\"https:\/\/secure.gravatar.com\/avatar\/6c8d4dc7569ca1c90c5fdcc349f839d5ddef6fe1e70b4337ead2ef1a4c43fc3a?s=96&d=identicon&r=g\",\"contentUrl\":\"https:\/\/secure.gravatar.com\/avatar\/6c8d4dc7569ca1c90c5fdcc349f839d5ddef6fe1e70b4337ead2ef1a4c43fc3a?s=96&d=identicon&r=g\",\"caption\":\"Reconoce MX\"},\"description\":\"Reconoce MX es un proyecto de difusi\u00f3n art\u00edstica, cultural y de conciencia social que est\u00e1 enfocado a difundir y fomentar el entretenimiento alternativo de calidad para todo el p\u00fablico que comparta el mismo entusiasmo.\",\"sameAs\":[\"http:\/\/www.reconoce.mx\"],\"url\":\"https:\/\/www.reconoce.mx\/?author=2\"}]}<\/script>\n<!-- \/ Yoast SEO plugin. -->","yoast_head_json":{"title":"Mi primera vez en el Auditorio Che Guevara &#171; Reconoce MX","robots":{"index":"index","follow":"follow","max-snippet":"max-snippet:-1","max-image-preview":"max-image-preview:large","max-video-preview":"max-video-preview:-1"},"canonical":"http:\/\/www.reconoce.mx\/?p=83132","og_locale":"es_ES","og_type":"article","og_title":"Mi primera vez en el Auditorio Che Guevara &#171; Reconoce MX","og_description":"Por Asfaltos. En los casi 9 a\u00f1os que llevo pisando la Facultad de Filosof\u00eda y Letras de la UNAM, nunca hab\u00eda entrado a uno de sus rincones m\u00e1s \u00abmisteriosos\u00bb. El Auditorio Justo Sierra, inaugurado en un ya muy lejano 1954 por el entonces rector Nabor Carrillo, fue testigo del paso de personalidades tan diversas como [&hellip;]","og_url":"http:\/\/www.reconoce.mx\/?p=83132","og_site_name":"Reconoce MX","article_publisher":"https:\/\/es-la.facebook.com\/ReconoceMX\/","article_published_time":"2019-04-29T05:03:37+00:00","og_image":[{"width":590,"height":380,"url":"http:\/\/www.reconoce.mx\/wp-content\/uploads\/2019\/04\/auditorio-che-guevara-cover.jpg","type":"image\/jpeg"}],"author":"Reconoce MX","twitter_card":"summary_large_image","twitter_creator":"@reconocemx","twitter_site":"@reconocemx","twitter_misc":{"Escrito por":"Reconoce MX","Tiempo de lectura":"6 minutos"},"schema":{"@context":"https:\/\/schema.org","@graph":[{"@type":"Article","@id":"http:\/\/www.reconoce.mx\/?p=83132#article","isPartOf":{"@id":"http:\/\/www.reconoce.mx\/?p=83132"},"author":{"name":"Reconoce MX","@id":"http:\/\/www.reconoce.mx\/#\/schema\/person\/2117e997d7051dc15d6880eaf9bca0b2"},"headline":"Mi primera vez en el Auditorio Che Guevara","datePublished":"2019-04-29T05:03:37+00:00","mainEntityOfPage":{"@id":"http:\/\/www.reconoce.mx\/?p=83132"},"wordCount":1255,"commentCount":0,"publisher":{"@id":"http:\/\/www.reconoce.mx\/#organization"},"image":{"@id":"http:\/\/www.reconoce.mx\/?p=83132#primaryimage"},"thumbnailUrl":"https:\/\/www.reconoce.mx\/wp-content\/uploads\/2019\/04\/auditorio-che-guevara-cover.jpg","articleSection":["Columnistas","La ballesta de Mascatabaco","Principal"],"inLanguage":"es","potentialAction":[{"@type":"CommentAction","name":"Comment","target":["http:\/\/www.reconoce.mx\/?p=83132#respond"]}]},{"@type":"WebPage","@id":"http:\/\/www.reconoce.mx\/?p=83132","url":"http:\/\/www.reconoce.mx\/?p=83132","name":"Mi primera vez en el Auditorio Che Guevara &#171; Reconoce MX","isPartOf":{"@id":"http:\/\/www.reconoce.mx\/#website"},"primaryImageOfPage":{"@id":"http:\/\/www.reconoce.mx\/?p=83132#primaryimage"},"image":{"@id":"http:\/\/www.reconoce.mx\/?p=83132#primaryimage"},"thumbnailUrl":"https:\/\/www.reconoce.mx\/wp-content\/uploads\/2019\/04\/auditorio-che-guevara-cover.jpg","datePublished":"2019-04-29T05:03:37+00:00","breadcrumb":{"@id":"http:\/\/www.reconoce.mx\/?p=83132#breadcrumb"},"inLanguage":"es","potentialAction":[{"@type":"ReadAction","target":["http:\/\/www.reconoce.mx\/?p=83132"]}]},{"@type":"ImageObject","inLanguage":"es","@id":"http:\/\/www.reconoce.mx\/?p=83132#primaryimage","url":"https:\/\/www.reconoce.mx\/wp-content\/uploads\/2019\/04\/auditorio-che-guevara-cover.jpg","contentUrl":"https:\/\/www.reconoce.mx\/wp-content\/uploads\/2019\/04\/auditorio-che-guevara-cover.jpg","width":590,"height":380},{"@type":"BreadcrumbList","@id":"http:\/\/www.reconoce.mx\/?p=83132#breadcrumb","itemListElement":[{"@type":"ListItem","position":1,"name":"Portada","item":"http:\/\/www.reconoce.mx\/"},{"@type":"ListItem","position":2,"name":"Mi primera vez en el Auditorio Che Guevara"}]},{"@type":"WebSite","@id":"http:\/\/www.reconoce.mx\/#website","url":"http:\/\/www.reconoce.mx\/","name":"Reconoce MX","description":"En Reconoce MX difundimos arte, cultura y conciencia social en M\u00e9xico. Tu ciudad en otra perspectiva.","publisher":{"@id":"http:\/\/www.reconoce.mx\/#organization"},"potentialAction":[{"@type":"SearchAction","target":{"@type":"EntryPoint","urlTemplate":"http:\/\/www.reconoce.mx\/?s={search_term_string}"},"query-input":{"@type":"PropertyValueSpecification","valueRequired":true,"valueName":"search_term_string"}}],"inLanguage":"es"},{"@type":"Organization","@id":"http:\/\/www.reconoce.mx\/#organization","name":"Reconoce MX","url":"http:\/\/www.reconoce.mx\/","logo":{"@type":"ImageObject","inLanguage":"es","@id":"http:\/\/www.reconoce.mx\/#\/schema\/logo\/image\/","url":"https:\/\/www.reconoce.mx\/wp-content\/uploads\/2019\/03\/logorcmx-good-1.png","contentUrl":"https:\/\/www.reconoce.mx\/wp-content\/uploads\/2019\/03\/logorcmx-good-1.png","width":280,"height":90,"caption":"Reconoce MX"},"image":{"@id":"http:\/\/www.reconoce.mx\/#\/schema\/logo\/image\/"},"sameAs":["https:\/\/es-la.facebook.com\/ReconoceMX\/","https:\/\/x.com\/reconocemx","http:\/\/@reconocemx"]},{"@type":"Person","@id":"http:\/\/www.reconoce.mx\/#\/schema\/person\/2117e997d7051dc15d6880eaf9bca0b2","name":"Reconoce MX","image":{"@type":"ImageObject","inLanguage":"es","@id":"http:\/\/www.reconoce.mx\/#\/schema\/person\/image\/","url":"https:\/\/secure.gravatar.com\/avatar\/6c8d4dc7569ca1c90c5fdcc349f839d5ddef6fe1e70b4337ead2ef1a4c43fc3a?s=96&d=identicon&r=g","contentUrl":"https:\/\/secure.gravatar.com\/avatar\/6c8d4dc7569ca1c90c5fdcc349f839d5ddef6fe1e70b4337ead2ef1a4c43fc3a?s=96&d=identicon&r=g","caption":"Reconoce MX"},"description":"Reconoce MX es un proyecto de difusi\u00f3n art\u00edstica, cultural y de conciencia social que est\u00e1 enfocado a difundir y fomentar el entretenimiento alternativo de calidad para todo el p\u00fablico que comparta el mismo entusiasmo.","sameAs":["http:\/\/www.reconoce.mx"],"url":"https:\/\/www.reconoce.mx\/?author=2"}]}},"_links":{"self":[{"href":"https:\/\/www.reconoce.mx\/index.php?rest_route=\/wp\/v2\/posts\/83132","targetHints":{"allow":["GET"]}}],"collection":[{"href":"https:\/\/www.reconoce.mx\/index.php?rest_route=\/wp\/v2\/posts"}],"about":[{"href":"https:\/\/www.reconoce.mx\/index.php?rest_route=\/wp\/v2\/types\/post"}],"author":[{"embeddable":true,"href":"https:\/\/www.reconoce.mx\/index.php?rest_route=\/wp\/v2\/users\/2"}],"replies":[{"embeddable":true,"href":"https:\/\/www.reconoce.mx\/index.php?rest_route=%2Fwp%2Fv2%2Fcomments&post=83132"}],"version-history":[{"count":5,"href":"https:\/\/www.reconoce.mx\/index.php?rest_route=\/wp\/v2\/posts\/83132\/revisions"}],"predecessor-version":[{"id":83145,"href":"https:\/\/www.reconoce.mx\/index.php?rest_route=\/wp\/v2\/posts\/83132\/revisions\/83145"}],"wp:featuredmedia":[{"embeddable":true,"href":"https:\/\/www.reconoce.mx\/index.php?rest_route=\/wp\/v2\/media\/83142"}],"wp:attachment":[{"href":"https:\/\/www.reconoce.mx\/index.php?rest_route=%2Fwp%2Fv2%2Fmedia&parent=83132"}],"wp:term":[{"taxonomy":"category","embeddable":true,"href":"https:\/\/www.reconoce.mx\/index.php?rest_route=%2Fwp%2Fv2%2Fcategories&post=83132"},{"taxonomy":"post_tag","embeddable":true,"href":"https:\/\/www.reconoce.mx\/index.php?rest_route=%2Fwp%2Fv2%2Ftags&post=83132"}],"curies":[{"name":"wp","href":"https:\/\/api.w.org\/{rel}","templated":true}]}}