{"id":83225,"date":"2019-05-10T00:02:50","date_gmt":"2019-05-10T05:02:50","guid":{"rendered":"http:\/\/www.reconoce.mx\/?p=83225"},"modified":"2019-05-10T10:11:48","modified_gmt":"2019-05-10T15:11:48","slug":"el-regreso-de-white-lies-a-ciudad-de-mexico","status":"publish","type":"post","link":"https:\/\/www.reconoce.mx\/?p=83225","title":{"rendered":"El regreso de White Lies a Ciudad de M\u00e9xico"},"content":{"rendered":"<p><strong>Por\u00a0<a href=\"https:\/\/twitter.com\/alice_freckles\" target=\"_blank\" rel=\"noopener noreferrer\">Alicia \u00c1vila Monroy<\/a>.<\/strong><\/p>\n<p>\u00bfCu\u00e1l es del show que m\u00e1s se acuerdan de <strong>White Lies<\/strong>? Creo que mi presentaci\u00f3n favorita es cuando vinieron a M\u00e9xico en 2011 al <strong>Sal\u00f3n Jos\u00e9 Cuervo<\/strong>, anteriormente conocido como Sal\u00f3n 21.<\/p>\n<p><a href=\"http:\/\/www.reconoce.mx\/wp-content\/uploads\/2019\/05\/WHITE_LIES_28X43.jpg\"><img loading=\"lazy\" decoding=\"async\" class=\"aligncenter size-full wp-image-83354\" src=\"http:\/\/www.reconoce.mx\/wp-content\/uploads\/2019\/05\/WHITE_LIES_28X43.jpg\" alt=\"\" width=\"794\" height=\"1219\" srcset=\"https:\/\/www.reconoce.mx\/wp-content\/uploads\/2019\/05\/WHITE_LIES_28X43.jpg 794w, https:\/\/www.reconoce.mx\/wp-content\/uploads\/2019\/05\/WHITE_LIES_28X43-195x300.jpg 195w, https:\/\/www.reconoce.mx\/wp-content\/uploads\/2019\/05\/WHITE_LIES_28X43-768x1179.jpg 768w, https:\/\/www.reconoce.mx\/wp-content\/uploads\/2019\/05\/WHITE_LIES_28X43-667x1024.jpg 667w, https:\/\/www.reconoce.mx\/wp-content\/uploads\/2019\/05\/WHITE_LIES_28X43-150x230.jpg 150w, https:\/\/www.reconoce.mx\/wp-content\/uploads\/2019\/05\/WHITE_LIES_28X43-700x1075.jpg 700w, https:\/\/www.reconoce.mx\/wp-content\/uploads\/2019\/05\/WHITE_LIES_28X43-658x1010.jpg 658w, https:\/\/www.reconoce.mx\/wp-content\/uploads\/2019\/05\/WHITE_LIES_28X43-300x461.jpg 300w\" sizes=\"auto, (max-width: 794px) 100vw, 794px\" \/><\/a><\/p>\n<p>La banda de post punk originaria de Earlin, Londres ha participado en reconocidos festivales a lo largo del mundo pasando por <strong>Rock Werchter<\/strong>, <strong>Coachella<\/strong> y <strong>Glastonbury<\/strong>, hasta <strong>Isle of Wight<\/strong>, <strong>Lollapalooza<\/strong> y <strong>Corona Capital<\/strong>.<\/p>\n<p>Bajo la influencia de bandas como Depeche Mode, Interpol y Editors, pero sobre todo muy cercana a <strong>Talking Heads<\/strong>, la agrupaci\u00f3n que inici\u00f3 en 2007 -creadores de \u201cToo Lose My Life\u201d- dejan ver y comparten una energ\u00eda de inicio a fin durante sus shows.<\/p>\n<p>Esta ocasi\u00f3n, Harry McVeigh, Charles Cave y Jack Lawrence-Brown visitan M\u00e9xico el pr\u00f3ximo 16 de mayo para hacer sonar en vivo por primera vez en <strong>El Plaza Condesa<\/strong> su \u00faltimo material, \u00abFIVE\u00bb, el cual sali\u00f3 a la venta desde inicios de este a\u00f1o. <a href=\"https:\/\/www.ticketmaster.com.mx\/white-lies-el-plaza-condesa-mexico-df\/venueartist\/164618\/1223198\" target=\"_blank\" rel=\"noopener noreferrer\">Boletos todav\u00eda a la venta<\/a>.<\/p>\n<p>&nbsp;<\/p>\n<p>&nbsp;<\/p>\n","protected":false},"excerpt":{"rendered":"<p>\u00bfCu\u00e1l es del show que m\u00e1s se acuerdan de White Lies? Creo que mi presentaci\u00f3n favorita es cuando vinieron a M\u00e9xico en 2011 al Sal\u00f3n Jos\u00e9 Cuervo, anteriormente conocido como Sal\u00f3n 21.<\/p>\n","protected":false},"author":5,"featured_media":83353,"comment_status":"open","ping_status":"open","sticky":false,"template":"","format":"standard","meta":{"footnotes":""},"categories":[1,18,17],"tags":[],"class_list":["post-83225","post","type-post","status-publish","format-standard","has-post-thumbnail","hentry","category-cultura","category-musica","category-principal"],"yoast_head":"<!-- This site is optimized with the Yoast SEO plugin v24.7 - https:\/\/yoast.com\/wordpress\/plugins\/seo\/ -->\n<title>El regreso de White Lies a Ciudad de M\u00e9xico &#171; Reconoce MX<\/title>\n<meta name=\"robots\" content=\"index, follow, max-snippet:-1, max-image-preview:large, max-video-preview:-1\" \/>\n<link rel=\"canonical\" href=\"https:\/\/www.reconoce.mx\/?p=83225\" \/>\n<meta property=\"og:locale\" content=\"es_ES\" \/>\n<meta property=\"og:type\" content=\"article\" \/>\n<meta property=\"og:title\" content=\"El regreso de White Lies a Ciudad de M\u00e9xico &#171; Reconoce MX\" \/>\n<meta property=\"og:description\" content=\"\u00bfCu\u00e1l es del show que m\u00e1s se acuerdan de White Lies? Creo que mi presentaci\u00f3n favorita es cuando vinieron a M\u00e9xico en 2011 al Sal\u00f3n Jos\u00e9 Cuervo, anteriormente conocido como Sal\u00f3n 21.\" \/>\n<meta property=\"og:url\" content=\"https:\/\/www.reconoce.mx\/?p=83225\" \/>\n<meta property=\"og:site_name\" content=\"Reconoce MX\" \/>\n<meta property=\"article:publisher\" content=\"https:\/\/es-la.facebook.com\/ReconoceMX\/\" \/>\n<meta property=\"article:published_time\" content=\"2019-05-10T05:02:50+00:00\" \/>\n<meta property=\"article:modified_time\" content=\"2019-05-10T15:11:48+00:00\" \/>\n<meta property=\"og:image\" content=\"https:\/\/www.reconoce.mx\/wp-content\/uploads\/2019\/05\/white-lies-mx.jpg\" \/>\n\t<meta property=\"og:image:width\" content=\"590\" \/>\n\t<meta property=\"og:image:height\" content=\"380\" \/>\n\t<meta property=\"og:image:type\" content=\"image\/jpeg\" \/>\n<meta name=\"author\" content=\"Alicia Avila\" \/>\n<meta name=\"twitter:card\" content=\"summary_large_image\" \/>\n<meta name=\"twitter:creator\" content=\"@reconocemx\" \/>\n<meta name=\"twitter:site\" content=\"@reconocemx\" \/>\n<meta name=\"twitter:label1\" content=\"Escrito por\" \/>\n\t<meta name=\"twitter:data1\" content=\"Alicia Avila\" \/>\n\t<meta name=\"twitter:label2\" content=\"Tiempo de lectura\" \/>\n\t<meta name=\"twitter:data2\" content=\"1 minuto\" \/>\n<script type=\"application\/ld+json\" class=\"yoast-schema-graph\">{\"@context\":\"https:\/\/schema.org\",\"@graph\":[{\"@type\":\"Article\",\"@id\":\"https:\/\/www.reconoce.mx\/?p=83225#article\",\"isPartOf\":{\"@id\":\"https:\/\/www.reconoce.mx\/?p=83225\"},\"author\":{\"name\":\"Alicia Avila\",\"@id\":\"http:\/\/www.reconoce.mx\/#\/schema\/person\/13140c419a0109493a28e609b5c2c027\"},\"headline\":\"El regreso de White Lies a Ciudad de M\u00e9xico\",\"datePublished\":\"2019-05-10T05:02:50+00:00\",\"dateModified\":\"2019-05-10T15:11:48+00:00\",\"mainEntityOfPage\":{\"@id\":\"https:\/\/www.reconoce.mx\/?p=83225\"},\"wordCount\":184,\"commentCount\":0,\"publisher\":{\"@id\":\"http:\/\/www.reconoce.mx\/#organization\"},\"image\":{\"@id\":\"https:\/\/www.reconoce.mx\/?p=83225#primaryimage\"},\"thumbnailUrl\":\"https:\/\/www.reconoce.mx\/wp-content\/uploads\/2019\/05\/white-lies-mx.jpg\",\"articleSection\":[\"Cultura\",\"M\u00fasica\",\"Principal\"],\"inLanguage\":\"es\",\"potentialAction\":[{\"@type\":\"CommentAction\",\"name\":\"Comment\",\"target\":[\"https:\/\/www.reconoce.mx\/?p=83225#respond\"]}]},{\"@type\":\"WebPage\",\"@id\":\"https:\/\/www.reconoce.mx\/?p=83225\",\"url\":\"https:\/\/www.reconoce.mx\/?p=83225\",\"name\":\"El regreso de White Lies a Ciudad de M\u00e9xico &#171; Reconoce MX\",\"isPartOf\":{\"@id\":\"http:\/\/www.reconoce.mx\/#website\"},\"primaryImageOfPage\":{\"@id\":\"https:\/\/www.reconoce.mx\/?p=83225#primaryimage\"},\"image\":{\"@id\":\"https:\/\/www.reconoce.mx\/?p=83225#primaryimage\"},\"thumbnailUrl\":\"https:\/\/www.reconoce.mx\/wp-content\/uploads\/2019\/05\/white-lies-mx.jpg\",\"datePublished\":\"2019-05-10T05:02:50+00:00\",\"dateModified\":\"2019-05-10T15:11:48+00:00\",\"breadcrumb\":{\"@id\":\"https:\/\/www.reconoce.mx\/?p=83225#breadcrumb\"},\"inLanguage\":\"es\",\"potentialAction\":[{\"@type\":\"ReadAction\",\"target\":[\"https:\/\/www.reconoce.mx\/?p=83225\"]}]},{\"@type\":\"ImageObject\",\"inLanguage\":\"es\",\"@id\":\"https:\/\/www.reconoce.mx\/?p=83225#primaryimage\",\"url\":\"https:\/\/www.reconoce.mx\/wp-content\/uploads\/2019\/05\/white-lies-mx.jpg\",\"contentUrl\":\"https:\/\/www.reconoce.mx\/wp-content\/uploads\/2019\/05\/white-lies-mx.jpg\",\"width\":590,\"height\":380},{\"@type\":\"BreadcrumbList\",\"@id\":\"https:\/\/www.reconoce.mx\/?p=83225#breadcrumb\",\"itemListElement\":[{\"@type\":\"ListItem\",\"position\":1,\"name\":\"Portada\",\"item\":\"http:\/\/www.reconoce.mx\/\"},{\"@type\":\"ListItem\",\"position\":2,\"name\":\"El regreso de White Lies a Ciudad de M\u00e9xico\"}]},{\"@type\":\"WebSite\",\"@id\":\"http:\/\/www.reconoce.mx\/#website\",\"url\":\"http:\/\/www.reconoce.mx\/\",\"name\":\"Reconoce MX\",\"description\":\"En Reconoce MX difundimos arte, cultura y conciencia social en M\u00e9xico. Tu ciudad en otra perspectiva.\",\"publisher\":{\"@id\":\"http:\/\/www.reconoce.mx\/#organization\"},\"potentialAction\":[{\"@type\":\"SearchAction\",\"target\":{\"@type\":\"EntryPoint\",\"urlTemplate\":\"http:\/\/www.reconoce.mx\/?s={search_term_string}\"},\"query-input\":{\"@type\":\"PropertyValueSpecification\",\"valueRequired\":true,\"valueName\":\"search_term_string\"}}],\"inLanguage\":\"es\"},{\"@type\":\"Organization\",\"@id\":\"http:\/\/www.reconoce.mx\/#organization\",\"name\":\"Reconoce MX\",\"url\":\"http:\/\/www.reconoce.mx\/\",\"logo\":{\"@type\":\"ImageObject\",\"inLanguage\":\"es\",\"@id\":\"http:\/\/www.reconoce.mx\/#\/schema\/logo\/image\/\",\"url\":\"https:\/\/www.reconoce.mx\/wp-content\/uploads\/2019\/03\/logorcmx-good-1.png\",\"contentUrl\":\"https:\/\/www.reconoce.mx\/wp-content\/uploads\/2019\/03\/logorcmx-good-1.png\",\"width\":280,\"height\":90,\"caption\":\"Reconoce MX\"},\"image\":{\"@id\":\"http:\/\/www.reconoce.mx\/#\/schema\/logo\/image\/\"},\"sameAs\":[\"https:\/\/es-la.facebook.com\/ReconoceMX\/\",\"https:\/\/x.com\/reconocemx\",\"http:\/\/@reconocemx\"]},{\"@type\":\"Person\",\"@id\":\"http:\/\/www.reconoce.mx\/#\/schema\/person\/13140c419a0109493a28e609b5c2c027\",\"name\":\"Alicia Avila\",\"image\":{\"@type\":\"ImageObject\",\"inLanguage\":\"es\",\"@id\":\"http:\/\/www.reconoce.mx\/#\/schema\/person\/image\/\",\"url\":\"https:\/\/secure.gravatar.com\/avatar\/a3fee4f62440f99c279011988c0f31e8facd4737f434d902b4e177fe7c3ef931?s=96&d=identicon&r=g\",\"contentUrl\":\"https:\/\/secure.gravatar.com\/avatar\/a3fee4f62440f99c279011988c0f31e8facd4737f434d902b4e177fe7c3ef931?s=96&d=identicon&r=g\",\"caption\":\"Alicia Avila\"},\"url\":\"https:\/\/www.reconoce.mx\/?author=5\"}]}<\/script>\n<!-- \/ Yoast SEO plugin. -->","yoast_head_json":{"title":"El regreso de White Lies a Ciudad de M\u00e9xico &#171; Reconoce MX","robots":{"index":"index","follow":"follow","max-snippet":"max-snippet:-1","max-image-preview":"max-image-preview:large","max-video-preview":"max-video-preview:-1"},"canonical":"https:\/\/www.reconoce.mx\/?p=83225","og_locale":"es_ES","og_type":"article","og_title":"El regreso de White Lies a Ciudad de M\u00e9xico &#171; Reconoce MX","og_description":"\u00bfCu\u00e1l es del show que m\u00e1s se acuerdan de White Lies? Creo que mi presentaci\u00f3n favorita es cuando vinieron a M\u00e9xico en 2011 al Sal\u00f3n Jos\u00e9 Cuervo, anteriormente conocido como Sal\u00f3n 21.","og_url":"https:\/\/www.reconoce.mx\/?p=83225","og_site_name":"Reconoce MX","article_publisher":"https:\/\/es-la.facebook.com\/ReconoceMX\/","article_published_time":"2019-05-10T05:02:50+00:00","article_modified_time":"2019-05-10T15:11:48+00:00","og_image":[{"width":590,"height":380,"url":"https:\/\/www.reconoce.mx\/wp-content\/uploads\/2019\/05\/white-lies-mx.jpg","type":"image\/jpeg"}],"author":"Alicia Avila","twitter_card":"summary_large_image","twitter_creator":"@reconocemx","twitter_site":"@reconocemx","twitter_misc":{"Escrito por":"Alicia Avila","Tiempo de lectura":"1 minuto"},"schema":{"@context":"https:\/\/schema.org","@graph":[{"@type":"Article","@id":"https:\/\/www.reconoce.mx\/?p=83225#article","isPartOf":{"@id":"https:\/\/www.reconoce.mx\/?p=83225"},"author":{"name":"Alicia Avila","@id":"http:\/\/www.reconoce.mx\/#\/schema\/person\/13140c419a0109493a28e609b5c2c027"},"headline":"El regreso de White Lies a Ciudad de M\u00e9xico","datePublished":"2019-05-10T05:02:50+00:00","dateModified":"2019-05-10T15:11:48+00:00","mainEntityOfPage":{"@id":"https:\/\/www.reconoce.mx\/?p=83225"},"wordCount":184,"commentCount":0,"publisher":{"@id":"http:\/\/www.reconoce.mx\/#organization"},"image":{"@id":"https:\/\/www.reconoce.mx\/?p=83225#primaryimage"},"thumbnailUrl":"https:\/\/www.reconoce.mx\/wp-content\/uploads\/2019\/05\/white-lies-mx.jpg","articleSection":["Cultura","M\u00fasica","Principal"],"inLanguage":"es","potentialAction":[{"@type":"CommentAction","name":"Comment","target":["https:\/\/www.reconoce.mx\/?p=83225#respond"]}]},{"@type":"WebPage","@id":"https:\/\/www.reconoce.mx\/?p=83225","url":"https:\/\/www.reconoce.mx\/?p=83225","name":"El regreso de White Lies a Ciudad de M\u00e9xico &#171; Reconoce MX","isPartOf":{"@id":"http:\/\/www.reconoce.mx\/#website"},"primaryImageOfPage":{"@id":"https:\/\/www.reconoce.mx\/?p=83225#primaryimage"},"image":{"@id":"https:\/\/www.reconoce.mx\/?p=83225#primaryimage"},"thumbnailUrl":"https:\/\/www.reconoce.mx\/wp-content\/uploads\/2019\/05\/white-lies-mx.jpg","datePublished":"2019-05-10T05:02:50+00:00","dateModified":"2019-05-10T15:11:48+00:00","breadcrumb":{"@id":"https:\/\/www.reconoce.mx\/?p=83225#breadcrumb"},"inLanguage":"es","potentialAction":[{"@type":"ReadAction","target":["https:\/\/www.reconoce.mx\/?p=83225"]}]},{"@type":"ImageObject","inLanguage":"es","@id":"https:\/\/www.reconoce.mx\/?p=83225#primaryimage","url":"https:\/\/www.reconoce.mx\/wp-content\/uploads\/2019\/05\/white-lies-mx.jpg","contentUrl":"https:\/\/www.reconoce.mx\/wp-content\/uploads\/2019\/05\/white-lies-mx.jpg","width":590,"height":380},{"@type":"BreadcrumbList","@id":"https:\/\/www.reconoce.mx\/?p=83225#breadcrumb","itemListElement":[{"@type":"ListItem","position":1,"name":"Portada","item":"http:\/\/www.reconoce.mx\/"},{"@type":"ListItem","position":2,"name":"El regreso de White Lies a Ciudad de M\u00e9xico"}]},{"@type":"WebSite","@id":"http:\/\/www.reconoce.mx\/#website","url":"http:\/\/www.reconoce.mx\/","name":"Reconoce MX","description":"En Reconoce MX difundimos arte, cultura y conciencia social en M\u00e9xico. Tu ciudad en otra perspectiva.","publisher":{"@id":"http:\/\/www.reconoce.mx\/#organization"},"potentialAction":[{"@type":"SearchAction","target":{"@type":"EntryPoint","urlTemplate":"http:\/\/www.reconoce.mx\/?s={search_term_string}"},"query-input":{"@type":"PropertyValueSpecification","valueRequired":true,"valueName":"search_term_string"}}],"inLanguage":"es"},{"@type":"Organization","@id":"http:\/\/www.reconoce.mx\/#organization","name":"Reconoce MX","url":"http:\/\/www.reconoce.mx\/","logo":{"@type":"ImageObject","inLanguage":"es","@id":"http:\/\/www.reconoce.mx\/#\/schema\/logo\/image\/","url":"https:\/\/www.reconoce.mx\/wp-content\/uploads\/2019\/03\/logorcmx-good-1.png","contentUrl":"https:\/\/www.reconoce.mx\/wp-content\/uploads\/2019\/03\/logorcmx-good-1.png","width":280,"height":90,"caption":"Reconoce MX"},"image":{"@id":"http:\/\/www.reconoce.mx\/#\/schema\/logo\/image\/"},"sameAs":["https:\/\/es-la.facebook.com\/ReconoceMX\/","https:\/\/x.com\/reconocemx","http:\/\/@reconocemx"]},{"@type":"Person","@id":"http:\/\/www.reconoce.mx\/#\/schema\/person\/13140c419a0109493a28e609b5c2c027","name":"Alicia Avila","image":{"@type":"ImageObject","inLanguage":"es","@id":"http:\/\/www.reconoce.mx\/#\/schema\/person\/image\/","url":"https:\/\/secure.gravatar.com\/avatar\/a3fee4f62440f99c279011988c0f31e8facd4737f434d902b4e177fe7c3ef931?s=96&d=identicon&r=g","contentUrl":"https:\/\/secure.gravatar.com\/avatar\/a3fee4f62440f99c279011988c0f31e8facd4737f434d902b4e177fe7c3ef931?s=96&d=identicon&r=g","caption":"Alicia Avila"},"url":"https:\/\/www.reconoce.mx\/?author=5"}]}},"_links":{"self":[{"href":"https:\/\/www.reconoce.mx\/index.php?rest_route=\/wp\/v2\/posts\/83225","targetHints":{"allow":["GET"]}}],"collection":[{"href":"https:\/\/www.reconoce.mx\/index.php?rest_route=\/wp\/v2\/posts"}],"about":[{"href":"https:\/\/www.reconoce.mx\/index.php?rest_route=\/wp\/v2\/types\/post"}],"author":[{"embeddable":true,"href":"https:\/\/www.reconoce.mx\/index.php?rest_route=\/wp\/v2\/users\/5"}],"replies":[{"embeddable":true,"href":"https:\/\/www.reconoce.mx\/index.php?rest_route=%2Fwp%2Fv2%2Fcomments&post=83225"}],"version-history":[{"count":5,"href":"https:\/\/www.reconoce.mx\/index.php?rest_route=\/wp\/v2\/posts\/83225\/revisions"}],"predecessor-version":[{"id":83350,"href":"https:\/\/www.reconoce.mx\/index.php?rest_route=\/wp\/v2\/posts\/83225\/revisions\/83350"}],"wp:featuredmedia":[{"embeddable":true,"href":"https:\/\/www.reconoce.mx\/index.php?rest_route=\/wp\/v2\/media\/83353"}],"wp:attachment":[{"href":"https:\/\/www.reconoce.mx\/index.php?rest_route=%2Fwp%2Fv2%2Fmedia&parent=83225"}],"wp:term":[{"taxonomy":"category","embeddable":true,"href":"https:\/\/www.reconoce.mx\/index.php?rest_route=%2Fwp%2Fv2%2Fcategories&post=83225"},{"taxonomy":"post_tag","embeddable":true,"href":"https:\/\/www.reconoce.mx\/index.php?rest_route=%2Fwp%2Fv2%2Ftags&post=83225"}],"curies":[{"name":"wp","href":"https:\/\/api.w.org\/{rel}","templated":true}]}}