{"id":83356,"date":"2019-05-10T00:03:20","date_gmt":"2019-05-10T05:03:20","guid":{"rendered":"http:\/\/www.reconoce.mx\/?p=83356"},"modified":"2019-05-10T13:15:03","modified_gmt":"2019-05-10T18:15:03","slug":"rumbo-al-festivalmarvin-2019-mar-abreu","status":"publish","type":"post","link":"https:\/\/www.reconoce.mx\/?p=83356","title":{"rendered":"Rumbo al #FestivalMarvin 2019: Mar Abreu"},"content":{"rendered":"<p><strong>Texto y fotos por <a href=\"https:\/\/twitter.com\/halexxz\" target=\"_blank\" rel=\"noopener noreferrer\">Alejandra Alavez Garc\u00eda<\/a><\/strong>.<\/p>\n<p>Platicamos con parte del talento femenino que estar\u00e1 presente en la novena edici\u00f3n del <strong>Festival Marvin<\/strong>; platicamos con <strong>Mar Abreu<\/strong> y esto fue lo que nos coment\u00f3.<\/p>\n<p><img loading=\"lazy\" decoding=\"async\" class=\"alignnone size-full\" src=\"https:\/\/live.staticflickr.com\/65535\/47029923814_fa48b0ccf0_b.jpg\" width=\"1024\" height=\"683\" \/><\/p>\n<p><span style=\"color: #0aa650;\"><strong>Mar Abreu<\/strong><\/span>: \u00a1Hola! Yo soy <strong>Mar Abreu<\/strong>, y aqu\u00ed a mi lado tengo a Art (Arturo) Manrique, quien es el productor de este proyecto.<\/p>\n<p><span style=\"color: #a61f25;\"><strong>Reconoce MX<\/strong><\/span>: \u00bfC\u00f3mo nace <strong>Mar Abreu<\/strong>?<\/p>\n<p><strong><span style=\"color: #0aa650;\">MA<\/span><\/strong>: Pues yo, hace un par de a\u00f1os escrib\u00ed una canci\u00f3n cuando estaba valiendo verga por la vida. La empec\u00e9 a tocar en mi piano, Art la escuch\u00f3 y decidimos producirla juntos; sali\u00f3 incre\u00edble. A partir de ah\u00ed m\u00e1s gente nos empez\u00f3 a buscar para ver qu\u00e9 m\u00e1s hab\u00eda (y no hab\u00eda nada), entonces todos empezaron a preguntar y quer\u00edan escuchar m\u00e1s. Gente quer\u00eda que toc\u00e1ramos en bares.<\/p>\n<p><strong><span style=\"color: #0aa650;\">Art Manrique<\/span><\/strong>: La canci\u00f3n se llama \u201cPa&#8217;l mar\u201d y pueden encontrarla en YouTube. A partir de ah\u00ed naci\u00f3 la magia y empezamos hacer un disco.<\/p>\n<style>.embed-container { position: relative; padding-bottom: 56.25%; height: 0; overflow: hidden; max-width: 100%; } .embed-container iframe, .embed-container object, .embed-container embed { position: absolute; top: 0; left: 0; width: 100%; height: 100%; }<\/style>\n<div class='embed-container'><iframe src='https:\/\/www.youtube.com\/embed\/VPnYTc6e4no' frameborder='0' allowfullscreen><\/iframe><\/div>\n<p>&nbsp;<\/p>\n<p><strong><span style=\"color: #a61f25;\">RCMX<\/span><\/strong>: \u00bfCu\u00e1les son sus influencias?<\/p>\n<p><strong><span style=\"color: #0aa650;\">MA<\/span><\/strong>: Muchas, la verdad. Mi m\u00fasica favorita es el rock psicod\u00e9lico y el rock cl\u00e1sico de los 60 y 70, eso ha sido una gran influencia, tal vez no se note tanto en nuestra m\u00fasica, pero s\u00ed hay ah\u00ed algunas l\u00edneas. Como artistas en general, tenemos muchos g\u00e9neros mesclados en nuestra m\u00fasica, tenemos mucho reggae, hip-hop, pop, algunas bases de reggaet\u00f3n, trap, un poco de rock psicod\u00e9lico para no olvidar nuestras ra\u00edces, etc.<\/p>\n<p><strong><span style=\"color: #a61f25;\">RCMX<\/span><\/strong>: \u00bfCu\u00e1l es tu inspiraci\u00f3n para las letras?<\/p>\n<p><strong><span style=\"color: #0aa650;\">MA<\/span><\/strong>: Para las letras (que es lo que yo hago), b\u00e1sicamente en mi vida, en todas las experiencias que tengo y lo que me est\u00e9 pasando en ese momento. Yo uso la m\u00fasica como una terapia psicol\u00f3gica, entonces, si yo estoy sintiendo algo adentro que me est\u00e9 matando lo saco y lo hago canci\u00f3n, y eso me libera de formas maravillosas.<\/p>\n<p><strong><span style=\"color: #a61f25;\">RCMX<\/span><\/strong>: \u00bfC\u00f3mo te sientes de formar parte del Festival Marvin?<\/p>\n<p><span style=\"color: #0aa650;\"><strong>MA<\/strong><\/span>: Es muy hermoso. La verdad estamos muy agradecidos, tambi\u00e9n muy sorprendidos porque somos una banda que realmente lleva muy poco tiempo, y que nos hayan invitado a tocar en un festival tan grande y tan lleno de talento con un formato que nos encanta, estamos extasiados.<\/p>\n<p><span style=\"color: #0aa650;\"><strong>AM<\/strong><\/span>: Est\u00e1 incre\u00edble, hay mucha difusi\u00f3n. Es un festival muy bueno, para ahora que estamos empezando, darnos a conocer y poder tener m\u00e1s interacci\u00f3n con la gente.<\/p>\n<p><strong><span style=\"color: #a61f25;\">RCMX<\/span><\/strong>: \u00bfQu\u00e9 nos tiene preparado Mar Abreu para el festival?<\/p>\n<p><strong><span style=\"color: #0aa650;\">MA<\/span><\/strong>: Es una sorpresa, no les puedo decir mucho pero, estar\u00e1 muy bueno el show, \u00a1les va a gustar!<\/p>\n<p><strong>Mar Abreu<\/strong> se presentar\u00e1 en el marco del <strong>Festival Marvin<\/strong> 9a edici\u00f3n que se celebrar\u00e1 los d\u00edas 16, 17 y 18 de mayo de 2019 en el <strong>Circuito Condesa-Roma<\/strong> de Ciudad de M\u00e9xico. Para m\u00e1s informaci\u00f3n consulta el <a href=\"http:\/\/festival.marvin.com.mx\/\" target=\"_blank\" rel=\"noopener noreferrer\">sitio oficial<\/a>.<\/p>\n<p>&nbsp;<\/p>\n<p>&nbsp;<\/p>\n","protected":false},"excerpt":{"rendered":"<p>Platicamos con parte del talento femenino que estar\u00e1 presente en la novena edici\u00f3n del Festival Marvin; platicamos con Mar Abreu y esto fue lo que nos coment\u00f3.<\/p>\n","protected":false},"author":2,"featured_media":83358,"comment_status":"open","ping_status":"open","sticky":false,"template":"","format":"standard","meta":{"footnotes":""},"categories":[17],"tags":[],"class_list":["post-83356","post","type-post","status-publish","format-standard","has-post-thumbnail","hentry","category-principal"],"yoast_head":"<!-- This site is optimized with the Yoast SEO plugin v24.7 - https:\/\/yoast.com\/wordpress\/plugins\/seo\/ -->\n<title>Rumbo al #FestivalMarvin 2019: Mar Abreu &#171; Reconoce MX<\/title>\n<meta name=\"robots\" content=\"index, follow, max-snippet:-1, max-image-preview:large, max-video-preview:-1\" \/>\n<link rel=\"canonical\" href=\"https:\/\/www.reconoce.mx\/?p=83356\" \/>\n<meta property=\"og:locale\" content=\"es_ES\" \/>\n<meta property=\"og:type\" content=\"article\" \/>\n<meta property=\"og:title\" content=\"Rumbo al #FestivalMarvin 2019: Mar Abreu &#171; Reconoce MX\" \/>\n<meta property=\"og:description\" content=\"Platicamos con parte del talento femenino que estar\u00e1 presente en la novena edici\u00f3n del Festival Marvin; platicamos con Mar Abreu y esto fue lo que nos coment\u00f3.\" \/>\n<meta property=\"og:url\" content=\"https:\/\/www.reconoce.mx\/?p=83356\" \/>\n<meta property=\"og:site_name\" content=\"Reconoce MX\" \/>\n<meta property=\"article:publisher\" content=\"https:\/\/es-la.facebook.com\/ReconoceMX\/\" \/>\n<meta property=\"article:published_time\" content=\"2019-05-10T05:03:20+00:00\" \/>\n<meta property=\"article:modified_time\" content=\"2019-05-10T18:15:03+00:00\" \/>\n<meta property=\"og:image\" content=\"https:\/\/www.reconoce.mx\/wp-content\/uploads\/2019\/05\/mar-abreu-cover.jpg\" \/>\n\t<meta property=\"og:image:width\" content=\"590\" \/>\n\t<meta property=\"og:image:height\" content=\"380\" \/>\n\t<meta property=\"og:image:type\" content=\"image\/jpeg\" \/>\n<meta name=\"author\" content=\"Reconoce MX\" \/>\n<meta name=\"twitter:card\" content=\"summary_large_image\" \/>\n<meta name=\"twitter:creator\" content=\"@reconocemx\" \/>\n<meta name=\"twitter:site\" content=\"@reconocemx\" \/>\n<meta name=\"twitter:label1\" content=\"Escrito por\" \/>\n\t<meta name=\"twitter:data1\" content=\"Reconoce MX\" \/>\n\t<meta name=\"twitter:label2\" content=\"Tiempo de lectura\" \/>\n\t<meta name=\"twitter:data2\" content=\"2 minutos\" \/>\n<script type=\"application\/ld+json\" class=\"yoast-schema-graph\">{\"@context\":\"https:\/\/schema.org\",\"@graph\":[{\"@type\":\"Article\",\"@id\":\"https:\/\/www.reconoce.mx\/?p=83356#article\",\"isPartOf\":{\"@id\":\"https:\/\/www.reconoce.mx\/?p=83356\"},\"author\":{\"name\":\"Reconoce MX\",\"@id\":\"http:\/\/www.reconoce.mx\/#\/schema\/person\/2117e997d7051dc15d6880eaf9bca0b2\"},\"headline\":\"Rumbo al #FestivalMarvin 2019: Mar Abreu\",\"datePublished\":\"2019-05-10T05:03:20+00:00\",\"dateModified\":\"2019-05-10T18:15:03+00:00\",\"mainEntityOfPage\":{\"@id\":\"https:\/\/www.reconoce.mx\/?p=83356\"},\"wordCount\":502,\"commentCount\":0,\"publisher\":{\"@id\":\"http:\/\/www.reconoce.mx\/#organization\"},\"image\":{\"@id\":\"https:\/\/www.reconoce.mx\/?p=83356#primaryimage\"},\"thumbnailUrl\":\"https:\/\/www.reconoce.mx\/wp-content\/uploads\/2019\/05\/mar-abreu-cover.jpg\",\"articleSection\":[\"Principal\"],\"inLanguage\":\"es\",\"potentialAction\":[{\"@type\":\"CommentAction\",\"name\":\"Comment\",\"target\":[\"https:\/\/www.reconoce.mx\/?p=83356#respond\"]}]},{\"@type\":\"WebPage\",\"@id\":\"https:\/\/www.reconoce.mx\/?p=83356\",\"url\":\"https:\/\/www.reconoce.mx\/?p=83356\",\"name\":\"Rumbo al #FestivalMarvin 2019: Mar Abreu &#171; Reconoce MX\",\"isPartOf\":{\"@id\":\"http:\/\/www.reconoce.mx\/#website\"},\"primaryImageOfPage\":{\"@id\":\"https:\/\/www.reconoce.mx\/?p=83356#primaryimage\"},\"image\":{\"@id\":\"https:\/\/www.reconoce.mx\/?p=83356#primaryimage\"},\"thumbnailUrl\":\"https:\/\/www.reconoce.mx\/wp-content\/uploads\/2019\/05\/mar-abreu-cover.jpg\",\"datePublished\":\"2019-05-10T05:03:20+00:00\",\"dateModified\":\"2019-05-10T18:15:03+00:00\",\"breadcrumb\":{\"@id\":\"https:\/\/www.reconoce.mx\/?p=83356#breadcrumb\"},\"inLanguage\":\"es\",\"potentialAction\":[{\"@type\":\"ReadAction\",\"target\":[\"https:\/\/www.reconoce.mx\/?p=83356\"]}]},{\"@type\":\"ImageObject\",\"inLanguage\":\"es\",\"@id\":\"https:\/\/www.reconoce.mx\/?p=83356#primaryimage\",\"url\":\"https:\/\/www.reconoce.mx\/wp-content\/uploads\/2019\/05\/mar-abreu-cover.jpg\",\"contentUrl\":\"https:\/\/www.reconoce.mx\/wp-content\/uploads\/2019\/05\/mar-abreu-cover.jpg\",\"width\":590,\"height\":380},{\"@type\":\"BreadcrumbList\",\"@id\":\"https:\/\/www.reconoce.mx\/?p=83356#breadcrumb\",\"itemListElement\":[{\"@type\":\"ListItem\",\"position\":1,\"name\":\"Portada\",\"item\":\"http:\/\/www.reconoce.mx\/\"},{\"@type\":\"ListItem\",\"position\":2,\"name\":\"Rumbo al #FestivalMarvin 2019: Mar Abreu\"}]},{\"@type\":\"WebSite\",\"@id\":\"http:\/\/www.reconoce.mx\/#website\",\"url\":\"http:\/\/www.reconoce.mx\/\",\"name\":\"Reconoce MX\",\"description\":\"En Reconoce MX difundimos arte, cultura y conciencia social en M\u00e9xico. Tu ciudad en otra perspectiva.\",\"publisher\":{\"@id\":\"http:\/\/www.reconoce.mx\/#organization\"},\"potentialAction\":[{\"@type\":\"SearchAction\",\"target\":{\"@type\":\"EntryPoint\",\"urlTemplate\":\"http:\/\/www.reconoce.mx\/?s={search_term_string}\"},\"query-input\":{\"@type\":\"PropertyValueSpecification\",\"valueRequired\":true,\"valueName\":\"search_term_string\"}}],\"inLanguage\":\"es\"},{\"@type\":\"Organization\",\"@id\":\"http:\/\/www.reconoce.mx\/#organization\",\"name\":\"Reconoce MX\",\"url\":\"http:\/\/www.reconoce.mx\/\",\"logo\":{\"@type\":\"ImageObject\",\"inLanguage\":\"es\",\"@id\":\"http:\/\/www.reconoce.mx\/#\/schema\/logo\/image\/\",\"url\":\"https:\/\/www.reconoce.mx\/wp-content\/uploads\/2019\/03\/logorcmx-good-1.png\",\"contentUrl\":\"https:\/\/www.reconoce.mx\/wp-content\/uploads\/2019\/03\/logorcmx-good-1.png\",\"width\":280,\"height\":90,\"caption\":\"Reconoce MX\"},\"image\":{\"@id\":\"http:\/\/www.reconoce.mx\/#\/schema\/logo\/image\/\"},\"sameAs\":[\"https:\/\/es-la.facebook.com\/ReconoceMX\/\",\"https:\/\/x.com\/reconocemx\",\"http:\/\/@reconocemx\"]},{\"@type\":\"Person\",\"@id\":\"http:\/\/www.reconoce.mx\/#\/schema\/person\/2117e997d7051dc15d6880eaf9bca0b2\",\"name\":\"Reconoce MX\",\"image\":{\"@type\":\"ImageObject\",\"inLanguage\":\"es\",\"@id\":\"http:\/\/www.reconoce.mx\/#\/schema\/person\/image\/\",\"url\":\"https:\/\/secure.gravatar.com\/avatar\/6c8d4dc7569ca1c90c5fdcc349f839d5ddef6fe1e70b4337ead2ef1a4c43fc3a?s=96&d=identicon&r=g\",\"contentUrl\":\"https:\/\/secure.gravatar.com\/avatar\/6c8d4dc7569ca1c90c5fdcc349f839d5ddef6fe1e70b4337ead2ef1a4c43fc3a?s=96&d=identicon&r=g\",\"caption\":\"Reconoce MX\"},\"description\":\"Reconoce MX es un proyecto de difusi\u00f3n art\u00edstica, cultural y de conciencia social que est\u00e1 enfocado a difundir y fomentar el entretenimiento alternativo de calidad para todo el p\u00fablico que comparta el mismo entusiasmo.\",\"sameAs\":[\"http:\/\/www.reconoce.mx\"],\"url\":\"https:\/\/www.reconoce.mx\/?author=2\"}]}<\/script>\n<!-- \/ Yoast SEO plugin. -->","yoast_head_json":{"title":"Rumbo al #FestivalMarvin 2019: Mar Abreu &#171; Reconoce MX","robots":{"index":"index","follow":"follow","max-snippet":"max-snippet:-1","max-image-preview":"max-image-preview:large","max-video-preview":"max-video-preview:-1"},"canonical":"https:\/\/www.reconoce.mx\/?p=83356","og_locale":"es_ES","og_type":"article","og_title":"Rumbo al #FestivalMarvin 2019: Mar Abreu &#171; Reconoce MX","og_description":"Platicamos con parte del talento femenino que estar\u00e1 presente en la novena edici\u00f3n del Festival Marvin; platicamos con Mar Abreu y esto fue lo que nos coment\u00f3.","og_url":"https:\/\/www.reconoce.mx\/?p=83356","og_site_name":"Reconoce MX","article_publisher":"https:\/\/es-la.facebook.com\/ReconoceMX\/","article_published_time":"2019-05-10T05:03:20+00:00","article_modified_time":"2019-05-10T18:15:03+00:00","og_image":[{"width":590,"height":380,"url":"https:\/\/www.reconoce.mx\/wp-content\/uploads\/2019\/05\/mar-abreu-cover.jpg","type":"image\/jpeg"}],"author":"Reconoce MX","twitter_card":"summary_large_image","twitter_creator":"@reconocemx","twitter_site":"@reconocemx","twitter_misc":{"Escrito por":"Reconoce MX","Tiempo de lectura":"2 minutos"},"schema":{"@context":"https:\/\/schema.org","@graph":[{"@type":"Article","@id":"https:\/\/www.reconoce.mx\/?p=83356#article","isPartOf":{"@id":"https:\/\/www.reconoce.mx\/?p=83356"},"author":{"name":"Reconoce MX","@id":"http:\/\/www.reconoce.mx\/#\/schema\/person\/2117e997d7051dc15d6880eaf9bca0b2"},"headline":"Rumbo al #FestivalMarvin 2019: Mar Abreu","datePublished":"2019-05-10T05:03:20+00:00","dateModified":"2019-05-10T18:15:03+00:00","mainEntityOfPage":{"@id":"https:\/\/www.reconoce.mx\/?p=83356"},"wordCount":502,"commentCount":0,"publisher":{"@id":"http:\/\/www.reconoce.mx\/#organization"},"image":{"@id":"https:\/\/www.reconoce.mx\/?p=83356#primaryimage"},"thumbnailUrl":"https:\/\/www.reconoce.mx\/wp-content\/uploads\/2019\/05\/mar-abreu-cover.jpg","articleSection":["Principal"],"inLanguage":"es","potentialAction":[{"@type":"CommentAction","name":"Comment","target":["https:\/\/www.reconoce.mx\/?p=83356#respond"]}]},{"@type":"WebPage","@id":"https:\/\/www.reconoce.mx\/?p=83356","url":"https:\/\/www.reconoce.mx\/?p=83356","name":"Rumbo al #FestivalMarvin 2019: Mar Abreu &#171; Reconoce MX","isPartOf":{"@id":"http:\/\/www.reconoce.mx\/#website"},"primaryImageOfPage":{"@id":"https:\/\/www.reconoce.mx\/?p=83356#primaryimage"},"image":{"@id":"https:\/\/www.reconoce.mx\/?p=83356#primaryimage"},"thumbnailUrl":"https:\/\/www.reconoce.mx\/wp-content\/uploads\/2019\/05\/mar-abreu-cover.jpg","datePublished":"2019-05-10T05:03:20+00:00","dateModified":"2019-05-10T18:15:03+00:00","breadcrumb":{"@id":"https:\/\/www.reconoce.mx\/?p=83356#breadcrumb"},"inLanguage":"es","potentialAction":[{"@type":"ReadAction","target":["https:\/\/www.reconoce.mx\/?p=83356"]}]},{"@type":"ImageObject","inLanguage":"es","@id":"https:\/\/www.reconoce.mx\/?p=83356#primaryimage","url":"https:\/\/www.reconoce.mx\/wp-content\/uploads\/2019\/05\/mar-abreu-cover.jpg","contentUrl":"https:\/\/www.reconoce.mx\/wp-content\/uploads\/2019\/05\/mar-abreu-cover.jpg","width":590,"height":380},{"@type":"BreadcrumbList","@id":"https:\/\/www.reconoce.mx\/?p=83356#breadcrumb","itemListElement":[{"@type":"ListItem","position":1,"name":"Portada","item":"http:\/\/www.reconoce.mx\/"},{"@type":"ListItem","position":2,"name":"Rumbo al #FestivalMarvin 2019: Mar Abreu"}]},{"@type":"WebSite","@id":"http:\/\/www.reconoce.mx\/#website","url":"http:\/\/www.reconoce.mx\/","name":"Reconoce MX","description":"En Reconoce MX difundimos arte, cultura y conciencia social en M\u00e9xico. Tu ciudad en otra perspectiva.","publisher":{"@id":"http:\/\/www.reconoce.mx\/#organization"},"potentialAction":[{"@type":"SearchAction","target":{"@type":"EntryPoint","urlTemplate":"http:\/\/www.reconoce.mx\/?s={search_term_string}"},"query-input":{"@type":"PropertyValueSpecification","valueRequired":true,"valueName":"search_term_string"}}],"inLanguage":"es"},{"@type":"Organization","@id":"http:\/\/www.reconoce.mx\/#organization","name":"Reconoce MX","url":"http:\/\/www.reconoce.mx\/","logo":{"@type":"ImageObject","inLanguage":"es","@id":"http:\/\/www.reconoce.mx\/#\/schema\/logo\/image\/","url":"https:\/\/www.reconoce.mx\/wp-content\/uploads\/2019\/03\/logorcmx-good-1.png","contentUrl":"https:\/\/www.reconoce.mx\/wp-content\/uploads\/2019\/03\/logorcmx-good-1.png","width":280,"height":90,"caption":"Reconoce MX"},"image":{"@id":"http:\/\/www.reconoce.mx\/#\/schema\/logo\/image\/"},"sameAs":["https:\/\/es-la.facebook.com\/ReconoceMX\/","https:\/\/x.com\/reconocemx","http:\/\/@reconocemx"]},{"@type":"Person","@id":"http:\/\/www.reconoce.mx\/#\/schema\/person\/2117e997d7051dc15d6880eaf9bca0b2","name":"Reconoce MX","image":{"@type":"ImageObject","inLanguage":"es","@id":"http:\/\/www.reconoce.mx\/#\/schema\/person\/image\/","url":"https:\/\/secure.gravatar.com\/avatar\/6c8d4dc7569ca1c90c5fdcc349f839d5ddef6fe1e70b4337ead2ef1a4c43fc3a?s=96&d=identicon&r=g","contentUrl":"https:\/\/secure.gravatar.com\/avatar\/6c8d4dc7569ca1c90c5fdcc349f839d5ddef6fe1e70b4337ead2ef1a4c43fc3a?s=96&d=identicon&r=g","caption":"Reconoce MX"},"description":"Reconoce MX es un proyecto de difusi\u00f3n art\u00edstica, cultural y de conciencia social que est\u00e1 enfocado a difundir y fomentar el entretenimiento alternativo de calidad para todo el p\u00fablico que comparta el mismo entusiasmo.","sameAs":["http:\/\/www.reconoce.mx"],"url":"https:\/\/www.reconoce.mx\/?author=2"}]}},"_links":{"self":[{"href":"https:\/\/www.reconoce.mx\/index.php?rest_route=\/wp\/v2\/posts\/83356","targetHints":{"allow":["GET"]}}],"collection":[{"href":"https:\/\/www.reconoce.mx\/index.php?rest_route=\/wp\/v2\/posts"}],"about":[{"href":"https:\/\/www.reconoce.mx\/index.php?rest_route=\/wp\/v2\/types\/post"}],"author":[{"embeddable":true,"href":"https:\/\/www.reconoce.mx\/index.php?rest_route=\/wp\/v2\/users\/2"}],"replies":[{"embeddable":true,"href":"https:\/\/www.reconoce.mx\/index.php?rest_route=%2Fwp%2Fv2%2Fcomments&post=83356"}],"version-history":[{"count":4,"href":"https:\/\/www.reconoce.mx\/index.php?rest_route=\/wp\/v2\/posts\/83356\/revisions"}],"predecessor-version":[{"id":83362,"href":"https:\/\/www.reconoce.mx\/index.php?rest_route=\/wp\/v2\/posts\/83356\/revisions\/83362"}],"wp:featuredmedia":[{"embeddable":true,"href":"https:\/\/www.reconoce.mx\/index.php?rest_route=\/wp\/v2\/media\/83358"}],"wp:attachment":[{"href":"https:\/\/www.reconoce.mx\/index.php?rest_route=%2Fwp%2Fv2%2Fmedia&parent=83356"}],"wp:term":[{"taxonomy":"category","embeddable":true,"href":"https:\/\/www.reconoce.mx\/index.php?rest_route=%2Fwp%2Fv2%2Fcategories&post=83356"},{"taxonomy":"post_tag","embeddable":true,"href":"https:\/\/www.reconoce.mx\/index.php?rest_route=%2Fwp%2Fv2%2Ftags&post=83356"}],"curies":[{"name":"wp","href":"https:\/\/api.w.org\/{rel}","templated":true}]}}