{"id":83565,"date":"2019-05-20T00:02:12","date_gmt":"2019-05-20T05:02:12","guid":{"rendered":"http:\/\/www.reconoce.mx\/?p=83565"},"modified":"2019-05-20T08:54:08","modified_gmt":"2019-05-20T13:54:08","slug":"nada-te-va-a-matar-de-policias-y-ladrones","status":"publish","type":"post","link":"https:\/\/www.reconoce.mx\/?p=83565","title":{"rendered":"&#8216;Nada te va a matar&#8217;, de Polic\u00edas y Ladrones"},"content":{"rendered":"<p><a href=\"http:\/\/www.reconoce.mx\/category\/cultura\/musica\/lunes-musical-musica\/\"><img loading=\"lazy\" decoding=\"async\" class=\"aligncenter size-full wp-image-38360\" src=\"http:\/\/www.reconoce.mx\/wp-content\/uploads\/2015\/06\/Lunes1.png\" sizes=\"auto, (max-width: 550px) 100vw, 550px\" srcset=\"http:\/\/www.reconoce.mx\/wp-content\/uploads\/2015\/06\/Lunes1.png 550w, http:\/\/www.reconoce.mx\/wp-content\/uploads\/2015\/06\/Lunes1-300x38.png 300w, http:\/\/www.reconoce.mx\/wp-content\/uploads\/2015\/06\/Lunes1-150x19.png 150w\" alt=\"Lunes\" width=\"550\" height=\"70\" \/><\/a><strong><br \/>\nPor <a title=\"@AsfaltosTweets\" href=\"http:\/\/twitter.com\/AsfaltosTweets\" target=\"_blank\" rel=\"noopener noreferrer\">Asfaltos<\/a><\/strong>.<\/p>\n<p>Despu\u00e9s de varios d\u00edas de contingencia ambiental \u00abextraordinaria\u00bb -como si la contingencia ambiental no nos resultara ya as\u00ed-, Ciudad de M\u00e9xico regresa a su contaminada realidad. Afortunadamente, como cada inicio de semana, contamos con m\u00fasica nueva para despabilar nuestros sentidos y animar nuestros d\u00edas. Como cada <a href=\"http:\/\/www.reconoce.mx\/category\/cultura\/musica\/lunes-musical-musica\/\" target=\"_blank\" rel=\"noopener noreferrer\">Lunes musical<\/a>, toca presentar la principal propuesta nacional; s\u00ed, una banda nueva cada semana.<\/p>\n<style>.embed-container { position: relative; padding-bottom: 56.25%; height: 0; overflow: hidden; max-width: 100%; } .embed-container iframe, .embed-container object, .embed-container embed { position: absolute; top: 0; left: 0; width: 100%; height: 100%; }<\/style>\n<div class=\"embed-container\"><iframe src=\"https:\/\/www.youtube.com\/embed\/Ta_1M6uoTfk\" frameborder=\"0\" allowfullscreen=\"allowfullscreen\"><\/iframe><\/div>\n<p>&nbsp;<\/p>\n<p>Desde la frontera norte de nuestro pa\u00eds, para ser precisos desde la ciudad de Tijuana, Baja California Norte, toca presentarles a <strong>Polic\u00edas y Ladrones<\/strong>. El grupo, conformado por Alonzo (guitarra y voz), Ivan (bajo y voz), Luis (bater\u00eda) y Andr\u00e9s (guitarra), es una de las nuevas propuestas de rock pop en nuestro pa\u00eds. A pesar de su juventud, <strong>Polic\u00edas y Ladrones<\/strong> cuentan ya con un primer material titulado \u00abFlores\u00bb (2016), mismo con el que empezaron a darse a conocer.<\/p>\n<p>Yo se los presento con su m\u00e1s reciente sencillo, \u00abNada te va a matar\u00bb, un tema con el que se presentan en una nueva etapa de su carrera. Sin novedades sonoras, pero s\u00ed con melod\u00eda y letra pegajosas, lo nuevo de<strong> Polic\u00edas y Ladrones<\/strong> apuesta por calar en las emociones y as\u00ed ir atrapando a un nuevo p\u00fablico que les permita escucharles. A m\u00ed me pareci\u00f3 una propuesta fresca, apropiada para estos d\u00edas de calor en la capital mexicana; para andar \u00abde manita sudada\u00bb con la morra o morro en cuesti\u00f3n.<\/p>\n<p>Es m\u00e1s&#8230; Ahora que acabo de andar en el <strong>Festival Marvin<\/strong>, los <strong>Polic\u00edas y Ladrones<\/strong> me remitieron a la m\u00fasica que los DRIMS han estado reviviendo, con toques ochenteros, muy a lo The Cure. En fin, ya me dir\u00e1n qu\u00e9 les parece esta propuesta. Si les gust\u00f3. O no.<\/p>\n<p>Ya lo saben, si les gust\u00f3 la propuesta, no dejen de seguirles v\u00eda <a href=\"https:\/\/www.facebook.com\/\/pyladrones\/\" target=\"_blank\" rel=\"noopener noreferrer\">Facebook<\/a>, <a href=\"https:\/\/instagram.com\/policiasyladrones\" target=\"_blank\" rel=\"noopener noreferrer\">Instagram<\/a> y <a href=\"https:\/\/twitter.com\/policiasyladron\/\" target=\"_blank\" rel=\"noopener noreferrer\">Twitter<\/a>. \u00a1Buen inicio de semana, banda!<\/p>\n<p style=\"text-align: right;\">Imagen de portada tomada del Facebook de la banda.<\/p>\n<p>&nbsp;<\/p>\n<p>&nbsp;<\/p>\n","protected":false},"excerpt":{"rendered":"<p>Despu\u00e9s de varios d\u00edas de contingencia ambiental \u00abextraordinaria\u00bb -como si la contingencia ambiental no nos resultara ya as\u00ed-, Ciudad de M\u00e9xico regresa a su contaminada realidad.<\/p>\n","protected":false},"author":2,"featured_media":83570,"comment_status":"open","ping_status":"open","sticky":false,"template":"","format":"standard","meta":{"footnotes":""},"categories":[1,665,18,17],"tags":[],"class_list":["post-83565","post","type-post","status-publish","format-standard","has-post-thumbnail","hentry","category-cultura","category-lunes-musical-musica","category-musica","category-principal"],"yoast_head":"<!-- This site is optimized with the Yoast SEO plugin v24.7 - https:\/\/yoast.com\/wordpress\/plugins\/seo\/ -->\n<title>&#039;Nada te va a matar&#039;, de Polic\u00edas y Ladrones &#171; Reconoce MX<\/title>\n<meta name=\"robots\" content=\"index, follow, max-snippet:-1, max-image-preview:large, max-video-preview:-1\" \/>\n<link rel=\"canonical\" href=\"https:\/\/www.reconoce.mx\/?p=83565\" \/>\n<meta property=\"og:locale\" content=\"es_ES\" \/>\n<meta property=\"og:type\" content=\"article\" \/>\n<meta property=\"og:title\" content=\"&#039;Nada te va a matar&#039;, de Polic\u00edas y Ladrones &#171; Reconoce MX\" \/>\n<meta property=\"og:description\" content=\"Despu\u00e9s de varios d\u00edas de contingencia ambiental &quot;extraordinaria&quot; -como si la contingencia ambiental no nos resultara ya as\u00ed-, Ciudad de M\u00e9xico regresa a su contaminada realidad.\" \/>\n<meta property=\"og:url\" content=\"https:\/\/www.reconoce.mx\/?p=83565\" \/>\n<meta property=\"og:site_name\" content=\"Reconoce MX\" \/>\n<meta property=\"article:publisher\" content=\"https:\/\/es-la.facebook.com\/ReconoceMX\/\" \/>\n<meta property=\"article:published_time\" content=\"2019-05-20T05:02:12+00:00\" \/>\n<meta property=\"article:modified_time\" content=\"2019-05-20T13:54:08+00:00\" \/>\n<meta property=\"og:image\" content=\"https:\/\/www.reconoce.mx\/wp-content\/uploads\/2019\/05\/polic\u00edas-y-ladrones-cover.jpg\" \/>\n\t<meta property=\"og:image:width\" content=\"590\" \/>\n\t<meta property=\"og:image:height\" content=\"377\" \/>\n\t<meta property=\"og:image:type\" content=\"image\/jpeg\" \/>\n<meta name=\"author\" content=\"Reconoce MX\" \/>\n<meta name=\"twitter:card\" content=\"summary_large_image\" \/>\n<meta name=\"twitter:creator\" content=\"@reconocemx\" \/>\n<meta name=\"twitter:site\" content=\"@reconocemx\" \/>\n<meta name=\"twitter:label1\" content=\"Escrito por\" \/>\n\t<meta name=\"twitter:data1\" content=\"Reconoce MX\" \/>\n\t<meta name=\"twitter:label2\" content=\"Tiempo de lectura\" \/>\n\t<meta name=\"twitter:data2\" content=\"2 minutos\" \/>\n<script type=\"application\/ld+json\" class=\"yoast-schema-graph\">{\"@context\":\"https:\/\/schema.org\",\"@graph\":[{\"@type\":\"Article\",\"@id\":\"https:\/\/www.reconoce.mx\/?p=83565#article\",\"isPartOf\":{\"@id\":\"https:\/\/www.reconoce.mx\/?p=83565\"},\"author\":{\"name\":\"Reconoce MX\",\"@id\":\"http:\/\/www.reconoce.mx\/#\/schema\/person\/2117e997d7051dc15d6880eaf9bca0b2\"},\"headline\":\"&#8216;Nada te va a matar&#8217;, de Polic\u00edas y Ladrones\",\"datePublished\":\"2019-05-20T05:02:12+00:00\",\"dateModified\":\"2019-05-20T13:54:08+00:00\",\"mainEntityOfPage\":{\"@id\":\"https:\/\/www.reconoce.mx\/?p=83565\"},\"wordCount\":347,\"commentCount\":0,\"publisher\":{\"@id\":\"http:\/\/www.reconoce.mx\/#organization\"},\"image\":{\"@id\":\"https:\/\/www.reconoce.mx\/?p=83565#primaryimage\"},\"thumbnailUrl\":\"https:\/\/www.reconoce.mx\/wp-content\/uploads\/2019\/05\/polic\u00edas-y-ladrones-cover.jpg\",\"articleSection\":[\"Cultura\",\"Lunes musical\",\"M\u00fasica\",\"Principal\"],\"inLanguage\":\"es\",\"potentialAction\":[{\"@type\":\"CommentAction\",\"name\":\"Comment\",\"target\":[\"https:\/\/www.reconoce.mx\/?p=83565#respond\"]}]},{\"@type\":\"WebPage\",\"@id\":\"https:\/\/www.reconoce.mx\/?p=83565\",\"url\":\"https:\/\/www.reconoce.mx\/?p=83565\",\"name\":\"'Nada te va a matar', de Polic\u00edas y Ladrones &#171; Reconoce MX\",\"isPartOf\":{\"@id\":\"http:\/\/www.reconoce.mx\/#website\"},\"primaryImageOfPage\":{\"@id\":\"https:\/\/www.reconoce.mx\/?p=83565#primaryimage\"},\"image\":{\"@id\":\"https:\/\/www.reconoce.mx\/?p=83565#primaryimage\"},\"thumbnailUrl\":\"https:\/\/www.reconoce.mx\/wp-content\/uploads\/2019\/05\/polic\u00edas-y-ladrones-cover.jpg\",\"datePublished\":\"2019-05-20T05:02:12+00:00\",\"dateModified\":\"2019-05-20T13:54:08+00:00\",\"breadcrumb\":{\"@id\":\"https:\/\/www.reconoce.mx\/?p=83565#breadcrumb\"},\"inLanguage\":\"es\",\"potentialAction\":[{\"@type\":\"ReadAction\",\"target\":[\"https:\/\/www.reconoce.mx\/?p=83565\"]}]},{\"@type\":\"ImageObject\",\"inLanguage\":\"es\",\"@id\":\"https:\/\/www.reconoce.mx\/?p=83565#primaryimage\",\"url\":\"https:\/\/www.reconoce.mx\/wp-content\/uploads\/2019\/05\/polic\u00edas-y-ladrones-cover.jpg\",\"contentUrl\":\"https:\/\/www.reconoce.mx\/wp-content\/uploads\/2019\/05\/polic\u00edas-y-ladrones-cover.jpg\",\"width\":590,\"height\":377},{\"@type\":\"BreadcrumbList\",\"@id\":\"https:\/\/www.reconoce.mx\/?p=83565#breadcrumb\",\"itemListElement\":[{\"@type\":\"ListItem\",\"position\":1,\"name\":\"Portada\",\"item\":\"http:\/\/www.reconoce.mx\/\"},{\"@type\":\"ListItem\",\"position\":2,\"name\":\"&#8216;Nada te va a matar&#8217;, de Polic\u00edas y Ladrones\"}]},{\"@type\":\"WebSite\",\"@id\":\"http:\/\/www.reconoce.mx\/#website\",\"url\":\"http:\/\/www.reconoce.mx\/\",\"name\":\"Reconoce MX\",\"description\":\"En Reconoce MX difundimos arte, cultura y conciencia social en M\u00e9xico. Tu ciudad en otra perspectiva.\",\"publisher\":{\"@id\":\"http:\/\/www.reconoce.mx\/#organization\"},\"potentialAction\":[{\"@type\":\"SearchAction\",\"target\":{\"@type\":\"EntryPoint\",\"urlTemplate\":\"http:\/\/www.reconoce.mx\/?s={search_term_string}\"},\"query-input\":{\"@type\":\"PropertyValueSpecification\",\"valueRequired\":true,\"valueName\":\"search_term_string\"}}],\"inLanguage\":\"es\"},{\"@type\":\"Organization\",\"@id\":\"http:\/\/www.reconoce.mx\/#organization\",\"name\":\"Reconoce MX\",\"url\":\"http:\/\/www.reconoce.mx\/\",\"logo\":{\"@type\":\"ImageObject\",\"inLanguage\":\"es\",\"@id\":\"http:\/\/www.reconoce.mx\/#\/schema\/logo\/image\/\",\"url\":\"https:\/\/www.reconoce.mx\/wp-content\/uploads\/2019\/03\/logorcmx-good-1.png\",\"contentUrl\":\"https:\/\/www.reconoce.mx\/wp-content\/uploads\/2019\/03\/logorcmx-good-1.png\",\"width\":280,\"height\":90,\"caption\":\"Reconoce MX\"},\"image\":{\"@id\":\"http:\/\/www.reconoce.mx\/#\/schema\/logo\/image\/\"},\"sameAs\":[\"https:\/\/es-la.facebook.com\/ReconoceMX\/\",\"https:\/\/x.com\/reconocemx\",\"http:\/\/@reconocemx\"]},{\"@type\":\"Person\",\"@id\":\"http:\/\/www.reconoce.mx\/#\/schema\/person\/2117e997d7051dc15d6880eaf9bca0b2\",\"name\":\"Reconoce MX\",\"image\":{\"@type\":\"ImageObject\",\"inLanguage\":\"es\",\"@id\":\"http:\/\/www.reconoce.mx\/#\/schema\/person\/image\/\",\"url\":\"https:\/\/secure.gravatar.com\/avatar\/6c8d4dc7569ca1c90c5fdcc349f839d5ddef6fe1e70b4337ead2ef1a4c43fc3a?s=96&d=identicon&r=g\",\"contentUrl\":\"https:\/\/secure.gravatar.com\/avatar\/6c8d4dc7569ca1c90c5fdcc349f839d5ddef6fe1e70b4337ead2ef1a4c43fc3a?s=96&d=identicon&r=g\",\"caption\":\"Reconoce MX\"},\"description\":\"Reconoce MX es un proyecto de difusi\u00f3n art\u00edstica, cultural y de conciencia social que est\u00e1 enfocado a difundir y fomentar el entretenimiento alternativo de calidad para todo el p\u00fablico que comparta el mismo entusiasmo.\",\"sameAs\":[\"http:\/\/www.reconoce.mx\"],\"url\":\"https:\/\/www.reconoce.mx\/?author=2\"}]}<\/script>\n<!-- \/ Yoast SEO plugin. -->","yoast_head_json":{"title":"'Nada te va a matar', de Polic\u00edas y Ladrones &#171; Reconoce MX","robots":{"index":"index","follow":"follow","max-snippet":"max-snippet:-1","max-image-preview":"max-image-preview:large","max-video-preview":"max-video-preview:-1"},"canonical":"https:\/\/www.reconoce.mx\/?p=83565","og_locale":"es_ES","og_type":"article","og_title":"'Nada te va a matar', de Polic\u00edas y Ladrones &#171; Reconoce MX","og_description":"Despu\u00e9s de varios d\u00edas de contingencia ambiental \"extraordinaria\" -como si la contingencia ambiental no nos resultara ya as\u00ed-, Ciudad de M\u00e9xico regresa a su contaminada realidad.","og_url":"https:\/\/www.reconoce.mx\/?p=83565","og_site_name":"Reconoce MX","article_publisher":"https:\/\/es-la.facebook.com\/ReconoceMX\/","article_published_time":"2019-05-20T05:02:12+00:00","article_modified_time":"2019-05-20T13:54:08+00:00","og_image":[{"width":590,"height":377,"url":"https:\/\/www.reconoce.mx\/wp-content\/uploads\/2019\/05\/polic\u00edas-y-ladrones-cover.jpg","type":"image\/jpeg"}],"author":"Reconoce MX","twitter_card":"summary_large_image","twitter_creator":"@reconocemx","twitter_site":"@reconocemx","twitter_misc":{"Escrito por":"Reconoce MX","Tiempo de lectura":"2 minutos"},"schema":{"@context":"https:\/\/schema.org","@graph":[{"@type":"Article","@id":"https:\/\/www.reconoce.mx\/?p=83565#article","isPartOf":{"@id":"https:\/\/www.reconoce.mx\/?p=83565"},"author":{"name":"Reconoce MX","@id":"http:\/\/www.reconoce.mx\/#\/schema\/person\/2117e997d7051dc15d6880eaf9bca0b2"},"headline":"&#8216;Nada te va a matar&#8217;, de Polic\u00edas y Ladrones","datePublished":"2019-05-20T05:02:12+00:00","dateModified":"2019-05-20T13:54:08+00:00","mainEntityOfPage":{"@id":"https:\/\/www.reconoce.mx\/?p=83565"},"wordCount":347,"commentCount":0,"publisher":{"@id":"http:\/\/www.reconoce.mx\/#organization"},"image":{"@id":"https:\/\/www.reconoce.mx\/?p=83565#primaryimage"},"thumbnailUrl":"https:\/\/www.reconoce.mx\/wp-content\/uploads\/2019\/05\/polic\u00edas-y-ladrones-cover.jpg","articleSection":["Cultura","Lunes musical","M\u00fasica","Principal"],"inLanguage":"es","potentialAction":[{"@type":"CommentAction","name":"Comment","target":["https:\/\/www.reconoce.mx\/?p=83565#respond"]}]},{"@type":"WebPage","@id":"https:\/\/www.reconoce.mx\/?p=83565","url":"https:\/\/www.reconoce.mx\/?p=83565","name":"'Nada te va a matar', de Polic\u00edas y Ladrones &#171; Reconoce MX","isPartOf":{"@id":"http:\/\/www.reconoce.mx\/#website"},"primaryImageOfPage":{"@id":"https:\/\/www.reconoce.mx\/?p=83565#primaryimage"},"image":{"@id":"https:\/\/www.reconoce.mx\/?p=83565#primaryimage"},"thumbnailUrl":"https:\/\/www.reconoce.mx\/wp-content\/uploads\/2019\/05\/polic\u00edas-y-ladrones-cover.jpg","datePublished":"2019-05-20T05:02:12+00:00","dateModified":"2019-05-20T13:54:08+00:00","breadcrumb":{"@id":"https:\/\/www.reconoce.mx\/?p=83565#breadcrumb"},"inLanguage":"es","potentialAction":[{"@type":"ReadAction","target":["https:\/\/www.reconoce.mx\/?p=83565"]}]},{"@type":"ImageObject","inLanguage":"es","@id":"https:\/\/www.reconoce.mx\/?p=83565#primaryimage","url":"https:\/\/www.reconoce.mx\/wp-content\/uploads\/2019\/05\/polic\u00edas-y-ladrones-cover.jpg","contentUrl":"https:\/\/www.reconoce.mx\/wp-content\/uploads\/2019\/05\/polic\u00edas-y-ladrones-cover.jpg","width":590,"height":377},{"@type":"BreadcrumbList","@id":"https:\/\/www.reconoce.mx\/?p=83565#breadcrumb","itemListElement":[{"@type":"ListItem","position":1,"name":"Portada","item":"http:\/\/www.reconoce.mx\/"},{"@type":"ListItem","position":2,"name":"&#8216;Nada te va a matar&#8217;, de Polic\u00edas y Ladrones"}]},{"@type":"WebSite","@id":"http:\/\/www.reconoce.mx\/#website","url":"http:\/\/www.reconoce.mx\/","name":"Reconoce MX","description":"En Reconoce MX difundimos arte, cultura y conciencia social en M\u00e9xico. Tu ciudad en otra perspectiva.","publisher":{"@id":"http:\/\/www.reconoce.mx\/#organization"},"potentialAction":[{"@type":"SearchAction","target":{"@type":"EntryPoint","urlTemplate":"http:\/\/www.reconoce.mx\/?s={search_term_string}"},"query-input":{"@type":"PropertyValueSpecification","valueRequired":true,"valueName":"search_term_string"}}],"inLanguage":"es"},{"@type":"Organization","@id":"http:\/\/www.reconoce.mx\/#organization","name":"Reconoce MX","url":"http:\/\/www.reconoce.mx\/","logo":{"@type":"ImageObject","inLanguage":"es","@id":"http:\/\/www.reconoce.mx\/#\/schema\/logo\/image\/","url":"https:\/\/www.reconoce.mx\/wp-content\/uploads\/2019\/03\/logorcmx-good-1.png","contentUrl":"https:\/\/www.reconoce.mx\/wp-content\/uploads\/2019\/03\/logorcmx-good-1.png","width":280,"height":90,"caption":"Reconoce MX"},"image":{"@id":"http:\/\/www.reconoce.mx\/#\/schema\/logo\/image\/"},"sameAs":["https:\/\/es-la.facebook.com\/ReconoceMX\/","https:\/\/x.com\/reconocemx","http:\/\/@reconocemx"]},{"@type":"Person","@id":"http:\/\/www.reconoce.mx\/#\/schema\/person\/2117e997d7051dc15d6880eaf9bca0b2","name":"Reconoce MX","image":{"@type":"ImageObject","inLanguage":"es","@id":"http:\/\/www.reconoce.mx\/#\/schema\/person\/image\/","url":"https:\/\/secure.gravatar.com\/avatar\/6c8d4dc7569ca1c90c5fdcc349f839d5ddef6fe1e70b4337ead2ef1a4c43fc3a?s=96&d=identicon&r=g","contentUrl":"https:\/\/secure.gravatar.com\/avatar\/6c8d4dc7569ca1c90c5fdcc349f839d5ddef6fe1e70b4337ead2ef1a4c43fc3a?s=96&d=identicon&r=g","caption":"Reconoce MX"},"description":"Reconoce MX es un proyecto de difusi\u00f3n art\u00edstica, cultural y de conciencia social que est\u00e1 enfocado a difundir y fomentar el entretenimiento alternativo de calidad para todo el p\u00fablico que comparta el mismo entusiasmo.","sameAs":["http:\/\/www.reconoce.mx"],"url":"https:\/\/www.reconoce.mx\/?author=2"}]}},"_links":{"self":[{"href":"https:\/\/www.reconoce.mx\/index.php?rest_route=\/wp\/v2\/posts\/83565","targetHints":{"allow":["GET"]}}],"collection":[{"href":"https:\/\/www.reconoce.mx\/index.php?rest_route=\/wp\/v2\/posts"}],"about":[{"href":"https:\/\/www.reconoce.mx\/index.php?rest_route=\/wp\/v2\/types\/post"}],"author":[{"embeddable":true,"href":"https:\/\/www.reconoce.mx\/index.php?rest_route=\/wp\/v2\/users\/2"}],"replies":[{"embeddable":true,"href":"https:\/\/www.reconoce.mx\/index.php?rest_route=%2Fwp%2Fv2%2Fcomments&post=83565"}],"version-history":[{"count":3,"href":"https:\/\/www.reconoce.mx\/index.php?rest_route=\/wp\/v2\/posts\/83565\/revisions"}],"predecessor-version":[{"id":83571,"href":"https:\/\/www.reconoce.mx\/index.php?rest_route=\/wp\/v2\/posts\/83565\/revisions\/83571"}],"wp:featuredmedia":[{"embeddable":true,"href":"https:\/\/www.reconoce.mx\/index.php?rest_route=\/wp\/v2\/media\/83570"}],"wp:attachment":[{"href":"https:\/\/www.reconoce.mx\/index.php?rest_route=%2Fwp%2Fv2%2Fmedia&parent=83565"}],"wp:term":[{"taxonomy":"category","embeddable":true,"href":"https:\/\/www.reconoce.mx\/index.php?rest_route=%2Fwp%2Fv2%2Fcategories&post=83565"},{"taxonomy":"post_tag","embeddable":true,"href":"https:\/\/www.reconoce.mx\/index.php?rest_route=%2Fwp%2Fv2%2Ftags&post=83565"}],"curies":[{"name":"wp","href":"https:\/\/api.w.org\/{rel}","templated":true}]}}