{"id":83623,"date":"2019-05-24T00:02:13","date_gmt":"2019-05-24T05:02:13","guid":{"rendered":"http:\/\/www.reconoce.mx\/?p=83623"},"modified":"2019-06-05T17:46:58","modified_gmt":"2019-06-05T22:46:58","slug":"conoce-el-detras-de-wild-ofest-2019","status":"publish","type":"post","link":"https:\/\/www.reconoce.mx\/?p=83623","title":{"rendered":"\u00a1Conoce el &#8216;detr\u00e1s de&#8217; Wild O&#8217;Fest 2019!"},"content":{"rendered":"<p><strong>Por\u00a0<a href=\"https:\/\/twitter.com\/alice_freckles\" target=\"_blank\" rel=\"noopener noreferrer\">Alicia \u00c1vila Monroy<\/a>.<\/strong><\/p>\n<p style=\"font-weight: 400;\">Si eres amante del g\u00e9nero <em>surf<\/em>, este es un festival que no puedes perderte. El\u00a0<strong>Wild O&#8217;Fest<\/strong> que est\u00e1 organizado por <strong>S\u00faper Bookers<\/strong>, agencia en Ciudad de M\u00e9xico que ha elegido cada uno de los talentos <em>garage<\/em> de tal manera que los seguidores de este g\u00e9nero musical gocen de \u00e9l,\u00a0llega a su cuarta edici\u00f3n.<\/p>\n<p>Tuvimos oportunidad de conversar con <strong>Crunchy Acapulco<\/strong>, fundador del festival, y esto fue lo que nos dijo sobre la organizaci\u00f3n y coordinaci\u00f3n previo a esta gran fiesta.<\/p>\n<p><a href=\"http:\/\/www.reconoce.mx\/wp-content\/uploads\/2019\/05\/Dzib9xRWkAAhUUa.jpg\"><img loading=\"lazy\" decoding=\"async\" class=\"aligncenter size-full wp-image-83695\" src=\"http:\/\/www.reconoce.mx\/wp-content\/uploads\/2019\/05\/Dzib9xRWkAAhUUa.jpg\" alt=\"\" width=\"799\" height=\"1200\" srcset=\"https:\/\/www.reconoce.mx\/wp-content\/uploads\/2019\/05\/Dzib9xRWkAAhUUa.jpg 799w, https:\/\/www.reconoce.mx\/wp-content\/uploads\/2019\/05\/Dzib9xRWkAAhUUa-200x300.jpg 200w, https:\/\/www.reconoce.mx\/wp-content\/uploads\/2019\/05\/Dzib9xRWkAAhUUa-768x1153.jpg 768w, https:\/\/www.reconoce.mx\/wp-content\/uploads\/2019\/05\/Dzib9xRWkAAhUUa-682x1024.jpg 682w, https:\/\/www.reconoce.mx\/wp-content\/uploads\/2019\/05\/Dzib9xRWkAAhUUa-150x225.jpg 150w, https:\/\/www.reconoce.mx\/wp-content\/uploads\/2019\/05\/Dzib9xRWkAAhUUa-700x1051.jpg 700w, https:\/\/www.reconoce.mx\/wp-content\/uploads\/2019\/05\/Dzib9xRWkAAhUUa-658x988.jpg 658w, https:\/\/www.reconoce.mx\/wp-content\/uploads\/2019\/05\/Dzib9xRWkAAhUUa-300x451.jpg 300w\" sizes=\"auto, (max-width: 799px) 100vw, 799px\" \/><\/a><\/p>\n<p><strong><span style=\"color: #a81f25;\">Reconoce MX<\/span>:<\/strong> \u00bfC\u00f3mo eligen a las bandas?<\/p>\n<p><strong><span style=\"color: #0aa650;\">Crunchy Acapulco<\/span>:<\/strong> El proceso es ver las bandas que nos gustan, escuchar sus discos y hacer la selecci\u00f3n. Despu\u00e9s de eso, es ver qui\u00e9n tiene disponibilidad y darle juego y seleccionamos el mismo n\u00famero de bandas que equilibren el <em>surf<\/em> entre el <em>garage<\/em>. Si una banda no est\u00e1 disponible para 2019, la cerramos para 2020. Chock y yo vemos las que nos gustan y as\u00ed aventamos las propuestas,<\/p>\n<p><strong><span style=\"color: #a81f25;\">RCMX<\/span>:<\/strong> \u00a1Leemos muy contentas a las bandas que forman parte de esta edici\u00f3n! \u00bfQu\u00e9 nos puedes decir acerca de esa emoci\u00f3n?<\/p>\n<p><strong><span style=\"color: #0aa650;\">CA<\/span>:<\/strong> Casi siempre pasa que aceptan tocar, y se emocionan un chorro. Nos mandan mails muy contentos de que est\u00e1n emocionados y merecen un respeto; es decir, llevan mucho tiempo tocando y hemos visto su compromiso y es por eso que siempre vemos por las necesidades. Ellos nos apoyan con vuelos y ven todo con antelaci\u00f3n, a\u00fan con el apoyo que les brindamos.<\/p>\n<p><strong><span style=\"color: #a81f25;\">RCMX<\/span>:<\/strong> \u00bfC\u00f3mo coordinan con las bandas tanto el hospedaje como la transportaci\u00f3n?<\/p>\n<p><strong><span style=\"color: #0aa650;\">CA<\/span>:<\/strong> Nosotros bookeamos un hotel para el festival.<\/p>\n<p><strong><span style=\"color: #a81f25;\">RCMX<\/span>:<\/strong> \u00bfC\u00f3mo es la log\u00edstica en cuanto ganar-ganar? Entre ustedes y las bandas asistentes.<\/p>\n<p><strong><span style=\"color: #0aa650;\">CA<\/span>:<\/strong> Cada banda es distinta. Vemos los requerimientos de cada una de ellas y vemos c\u00f3mo nos adaptamos para que entre las dos, sea una buena propuesta.<\/p>\n<p><strong><span style=\"color: #a81f25;\">RCMX<\/span>:<\/strong> \u00bfQu\u00e9 se necesita para formar parte del cartel?<\/p>\n<p><strong><span style=\"color: #0aa650;\">CA<\/span>:<\/strong> \u00a1Calidad musical! Que en M\u00e9xico sean conocidas. Nos interesa mucho la calidad interpretativa y que sean profesionales con su manera de trabajar y presentar.<\/p>\n<p><strong><span style=\"color: #a81f25;\">RCMX<\/span>:<\/strong> \u00bfC\u00f3mo percibes la escena de este g\u00e9nero en M\u00e9xico?<\/p>\n<p><strong><span style=\"color: #0aa650;\">CA<\/span>:<\/strong> Ha ido creciendo, pero no ha tenido un boom. Nosotros hemos puesto nuestro granito de arena con el mundo al hacer esta oferta musical por medio del festival con el nicho que no encuentras en otros.<\/p>\n<p>\u00abHay una situaci\u00f3n en la que la gente cree que por tocar este g\u00e9nero, tiene que estar mal hecho. Tocar esto no tiene porque ser feo. Tocar surf y garage no es tocar feo\u00bb, mencion\u00f3<strong> Crunchy Acapulco.\u00a0<\/strong><\/p>\n<p style=\"font-weight: 400;\">Conformado por los mejores exponentes nacionales e internacionales, esta fiesta tomar\u00e1 lugar el pr\u00f3ximo 1 de junio en <strong>Pabell\u00f3n Cuervo<\/strong> de la Ciudad de M\u00e9xico. El festival re\u00fane reconocido talento en la escena como lo son <strong>The Mummies<\/strong>, <strong>D\u00e1vila 666<\/strong>, <strong>The Fuzztones<\/strong>, <strong>The Gories<\/strong>, <strong>Doctor Explosi\u00f3n<\/strong>, <strong>The King Khan &amp; BBQ Show<\/strong>, <strong>The Phantom Four<\/strong>, <strong>The Surfajettes<\/strong>, <strong>The Pegajosos<\/strong>, <strong>Viv and The Sect<\/strong>, <strong>Th\u00e1lasses <\/strong>y <strong>The Centellas<\/strong><em>.<\/em><\/p>\n<p style=\"font-weight: 400;\">La banda californiana <strong>The Mummies<\/strong> conformada por Trent Ruane, Maz Katthua, Larry Winter y Russell Quan quien cre\u00f3 el concepto <em>Budget Rock,<\/em> es parte de este cartel. La agrupaci\u00f3n es uno de los ejemplos de bandas que han estado a favor de la ideolog\u00eda \u201chazlo t\u00fa mismo\u201d, concepto que han seguido muchas bandas sin importar el g\u00e9nero -necesidad o preferencia, sigue siendo un tema que muchos proyectos siguen llevando a cabo-. Esta es una de las bandas que tenemos m\u00e1s ganas de ver.<\/p>\n<p style=\"font-weight: 400;\">Y como -un gran- <strong>plus<\/strong>, adem\u00e1s de m\u00fasica en vivo habr\u00e1 una <strong>Expo Vinyl<\/strong> durante el festival en la que podr\u00e1s comprar, intercambiar y vender tus vinilos, <em>cassettes<\/em> y CD&#8217;s (as\u00ed que si pensabas que ya no te servir\u00edan de nada esos formatos, es el momento de que lo pienses dos veces).<\/p>\n<p><strong>Wild O&#8217;Fest<\/strong> se celebrar\u00e1 el s\u00e1bado 1 de junio en <strong>Pabell\u00f3n Cuervo<\/strong>. <a href=\"https:\/\/www.ticketmaster.com.mx\/wild-ofest-ciudad-de-mexico-distrito-federal-01-06-2019\/event\/14005648ED6FCF91\" target=\"_blank\" rel=\"noopener noreferrer\">Boletos ya a la venta<\/a>.<\/p>\n<p>&nbsp;<\/p>\n<p>&nbsp;<\/p>\n","protected":false},"excerpt":{"rendered":"<p>Si eres amante del g\u00e9nero surf, este es un festival que no puedes perderte. El\u00a0Wild O&#8217;Fest que est\u00e1 organizado por S\u00faper Bookers, agencia en Ciudad de M\u00e9xico que ha elegido cada uno de los talentos garage de tal manera que los seguidores de este g\u00e9nero musical gocen de \u00e9l,\u00a0llega a su cuarta edici\u00f3n.<\/p>\n","protected":false},"author":5,"featured_media":83696,"comment_status":"open","ping_status":"open","sticky":false,"template":"","format":"standard","meta":{"footnotes":""},"categories":[1,18,17],"tags":[],"class_list":["post-83623","post","type-post","status-publish","format-standard","has-post-thumbnail","hentry","category-cultura","category-musica","category-principal"],"yoast_head":"<!-- This site is optimized with the Yoast SEO plugin v24.7 - https:\/\/yoast.com\/wordpress\/plugins\/seo\/ -->\n<title>\u00a1Conoce el &#039;detr\u00e1s de&#039; Wild O&#039;Fest 2019! &#171; Reconoce MX<\/title>\n<meta name=\"robots\" content=\"index, follow, max-snippet:-1, max-image-preview:large, max-video-preview:-1\" \/>\n<link rel=\"canonical\" href=\"http:\/\/www.reconoce.mx\/?p=83623\" \/>\n<meta property=\"og:locale\" content=\"es_ES\" \/>\n<meta property=\"og:type\" content=\"article\" \/>\n<meta property=\"og:title\" content=\"\u00a1Conoce el &#039;detr\u00e1s de&#039; Wild O&#039;Fest 2019! &#171; Reconoce MX\" \/>\n<meta property=\"og:description\" content=\"Si eres amante del g\u00e9nero surf, este es un festival que no puedes perderte. El\u00a0Wild O&#039;Fest que est\u00e1 organizado por S\u00faper Bookers, agencia en Ciudad de M\u00e9xico que ha elegido cada uno de los talentos garage de tal manera que los seguidores de este g\u00e9nero musical gocen de \u00e9l,\u00a0llega a su cuarta edici\u00f3n.\" \/>\n<meta property=\"og:url\" content=\"http:\/\/www.reconoce.mx\/?p=83623\" \/>\n<meta property=\"og:site_name\" content=\"Reconoce MX\" \/>\n<meta property=\"article:publisher\" content=\"https:\/\/es-la.facebook.com\/ReconoceMX\/\" \/>\n<meta property=\"article:published_time\" content=\"2019-05-24T05:02:13+00:00\" \/>\n<meta property=\"article:modified_time\" content=\"2019-06-05T22:46:58+00:00\" \/>\n<meta property=\"og:image\" content=\"http:\/\/www.reconoce.mx\/wp-content\/uploads\/2019\/05\/wild-o-fest-cover.jpg\" \/>\n\t<meta property=\"og:image:width\" content=\"590\" \/>\n\t<meta property=\"og:image:height\" content=\"380\" \/>\n\t<meta property=\"og:image:type\" content=\"image\/jpeg\" \/>\n<meta name=\"author\" content=\"Alicia Avila\" \/>\n<meta name=\"twitter:card\" content=\"summary_large_image\" \/>\n<meta name=\"twitter:creator\" content=\"@reconocemx\" \/>\n<meta name=\"twitter:site\" content=\"@reconocemx\" \/>\n<meta name=\"twitter:label1\" content=\"Escrito por\" \/>\n\t<meta name=\"twitter:data1\" content=\"Alicia Avila\" \/>\n\t<meta name=\"twitter:label2\" content=\"Tiempo de lectura\" \/>\n\t<meta name=\"twitter:data2\" content=\"3 minutos\" \/>\n<script type=\"application\/ld+json\" class=\"yoast-schema-graph\">{\"@context\":\"https:\/\/schema.org\",\"@graph\":[{\"@type\":\"Article\",\"@id\":\"http:\/\/www.reconoce.mx\/?p=83623#article\",\"isPartOf\":{\"@id\":\"http:\/\/www.reconoce.mx\/?p=83623\"},\"author\":{\"name\":\"Alicia Avila\",\"@id\":\"http:\/\/www.reconoce.mx\/#\/schema\/person\/13140c419a0109493a28e609b5c2c027\"},\"headline\":\"\u00a1Conoce el &#8216;detr\u00e1s de&#8217; Wild O&#8217;Fest 2019!\",\"datePublished\":\"2019-05-24T05:02:13+00:00\",\"dateModified\":\"2019-06-05T22:46:58+00:00\",\"mainEntityOfPage\":{\"@id\":\"http:\/\/www.reconoce.mx\/?p=83623\"},\"wordCount\":692,\"commentCount\":0,\"publisher\":{\"@id\":\"http:\/\/www.reconoce.mx\/#organization\"},\"image\":{\"@id\":\"http:\/\/www.reconoce.mx\/?p=83623#primaryimage\"},\"thumbnailUrl\":\"https:\/\/www.reconoce.mx\/wp-content\/uploads\/2019\/05\/wild-o-fest-cover.jpg\",\"articleSection\":[\"Cultura\",\"M\u00fasica\",\"Principal\"],\"inLanguage\":\"es\",\"potentialAction\":[{\"@type\":\"CommentAction\",\"name\":\"Comment\",\"target\":[\"http:\/\/www.reconoce.mx\/?p=83623#respond\"]}]},{\"@type\":\"WebPage\",\"@id\":\"http:\/\/www.reconoce.mx\/?p=83623\",\"url\":\"http:\/\/www.reconoce.mx\/?p=83623\",\"name\":\"\u00a1Conoce el 'detr\u00e1s de' Wild O'Fest 2019! &#171; Reconoce MX\",\"isPartOf\":{\"@id\":\"http:\/\/www.reconoce.mx\/#website\"},\"primaryImageOfPage\":{\"@id\":\"http:\/\/www.reconoce.mx\/?p=83623#primaryimage\"},\"image\":{\"@id\":\"http:\/\/www.reconoce.mx\/?p=83623#primaryimage\"},\"thumbnailUrl\":\"https:\/\/www.reconoce.mx\/wp-content\/uploads\/2019\/05\/wild-o-fest-cover.jpg\",\"datePublished\":\"2019-05-24T05:02:13+00:00\",\"dateModified\":\"2019-06-05T22:46:58+00:00\",\"breadcrumb\":{\"@id\":\"http:\/\/www.reconoce.mx\/?p=83623#breadcrumb\"},\"inLanguage\":\"es\",\"potentialAction\":[{\"@type\":\"ReadAction\",\"target\":[\"http:\/\/www.reconoce.mx\/?p=83623\"]}]},{\"@type\":\"ImageObject\",\"inLanguage\":\"es\",\"@id\":\"http:\/\/www.reconoce.mx\/?p=83623#primaryimage\",\"url\":\"https:\/\/www.reconoce.mx\/wp-content\/uploads\/2019\/05\/wild-o-fest-cover.jpg\",\"contentUrl\":\"https:\/\/www.reconoce.mx\/wp-content\/uploads\/2019\/05\/wild-o-fest-cover.jpg\",\"width\":590,\"height\":380},{\"@type\":\"BreadcrumbList\",\"@id\":\"http:\/\/www.reconoce.mx\/?p=83623#breadcrumb\",\"itemListElement\":[{\"@type\":\"ListItem\",\"position\":1,\"name\":\"Portada\",\"item\":\"http:\/\/www.reconoce.mx\/\"},{\"@type\":\"ListItem\",\"position\":2,\"name\":\"\u00a1Conoce el &#8216;detr\u00e1s de&#8217; Wild O&#8217;Fest 2019!\"}]},{\"@type\":\"WebSite\",\"@id\":\"http:\/\/www.reconoce.mx\/#website\",\"url\":\"http:\/\/www.reconoce.mx\/\",\"name\":\"Reconoce MX\",\"description\":\"En Reconoce MX difundimos arte, cultura y conciencia social en M\u00e9xico. Tu ciudad en otra perspectiva.\",\"publisher\":{\"@id\":\"http:\/\/www.reconoce.mx\/#organization\"},\"potentialAction\":[{\"@type\":\"SearchAction\",\"target\":{\"@type\":\"EntryPoint\",\"urlTemplate\":\"http:\/\/www.reconoce.mx\/?s={search_term_string}\"},\"query-input\":{\"@type\":\"PropertyValueSpecification\",\"valueRequired\":true,\"valueName\":\"search_term_string\"}}],\"inLanguage\":\"es\"},{\"@type\":\"Organization\",\"@id\":\"http:\/\/www.reconoce.mx\/#organization\",\"name\":\"Reconoce MX\",\"url\":\"http:\/\/www.reconoce.mx\/\",\"logo\":{\"@type\":\"ImageObject\",\"inLanguage\":\"es\",\"@id\":\"http:\/\/www.reconoce.mx\/#\/schema\/logo\/image\/\",\"url\":\"https:\/\/www.reconoce.mx\/wp-content\/uploads\/2019\/03\/logorcmx-good-1.png\",\"contentUrl\":\"https:\/\/www.reconoce.mx\/wp-content\/uploads\/2019\/03\/logorcmx-good-1.png\",\"width\":280,\"height\":90,\"caption\":\"Reconoce MX\"},\"image\":{\"@id\":\"http:\/\/www.reconoce.mx\/#\/schema\/logo\/image\/\"},\"sameAs\":[\"https:\/\/es-la.facebook.com\/ReconoceMX\/\",\"https:\/\/x.com\/reconocemx\",\"http:\/\/@reconocemx\"]},{\"@type\":\"Person\",\"@id\":\"http:\/\/www.reconoce.mx\/#\/schema\/person\/13140c419a0109493a28e609b5c2c027\",\"name\":\"Alicia Avila\",\"image\":{\"@type\":\"ImageObject\",\"inLanguage\":\"es\",\"@id\":\"http:\/\/www.reconoce.mx\/#\/schema\/person\/image\/\",\"url\":\"https:\/\/secure.gravatar.com\/avatar\/a3fee4f62440f99c279011988c0f31e8facd4737f434d902b4e177fe7c3ef931?s=96&d=identicon&r=g\",\"contentUrl\":\"https:\/\/secure.gravatar.com\/avatar\/a3fee4f62440f99c279011988c0f31e8facd4737f434d902b4e177fe7c3ef931?s=96&d=identicon&r=g\",\"caption\":\"Alicia Avila\"},\"url\":\"https:\/\/www.reconoce.mx\/?author=5\"}]}<\/script>\n<!-- \/ Yoast SEO plugin. -->","yoast_head_json":{"title":"\u00a1Conoce el 'detr\u00e1s de' Wild O'Fest 2019! &#171; Reconoce MX","robots":{"index":"index","follow":"follow","max-snippet":"max-snippet:-1","max-image-preview":"max-image-preview:large","max-video-preview":"max-video-preview:-1"},"canonical":"http:\/\/www.reconoce.mx\/?p=83623","og_locale":"es_ES","og_type":"article","og_title":"\u00a1Conoce el 'detr\u00e1s de' Wild O'Fest 2019! &#171; Reconoce MX","og_description":"Si eres amante del g\u00e9nero surf, este es un festival que no puedes perderte. El\u00a0Wild O'Fest que est\u00e1 organizado por S\u00faper Bookers, agencia en Ciudad de M\u00e9xico que ha elegido cada uno de los talentos garage de tal manera que los seguidores de este g\u00e9nero musical gocen de \u00e9l,\u00a0llega a su cuarta edici\u00f3n.","og_url":"http:\/\/www.reconoce.mx\/?p=83623","og_site_name":"Reconoce MX","article_publisher":"https:\/\/es-la.facebook.com\/ReconoceMX\/","article_published_time":"2019-05-24T05:02:13+00:00","article_modified_time":"2019-06-05T22:46:58+00:00","og_image":[{"width":590,"height":380,"url":"http:\/\/www.reconoce.mx\/wp-content\/uploads\/2019\/05\/wild-o-fest-cover.jpg","type":"image\/jpeg"}],"author":"Alicia Avila","twitter_card":"summary_large_image","twitter_creator":"@reconocemx","twitter_site":"@reconocemx","twitter_misc":{"Escrito por":"Alicia Avila","Tiempo de lectura":"3 minutos"},"schema":{"@context":"https:\/\/schema.org","@graph":[{"@type":"Article","@id":"http:\/\/www.reconoce.mx\/?p=83623#article","isPartOf":{"@id":"http:\/\/www.reconoce.mx\/?p=83623"},"author":{"name":"Alicia Avila","@id":"http:\/\/www.reconoce.mx\/#\/schema\/person\/13140c419a0109493a28e609b5c2c027"},"headline":"\u00a1Conoce el &#8216;detr\u00e1s de&#8217; Wild O&#8217;Fest 2019!","datePublished":"2019-05-24T05:02:13+00:00","dateModified":"2019-06-05T22:46:58+00:00","mainEntityOfPage":{"@id":"http:\/\/www.reconoce.mx\/?p=83623"},"wordCount":692,"commentCount":0,"publisher":{"@id":"http:\/\/www.reconoce.mx\/#organization"},"image":{"@id":"http:\/\/www.reconoce.mx\/?p=83623#primaryimage"},"thumbnailUrl":"https:\/\/www.reconoce.mx\/wp-content\/uploads\/2019\/05\/wild-o-fest-cover.jpg","articleSection":["Cultura","M\u00fasica","Principal"],"inLanguage":"es","potentialAction":[{"@type":"CommentAction","name":"Comment","target":["http:\/\/www.reconoce.mx\/?p=83623#respond"]}]},{"@type":"WebPage","@id":"http:\/\/www.reconoce.mx\/?p=83623","url":"http:\/\/www.reconoce.mx\/?p=83623","name":"\u00a1Conoce el 'detr\u00e1s de' Wild O'Fest 2019! &#171; Reconoce MX","isPartOf":{"@id":"http:\/\/www.reconoce.mx\/#website"},"primaryImageOfPage":{"@id":"http:\/\/www.reconoce.mx\/?p=83623#primaryimage"},"image":{"@id":"http:\/\/www.reconoce.mx\/?p=83623#primaryimage"},"thumbnailUrl":"https:\/\/www.reconoce.mx\/wp-content\/uploads\/2019\/05\/wild-o-fest-cover.jpg","datePublished":"2019-05-24T05:02:13+00:00","dateModified":"2019-06-05T22:46:58+00:00","breadcrumb":{"@id":"http:\/\/www.reconoce.mx\/?p=83623#breadcrumb"},"inLanguage":"es","potentialAction":[{"@type":"ReadAction","target":["http:\/\/www.reconoce.mx\/?p=83623"]}]},{"@type":"ImageObject","inLanguage":"es","@id":"http:\/\/www.reconoce.mx\/?p=83623#primaryimage","url":"https:\/\/www.reconoce.mx\/wp-content\/uploads\/2019\/05\/wild-o-fest-cover.jpg","contentUrl":"https:\/\/www.reconoce.mx\/wp-content\/uploads\/2019\/05\/wild-o-fest-cover.jpg","width":590,"height":380},{"@type":"BreadcrumbList","@id":"http:\/\/www.reconoce.mx\/?p=83623#breadcrumb","itemListElement":[{"@type":"ListItem","position":1,"name":"Portada","item":"http:\/\/www.reconoce.mx\/"},{"@type":"ListItem","position":2,"name":"\u00a1Conoce el &#8216;detr\u00e1s de&#8217; Wild O&#8217;Fest 2019!"}]},{"@type":"WebSite","@id":"http:\/\/www.reconoce.mx\/#website","url":"http:\/\/www.reconoce.mx\/","name":"Reconoce MX","description":"En Reconoce MX difundimos arte, cultura y conciencia social en M\u00e9xico. Tu ciudad en otra perspectiva.","publisher":{"@id":"http:\/\/www.reconoce.mx\/#organization"},"potentialAction":[{"@type":"SearchAction","target":{"@type":"EntryPoint","urlTemplate":"http:\/\/www.reconoce.mx\/?s={search_term_string}"},"query-input":{"@type":"PropertyValueSpecification","valueRequired":true,"valueName":"search_term_string"}}],"inLanguage":"es"},{"@type":"Organization","@id":"http:\/\/www.reconoce.mx\/#organization","name":"Reconoce MX","url":"http:\/\/www.reconoce.mx\/","logo":{"@type":"ImageObject","inLanguage":"es","@id":"http:\/\/www.reconoce.mx\/#\/schema\/logo\/image\/","url":"https:\/\/www.reconoce.mx\/wp-content\/uploads\/2019\/03\/logorcmx-good-1.png","contentUrl":"https:\/\/www.reconoce.mx\/wp-content\/uploads\/2019\/03\/logorcmx-good-1.png","width":280,"height":90,"caption":"Reconoce MX"},"image":{"@id":"http:\/\/www.reconoce.mx\/#\/schema\/logo\/image\/"},"sameAs":["https:\/\/es-la.facebook.com\/ReconoceMX\/","https:\/\/x.com\/reconocemx","http:\/\/@reconocemx"]},{"@type":"Person","@id":"http:\/\/www.reconoce.mx\/#\/schema\/person\/13140c419a0109493a28e609b5c2c027","name":"Alicia Avila","image":{"@type":"ImageObject","inLanguage":"es","@id":"http:\/\/www.reconoce.mx\/#\/schema\/person\/image\/","url":"https:\/\/secure.gravatar.com\/avatar\/a3fee4f62440f99c279011988c0f31e8facd4737f434d902b4e177fe7c3ef931?s=96&d=identicon&r=g","contentUrl":"https:\/\/secure.gravatar.com\/avatar\/a3fee4f62440f99c279011988c0f31e8facd4737f434d902b4e177fe7c3ef931?s=96&d=identicon&r=g","caption":"Alicia Avila"},"url":"https:\/\/www.reconoce.mx\/?author=5"}]}},"_links":{"self":[{"href":"https:\/\/www.reconoce.mx\/index.php?rest_route=\/wp\/v2\/posts\/83623","targetHints":{"allow":["GET"]}}],"collection":[{"href":"https:\/\/www.reconoce.mx\/index.php?rest_route=\/wp\/v2\/posts"}],"about":[{"href":"https:\/\/www.reconoce.mx\/index.php?rest_route=\/wp\/v2\/types\/post"}],"author":[{"embeddable":true,"href":"https:\/\/www.reconoce.mx\/index.php?rest_route=\/wp\/v2\/users\/5"}],"replies":[{"embeddable":true,"href":"https:\/\/www.reconoce.mx\/index.php?rest_route=%2Fwp%2Fv2%2Fcomments&post=83623"}],"version-history":[{"count":7,"href":"https:\/\/www.reconoce.mx\/index.php?rest_route=\/wp\/v2\/posts\/83623\/revisions"}],"predecessor-version":[{"id":83699,"href":"https:\/\/www.reconoce.mx\/index.php?rest_route=\/wp\/v2\/posts\/83623\/revisions\/83699"}],"wp:featuredmedia":[{"embeddable":true,"href":"https:\/\/www.reconoce.mx\/index.php?rest_route=\/wp\/v2\/media\/83696"}],"wp:attachment":[{"href":"https:\/\/www.reconoce.mx\/index.php?rest_route=%2Fwp%2Fv2%2Fmedia&parent=83623"}],"wp:term":[{"taxonomy":"category","embeddable":true,"href":"https:\/\/www.reconoce.mx\/index.php?rest_route=%2Fwp%2Fv2%2Fcategories&post=83623"},{"taxonomy":"post_tag","embeddable":true,"href":"https:\/\/www.reconoce.mx\/index.php?rest_route=%2Fwp%2Fv2%2Ftags&post=83623"}],"curies":[{"name":"wp","href":"https:\/\/api.w.org\/{rel}","templated":true}]}}