{"id":83645,"date":"2019-06-05T00:02:23","date_gmt":"2019-06-05T05:02:23","guid":{"rendered":"http:\/\/www.reconoce.mx\/?p=83645"},"modified":"2019-06-05T12:03:58","modified_gmt":"2019-06-05T17:03:58","slug":"semanair-2019-entrevista-boson-de-higgs","status":"publish","type":"post","link":"https:\/\/www.reconoce.mx\/?p=83645","title":{"rendered":"#SemanaIR 2019: Entrevista Boson de Higgs"},"content":{"rendered":"<p><strong>Texto y fotos por <a href=\"https:\/\/twitter.com\/bere_alamo\" target=\"_blank\" rel=\"noopener noreferrer\">Berenice Alamilla Monta\u00f1o<\/a><\/strong>.<\/p>\n<p>Rumbo a la <strong>Semana Indie Rocks!<\/strong> tuvimos la oportunidad de platicar con <strong>Bos\u00f3n de Higgs<\/strong>, banda que abrir\u00e1 el tercer d\u00eda de esta cuarta edici\u00f3n por la celebraci\u00f3n del <strong>Foro Indie Rocks!<\/strong>. En la tercera noche, el escenario ser\u00e1 invadido por la nostalgia ochentera en manos de estos m\u00fasicos.<\/p>\n<p><a href=\"http:\/\/www.reconoce.mx\/wp-content\/uploads\/2019\/06\/unnamed.jpg\"><img loading=\"lazy\" decoding=\"async\" class=\"aligncenter size-full wp-image-83670\" src=\"http:\/\/www.reconoce.mx\/wp-content\/uploads\/2019\/06\/unnamed.jpg\" alt=\"\" width=\"1428\" height=\"2048\" srcset=\"https:\/\/www.reconoce.mx\/wp-content\/uploads\/2019\/06\/unnamed.jpg 1428w, https:\/\/www.reconoce.mx\/wp-content\/uploads\/2019\/06\/unnamed-209x300.jpg 209w, https:\/\/www.reconoce.mx\/wp-content\/uploads\/2019\/06\/unnamed-768x1101.jpg 768w, https:\/\/www.reconoce.mx\/wp-content\/uploads\/2019\/06\/unnamed-714x1024.jpg 714w, https:\/\/www.reconoce.mx\/wp-content\/uploads\/2019\/06\/unnamed-150x215.jpg 150w, https:\/\/www.reconoce.mx\/wp-content\/uploads\/2019\/06\/unnamed-700x1004.jpg 700w, https:\/\/www.reconoce.mx\/wp-content\/uploads\/2019\/06\/unnamed-658x944.jpg 658w, https:\/\/www.reconoce.mx\/wp-content\/uploads\/2019\/06\/unnamed-300x430.jpg 300w\" sizes=\"auto, (max-width: 1428px) 100vw, 1428px\" \/><\/a><\/p>\n<p>El estelar de la noche es <strong>Inner Wave,<\/strong> directamente desde Los \u00c1ngeles, quien a su corta edad ha logrado un \u00e9xito rotundo con su mezcla de <em>beats<\/em> latinos, hip hop, R&amp;B y <em>synth wave<\/em>. Sin embargo, <strong>Bos\u00f3n de Higgs<\/strong> no se queda atr\u00e1s; una banda que tiene tan s\u00f3lo tres sencillos en <strong>Spotify<\/strong>, un mont\u00f3n de energ\u00eda y buena vibra que viene arrasando con su estilo <em>new wave<\/em> y<em> synth pop<\/em> logrando un sonido distinto y nost\u00e1lgico.<\/p>\n<p>La banda originaria de Ciudad de M\u00e9xico, nos platic\u00f3 un poco acera de c\u00f3mo ha sido su r\u00e1pido ascenso en la escena musical. En sus propias palabras, <strong>Bos\u00f3n de Higgs<\/strong> es una banda que \u201cest\u00e1 muy inspirada por <strong>He-Man<\/strong>, por <strong>Mazinger Z<\/strong> y los <strong>Thundercats<\/strong>.\u201d Es un proyecto que empieza a formarse como banda en 2017, su primer sencillo ve la luz en noviembre de 2018.<\/p>\n<p><iframe title=\"Spotify Embed: Duele y Lo Sabes\" style=\"border-radius: 12px\" width=\"100%\" height=\"152\" frameborder=\"0\" allowfullscreen allow=\"autoplay; clipboard-write; encrypted-media; fullscreen; picture-in-picture\" loading=\"lazy\" src=\"https:\/\/open.spotify.com\/embed\/track\/0EnUOmh7yovliGPRycsivH?utm_source=oembed\"><\/iframe><\/p>\n<p>Con tres sencillos publicados, siguen trabajando en nuevo material. Su nuevo disco estar\u00e1 disponible el 21 de junio y llevar\u00e1 por nombre \u00abA\u00f1os luz\u00bb, el cual incluir\u00e1 las canciones que han sacado, as\u00ed como nuevo material, adem\u00e1s de que se vienen nuevos videos musicales y otras presentaciones en un futuro cercano.<\/p>\n<p><strong>Marco Romero<\/strong>, el bajista de la banda, nos confes\u00f3 que su sue\u00f1o con la banda es: \u201cConectar con muchas personas, poder hacer que nuestra m\u00fasica llegue a hacer sentir algo chido, positivo, a las dem\u00e1s personas, que las llegue a influir en su vida.\u201d <strong>Eduardo \u201cPepino\u201d<\/strong>, guitarrista y tecladista, un poco apenado dijo entre risas: \u201cYo iba a decir algo muy superficial, pero estuvo muy bonito lo que dijo Marco\u2026 pero mi sue\u00f1o es tocar en el <strong>Coachella<\/strong>, hacer un feed con <strong>Tame Impala<\/strong>, pero lo dijo y dije, qu\u00e9 hermosas palabras, mejor me voy a quedar callado.\u201d Con lo cual solo reforzaron la primera impresi\u00f3n que dan, una banda que naci\u00f3 entre amigos y se ha ido fortaleciendo con el tiempo.<\/p>\n<p><iframe title=\"Spotify Embed: El Observador\" style=\"border-radius: 12px\" width=\"100%\" height=\"152\" frameborder=\"0\" allowfullscreen allow=\"autoplay; clipboard-write; encrypted-media; fullscreen; picture-in-picture\" loading=\"lazy\" src=\"https:\/\/open.spotify.com\/embed\/track\/7jjPxjRkxDMGT1H8d5FkoT?utm_source=oembed\"><\/iframe><\/p>\n<p>\u201cTenemos muchas ganas de trabajar, de tocar donde se pueda, de poder mostrar nuestra m\u00fasica donde pueda llegar y est\u00e1 chido.\u201d Fueron las palabras con las que se despidieron. Sin duda es una banda que trae consigo buena vibra y sobre todo buena m\u00fasica, un imperdible este <strong>5 de junio<\/strong> en el <strong>Foro Indie Rocks!.<\/strong><\/p>\n<p>La<strong> Semana Indie Rocks!<\/strong> se celebra del 3 al 9 de junio de 2019 en el <strong>Foro Indie Rocks!<\/strong>. Boletos a la venta a trav\u00e9s de <a href=\"https:\/\/boletia.com\/eventos\/semanair\" target=\"_blank\" rel=\"noopener noreferrer\">Boletia<\/a>.<\/p>\n<p>&nbsp;<\/p>\n<p>&nbsp;<\/p>\n","protected":false},"excerpt":{"rendered":"<p>Rumbo a la Semana Indie Rocks! tuvimos la oportunidad de platicar con Bos\u00f3n de Higgs, banda que abrir\u00e1 el tercer d\u00eda de esta cuarta edici\u00f3n por la celebraci\u00f3n del Foro Indie Rocks!. <\/p>\n","protected":false},"author":5,"featured_media":83671,"comment_status":"open","ping_status":"open","sticky":false,"template":"","format":"standard","meta":{"footnotes":""},"categories":[1,18,17],"tags":[],"class_list":["post-83645","post","type-post","status-publish","format-standard","has-post-thumbnail","hentry","category-cultura","category-musica","category-principal"],"yoast_head":"<!-- This site is optimized with the Yoast SEO plugin v24.7 - https:\/\/yoast.com\/wordpress\/plugins\/seo\/ -->\n<title>#SemanaIR 2019: Entrevista Boson de Higgs &#171; Reconoce MX<\/title>\n<meta name=\"robots\" content=\"index, follow, max-snippet:-1, max-image-preview:large, max-video-preview:-1\" \/>\n<link rel=\"canonical\" href=\"http:\/\/www.reconoce.mx\/?p=83645\" \/>\n<meta property=\"og:locale\" content=\"es_ES\" \/>\n<meta property=\"og:type\" content=\"article\" \/>\n<meta property=\"og:title\" content=\"#SemanaIR 2019: Entrevista Boson de Higgs &#171; Reconoce MX\" \/>\n<meta property=\"og:description\" content=\"Rumbo a la Semana Indie Rocks! tuvimos la oportunidad de platicar con Bos\u00f3n de Higgs, banda que abrir\u00e1 el tercer d\u00eda de esta cuarta edici\u00f3n por la celebraci\u00f3n del Foro Indie Rocks!.\" \/>\n<meta property=\"og:url\" content=\"http:\/\/www.reconoce.mx\/?p=83645\" \/>\n<meta property=\"og:site_name\" content=\"Reconoce MX\" \/>\n<meta property=\"article:publisher\" content=\"https:\/\/es-la.facebook.com\/ReconoceMX\/\" \/>\n<meta property=\"article:published_time\" content=\"2019-06-05T05:02:23+00:00\" \/>\n<meta property=\"article:modified_time\" content=\"2019-06-05T17:03:58+00:00\" \/>\n<meta property=\"og:image\" content=\"http:\/\/www.reconoce.mx\/wp-content\/uploads\/2019\/06\/bos\u00f3n-de-higgs.jpg\" \/>\n\t<meta property=\"og:image:width\" content=\"590\" \/>\n\t<meta property=\"og:image:height\" content=\"380\" \/>\n\t<meta property=\"og:image:type\" content=\"image\/jpeg\" \/>\n<meta name=\"author\" content=\"Alicia Avila\" \/>\n<meta name=\"twitter:card\" content=\"summary_large_image\" \/>\n<meta name=\"twitter:creator\" content=\"@reconocemx\" \/>\n<meta name=\"twitter:site\" content=\"@reconocemx\" \/>\n<meta name=\"twitter:label1\" content=\"Escrito por\" \/>\n\t<meta name=\"twitter:data1\" content=\"Alicia Avila\" \/>\n\t<meta name=\"twitter:label2\" content=\"Tiempo de lectura\" \/>\n\t<meta name=\"twitter:data2\" content=\"2 minutos\" \/>\n<script type=\"application\/ld+json\" class=\"yoast-schema-graph\">{\"@context\":\"https:\/\/schema.org\",\"@graph\":[{\"@type\":\"Article\",\"@id\":\"http:\/\/www.reconoce.mx\/?p=83645#article\",\"isPartOf\":{\"@id\":\"http:\/\/www.reconoce.mx\/?p=83645\"},\"author\":{\"name\":\"Alicia Avila\",\"@id\":\"https:\/\/www.reconoce.mx\/#\/schema\/person\/13140c419a0109493a28e609b5c2c027\"},\"headline\":\"#SemanaIR 2019: Entrevista Boson de Higgs\",\"datePublished\":\"2019-06-05T05:02:23+00:00\",\"dateModified\":\"2019-06-05T17:03:58+00:00\",\"mainEntityOfPage\":{\"@id\":\"http:\/\/www.reconoce.mx\/?p=83645\"},\"wordCount\":498,\"commentCount\":0,\"publisher\":{\"@id\":\"https:\/\/www.reconoce.mx\/#organization\"},\"image\":{\"@id\":\"http:\/\/www.reconoce.mx\/?p=83645#primaryimage\"},\"thumbnailUrl\":\"https:\/\/www.reconoce.mx\/wp-content\/uploads\/2019\/06\/bos\u00f3n-de-higgs.jpg\",\"articleSection\":[\"Cultura\",\"M\u00fasica\",\"Principal\"],\"inLanguage\":\"es\",\"potentialAction\":[{\"@type\":\"CommentAction\",\"name\":\"Comment\",\"target\":[\"http:\/\/www.reconoce.mx\/?p=83645#respond\"]}]},{\"@type\":\"WebPage\",\"@id\":\"http:\/\/www.reconoce.mx\/?p=83645\",\"url\":\"http:\/\/www.reconoce.mx\/?p=83645\",\"name\":\"#SemanaIR 2019: Entrevista Boson de Higgs &#171; Reconoce MX\",\"isPartOf\":{\"@id\":\"https:\/\/www.reconoce.mx\/#website\"},\"primaryImageOfPage\":{\"@id\":\"http:\/\/www.reconoce.mx\/?p=83645#primaryimage\"},\"image\":{\"@id\":\"http:\/\/www.reconoce.mx\/?p=83645#primaryimage\"},\"thumbnailUrl\":\"https:\/\/www.reconoce.mx\/wp-content\/uploads\/2019\/06\/bos\u00f3n-de-higgs.jpg\",\"datePublished\":\"2019-06-05T05:02:23+00:00\",\"dateModified\":\"2019-06-05T17:03:58+00:00\",\"breadcrumb\":{\"@id\":\"http:\/\/www.reconoce.mx\/?p=83645#breadcrumb\"},\"inLanguage\":\"es\",\"potentialAction\":[{\"@type\":\"ReadAction\",\"target\":[\"http:\/\/www.reconoce.mx\/?p=83645\"]}]},{\"@type\":\"ImageObject\",\"inLanguage\":\"es\",\"@id\":\"http:\/\/www.reconoce.mx\/?p=83645#primaryimage\",\"url\":\"https:\/\/www.reconoce.mx\/wp-content\/uploads\/2019\/06\/bos\u00f3n-de-higgs.jpg\",\"contentUrl\":\"https:\/\/www.reconoce.mx\/wp-content\/uploads\/2019\/06\/bos\u00f3n-de-higgs.jpg\",\"width\":590,\"height\":380},{\"@type\":\"BreadcrumbList\",\"@id\":\"http:\/\/www.reconoce.mx\/?p=83645#breadcrumb\",\"itemListElement\":[{\"@type\":\"ListItem\",\"position\":1,\"name\":\"Portada\",\"item\":\"https:\/\/www.reconoce.mx\/\"},{\"@type\":\"ListItem\",\"position\":2,\"name\":\"#SemanaIR 2019: Entrevista Boson de Higgs\"}]},{\"@type\":\"WebSite\",\"@id\":\"https:\/\/www.reconoce.mx\/#website\",\"url\":\"https:\/\/www.reconoce.mx\/\",\"name\":\"Reconoce MX\",\"description\":\"En Reconoce MX difundimos arte, cultura y conciencia social en M\u00e9xico. Tu ciudad en otra perspectiva.\",\"publisher\":{\"@id\":\"https:\/\/www.reconoce.mx\/#organization\"},\"potentialAction\":[{\"@type\":\"SearchAction\",\"target\":{\"@type\":\"EntryPoint\",\"urlTemplate\":\"https:\/\/www.reconoce.mx\/?s={search_term_string}\"},\"query-input\":{\"@type\":\"PropertyValueSpecification\",\"valueRequired\":true,\"valueName\":\"search_term_string\"}}],\"inLanguage\":\"es\"},{\"@type\":\"Organization\",\"@id\":\"https:\/\/www.reconoce.mx\/#organization\",\"name\":\"Reconoce MX\",\"url\":\"https:\/\/www.reconoce.mx\/\",\"logo\":{\"@type\":\"ImageObject\",\"inLanguage\":\"es\",\"@id\":\"https:\/\/www.reconoce.mx\/#\/schema\/logo\/image\/\",\"url\":\"https:\/\/www.reconoce.mx\/wp-content\/uploads\/2019\/03\/logorcmx-good-1.png\",\"contentUrl\":\"https:\/\/www.reconoce.mx\/wp-content\/uploads\/2019\/03\/logorcmx-good-1.png\",\"width\":280,\"height\":90,\"caption\":\"Reconoce MX\"},\"image\":{\"@id\":\"https:\/\/www.reconoce.mx\/#\/schema\/logo\/image\/\"},\"sameAs\":[\"https:\/\/es-la.facebook.com\/ReconoceMX\/\",\"https:\/\/x.com\/reconocemx\",\"http:\/\/@reconocemx\"]},{\"@type\":\"Person\",\"@id\":\"https:\/\/www.reconoce.mx\/#\/schema\/person\/13140c419a0109493a28e609b5c2c027\",\"name\":\"Alicia Avila\",\"image\":{\"@type\":\"ImageObject\",\"inLanguage\":\"es\",\"@id\":\"https:\/\/www.reconoce.mx\/#\/schema\/person\/image\/\",\"url\":\"https:\/\/secure.gravatar.com\/avatar\/a3fee4f62440f99c279011988c0f31e8facd4737f434d902b4e177fe7c3ef931?s=96&d=identicon&r=g\",\"contentUrl\":\"https:\/\/secure.gravatar.com\/avatar\/a3fee4f62440f99c279011988c0f31e8facd4737f434d902b4e177fe7c3ef931?s=96&d=identicon&r=g\",\"caption\":\"Alicia Avila\"},\"url\":\"https:\/\/www.reconoce.mx\/?author=5\"}]}<\/script>\n<!-- \/ Yoast SEO plugin. -->","yoast_head_json":{"title":"#SemanaIR 2019: Entrevista Boson de Higgs &#171; Reconoce MX","robots":{"index":"index","follow":"follow","max-snippet":"max-snippet:-1","max-image-preview":"max-image-preview:large","max-video-preview":"max-video-preview:-1"},"canonical":"http:\/\/www.reconoce.mx\/?p=83645","og_locale":"es_ES","og_type":"article","og_title":"#SemanaIR 2019: Entrevista Boson de Higgs &#171; Reconoce MX","og_description":"Rumbo a la Semana Indie Rocks! tuvimos la oportunidad de platicar con Bos\u00f3n de Higgs, banda que abrir\u00e1 el tercer d\u00eda de esta cuarta edici\u00f3n por la celebraci\u00f3n del Foro Indie Rocks!.","og_url":"http:\/\/www.reconoce.mx\/?p=83645","og_site_name":"Reconoce MX","article_publisher":"https:\/\/es-la.facebook.com\/ReconoceMX\/","article_published_time":"2019-06-05T05:02:23+00:00","article_modified_time":"2019-06-05T17:03:58+00:00","og_image":[{"width":590,"height":380,"url":"http:\/\/www.reconoce.mx\/wp-content\/uploads\/2019\/06\/bos\u00f3n-de-higgs.jpg","type":"image\/jpeg"}],"author":"Alicia Avila","twitter_card":"summary_large_image","twitter_creator":"@reconocemx","twitter_site":"@reconocemx","twitter_misc":{"Escrito por":"Alicia Avila","Tiempo de lectura":"2 minutos"},"schema":{"@context":"https:\/\/schema.org","@graph":[{"@type":"Article","@id":"http:\/\/www.reconoce.mx\/?p=83645#article","isPartOf":{"@id":"http:\/\/www.reconoce.mx\/?p=83645"},"author":{"name":"Alicia Avila","@id":"https:\/\/www.reconoce.mx\/#\/schema\/person\/13140c419a0109493a28e609b5c2c027"},"headline":"#SemanaIR 2019: Entrevista Boson de Higgs","datePublished":"2019-06-05T05:02:23+00:00","dateModified":"2019-06-05T17:03:58+00:00","mainEntityOfPage":{"@id":"http:\/\/www.reconoce.mx\/?p=83645"},"wordCount":498,"commentCount":0,"publisher":{"@id":"https:\/\/www.reconoce.mx\/#organization"},"image":{"@id":"http:\/\/www.reconoce.mx\/?p=83645#primaryimage"},"thumbnailUrl":"https:\/\/www.reconoce.mx\/wp-content\/uploads\/2019\/06\/bos\u00f3n-de-higgs.jpg","articleSection":["Cultura","M\u00fasica","Principal"],"inLanguage":"es","potentialAction":[{"@type":"CommentAction","name":"Comment","target":["http:\/\/www.reconoce.mx\/?p=83645#respond"]}]},{"@type":"WebPage","@id":"http:\/\/www.reconoce.mx\/?p=83645","url":"http:\/\/www.reconoce.mx\/?p=83645","name":"#SemanaIR 2019: Entrevista Boson de Higgs &#171; Reconoce MX","isPartOf":{"@id":"https:\/\/www.reconoce.mx\/#website"},"primaryImageOfPage":{"@id":"http:\/\/www.reconoce.mx\/?p=83645#primaryimage"},"image":{"@id":"http:\/\/www.reconoce.mx\/?p=83645#primaryimage"},"thumbnailUrl":"https:\/\/www.reconoce.mx\/wp-content\/uploads\/2019\/06\/bos\u00f3n-de-higgs.jpg","datePublished":"2019-06-05T05:02:23+00:00","dateModified":"2019-06-05T17:03:58+00:00","breadcrumb":{"@id":"http:\/\/www.reconoce.mx\/?p=83645#breadcrumb"},"inLanguage":"es","potentialAction":[{"@type":"ReadAction","target":["http:\/\/www.reconoce.mx\/?p=83645"]}]},{"@type":"ImageObject","inLanguage":"es","@id":"http:\/\/www.reconoce.mx\/?p=83645#primaryimage","url":"https:\/\/www.reconoce.mx\/wp-content\/uploads\/2019\/06\/bos\u00f3n-de-higgs.jpg","contentUrl":"https:\/\/www.reconoce.mx\/wp-content\/uploads\/2019\/06\/bos\u00f3n-de-higgs.jpg","width":590,"height":380},{"@type":"BreadcrumbList","@id":"http:\/\/www.reconoce.mx\/?p=83645#breadcrumb","itemListElement":[{"@type":"ListItem","position":1,"name":"Portada","item":"https:\/\/www.reconoce.mx\/"},{"@type":"ListItem","position":2,"name":"#SemanaIR 2019: Entrevista Boson de Higgs"}]},{"@type":"WebSite","@id":"https:\/\/www.reconoce.mx\/#website","url":"https:\/\/www.reconoce.mx\/","name":"Reconoce MX","description":"En Reconoce MX difundimos arte, cultura y conciencia social en M\u00e9xico. Tu ciudad en otra perspectiva.","publisher":{"@id":"https:\/\/www.reconoce.mx\/#organization"},"potentialAction":[{"@type":"SearchAction","target":{"@type":"EntryPoint","urlTemplate":"https:\/\/www.reconoce.mx\/?s={search_term_string}"},"query-input":{"@type":"PropertyValueSpecification","valueRequired":true,"valueName":"search_term_string"}}],"inLanguage":"es"},{"@type":"Organization","@id":"https:\/\/www.reconoce.mx\/#organization","name":"Reconoce MX","url":"https:\/\/www.reconoce.mx\/","logo":{"@type":"ImageObject","inLanguage":"es","@id":"https:\/\/www.reconoce.mx\/#\/schema\/logo\/image\/","url":"https:\/\/www.reconoce.mx\/wp-content\/uploads\/2019\/03\/logorcmx-good-1.png","contentUrl":"https:\/\/www.reconoce.mx\/wp-content\/uploads\/2019\/03\/logorcmx-good-1.png","width":280,"height":90,"caption":"Reconoce MX"},"image":{"@id":"https:\/\/www.reconoce.mx\/#\/schema\/logo\/image\/"},"sameAs":["https:\/\/es-la.facebook.com\/ReconoceMX\/","https:\/\/x.com\/reconocemx","http:\/\/@reconocemx"]},{"@type":"Person","@id":"https:\/\/www.reconoce.mx\/#\/schema\/person\/13140c419a0109493a28e609b5c2c027","name":"Alicia Avila","image":{"@type":"ImageObject","inLanguage":"es","@id":"https:\/\/www.reconoce.mx\/#\/schema\/person\/image\/","url":"https:\/\/secure.gravatar.com\/avatar\/a3fee4f62440f99c279011988c0f31e8facd4737f434d902b4e177fe7c3ef931?s=96&d=identicon&r=g","contentUrl":"https:\/\/secure.gravatar.com\/avatar\/a3fee4f62440f99c279011988c0f31e8facd4737f434d902b4e177fe7c3ef931?s=96&d=identicon&r=g","caption":"Alicia Avila"},"url":"https:\/\/www.reconoce.mx\/?author=5"}]}},"_links":{"self":[{"href":"https:\/\/www.reconoce.mx\/index.php?rest_route=\/wp\/v2\/posts\/83645","targetHints":{"allow":["GET"]}}],"collection":[{"href":"https:\/\/www.reconoce.mx\/index.php?rest_route=\/wp\/v2\/posts"}],"about":[{"href":"https:\/\/www.reconoce.mx\/index.php?rest_route=\/wp\/v2\/types\/post"}],"author":[{"embeddable":true,"href":"https:\/\/www.reconoce.mx\/index.php?rest_route=\/wp\/v2\/users\/5"}],"replies":[{"embeddable":true,"href":"https:\/\/www.reconoce.mx\/index.php?rest_route=%2Fwp%2Fv2%2Fcomments&post=83645"}],"version-history":[{"count":4,"href":"https:\/\/www.reconoce.mx\/index.php?rest_route=\/wp\/v2\/posts\/83645\/revisions"}],"predecessor-version":[{"id":83674,"href":"https:\/\/www.reconoce.mx\/index.php?rest_route=\/wp\/v2\/posts\/83645\/revisions\/83674"}],"wp:featuredmedia":[{"embeddable":true,"href":"https:\/\/www.reconoce.mx\/index.php?rest_route=\/wp\/v2\/media\/83671"}],"wp:attachment":[{"href":"https:\/\/www.reconoce.mx\/index.php?rest_route=%2Fwp%2Fv2%2Fmedia&parent=83645"}],"wp:term":[{"taxonomy":"category","embeddable":true,"href":"https:\/\/www.reconoce.mx\/index.php?rest_route=%2Fwp%2Fv2%2Fcategories&post=83645"},{"taxonomy":"post_tag","embeddable":true,"href":"https:\/\/www.reconoce.mx\/index.php?rest_route=%2Fwp%2Fv2%2Ftags&post=83645"}],"curies":[{"name":"wp","href":"https:\/\/api.w.org\/{rel}","templated":true}]}}