{"id":83820,"date":"2019-05-30T00:02:27","date_gmt":"2019-05-30T05:02:27","guid":{"rendered":"http:\/\/www.reconoce.mx\/?p=83820"},"modified":"2019-06-12T10:10:16","modified_gmt":"2019-06-12T15:10:16","slug":"conoce-los-nominados-al-61-ariel","status":"publish","type":"post","link":"https:\/\/www.reconoce.mx\/?p=83820","title":{"rendered":"Conoce los nominados al 61\u00b0 Ariel"},"content":{"rendered":"<p><strong>Por <a title=\"@AsfaltosTweets\" href=\"http:\/\/twitter.com\/AsfaltosTweets\" target=\"_blank\" rel=\"noopener noreferrer\">Asfaltos<\/a><\/strong>.<\/p>\n<p>La <strong>Academia Mexicana de Artes y Ciencias Cinematogr\u00e1ficas<\/strong> anunci\u00f3 sus nominados al <strong>61\u00b0 Ariel<\/strong>, el premio a lo mejor del cine hecho en nuestro pa\u00eds.<\/p>\n<p>A realizarse el pr\u00f3ximo 24 de junio en <strong>Cineteca Nacional<\/strong>, la lista de nominados la encabeza la multipremiada cinta de<strong> Alfonso Cuar\u00f3n<\/strong>, ganadora del <strong>Oscar<\/strong>, la pel\u00edcula \u00abRoma\u00bb. \u00abRoma\u00bb consigui\u00f3 15 nominaciones. Le siguen las cintas \u00abLas ni\u00f1as bien\u00bb de <strong>Alejandra M\u00e1rquez Abella<\/strong>, y \u00abMuseo\u00bb de <strong>Alonso Ruizpalacios<\/strong> con 14 nominaciones. \u00abLa camarista\u00bb de <strong>Lila Avil\u00e9s<\/strong> aspira a 10 premios.<\/p>\n<p>El <strong>Ariel de Oro<\/strong> de la edici\u00f3n 61 ser\u00e1 para la guionista <strong>Paz Alicia Garciadiego<\/strong>, el actor<strong> H\u00e9ctor Bonilla<\/strong> y el reconocido dise\u00f1ador sonoro y sonidista <strong>Nerio Barberis<\/strong>.<\/p>\n<p>A continuaci\u00f3n te presentamos la lista completa de nominados.<\/p>\n<h2><strong>Mejor pel\u00edcula<\/strong><\/h2>\n<ul>\n<li>\u00abLa camarista\u00bb<\/li>\n<li>\u00ab<a href=\"http:\/\/www.reconoce.mx\/las-ninas-bien-el-dilema-entre-ser-y-no-ser-rico\/\" target=\"_blank\" rel=\"noopener noreferrer\">Las ni\u00f1as bien<\/a>\u00ab<\/li>\n<li>\u00ab<a href=\"http:\/\/www.reconoce.mx\/museo-entre-azul-y-buenas-noches\/\" target=\"_blank\" rel=\"noopener noreferrer\">Museo<\/a>\u00ab<\/li>\n<li>\u00ab<a href=\"http:\/\/www.reconoce.mx\/nuestro-tiempo-una-pelicula-llena-de-capas\/\" target=\"_blank\" rel=\"noopener noreferrer\">Nuestro tiempo<\/a>\u00ab<\/li>\n<li>\u00ab<a href=\"http:\/\/www.reconoce.mx\/roma-intima-y-personal-devastadora-y-dura\/\" target=\"_blank\" rel=\"noopener noreferrer\">Roma<\/a>\u00ab<\/li>\n<\/ul>\n<h2><strong>Mejor direcci\u00f3n<\/strong><\/h2>\n<ul>\n<li><strong>Lila Avil\u00e9s<\/strong> \u2013 \u00abLa camarista\u00bb<\/li>\n<li><strong>Alejandra M\u00e1rquez Abella<\/strong> \u2013 \u00ab<a href=\"http:\/\/www.reconoce.mx\/las-ninas-bien-el-dilema-entre-ser-y-no-ser-rico\/\" target=\"_blank\" rel=\"noopener noreferrer\">Las ni\u00f1as bien<\/a>\u00ab<\/li>\n<li><strong>Alonso Ruizpalacios<\/strong> \u2013 \u00ab<a href=\"http:\/\/www.reconoce.mx\/museo-entre-azul-y-buenas-noches\/\" target=\"_blank\" rel=\"noopener noreferrer\">Museo<\/a>\u00ab<\/li>\n<li><strong>Carlos Reygadas<\/strong> \u2013 \u00ab<a href=\"http:\/\/www.reconoce.mx\/nuestro-tiempo-una-pelicula-llena-de-capas\/\" target=\"_blank\" rel=\"noopener noreferrer\">Nuestro tiempo<\/a>\u00ab<\/li>\n<li><strong>Alfonso Cuar\u00f3n<\/strong> \u2013 \u00ab<a href=\"http:\/\/www.reconoce.mx\/roma-intima-y-personal-devastadora-y-dura\/\" target=\"_blank\" rel=\"noopener noreferrer\">Roma<\/a>\u00ab<\/li>\n<\/ul>\n<h2><strong>Mejor actor<\/strong><\/h2>\n<ul>\n<li><strong>Luis Gerardo M\u00e9ndez<\/strong> \u2013 \u00ab<a href=\"http:\/\/www.reconoce.mx\/bayoneta-una-historia-sobre-la-culpa-y-la-redencion\/\" target=\"_blank\" rel=\"noopener noreferrer\">Bayoneta<\/a>\u00ab<\/li>\n<li><strong>Dami\u00e1n Alc\u00e1zar<\/strong> \u2013 \u00ab<a href=\"http:\/\/www.reconoce.mx\/64muestra-de-la-infancia\/\" target=\"_blank\" rel=\"noopener noreferrer\">De la infancia<\/a>\u00ab<\/li>\n<li><strong>Baltimore Beltr\u00e1n<\/strong> \u2013 \u00ab<a href=\"http:\/\/www.reconoce.mx\/mente-revolver-3-vidas-alrededor-de-3-revolveres\/\" target=\"_blank\" rel=\"noopener noreferrer\">Mente rev\u00f3lver<\/a>\u00ab<\/li>\n<li><strong>Gael Garc\u00eda Bernal<\/strong> \u2013 \u00ab<a href=\"http:\/\/www.reconoce.mx\/museo-entre-azul-y-buenas-noches\/\" target=\"_blank\" rel=\"noopener noreferrer\">Museo<\/a>\u00ab<\/li>\n<li><strong>No\u00e9 Hern\u00e1ndez<\/strong> \u2013 \u00abOcho de cada diez\u00bb<\/li>\n<\/ul>\n<h2><strong>Mejor actriz<\/strong><\/h2>\n<ul>\n<li><strong>Concepci\u00f3n M\u00e1rquez<\/strong> \u2013 \u00abCr\u00eda puercos\u00bb<\/li>\n<li><strong>Gabriela Cartol<\/strong> \u2013 \u00abLa camarista\u00bb<\/li>\n<li><strong>Ilse Salas<\/strong> \u2013 \u00ab<a href=\"http:\/\/www.reconoce.mx\/las-ninas-bien-el-dilema-entre-ser-y-no-ser-rico\/\" target=\"_blank\" rel=\"noopener noreferrer\">Las ni\u00f1as bien<\/a>\u00ab<\/li>\n<li><strong>Sophie Alexander-Katz<\/strong> \u2013 \u00abLos d\u00edas m\u00e1s oscuros de nosotras\u00bb<\/li>\n<li><strong>Yalitza Aparicio<\/strong> \u2013 \u00ab<a href=\"http:\/\/www.reconoce.mx\/roma-intima-y-personal-devastadora-y-dura\/\" target=\"_blank\" rel=\"noopener noreferrer\">Roma<\/a>\u00ab<\/li>\n<\/ul>\n<h2><strong>Coactuaci\u00f3n masculina<\/strong><\/h2>\n<ul>\n<li><strong>Ernesto G\u00f3mez Cruz<\/strong> \u2013 \u00ab<a href=\"http:\/\/www.reconoce.mx\/64muestra-de-la-infancia\/\" target=\"_blank\" rel=\"noopener noreferrer\">De la infancia<\/a>\u00ab<\/li>\n<li><strong>Flavio Medina<\/strong> \u2013 \u00ab<a href=\"http:\/\/www.reconoce.mx\/las-ninas-bien-el-dilema-entre-ser-y-no-ser-rico\/\" target=\"_blank\" rel=\"noopener noreferrer\">Las ni\u00f1as bien<\/a>\u00ab<\/li>\n<li><strong>Hoze Mel\u00e9ndez<\/strong> \u2013 \u00ab<a href=\"http:\/\/www.reconoce.mx\/mente-revolver-3-vidas-alrededor-de-3-revolveres\/\" target=\"_blank\" rel=\"noopener noreferrer\">Mente rev\u00f3lver<\/a>\u00ab<\/li>\n<li><strong>Leonardo Ortizgris<\/strong> \u2013 \u00ab<a href=\"http:\/\/www.reconoce.mx\/museo-entre-azul-y-buenas-noches\/\" target=\"_blank\" rel=\"noopener noreferrer\">Museo<\/a>\u00ab<\/li>\n<li><strong>Jorge Antonio Guerrero<\/strong> \u2013 \u00ab<a href=\"http:\/\/www.reconoce.mx\/roma-intima-y-personal-devastadora-y-dura\/\" target=\"_blank\" rel=\"noopener noreferrer\">Roma<\/a>\u00ab<\/li>\n<\/ul>\n<h2><strong>Coactuaci\u00f3n femenina<\/strong><\/h2>\n<ul>\n<li><strong>Cassandra Ciangherotti<\/strong> \u2013 \u00ab<a href=\"http:\/\/www.reconoce.mx\/el-club-de-los-insomnes-la-vida-nocturna-de-esos-otros\/\" target=\"_blank\" rel=\"noopener noreferrer\">El club de los insomnes<\/a>\u00ab<\/li>\n<li><strong>Teresa S\u00e1nchez<\/strong> \u2013 \u00abLa camarista\u00bb<\/li>\n<li><strong>Cassandra Ciangherotti<\/strong> \u2013 \u00ab<a href=\"http:\/\/www.reconoce.mx\/las-ninas-bien-el-dilema-entre-ser-y-no-ser-rico\/\" target=\"_blank\" rel=\"noopener noreferrer\">Las ni\u00f1as bien<\/a>\u00ab<\/li>\n<li><strong>Paulina Gait\u00e1n<\/strong> \u2013 \u00ab<a href=\"http:\/\/www.reconoce.mx\/las-ninas-bien-el-dilema-entre-ser-y-no-ser-rico\/\" target=\"_blank\" rel=\"noopener noreferrer\">Las ni\u00f1as bien<\/a>\u00ab<\/li>\n<li><strong>Marina de Tavira<\/strong> \u2013 \u00ab<a href=\"http:\/\/www.reconoce.mx\/roma-intima-y-personal-devastadora-y-dura\/\" target=\"_blank\" rel=\"noopener noreferrer\">Roma<\/a>\u00ab<\/li>\n<\/ul>\n<h2><strong>Mejor documental<\/strong><\/h2>\n<ul>\n<li>\u00ab<a href=\"http:\/\/www.reconoce.mx\/ambulante2018-ayotzinapa-el-paso-de-la-tortuga\/\" target=\"_blank\" rel=\"noopener noreferrer\">Ayotzinapa, el paso de la tortuga<\/a>\u00bb \u2013 Dir. <strong>Enrique Garc\u00eda Meza<\/strong><\/li>\n<li>\u00ab<a href=\"http:\/\/www.reconoce.mx\/ambulante2018-hasta-los-dientes\/\" target=\"_blank\" rel=\"noopener noreferrer\">Hasta los dientes<\/a>\u00bb \u2013 Dir. <strong>Alberto Arnaut<\/strong><\/li>\n<li>\u00abRita, el documental\u00bb \u2013 Dir. <strong>Arturo D\u00edaz Santana<\/strong><\/li>\n<li>\u00ab<a href=\"http:\/\/www.reconoce.mx\/rush-hour-la-vida-que-se-nos-va-mientras-estamos-en-el-trafico\/\" target=\"_blank\" rel=\"noopener noreferrer\">Rush Hour<\/a>\u00bb \u2013 Dir. <strong>Luciana Kaplan<\/strong><\/li>\n<li>\u00ab<a href=\"http:\/\/www.reconoce.mx\/witkin-y-witkin-una-exploracion-sobre-el-arte\/\" target=\"_blank\" rel=\"noopener noreferrer\">Witkin y Witkin<\/a>\u00bb \u2013 Dir. <strong>Trisha Ziff<\/strong><\/li>\n<\/ul>\n<h2><strong>Revelaci\u00f3n actoral<\/strong><\/h2>\n<ul>\n<li><strong>Agustina Quinci<\/strong> \u2013 \u00abLa camarista\u00bb<\/li>\n<li><strong>Alan Uribe<\/strong> \u2013 \u00abLa camarista\u00bb<\/li>\n<li><strong>Benny Emmanuel<\/strong> \u2013 \u00ab<a href=\"http:\/\/www.reconoce.mx\/64muestra-de-la-infancia\/\" target=\"_blank\" rel=\"noopener noreferrer\">De la infancia<\/a>\u00ab<\/li>\n<li><strong>Bernardo Velasco<\/strong> \u2013 \u00ab<a href=\"http:\/\/www.reconoce.mx\/museo-entre-azul-y-buenas-noches\/\" target=\"_blank\" rel=\"noopener noreferrer\">Museo<\/a>\u00ab<\/li>\n<li><strong>Nancy Garc\u00eda<\/strong> \u2013 \u00ab<a href=\"http:\/\/www.reconoce.mx\/roma-intima-y-personal-devastadora-y-dura\/\" target=\"_blank\" rel=\"noopener noreferrer\">Roma<\/a>\u00ab<\/li>\n<\/ul>\n<h2><strong>Pel\u00edcula iberoamericana<\/strong><\/h2>\n<ul>\n<li>\u00abCampeones\u00bb (Espa\u00f1a) \u2013 Dir. <strong>Javier Fesser<\/strong><\/li>\n<li>\u00abEl \u00c1ngel\u00bb (Argentina) \u2013 Dir. <strong>Luis Ortega<\/strong><\/li>\n<li>\u00abLa noche de 12 a\u00f1os\u00bb (Uruguay) \u2013 Dir. <strong>\u00c1lvaro Brechner<\/strong><\/li>\n<li>\u00ab<a href=\"http:\/\/www.reconoce.mx\/las-herederas-un-diamante-paraguayo-la-tierra-de-mujeres\/\" target=\"_blank\" rel=\"noopener noreferrer\">Las herederas<\/a>\u00bb (Paraguay) \u2013 Dir. <strong>Marcelo Martinessi<\/strong><\/li>\n<li>\u00abP\u00e1jaros de verano\u00bb (Colombia) \u2013 Dir. <strong>Cristina Gallego y Ciro Guerra<\/strong><\/li>\n<\/ul>\n<h2><strong>Mejor fotograf\u00eda<\/strong><\/h2>\n<ul>\n<li><strong>Carlos F. Rossini<\/strong> \u2013 \u00abLa camarista\u00bb<\/li>\n<li><strong>Dariela Ludlow<\/strong> \u2013 \u00ab<a href=\"http:\/\/www.reconoce.mx\/las-ninas-bien-el-dilema-entre-ser-y-no-ser-rico\/\" target=\"_blank\" rel=\"noopener noreferrer\">Las ni\u00f1as bien<\/a>\u00ab<\/li>\n<li><strong>Dami\u00e1n Garc\u00eda<\/strong> \u2013 \u00ab<a href=\"http:\/\/www.reconoce.mx\/museo-entre-azul-y-buenas-noches\/\" target=\"_blank\" rel=\"noopener noreferrer\">Museo<\/a>\u00ab<\/li>\n<li><strong>Diego Garc\u00eda<\/strong> \u2013 \u00ab<a href=\"http:\/\/www.reconoce.mx\/nuestro-tiempo-una-pelicula-llena-de-capas\/\" target=\"_blank\" rel=\"noopener noreferrer\">Nuestro tiempo<\/a>\u00ab<\/li>\n<li><strong>Alfonso Cuar\u00f3n<\/strong> \u2013 \u00ab<a href=\"http:\/\/www.reconoce.mx\/roma-intima-y-personal-devastadora-y-dura\/\" target=\"_blank\" rel=\"noopener noreferrer\">Roma<\/a>\u00ab<\/li>\n<\/ul>\n<h2><strong>Mejor \u00f3pera prima<\/strong><\/h2>\n<ul>\n<li>\u00ab<a href=\"http:\/\/www.reconoce.mx\/ambulante2018-ayotzinapa-el-paso-de-la-tortuga\/\" target=\"_blank\" rel=\"noopener noreferrer\">Ayotzinapa, el paso de la tortuga<\/a>\u00bb \u2013 Dir. <strong>Enrique Garc\u00eda Meza<\/strong><\/li>\n<li>\u00abCr\u00eda puercos\u00bb \u2013 Dir. <strong>Eh\u00e9catl Garage<\/strong><\/li>\n<li>\u00ab<a href=\"http:\/\/www.reconoce.mx\/ambulante2018-hasta-los-dientes\/\" target=\"_blank\" rel=\"noopener noreferrer\">Hasta los dientes<\/a>\u00bb \u2013 Dir. <strong>Alberto Arnaut<\/strong><\/li>\n<li>\u00abLa camarista\u00bb \u2013 Dir. <strong>Lila Avil\u00e9s<\/strong><\/li>\n<li>\u00abLos d\u00edas m\u00e1s oscuros de nosotras\u00bb \u2013 Dir. <strong>Astrid Rondero Mart\u00ednez<\/strong><\/li>\n<\/ul>\n<h2><strong>Mejor cortometraje animado<\/strong><\/h2>\n<ul>\n<li>\u00ab\u00a1Justicia!\u00bb \u2013 <strong>Brandon Axel L\u00f3pez<\/strong><\/li>\n<li>\u00ab32-Rbit\u00bb \u2013<strong> V\u00edctor Orozco Ram\u00edrez<\/strong><\/li>\n<li>\u00abGina\u00bb \u2013 <strong>David Alejandro Heras<\/strong><\/li>\n<li>\u00abPrimos\u00bb \u2013 <strong>Federico Guti\u00e9rrez Obeso<\/strong><\/li>\n<li>\u00abViva el rey\u00bb \u2013 <strong>Luis T\u00e9llez<\/strong><\/li>\n<\/ul>\n<h2><strong>Mejor cortometraje documental<\/strong><\/h2>\n<ul>\n<li>\u00ab19 de septiembre\u00bb \u2013 <strong>Santiago Arau Pontones<\/strong>, <strong>Diego Rabasa<\/strong><\/li>\n<li>\u00abAutora\u00bb \u2013 <strong>Laura Garc\u00eda<\/strong><\/li>\n<li>\u00abLas visitadoras\u00bb \u2013 <strong>Sergio Blanco<\/strong><\/li>\n<li>\u00abM\u00bb \u2013 <strong>Eva Villase\u00f1or<\/strong><\/li>\n<li>\u00abSinfon\u00eda de un mar triste\u00bb \u2013 <strong>Carlos Morales<\/strong><\/li>\n<\/ul>\n<h2><strong>Mejor cortometraje de ficci\u00f3n<\/strong><\/h2>\n<ul>\n<li>\u00abArc\u00e1ngel\u00bb \u2013 <strong>\u00c1ngeles Cruz<\/strong><\/li>\n<li>\u00abB-167-980-098\u00bb \u2013 <strong>Santiago Arriaga<\/strong>, <strong>Mariana Arriaga<\/strong><\/li>\n<li>\u00abEl aire delgado\u00bb \u2013<strong> Pablo Giles<\/strong><\/li>\n<li>\u00abEl \u00faltimo rom\u00e1ntico\u00bb \u2013 <strong>Natalia Garc\u00eda Agraz<\/strong><\/li>\n<li>\u00abVelvet\u00bb \u2013<strong> Paula Hopf<\/strong><\/li>\n<li>\u00abVideotape\u00bb \u2013 <strong>Sandra Reynoso Estrada<\/strong><\/li>\n<\/ul>\n<h2><strong>Edici\u00f3n<\/strong><\/h2>\n<ul>\n<li><strong>Pedro G. Garc\u00eda<\/strong> \u2013 \u00ab<a href=\"http:\/\/www.reconoce.mx\/ambulante2018-hasta-los-dientes\/\" target=\"_blank\" rel=\"noopener noreferrer\">Hasta los dientes<\/a>\u00ab<\/li>\n<li><strong>Omar Guzm\u00e1n<\/strong> \u2013 \u00abLa camarista\u00bb<\/li>\n<li><strong>Miguel Schverdfinger<\/strong> \u2013 \u00ab<a href=\"http:\/\/www.reconoce.mx\/las-ninas-bien-el-dilema-entre-ser-y-no-ser-rico\/\" target=\"_blank\" rel=\"noopener noreferrer\">Las ni\u00f1as bien<\/a>\u00ab<\/li>\n<li><strong>Yibr\u00e1n Asuad<\/strong> \u2013 \u00ab<a href=\"http:\/\/www.reconoce.mx\/museo-entre-azul-y-buenas-noches\/\" target=\"_blank\" rel=\"noopener noreferrer\">Museo<\/a>\u00ab<\/li>\n<li><strong>Alfonso Cuar\u00f3n<\/strong>, <strong>Adam Gough<\/strong> \u2013 \u00ab<a href=\"http:\/\/www.reconoce.mx\/roma-intima-y-personal-devastadora-y-dura\/\" target=\"_blank\" rel=\"noopener noreferrer\">Roma<\/a>\u00ab<\/li>\n<\/ul>\n<h2><strong>Efectos especiales<\/strong><\/h2>\n<ul>\n<li><strong>Yoshiro Hern\u00e1ndez<\/strong> \u2013 \u00abCygnus\u00bb<\/li>\n<li><strong>Ricardo Arvizu<\/strong> \u2013 \u00ab<a href=\"http:\/\/www.reconoce.mx\/el-dia-de-la-union-homenaje-que-se-queda-corto\/\" target=\"_blank\" rel=\"noopener noreferrer\">El d\u00eda de la uni\u00f3n<\/a>\u00ab<\/li>\n<li>L<strong>uis Eduardo Ambriz<\/strong> \u2013 \u00ab<a href=\"http:\/\/www.reconoce.mx\/el-habitante-trepidante-cinta-de-terror-con-muchas-vueltas\/\" target=\"_blank\" rel=\"noopener noreferrer\">El habitante<\/a>\u00ab<\/li>\n<li><strong>Roberto Flores<\/strong> \u2013 \u00ab<a href=\"http:\/\/www.reconoce.mx\/la-gran-promesa-el-emotivo-reencuentro-entre-padre-e-hija\/\" target=\"_blank\" rel=\"noopener noreferrer\">La gran promesa<\/a>\u00ab<\/li>\n<li><strong>Alejandro V\u00e1zquez<\/strong> \u2013 \u00ab<a href=\"http:\/\/www.reconoce.mx\/roma-intima-y-personal-devastadora-y-dura\/\" target=\"_blank\" rel=\"noopener noreferrer\">Roma<\/a>\u00ab<\/li>\n<\/ul>\n<h2><strong>Efectos visuales<\/strong><\/h2>\n<ul>\n<li><strong>Ra\u00fal Prado<\/strong> \u2013 \u00ab<a href=\"http:\/\/www.reconoce.mx\/bayoneta-una-historia-sobre-la-culpa-y-la-redencion\/\" target=\"_blank\" rel=\"noopener noreferrer\">Bayoneta<\/a>\u00ab<\/li>\n<li><strong>Charlie Iturriaga<\/strong>, <strong>Cynthia Navarro<\/strong> \u2013 \u00ab<a href=\"http:\/\/www.reconoce.mx\/64muestra-de-la-infancia\/\" target=\"_blank\" rel=\"noopener noreferrer\">De la infancia<\/a>\u00ab<\/li>\n<li><strong>Marco Rodr\u00edguez<\/strong> \u2013 \u00ab<a href=\"http:\/\/www.reconoce.mx\/el-dia-de-la-union-homenaje-que-se-queda-corto\/\" target=\"_blank\" rel=\"noopener noreferrer\">El d\u00eda de la uni\u00f3n<\/a>\u00ab<\/li>\n<li><strong>Adriana Ben\u00edtez<\/strong> \u2013 \u00ab<a href=\"http:\/\/www.reconoce.mx\/museo-entre-azul-y-buenas-noches\/\" target=\"_blank\" rel=\"noopener noreferrer\">Museo<\/a>\u00ab<\/li>\n<li><strong>Sheldon Stopsack<\/strong>, <strong>David Griffiths<\/strong> \u2013 \u00ab<a href=\"http:\/\/www.reconoce.mx\/roma-intima-y-personal-devastadora-y-dura\/\" target=\"_blank\" rel=\"noopener noreferrer\">Roma<\/a>\u00ab<\/li>\n<\/ul>\n<h2><strong>Mejor guion adaptado<\/strong><\/h2>\n<ul>\n<li><strong>Daniel Emil<\/strong>, <strong>Flavio Gonz\u00e1lez Mello<\/strong> \u2013 \u00ab<a href=\"http:\/\/www.reconoce.mx\/ana-y-bruno-una-muy-emocionante-y-entranable-aventura\/\" target=\"_blank\" rel=\"noopener noreferrer\">Ana y Bruno<\/a>\u00ab<\/li>\n<li><strong>Silvia Pasternac<\/strong>, <strong>Carlos Carrera<\/strong>, <strong>Fernando Javier Le\u00f3n Rodr\u00edguez<\/strong> \u2013 \u00ab<a href=\"http:\/\/www.reconoce.mx\/64muestra-de-la-infancia\/\" target=\"_blank\" rel=\"noopener noreferrer\">De la infancia<\/a>\u00ab<\/li>\n<\/ul>\n<h2><strong>Guion original<\/strong><\/h2>\n<ul>\n<li><strong>Lila Avil\u00e9s<\/strong>, <strong>Juan M\u00e1rquez<\/strong> \u2013 \u00abLa camarista\u00bb<\/li>\n<li><strong>Alejandra M\u00e1rquez Abella<\/strong> \u2013 \u00ab<a href=\"http:\/\/www.reconoce.mx\/las-ninas-bien-el-dilema-entre-ser-y-no-ser-rico\/\" target=\"_blank\" rel=\"noopener noreferrer\">Las ni\u00f1as bien<\/a>\u00ab<\/li>\n<li><strong>Alonso Ruizpalacios<\/strong>, <strong>Manuel Alcal\u00e1<\/strong> \u2013 \u00ab<a href=\"http:\/\/www.reconoce.mx\/museo-entre-azul-y-buenas-noches\/\" target=\"_blank\" rel=\"noopener noreferrer\">Museo<\/a>\u00ab<\/li>\n<li><strong>Carlos Reygadas<\/strong> \u2013 \u00ab<a href=\"http:\/\/www.reconoce.mx\/nuestro-tiempo-una-pelicula-llena-de-capas\/\" target=\"_blank\" rel=\"noopener noreferrer\">Nuestro tiempo<\/a>\u00ab<\/li>\n<li><strong>Alfonso Cuar\u00f3n<\/strong> \u2013 \u00ab<a href=\"http:\/\/www.reconoce.mx\/roma-intima-y-personal-devastadora-y-dura\/\" target=\"_blank\" rel=\"noopener noreferrer\">Roma<\/a>\u00ab<\/li>\n<\/ul>\n<h2><strong>Mejor vestuario<\/strong><\/h2>\n<ul>\n<li><strong>Anna Terrazas<\/strong> \u2013 \u00ab<a href=\"http:\/\/www.reconoce.mx\/bayoneta-una-historia-sobre-la-culpa-y-la-redencion\/\" target=\"_blank\" rel=\"noopener noreferrer\">Bayoneta<\/a>\u00ab<\/li>\n<li><strong>Mariestela Fern\u00e1ndez<\/strong> \u2013 \u00ab<a href=\"http:\/\/www.reconoce.mx\/64muestra-de-la-infancia\/\" target=\"_blank\" rel=\"noopener noreferrer\">De la infancia<\/a>\u00ab<\/li>\n<li><strong>Mar\u00eda Annai Ramos Maza<\/strong> \u2013 \u00ab<a href=\"http:\/\/www.reconoce.mx\/las-ninas-bien-el-dilema-entre-ser-y-no-ser-rico\/\" target=\"_blank\" rel=\"noopener noreferrer\">Las ni\u00f1as bien<\/a>\u00ab<\/li>\n<li><strong>Malena de la Riva<\/strong> \u2013 \u00ab<a href=\"http:\/\/www.reconoce.mx\/museo-entre-azul-y-buenas-noches\/\" target=\"_blank\" rel=\"noopener noreferrer\">Museo<\/a>\u00ab<\/li>\n<li><strong>Anna Terrazas<\/strong> \u2013 \u00ab<a href=\"http:\/\/www.reconoce.mx\/roma-intima-y-personal-devastadora-y-dura\/\" target=\"_blank\" rel=\"noopener noreferrer\">Roma<\/a>\u00ab<\/li>\n<\/ul>\n<h2><strong>Mejor dise\u00f1o de arte<\/strong><\/h2>\n<ul>\n<li><strong>Salvador Parra<\/strong> \u2013 \u00ab<a href=\"http:\/\/www.reconoce.mx\/64muestra-de-la-infancia\/\" target=\"_blank\" rel=\"noopener noreferrer\">De la infancia<\/a>\u00ab<\/li>\n<li><strong>Claudio Ram\u00edrez Castelli<\/strong> \u2013 \u00ab<a href=\"http:\/\/www.reconoce.mx\/las-ninas-bien-el-dilema-entre-ser-y-no-ser-rico\/\" target=\"_blank\" rel=\"noopener noreferrer\">Las ni\u00f1as bien<\/a>\u00ab<\/li>\n<li><strong>Sandra Cabriada<\/strong> \u2013 \u00ab<a href=\"http:\/\/www.reconoce.mx\/museo-entre-azul-y-buenas-noches\/\" target=\"_blank\" rel=\"noopener noreferrer\">Museo<\/a>\u00ab<\/li>\n<li><strong>Alisarine Ducolomb<\/strong> \u2013 \u00abRestos de viento\u00bb<\/li>\n<li><strong>Eugenio Caballero<\/strong>, <strong>B\u00e1rbara Enr\u00edquez<\/strong>, <strong>Oscar Tello<\/strong>, <strong>Gabriel Cort\u00e9s<\/strong> \u2013 \u00ab<a href=\"http:\/\/www.reconoce.mx\/roma-intima-y-personal-devastadora-y-dura\/\" target=\"_blank\" rel=\"noopener noreferrer\">Roma<\/a>\u00ab<\/li>\n<\/ul>\n<h2><strong>Mejor largometraje animado<\/strong><\/h2>\n<ul>\n<li>\u00abAh\u00ed viene Cascarrabias\u00bb \u2013 <strong>Andr\u00e9s Couturier<\/strong><\/li>\n<li>\u00ab<a href=\"http:\/\/www.reconoce.mx\/ana-y-bruno-una-muy-emocionante-y-entranable-aventura\/\" target=\"_blank\" rel=\"noopener noreferrer\">Ana y Bruno<\/a>\u00bb \u2013 <strong>Carlos Carrera<\/strong><\/li>\n<li>\u00ab<a href=\"http:\/\/www.reconoce.mx\/el-angel-en-el-reloj-entranable-lucha-contra-el-tiempo\/\" target=\"_blank\" rel=\"noopener noreferrer\">El \u00e1ngel en el reloj<\/a>\u00bb \u2013 <strong>Miguel \u00c1ngel Uriegas<\/strong><\/li>\n<li>\u00abLa leyenda del Charro Negro\u00bb \u2013 <strong>Alberto \u201cChino\u201d Rodr\u00edguez<\/strong><\/li>\n<\/ul>\n<h2><strong>Mejor maquillaje<\/strong><\/h2>\n<ul>\n<li><strong>Adam Zoller<\/strong> \u2013 \u00ab<a href=\"http:\/\/www.reconoce.mx\/bayoneta-una-historia-sobre-la-culpa-y-la-redencion\/\" target=\"_blank\" rel=\"noopener noreferrer\">Bayoneta<\/a>\u00ab<\/li>\n<li><strong>Roberto Ortiz<\/strong> \u2013 \u00ab<a href=\"http:\/\/www.reconoce.mx\/el-dia-de-la-union-homenaje-que-se-queda-corto\/\" target=\"_blank\" rel=\"noopener noreferrer\">El d\u00eda de la uni\u00f3n<\/a>\u00ab<\/li>\n<li><strong>Pedro Guijarro Hidalgo<\/strong> \u2013 \u00ab<a href=\"http:\/\/www.reconoce.mx\/las-ninas-bien-el-dilema-entre-ser-y-no-ser-rico\/\" target=\"_blank\" rel=\"noopener noreferrer\">Las ni\u00f1as bien<\/a>\u00ab<\/li>\n<li><strong>Itzel Pe\u00f1a Garc\u00eda<\/strong> \u2013 \u00ab<a href=\"http:\/\/www.reconoce.mx\/museo-entre-azul-y-buenas-noches\/\" target=\"_blank\" rel=\"noopener noreferrer\">Museo<\/a>\u00ab<\/li>\n<li><strong>Anton Garfias<\/strong> \u2013 \u00ab<a href=\"http:\/\/www.reconoce.mx\/roma-intima-y-personal-devastadora-y-dura\/\" target=\"_blank\" rel=\"noopener noreferrer\">Roma<\/a>\u00ab<\/li>\n<\/ul>\n<h2><strong>M\u00fasica original<\/strong><\/h2>\n<ul>\n<li><strong>V\u00edctor Hern\u00e1ndez Stumpfhauser<\/strong> \u2013 \u00ab<a href=\"http:\/\/www.reconoce.mx\/ana-y-bruno-una-muy-emocionante-y-entranable-aventura\/\" target=\"_blank\" rel=\"noopener noreferrer\">Ana y Bruno<\/a>\u00ab<\/li>\n<li><strong>Topias Tiheasalo<\/strong> \u2013 \u00ab<a href=\"http:\/\/www.reconoce.mx\/bayoneta-una-historia-sobre-la-culpa-y-la-redencion\/\" target=\"_blank\" rel=\"noopener noreferrer\">Bayoneta<\/a>\u00ab<\/li>\n<li><strong>Tom\u00e1s Barreiro<\/strong> \u2013 \u00ab<a href=\"http:\/\/www.reconoce.mx\/las-ninas-bien-el-dilema-entre-ser-y-no-ser-rico\/\" target=\"_blank\" rel=\"noopener noreferrer\">Las ni\u00f1as bien<\/a>\u00ab<\/li>\n<li><strong>Tom\u00e1s Barreiro<\/strong> \u2013 \u00ab<a href=\"http:\/\/www.reconoce.mx\/museo-entre-azul-y-buenas-noches\/\" target=\"_blank\" rel=\"noopener noreferrer\">Museo<\/a>\u00ab<\/li>\n<li><strong>Jacobo Lieberman<\/strong> \u2013 \u00ab<a href=\"http:\/\/www.reconoce.mx\/witkin-y-witkin-una-exploracion-sobre-el-arte\/\" target=\"_blank\" rel=\"noopener noreferrer\">Witkin y Witkin<\/a>\u00ab<\/li>\n<\/ul>\n<h2><strong>Mejor sonido<\/strong><\/h2>\n<ul>\n<li><strong>Alejandro de Icaza<\/strong> \u2013 \u00ab<a href=\"http:\/\/www.reconoce.mx\/bayoneta-una-historia-sobre-la-culpa-y-la-redencion\/\" target=\"_blank\" rel=\"noopener noreferrer\">Bayoneta<\/a>\u00ab<\/li>\n<li><strong>Alejandro de Icaza<\/strong>, <strong>Anuar Yahya<\/strong> \u2013 \u00ab<a href=\"http:\/\/www.reconoce.mx\/las-ninas-bien-el-dilema-entre-ser-y-no-ser-rico\/\" target=\"_blank\" rel=\"noopener noreferrer\">Las ni\u00f1as bien<\/a>\u00ab<\/li>\n<li><strong>Javier Umpierrez<\/strong>, <strong>Isabel Mu\u00f1oz Cota<\/strong>, <strong>Jaime Baksht<\/strong>, <strong>Michelle Couttolenc<\/strong> \u2013 \u00ab<a href=\"http:\/\/www.reconoce.mx\/museo-entre-azul-y-buenas-noches\/\" target=\"_blank\" rel=\"noopener noreferrer\">Museo<\/a>\u00ab<\/li>\n<li><strong>Ra\u00fal Locatelli<\/strong>,<strong> Carlos Cort\u00e9s<\/strong>, <strong>Jaime Baksht<\/strong>, <strong>Michelle Couttolenc<\/strong> \u2013 \u00ab<a href=\"http:\/\/www.reconoce.mx\/nuestro-tiempo-una-pelicula-llena-de-capas\/\" target=\"_blank\" rel=\"noopener noreferrer\">Nuestro tiempo<\/a>\u00ab<\/li>\n<li><strong>Jos\u00e9 Antonio Garc\u00eda<\/strong>, <strong>Sergio D\u00edaz<\/strong>, <strong>Skip Lievsay<\/strong>, <strong>Craig Henigham<\/strong> \u2013 \u00ab<a href=\"http:\/\/www.reconoce.mx\/roma-intima-y-personal-devastadora-y-dura\/\" target=\"_blank\" rel=\"noopener noreferrer\">Roma<\/a>\u00ab<\/li>\n<\/ul>\n<p>&nbsp;<\/p>\n<p>&nbsp;<\/p>\n","protected":false},"excerpt":{"rendered":"<p>La Academia Mexicana de Artes y Ciencias Cinematogr\u00e1ficas anunci\u00f3 sus nominados al 61\u00b0 Ariel, el premio a lo mejor del cine hecho en nuestro pa\u00eds. <\/p>\n","protected":false},"author":2,"featured_media":83823,"comment_status":"open","ping_status":"open","sticky":false,"template":"","format":"standard","meta":{"footnotes":""},"categories":[24,1,17],"tags":[],"class_list":["post-83820","post","type-post","status-publish","format-standard","has-post-thumbnail","hentry","category-cine","category-cultura","category-principal"],"yoast_head":"<!-- This site is optimized with the Yoast SEO plugin v24.7 - https:\/\/yoast.com\/wordpress\/plugins\/seo\/ -->\n<title>Conoce los nominados al 61\u00b0 Ariel &#171; Reconoce MX<\/title>\n<meta name=\"robots\" content=\"index, follow, max-snippet:-1, max-image-preview:large, max-video-preview:-1\" \/>\n<link rel=\"canonical\" href=\"https:\/\/www.reconoce.mx\/?p=83820\" \/>\n<meta property=\"og:locale\" content=\"es_ES\" \/>\n<meta property=\"og:type\" content=\"article\" \/>\n<meta property=\"og:title\" content=\"Conoce los nominados al 61\u00b0 Ariel &#171; Reconoce MX\" \/>\n<meta property=\"og:description\" content=\"La Academia Mexicana de Artes y Ciencias Cinematogr\u00e1ficas anunci\u00f3 sus nominados al 61\u00b0 Ariel, el premio a lo mejor del cine hecho en nuestro pa\u00eds.\" \/>\n<meta property=\"og:url\" content=\"https:\/\/www.reconoce.mx\/?p=83820\" \/>\n<meta property=\"og:site_name\" content=\"Reconoce MX\" \/>\n<meta property=\"article:publisher\" content=\"https:\/\/es-la.facebook.com\/ReconoceMX\/\" \/>\n<meta property=\"article:published_time\" content=\"2019-05-30T05:02:27+00:00\" \/>\n<meta property=\"article:modified_time\" content=\"2019-06-12T15:10:16+00:00\" \/>\n<meta property=\"og:image\" content=\"https:\/\/www.reconoce.mx\/wp-content\/uploads\/2019\/06\/amacc-cover.jpg\" \/>\n\t<meta property=\"og:image:width\" content=\"590\" \/>\n\t<meta property=\"og:image:height\" content=\"380\" \/>\n\t<meta property=\"og:image:type\" content=\"image\/jpeg\" \/>\n<meta name=\"author\" content=\"Reconoce MX\" \/>\n<meta name=\"twitter:card\" content=\"summary_large_image\" \/>\n<meta name=\"twitter:creator\" content=\"@reconocemx\" \/>\n<meta name=\"twitter:site\" content=\"@reconocemx\" \/>\n<meta name=\"twitter:label1\" content=\"Escrito por\" \/>\n\t<meta name=\"twitter:data1\" content=\"Reconoce MX\" \/>\n\t<meta name=\"twitter:label2\" content=\"Tiempo de lectura\" \/>\n\t<meta name=\"twitter:data2\" content=\"5 minutos\" \/>\n<script type=\"application\/ld+json\" class=\"yoast-schema-graph\">{\"@context\":\"https:\/\/schema.org\",\"@graph\":[{\"@type\":\"Article\",\"@id\":\"https:\/\/www.reconoce.mx\/?p=83820#article\",\"isPartOf\":{\"@id\":\"https:\/\/www.reconoce.mx\/?p=83820\"},\"author\":{\"name\":\"Reconoce MX\",\"@id\":\"http:\/\/www.reconoce.mx\/#\/schema\/person\/2117e997d7051dc15d6880eaf9bca0b2\"},\"headline\":\"Conoce los nominados al 61\u00b0 Ariel\",\"datePublished\":\"2019-05-30T05:02:27+00:00\",\"dateModified\":\"2019-06-12T15:10:16+00:00\",\"mainEntityOfPage\":{\"@id\":\"https:\/\/www.reconoce.mx\/?p=83820\"},\"wordCount\":927,\"commentCount\":0,\"publisher\":{\"@id\":\"http:\/\/www.reconoce.mx\/#organization\"},\"image\":{\"@id\":\"https:\/\/www.reconoce.mx\/?p=83820#primaryimage\"},\"thumbnailUrl\":\"https:\/\/www.reconoce.mx\/wp-content\/uploads\/2019\/06\/amacc-cover.jpg\",\"articleSection\":[\"Cine\",\"Cultura\",\"Principal\"],\"inLanguage\":\"es\",\"potentialAction\":[{\"@type\":\"CommentAction\",\"name\":\"Comment\",\"target\":[\"https:\/\/www.reconoce.mx\/?p=83820#respond\"]}]},{\"@type\":\"WebPage\",\"@id\":\"https:\/\/www.reconoce.mx\/?p=83820\",\"url\":\"https:\/\/www.reconoce.mx\/?p=83820\",\"name\":\"Conoce los nominados al 61\u00b0 Ariel &#171; Reconoce MX\",\"isPartOf\":{\"@id\":\"http:\/\/www.reconoce.mx\/#website\"},\"primaryImageOfPage\":{\"@id\":\"https:\/\/www.reconoce.mx\/?p=83820#primaryimage\"},\"image\":{\"@id\":\"https:\/\/www.reconoce.mx\/?p=83820#primaryimage\"},\"thumbnailUrl\":\"https:\/\/www.reconoce.mx\/wp-content\/uploads\/2019\/06\/amacc-cover.jpg\",\"datePublished\":\"2019-05-30T05:02:27+00:00\",\"dateModified\":\"2019-06-12T15:10:16+00:00\",\"breadcrumb\":{\"@id\":\"https:\/\/www.reconoce.mx\/?p=83820#breadcrumb\"},\"inLanguage\":\"es\",\"potentialAction\":[{\"@type\":\"ReadAction\",\"target\":[\"https:\/\/www.reconoce.mx\/?p=83820\"]}]},{\"@type\":\"ImageObject\",\"inLanguage\":\"es\",\"@id\":\"https:\/\/www.reconoce.mx\/?p=83820#primaryimage\",\"url\":\"https:\/\/www.reconoce.mx\/wp-content\/uploads\/2019\/06\/amacc-cover.jpg\",\"contentUrl\":\"https:\/\/www.reconoce.mx\/wp-content\/uploads\/2019\/06\/amacc-cover.jpg\",\"width\":590,\"height\":380},{\"@type\":\"BreadcrumbList\",\"@id\":\"https:\/\/www.reconoce.mx\/?p=83820#breadcrumb\",\"itemListElement\":[{\"@type\":\"ListItem\",\"position\":1,\"name\":\"Portada\",\"item\":\"http:\/\/www.reconoce.mx\/\"},{\"@type\":\"ListItem\",\"position\":2,\"name\":\"Conoce los nominados al 61\u00b0 Ariel\"}]},{\"@type\":\"WebSite\",\"@id\":\"http:\/\/www.reconoce.mx\/#website\",\"url\":\"http:\/\/www.reconoce.mx\/\",\"name\":\"Reconoce MX\",\"description\":\"En Reconoce MX difundimos arte, cultura y conciencia social en M\u00e9xico. Tu ciudad en otra perspectiva.\",\"publisher\":{\"@id\":\"http:\/\/www.reconoce.mx\/#organization\"},\"potentialAction\":[{\"@type\":\"SearchAction\",\"target\":{\"@type\":\"EntryPoint\",\"urlTemplate\":\"http:\/\/www.reconoce.mx\/?s={search_term_string}\"},\"query-input\":{\"@type\":\"PropertyValueSpecification\",\"valueRequired\":true,\"valueName\":\"search_term_string\"}}],\"inLanguage\":\"es\"},{\"@type\":\"Organization\",\"@id\":\"http:\/\/www.reconoce.mx\/#organization\",\"name\":\"Reconoce MX\",\"url\":\"http:\/\/www.reconoce.mx\/\",\"logo\":{\"@type\":\"ImageObject\",\"inLanguage\":\"es\",\"@id\":\"http:\/\/www.reconoce.mx\/#\/schema\/logo\/image\/\",\"url\":\"https:\/\/www.reconoce.mx\/wp-content\/uploads\/2019\/03\/logorcmx-good-1.png\",\"contentUrl\":\"https:\/\/www.reconoce.mx\/wp-content\/uploads\/2019\/03\/logorcmx-good-1.png\",\"width\":280,\"height\":90,\"caption\":\"Reconoce MX\"},\"image\":{\"@id\":\"http:\/\/www.reconoce.mx\/#\/schema\/logo\/image\/\"},\"sameAs\":[\"https:\/\/es-la.facebook.com\/ReconoceMX\/\",\"https:\/\/x.com\/reconocemx\",\"http:\/\/@reconocemx\"]},{\"@type\":\"Person\",\"@id\":\"http:\/\/www.reconoce.mx\/#\/schema\/person\/2117e997d7051dc15d6880eaf9bca0b2\",\"name\":\"Reconoce MX\",\"image\":{\"@type\":\"ImageObject\",\"inLanguage\":\"es\",\"@id\":\"http:\/\/www.reconoce.mx\/#\/schema\/person\/image\/\",\"url\":\"https:\/\/secure.gravatar.com\/avatar\/6c8d4dc7569ca1c90c5fdcc349f839d5ddef6fe1e70b4337ead2ef1a4c43fc3a?s=96&d=identicon&r=g\",\"contentUrl\":\"https:\/\/secure.gravatar.com\/avatar\/6c8d4dc7569ca1c90c5fdcc349f839d5ddef6fe1e70b4337ead2ef1a4c43fc3a?s=96&d=identicon&r=g\",\"caption\":\"Reconoce MX\"},\"description\":\"Reconoce MX es un proyecto de difusi\u00f3n art\u00edstica, cultural y de conciencia social que est\u00e1 enfocado a difundir y fomentar el entretenimiento alternativo de calidad para todo el p\u00fablico que comparta el mismo entusiasmo.\",\"sameAs\":[\"http:\/\/www.reconoce.mx\"],\"url\":\"https:\/\/www.reconoce.mx\/?author=2\"}]}<\/script>\n<!-- \/ Yoast SEO plugin. -->","yoast_head_json":{"title":"Conoce los nominados al 61\u00b0 Ariel &#171; Reconoce MX","robots":{"index":"index","follow":"follow","max-snippet":"max-snippet:-1","max-image-preview":"max-image-preview:large","max-video-preview":"max-video-preview:-1"},"canonical":"https:\/\/www.reconoce.mx\/?p=83820","og_locale":"es_ES","og_type":"article","og_title":"Conoce los nominados al 61\u00b0 Ariel &#171; Reconoce MX","og_description":"La Academia Mexicana de Artes y Ciencias Cinematogr\u00e1ficas anunci\u00f3 sus nominados al 61\u00b0 Ariel, el premio a lo mejor del cine hecho en nuestro pa\u00eds.","og_url":"https:\/\/www.reconoce.mx\/?p=83820","og_site_name":"Reconoce MX","article_publisher":"https:\/\/es-la.facebook.com\/ReconoceMX\/","article_published_time":"2019-05-30T05:02:27+00:00","article_modified_time":"2019-06-12T15:10:16+00:00","og_image":[{"width":590,"height":380,"url":"https:\/\/www.reconoce.mx\/wp-content\/uploads\/2019\/06\/amacc-cover.jpg","type":"image\/jpeg"}],"author":"Reconoce MX","twitter_card":"summary_large_image","twitter_creator":"@reconocemx","twitter_site":"@reconocemx","twitter_misc":{"Escrito por":"Reconoce MX","Tiempo de lectura":"5 minutos"},"schema":{"@context":"https:\/\/schema.org","@graph":[{"@type":"Article","@id":"https:\/\/www.reconoce.mx\/?p=83820#article","isPartOf":{"@id":"https:\/\/www.reconoce.mx\/?p=83820"},"author":{"name":"Reconoce MX","@id":"http:\/\/www.reconoce.mx\/#\/schema\/person\/2117e997d7051dc15d6880eaf9bca0b2"},"headline":"Conoce los nominados al 61\u00b0 Ariel","datePublished":"2019-05-30T05:02:27+00:00","dateModified":"2019-06-12T15:10:16+00:00","mainEntityOfPage":{"@id":"https:\/\/www.reconoce.mx\/?p=83820"},"wordCount":927,"commentCount":0,"publisher":{"@id":"http:\/\/www.reconoce.mx\/#organization"},"image":{"@id":"https:\/\/www.reconoce.mx\/?p=83820#primaryimage"},"thumbnailUrl":"https:\/\/www.reconoce.mx\/wp-content\/uploads\/2019\/06\/amacc-cover.jpg","articleSection":["Cine","Cultura","Principal"],"inLanguage":"es","potentialAction":[{"@type":"CommentAction","name":"Comment","target":["https:\/\/www.reconoce.mx\/?p=83820#respond"]}]},{"@type":"WebPage","@id":"https:\/\/www.reconoce.mx\/?p=83820","url":"https:\/\/www.reconoce.mx\/?p=83820","name":"Conoce los nominados al 61\u00b0 Ariel &#171; Reconoce MX","isPartOf":{"@id":"http:\/\/www.reconoce.mx\/#website"},"primaryImageOfPage":{"@id":"https:\/\/www.reconoce.mx\/?p=83820#primaryimage"},"image":{"@id":"https:\/\/www.reconoce.mx\/?p=83820#primaryimage"},"thumbnailUrl":"https:\/\/www.reconoce.mx\/wp-content\/uploads\/2019\/06\/amacc-cover.jpg","datePublished":"2019-05-30T05:02:27+00:00","dateModified":"2019-06-12T15:10:16+00:00","breadcrumb":{"@id":"https:\/\/www.reconoce.mx\/?p=83820#breadcrumb"},"inLanguage":"es","potentialAction":[{"@type":"ReadAction","target":["https:\/\/www.reconoce.mx\/?p=83820"]}]},{"@type":"ImageObject","inLanguage":"es","@id":"https:\/\/www.reconoce.mx\/?p=83820#primaryimage","url":"https:\/\/www.reconoce.mx\/wp-content\/uploads\/2019\/06\/amacc-cover.jpg","contentUrl":"https:\/\/www.reconoce.mx\/wp-content\/uploads\/2019\/06\/amacc-cover.jpg","width":590,"height":380},{"@type":"BreadcrumbList","@id":"https:\/\/www.reconoce.mx\/?p=83820#breadcrumb","itemListElement":[{"@type":"ListItem","position":1,"name":"Portada","item":"http:\/\/www.reconoce.mx\/"},{"@type":"ListItem","position":2,"name":"Conoce los nominados al 61\u00b0 Ariel"}]},{"@type":"WebSite","@id":"http:\/\/www.reconoce.mx\/#website","url":"http:\/\/www.reconoce.mx\/","name":"Reconoce MX","description":"En Reconoce MX difundimos arte, cultura y conciencia social en M\u00e9xico. Tu ciudad en otra perspectiva.","publisher":{"@id":"http:\/\/www.reconoce.mx\/#organization"},"potentialAction":[{"@type":"SearchAction","target":{"@type":"EntryPoint","urlTemplate":"http:\/\/www.reconoce.mx\/?s={search_term_string}"},"query-input":{"@type":"PropertyValueSpecification","valueRequired":true,"valueName":"search_term_string"}}],"inLanguage":"es"},{"@type":"Organization","@id":"http:\/\/www.reconoce.mx\/#organization","name":"Reconoce MX","url":"http:\/\/www.reconoce.mx\/","logo":{"@type":"ImageObject","inLanguage":"es","@id":"http:\/\/www.reconoce.mx\/#\/schema\/logo\/image\/","url":"https:\/\/www.reconoce.mx\/wp-content\/uploads\/2019\/03\/logorcmx-good-1.png","contentUrl":"https:\/\/www.reconoce.mx\/wp-content\/uploads\/2019\/03\/logorcmx-good-1.png","width":280,"height":90,"caption":"Reconoce MX"},"image":{"@id":"http:\/\/www.reconoce.mx\/#\/schema\/logo\/image\/"},"sameAs":["https:\/\/es-la.facebook.com\/ReconoceMX\/","https:\/\/x.com\/reconocemx","http:\/\/@reconocemx"]},{"@type":"Person","@id":"http:\/\/www.reconoce.mx\/#\/schema\/person\/2117e997d7051dc15d6880eaf9bca0b2","name":"Reconoce MX","image":{"@type":"ImageObject","inLanguage":"es","@id":"http:\/\/www.reconoce.mx\/#\/schema\/person\/image\/","url":"https:\/\/secure.gravatar.com\/avatar\/6c8d4dc7569ca1c90c5fdcc349f839d5ddef6fe1e70b4337ead2ef1a4c43fc3a?s=96&d=identicon&r=g","contentUrl":"https:\/\/secure.gravatar.com\/avatar\/6c8d4dc7569ca1c90c5fdcc349f839d5ddef6fe1e70b4337ead2ef1a4c43fc3a?s=96&d=identicon&r=g","caption":"Reconoce MX"},"description":"Reconoce MX es un proyecto de difusi\u00f3n art\u00edstica, cultural y de conciencia social que est\u00e1 enfocado a difundir y fomentar el entretenimiento alternativo de calidad para todo el p\u00fablico que comparta el mismo entusiasmo.","sameAs":["http:\/\/www.reconoce.mx"],"url":"https:\/\/www.reconoce.mx\/?author=2"}]}},"_links":{"self":[{"href":"https:\/\/www.reconoce.mx\/index.php?rest_route=\/wp\/v2\/posts\/83820","targetHints":{"allow":["GET"]}}],"collection":[{"href":"https:\/\/www.reconoce.mx\/index.php?rest_route=\/wp\/v2\/posts"}],"about":[{"href":"https:\/\/www.reconoce.mx\/index.php?rest_route=\/wp\/v2\/types\/post"}],"author":[{"embeddable":true,"href":"https:\/\/www.reconoce.mx\/index.php?rest_route=\/wp\/v2\/users\/2"}],"replies":[{"embeddable":true,"href":"https:\/\/www.reconoce.mx\/index.php?rest_route=%2Fwp%2Fv2%2Fcomments&post=83820"}],"version-history":[{"count":4,"href":"https:\/\/www.reconoce.mx\/index.php?rest_route=\/wp\/v2\/posts\/83820\/revisions"}],"predecessor-version":[{"id":83828,"href":"https:\/\/www.reconoce.mx\/index.php?rest_route=\/wp\/v2\/posts\/83820\/revisions\/83828"}],"wp:featuredmedia":[{"embeddable":true,"href":"https:\/\/www.reconoce.mx\/index.php?rest_route=\/wp\/v2\/media\/83823"}],"wp:attachment":[{"href":"https:\/\/www.reconoce.mx\/index.php?rest_route=%2Fwp%2Fv2%2Fmedia&parent=83820"}],"wp:term":[{"taxonomy":"category","embeddable":true,"href":"https:\/\/www.reconoce.mx\/index.php?rest_route=%2Fwp%2Fv2%2Fcategories&post=83820"},{"taxonomy":"post_tag","embeddable":true,"href":"https:\/\/www.reconoce.mx\/index.php?rest_route=%2Fwp%2Fv2%2Ftags&post=83820"}],"curies":[{"name":"wp","href":"https:\/\/api.w.org\/{rel}","templated":true}]}}