{"id":83906,"date":"2019-05-28T00:02:43","date_gmt":"2019-05-28T05:02:43","guid":{"rendered":"http:\/\/www.reconoce.mx\/?p=83906"},"modified":"2019-06-21T11:19:29","modified_gmt":"2019-06-21T16:19:29","slug":"la-camarista-o-la-tragedia-de-la-invisibilidad","status":"publish","type":"post","link":"https:\/\/www.reconoce.mx\/?p=83906","title":{"rendered":"\u00abLa camarista\u00bb, o la tragedia de la invisibilidad"},"content":{"rendered":"<p><strong>Por <a title=\"@albercinefilos\" href=\"https:\/\/twitter.com\/albercinefilos\" target=\"_blank\" rel=\"noopener noreferrer\">Alberto Ruiz M\u00e9ndez<\/a><\/strong>.<\/p>\n<p>Ganadora del Premio a la \u00abMejor pel\u00edcula\u00bb en el <strong>Festival Internacional de Cine de Morelia<\/strong> en 2018, \u00abLa camarista\u00bb (M\u00e9xico, 2018) nos cuenta la historia de Eve una joven empleada en un hotel lujoso que pasa sus d\u00edas y noches arreglando los cuartos en espera de conseguir un mejor puesto de trabajo.<\/p>\n<p><a href=\"http:\/\/www.reconoce.mx\/wp-content\/uploads\/2019\/05\/la-camarista-p\u00f3ster.jpg\"><img loading=\"lazy\" decoding=\"async\" class=\"aligncenter size-full wp-image-83913\" src=\"http:\/\/www.reconoce.mx\/wp-content\/uploads\/2019\/05\/la-camarista-p\u00f3ster.jpg\" alt=\"\" width=\"687\" height=\"981\" srcset=\"https:\/\/www.reconoce.mx\/wp-content\/uploads\/2019\/05\/la-camarista-p\u00f3ster.jpg 687w, https:\/\/www.reconoce.mx\/wp-content\/uploads\/2019\/05\/la-camarista-p\u00f3ster-210x300.jpg 210w, https:\/\/www.reconoce.mx\/wp-content\/uploads\/2019\/05\/la-camarista-p\u00f3ster-150x214.jpg 150w, https:\/\/www.reconoce.mx\/wp-content\/uploads\/2019\/05\/la-camarista-p\u00f3ster-658x940.jpg 658w, https:\/\/www.reconoce.mx\/wp-content\/uploads\/2019\/05\/la-camarista-p\u00f3ster-300x428.jpg 300w\" sizes=\"auto, (max-width: 687px) 100vw, 687px\" \/><\/a><\/p>\n<p>Como espectadores la pel\u00edcula logra involucrarnos en su labor cotidiana, junto a Eve somos testigos de la indiferencia de los hu\u00e9spedes, de la exigencia de sus superiores, de la complicidad con sus compa\u00f1eros y de los breves momentos en lo que se logra una extra\u00f1a conexi\u00f3n entre los que cohabitan temporal o permanentemente en el hotel.<\/p>\n<p>La pel\u00edcula aprovecha de forma excepcional el espacio en que converge la vida de Eve porque los pasillos, las puertas, las regaderas, el cuarto de lavado, las oficinas en los s\u00f3tanos y las ventanas de los cuartos se convierten en un veh\u00edculo para que ella exprese su timidez, su enojo, su frustraci\u00f3n, su coraje, su deseo.<\/p>\n<p><a href=\"http:\/\/www.reconoce.mx\/wp-content\/uploads\/2019\/05\/la-camarista-2.jpg\"><img loading=\"lazy\" decoding=\"async\" class=\"aligncenter size-full wp-image-83910\" src=\"http:\/\/www.reconoce.mx\/wp-content\/uploads\/2019\/05\/la-camarista-2.jpg\" alt=\"\" width=\"590\" height=\"380\" srcset=\"https:\/\/www.reconoce.mx\/wp-content\/uploads\/2019\/05\/la-camarista-2.jpg 590w, https:\/\/www.reconoce.mx\/wp-content\/uploads\/2019\/05\/la-camarista-2-300x193.jpg 300w, https:\/\/www.reconoce.mx\/wp-content\/uploads\/2019\/05\/la-camarista-2-150x97.jpg 150w\" sizes=\"auto, (max-width: 590px) 100vw, 590px\" \/><\/a><\/p>\n<p>Pero en la pel\u00edcula dirigida por <strong>Lila Avil\u00e9s<\/strong> lo m\u00e1s importante es lo que no se ve. \u00abLa camarista\u00bb s\u00ed es un retrato sobre la soledad pero tambi\u00e9n es un ensayo sobre la imposibilidad de ser. En el caso de Eve es la imposibilidad de ser madre, de ser amiga, de ser amante, de ser exitosa. Al igual que ella nosotros vemos la ciudad a trav\u00e9s de las ventanas de los cuartos del hotel, pero \u00e9stas en vez de ser el umbral de salida hacia la calle, hacia su familia, hacia su hijo en realidad son un obst\u00e1culo insuperable para su libertad.<\/p>\n<p>El hotel es as\u00ed un monstruo de mil cabezas que se traga cada una de sus emociones, sus aspiraciones y sus esperanzas porque encadenada a un trabajo que le promete una mejor posici\u00f3n, somos testigos de c\u00f3mo le es imposible alzar la voz, sonre\u00edr excesivamente, andar por ciertos pasillos del hotel o establecer v\u00ednculos emocionales.<\/p>\n<style>.embed-container { position: relative; padding-bottom: 56.25%; height: 0; overflow: hidden; max-width: 100%; } .embed-container iframe, .embed-container object, .embed-container embed { position: absolute; top: 0; left: 0; width: 100%; height: 100%; }<\/style>\n<div class=\"embed-container\"><iframe src=\"https:\/\/www.youtube.com\/embed\/mDCDXWL-BmE\" frameborder=\"0\" allowfullscreen=\"allowfullscreen\"><\/iframe><\/div>\n<p>&nbsp;<\/p>\n<p>La pel\u00edcula tambi\u00e9n puede ser un ensayo sobre las contempor\u00e1neas condiciones laborales en las que, al igual que Eve, las personas est\u00e1n ya m\u00e1s acostumbradas a la luz artificial que a la luz del sol y en las que el dinero que ganan s\u00f3lo da la vuelta entre sus necesidades b\u00e1sicas y el lugar donde trabajan. Pero lo m\u00e1s importante en \u00abLa camarista\u00bb es lo que no se ve: a la aut\u00e9ntica Eve y su futuro.<\/p>\n<p style=\"text-align: right;\">Con im\u00e1genes cortes\u00eda de <strong>Cine Can\u00edbal<\/strong>.<\/p>\n<p>&nbsp;<\/p>\n<p>&nbsp;<\/p>\n","protected":false},"excerpt":{"rendered":"<p>Ganadora del Premio a la \u00abMejor pel\u00edcula\u00bb en el Festival Internacional de Cine de Morelia en 2018, \u00abLa camarista\u00bb (M\u00e9xico, 2018) nos cuenta la historia de Eve una joven empleada en un hotel lujoso que pasa sus d\u00edas y noches arreglando los cuartos en espera de conseguir un mejor puesto de trabajo.<\/p>\n","protected":false},"author":2,"featured_media":83912,"comment_status":"open","ping_status":"open","sticky":false,"template":"","format":"standard","meta":{"footnotes":""},"categories":[24,1,17],"tags":[],"class_list":["post-83906","post","type-post","status-publish","format-standard","has-post-thumbnail","hentry","category-cine","category-cultura","category-principal"],"yoast_head":"<!-- This site is optimized with the Yoast SEO plugin v24.7 - https:\/\/yoast.com\/wordpress\/plugins\/seo\/ -->\n<title>&quot;La camarista&quot;, o la tragedia de la invisibilidad &#171; Reconoce MX<\/title>\n<meta name=\"robots\" content=\"index, follow, max-snippet:-1, max-image-preview:large, max-video-preview:-1\" \/>\n<link rel=\"canonical\" href=\"https:\/\/www.reconoce.mx\/?p=83906\" \/>\n<meta property=\"og:locale\" content=\"es_ES\" \/>\n<meta property=\"og:type\" content=\"article\" \/>\n<meta property=\"og:title\" content=\"&quot;La camarista&quot;, o la tragedia de la invisibilidad &#171; Reconoce MX\" \/>\n<meta property=\"og:description\" content=\"Ganadora del Premio a la \u00abMejor pel\u00edcula\u00bb en el Festival Internacional de Cine de Morelia en 2018, \u00abLa camarista\u00bb (M\u00e9xico, 2018) nos cuenta la historia de Eve una joven empleada en un hotel lujoso que pasa sus d\u00edas y noches arreglando los cuartos en espera de conseguir un mejor puesto de trabajo.\" \/>\n<meta property=\"og:url\" content=\"https:\/\/www.reconoce.mx\/?p=83906\" \/>\n<meta property=\"og:site_name\" content=\"Reconoce MX\" \/>\n<meta property=\"article:publisher\" content=\"https:\/\/es-la.facebook.com\/ReconoceMX\/\" \/>\n<meta property=\"article:published_time\" content=\"2019-05-28T05:02:43+00:00\" \/>\n<meta property=\"article:modified_time\" content=\"2019-06-21T16:19:29+00:00\" \/>\n<meta property=\"og:image\" content=\"https:\/\/www.reconoce.mx\/wp-content\/uploads\/2019\/05\/la-camarista-cover.jpg\" \/>\n\t<meta property=\"og:image:width\" content=\"590\" \/>\n\t<meta property=\"og:image:height\" content=\"380\" \/>\n\t<meta property=\"og:image:type\" content=\"image\/jpeg\" \/>\n<meta name=\"author\" content=\"Reconoce MX\" \/>\n<meta name=\"twitter:card\" content=\"summary_large_image\" \/>\n<meta name=\"twitter:creator\" content=\"@reconocemx\" \/>\n<meta name=\"twitter:site\" content=\"@reconocemx\" \/>\n<meta name=\"twitter:label1\" content=\"Escrito por\" \/>\n\t<meta name=\"twitter:data1\" content=\"Reconoce MX\" \/>\n\t<meta name=\"twitter:label2\" content=\"Tiempo de lectura\" \/>\n\t<meta name=\"twitter:data2\" content=\"2 minutos\" \/>\n<script type=\"application\/ld+json\" class=\"yoast-schema-graph\">{\"@context\":\"https:\/\/schema.org\",\"@graph\":[{\"@type\":\"Article\",\"@id\":\"https:\/\/www.reconoce.mx\/?p=83906#article\",\"isPartOf\":{\"@id\":\"https:\/\/www.reconoce.mx\/?p=83906\"},\"author\":{\"name\":\"Reconoce MX\",\"@id\":\"http:\/\/www.reconoce.mx\/#\/schema\/person\/2117e997d7051dc15d6880eaf9bca0b2\"},\"headline\":\"\u00abLa camarista\u00bb, o la tragedia de la invisibilidad\",\"datePublished\":\"2019-05-28T05:02:43+00:00\",\"dateModified\":\"2019-06-21T16:19:29+00:00\",\"mainEntityOfPage\":{\"@id\":\"https:\/\/www.reconoce.mx\/?p=83906\"},\"wordCount\":451,\"commentCount\":0,\"publisher\":{\"@id\":\"http:\/\/www.reconoce.mx\/#organization\"},\"image\":{\"@id\":\"https:\/\/www.reconoce.mx\/?p=83906#primaryimage\"},\"thumbnailUrl\":\"https:\/\/www.reconoce.mx\/wp-content\/uploads\/2019\/05\/la-camarista-cover.jpg\",\"articleSection\":[\"Cine\",\"Cultura\",\"Principal\"],\"inLanguage\":\"es\",\"potentialAction\":[{\"@type\":\"CommentAction\",\"name\":\"Comment\",\"target\":[\"https:\/\/www.reconoce.mx\/?p=83906#respond\"]}]},{\"@type\":\"WebPage\",\"@id\":\"https:\/\/www.reconoce.mx\/?p=83906\",\"url\":\"https:\/\/www.reconoce.mx\/?p=83906\",\"name\":\"\\\"La camarista\\\", o la tragedia de la invisibilidad &#171; Reconoce MX\",\"isPartOf\":{\"@id\":\"http:\/\/www.reconoce.mx\/#website\"},\"primaryImageOfPage\":{\"@id\":\"https:\/\/www.reconoce.mx\/?p=83906#primaryimage\"},\"image\":{\"@id\":\"https:\/\/www.reconoce.mx\/?p=83906#primaryimage\"},\"thumbnailUrl\":\"https:\/\/www.reconoce.mx\/wp-content\/uploads\/2019\/05\/la-camarista-cover.jpg\",\"datePublished\":\"2019-05-28T05:02:43+00:00\",\"dateModified\":\"2019-06-21T16:19:29+00:00\",\"breadcrumb\":{\"@id\":\"https:\/\/www.reconoce.mx\/?p=83906#breadcrumb\"},\"inLanguage\":\"es\",\"potentialAction\":[{\"@type\":\"ReadAction\",\"target\":[\"https:\/\/www.reconoce.mx\/?p=83906\"]}]},{\"@type\":\"ImageObject\",\"inLanguage\":\"es\",\"@id\":\"https:\/\/www.reconoce.mx\/?p=83906#primaryimage\",\"url\":\"https:\/\/www.reconoce.mx\/wp-content\/uploads\/2019\/05\/la-camarista-cover.jpg\",\"contentUrl\":\"https:\/\/www.reconoce.mx\/wp-content\/uploads\/2019\/05\/la-camarista-cover.jpg\",\"width\":590,\"height\":380},{\"@type\":\"BreadcrumbList\",\"@id\":\"https:\/\/www.reconoce.mx\/?p=83906#breadcrumb\",\"itemListElement\":[{\"@type\":\"ListItem\",\"position\":1,\"name\":\"Portada\",\"item\":\"http:\/\/www.reconoce.mx\/\"},{\"@type\":\"ListItem\",\"position\":2,\"name\":\"\u00abLa camarista\u00bb, o la tragedia de la invisibilidad\"}]},{\"@type\":\"WebSite\",\"@id\":\"http:\/\/www.reconoce.mx\/#website\",\"url\":\"http:\/\/www.reconoce.mx\/\",\"name\":\"Reconoce MX\",\"description\":\"En Reconoce MX difundimos arte, cultura y conciencia social en M\u00e9xico. Tu ciudad en otra perspectiva.\",\"publisher\":{\"@id\":\"http:\/\/www.reconoce.mx\/#organization\"},\"potentialAction\":[{\"@type\":\"SearchAction\",\"target\":{\"@type\":\"EntryPoint\",\"urlTemplate\":\"http:\/\/www.reconoce.mx\/?s={search_term_string}\"},\"query-input\":{\"@type\":\"PropertyValueSpecification\",\"valueRequired\":true,\"valueName\":\"search_term_string\"}}],\"inLanguage\":\"es\"},{\"@type\":\"Organization\",\"@id\":\"http:\/\/www.reconoce.mx\/#organization\",\"name\":\"Reconoce MX\",\"url\":\"http:\/\/www.reconoce.mx\/\",\"logo\":{\"@type\":\"ImageObject\",\"inLanguage\":\"es\",\"@id\":\"http:\/\/www.reconoce.mx\/#\/schema\/logo\/image\/\",\"url\":\"https:\/\/www.reconoce.mx\/wp-content\/uploads\/2019\/03\/logorcmx-good-1.png\",\"contentUrl\":\"https:\/\/www.reconoce.mx\/wp-content\/uploads\/2019\/03\/logorcmx-good-1.png\",\"width\":280,\"height\":90,\"caption\":\"Reconoce MX\"},\"image\":{\"@id\":\"http:\/\/www.reconoce.mx\/#\/schema\/logo\/image\/\"},\"sameAs\":[\"https:\/\/es-la.facebook.com\/ReconoceMX\/\",\"https:\/\/x.com\/reconocemx\",\"http:\/\/@reconocemx\"]},{\"@type\":\"Person\",\"@id\":\"http:\/\/www.reconoce.mx\/#\/schema\/person\/2117e997d7051dc15d6880eaf9bca0b2\",\"name\":\"Reconoce MX\",\"image\":{\"@type\":\"ImageObject\",\"inLanguage\":\"es\",\"@id\":\"http:\/\/www.reconoce.mx\/#\/schema\/person\/image\/\",\"url\":\"https:\/\/secure.gravatar.com\/avatar\/6c8d4dc7569ca1c90c5fdcc349f839d5ddef6fe1e70b4337ead2ef1a4c43fc3a?s=96&d=identicon&r=g\",\"contentUrl\":\"https:\/\/secure.gravatar.com\/avatar\/6c8d4dc7569ca1c90c5fdcc349f839d5ddef6fe1e70b4337ead2ef1a4c43fc3a?s=96&d=identicon&r=g\",\"caption\":\"Reconoce MX\"},\"description\":\"Reconoce MX es un proyecto de difusi\u00f3n art\u00edstica, cultural y de conciencia social que est\u00e1 enfocado a difundir y fomentar el entretenimiento alternativo de calidad para todo el p\u00fablico que comparta el mismo entusiasmo.\",\"sameAs\":[\"http:\/\/www.reconoce.mx\"],\"url\":\"https:\/\/www.reconoce.mx\/?author=2\"}]}<\/script>\n<!-- \/ Yoast SEO plugin. -->","yoast_head_json":{"title":"\"La camarista\", o la tragedia de la invisibilidad &#171; Reconoce MX","robots":{"index":"index","follow":"follow","max-snippet":"max-snippet:-1","max-image-preview":"max-image-preview:large","max-video-preview":"max-video-preview:-1"},"canonical":"https:\/\/www.reconoce.mx\/?p=83906","og_locale":"es_ES","og_type":"article","og_title":"\"La camarista\", o la tragedia de la invisibilidad &#171; Reconoce MX","og_description":"Ganadora del Premio a la \u00abMejor pel\u00edcula\u00bb en el Festival Internacional de Cine de Morelia en 2018, \u00abLa camarista\u00bb (M\u00e9xico, 2018) nos cuenta la historia de Eve una joven empleada en un hotel lujoso que pasa sus d\u00edas y noches arreglando los cuartos en espera de conseguir un mejor puesto de trabajo.","og_url":"https:\/\/www.reconoce.mx\/?p=83906","og_site_name":"Reconoce MX","article_publisher":"https:\/\/es-la.facebook.com\/ReconoceMX\/","article_published_time":"2019-05-28T05:02:43+00:00","article_modified_time":"2019-06-21T16:19:29+00:00","og_image":[{"width":590,"height":380,"url":"https:\/\/www.reconoce.mx\/wp-content\/uploads\/2019\/05\/la-camarista-cover.jpg","type":"image\/jpeg"}],"author":"Reconoce MX","twitter_card":"summary_large_image","twitter_creator":"@reconocemx","twitter_site":"@reconocemx","twitter_misc":{"Escrito por":"Reconoce MX","Tiempo de lectura":"2 minutos"},"schema":{"@context":"https:\/\/schema.org","@graph":[{"@type":"Article","@id":"https:\/\/www.reconoce.mx\/?p=83906#article","isPartOf":{"@id":"https:\/\/www.reconoce.mx\/?p=83906"},"author":{"name":"Reconoce MX","@id":"http:\/\/www.reconoce.mx\/#\/schema\/person\/2117e997d7051dc15d6880eaf9bca0b2"},"headline":"\u00abLa camarista\u00bb, o la tragedia de la invisibilidad","datePublished":"2019-05-28T05:02:43+00:00","dateModified":"2019-06-21T16:19:29+00:00","mainEntityOfPage":{"@id":"https:\/\/www.reconoce.mx\/?p=83906"},"wordCount":451,"commentCount":0,"publisher":{"@id":"http:\/\/www.reconoce.mx\/#organization"},"image":{"@id":"https:\/\/www.reconoce.mx\/?p=83906#primaryimage"},"thumbnailUrl":"https:\/\/www.reconoce.mx\/wp-content\/uploads\/2019\/05\/la-camarista-cover.jpg","articleSection":["Cine","Cultura","Principal"],"inLanguage":"es","potentialAction":[{"@type":"CommentAction","name":"Comment","target":["https:\/\/www.reconoce.mx\/?p=83906#respond"]}]},{"@type":"WebPage","@id":"https:\/\/www.reconoce.mx\/?p=83906","url":"https:\/\/www.reconoce.mx\/?p=83906","name":"\"La camarista\", o la tragedia de la invisibilidad &#171; Reconoce MX","isPartOf":{"@id":"http:\/\/www.reconoce.mx\/#website"},"primaryImageOfPage":{"@id":"https:\/\/www.reconoce.mx\/?p=83906#primaryimage"},"image":{"@id":"https:\/\/www.reconoce.mx\/?p=83906#primaryimage"},"thumbnailUrl":"https:\/\/www.reconoce.mx\/wp-content\/uploads\/2019\/05\/la-camarista-cover.jpg","datePublished":"2019-05-28T05:02:43+00:00","dateModified":"2019-06-21T16:19:29+00:00","breadcrumb":{"@id":"https:\/\/www.reconoce.mx\/?p=83906#breadcrumb"},"inLanguage":"es","potentialAction":[{"@type":"ReadAction","target":["https:\/\/www.reconoce.mx\/?p=83906"]}]},{"@type":"ImageObject","inLanguage":"es","@id":"https:\/\/www.reconoce.mx\/?p=83906#primaryimage","url":"https:\/\/www.reconoce.mx\/wp-content\/uploads\/2019\/05\/la-camarista-cover.jpg","contentUrl":"https:\/\/www.reconoce.mx\/wp-content\/uploads\/2019\/05\/la-camarista-cover.jpg","width":590,"height":380},{"@type":"BreadcrumbList","@id":"https:\/\/www.reconoce.mx\/?p=83906#breadcrumb","itemListElement":[{"@type":"ListItem","position":1,"name":"Portada","item":"http:\/\/www.reconoce.mx\/"},{"@type":"ListItem","position":2,"name":"\u00abLa camarista\u00bb, o la tragedia de la invisibilidad"}]},{"@type":"WebSite","@id":"http:\/\/www.reconoce.mx\/#website","url":"http:\/\/www.reconoce.mx\/","name":"Reconoce MX","description":"En Reconoce MX difundimos arte, cultura y conciencia social en M\u00e9xico. Tu ciudad en otra perspectiva.","publisher":{"@id":"http:\/\/www.reconoce.mx\/#organization"},"potentialAction":[{"@type":"SearchAction","target":{"@type":"EntryPoint","urlTemplate":"http:\/\/www.reconoce.mx\/?s={search_term_string}"},"query-input":{"@type":"PropertyValueSpecification","valueRequired":true,"valueName":"search_term_string"}}],"inLanguage":"es"},{"@type":"Organization","@id":"http:\/\/www.reconoce.mx\/#organization","name":"Reconoce MX","url":"http:\/\/www.reconoce.mx\/","logo":{"@type":"ImageObject","inLanguage":"es","@id":"http:\/\/www.reconoce.mx\/#\/schema\/logo\/image\/","url":"https:\/\/www.reconoce.mx\/wp-content\/uploads\/2019\/03\/logorcmx-good-1.png","contentUrl":"https:\/\/www.reconoce.mx\/wp-content\/uploads\/2019\/03\/logorcmx-good-1.png","width":280,"height":90,"caption":"Reconoce MX"},"image":{"@id":"http:\/\/www.reconoce.mx\/#\/schema\/logo\/image\/"},"sameAs":["https:\/\/es-la.facebook.com\/ReconoceMX\/","https:\/\/x.com\/reconocemx","http:\/\/@reconocemx"]},{"@type":"Person","@id":"http:\/\/www.reconoce.mx\/#\/schema\/person\/2117e997d7051dc15d6880eaf9bca0b2","name":"Reconoce MX","image":{"@type":"ImageObject","inLanguage":"es","@id":"http:\/\/www.reconoce.mx\/#\/schema\/person\/image\/","url":"https:\/\/secure.gravatar.com\/avatar\/6c8d4dc7569ca1c90c5fdcc349f839d5ddef6fe1e70b4337ead2ef1a4c43fc3a?s=96&d=identicon&r=g","contentUrl":"https:\/\/secure.gravatar.com\/avatar\/6c8d4dc7569ca1c90c5fdcc349f839d5ddef6fe1e70b4337ead2ef1a4c43fc3a?s=96&d=identicon&r=g","caption":"Reconoce MX"},"description":"Reconoce MX es un proyecto de difusi\u00f3n art\u00edstica, cultural y de conciencia social que est\u00e1 enfocado a difundir y fomentar el entretenimiento alternativo de calidad para todo el p\u00fablico que comparta el mismo entusiasmo.","sameAs":["http:\/\/www.reconoce.mx"],"url":"https:\/\/www.reconoce.mx\/?author=2"}]}},"_links":{"self":[{"href":"https:\/\/www.reconoce.mx\/index.php?rest_route=\/wp\/v2\/posts\/83906","targetHints":{"allow":["GET"]}}],"collection":[{"href":"https:\/\/www.reconoce.mx\/index.php?rest_route=\/wp\/v2\/posts"}],"about":[{"href":"https:\/\/www.reconoce.mx\/index.php?rest_route=\/wp\/v2\/types\/post"}],"author":[{"embeddable":true,"href":"https:\/\/www.reconoce.mx\/index.php?rest_route=\/wp\/v2\/users\/2"}],"replies":[{"embeddable":true,"href":"https:\/\/www.reconoce.mx\/index.php?rest_route=%2Fwp%2Fv2%2Fcomments&post=83906"}],"version-history":[{"count":4,"href":"https:\/\/www.reconoce.mx\/index.php?rest_route=\/wp\/v2\/posts\/83906\/revisions"}],"predecessor-version":[{"id":83928,"href":"https:\/\/www.reconoce.mx\/index.php?rest_route=\/wp\/v2\/posts\/83906\/revisions\/83928"}],"wp:featuredmedia":[{"embeddable":true,"href":"https:\/\/www.reconoce.mx\/index.php?rest_route=\/wp\/v2\/media\/83912"}],"wp:attachment":[{"href":"https:\/\/www.reconoce.mx\/index.php?rest_route=%2Fwp%2Fv2%2Fmedia&parent=83906"}],"wp:term":[{"taxonomy":"category","embeddable":true,"href":"https:\/\/www.reconoce.mx\/index.php?rest_route=%2Fwp%2Fv2%2Fcategories&post=83906"},{"taxonomy":"post_tag","embeddable":true,"href":"https:\/\/www.reconoce.mx\/index.php?rest_route=%2Fwp%2Fv2%2Ftags&post=83906"}],"curies":[{"name":"wp","href":"https:\/\/api.w.org\/{rel}","templated":true}]}}