{"id":83971,"date":"2019-06-27T00:01:46","date_gmt":"2019-06-27T05:01:46","guid":{"rendered":"http:\/\/www.reconoce.mx\/?p=83971"},"modified":"2019-06-27T09:44:31","modified_gmt":"2019-06-27T14:44:31","slug":"sembrando-vida-y-acortando-voces-imer-y-la-controversia-de-la-4t","status":"publish","type":"post","link":"https:\/\/www.reconoce.mx\/?p=83971","title":{"rendered":"Sembrando vida y acortando voces; IMER y la controversia de la 4T"},"content":{"rendered":"<p><a href=\"http:\/\/www.reconoce.mx\/category\/conciencia\/\"><img loading=\"lazy\" decoding=\"async\" class=\"aligncenter size-full wp-image-40651\" src=\"http:\/\/www.reconoce.mx\/wp-content\/uploads\/2019\/02\/ConcienciaRCMX.png\" alt=\"Conciencia\" width=\"570\" height=\"70\" \/><\/a><\/p>\n<p><strong>Por <a href=\"https:\/\/twitter.com\/adrianamurillo\" target=\"_blank\" rel=\"noopener noreferrer\">Mar\u00eda Murillo<\/a><\/strong>.<\/p>\n<p>\u201cYo tengo otros datos,\u201d reitera cada ma\u00f1ana <strong>L\u00f3pez Obrador<\/strong> cuando alg\u00fan reportero osa presentar cifras oficiales que contradicen a la presidencia y desmienten que \u201cM\u00e9xico va muy bien\u201d en temas econ\u00f3micos.<\/p>\n<p>Mientras <strong>Andr\u00e9s Manuel L\u00f3pez Obrador<\/strong> (AMLO) se pelea con las cifras arrojadas por los \u201ctecn\u00f3cratas\u201d y en cada conferencia ma\u00f1anera asegura tener otros datos -resultados positivos que respaldan sus pol\u00edticas-, los estragos de la austeridad y recortes presupuestarios aplicados a instituciones, organismos y dependencias gubernamentales siguen causando estragos que se presentan como una ola imparable que podr\u00eda terminar inundando o causando encharcamientos en la gloriosa cuarta transformaci\u00f3n (4T).<\/p>\n<p>El enfoque del gobierno es claro: erradicar la corrupci\u00f3n, la desigualdad social e impulsar el apoyo a los m\u00e1s pobres con programas sociales; pero, los intentos por lograrlo parecen no estar teniendo tanto \u00e9xito en todos los francos. Sectores que se han visto afectados de manera considerable, han sido orillados a tomar medidas dr\u00e1sticas para adecuarse a un presupuesto austero, optando por recortes de personal que incrementan las filas del desempleo registrando una tasa del 3.5 por ciento para los primeros tres meses del a\u00f1o bajo la administraci\u00f3n del nuevo gobierno.<\/p>\n<p>Si bien el 1.9 millones de personas que el <strong>INEGI<\/strong> se\u00f1ala como desempleadas no son resultado de los efectos de la austeridad, no se puede negar que los recortes presupuestales y el despido de trabajadores de confianza y eventuales en el gobierno federal si forman parte de los 117 mil 348 que se sumaron a las filas del desempleo en los primeros tres meses del 2019. Un escenario que ha sido utilizado para se\u00f1alar los efectos de la 4T en las cifras macroecon\u00f3micas y que oscurecen el panorama pr\u00f3spero prometido.<\/p>\n<p>En su defensa, <strong>AMLO<\/strong> apela a la generaci\u00f3n de empleos que programas como \u201cSembrando vida\u201d y \u201cJ\u00f3venes construyendo el futuro\u201d han empezado a generar en el sureste mexicano. Cifras que, seg\u00fan el primer mandatario, quedan fuera de los an\u00e1lisis y mediciones de especialistas que consideran s\u00f3lo a los trabajadores inscritos en el <strong>Instituto Mexicano del Seguro Social<\/strong> y dejan de lado la mano de obra que el gobierno federal est\u00e1 sumando de manera legal y ordenada.<\/p>\n<p>Pero, mientras los programas sociales incrementan su impacto en las zonas menos favorecidas del pa\u00eds con una demanda presupuestal que ocupa gran parte del gasto p\u00fablico, en escenarios paralelos se sufre de recortes, despidos y factores que dibujan una crisis inminente y muestran el lado oscuro de la 4T.<\/p>\n<p>En el m\u00e1s reciente escenario, el <strong>Instituto Mexicano de la Radio<\/strong> (IMER) se ha colocado como foco de atenci\u00f3n o tal vez una escandalosa sirena, que ha despertado alerta en redes sociales por la sorpresiva renuncia de <strong>Ricardo Rafael<\/strong> y la salida de 240 trabajadores eventuales <em>freelancer<\/em> que a partir del 1 de julio dejar\u00e1n de prestar servicios en el instituto, entre ellos productores, conductores, continuistas, guionistas y programadores, que han obligado a la reformulaci\u00f3n de estaciones de alta audiencia como Reactor 105.<\/p>\n<p>La controversia volvi\u00f3 a sentar a la 4T en el banquillo de los acusados. Los usuarios de redes sociales apuntaron a la austeridad de <strong>AMLO<\/strong> como el verdugo de lo que calificaron \u201cla destrucci\u00f3n del <strong>IMER<\/strong>\u201d y, despu\u00e9s de la tormenta de lodo que ha venido cayendo sobre la cultura, este tema le a\u00f1ade una mancha m\u00e1s al tigre.<\/p>\n<p>Pero algo de verdad hay en las palabras de <strong>Jes\u00fas Ram\u00edrez<\/strong>, coordinador general de comunicaci\u00f3n social de la Presidencia, cuando dijo que \u201cNo hay despedidos, simplemente \u2013insisti\u00f3- si antes del 30 (de junio) no se entregaron recursos, tendr\u00edan que renunciar. Ese es el tema (pero) antes del viernes se resuelve el problema econ\u00f3mico por el cual tienen esta dificultad los trabajadores del <strong>IMER<\/strong>\u201d, ya que el Instituto ciertamente no sufrir\u00e1 despidos, al menos no del personal sindicalizado y de confianza quienes seguir\u00e1n trabajando hasta que se digan lo contrario o la austeridad lo permita.<\/p>\n<p>El escenario no era alentador para el <strong>IMER<\/strong> la ma\u00f1ana del mi\u00e9rcoles. En su conferencia de prensa matutina del 26 de junio, <strong>L\u00f3pez Obrador<\/strong> dijo: \u201cSe va a arreglar, vamos a buscar la manera,\u201d, un mensaje esperanzador a una crisis que, de acuerdo a fuentes internas del Instituto el recorte causar\u00eda la desaparici\u00f3n de 4 digitales: <strong>Radio M\u00e9xico Internacional<\/strong>, <strong>Jazz Digital<\/strong>, <strong>M\u00fasica del Mundo<\/strong> e <strong>Interferencia<\/strong> (\u00e9stas tres \u00faltimas en HD, s\u00f3lo se transmiten por internet o en radio HD), mientras que en el \u00e1rea de noticias, la situaci\u00f3n afectar\u00eda a 17 de 49 integrantes, (Honorarios y Asimilables) lo que impide la transmisi\u00f3n de programas como <strong>IMER Noticias Fin de Semana<\/strong>, <strong>Impacto Deportivo<\/strong>.<\/p>\n<p>\u201cSe va resolver ya antes del viernes, toda la situaci\u00f3n econ\u00f3mica y todas las deudas que se tienen por el recorte y como lo present\u00f3 el presidente de la Rep\u00fablica, antes del viernes se va a resolver todo esto,\u201d fue la promesa de<strong> Jes\u00fas Ram\u00edrez<\/strong> ante la ola de reacciones que inundaron redes sociales en apoyo al instituto.<\/p>\n<p>Sorpresivo para algunos y con obviedad para otros, la respuesta lleg\u00f3 antes. La noche del mismo mi\u00e9rcoles se confirm\u00f3 la liberaci\u00f3n de 19.3 millones de pesos para el <strong>IMER<\/strong>, cantidad suficiente para seguir prestando los servicio de radiodifusi\u00f3n p\u00fablica en sus emisoras.<\/p>\n<p>Si bien hay que reconocer y celebrar la reconsideraci\u00f3n del gobierno en temas de presupuesto a la radio mexicana, es dif\u00edcil borrar la impresi\u00f3n de que acabar con el amiguismo, nepotismo e influyentismo, los pocos viajes al extranjero, la suspensi\u00f3n de atenci\u00f3n m\u00e9dica privada, las cajas de ahorro exclusivas para funcionarios y los tantos otros gastos \u201cinnecesarios\u201d para el gobierno, no est\u00e1n siendo suficiente para sostener la iniciativa de bienestar del gobierno federal y se est\u00e1 corriendo el riesgo de que las piezas no se est\u00e9n moviendo con la estrategia correcta.<\/p>\n<p style=\"text-align: right;\">Fotos: <strong>Secretar\u00eda de Cultura Ciudad de M\u00e9xico<\/strong>.<\/p>\n<blockquote><p><a href=\"http:\/\/www.reconoce.mx\/wp-content\/uploads\/2019\/06\/MariaMC-2-e1561642927260.jpg\" rel=\"lightbox[49198]\"><img loading=\"lazy\" decoding=\"async\" class=\"alignleft size-thumbnail wp-image-39872\" src=\"http:\/\/www.reconoce.mx\/wp-content\/uploads\/2019\/06\/MariaMC-2-e1561642927260.jpg\" alt=\"IMG_5743\" width=\"150\" height=\"150\" \/><\/a><strong>Mar\u00eda Murillo \/ #ConcienciaRCMX<\/strong>. Economista por la UNAM, coordinadora editorial de noticias en medios digitales, amante del caf\u00e9 y con un profundo amor por M\u00e9xico.<\/p><\/blockquote>\n<p>&nbsp;<\/p>\n<p>&nbsp;<\/p>\n","protected":false},"excerpt":{"rendered":"<p>Como Tsunami devastador fueron las cr\u00edticas contra la 4T de L\u00f3pez Obrador despu\u00e9s de que se anunciaran despidos en el IMER, obligando al gobierno a levantar una barrera de contenci\u00f3n con la asignaci\u00f3n de una nueva bolsa de 19.3 mdp que, suficiente o no, da un respiro a la radio mexicana.<\/p>\n","protected":false},"author":2,"featured_media":83975,"comment_status":"open","ping_status":"open","sticky":false,"template":"","format":"standard","meta":{"footnotes":""},"categories":[43,169,17],"tags":[2675],"class_list":["post-83971","post","type-post","status-publish","format-standard","has-post-thumbnail","hentry","category-conciencia","category-politica-entorno","category-principal","tag-despidos-en-el-imer"],"yoast_head":"<!-- This site is optimized with the Yoast SEO plugin v24.7 - https:\/\/yoast.com\/wordpress\/plugins\/seo\/ -->\n<title>Sembrando vida y acortando voces; IMER y la controversia de la 4T &#171; Reconoce MX<\/title>\n<meta name=\"robots\" content=\"index, follow, max-snippet:-1, max-image-preview:large, max-video-preview:-1\" \/>\n<link rel=\"canonical\" href=\"http:\/\/www.reconoce.mx\/?p=83971\" \/>\n<meta property=\"og:locale\" content=\"es_ES\" \/>\n<meta property=\"og:type\" content=\"article\" \/>\n<meta property=\"og:title\" content=\"Sembrando vida y acortando voces; IMER y la controversia de la 4T &#171; Reconoce MX\" \/>\n<meta property=\"og:description\" content=\"Como Tsunami devastador fueron las cr\u00edticas contra la 4T de L\u00f3pez Obrador despu\u00e9s de que se anunciaran despidos en el IMER, obligando al gobierno a levantar una barrera de contenci\u00f3n con la asignaci\u00f3n de una nueva bolsa de 19.3 mdp que, suficiente o no, da un respiro a la radio mexicana.\" \/>\n<meta property=\"og:url\" content=\"http:\/\/www.reconoce.mx\/?p=83971\" \/>\n<meta property=\"og:site_name\" content=\"Reconoce MX\" \/>\n<meta property=\"article:publisher\" content=\"https:\/\/es-la.facebook.com\/ReconoceMX\/\" \/>\n<meta property=\"article:published_time\" content=\"2019-06-27T05:01:46+00:00\" \/>\n<meta property=\"article:modified_time\" content=\"2019-06-27T14:44:31+00:00\" \/>\n<meta property=\"og:image\" content=\"http:\/\/www.reconoce.mx\/wp-content\/uploads\/2019\/06\/consola-radio.jpg\" \/>\n\t<meta property=\"og:image:width\" content=\"590\" \/>\n\t<meta property=\"og:image:height\" content=\"380\" \/>\n\t<meta property=\"og:image:type\" content=\"image\/jpeg\" \/>\n<meta name=\"author\" content=\"Reconoce MX\" \/>\n<meta name=\"twitter:card\" content=\"summary_large_image\" \/>\n<meta name=\"twitter:creator\" content=\"@reconocemx\" \/>\n<meta name=\"twitter:site\" content=\"@reconocemx\" \/>\n<meta name=\"twitter:label1\" content=\"Escrito por\" \/>\n\t<meta name=\"twitter:data1\" content=\"Reconoce MX\" \/>\n\t<meta name=\"twitter:label2\" content=\"Tiempo de lectura\" \/>\n\t<meta name=\"twitter:data2\" content=\"5 minutos\" \/>\n<script type=\"application\/ld+json\" class=\"yoast-schema-graph\">{\"@context\":\"https:\/\/schema.org\",\"@graph\":[{\"@type\":\"Article\",\"@id\":\"http:\/\/www.reconoce.mx\/?p=83971#article\",\"isPartOf\":{\"@id\":\"http:\/\/www.reconoce.mx\/?p=83971\"},\"author\":{\"name\":\"Reconoce MX\",\"@id\":\"http:\/\/www.reconoce.mx\/#\/schema\/person\/2117e997d7051dc15d6880eaf9bca0b2\"},\"headline\":\"Sembrando vida y acortando voces; IMER y la controversia de la 4T\",\"datePublished\":\"2019-06-27T05:01:46+00:00\",\"dateModified\":\"2019-06-27T14:44:31+00:00\",\"mainEntityOfPage\":{\"@id\":\"http:\/\/www.reconoce.mx\/?p=83971\"},\"wordCount\":1055,\"commentCount\":0,\"publisher\":{\"@id\":\"http:\/\/www.reconoce.mx\/#organization\"},\"image\":{\"@id\":\"http:\/\/www.reconoce.mx\/?p=83971#primaryimage\"},\"thumbnailUrl\":\"https:\/\/www.reconoce.mx\/wp-content\/uploads\/2019\/06\/consola-radio.jpg\",\"keywords\":[\"despidos en el IMER\"],\"articleSection\":[\"Conciencia\",\"Pol\u00edtica\",\"Principal\"],\"inLanguage\":\"es\",\"potentialAction\":[{\"@type\":\"CommentAction\",\"name\":\"Comment\",\"target\":[\"http:\/\/www.reconoce.mx\/?p=83971#respond\"]}]},{\"@type\":\"WebPage\",\"@id\":\"http:\/\/www.reconoce.mx\/?p=83971\",\"url\":\"http:\/\/www.reconoce.mx\/?p=83971\",\"name\":\"Sembrando vida y acortando voces; IMER y la controversia de la 4T &#171; Reconoce MX\",\"isPartOf\":{\"@id\":\"http:\/\/www.reconoce.mx\/#website\"},\"primaryImageOfPage\":{\"@id\":\"http:\/\/www.reconoce.mx\/?p=83971#primaryimage\"},\"image\":{\"@id\":\"http:\/\/www.reconoce.mx\/?p=83971#primaryimage\"},\"thumbnailUrl\":\"https:\/\/www.reconoce.mx\/wp-content\/uploads\/2019\/06\/consola-radio.jpg\",\"datePublished\":\"2019-06-27T05:01:46+00:00\",\"dateModified\":\"2019-06-27T14:44:31+00:00\",\"breadcrumb\":{\"@id\":\"http:\/\/www.reconoce.mx\/?p=83971#breadcrumb\"},\"inLanguage\":\"es\",\"potentialAction\":[{\"@type\":\"ReadAction\",\"target\":[\"http:\/\/www.reconoce.mx\/?p=83971\"]}]},{\"@type\":\"ImageObject\",\"inLanguage\":\"es\",\"@id\":\"http:\/\/www.reconoce.mx\/?p=83971#primaryimage\",\"url\":\"https:\/\/www.reconoce.mx\/wp-content\/uploads\/2019\/06\/consola-radio.jpg\",\"contentUrl\":\"https:\/\/www.reconoce.mx\/wp-content\/uploads\/2019\/06\/consola-radio.jpg\",\"width\":590,\"height\":380},{\"@type\":\"BreadcrumbList\",\"@id\":\"http:\/\/www.reconoce.mx\/?p=83971#breadcrumb\",\"itemListElement\":[{\"@type\":\"ListItem\",\"position\":1,\"name\":\"Portada\",\"item\":\"http:\/\/www.reconoce.mx\/\"},{\"@type\":\"ListItem\",\"position\":2,\"name\":\"Sembrando vida y acortando voces; IMER y la controversia de la 4T\"}]},{\"@type\":\"WebSite\",\"@id\":\"http:\/\/www.reconoce.mx\/#website\",\"url\":\"http:\/\/www.reconoce.mx\/\",\"name\":\"Reconoce MX\",\"description\":\"En Reconoce MX difundimos arte, cultura y conciencia social en M\u00e9xico. Tu ciudad en otra perspectiva.\",\"publisher\":{\"@id\":\"http:\/\/www.reconoce.mx\/#organization\"},\"potentialAction\":[{\"@type\":\"SearchAction\",\"target\":{\"@type\":\"EntryPoint\",\"urlTemplate\":\"http:\/\/www.reconoce.mx\/?s={search_term_string}\"},\"query-input\":{\"@type\":\"PropertyValueSpecification\",\"valueRequired\":true,\"valueName\":\"search_term_string\"}}],\"inLanguage\":\"es\"},{\"@type\":\"Organization\",\"@id\":\"http:\/\/www.reconoce.mx\/#organization\",\"name\":\"Reconoce MX\",\"url\":\"http:\/\/www.reconoce.mx\/\",\"logo\":{\"@type\":\"ImageObject\",\"inLanguage\":\"es\",\"@id\":\"http:\/\/www.reconoce.mx\/#\/schema\/logo\/image\/\",\"url\":\"https:\/\/www.reconoce.mx\/wp-content\/uploads\/2019\/03\/logorcmx-good-1.png\",\"contentUrl\":\"https:\/\/www.reconoce.mx\/wp-content\/uploads\/2019\/03\/logorcmx-good-1.png\",\"width\":280,\"height\":90,\"caption\":\"Reconoce MX\"},\"image\":{\"@id\":\"http:\/\/www.reconoce.mx\/#\/schema\/logo\/image\/\"},\"sameAs\":[\"https:\/\/es-la.facebook.com\/ReconoceMX\/\",\"https:\/\/x.com\/reconocemx\",\"http:\/\/@reconocemx\"]},{\"@type\":\"Person\",\"@id\":\"http:\/\/www.reconoce.mx\/#\/schema\/person\/2117e997d7051dc15d6880eaf9bca0b2\",\"name\":\"Reconoce MX\",\"image\":{\"@type\":\"ImageObject\",\"inLanguage\":\"es\",\"@id\":\"http:\/\/www.reconoce.mx\/#\/schema\/person\/image\/\",\"url\":\"https:\/\/secure.gravatar.com\/avatar\/6c8d4dc7569ca1c90c5fdcc349f839d5ddef6fe1e70b4337ead2ef1a4c43fc3a?s=96&d=identicon&r=g\",\"contentUrl\":\"https:\/\/secure.gravatar.com\/avatar\/6c8d4dc7569ca1c90c5fdcc349f839d5ddef6fe1e70b4337ead2ef1a4c43fc3a?s=96&d=identicon&r=g\",\"caption\":\"Reconoce MX\"},\"description\":\"Reconoce MX es un proyecto de difusi\u00f3n art\u00edstica, cultural y de conciencia social que est\u00e1 enfocado a difundir y fomentar el entretenimiento alternativo de calidad para todo el p\u00fablico que comparta el mismo entusiasmo.\",\"sameAs\":[\"http:\/\/www.reconoce.mx\"],\"url\":\"https:\/\/www.reconoce.mx\/?author=2\"}]}<\/script>\n<!-- \/ Yoast SEO plugin. -->","yoast_head_json":{"title":"Sembrando vida y acortando voces; IMER y la controversia de la 4T &#171; Reconoce MX","robots":{"index":"index","follow":"follow","max-snippet":"max-snippet:-1","max-image-preview":"max-image-preview:large","max-video-preview":"max-video-preview:-1"},"canonical":"http:\/\/www.reconoce.mx\/?p=83971","og_locale":"es_ES","og_type":"article","og_title":"Sembrando vida y acortando voces; IMER y la controversia de la 4T &#171; Reconoce MX","og_description":"Como Tsunami devastador fueron las cr\u00edticas contra la 4T de L\u00f3pez Obrador despu\u00e9s de que se anunciaran despidos en el IMER, obligando al gobierno a levantar una barrera de contenci\u00f3n con la asignaci\u00f3n de una nueva bolsa de 19.3 mdp que, suficiente o no, da un respiro a la radio mexicana.","og_url":"http:\/\/www.reconoce.mx\/?p=83971","og_site_name":"Reconoce MX","article_publisher":"https:\/\/es-la.facebook.com\/ReconoceMX\/","article_published_time":"2019-06-27T05:01:46+00:00","article_modified_time":"2019-06-27T14:44:31+00:00","og_image":[{"width":590,"height":380,"url":"http:\/\/www.reconoce.mx\/wp-content\/uploads\/2019\/06\/consola-radio.jpg","type":"image\/jpeg"}],"author":"Reconoce MX","twitter_card":"summary_large_image","twitter_creator":"@reconocemx","twitter_site":"@reconocemx","twitter_misc":{"Escrito por":"Reconoce MX","Tiempo de lectura":"5 minutos"},"schema":{"@context":"https:\/\/schema.org","@graph":[{"@type":"Article","@id":"http:\/\/www.reconoce.mx\/?p=83971#article","isPartOf":{"@id":"http:\/\/www.reconoce.mx\/?p=83971"},"author":{"name":"Reconoce MX","@id":"http:\/\/www.reconoce.mx\/#\/schema\/person\/2117e997d7051dc15d6880eaf9bca0b2"},"headline":"Sembrando vida y acortando voces; IMER y la controversia de la 4T","datePublished":"2019-06-27T05:01:46+00:00","dateModified":"2019-06-27T14:44:31+00:00","mainEntityOfPage":{"@id":"http:\/\/www.reconoce.mx\/?p=83971"},"wordCount":1055,"commentCount":0,"publisher":{"@id":"http:\/\/www.reconoce.mx\/#organization"},"image":{"@id":"http:\/\/www.reconoce.mx\/?p=83971#primaryimage"},"thumbnailUrl":"https:\/\/www.reconoce.mx\/wp-content\/uploads\/2019\/06\/consola-radio.jpg","keywords":["despidos en el IMER"],"articleSection":["Conciencia","Pol\u00edtica","Principal"],"inLanguage":"es","potentialAction":[{"@type":"CommentAction","name":"Comment","target":["http:\/\/www.reconoce.mx\/?p=83971#respond"]}]},{"@type":"WebPage","@id":"http:\/\/www.reconoce.mx\/?p=83971","url":"http:\/\/www.reconoce.mx\/?p=83971","name":"Sembrando vida y acortando voces; IMER y la controversia de la 4T &#171; Reconoce MX","isPartOf":{"@id":"http:\/\/www.reconoce.mx\/#website"},"primaryImageOfPage":{"@id":"http:\/\/www.reconoce.mx\/?p=83971#primaryimage"},"image":{"@id":"http:\/\/www.reconoce.mx\/?p=83971#primaryimage"},"thumbnailUrl":"https:\/\/www.reconoce.mx\/wp-content\/uploads\/2019\/06\/consola-radio.jpg","datePublished":"2019-06-27T05:01:46+00:00","dateModified":"2019-06-27T14:44:31+00:00","breadcrumb":{"@id":"http:\/\/www.reconoce.mx\/?p=83971#breadcrumb"},"inLanguage":"es","potentialAction":[{"@type":"ReadAction","target":["http:\/\/www.reconoce.mx\/?p=83971"]}]},{"@type":"ImageObject","inLanguage":"es","@id":"http:\/\/www.reconoce.mx\/?p=83971#primaryimage","url":"https:\/\/www.reconoce.mx\/wp-content\/uploads\/2019\/06\/consola-radio.jpg","contentUrl":"https:\/\/www.reconoce.mx\/wp-content\/uploads\/2019\/06\/consola-radio.jpg","width":590,"height":380},{"@type":"BreadcrumbList","@id":"http:\/\/www.reconoce.mx\/?p=83971#breadcrumb","itemListElement":[{"@type":"ListItem","position":1,"name":"Portada","item":"http:\/\/www.reconoce.mx\/"},{"@type":"ListItem","position":2,"name":"Sembrando vida y acortando voces; IMER y la controversia de la 4T"}]},{"@type":"WebSite","@id":"http:\/\/www.reconoce.mx\/#website","url":"http:\/\/www.reconoce.mx\/","name":"Reconoce MX","description":"En Reconoce MX difundimos arte, cultura y conciencia social en M\u00e9xico. Tu ciudad en otra perspectiva.","publisher":{"@id":"http:\/\/www.reconoce.mx\/#organization"},"potentialAction":[{"@type":"SearchAction","target":{"@type":"EntryPoint","urlTemplate":"http:\/\/www.reconoce.mx\/?s={search_term_string}"},"query-input":{"@type":"PropertyValueSpecification","valueRequired":true,"valueName":"search_term_string"}}],"inLanguage":"es"},{"@type":"Organization","@id":"http:\/\/www.reconoce.mx\/#organization","name":"Reconoce MX","url":"http:\/\/www.reconoce.mx\/","logo":{"@type":"ImageObject","inLanguage":"es","@id":"http:\/\/www.reconoce.mx\/#\/schema\/logo\/image\/","url":"https:\/\/www.reconoce.mx\/wp-content\/uploads\/2019\/03\/logorcmx-good-1.png","contentUrl":"https:\/\/www.reconoce.mx\/wp-content\/uploads\/2019\/03\/logorcmx-good-1.png","width":280,"height":90,"caption":"Reconoce MX"},"image":{"@id":"http:\/\/www.reconoce.mx\/#\/schema\/logo\/image\/"},"sameAs":["https:\/\/es-la.facebook.com\/ReconoceMX\/","https:\/\/x.com\/reconocemx","http:\/\/@reconocemx"]},{"@type":"Person","@id":"http:\/\/www.reconoce.mx\/#\/schema\/person\/2117e997d7051dc15d6880eaf9bca0b2","name":"Reconoce MX","image":{"@type":"ImageObject","inLanguage":"es","@id":"http:\/\/www.reconoce.mx\/#\/schema\/person\/image\/","url":"https:\/\/secure.gravatar.com\/avatar\/6c8d4dc7569ca1c90c5fdcc349f839d5ddef6fe1e70b4337ead2ef1a4c43fc3a?s=96&d=identicon&r=g","contentUrl":"https:\/\/secure.gravatar.com\/avatar\/6c8d4dc7569ca1c90c5fdcc349f839d5ddef6fe1e70b4337ead2ef1a4c43fc3a?s=96&d=identicon&r=g","caption":"Reconoce MX"},"description":"Reconoce MX es un proyecto de difusi\u00f3n art\u00edstica, cultural y de conciencia social que est\u00e1 enfocado a difundir y fomentar el entretenimiento alternativo de calidad para todo el p\u00fablico que comparta el mismo entusiasmo.","sameAs":["http:\/\/www.reconoce.mx"],"url":"https:\/\/www.reconoce.mx\/?author=2"}]}},"_links":{"self":[{"href":"https:\/\/www.reconoce.mx\/index.php?rest_route=\/wp\/v2\/posts\/83971","targetHints":{"allow":["GET"]}}],"collection":[{"href":"https:\/\/www.reconoce.mx\/index.php?rest_route=\/wp\/v2\/posts"}],"about":[{"href":"https:\/\/www.reconoce.mx\/index.php?rest_route=\/wp\/v2\/types\/post"}],"author":[{"embeddable":true,"href":"https:\/\/www.reconoce.mx\/index.php?rest_route=\/wp\/v2\/users\/2"}],"replies":[{"embeddable":true,"href":"https:\/\/www.reconoce.mx\/index.php?rest_route=%2Fwp%2Fv2%2Fcomments&post=83971"}],"version-history":[{"count":6,"href":"https:\/\/www.reconoce.mx\/index.php?rest_route=\/wp\/v2\/posts\/83971\/revisions"}],"predecessor-version":[{"id":83978,"href":"https:\/\/www.reconoce.mx\/index.php?rest_route=\/wp\/v2\/posts\/83971\/revisions\/83978"}],"wp:featuredmedia":[{"embeddable":true,"href":"https:\/\/www.reconoce.mx\/index.php?rest_route=\/wp\/v2\/media\/83975"}],"wp:attachment":[{"href":"https:\/\/www.reconoce.mx\/index.php?rest_route=%2Fwp%2Fv2%2Fmedia&parent=83971"}],"wp:term":[{"taxonomy":"category","embeddable":true,"href":"https:\/\/www.reconoce.mx\/index.php?rest_route=%2Fwp%2Fv2%2Fcategories&post=83971"},{"taxonomy":"post_tag","embeddable":true,"href":"https:\/\/www.reconoce.mx\/index.php?rest_route=%2Fwp%2Fv2%2Ftags&post=83971"}],"curies":[{"name":"wp","href":"https:\/\/api.w.org\/{rel}","templated":true}]}}