{"id":84157,"date":"2019-07-03T00:03:11","date_gmt":"2019-07-03T05:03:11","guid":{"rendered":"http:\/\/www.reconoce.mx\/?p=84157"},"modified":"2019-07-04T17:50:16","modified_gmt":"2019-07-04T22:50:16","slug":"39foro-tarde-para-morir-joven","status":"publish","type":"post","link":"https:\/\/www.reconoce.mx\/?p=84157","title":{"rendered":"#39Foro: \u00abTarde para morir joven\u00bb"},"content":{"rendered":"<p><strong>Por <a title=\"@AsfaltosTweets\" href=\"http:\/\/twitter.com\/AsfaltosTweets\" target=\"_blank\" rel=\"noopener noreferrer\">Asfaltos<\/a><\/strong>.<\/p>\n<p>En el marco del <strong><a href=\"http:\/\/www.reconoce.mx\/?s=%2339Foro\" target=\"_blank\" rel=\"noopener noreferrer\">#39Foro<\/a> Internacional de Cine<\/strong>, toca revisar ahora una pel\u00edcula latinoamericana. La directora y guionista es la realizadora chilena <strong>Dominga Sotomayor<\/strong>, quien con mucho cuidado y paciencia, nos regala un retrato no solo de la juventud de sus protagonistas, sino tambi\u00e9n de la Chile de los a\u00f1os 90 a tan solo meses de aquel c\u00e9lebre plebiscito que sac\u00f3 al dictador <strong>Augusto Pinochet<\/strong> del poder. El <strong>Foro<\/strong> se ha caracterizado desde su creaci\u00f3n por un cine que privilegia las voces distintas y las miradas atrevidas, y \u00abTarde para morir joven\u00bb da cuenta de ello. El <strong>39 Foro Internacional de Cine<\/strong> se realiza hasta el pr\u00f3ximo 15 de julio en <strong>Cineteca Nacional<\/strong>, y posteriormente en distintas sedes m\u00e1s.<\/p>\n<p><a href=\"http:\/\/www.reconoce.mx\/wp-content\/uploads\/2019\/07\/tarde-para-morir-joven-p\u00f3ster-e1562276738280.jpg\"><img loading=\"lazy\" decoding=\"async\" class=\"aligncenter size-full wp-image-84154\" src=\"http:\/\/www.reconoce.mx\/wp-content\/uploads\/2019\/07\/tarde-para-morir-joven-p\u00f3ster-e1562276738280.jpg\" alt=\"\" width=\"800\" height=\"1143\" \/><\/a><\/p>\n<p>En la primera escena de la pel\u00edcula nos encontramos con un grupo de j\u00f3venes quienes son reunidos en un auto que suponemos les llevar\u00e1 a la escuela. Ah\u00ed, entre los muchos personajes que iremos conociendo -a unos m\u00e1s, a unos menos-, nos topamos con la m\u00e1s peque\u00f1a del grupo, quien no deja de gritar el nombre de su perrita Frida. En un plano que es casi po\u00e9tico, nos encontramos lo siguiente: sobre la carretera de tierra, alzando el auto el polvo a su camino, se nos descubre a Frida quien corre detr\u00e1s del auto aparentemente buscando no separarse de su due\u00f1a. Y remarco aparentemente, porque al final, cerrando ese peque\u00f1o poema, una rima se nos presenta y nos cierra la idea completa de la cinta de Dominga.<\/p>\n<p>En la siguiente escena un par de j\u00f3venes yacen tirados sobre el piso. Se besan, apasionadamente, quienes aparentemente resultan novios, o de menos una pareja de enamorados. Sof\u00eda (<strong>Demian Hern\u00e1ndez<\/strong>) es quien acapara la atenci\u00f3n. Los dos, \u00abtonteando\u00bb en aquel verano, tienen una charla seria: su deseo por escapar, por dejar el sitio donde han sido recluidos por sus padres, es alto. S\u00ed, desean irse a vivir juntos -o por lo menos eso aparentan-, pero sobre todo buscan esa libertad. Nos encontramos pronto con que todos viven \u00abencerrados\u00bb en una peque\u00f1a pero nutrida comuna; los adultos, pero sobre todo los j\u00f3venes.<\/p>\n<p><a href=\"http:\/\/www.reconoce.mx\/wp-content\/uploads\/2019\/07\/tarde-para-morir-joven-2.jpg\"><img loading=\"lazy\" decoding=\"async\" class=\"aligncenter size-full wp-image-84152\" src=\"http:\/\/www.reconoce.mx\/wp-content\/uploads\/2019\/07\/tarde-para-morir-joven-2.jpg\" alt=\"\" width=\"590\" height=\"380\" srcset=\"https:\/\/www.reconoce.mx\/wp-content\/uploads\/2019\/07\/tarde-para-morir-joven-2.jpg 590w, https:\/\/www.reconoce.mx\/wp-content\/uploads\/2019\/07\/tarde-para-morir-joven-2-300x193.jpg 300w, https:\/\/www.reconoce.mx\/wp-content\/uploads\/2019\/07\/tarde-para-morir-joven-2-150x97.jpg 150w\" sizes=\"auto, (max-width: 590px) 100vw, 590px\" \/><\/a><\/p>\n<p>El mero t\u00edtulo de \u00abTarde para morir joven\u00bb ya nos presenta una idea muy clara de la premisa. En aquella comunidad, donde todos comparten lo que tienen en un sitio poco o nulamente urbanizado, se encuentran adultos y j\u00f3venes. Los primeros, suponemos, huyen de algo que les alienta a comenzar en aquel rec\u00f3ndito lugar; los segundos, de manera m\u00e1s clara, los encontramos un tanto ansiosos por la tambi\u00e9n muy clara reclusi\u00f3n. Resulta entonces, visible, que en aquel caldo que se cultiva, inclusive ah\u00ed ser\u00eda un tanto \u00abTarde para morir joven\u00bb; pero tambi\u00e9n, es evidente, que todos quedan un tanto atrapados en el tiempo, y en este caso sobre todo en el espacio.<\/p>\n<p>Con una fotograf\u00eda exquisita -de <strong>Inti Briones<\/strong>&#8211; que nos remite precisamente a los a\u00f1os 90 en los que se desarrolla la pel\u00edcula, la realizadora<strong> Dominga Sotomayor<\/strong> se nos muestra como una muy h\u00e1bil contadora de historias. Pero de historias \u00edntimas, esas en donde los silencios y las pocas palabras como las de en este caso su protagonista Sof\u00eda, nos permiten entender la magnitud de la jaula en la que todos los dem\u00e1s personajes se sienten atrapados. Sin embargo, es la juventud y la energ\u00eda de Sof\u00eda, la que la impulsa a buscar salidas; primero con el chico que la vemos y luego con un misterioso visitante de fuera. Sin embargo, al final, el vac\u00edo terminar\u00e1 siendo el mismo. Se nos descubre tambi\u00e9n que Sof\u00eda necesita el amor, ya sea de su madre quien la dej\u00f3 al cuidado de su padre, ya sea de ella, de Sof\u00eda misma&#8230;<\/p>\n<p><a href=\"http:\/\/www.reconoce.mx\/wp-content\/uploads\/2019\/07\/tarde-para-morir-joven-3.jpg\"><img loading=\"lazy\" decoding=\"async\" class=\"aligncenter size-full wp-image-84153\" src=\"http:\/\/www.reconoce.mx\/wp-content\/uploads\/2019\/07\/tarde-para-morir-joven-3.jpg\" alt=\"\" width=\"590\" height=\"380\" srcset=\"https:\/\/www.reconoce.mx\/wp-content\/uploads\/2019\/07\/tarde-para-morir-joven-3.jpg 590w, https:\/\/www.reconoce.mx\/wp-content\/uploads\/2019\/07\/tarde-para-morir-joven-3-300x193.jpg 300w, https:\/\/www.reconoce.mx\/wp-content\/uploads\/2019\/07\/tarde-para-morir-joven-3-150x97.jpg 150w\" sizes=\"auto, (max-width: 590px) 100vw, 590px\" \/><\/a><\/p>\n<p>\u00abTarde para morir joven\u00bb resulta un deleite para los ojos del espectador. Para empezar el sitio donde la cinta fue filmada, ofrece interesantes contrastes: por un lado la riqueza y vida de un r\u00edo que alimenta a la regi\u00f3n, pero por otro lado la sequedad y peligro constante de los pastizales que no dejan de ser una amenaza de incendiar la peque\u00f1a y fr\u00e1gil comunidad. Escenas, sobre todo como las de los distintos veh\u00edculos en movimiento, terminan por redondear la intenci\u00f3n de la realizadora; se siente esa constante sensaci\u00f3n de quererse mover, de avanzar, pero de finalmente quedarse atrapados y de no conseguirlo.<\/p>\n<p>Al final, y reiterando mi deseo por no revelar de m\u00e1s, \u00abTarde para morir joven\u00bb cierra el c\u00edrculo con una imagen po\u00e9tica m\u00e1s que la hace ya por ello una experiencia interesante que debe disfrutarse sin titubear, como parte de la oferta cinematogr\u00e1fica siempre fresca del Foro Internacional de Cine. \u00bfSer\u00e1 que no solo resulta tarde para los j\u00f3venes de la comunidad, sino tambi\u00e9n para los adultos a quienes se les ha escapado la juventud? Cada quien ir\u00e1 sacando sus distintas conclusiones en una cinta que se disfruta desde distintos \u00e1ngulos.<\/p>\n<style>.embed-container { position: relative; padding-bottom: 56.25%; height: 0; overflow: hidden; max-width: 100%; } .embed-container iframe, .embed-container object, .embed-container embed { position: absolute; top: 0; left: 0; width: 100%; height: 100%; }<\/style>\n<div class=\"embed-container\"><iframe src=\"https:\/\/www.youtube.com\/embed\/oNu0DbKTHFE\" frameborder=\"0\" allowfullscreen=\"allowfullscreen\"><\/iframe><\/div>\n<p>&nbsp;<\/p>\n<p>El <a href=\"http:\/\/www.reconoce.mx\/?s=%2339Foro\" target=\"_blank\" rel=\"noopener noreferrer\"><strong>#39Foro<\/strong><\/a> Internacional de Cine se realiza hasta el pr\u00f3ximo 15 de julio en <strong>Cineteca Nacional<\/strong>; y recorrer\u00e1 adem\u00e1s 15 sedes, incluyendo a la <strong>UNAM<\/strong>, <strong>Cin\u00e9polis<\/strong>, <strong>Cinemex<\/strong>, <strong>La Casa del Cine<\/strong>, <strong>Le Cin\u00e9ma<\/strong>,<strong> Cine Tonal\u00e1<\/strong> y <strong>Cineman\u00eda Loreto<\/strong> desde el 5 de julio y hasta el 6 de agosto. Para m\u00e1s informaci\u00f3n consulta el <a href=\"https:\/\/www.cinetecanacional.net\/micrositios\/foro39\/\" target=\"_blank\" rel=\"noopener noreferrer\">micrositio oficial<\/a>.<\/p>\n<p style=\"text-align: right;\">Con im\u00e1genes cortes\u00eda de <strong>Cineteca Nacional<\/strong>.<\/p>\n<p>&nbsp;<\/p>\n<p>&nbsp;<\/p>\n","protected":false},"excerpt":{"rendered":"<p>En el marco del #39Foro Internacional de Cine, toca revisar ahora una pel\u00edcula latinoamericana. La directora y guionista es la realizadora chilena Dominga Sotomayor, quien con mucho cuidado y paciencia, nos regala un retrato no solo de la juventud de sus protagonistas, sino tambi\u00e9n de la Chile de los a\u00f1os 90 a tan solo meses de aquel c\u00e9lebre plebiscito que sac\u00f3 al dictador Augusto Pinochet del poder. <\/p>\n","protected":false},"author":2,"featured_media":84151,"comment_status":"open","ping_status":"open","sticky":false,"template":"","format":"standard","meta":{"footnotes":""},"categories":[24,1,17],"tags":[],"class_list":["post-84157","post","type-post","status-publish","format-standard","has-post-thumbnail","hentry","category-cine","category-cultura","category-principal"],"yoast_head":"<!-- This site is optimized with the Yoast SEO plugin v24.7 - https:\/\/yoast.com\/wordpress\/plugins\/seo\/ -->\n<title>#39Foro: &quot;Tarde para morir joven&quot; &#171; Reconoce MX<\/title>\n<meta name=\"robots\" content=\"index, follow, max-snippet:-1, max-image-preview:large, max-video-preview:-1\" \/>\n<link rel=\"canonical\" href=\"http:\/\/www.reconoce.mx\/?p=84157\" \/>\n<meta property=\"og:locale\" content=\"es_ES\" \/>\n<meta property=\"og:type\" content=\"article\" \/>\n<meta property=\"og:title\" content=\"#39Foro: &quot;Tarde para morir joven&quot; &#171; Reconoce MX\" \/>\n<meta property=\"og:description\" content=\"En el marco del #39Foro Internacional de Cine, toca revisar ahora una pel\u00edcula latinoamericana. La directora y guionista es la realizadora chilena Dominga Sotomayor, quien con mucho cuidado y paciencia, nos regala un retrato no solo de la juventud de sus protagonistas, sino tambi\u00e9n de la Chile de los a\u00f1os 90 a tan solo meses de aquel c\u00e9lebre plebiscito que sac\u00f3 al dictador Augusto Pinochet del poder.\" \/>\n<meta property=\"og:url\" content=\"http:\/\/www.reconoce.mx\/?p=84157\" \/>\n<meta property=\"og:site_name\" content=\"Reconoce MX\" \/>\n<meta property=\"article:publisher\" content=\"https:\/\/es-la.facebook.com\/ReconoceMX\/\" \/>\n<meta property=\"article:published_time\" content=\"2019-07-03T05:03:11+00:00\" \/>\n<meta property=\"article:modified_time\" content=\"2019-07-04T22:50:16+00:00\" \/>\n<meta property=\"og:image\" content=\"http:\/\/www.reconoce.mx\/wp-content\/uploads\/2019\/07\/tarde-para-morir-joven-1.jpg\" \/>\n\t<meta property=\"og:image:width\" content=\"590\" \/>\n\t<meta property=\"og:image:height\" content=\"380\" \/>\n\t<meta property=\"og:image:type\" content=\"image\/jpeg\" \/>\n<meta name=\"author\" content=\"Reconoce MX\" \/>\n<meta name=\"twitter:card\" content=\"summary_large_image\" \/>\n<meta name=\"twitter:creator\" content=\"@reconocemx\" \/>\n<meta name=\"twitter:site\" content=\"@reconocemx\" \/>\n<meta name=\"twitter:label1\" content=\"Escrito por\" \/>\n\t<meta name=\"twitter:data1\" content=\"Reconoce MX\" \/>\n\t<meta name=\"twitter:label2\" content=\"Tiempo de lectura\" \/>\n\t<meta name=\"twitter:data2\" content=\"5 minutos\" \/>\n<script type=\"application\/ld+json\" class=\"yoast-schema-graph\">{\"@context\":\"https:\/\/schema.org\",\"@graph\":[{\"@type\":\"Article\",\"@id\":\"http:\/\/www.reconoce.mx\/?p=84157#article\",\"isPartOf\":{\"@id\":\"http:\/\/www.reconoce.mx\/?p=84157\"},\"author\":{\"name\":\"Reconoce MX\",\"@id\":\"http:\/\/www.reconoce.mx\/#\/schema\/person\/2117e997d7051dc15d6880eaf9bca0b2\"},\"headline\":\"#39Foro: \u00abTarde para morir joven\u00bb\",\"datePublished\":\"2019-07-03T05:03:11+00:00\",\"dateModified\":\"2019-07-04T22:50:16+00:00\",\"mainEntityOfPage\":{\"@id\":\"http:\/\/www.reconoce.mx\/?p=84157\"},\"wordCount\":929,\"commentCount\":0,\"publisher\":{\"@id\":\"http:\/\/www.reconoce.mx\/#organization\"},\"image\":{\"@id\":\"http:\/\/www.reconoce.mx\/?p=84157#primaryimage\"},\"thumbnailUrl\":\"https:\/\/www.reconoce.mx\/wp-content\/uploads\/2019\/07\/tarde-para-morir-joven-1.jpg\",\"articleSection\":[\"Cine\",\"Cultura\",\"Principal\"],\"inLanguage\":\"es\",\"potentialAction\":[{\"@type\":\"CommentAction\",\"name\":\"Comment\",\"target\":[\"http:\/\/www.reconoce.mx\/?p=84157#respond\"]}]},{\"@type\":\"WebPage\",\"@id\":\"http:\/\/www.reconoce.mx\/?p=84157\",\"url\":\"http:\/\/www.reconoce.mx\/?p=84157\",\"name\":\"#39Foro: \\\"Tarde para morir joven\\\" &#171; Reconoce MX\",\"isPartOf\":{\"@id\":\"http:\/\/www.reconoce.mx\/#website\"},\"primaryImageOfPage\":{\"@id\":\"http:\/\/www.reconoce.mx\/?p=84157#primaryimage\"},\"image\":{\"@id\":\"http:\/\/www.reconoce.mx\/?p=84157#primaryimage\"},\"thumbnailUrl\":\"https:\/\/www.reconoce.mx\/wp-content\/uploads\/2019\/07\/tarde-para-morir-joven-1.jpg\",\"datePublished\":\"2019-07-03T05:03:11+00:00\",\"dateModified\":\"2019-07-04T22:50:16+00:00\",\"breadcrumb\":{\"@id\":\"http:\/\/www.reconoce.mx\/?p=84157#breadcrumb\"},\"inLanguage\":\"es\",\"potentialAction\":[{\"@type\":\"ReadAction\",\"target\":[\"http:\/\/www.reconoce.mx\/?p=84157\"]}]},{\"@type\":\"ImageObject\",\"inLanguage\":\"es\",\"@id\":\"http:\/\/www.reconoce.mx\/?p=84157#primaryimage\",\"url\":\"https:\/\/www.reconoce.mx\/wp-content\/uploads\/2019\/07\/tarde-para-morir-joven-1.jpg\",\"contentUrl\":\"https:\/\/www.reconoce.mx\/wp-content\/uploads\/2019\/07\/tarde-para-morir-joven-1.jpg\",\"width\":590,\"height\":380},{\"@type\":\"BreadcrumbList\",\"@id\":\"http:\/\/www.reconoce.mx\/?p=84157#breadcrumb\",\"itemListElement\":[{\"@type\":\"ListItem\",\"position\":1,\"name\":\"Portada\",\"item\":\"http:\/\/www.reconoce.mx\/\"},{\"@type\":\"ListItem\",\"position\":2,\"name\":\"#39Foro: \u00abTarde para morir joven\u00bb\"}]},{\"@type\":\"WebSite\",\"@id\":\"http:\/\/www.reconoce.mx\/#website\",\"url\":\"http:\/\/www.reconoce.mx\/\",\"name\":\"Reconoce MX\",\"description\":\"En Reconoce MX difundimos arte, cultura y conciencia social en M\u00e9xico. Tu ciudad en otra perspectiva.\",\"publisher\":{\"@id\":\"http:\/\/www.reconoce.mx\/#organization\"},\"potentialAction\":[{\"@type\":\"SearchAction\",\"target\":{\"@type\":\"EntryPoint\",\"urlTemplate\":\"http:\/\/www.reconoce.mx\/?s={search_term_string}\"},\"query-input\":{\"@type\":\"PropertyValueSpecification\",\"valueRequired\":true,\"valueName\":\"search_term_string\"}}],\"inLanguage\":\"es\"},{\"@type\":\"Organization\",\"@id\":\"http:\/\/www.reconoce.mx\/#organization\",\"name\":\"Reconoce MX\",\"url\":\"http:\/\/www.reconoce.mx\/\",\"logo\":{\"@type\":\"ImageObject\",\"inLanguage\":\"es\",\"@id\":\"http:\/\/www.reconoce.mx\/#\/schema\/logo\/image\/\",\"url\":\"https:\/\/www.reconoce.mx\/wp-content\/uploads\/2019\/03\/logorcmx-good-1.png\",\"contentUrl\":\"https:\/\/www.reconoce.mx\/wp-content\/uploads\/2019\/03\/logorcmx-good-1.png\",\"width\":280,\"height\":90,\"caption\":\"Reconoce MX\"},\"image\":{\"@id\":\"http:\/\/www.reconoce.mx\/#\/schema\/logo\/image\/\"},\"sameAs\":[\"https:\/\/es-la.facebook.com\/ReconoceMX\/\",\"https:\/\/x.com\/reconocemx\",\"http:\/\/@reconocemx\"]},{\"@type\":\"Person\",\"@id\":\"http:\/\/www.reconoce.mx\/#\/schema\/person\/2117e997d7051dc15d6880eaf9bca0b2\",\"name\":\"Reconoce MX\",\"image\":{\"@type\":\"ImageObject\",\"inLanguage\":\"es\",\"@id\":\"http:\/\/www.reconoce.mx\/#\/schema\/person\/image\/\",\"url\":\"https:\/\/secure.gravatar.com\/avatar\/6c8d4dc7569ca1c90c5fdcc349f839d5ddef6fe1e70b4337ead2ef1a4c43fc3a?s=96&d=identicon&r=g\",\"contentUrl\":\"https:\/\/secure.gravatar.com\/avatar\/6c8d4dc7569ca1c90c5fdcc349f839d5ddef6fe1e70b4337ead2ef1a4c43fc3a?s=96&d=identicon&r=g\",\"caption\":\"Reconoce MX\"},\"description\":\"Reconoce MX es un proyecto de difusi\u00f3n art\u00edstica, cultural y de conciencia social que est\u00e1 enfocado a difundir y fomentar el entretenimiento alternativo de calidad para todo el p\u00fablico que comparta el mismo entusiasmo.\",\"sameAs\":[\"http:\/\/www.reconoce.mx\"],\"url\":\"https:\/\/www.reconoce.mx\/?author=2\"}]}<\/script>\n<!-- \/ Yoast SEO plugin. -->","yoast_head_json":{"title":"#39Foro: \"Tarde para morir joven\" &#171; Reconoce MX","robots":{"index":"index","follow":"follow","max-snippet":"max-snippet:-1","max-image-preview":"max-image-preview:large","max-video-preview":"max-video-preview:-1"},"canonical":"http:\/\/www.reconoce.mx\/?p=84157","og_locale":"es_ES","og_type":"article","og_title":"#39Foro: \"Tarde para morir joven\" &#171; Reconoce MX","og_description":"En el marco del #39Foro Internacional de Cine, toca revisar ahora una pel\u00edcula latinoamericana. La directora y guionista es la realizadora chilena Dominga Sotomayor, quien con mucho cuidado y paciencia, nos regala un retrato no solo de la juventud de sus protagonistas, sino tambi\u00e9n de la Chile de los a\u00f1os 90 a tan solo meses de aquel c\u00e9lebre plebiscito que sac\u00f3 al dictador Augusto Pinochet del poder.","og_url":"http:\/\/www.reconoce.mx\/?p=84157","og_site_name":"Reconoce MX","article_publisher":"https:\/\/es-la.facebook.com\/ReconoceMX\/","article_published_time":"2019-07-03T05:03:11+00:00","article_modified_time":"2019-07-04T22:50:16+00:00","og_image":[{"width":590,"height":380,"url":"http:\/\/www.reconoce.mx\/wp-content\/uploads\/2019\/07\/tarde-para-morir-joven-1.jpg","type":"image\/jpeg"}],"author":"Reconoce MX","twitter_card":"summary_large_image","twitter_creator":"@reconocemx","twitter_site":"@reconocemx","twitter_misc":{"Escrito por":"Reconoce MX","Tiempo de lectura":"5 minutos"},"schema":{"@context":"https:\/\/schema.org","@graph":[{"@type":"Article","@id":"http:\/\/www.reconoce.mx\/?p=84157#article","isPartOf":{"@id":"http:\/\/www.reconoce.mx\/?p=84157"},"author":{"name":"Reconoce MX","@id":"http:\/\/www.reconoce.mx\/#\/schema\/person\/2117e997d7051dc15d6880eaf9bca0b2"},"headline":"#39Foro: \u00abTarde para morir joven\u00bb","datePublished":"2019-07-03T05:03:11+00:00","dateModified":"2019-07-04T22:50:16+00:00","mainEntityOfPage":{"@id":"http:\/\/www.reconoce.mx\/?p=84157"},"wordCount":929,"commentCount":0,"publisher":{"@id":"http:\/\/www.reconoce.mx\/#organization"},"image":{"@id":"http:\/\/www.reconoce.mx\/?p=84157#primaryimage"},"thumbnailUrl":"https:\/\/www.reconoce.mx\/wp-content\/uploads\/2019\/07\/tarde-para-morir-joven-1.jpg","articleSection":["Cine","Cultura","Principal"],"inLanguage":"es","potentialAction":[{"@type":"CommentAction","name":"Comment","target":["http:\/\/www.reconoce.mx\/?p=84157#respond"]}]},{"@type":"WebPage","@id":"http:\/\/www.reconoce.mx\/?p=84157","url":"http:\/\/www.reconoce.mx\/?p=84157","name":"#39Foro: \"Tarde para morir joven\" &#171; Reconoce MX","isPartOf":{"@id":"http:\/\/www.reconoce.mx\/#website"},"primaryImageOfPage":{"@id":"http:\/\/www.reconoce.mx\/?p=84157#primaryimage"},"image":{"@id":"http:\/\/www.reconoce.mx\/?p=84157#primaryimage"},"thumbnailUrl":"https:\/\/www.reconoce.mx\/wp-content\/uploads\/2019\/07\/tarde-para-morir-joven-1.jpg","datePublished":"2019-07-03T05:03:11+00:00","dateModified":"2019-07-04T22:50:16+00:00","breadcrumb":{"@id":"http:\/\/www.reconoce.mx\/?p=84157#breadcrumb"},"inLanguage":"es","potentialAction":[{"@type":"ReadAction","target":["http:\/\/www.reconoce.mx\/?p=84157"]}]},{"@type":"ImageObject","inLanguage":"es","@id":"http:\/\/www.reconoce.mx\/?p=84157#primaryimage","url":"https:\/\/www.reconoce.mx\/wp-content\/uploads\/2019\/07\/tarde-para-morir-joven-1.jpg","contentUrl":"https:\/\/www.reconoce.mx\/wp-content\/uploads\/2019\/07\/tarde-para-morir-joven-1.jpg","width":590,"height":380},{"@type":"BreadcrumbList","@id":"http:\/\/www.reconoce.mx\/?p=84157#breadcrumb","itemListElement":[{"@type":"ListItem","position":1,"name":"Portada","item":"http:\/\/www.reconoce.mx\/"},{"@type":"ListItem","position":2,"name":"#39Foro: \u00abTarde para morir joven\u00bb"}]},{"@type":"WebSite","@id":"http:\/\/www.reconoce.mx\/#website","url":"http:\/\/www.reconoce.mx\/","name":"Reconoce MX","description":"En Reconoce MX difundimos arte, cultura y conciencia social en M\u00e9xico. Tu ciudad en otra perspectiva.","publisher":{"@id":"http:\/\/www.reconoce.mx\/#organization"},"potentialAction":[{"@type":"SearchAction","target":{"@type":"EntryPoint","urlTemplate":"http:\/\/www.reconoce.mx\/?s={search_term_string}"},"query-input":{"@type":"PropertyValueSpecification","valueRequired":true,"valueName":"search_term_string"}}],"inLanguage":"es"},{"@type":"Organization","@id":"http:\/\/www.reconoce.mx\/#organization","name":"Reconoce MX","url":"http:\/\/www.reconoce.mx\/","logo":{"@type":"ImageObject","inLanguage":"es","@id":"http:\/\/www.reconoce.mx\/#\/schema\/logo\/image\/","url":"https:\/\/www.reconoce.mx\/wp-content\/uploads\/2019\/03\/logorcmx-good-1.png","contentUrl":"https:\/\/www.reconoce.mx\/wp-content\/uploads\/2019\/03\/logorcmx-good-1.png","width":280,"height":90,"caption":"Reconoce MX"},"image":{"@id":"http:\/\/www.reconoce.mx\/#\/schema\/logo\/image\/"},"sameAs":["https:\/\/es-la.facebook.com\/ReconoceMX\/","https:\/\/x.com\/reconocemx","http:\/\/@reconocemx"]},{"@type":"Person","@id":"http:\/\/www.reconoce.mx\/#\/schema\/person\/2117e997d7051dc15d6880eaf9bca0b2","name":"Reconoce MX","image":{"@type":"ImageObject","inLanguage":"es","@id":"http:\/\/www.reconoce.mx\/#\/schema\/person\/image\/","url":"https:\/\/secure.gravatar.com\/avatar\/6c8d4dc7569ca1c90c5fdcc349f839d5ddef6fe1e70b4337ead2ef1a4c43fc3a?s=96&d=identicon&r=g","contentUrl":"https:\/\/secure.gravatar.com\/avatar\/6c8d4dc7569ca1c90c5fdcc349f839d5ddef6fe1e70b4337ead2ef1a4c43fc3a?s=96&d=identicon&r=g","caption":"Reconoce MX"},"description":"Reconoce MX es un proyecto de difusi\u00f3n art\u00edstica, cultural y de conciencia social que est\u00e1 enfocado a difundir y fomentar el entretenimiento alternativo de calidad para todo el p\u00fablico que comparta el mismo entusiasmo.","sameAs":["http:\/\/www.reconoce.mx"],"url":"https:\/\/www.reconoce.mx\/?author=2"}]}},"_links":{"self":[{"href":"https:\/\/www.reconoce.mx\/index.php?rest_route=\/wp\/v2\/posts\/84157","targetHints":{"allow":["GET"]}}],"collection":[{"href":"https:\/\/www.reconoce.mx\/index.php?rest_route=\/wp\/v2\/posts"}],"about":[{"href":"https:\/\/www.reconoce.mx\/index.php?rest_route=\/wp\/v2\/types\/post"}],"author":[{"embeddable":true,"href":"https:\/\/www.reconoce.mx\/index.php?rest_route=\/wp\/v2\/users\/2"}],"replies":[{"embeddable":true,"href":"https:\/\/www.reconoce.mx\/index.php?rest_route=%2Fwp%2Fv2%2Fcomments&post=84157"}],"version-history":[{"count":6,"href":"https:\/\/www.reconoce.mx\/index.php?rest_route=\/wp\/v2\/posts\/84157\/revisions"}],"predecessor-version":[{"id":84164,"href":"https:\/\/www.reconoce.mx\/index.php?rest_route=\/wp\/v2\/posts\/84157\/revisions\/84164"}],"wp:featuredmedia":[{"embeddable":true,"href":"https:\/\/www.reconoce.mx\/index.php?rest_route=\/wp\/v2\/media\/84151"}],"wp:attachment":[{"href":"https:\/\/www.reconoce.mx\/index.php?rest_route=%2Fwp%2Fv2%2Fmedia&parent=84157"}],"wp:term":[{"taxonomy":"category","embeddable":true,"href":"https:\/\/www.reconoce.mx\/index.php?rest_route=%2Fwp%2Fv2%2Fcategories&post=84157"},{"taxonomy":"post_tag","embeddable":true,"href":"https:\/\/www.reconoce.mx\/index.php?rest_route=%2Fwp%2Fv2%2Ftags&post=84157"}],"curies":[{"name":"wp","href":"https:\/\/api.w.org\/{rel}","templated":true}]}}